{"id":23071,"date":"2017-02-24T08:16:01","date_gmt":"2017-02-24T08:16:01","guid":{"rendered":"http:\/\/raed.academy\/?p=23071"},"modified":"2017-08-23T10:49:13","modified_gmt":"2017-08-23T10:49:13","slug":"laureano-lopez-believes-that-thoracic-ct-should-become-a-reference-test-in-patients-at-risk-of-lung-cancer","status":"publish","type":"post","link":"https:\/\/raed.academy\/en\/laureano-lopez-believes-that-thoracic-ct-should-become-a-reference-test-in-patients-at-risk-of-lung-cancer\/","title":{"rendered":"Laureano Molins believes that thoracic CT should become a reference test in patients at risk of lung cancer"},"content":{"rendered":"<p><a href=\"http:\/\/raed.academy\/en\/academicians\/dr-laureano-molins-lopez-rodo\/\" target=\"_blank\" rel=\"noopener noreferrer\"><strong><a href=\"http:\/\/raed.academy\/wp-content\/uploads\/2017\/02\/LaureanoMolins01.jpg\"><img loading=\"lazy\" decoding=\"async\" class=\"size-medium wp-image-23096 alignleft\" src=\"http:\/\/raed.academy\/wp-content\/uploads\/2017\/02\/LaureanoMolins01-300x200.jpg\" alt=\"\" width=\"300\" height=\"200\" srcset=\"https:\/\/raed.academy\/wp-content\/uploads\/2017\/02\/LaureanoMolins01-300x200.jpg 300w, https:\/\/raed.academy\/wp-content\/uploads\/2017\/02\/LaureanoMolins01-768x512.jpg 768w, https:\/\/raed.academy\/wp-content\/uploads\/2017\/02\/LaureanoMolins01.jpg 800w\" sizes=\"(max-width: 300px) 100vw, 300px\" \/><\/a>Laureano Molins L\u00f3pez-Rod\u00f3<\/strong><\/a>, doctor in Medicine and Surgery and head of Thoracic Surgery at <a href=\"http:\/\/www.hospitalclinic.org\" target=\"_blank\" rel=\"noopener noreferrer\"><strong>Hospital Cl\u00ednic<\/strong><\/a> in Barcelona, \u200b\u200bsays that the systematic control of patients at risk and chest CT as a reference test has become the best measure of prevention and early detection of lung cancer.<\/p>\n<p><a href=\"http:\/\/raed.academy\/wp-content\/uploads\/2017\/02\/LaureanoMolins02.jpg\"><img loading=\"lazy\" decoding=\"async\" class=\"size-medium wp-image-23098 alignright\" src=\"http:\/\/raed.academy\/wp-content\/uploads\/2017\/02\/LaureanoMolins02-300x200.jpg\" alt=\"\" width=\"300\" height=\"200\" srcset=\"https:\/\/raed.academy\/wp-content\/uploads\/2017\/02\/LaureanoMolins02-300x200.jpg 300w, https:\/\/raed.academy\/wp-content\/uploads\/2017\/02\/LaureanoMolins02-768x512.jpg 768w, https:\/\/raed.academy\/wp-content\/uploads\/2017\/02\/LaureanoMolins02.jpg 800w\" sizes=\"(max-width: 300px) 100vw, 300px\" \/><\/a>&#8220;Until the year 2000, chest X-ray studies were carried out in patients at risk, smokers between 50 and 75 years of age, and it was not effective. The chest CT scan has been able to locate these lung nodules that may be malignant. Now it would be to perform the TAC on patients at risk, as are mammograms or other tests in a systematic way&#8221;.<\/p>\n<p>Molins has made these reflections during his admission as full academician of the Royal European Academy of Doctors-Barcelona 1914 (RAED), in a ceremony that was held in Barcelona this thursday, February 23. The recipient has read the inaugural speech\u00a0<strong>&#8220;<a href=\"http:\/\/raed.academy\/wp-content\/uploads\/2017\/02\/Diagn%C3%B3stico-precoz-del-C%C3%A1ncer-de-Pulm%C3%B3n-El-Cribado-una-herramienta-para-avanzar-en-su-curaci%C3%B3n.pdf\" target=\"_blank\" rel=\"noopener\">Diagn\u00f3stico precoz del c\u00e1ncer de pulm\u00f3n: el cribado, una herramienta para avanzar en su curaci\u00f3n<\/a>&#8221;\u00a0<\/strong>(Early diagnosis of lung cancer: screening, a tool to advance its healing). On behalf of the RAED has answered the full academician <a href=\"http:\/\/raed.academy\/en\/academicians\/dr-pedro-claros-blanch\/\" target=\"_blank\" rel=\"noopener noreferrer\"><strong>Pedro Clar\u00f3s<\/strong><\/a>.<\/p>\n","protected":false},"excerpt":{"rendered":"<p>Laureano Molins L\u00f3pez-Rod\u00f3, doctor in Medicine and Surgery and head of Thoracic Surgery at Hospital Cl\u00ednic in Barcelona, \u200b\u200bsays that the systematic control of patients at risk and chest CT as a reference test has become the best measure of prevention and early detection of lung cancer. &#8220;Until the year 2000, chest X-ray studies were [&hellip;]<\/p>\n","protected":false},"author":12,"featured_media":23100,"comment_status":"closed","ping_status":"closed","sticky":false,"template":"","format":"standard","meta":{"_et_pb_use_builder":"","_et_pb_old_content":"","_et_gb_content_width":"","footnotes":""},"categories":[144],"tags":[476],"class_list":["post-23071","post","type-post","status-publish","format-standard","has-post-thumbnail","hentry","category-acts-admission-academicians","tag-academicians-income","et-has-post-format-content","et_post_format-et-post-format-standard"],"yoast_head":"<!-- This site is optimized with the Yoast SEO plugin v27.4 - https:\/\/yoast.com\/product\/yoast-seo-wordpress\/ -->\n<title>Thoracic CT: a reference test in patients at risk of lung cancer | Royal European Academy of Doctors<\/title>\n<meta name=\"description\" content=\"Laureano Molins,doctor in Medicine and Surgery, believes that thoracic CT should become a reference test in patients at risk of lung cancer.\" \/>\n<meta name=\"robots\" content=\"index, follow, max-snippet:-1, max-image-preview:large, max-video-preview:-1\" \/>\n<link rel=\"canonical\" href=\"https:\/\/raed.academy\/en\/laureano-lopez-believes-that-thoracic-ct-should-become-a-reference-test-in-patients-at-risk-of-lung-cancer\/\" \/>\n<meta property=\"og:locale\" content=\"en_US\" \/>\n<meta property=\"og:type\" content=\"article\" \/>\n<meta property=\"og:title\" content=\"Thoracic CT: a reference test in patients at risk of lung cancer | Royal European Academy of Doctors\" \/>\n<meta property=\"og:description\" content=\"Laureano Molins,doctor in Medicine and Surgery, believes that thoracic CT should become a reference test in patients at risk of lung cancer.\" \/>\n<meta property=\"og:url\" content=\"https:\/\/raed.academy\/en\/laureano-lopez-believes-that-thoracic-ct-should-become-a-reference-test-in-patients-at-risk-of-lung-cancer\/\" \/>\n<meta property=\"og:site_name\" content=\"Royal European Academy of Doctors\" \/>\n<meta property=\"article:publisher\" content=\"http:\/\/fb.me\/raed.academy\" \/>\n<meta property=\"article:published_time\" content=\"2017-02-24T08:16:01+00:00\" \/>\n<meta property=\"article:modified_time\" content=\"2017-08-23T10:49:13+00:00\" \/>\n<meta property=\"og:image\" content=\"https:\/\/raed.academy\/wp-content\/uploads\/2017\/02\/LaureanoMolins03.jpg\" \/>\n\t<meta property=\"og:image:width\" content=\"800\" \/>\n\t<meta property=\"og:image:height\" content=\"533\" \/>\n\t<meta property=\"og:image:type\" content=\"image\/jpeg\" \/>\n<meta name=\"author\" content=\"RAED\" \/>\n<meta name=\"twitter:card\" content=\"summary_large_image\" \/>\n<meta name=\"twitter:creator\" content=\"@raedacademy\" \/>\n<meta name=\"twitter:site\" content=\"@raedacademy\" \/>\n<meta name=\"twitter:label1\" content=\"Written by\" \/>\n\t<meta name=\"twitter:data1\" content=\"RAED\" \/>\n\t<meta name=\"twitter:label2\" content=\"Est. reading time\" \/>\n\t<meta name=\"twitter:data2\" content=\"1 minute\" \/>\n<script type=\"application\/ld+json\" class=\"yoast-schema-graph\">{\"@context\":\"https:\\\/\\\/schema.org\",\"@graph\":[{\"@type\":\"Article\",\"@id\":\"https:\\\/\\\/raed.academy\\\/en\\\/laureano-lopez-believes-that-thoracic-ct-should-become-a-reference-test-in-patients-at-risk-of-lung-cancer\\\/#article\",\"isPartOf\":{\"@id\":\"https:\\\/\\\/raed.academy\\\/en\\\/laureano-lopez-believes-that-thoracic-ct-should-become-a-reference-test-in-patients-at-risk-of-lung-cancer\\\/\"},\"author\":{\"name\":\"RAED\",\"@id\":\"https:\\\/\\\/raed.academy\\\/en\\\/#\\\/schema\\\/person\\\/5a755da80d1d979fd66ba745c8702927\"},\"headline\":\"Laureano Molins believes that thoracic CT should become a reference test in patients at risk of lung cancer\",\"datePublished\":\"2017-02-24T08:16:01+00:00\",\"dateModified\":\"2017-08-23T10:49:13+00:00\",\"mainEntityOfPage\":{\"@id\":\"https:\\\/\\\/raed.academy\\\/en\\\/laureano-lopez-believes-that-thoracic-ct-should-become-a-reference-test-in-patients-at-risk-of-lung-cancer\\\/\"},\"wordCount\":210,\"publisher\":{\"@id\":\"https:\\\/\\\/raed.academy\\\/en\\\/#organization\"},\"image\":{\"@id\":\"https:\\\/\\\/raed.academy\\\/en\\\/laureano-lopez-believes-that-thoracic-ct-should-become-a-reference-test-in-patients-at-risk-of-lung-cancer\\\/#primaryimage\"},\"thumbnailUrl\":\"https:\\\/\\\/raed.academy\\\/wp-content\\\/uploads\\\/2017\\\/02\\\/LaureanoMolins03.jpg\",\"keywords\":[\"academicians income\"],\"articleSection\":[\"Acts of admission as academicians\"],\"inLanguage\":\"en-US\"},{\"@type\":\"WebPage\",\"@id\":\"https:\\\/\\\/raed.academy\\\/en\\\/laureano-lopez-believes-that-thoracic-ct-should-become-a-reference-test-in-patients-at-risk-of-lung-cancer\\\/\",\"url\":\"https:\\\/\\\/raed.academy\\\/en\\\/laureano-lopez-believes-that-thoracic-ct-should-become-a-reference-test-in-patients-at-risk-of-lung-cancer\\\/\",\"name\":\"Thoracic CT: a reference test in patients at risk of lung cancer | Royal European Academy of Doctors\",\"isPartOf\":{\"@id\":\"https:\\\/\\\/raed.academy\\\/en\\\/#website\"},\"primaryImageOfPage\":{\"@id\":\"https:\\\/\\\/raed.academy\\\/en\\\/laureano-lopez-believes-that-thoracic-ct-should-become-a-reference-test-in-patients-at-risk-of-lung-cancer\\\/#primaryimage\"},\"image\":{\"@id\":\"https:\\\/\\\/raed.academy\\\/en\\\/laureano-lopez-believes-that-thoracic-ct-should-become-a-reference-test-in-patients-at-risk-of-lung-cancer\\\/#primaryimage\"},\"thumbnailUrl\":\"https:\\\/\\\/raed.academy\\\/wp-content\\\/uploads\\\/2017\\\/02\\\/LaureanoMolins03.jpg\",\"datePublished\":\"2017-02-24T08:16:01+00:00\",\"dateModified\":\"2017-08-23T10:49:13+00:00\",\"description\":\"Laureano Molins,doctor in Medicine and Surgery, believes that thoracic CT should become a reference test in patients at risk of lung cancer.\",\"breadcrumb\":{\"@id\":\"https:\\\/\\\/raed.academy\\\/en\\\/laureano-lopez-believes-that-thoracic-ct-should-become-a-reference-test-in-patients-at-risk-of-lung-cancer\\\/#breadcrumb\"},\"inLanguage\":\"en-US\",\"potentialAction\":[{\"@type\":\"ReadAction\",\"target\":[\"https:\\\/\\\/raed.academy\\\/en\\\/laureano-lopez-believes-that-thoracic-ct-should-become-a-reference-test-in-patients-at-risk-of-lung-cancer\\\/\"]}]},{\"@type\":\"ImageObject\",\"inLanguage\":\"en-US\",\"@id\":\"https:\\\/\\\/raed.academy\\\/en\\\/laureano-lopez-believes-that-thoracic-ct-should-become-a-reference-test-in-patients-at-risk-of-lung-cancer\\\/#primaryimage\",\"url\":\"https:\\\/\\\/raed.academy\\\/wp-content\\\/uploads\\\/2017\\\/02\\\/LaureanoMolins03.jpg\",\"contentUrl\":\"https:\\\/\\\/raed.academy\\\/wp-content\\\/uploads\\\/2017\\\/02\\\/LaureanoMolins03.jpg\",\"width\":800,\"height\":533,\"caption\":\"Acto de Ingreso Dr. Laureano Molins\"},{\"@type\":\"BreadcrumbList\",\"@id\":\"https:\\\/\\\/raed.academy\\\/en\\\/laureano-lopez-believes-that-thoracic-ct-should-become-a-reference-test-in-patients-at-risk-of-lung-cancer\\\/#breadcrumb\",\"itemListElement\":[{\"@type\":\"ListItem\",\"position\":1,\"name\":\"Inicio\",\"item\":\"https:\\\/\\\/raed.academy\\\/en\\\/\"},{\"@type\":\"ListItem\",\"position\":2,\"name\":\"Laureano Molins believes that thoracic CT should become a reference test in patients at risk of lung cancer\"}]},{\"@type\":\"WebSite\",\"@id\":\"https:\\\/\\\/raed.academy\\\/en\\\/#website\",\"url\":\"https:\\\/\\\/raed.academy\\\/en\\\/\",\"name\":\"Royal European Academy of Doctors\",\"description\":\"Corporaci\u00f3n de derecho p\u00fablico de car\u00e1cter cient\u00edfico, t\u00e9cnico y art\u00edstico, que tiene por objeto la investigaci\u00f3n, el estudio, el fomento y la extensi\u00f3n del conocimiento en su sentido m\u00e1s amplio.\",\"publisher\":{\"@id\":\"https:\\\/\\\/raed.academy\\\/en\\\/#organization\"},\"potentialAction\":[{\"@type\":\"SearchAction\",\"target\":{\"@type\":\"EntryPoint\",\"urlTemplate\":\"https:\\\/\\\/raed.academy\\\/en\\\/?s={search_term_string}\"},\"query-input\":{\"@type\":\"PropertyValueSpecification\",\"valueRequired\":true,\"valueName\":\"search_term_string\"}}],\"inLanguage\":\"en-US\"},{\"@type\":\"Organization\",\"@id\":\"https:\\\/\\\/raed.academy\\\/en\\\/#organization\",\"name\":\"Real Academia Europea de Doctores\",\"url\":\"https:\\\/\\\/raed.academy\\\/en\\\/\",\"logo\":{\"@type\":\"ImageObject\",\"inLanguage\":\"en-US\",\"@id\":\"https:\\\/\\\/raed.academy\\\/en\\\/#\\\/schema\\\/logo\\\/image\\\/\",\"url\":\"https:\\\/\\\/raed.academy\\\/wp-content\\\/uploads\\\/2017\\\/01\\\/cropped-logo_raed.png\",\"contentUrl\":\"https:\\\/\\\/raed.academy\\\/wp-content\\\/uploads\\\/2017\\\/01\\\/cropped-logo_raed.png\",\"width\":512,\"height\":512,\"caption\":\"Real Academia Europea de Doctores\"},\"image\":{\"@id\":\"https:\\\/\\\/raed.academy\\\/en\\\/#\\\/schema\\\/logo\\\/image\\\/\"},\"sameAs\":[\"http:\\\/\\\/fb.me\\\/raed.academy\",\"https:\\\/\\\/x.com\\\/raedacademy\",\"https:\\\/\\\/www.instagram.com\\\/raed.academy\\\/\",\"https:\\\/\\\/www.youtube.com\\\/channel\\\/UCUYQwW2KrdirNWihxMDObwg\"]},{\"@type\":\"Person\",\"@id\":\"https:\\\/\\\/raed.academy\\\/en\\\/#\\\/schema\\\/person\\\/5a755da80d1d979fd66ba745c8702927\",\"name\":\"RAED\",\"image\":{\"@type\":\"ImageObject\",\"inLanguage\":\"en-US\",\"@id\":\"https:\\\/\\\/secure.gravatar.com\\\/avatar\\\/19fdfdc0d67fb9c45714b703a2ac82251c4fcea3637f002ac3c9b74c0183583c?s=96&d=mm&r=g\",\"url\":\"https:\\\/\\\/secure.gravatar.com\\\/avatar\\\/19fdfdc0d67fb9c45714b703a2ac82251c4fcea3637f002ac3c9b74c0183583c?s=96&d=mm&r=g\",\"contentUrl\":\"https:\\\/\\\/secure.gravatar.com\\\/avatar\\\/19fdfdc0d67fb9c45714b703a2ac82251c4fcea3637f002ac3c9b74c0183583c?s=96&d=mm&r=g\",\"caption\":\"RAED\"}}]}<\/script>\n<!-- \/ Yoast SEO plugin. -->","yoast_head_json":{"title":"Thoracic CT: a reference test in patients at risk of lung cancer | Royal European Academy of Doctors","description":"Laureano Molins,doctor in Medicine and Surgery, believes that thoracic CT should become a reference test in patients at risk of lung cancer.","robots":{"index":"index","follow":"follow","max-snippet":"max-snippet:-1","max-image-preview":"max-image-preview:large","max-video-preview":"max-video-preview:-1"},"canonical":"https:\/\/raed.academy\/en\/laureano-lopez-believes-that-thoracic-ct-should-become-a-reference-test-in-patients-at-risk-of-lung-cancer\/","og_locale":"en_US","og_type":"article","og_title":"Thoracic CT: a reference test in patients at risk of lung cancer | Royal European Academy of Doctors","og_description":"Laureano Molins,doctor in Medicine and Surgery, believes that thoracic CT should become a reference test in patients at risk of lung cancer.","og_url":"https:\/\/raed.academy\/en\/laureano-lopez-believes-that-thoracic-ct-should-become-a-reference-test-in-patients-at-risk-of-lung-cancer\/","og_site_name":"Royal European Academy of Doctors","article_publisher":"http:\/\/fb.me\/raed.academy","article_published_time":"2017-02-24T08:16:01+00:00","article_modified_time":"2017-08-23T10:49:13+00:00","og_image":[{"width":800,"height":533,"url":"https:\/\/raed.academy\/wp-content\/uploads\/2017\/02\/LaureanoMolins03.jpg","type":"image\/jpeg"}],"author":"RAED","twitter_card":"summary_large_image","twitter_creator":"@raedacademy","twitter_site":"@raedacademy","twitter_misc":{"Written by":"RAED","Est. reading time":"1 minute"},"schema":{"@context":"https:\/\/schema.org","@graph":[{"@type":"Article","@id":"https:\/\/raed.academy\/en\/laureano-lopez-believes-that-thoracic-ct-should-become-a-reference-test-in-patients-at-risk-of-lung-cancer\/#article","isPartOf":{"@id":"https:\/\/raed.academy\/en\/laureano-lopez-believes-that-thoracic-ct-should-become-a-reference-test-in-patients-at-risk-of-lung-cancer\/"},"author":{"name":"RAED","@id":"https:\/\/raed.academy\/en\/#\/schema\/person\/5a755da80d1d979fd66ba745c8702927"},"headline":"Laureano Molins believes that thoracic CT should become a reference test in patients at risk of lung cancer","datePublished":"2017-02-24T08:16:01+00:00","dateModified":"2017-08-23T10:49:13+00:00","mainEntityOfPage":{"@id":"https:\/\/raed.academy\/en\/laureano-lopez-believes-that-thoracic-ct-should-become-a-reference-test-in-patients-at-risk-of-lung-cancer\/"},"wordCount":210,"publisher":{"@id":"https:\/\/raed.academy\/en\/#organization"},"image":{"@id":"https:\/\/raed.academy\/en\/laureano-lopez-believes-that-thoracic-ct-should-become-a-reference-test-in-patients-at-risk-of-lung-cancer\/#primaryimage"},"thumbnailUrl":"https:\/\/raed.academy\/wp-content\/uploads\/2017\/02\/LaureanoMolins03.jpg","keywords":["academicians income"],"articleSection":["Acts of admission as academicians"],"inLanguage":"en-US"},{"@type":"WebPage","@id":"https:\/\/raed.academy\/en\/laureano-lopez-believes-that-thoracic-ct-should-become-a-reference-test-in-patients-at-risk-of-lung-cancer\/","url":"https:\/\/raed.academy\/en\/laureano-lopez-believes-that-thoracic-ct-should-become-a-reference-test-in-patients-at-risk-of-lung-cancer\/","name":"Thoracic CT: a reference test in patients at risk of lung cancer | Royal European Academy of Doctors","isPartOf":{"@id":"https:\/\/raed.academy\/en\/#website"},"primaryImageOfPage":{"@id":"https:\/\/raed.academy\/en\/laureano-lopez-believes-that-thoracic-ct-should-become-a-reference-test-in-patients-at-risk-of-lung-cancer\/#primaryimage"},"image":{"@id":"https:\/\/raed.academy\/en\/laureano-lopez-believes-that-thoracic-ct-should-become-a-reference-test-in-patients-at-risk-of-lung-cancer\/#primaryimage"},"thumbnailUrl":"https:\/\/raed.academy\/wp-content\/uploads\/2017\/02\/LaureanoMolins03.jpg","datePublished":"2017-02-24T08:16:01+00:00","dateModified":"2017-08-23T10:49:13+00:00","description":"Laureano Molins,doctor in Medicine and Surgery, believes that thoracic CT should become a reference test in patients at risk of lung cancer.","breadcrumb":{"@id":"https:\/\/raed.academy\/en\/laureano-lopez-believes-that-thoracic-ct-should-become-a-reference-test-in-patients-at-risk-of-lung-cancer\/#breadcrumb"},"inLanguage":"en-US","potentialAction":[{"@type":"ReadAction","target":["https:\/\/raed.academy\/en\/laureano-lopez-believes-that-thoracic-ct-should-become-a-reference-test-in-patients-at-risk-of-lung-cancer\/"]}]},{"@type":"ImageObject","inLanguage":"en-US","@id":"https:\/\/raed.academy\/en\/laureano-lopez-believes-that-thoracic-ct-should-become-a-reference-test-in-patients-at-risk-of-lung-cancer\/#primaryimage","url":"https:\/\/raed.academy\/wp-content\/uploads\/2017\/02\/LaureanoMolins03.jpg","contentUrl":"https:\/\/raed.academy\/wp-content\/uploads\/2017\/02\/LaureanoMolins03.jpg","width":800,"height":533,"caption":"Acto de Ingreso Dr. Laureano Molins"},{"@type":"BreadcrumbList","@id":"https:\/\/raed.academy\/en\/laureano-lopez-believes-that-thoracic-ct-should-become-a-reference-test-in-patients-at-risk-of-lung-cancer\/#breadcrumb","itemListElement":[{"@type":"ListItem","position":1,"name":"Inicio","item":"https:\/\/raed.academy\/en\/"},{"@type":"ListItem","position":2,"name":"Laureano Molins believes that thoracic CT should become a reference test in patients at risk of lung cancer"}]},{"@type":"WebSite","@id":"https:\/\/raed.academy\/en\/#website","url":"https:\/\/raed.academy\/en\/","name":"Royal European Academy of Doctors","description":"Corporaci\u00f3n de derecho p\u00fablico de car\u00e1cter cient\u00edfico, t\u00e9cnico y art\u00edstico, que tiene por objeto la investigaci\u00f3n, el estudio, el fomento y la extensi\u00f3n del conocimiento en su sentido m\u00e1s amplio.","publisher":{"@id":"https:\/\/raed.academy\/en\/#organization"},"potentialAction":[{"@type":"SearchAction","target":{"@type":"EntryPoint","urlTemplate":"https:\/\/raed.academy\/en\/?s={search_term_string}"},"query-input":{"@type":"PropertyValueSpecification","valueRequired":true,"valueName":"search_term_string"}}],"inLanguage":"en-US"},{"@type":"Organization","@id":"https:\/\/raed.academy\/en\/#organization","name":"Real Academia Europea de Doctores","url":"https:\/\/raed.academy\/en\/","logo":{"@type":"ImageObject","inLanguage":"en-US","@id":"https:\/\/raed.academy\/en\/#\/schema\/logo\/image\/","url":"https:\/\/raed.academy\/wp-content\/uploads\/2017\/01\/cropped-logo_raed.png","contentUrl":"https:\/\/raed.academy\/wp-content\/uploads\/2017\/01\/cropped-logo_raed.png","width":512,"height":512,"caption":"Real Academia Europea de Doctores"},"image":{"@id":"https:\/\/raed.academy\/en\/#\/schema\/logo\/image\/"},"sameAs":["http:\/\/fb.me\/raed.academy","https:\/\/x.com\/raedacademy","https:\/\/www.instagram.com\/raed.academy\/","https:\/\/www.youtube.com\/channel\/UCUYQwW2KrdirNWihxMDObwg"]},{"@type":"Person","@id":"https:\/\/raed.academy\/en\/#\/schema\/person\/5a755da80d1d979fd66ba745c8702927","name":"RAED","image":{"@type":"ImageObject","inLanguage":"en-US","@id":"https:\/\/secure.gravatar.com\/avatar\/19fdfdc0d67fb9c45714b703a2ac82251c4fcea3637f002ac3c9b74c0183583c?s=96&d=mm&r=g","url":"https:\/\/secure.gravatar.com\/avatar\/19fdfdc0d67fb9c45714b703a2ac82251c4fcea3637f002ac3c9b74c0183583c?s=96&d=mm&r=g","contentUrl":"https:\/\/secure.gravatar.com\/avatar\/19fdfdc0d67fb9c45714b703a2ac82251c4fcea3637f002ac3c9b74c0183583c?s=96&d=mm&r=g","caption":"RAED"}}]}},"_links":{"self":[{"href":"https:\/\/raed.academy\/en\/wp-json\/wp\/v2\/posts\/23071","targetHints":{"allow":["GET"]}}],"collection":[{"href":"https:\/\/raed.academy\/en\/wp-json\/wp\/v2\/posts"}],"about":[{"href":"https:\/\/raed.academy\/en\/wp-json\/wp\/v2\/types\/post"}],"author":[{"embeddable":true,"href":"https:\/\/raed.academy\/en\/wp-json\/wp\/v2\/users\/12"}],"replies":[{"embeddable":true,"href":"https:\/\/raed.academy\/en\/wp-json\/wp\/v2\/comments?post=23071"}],"version-history":[{"count":0,"href":"https:\/\/raed.academy\/en\/wp-json\/wp\/v2\/posts\/23071\/revisions"}],"wp:featuredmedia":[{"embeddable":true,"href":"https:\/\/raed.academy\/en\/wp-json\/wp\/v2\/media\/23100"}],"wp:attachment":[{"href":"https:\/\/raed.academy\/en\/wp-json\/wp\/v2\/media?parent=23071"}],"wp:term":[{"taxonomy":"category","embeddable":true,"href":"https:\/\/raed.academy\/en\/wp-json\/wp\/v2\/categories?post=23071"},{"taxonomy":"post_tag","embeddable":true,"href":"https:\/\/raed.academy\/en\/wp-json\/wp\/v2\/tags?post=23071"}],"curies":[{"name":"wp","href":"https:\/\/api.w.org\/{rel}","templated":true}]}}