{"id":2085,"date":"2015-07-20T11:47:01","date_gmt":"2015-07-20T11:47:01","guid":{"rendered":"http:\/\/radd.eu\/?p=2085"},"modified":"2017-05-23T16:38:10","modified_gmt":"2017-05-23T16:38:10","slug":"francisco-lopez-munoz-enters-as-academician-at-royal-academy-of-doctors","status":"publish","type":"post","link":"https:\/\/raed.academy\/en\/francisco-lopez-munoz-enters-as-academician-at-royal-academy-of-doctors\/","title":{"rendered":"Francisco L\u00f3pez Mu\u00f1oz enters as academician at Royal Academy of Doctors"},"content":{"rendered":"<hr \/>\n<h3><a href=\"https:\/\/raed.academy\/en\/academicians\/dr-francisco-lopez-munoz\/\"><strong>Francisco L\u00f3pez Mu\u00f1oz<\/strong><\/a><span title=\"Francisco L\u00f3pez Mu\u00f1oz pas\u00f3 ayer en su discurso de ingreso en la Real Academia de Doctores (RAD), &quot;Panacea encadenada: la farmacolog\u00eda alemana bajo el yugo de la esv\u00e1stica&quot;, la degradaci\u00f3n moral que vivieron los farmac\u00e9uticos, sanitarios y m\u00e9dicos alemanes bajo en nazismo\">, doctor in<span id=\"result_box\" class=\"\" lang=\"en\"><span class=\"hps\"> Medicine and<\/span> <span class=\"hps\">Surgery and<\/span> <span class=\"hps\">Spanish<\/span> <span class=\"hps\">Language and Literature<\/span> <span class=\"hps\">will enter<\/span> <span class=\"hps\">next<\/span> <span class=\"hps\">Thursday, July 23<\/span>, <span class=\"hps\">at the <strong>Royal<strong> <span class=\"hps\">Academy of Doctors<\/span><\/strong> <span class=\"hps\">(RAD<\/span>) in<span class=\"hps\"> a ceremony<\/span> <span class=\"hps\">to be held<\/span> <span class=\"hps\">at 19:30<\/span> <span class=\"hps\">in<\/span> <span class=\"hps\">the<\/span> <span class=\"hps\">Auditorium of<\/span> <strong><span class=\"hps\">Fomento<\/span> <span class=\"hps\">del Trabajo Nacional<\/span><\/strong> <span class=\"hps atn\">(<\/span>Via <span class=\"hps\">Laietana<\/span>, 32, <span class=\"hps\">principal.<\/span> <span class=\"hps\">Barcelona).<\/span> <span class=\"hps\">The<\/span> <span class=\"hps\">new member <\/span><span class=\"hps\">will read the<\/span> <span class=\"hps\">inaugural address<\/span> <span class=\"hps atn\">&#8220;C<\/span>hained p<span class=\"hps\">anacea<\/span>: <span class=\"hps\">German<\/span> <span class=\"hps\">pharmacology<\/span> <span class=\"hps\">under the yoke<\/span> <span class=\"hps\">of the swastika<\/span>&#8220;.<\/h3>\n","protected":false},"excerpt":{"rendered":"<p>Francisco L\u00f3pez Mu\u00f1oz, doctor in Medicine and Surgery and Spanish Language and Literature will enter next Thursday, July 23, at the Royal Academy of Doctors (RAD) in a ceremony to be held at 19:30 in the Auditorium of Fomento del Trabajo Nacional (Via Laietana, 32, principal. Barcelona). The new member will read the inaugural address [&hellip;]<\/p>\n","protected":false},"author":12,"featured_media":0,"comment_status":"open","ping_status":"open","sticky":false,"template":"","format":"standard","meta":{"_et_pb_use_builder":"","_et_pb_old_content":"","_et_gb_content_width":"","footnotes":""},"categories":[144],"tags":[476],"class_list":["post-2085","post","type-post","status-publish","format-standard","hentry","category-acts-admission-academicians","tag-academicians-income","et-doesnt-have-format-content","et_post_format-et-post-format-standard"],"yoast_head":"<!-- This site is optimized with the Yoast SEO plugin v27.4 - https:\/\/yoast.com\/product\/yoast-seo-wordpress\/ -->\n<title>Francisco L\u00f3pez Mu\u00f1oz enters as academician at Royal Academy of Doctors - Royal European Academy of Doctors<\/title>\n<meta name=\"robots\" content=\"index, follow, max-snippet:-1, max-image-preview:large, max-video-preview:-1\" \/>\n<link rel=\"canonical\" href=\"https:\/\/raed.academy\/en\/francisco-lopez-munoz-enters-as-academician-at-royal-academy-of-doctors\/\" \/>\n<meta property=\"og:locale\" content=\"en_US\" \/>\n<meta property=\"og:type\" content=\"article\" \/>\n<meta property=\"og:title\" content=\"Francisco L\u00f3pez Mu\u00f1oz enters as academician at Royal Academy of Doctors - Royal European Academy of Doctors\" \/>\n<meta property=\"og:description\" content=\"Francisco L\u00f3pez Mu\u00f1oz, doctor in Medicine and Surgery and Spanish Language and Literature will enter next Thursday, July 23, at the Royal Academy of Doctors (RAD) in a ceremony to be held at 19:30 in the Auditorium of Fomento del Trabajo Nacional (Via Laietana, 32, principal. Barcelona). The new member will read the inaugural address [&hellip;]\" \/>\n<meta property=\"og:url\" content=\"https:\/\/raed.academy\/en\/francisco-lopez-munoz-enters-as-academician-at-royal-academy-of-doctors\/\" \/>\n<meta property=\"og:site_name\" content=\"Royal European Academy of Doctors\" \/>\n<meta property=\"article:publisher\" content=\"http:\/\/fb.me\/raed.academy\" \/>\n<meta property=\"article:published_time\" content=\"2015-07-20T11:47:01+00:00\" \/>\n<meta property=\"article:modified_time\" content=\"2017-05-23T16:38:10+00:00\" \/>\n<meta name=\"author\" content=\"RAED\" \/>\n<meta name=\"twitter:card\" content=\"summary_large_image\" \/>\n<meta name=\"twitter:creator\" content=\"@raedacademy\" \/>\n<meta name=\"twitter:site\" content=\"@raedacademy\" \/>\n<meta name=\"twitter:label1\" content=\"Written by\" \/>\n\t<meta name=\"twitter:data1\" content=\"RAED\" \/>\n<script type=\"application\/ld+json\" class=\"yoast-schema-graph\">{\"@context\":\"https:\\\/\\\/schema.org\",\"@graph\":[{\"@type\":\"Article\",\"@id\":\"https:\\\/\\\/raed.academy\\\/en\\\/francisco-lopez-munoz-enters-as-academician-at-royal-academy-of-doctors\\\/#article\",\"isPartOf\":{\"@id\":\"https:\\\/\\\/raed.academy\\\/en\\\/francisco-lopez-munoz-enters-as-academician-at-royal-academy-of-doctors\\\/\"},\"author\":{\"name\":\"RAED\",\"@id\":\"https:\\\/\\\/raed.academy\\\/en\\\/#\\\/schema\\\/person\\\/5a755da80d1d979fd66ba745c8702927\"},\"headline\":\"Francisco L\u00f3pez Mu\u00f1oz enters as academician at Royal Academy of Doctors\",\"datePublished\":\"2015-07-20T11:47:01+00:00\",\"dateModified\":\"2017-05-23T16:38:10+00:00\",\"mainEntityOfPage\":{\"@id\":\"https:\\\/\\\/raed.academy\\\/en\\\/francisco-lopez-munoz-enters-as-academician-at-royal-academy-of-doctors\\\/\"},\"wordCount\":77,\"commentCount\":0,\"publisher\":{\"@id\":\"https:\\\/\\\/raed.academy\\\/en\\\/#organization\"},\"keywords\":[\"academicians income\"],\"articleSection\":[\"Acts of admission as academicians\"],\"inLanguage\":\"en-US\",\"potentialAction\":[{\"@type\":\"CommentAction\",\"name\":\"Comment\",\"target\":[\"https:\\\/\\\/raed.academy\\\/en\\\/francisco-lopez-munoz-enters-as-academician-at-royal-academy-of-doctors\\\/#respond\"]}]},{\"@type\":\"WebPage\",\"@id\":\"https:\\\/\\\/raed.academy\\\/en\\\/francisco-lopez-munoz-enters-as-academician-at-royal-academy-of-doctors\\\/\",\"url\":\"https:\\\/\\\/raed.academy\\\/en\\\/francisco-lopez-munoz-enters-as-academician-at-royal-academy-of-doctors\\\/\",\"name\":\"Francisco L\u00f3pez Mu\u00f1oz enters as academician at Royal Academy of Doctors - Royal European Academy of Doctors\",\"isPartOf\":{\"@id\":\"https:\\\/\\\/raed.academy\\\/en\\\/#website\"},\"datePublished\":\"2015-07-20T11:47:01+00:00\",\"dateModified\":\"2017-05-23T16:38:10+00:00\",\"breadcrumb\":{\"@id\":\"https:\\\/\\\/raed.academy\\\/en\\\/francisco-lopez-munoz-enters-as-academician-at-royal-academy-of-doctors\\\/#breadcrumb\"},\"inLanguage\":\"en-US\",\"potentialAction\":[{\"@type\":\"ReadAction\",\"target\":[\"https:\\\/\\\/raed.academy\\\/en\\\/francisco-lopez-munoz-enters-as-academician-at-royal-academy-of-doctors\\\/\"]}]},{\"@type\":\"BreadcrumbList\",\"@id\":\"https:\\\/\\\/raed.academy\\\/en\\\/francisco-lopez-munoz-enters-as-academician-at-royal-academy-of-doctors\\\/#breadcrumb\",\"itemListElement\":[{\"@type\":\"ListItem\",\"position\":1,\"name\":\"Inicio\",\"item\":\"https:\\\/\\\/raed.academy\\\/en\\\/\"},{\"@type\":\"ListItem\",\"position\":2,\"name\":\"Francisco L\u00f3pez Mu\u00f1oz enters as academician at Royal Academy of Doctors\"}]},{\"@type\":\"WebSite\",\"@id\":\"https:\\\/\\\/raed.academy\\\/en\\\/#website\",\"url\":\"https:\\\/\\\/raed.academy\\\/en\\\/\",\"name\":\"Royal European Academy of Doctors\",\"description\":\"Corporaci\u00f3n de derecho p\u00fablico de car\u00e1cter cient\u00edfico, t\u00e9cnico y art\u00edstico, que tiene por objeto la investigaci\u00f3n, el estudio, el fomento y la extensi\u00f3n del conocimiento en su sentido m\u00e1s amplio.\",\"publisher\":{\"@id\":\"https:\\\/\\\/raed.academy\\\/en\\\/#organization\"},\"potentialAction\":[{\"@type\":\"SearchAction\",\"target\":{\"@type\":\"EntryPoint\",\"urlTemplate\":\"https:\\\/\\\/raed.academy\\\/en\\\/?s={search_term_string}\"},\"query-input\":{\"@type\":\"PropertyValueSpecification\",\"valueRequired\":true,\"valueName\":\"search_term_string\"}}],\"inLanguage\":\"en-US\"},{\"@type\":\"Organization\",\"@id\":\"https:\\\/\\\/raed.academy\\\/en\\\/#organization\",\"name\":\"Real Academia Europea de Doctores\",\"url\":\"https:\\\/\\\/raed.academy\\\/en\\\/\",\"logo\":{\"@type\":\"ImageObject\",\"inLanguage\":\"en-US\",\"@id\":\"https:\\\/\\\/raed.academy\\\/en\\\/#\\\/schema\\\/logo\\\/image\\\/\",\"url\":\"https:\\\/\\\/raed.academy\\\/wp-content\\\/uploads\\\/2017\\\/01\\\/cropped-logo_raed.png\",\"contentUrl\":\"https:\\\/\\\/raed.academy\\\/wp-content\\\/uploads\\\/2017\\\/01\\\/cropped-logo_raed.png\",\"width\":512,\"height\":512,\"caption\":\"Real Academia Europea de Doctores\"},\"image\":{\"@id\":\"https:\\\/\\\/raed.academy\\\/en\\\/#\\\/schema\\\/logo\\\/image\\\/\"},\"sameAs\":[\"http:\\\/\\\/fb.me\\\/raed.academy\",\"https:\\\/\\\/x.com\\\/raedacademy\",\"https:\\\/\\\/www.instagram.com\\\/raed.academy\\\/\",\"https:\\\/\\\/www.youtube.com\\\/channel\\\/UCUYQwW2KrdirNWihxMDObwg\"]},{\"@type\":\"Person\",\"@id\":\"https:\\\/\\\/raed.academy\\\/en\\\/#\\\/schema\\\/person\\\/5a755da80d1d979fd66ba745c8702927\",\"name\":\"RAED\",\"image\":{\"@type\":\"ImageObject\",\"inLanguage\":\"en-US\",\"@id\":\"https:\\\/\\\/secure.gravatar.com\\\/avatar\\\/19fdfdc0d67fb9c45714b703a2ac82251c4fcea3637f002ac3c9b74c0183583c?s=96&d=mm&r=g\",\"url\":\"https:\\\/\\\/secure.gravatar.com\\\/avatar\\\/19fdfdc0d67fb9c45714b703a2ac82251c4fcea3637f002ac3c9b74c0183583c?s=96&d=mm&r=g\",\"contentUrl\":\"https:\\\/\\\/secure.gravatar.com\\\/avatar\\\/19fdfdc0d67fb9c45714b703a2ac82251c4fcea3637f002ac3c9b74c0183583c?s=96&d=mm&r=g\",\"caption\":\"RAED\"}}]}<\/script>\n<!-- \/ Yoast SEO plugin. -->","yoast_head_json":{"title":"Francisco L\u00f3pez Mu\u00f1oz enters as academician at Royal Academy of Doctors - Royal European Academy of Doctors","robots":{"index":"index","follow":"follow","max-snippet":"max-snippet:-1","max-image-preview":"max-image-preview:large","max-video-preview":"max-video-preview:-1"},"canonical":"https:\/\/raed.academy\/en\/francisco-lopez-munoz-enters-as-academician-at-royal-academy-of-doctors\/","og_locale":"en_US","og_type":"article","og_title":"Francisco L\u00f3pez Mu\u00f1oz enters as academician at Royal Academy of Doctors - Royal European Academy of Doctors","og_description":"Francisco L\u00f3pez Mu\u00f1oz, doctor in Medicine and Surgery and Spanish Language and Literature will enter next Thursday, July 23, at the Royal Academy of Doctors (RAD) in a ceremony to be held at 19:30 in the Auditorium of Fomento del Trabajo Nacional (Via Laietana, 32, principal. Barcelona). The new member will read the inaugural address [&hellip;]","og_url":"https:\/\/raed.academy\/en\/francisco-lopez-munoz-enters-as-academician-at-royal-academy-of-doctors\/","og_site_name":"Royal European Academy of Doctors","article_publisher":"http:\/\/fb.me\/raed.academy","article_published_time":"2015-07-20T11:47:01+00:00","article_modified_time":"2017-05-23T16:38:10+00:00","author":"RAED","twitter_card":"summary_large_image","twitter_creator":"@raedacademy","twitter_site":"@raedacademy","twitter_misc":{"Written by":"RAED"},"schema":{"@context":"https:\/\/schema.org","@graph":[{"@type":"Article","@id":"https:\/\/raed.academy\/en\/francisco-lopez-munoz-enters-as-academician-at-royal-academy-of-doctors\/#article","isPartOf":{"@id":"https:\/\/raed.academy\/en\/francisco-lopez-munoz-enters-as-academician-at-royal-academy-of-doctors\/"},"author":{"name":"RAED","@id":"https:\/\/raed.academy\/en\/#\/schema\/person\/5a755da80d1d979fd66ba745c8702927"},"headline":"Francisco L\u00f3pez Mu\u00f1oz enters as academician at Royal Academy of Doctors","datePublished":"2015-07-20T11:47:01+00:00","dateModified":"2017-05-23T16:38:10+00:00","mainEntityOfPage":{"@id":"https:\/\/raed.academy\/en\/francisco-lopez-munoz-enters-as-academician-at-royal-academy-of-doctors\/"},"wordCount":77,"commentCount":0,"publisher":{"@id":"https:\/\/raed.academy\/en\/#organization"},"keywords":["academicians income"],"articleSection":["Acts of admission as academicians"],"inLanguage":"en-US","potentialAction":[{"@type":"CommentAction","name":"Comment","target":["https:\/\/raed.academy\/en\/francisco-lopez-munoz-enters-as-academician-at-royal-academy-of-doctors\/#respond"]}]},{"@type":"WebPage","@id":"https:\/\/raed.academy\/en\/francisco-lopez-munoz-enters-as-academician-at-royal-academy-of-doctors\/","url":"https:\/\/raed.academy\/en\/francisco-lopez-munoz-enters-as-academician-at-royal-academy-of-doctors\/","name":"Francisco L\u00f3pez Mu\u00f1oz enters as academician at Royal Academy of Doctors - Royal European Academy of Doctors","isPartOf":{"@id":"https:\/\/raed.academy\/en\/#website"},"datePublished":"2015-07-20T11:47:01+00:00","dateModified":"2017-05-23T16:38:10+00:00","breadcrumb":{"@id":"https:\/\/raed.academy\/en\/francisco-lopez-munoz-enters-as-academician-at-royal-academy-of-doctors\/#breadcrumb"},"inLanguage":"en-US","potentialAction":[{"@type":"ReadAction","target":["https:\/\/raed.academy\/en\/francisco-lopez-munoz-enters-as-academician-at-royal-academy-of-doctors\/"]}]},{"@type":"BreadcrumbList","@id":"https:\/\/raed.academy\/en\/francisco-lopez-munoz-enters-as-academician-at-royal-academy-of-doctors\/#breadcrumb","itemListElement":[{"@type":"ListItem","position":1,"name":"Inicio","item":"https:\/\/raed.academy\/en\/"},{"@type":"ListItem","position":2,"name":"Francisco L\u00f3pez Mu\u00f1oz enters as academician at Royal Academy of Doctors"}]},{"@type":"WebSite","@id":"https:\/\/raed.academy\/en\/#website","url":"https:\/\/raed.academy\/en\/","name":"Royal European Academy of Doctors","description":"Corporaci\u00f3n de derecho p\u00fablico de car\u00e1cter cient\u00edfico, t\u00e9cnico y art\u00edstico, que tiene por objeto la investigaci\u00f3n, el estudio, el fomento y la extensi\u00f3n del conocimiento en su sentido m\u00e1s amplio.","publisher":{"@id":"https:\/\/raed.academy\/en\/#organization"},"potentialAction":[{"@type":"SearchAction","target":{"@type":"EntryPoint","urlTemplate":"https:\/\/raed.academy\/en\/?s={search_term_string}"},"query-input":{"@type":"PropertyValueSpecification","valueRequired":true,"valueName":"search_term_string"}}],"inLanguage":"en-US"},{"@type":"Organization","@id":"https:\/\/raed.academy\/en\/#organization","name":"Real Academia Europea de Doctores","url":"https:\/\/raed.academy\/en\/","logo":{"@type":"ImageObject","inLanguage":"en-US","@id":"https:\/\/raed.academy\/en\/#\/schema\/logo\/image\/","url":"https:\/\/raed.academy\/wp-content\/uploads\/2017\/01\/cropped-logo_raed.png","contentUrl":"https:\/\/raed.academy\/wp-content\/uploads\/2017\/01\/cropped-logo_raed.png","width":512,"height":512,"caption":"Real Academia Europea de Doctores"},"image":{"@id":"https:\/\/raed.academy\/en\/#\/schema\/logo\/image\/"},"sameAs":["http:\/\/fb.me\/raed.academy","https:\/\/x.com\/raedacademy","https:\/\/www.instagram.com\/raed.academy\/","https:\/\/www.youtube.com\/channel\/UCUYQwW2KrdirNWihxMDObwg"]},{"@type":"Person","@id":"https:\/\/raed.academy\/en\/#\/schema\/person\/5a755da80d1d979fd66ba745c8702927","name":"RAED","image":{"@type":"ImageObject","inLanguage":"en-US","@id":"https:\/\/secure.gravatar.com\/avatar\/19fdfdc0d67fb9c45714b703a2ac82251c4fcea3637f002ac3c9b74c0183583c?s=96&d=mm&r=g","url":"https:\/\/secure.gravatar.com\/avatar\/19fdfdc0d67fb9c45714b703a2ac82251c4fcea3637f002ac3c9b74c0183583c?s=96&d=mm&r=g","contentUrl":"https:\/\/secure.gravatar.com\/avatar\/19fdfdc0d67fb9c45714b703a2ac82251c4fcea3637f002ac3c9b74c0183583c?s=96&d=mm&r=g","caption":"RAED"}}]}},"_links":{"self":[{"href":"https:\/\/raed.academy\/en\/wp-json\/wp\/v2\/posts\/2085","targetHints":{"allow":["GET"]}}],"collection":[{"href":"https:\/\/raed.academy\/en\/wp-json\/wp\/v2\/posts"}],"about":[{"href":"https:\/\/raed.academy\/en\/wp-json\/wp\/v2\/types\/post"}],"author":[{"embeddable":true,"href":"https:\/\/raed.academy\/en\/wp-json\/wp\/v2\/users\/12"}],"replies":[{"embeddable":true,"href":"https:\/\/raed.academy\/en\/wp-json\/wp\/v2\/comments?post=2085"}],"version-history":[{"count":0,"href":"https:\/\/raed.academy\/en\/wp-json\/wp\/v2\/posts\/2085\/revisions"}],"wp:attachment":[{"href":"https:\/\/raed.academy\/en\/wp-json\/wp\/v2\/media?parent=2085"}],"wp:term":[{"taxonomy":"category","embeddable":true,"href":"https:\/\/raed.academy\/en\/wp-json\/wp\/v2\/categories?post=2085"},{"taxonomy":"post_tag","embeddable":true,"href":"https:\/\/raed.academy\/en\/wp-json\/wp\/v2\/tags?post=2085"}],"curies":[{"name":"wp","href":"https:\/\/api.w.org\/{rel}","templated":true}]}}