{"id":20282,"date":"2016-12-29T07:24:59","date_gmt":"2016-12-29T07:24:59","guid":{"rendered":"http:\/\/raed.academy\/?p=20282"},"modified":"2017-05-08T10:28:40","modified_gmt":"2017-05-08T10:28:40","slug":"francisco-javier-garrido-publishes-estrategas-reinventando-la-realidad-empresarial-del-siglo-xxi","status":"publish","type":"post","link":"https:\/\/raed.academy\/en\/francisco-javier-garrido-publishes-estrategas-reinventando-la-realidad-empresarial-del-siglo-xxi\/","title":{"rendered":"Francisco Javier Garrido publishes \u201cEstrategas: reinventando la realidad empresarial del siglo XXI\u201d"},"content":{"rendered":"<h3><a href=\"http:\/\/raed.academy\/en\/academicians\/dr-francisco-javier-garrido\/\" target=\"_blank\" rel=\"noopener noreferrer\"><strong>Francisco Javier Garrido<\/strong><\/a>, corresponding academician for Chile of the <strong>Royal European Academy of Doctors-Barcelona 1914 <\/strong>(RAED), has published the work <strong>\u201cEstrategas: reinventando la realidad empresarial del siglo XXI\u201d<\/strong>, (<span id=\"result_box\" class=\"\" lang=\"en\"><span title=\"Francisco Javier Garrido, acad\u00e9mico correspondiente para Chile de Real Academia Europea de Doctores-Barcelona 1914 (RAED), ha publicado la obra \u201cEstrategas: reinventando la realidad empresarial del siglo XXI\u201d, donde redescubre la formaci\u00f3n estrat\u00e9gica de los directivos contempor\u00e1neos desde distintas vertientes.\">Strategies: reinventing the business reality of the XXI century), where he rediscovers the strategic formation of contemporary managers from different perspectives. <\/span><span title=\"El libro, editado por Wilson &amp; Cox en cinco pa\u00edses, explica c\u00f3mo la formaci\u00f3n estrat\u00e9gica tiene su origen y necesidad en la propia evoluci\u00f3n de la figura del hombre de negocios y c\u00f3mo el desarrollo de las convergencias en las disciplinas estrat\u00e9gicas orientales y occidentales mejoran los desempe\u00f1os\">The book, edited by Wilson &amp; Cox in five countries, explains how the strategic formation has its origin and necessity in the own evolution of the figure of the businessman and how the development of the convergences in the Eastern and Western strategic disciplines improve the performances <\/span><span title=\"de los directivos en el presente siglo. \">of managers in the present century.<\/span><\/span><\/h3>\n<h3><span id=\"result_box\" class=\"\" lang=\"en\"><span title=\"\u201cLos estudiosos de la perspectiva evolutiva han probado que el homo sapiens se distingui\u00f3 de los simios hace varios millones de a\u00f1os por una habilidad crucial y diferenciadora: desarroll\u00f3 y demostr\u00f3 la capacidad para elaborar planes de futuro, hecho esencial para inicio del proceso de pensamiento en\">&#8220;Students of the evolutionary perspective have proven that homo sapiens distinguished themselves from apes several million years ago by a crucial and differentiating ability: it developed and demonstrated the ability to make plans for the future, an essential fact for beginning the thought process in <\/span><span title=\"tiempo futuro\u201d, explica el autor.\">Future time&#8221;, explains the author.<\/span><\/span><\/h3>\n","protected":false},"excerpt":{"rendered":"<p>Francisco Javier Garrido, corresponding academician for Chile of the Royal European Academy of Doctors-Barcelona 1914 (RAED), has published the work \u201cEstrategas: reinventando la realidad empresarial del siglo XXI\u201d, (Strategies: reinventing the business reality of the XXI century), where he rediscovers the strategic formation of contemporary managers from different perspectives. The book, edited by Wilson &amp; [&hellip;]<\/p>\n","protected":false},"author":12,"featured_media":0,"comment_status":"closed","ping_status":"closed","sticky":false,"template":"","format":"standard","meta":{"_et_pb_use_builder":"","_et_pb_old_content":"","_et_gb_content_width":"","footnotes":""},"categories":[67],"tags":[],"class_list":["post-20282","post","type-post","status-publish","format-standard","hentry","category-uncategorized-6","et-doesnt-have-format-content","et_post_format-et-post-format-standard"],"yoast_head":"<!-- This site is optimized with the Yoast SEO plugin v27.4 - https:\/\/yoast.com\/product\/yoast-seo-wordpress\/ -->\n<title>Francisco Javier Garrido publishes \u201cEstrategas: reinventando la realidad empresarial del siglo XXI\u201d - Royal European Academy of Doctors<\/title>\n<meta name=\"robots\" content=\"index, follow, max-snippet:-1, max-image-preview:large, max-video-preview:-1\" \/>\n<link rel=\"canonical\" href=\"https:\/\/raed.academy\/en\/francisco-javier-garrido-publishes-estrategas-reinventando-la-realidad-empresarial-del-siglo-xxi\/\" \/>\n<meta property=\"og:locale\" content=\"en_US\" \/>\n<meta property=\"og:type\" content=\"article\" \/>\n<meta property=\"og:title\" content=\"Francisco Javier Garrido publishes \u201cEstrategas: reinventando la realidad empresarial del siglo XXI\u201d - Royal European Academy of Doctors\" \/>\n<meta property=\"og:description\" content=\"Francisco Javier Garrido, corresponding academician for Chile of the Royal European Academy of Doctors-Barcelona 1914 (RAED), has published the work \u201cEstrategas: reinventando la realidad empresarial del siglo XXI\u201d, (Strategies: reinventing the business reality of the XXI century), where he rediscovers the strategic formation of contemporary managers from different perspectives. The book, edited by Wilson &amp; [&hellip;]\" \/>\n<meta property=\"og:url\" content=\"https:\/\/raed.academy\/en\/francisco-javier-garrido-publishes-estrategas-reinventando-la-realidad-empresarial-del-siglo-xxi\/\" \/>\n<meta property=\"og:site_name\" content=\"Royal European Academy of Doctors\" \/>\n<meta property=\"article:publisher\" content=\"http:\/\/fb.me\/raed.academy\" \/>\n<meta property=\"article:published_time\" content=\"2016-12-29T07:24:59+00:00\" \/>\n<meta property=\"article:modified_time\" content=\"2017-05-08T10:28:40+00:00\" \/>\n<meta name=\"author\" content=\"RAED\" \/>\n<meta name=\"twitter:card\" content=\"summary_large_image\" \/>\n<meta name=\"twitter:creator\" content=\"@raedacademy\" \/>\n<meta name=\"twitter:site\" content=\"@raedacademy\" \/>\n<meta name=\"twitter:label1\" content=\"Written by\" \/>\n\t<meta name=\"twitter:data1\" content=\"RAED\" \/>\n\t<meta name=\"twitter:label2\" content=\"Est. reading time\" \/>\n\t<meta name=\"twitter:data2\" content=\"1 minute\" \/>\n<script type=\"application\/ld+json\" class=\"yoast-schema-graph\">{\"@context\":\"https:\\\/\\\/schema.org\",\"@graph\":[{\"@type\":\"Article\",\"@id\":\"https:\\\/\\\/raed.academy\\\/en\\\/francisco-javier-garrido-publishes-estrategas-reinventando-la-realidad-empresarial-del-siglo-xxi\\\/#article\",\"isPartOf\":{\"@id\":\"https:\\\/\\\/raed.academy\\\/en\\\/francisco-javier-garrido-publishes-estrategas-reinventando-la-realidad-empresarial-del-siglo-xxi\\\/\"},\"author\":{\"name\":\"RAED\",\"@id\":\"https:\\\/\\\/raed.academy\\\/en\\\/#\\\/schema\\\/person\\\/5a755da80d1d979fd66ba745c8702927\"},\"headline\":\"Francisco Javier Garrido publishes \u201cEstrategas: reinventando la realidad empresarial del siglo XXI\u201d\",\"datePublished\":\"2016-12-29T07:24:59+00:00\",\"dateModified\":\"2017-05-08T10:28:40+00:00\",\"mainEntityOfPage\":{\"@id\":\"https:\\\/\\\/raed.academy\\\/en\\\/francisco-javier-garrido-publishes-estrategas-reinventando-la-realidad-empresarial-del-siglo-xxi\\\/\"},\"wordCount\":163,\"publisher\":{\"@id\":\"https:\\\/\\\/raed.academy\\\/en\\\/#organization\"},\"inLanguage\":\"en-US\"},{\"@type\":\"WebPage\",\"@id\":\"https:\\\/\\\/raed.academy\\\/en\\\/francisco-javier-garrido-publishes-estrategas-reinventando-la-realidad-empresarial-del-siglo-xxi\\\/\",\"url\":\"https:\\\/\\\/raed.academy\\\/en\\\/francisco-javier-garrido-publishes-estrategas-reinventando-la-realidad-empresarial-del-siglo-xxi\\\/\",\"name\":\"Francisco Javier Garrido publishes \u201cEstrategas: reinventando la realidad empresarial del siglo XXI\u201d - Royal European Academy of Doctors\",\"isPartOf\":{\"@id\":\"https:\\\/\\\/raed.academy\\\/en\\\/#website\"},\"datePublished\":\"2016-12-29T07:24:59+00:00\",\"dateModified\":\"2017-05-08T10:28:40+00:00\",\"breadcrumb\":{\"@id\":\"https:\\\/\\\/raed.academy\\\/en\\\/francisco-javier-garrido-publishes-estrategas-reinventando-la-realidad-empresarial-del-siglo-xxi\\\/#breadcrumb\"},\"inLanguage\":\"en-US\",\"potentialAction\":[{\"@type\":\"ReadAction\",\"target\":[\"https:\\\/\\\/raed.academy\\\/en\\\/francisco-javier-garrido-publishes-estrategas-reinventando-la-realidad-empresarial-del-siglo-xxi\\\/\"]}]},{\"@type\":\"BreadcrumbList\",\"@id\":\"https:\\\/\\\/raed.academy\\\/en\\\/francisco-javier-garrido-publishes-estrategas-reinventando-la-realidad-empresarial-del-siglo-xxi\\\/#breadcrumb\",\"itemListElement\":[{\"@type\":\"ListItem\",\"position\":1,\"name\":\"Inicio\",\"item\":\"https:\\\/\\\/raed.academy\\\/en\\\/\"},{\"@type\":\"ListItem\",\"position\":2,\"name\":\"Francisco Javier Garrido publishes \u201cEstrategas: reinventando la realidad empresarial del siglo XXI\u201d\"}]},{\"@type\":\"WebSite\",\"@id\":\"https:\\\/\\\/raed.academy\\\/en\\\/#website\",\"url\":\"https:\\\/\\\/raed.academy\\\/en\\\/\",\"name\":\"Royal European Academy of Doctors\",\"description\":\"Corporaci\u00f3n de derecho p\u00fablico de car\u00e1cter cient\u00edfico, t\u00e9cnico y art\u00edstico, que tiene por objeto la investigaci\u00f3n, el estudio, el fomento y la extensi\u00f3n del conocimiento en su sentido m\u00e1s amplio.\",\"publisher\":{\"@id\":\"https:\\\/\\\/raed.academy\\\/en\\\/#organization\"},\"potentialAction\":[{\"@type\":\"SearchAction\",\"target\":{\"@type\":\"EntryPoint\",\"urlTemplate\":\"https:\\\/\\\/raed.academy\\\/en\\\/?s={search_term_string}\"},\"query-input\":{\"@type\":\"PropertyValueSpecification\",\"valueRequired\":true,\"valueName\":\"search_term_string\"}}],\"inLanguage\":\"en-US\"},{\"@type\":\"Organization\",\"@id\":\"https:\\\/\\\/raed.academy\\\/en\\\/#organization\",\"name\":\"Real Academia Europea de Doctores\",\"url\":\"https:\\\/\\\/raed.academy\\\/en\\\/\",\"logo\":{\"@type\":\"ImageObject\",\"inLanguage\":\"en-US\",\"@id\":\"https:\\\/\\\/raed.academy\\\/en\\\/#\\\/schema\\\/logo\\\/image\\\/\",\"url\":\"https:\\\/\\\/raed.academy\\\/wp-content\\\/uploads\\\/2017\\\/01\\\/cropped-logo_raed.png\",\"contentUrl\":\"https:\\\/\\\/raed.academy\\\/wp-content\\\/uploads\\\/2017\\\/01\\\/cropped-logo_raed.png\",\"width\":512,\"height\":512,\"caption\":\"Real Academia Europea de Doctores\"},\"image\":{\"@id\":\"https:\\\/\\\/raed.academy\\\/en\\\/#\\\/schema\\\/logo\\\/image\\\/\"},\"sameAs\":[\"http:\\\/\\\/fb.me\\\/raed.academy\",\"https:\\\/\\\/x.com\\\/raedacademy\",\"https:\\\/\\\/www.instagram.com\\\/raed.academy\\\/\",\"https:\\\/\\\/www.youtube.com\\\/channel\\\/UCUYQwW2KrdirNWihxMDObwg\"]},{\"@type\":\"Person\",\"@id\":\"https:\\\/\\\/raed.academy\\\/en\\\/#\\\/schema\\\/person\\\/5a755da80d1d979fd66ba745c8702927\",\"name\":\"RAED\",\"image\":{\"@type\":\"ImageObject\",\"inLanguage\":\"en-US\",\"@id\":\"https:\\\/\\\/secure.gravatar.com\\\/avatar\\\/19fdfdc0d67fb9c45714b703a2ac82251c4fcea3637f002ac3c9b74c0183583c?s=96&d=mm&r=g\",\"url\":\"https:\\\/\\\/secure.gravatar.com\\\/avatar\\\/19fdfdc0d67fb9c45714b703a2ac82251c4fcea3637f002ac3c9b74c0183583c?s=96&d=mm&r=g\",\"contentUrl\":\"https:\\\/\\\/secure.gravatar.com\\\/avatar\\\/19fdfdc0d67fb9c45714b703a2ac82251c4fcea3637f002ac3c9b74c0183583c?s=96&d=mm&r=g\",\"caption\":\"RAED\"}}]}<\/script>\n<!-- \/ Yoast SEO plugin. -->","yoast_head_json":{"title":"Francisco Javier Garrido publishes \u201cEstrategas: reinventando la realidad empresarial del siglo XXI\u201d - Royal European Academy of Doctors","robots":{"index":"index","follow":"follow","max-snippet":"max-snippet:-1","max-image-preview":"max-image-preview:large","max-video-preview":"max-video-preview:-1"},"canonical":"https:\/\/raed.academy\/en\/francisco-javier-garrido-publishes-estrategas-reinventando-la-realidad-empresarial-del-siglo-xxi\/","og_locale":"en_US","og_type":"article","og_title":"Francisco Javier Garrido publishes \u201cEstrategas: reinventando la realidad empresarial del siglo XXI\u201d - Royal European Academy of Doctors","og_description":"Francisco Javier Garrido, corresponding academician for Chile of the Royal European Academy of Doctors-Barcelona 1914 (RAED), has published the work \u201cEstrategas: reinventando la realidad empresarial del siglo XXI\u201d, (Strategies: reinventing the business reality of the XXI century), where he rediscovers the strategic formation of contemporary managers from different perspectives. The book, edited by Wilson &amp; [&hellip;]","og_url":"https:\/\/raed.academy\/en\/francisco-javier-garrido-publishes-estrategas-reinventando-la-realidad-empresarial-del-siglo-xxi\/","og_site_name":"Royal European Academy of Doctors","article_publisher":"http:\/\/fb.me\/raed.academy","article_published_time":"2016-12-29T07:24:59+00:00","article_modified_time":"2017-05-08T10:28:40+00:00","author":"RAED","twitter_card":"summary_large_image","twitter_creator":"@raedacademy","twitter_site":"@raedacademy","twitter_misc":{"Written by":"RAED","Est. reading time":"1 minute"},"schema":{"@context":"https:\/\/schema.org","@graph":[{"@type":"Article","@id":"https:\/\/raed.academy\/en\/francisco-javier-garrido-publishes-estrategas-reinventando-la-realidad-empresarial-del-siglo-xxi\/#article","isPartOf":{"@id":"https:\/\/raed.academy\/en\/francisco-javier-garrido-publishes-estrategas-reinventando-la-realidad-empresarial-del-siglo-xxi\/"},"author":{"name":"RAED","@id":"https:\/\/raed.academy\/en\/#\/schema\/person\/5a755da80d1d979fd66ba745c8702927"},"headline":"Francisco Javier Garrido publishes \u201cEstrategas: reinventando la realidad empresarial del siglo XXI\u201d","datePublished":"2016-12-29T07:24:59+00:00","dateModified":"2017-05-08T10:28:40+00:00","mainEntityOfPage":{"@id":"https:\/\/raed.academy\/en\/francisco-javier-garrido-publishes-estrategas-reinventando-la-realidad-empresarial-del-siglo-xxi\/"},"wordCount":163,"publisher":{"@id":"https:\/\/raed.academy\/en\/#organization"},"inLanguage":"en-US"},{"@type":"WebPage","@id":"https:\/\/raed.academy\/en\/francisco-javier-garrido-publishes-estrategas-reinventando-la-realidad-empresarial-del-siglo-xxi\/","url":"https:\/\/raed.academy\/en\/francisco-javier-garrido-publishes-estrategas-reinventando-la-realidad-empresarial-del-siglo-xxi\/","name":"Francisco Javier Garrido publishes \u201cEstrategas: reinventando la realidad empresarial del siglo XXI\u201d - Royal European Academy of Doctors","isPartOf":{"@id":"https:\/\/raed.academy\/en\/#website"},"datePublished":"2016-12-29T07:24:59+00:00","dateModified":"2017-05-08T10:28:40+00:00","breadcrumb":{"@id":"https:\/\/raed.academy\/en\/francisco-javier-garrido-publishes-estrategas-reinventando-la-realidad-empresarial-del-siglo-xxi\/#breadcrumb"},"inLanguage":"en-US","potentialAction":[{"@type":"ReadAction","target":["https:\/\/raed.academy\/en\/francisco-javier-garrido-publishes-estrategas-reinventando-la-realidad-empresarial-del-siglo-xxi\/"]}]},{"@type":"BreadcrumbList","@id":"https:\/\/raed.academy\/en\/francisco-javier-garrido-publishes-estrategas-reinventando-la-realidad-empresarial-del-siglo-xxi\/#breadcrumb","itemListElement":[{"@type":"ListItem","position":1,"name":"Inicio","item":"https:\/\/raed.academy\/en\/"},{"@type":"ListItem","position":2,"name":"Francisco Javier Garrido publishes \u201cEstrategas: reinventando la realidad empresarial del siglo XXI\u201d"}]},{"@type":"WebSite","@id":"https:\/\/raed.academy\/en\/#website","url":"https:\/\/raed.academy\/en\/","name":"Royal European Academy of Doctors","description":"Corporaci\u00f3n de derecho p\u00fablico de car\u00e1cter cient\u00edfico, t\u00e9cnico y art\u00edstico, que tiene por objeto la investigaci\u00f3n, el estudio, el fomento y la extensi\u00f3n del conocimiento en su sentido m\u00e1s amplio.","publisher":{"@id":"https:\/\/raed.academy\/en\/#organization"},"potentialAction":[{"@type":"SearchAction","target":{"@type":"EntryPoint","urlTemplate":"https:\/\/raed.academy\/en\/?s={search_term_string}"},"query-input":{"@type":"PropertyValueSpecification","valueRequired":true,"valueName":"search_term_string"}}],"inLanguage":"en-US"},{"@type":"Organization","@id":"https:\/\/raed.academy\/en\/#organization","name":"Real Academia Europea de Doctores","url":"https:\/\/raed.academy\/en\/","logo":{"@type":"ImageObject","inLanguage":"en-US","@id":"https:\/\/raed.academy\/en\/#\/schema\/logo\/image\/","url":"https:\/\/raed.academy\/wp-content\/uploads\/2017\/01\/cropped-logo_raed.png","contentUrl":"https:\/\/raed.academy\/wp-content\/uploads\/2017\/01\/cropped-logo_raed.png","width":512,"height":512,"caption":"Real Academia Europea de Doctores"},"image":{"@id":"https:\/\/raed.academy\/en\/#\/schema\/logo\/image\/"},"sameAs":["http:\/\/fb.me\/raed.academy","https:\/\/x.com\/raedacademy","https:\/\/www.instagram.com\/raed.academy\/","https:\/\/www.youtube.com\/channel\/UCUYQwW2KrdirNWihxMDObwg"]},{"@type":"Person","@id":"https:\/\/raed.academy\/en\/#\/schema\/person\/5a755da80d1d979fd66ba745c8702927","name":"RAED","image":{"@type":"ImageObject","inLanguage":"en-US","@id":"https:\/\/secure.gravatar.com\/avatar\/19fdfdc0d67fb9c45714b703a2ac82251c4fcea3637f002ac3c9b74c0183583c?s=96&d=mm&r=g","url":"https:\/\/secure.gravatar.com\/avatar\/19fdfdc0d67fb9c45714b703a2ac82251c4fcea3637f002ac3c9b74c0183583c?s=96&d=mm&r=g","contentUrl":"https:\/\/secure.gravatar.com\/avatar\/19fdfdc0d67fb9c45714b703a2ac82251c4fcea3637f002ac3c9b74c0183583c?s=96&d=mm&r=g","caption":"RAED"}}]}},"_links":{"self":[{"href":"https:\/\/raed.academy\/en\/wp-json\/wp\/v2\/posts\/20282","targetHints":{"allow":["GET"]}}],"collection":[{"href":"https:\/\/raed.academy\/en\/wp-json\/wp\/v2\/posts"}],"about":[{"href":"https:\/\/raed.academy\/en\/wp-json\/wp\/v2\/types\/post"}],"author":[{"embeddable":true,"href":"https:\/\/raed.academy\/en\/wp-json\/wp\/v2\/users\/12"}],"replies":[{"embeddable":true,"href":"https:\/\/raed.academy\/en\/wp-json\/wp\/v2\/comments?post=20282"}],"version-history":[{"count":0,"href":"https:\/\/raed.academy\/en\/wp-json\/wp\/v2\/posts\/20282\/revisions"}],"wp:attachment":[{"href":"https:\/\/raed.academy\/en\/wp-json\/wp\/v2\/media?parent=20282"}],"wp:term":[{"taxonomy":"category","embeddable":true,"href":"https:\/\/raed.academy\/en\/wp-json\/wp\/v2\/categories?post=20282"},{"taxonomy":"post_tag","embeddable":true,"href":"https:\/\/raed.academy\/en\/wp-json\/wp\/v2\/tags?post=20282"}],"curies":[{"name":"wp","href":"https:\/\/api.w.org\/{rel}","templated":true}]}}