{"id":19340,"date":"2016-12-20T10:22:24","date_gmt":"2016-12-20T10:22:24","guid":{"rendered":"http:\/\/raed.academy\/?p=19340"},"modified":"2017-05-08T10:28:49","modified_gmt":"2017-05-08T10:28:49","slug":"the-spanish-ministry-of-education-culture-and-sport-joins-the-reception-of-four-honorary-academicians-from-the-royal-european-academy-of-doctors","status":"publish","type":"post","link":"https:\/\/raed.academy\/en\/the-spanish-ministry-of-education-culture-and-sport-joins-the-reception-of-four-honorary-academicians-from-the-royal-european-academy-of-doctors\/","title":{"rendered":"The Spanish Ministry of Education, Culture and Sport joins the reception of four honorary academicians from the Royal European Academy of Doctors"},"content":{"rendered":"<h3><strong>Jos\u00e9 Canal<\/strong>, undersecretary of State, represented the <a href=\"http:\/\/www.mecd.gob.es\" target=\"_blank\" rel=\"noopener noreferrer\"><strong>Spanish Ministry of Education, Culture and Sport<\/strong><\/a> in the solemn act of reception as honorary academics of the Royal European Academy of Doctors-Barcelona 1914 (RAED) of <strong>Aaron Ciechanover<\/strong>, Nobel Prize in Chemistry in 2004; <span title=\"Bj\u00f6rn O. Nilsson, presidente de la Real Academia Sueca de Ciencias de la Ingenier\u00eda;\"><strong>Bj\u00f6rn O. Nilsson<\/strong>, president of the <a href=\"http:\/\/www.iva.se\" target=\"_blank\" rel=\"noopener noreferrer\"><strong>Royal Swedish Academy of Engineering Sciences<\/strong><\/a>; <\/span><span title=\"Ismail Serageldin, director de la Biblioteca de Alejandr\u00eda y exvicepresidente del Banco Mundial, y Josep Maria Gil-Vernet, pionero en numerosas t\u00e9cnicas urol\u00f3gicas. \"><strong>Ismail Serageldin<\/strong>, director of the <a href=\"http:\/\/www.bibalex.org\" target=\"_blank\" rel=\"noopener noreferrer\"><strong>Library of Alexandria<\/strong><\/a> and ex-president of the <a href=\"http:\/\/www.worldbank.org\" target=\"_blank\" rel=\"noopener noreferrer\"><strong>World Bank<\/strong><\/a>, and <strong>Josep Maria Gil-Vernet<\/strong>, pioneer in numerous urological techniques.<\/span><\/h3>\n<h3><span title=\"Canal compartir\u00e1 la presidencia de la sesi\u00f3n con Pedro Garc\u00eda Barreno, secretario general del Instituto de Espa\u00f1a, y Alfredo Rocafort, presidente de la RAED.\">Canal shared the presidency of the session with <strong>Pedro Garc\u00eda Barreno,<\/strong> secretary general of the <a href=\"http:\/\/www.mecd.es\/insde\/\" target=\"_blank\" rel=\"noopener noreferrer\"><strong>Institute of Spain<\/strong><\/a>, and <a href=\"http:\/\/raed.academy\/en\/academicians\/dr-alfredo-rocafort-nicolau\/\" target=\"_blank\" rel=\"noopener noreferrer\"><strong>Alfredo Rocafort<\/strong><\/a>, president of the RAED. Also participated\u00a0<span id=\"result_box\" class=\"\" lang=\"en\"><span class=\"\">the subdelegate of the Spanish Government in Catalonia, <\/span><\/span><\/span><strong>Emilio Ablanedo<\/strong>; <span title=\"Canal compartir\u00e1 la presidencia de la sesi\u00f3n con Pedro Garc\u00eda Barreno, secretario general del Instituto de Espa\u00f1a, y Alfredo Rocafort, presidente de la RAED.\">t<\/span><span title=\"Han confirmado tambi\u00e9n su presencia el rector de la Universitat Internacional de Catalunya, Xavier Gil;\">he rector of the <a href=\"http:\/\/www.uic.es\" target=\"_blank\" rel=\"noopener noreferrer\"><strong>International Universitat de Catalunya<\/strong><\/a>, <strong>Xavier Gil<\/strong>; t<\/span><span title=\"el rector y fundador de la Universitat Oberta La Salle, Llu\u00eds Vicent Safont;\">he rector founder of the <a href=\"http:\/\/www.uols.org\" target=\"_blank\" rel=\"noopener noreferrer\"><strong>Open University La Salle<\/strong><\/a>, <strong>Llu\u00eds Vicent Safont<\/strong>; t<\/span><span title=\"el rector de la Universitat de Vic-Universitat Central de Catalunya, Jordi Monta\u00f1a, y el rector del Ateneu Universitari Sant Paci\u00e0, Armand Puig.\">he rector of the <a href=\"http:\/\/www.uvic.cat\" target=\"_blank\" rel=\"noopener noreferrer\"><strong>University of Vic-Central University of Catalonia<\/strong><\/a>, <strong>Jordi Monta\u00f1a<\/strong>, and the rector of the <a href=\"http:\/\/www.edusantpacia.cat\" target=\"_blank\" rel=\"noopener noreferrer\"><strong>Ateneu Universitari Sant Paci\u00e0<\/strong><\/a>, <strong>Armand Puig<\/strong>. <\/span><span title=\"Tambi\u00e9n asistir\u00e1 al acto el arzobispo em\u00e9rito de Barcelona, el cardenal Llu\u00eds Mart\u00ednez Sistach. \">The event also be attended by archbishop emeritus of Barcelona, \u200b\u200bcardinal <strong>Llu\u00eds Mart\u00ednez Sistach<\/strong>.<\/span><\/h3>\n<h3><span title=\"Asimismo, ya han confirmado su presencia 83 acad\u00e9micos de la RAED, que asistir\u00e1n togados al acto, para completar una asistencia provisional que ya supera las 200 personas.\">More than 80 academicians of the RAED attended the event, held on December 20, to complete an assistance that exceeded 200 people.<\/span><\/h3>\n","protected":false},"excerpt":{"rendered":"<p>Jos\u00e9 Canal, undersecretary of State, represented the Spanish Ministry of Education, Culture and Sport in the solemn act of reception as honorary academics of the Royal European Academy of Doctors-Barcelona 1914 (RAED) of Aaron Ciechanover, Nobel Prize in Chemistry in 2004; Bj\u00f6rn O. Nilsson, president of the Royal Swedish Academy of Engineering Sciences; Ismail Serageldin, [&hellip;]<\/p>\n","protected":false},"author":12,"featured_media":0,"comment_status":"closed","ping_status":"closed","sticky":false,"template":"","format":"standard","meta":{"_et_pb_use_builder":"","_et_pb_old_content":"","_et_gb_content_width":"","footnotes":""},"categories":[67],"tags":[],"class_list":["post-19340","post","type-post","status-publish","format-standard","hentry","category-uncategorized-6","et-doesnt-have-format-content","et_post_format-et-post-format-standard"],"yoast_head":"<!-- This site is optimized with the Yoast SEO plugin v27.4 - https:\/\/yoast.com\/product\/yoast-seo-wordpress\/ -->\n<title>The Spanish Ministry of Education, Culture and Sport joins the reception of four honorary academicians from the Royal European Academy of Doctors - Royal European Academy of Doctors<\/title>\n<meta name=\"robots\" content=\"index, follow, max-snippet:-1, max-image-preview:large, max-video-preview:-1\" \/>\n<link rel=\"canonical\" href=\"https:\/\/raed.academy\/en\/the-spanish-ministry-of-education-culture-and-sport-joins-the-reception-of-four-honorary-academicians-from-the-royal-european-academy-of-doctors\/\" \/>\n<meta property=\"og:locale\" content=\"en_US\" \/>\n<meta property=\"og:type\" content=\"article\" \/>\n<meta property=\"og:title\" content=\"The Spanish Ministry of Education, Culture and Sport joins the reception of four honorary academicians from the Royal European Academy of Doctors - Royal European Academy of Doctors\" \/>\n<meta property=\"og:description\" content=\"Jos\u00e9 Canal, undersecretary of State, represented the Spanish Ministry of Education, Culture and Sport in the solemn act of reception as honorary academics of the Royal European Academy of Doctors-Barcelona 1914 (RAED) of Aaron Ciechanover, Nobel Prize in Chemistry in 2004; Bj\u00f6rn O. Nilsson, president of the Royal Swedish Academy of Engineering Sciences; Ismail Serageldin, [&hellip;]\" \/>\n<meta property=\"og:url\" content=\"https:\/\/raed.academy\/en\/the-spanish-ministry-of-education-culture-and-sport-joins-the-reception-of-four-honorary-academicians-from-the-royal-european-academy-of-doctors\/\" \/>\n<meta property=\"og:site_name\" content=\"Royal European Academy of Doctors\" \/>\n<meta property=\"article:publisher\" content=\"http:\/\/fb.me\/raed.academy\" \/>\n<meta property=\"article:published_time\" content=\"2016-12-20T10:22:24+00:00\" \/>\n<meta property=\"article:modified_time\" content=\"2017-05-08T10:28:49+00:00\" \/>\n<meta name=\"author\" content=\"RAED\" \/>\n<meta name=\"twitter:card\" content=\"summary_large_image\" \/>\n<meta name=\"twitter:creator\" content=\"@raedacademy\" \/>\n<meta name=\"twitter:site\" content=\"@raedacademy\" \/>\n<meta name=\"twitter:label1\" content=\"Written by\" \/>\n\t<meta name=\"twitter:data1\" content=\"RAED\" \/>\n\t<meta name=\"twitter:label2\" content=\"Est. reading time\" \/>\n\t<meta name=\"twitter:data2\" content=\"1 minute\" \/>\n<script type=\"application\/ld+json\" class=\"yoast-schema-graph\">{\"@context\":\"https:\\\/\\\/schema.org\",\"@graph\":[{\"@type\":\"Article\",\"@id\":\"https:\\\/\\\/raed.academy\\\/en\\\/the-spanish-ministry-of-education-culture-and-sport-joins-the-reception-of-four-honorary-academicians-from-the-royal-european-academy-of-doctors\\\/#article\",\"isPartOf\":{\"@id\":\"https:\\\/\\\/raed.academy\\\/en\\\/the-spanish-ministry-of-education-culture-and-sport-joins-the-reception-of-four-honorary-academicians-from-the-royal-european-academy-of-doctors\\\/\"},\"author\":{\"name\":\"RAED\",\"@id\":\"https:\\\/\\\/raed.academy\\\/en\\\/#\\\/schema\\\/person\\\/5a755da80d1d979fd66ba745c8702927\"},\"headline\":\"The Spanish Ministry of Education, Culture and Sport joins the reception of four honorary academicians from the Royal European Academy of Doctors\",\"datePublished\":\"2016-12-20T10:22:24+00:00\",\"dateModified\":\"2017-05-08T10:28:49+00:00\",\"mainEntityOfPage\":{\"@id\":\"https:\\\/\\\/raed.academy\\\/en\\\/the-spanish-ministry-of-education-culture-and-sport-joins-the-reception-of-four-honorary-academicians-from-the-royal-european-academy-of-doctors\\\/\"},\"wordCount\":220,\"publisher\":{\"@id\":\"https:\\\/\\\/raed.academy\\\/en\\\/#organization\"},\"inLanguage\":\"en-US\"},{\"@type\":\"WebPage\",\"@id\":\"https:\\\/\\\/raed.academy\\\/en\\\/the-spanish-ministry-of-education-culture-and-sport-joins-the-reception-of-four-honorary-academicians-from-the-royal-european-academy-of-doctors\\\/\",\"url\":\"https:\\\/\\\/raed.academy\\\/en\\\/the-spanish-ministry-of-education-culture-and-sport-joins-the-reception-of-four-honorary-academicians-from-the-royal-european-academy-of-doctors\\\/\",\"name\":\"The Spanish Ministry of Education, Culture and Sport joins the reception of four honorary academicians from the Royal European Academy of Doctors - Royal European Academy of Doctors\",\"isPartOf\":{\"@id\":\"https:\\\/\\\/raed.academy\\\/en\\\/#website\"},\"datePublished\":\"2016-12-20T10:22:24+00:00\",\"dateModified\":\"2017-05-08T10:28:49+00:00\",\"breadcrumb\":{\"@id\":\"https:\\\/\\\/raed.academy\\\/en\\\/the-spanish-ministry-of-education-culture-and-sport-joins-the-reception-of-four-honorary-academicians-from-the-royal-european-academy-of-doctors\\\/#breadcrumb\"},\"inLanguage\":\"en-US\",\"potentialAction\":[{\"@type\":\"ReadAction\",\"target\":[\"https:\\\/\\\/raed.academy\\\/en\\\/the-spanish-ministry-of-education-culture-and-sport-joins-the-reception-of-four-honorary-academicians-from-the-royal-european-academy-of-doctors\\\/\"]}]},{\"@type\":\"BreadcrumbList\",\"@id\":\"https:\\\/\\\/raed.academy\\\/en\\\/the-spanish-ministry-of-education-culture-and-sport-joins-the-reception-of-four-honorary-academicians-from-the-royal-european-academy-of-doctors\\\/#breadcrumb\",\"itemListElement\":[{\"@type\":\"ListItem\",\"position\":1,\"name\":\"Inicio\",\"item\":\"https:\\\/\\\/raed.academy\\\/en\\\/\"},{\"@type\":\"ListItem\",\"position\":2,\"name\":\"The Spanish Ministry of Education, Culture and Sport joins the reception of four honorary academicians from the Royal European Academy of Doctors\"}]},{\"@type\":\"WebSite\",\"@id\":\"https:\\\/\\\/raed.academy\\\/en\\\/#website\",\"url\":\"https:\\\/\\\/raed.academy\\\/en\\\/\",\"name\":\"Royal European Academy of Doctors\",\"description\":\"Corporaci\u00f3n de derecho p\u00fablico de car\u00e1cter cient\u00edfico, t\u00e9cnico y art\u00edstico, que tiene por objeto la investigaci\u00f3n, el estudio, el fomento y la extensi\u00f3n del conocimiento en su sentido m\u00e1s amplio.\",\"publisher\":{\"@id\":\"https:\\\/\\\/raed.academy\\\/en\\\/#organization\"},\"potentialAction\":[{\"@type\":\"SearchAction\",\"target\":{\"@type\":\"EntryPoint\",\"urlTemplate\":\"https:\\\/\\\/raed.academy\\\/en\\\/?s={search_term_string}\"},\"query-input\":{\"@type\":\"PropertyValueSpecification\",\"valueRequired\":true,\"valueName\":\"search_term_string\"}}],\"inLanguage\":\"en-US\"},{\"@type\":\"Organization\",\"@id\":\"https:\\\/\\\/raed.academy\\\/en\\\/#organization\",\"name\":\"Real Academia Europea de Doctores\",\"url\":\"https:\\\/\\\/raed.academy\\\/en\\\/\",\"logo\":{\"@type\":\"ImageObject\",\"inLanguage\":\"en-US\",\"@id\":\"https:\\\/\\\/raed.academy\\\/en\\\/#\\\/schema\\\/logo\\\/image\\\/\",\"url\":\"https:\\\/\\\/raed.academy\\\/wp-content\\\/uploads\\\/2017\\\/01\\\/cropped-logo_raed.png\",\"contentUrl\":\"https:\\\/\\\/raed.academy\\\/wp-content\\\/uploads\\\/2017\\\/01\\\/cropped-logo_raed.png\",\"width\":512,\"height\":512,\"caption\":\"Real Academia Europea de Doctores\"},\"image\":{\"@id\":\"https:\\\/\\\/raed.academy\\\/en\\\/#\\\/schema\\\/logo\\\/image\\\/\"},\"sameAs\":[\"http:\\\/\\\/fb.me\\\/raed.academy\",\"https:\\\/\\\/x.com\\\/raedacademy\",\"https:\\\/\\\/www.instagram.com\\\/raed.academy\\\/\",\"https:\\\/\\\/www.youtube.com\\\/channel\\\/UCUYQwW2KrdirNWihxMDObwg\"]},{\"@type\":\"Person\",\"@id\":\"https:\\\/\\\/raed.academy\\\/en\\\/#\\\/schema\\\/person\\\/5a755da80d1d979fd66ba745c8702927\",\"name\":\"RAED\",\"image\":{\"@type\":\"ImageObject\",\"inLanguage\":\"en-US\",\"@id\":\"https:\\\/\\\/secure.gravatar.com\\\/avatar\\\/19fdfdc0d67fb9c45714b703a2ac82251c4fcea3637f002ac3c9b74c0183583c?s=96&d=mm&r=g\",\"url\":\"https:\\\/\\\/secure.gravatar.com\\\/avatar\\\/19fdfdc0d67fb9c45714b703a2ac82251c4fcea3637f002ac3c9b74c0183583c?s=96&d=mm&r=g\",\"contentUrl\":\"https:\\\/\\\/secure.gravatar.com\\\/avatar\\\/19fdfdc0d67fb9c45714b703a2ac82251c4fcea3637f002ac3c9b74c0183583c?s=96&d=mm&r=g\",\"caption\":\"RAED\"}}]}<\/script>\n<!-- \/ Yoast SEO plugin. -->","yoast_head_json":{"title":"The Spanish Ministry of Education, Culture and Sport joins the reception of four honorary academicians from the Royal European Academy of Doctors - Royal European Academy of Doctors","robots":{"index":"index","follow":"follow","max-snippet":"max-snippet:-1","max-image-preview":"max-image-preview:large","max-video-preview":"max-video-preview:-1"},"canonical":"https:\/\/raed.academy\/en\/the-spanish-ministry-of-education-culture-and-sport-joins-the-reception-of-four-honorary-academicians-from-the-royal-european-academy-of-doctors\/","og_locale":"en_US","og_type":"article","og_title":"The Spanish Ministry of Education, Culture and Sport joins the reception of four honorary academicians from the Royal European Academy of Doctors - Royal European Academy of Doctors","og_description":"Jos\u00e9 Canal, undersecretary of State, represented the Spanish Ministry of Education, Culture and Sport in the solemn act of reception as honorary academics of the Royal European Academy of Doctors-Barcelona 1914 (RAED) of Aaron Ciechanover, Nobel Prize in Chemistry in 2004; Bj\u00f6rn O. Nilsson, president of the Royal Swedish Academy of Engineering Sciences; Ismail Serageldin, [&hellip;]","og_url":"https:\/\/raed.academy\/en\/the-spanish-ministry-of-education-culture-and-sport-joins-the-reception-of-four-honorary-academicians-from-the-royal-european-academy-of-doctors\/","og_site_name":"Royal European Academy of Doctors","article_publisher":"http:\/\/fb.me\/raed.academy","article_published_time":"2016-12-20T10:22:24+00:00","article_modified_time":"2017-05-08T10:28:49+00:00","author":"RAED","twitter_card":"summary_large_image","twitter_creator":"@raedacademy","twitter_site":"@raedacademy","twitter_misc":{"Written by":"RAED","Est. reading time":"1 minute"},"schema":{"@context":"https:\/\/schema.org","@graph":[{"@type":"Article","@id":"https:\/\/raed.academy\/en\/the-spanish-ministry-of-education-culture-and-sport-joins-the-reception-of-four-honorary-academicians-from-the-royal-european-academy-of-doctors\/#article","isPartOf":{"@id":"https:\/\/raed.academy\/en\/the-spanish-ministry-of-education-culture-and-sport-joins-the-reception-of-four-honorary-academicians-from-the-royal-european-academy-of-doctors\/"},"author":{"name":"RAED","@id":"https:\/\/raed.academy\/en\/#\/schema\/person\/5a755da80d1d979fd66ba745c8702927"},"headline":"The Spanish Ministry of Education, Culture and Sport joins the reception of four honorary academicians from the Royal European Academy of Doctors","datePublished":"2016-12-20T10:22:24+00:00","dateModified":"2017-05-08T10:28:49+00:00","mainEntityOfPage":{"@id":"https:\/\/raed.academy\/en\/the-spanish-ministry-of-education-culture-and-sport-joins-the-reception-of-four-honorary-academicians-from-the-royal-european-academy-of-doctors\/"},"wordCount":220,"publisher":{"@id":"https:\/\/raed.academy\/en\/#organization"},"inLanguage":"en-US"},{"@type":"WebPage","@id":"https:\/\/raed.academy\/en\/the-spanish-ministry-of-education-culture-and-sport-joins-the-reception-of-four-honorary-academicians-from-the-royal-european-academy-of-doctors\/","url":"https:\/\/raed.academy\/en\/the-spanish-ministry-of-education-culture-and-sport-joins-the-reception-of-four-honorary-academicians-from-the-royal-european-academy-of-doctors\/","name":"The Spanish Ministry of Education, Culture and Sport joins the reception of four honorary academicians from the Royal European Academy of Doctors - Royal European Academy of Doctors","isPartOf":{"@id":"https:\/\/raed.academy\/en\/#website"},"datePublished":"2016-12-20T10:22:24+00:00","dateModified":"2017-05-08T10:28:49+00:00","breadcrumb":{"@id":"https:\/\/raed.academy\/en\/the-spanish-ministry-of-education-culture-and-sport-joins-the-reception-of-four-honorary-academicians-from-the-royal-european-academy-of-doctors\/#breadcrumb"},"inLanguage":"en-US","potentialAction":[{"@type":"ReadAction","target":["https:\/\/raed.academy\/en\/the-spanish-ministry-of-education-culture-and-sport-joins-the-reception-of-four-honorary-academicians-from-the-royal-european-academy-of-doctors\/"]}]},{"@type":"BreadcrumbList","@id":"https:\/\/raed.academy\/en\/the-spanish-ministry-of-education-culture-and-sport-joins-the-reception-of-four-honorary-academicians-from-the-royal-european-academy-of-doctors\/#breadcrumb","itemListElement":[{"@type":"ListItem","position":1,"name":"Inicio","item":"https:\/\/raed.academy\/en\/"},{"@type":"ListItem","position":2,"name":"The Spanish Ministry of Education, Culture and Sport joins the reception of four honorary academicians from the Royal European Academy of Doctors"}]},{"@type":"WebSite","@id":"https:\/\/raed.academy\/en\/#website","url":"https:\/\/raed.academy\/en\/","name":"Royal European Academy of Doctors","description":"Corporaci\u00f3n de derecho p\u00fablico de car\u00e1cter cient\u00edfico, t\u00e9cnico y art\u00edstico, que tiene por objeto la investigaci\u00f3n, el estudio, el fomento y la extensi\u00f3n del conocimiento en su sentido m\u00e1s amplio.","publisher":{"@id":"https:\/\/raed.academy\/en\/#organization"},"potentialAction":[{"@type":"SearchAction","target":{"@type":"EntryPoint","urlTemplate":"https:\/\/raed.academy\/en\/?s={search_term_string}"},"query-input":{"@type":"PropertyValueSpecification","valueRequired":true,"valueName":"search_term_string"}}],"inLanguage":"en-US"},{"@type":"Organization","@id":"https:\/\/raed.academy\/en\/#organization","name":"Real Academia Europea de Doctores","url":"https:\/\/raed.academy\/en\/","logo":{"@type":"ImageObject","inLanguage":"en-US","@id":"https:\/\/raed.academy\/en\/#\/schema\/logo\/image\/","url":"https:\/\/raed.academy\/wp-content\/uploads\/2017\/01\/cropped-logo_raed.png","contentUrl":"https:\/\/raed.academy\/wp-content\/uploads\/2017\/01\/cropped-logo_raed.png","width":512,"height":512,"caption":"Real Academia Europea de Doctores"},"image":{"@id":"https:\/\/raed.academy\/en\/#\/schema\/logo\/image\/"},"sameAs":["http:\/\/fb.me\/raed.academy","https:\/\/x.com\/raedacademy","https:\/\/www.instagram.com\/raed.academy\/","https:\/\/www.youtube.com\/channel\/UCUYQwW2KrdirNWihxMDObwg"]},{"@type":"Person","@id":"https:\/\/raed.academy\/en\/#\/schema\/person\/5a755da80d1d979fd66ba745c8702927","name":"RAED","image":{"@type":"ImageObject","inLanguage":"en-US","@id":"https:\/\/secure.gravatar.com\/avatar\/19fdfdc0d67fb9c45714b703a2ac82251c4fcea3637f002ac3c9b74c0183583c?s=96&d=mm&r=g","url":"https:\/\/secure.gravatar.com\/avatar\/19fdfdc0d67fb9c45714b703a2ac82251c4fcea3637f002ac3c9b74c0183583c?s=96&d=mm&r=g","contentUrl":"https:\/\/secure.gravatar.com\/avatar\/19fdfdc0d67fb9c45714b703a2ac82251c4fcea3637f002ac3c9b74c0183583c?s=96&d=mm&r=g","caption":"RAED"}}]}},"_links":{"self":[{"href":"https:\/\/raed.academy\/en\/wp-json\/wp\/v2\/posts\/19340","targetHints":{"allow":["GET"]}}],"collection":[{"href":"https:\/\/raed.academy\/en\/wp-json\/wp\/v2\/posts"}],"about":[{"href":"https:\/\/raed.academy\/en\/wp-json\/wp\/v2\/types\/post"}],"author":[{"embeddable":true,"href":"https:\/\/raed.academy\/en\/wp-json\/wp\/v2\/users\/12"}],"replies":[{"embeddable":true,"href":"https:\/\/raed.academy\/en\/wp-json\/wp\/v2\/comments?post=19340"}],"version-history":[{"count":0,"href":"https:\/\/raed.academy\/en\/wp-json\/wp\/v2\/posts\/19340\/revisions"}],"wp:attachment":[{"href":"https:\/\/raed.academy\/en\/wp-json\/wp\/v2\/media?parent=19340"}],"wp:term":[{"taxonomy":"category","embeddable":true,"href":"https:\/\/raed.academy\/en\/wp-json\/wp\/v2\/categories?post=19340"},{"taxonomy":"post_tag","embeddable":true,"href":"https:\/\/raed.academy\/en\/wp-json\/wp\/v2\/tags?post=19340"}],"curies":[{"name":"wp","href":"https:\/\/api.w.org\/{rel}","templated":true}]}}