{"id":188962,"date":"2026-09-02T17:36:11","date_gmt":"2026-09-02T17:36:11","guid":{"rendered":"https:\/\/raed.academy\/?p=188962"},"modified":"2026-09-02T17:36:11","modified_gmt":"2026-09-02T17:36:11","slug":"the-eclipse-seen-through-an-astronomers-eyes","status":"publish","type":"post","link":"https:\/\/raed.academy\/en\/the-eclipse-seen-through-an-astronomers-eyes\/","title":{"rendered":"The Eclipse, seen through an astronomer\u2019s eyes"},"content":{"rendered":"<p><img loading=\"lazy\" decoding=\"async\" class=\"aligncenter size-full wp-image-188252\" src=\"https:\/\/raed.academy\/wp-content\/uploads\/2026\/07\/luna-eclipse-lunar-pixabay.com-no-attr-2.91.webp\" sizes=\"(max-width: 1600px) 100vw, 1600px\" srcset=\"https:\/\/raed.academy\/wp-content\/uploads\/2026\/07\/luna-eclipse-lunar-pixabay.com-no-attr-2.91.webp 1600w, https:\/\/raed.academy\/wp-content\/uploads\/2026\/07\/luna-eclipse-lunar-pixabay.com-no-attr-2.91-768x264.webp 768w, https:\/\/raed.academy\/wp-content\/uploads\/2026\/07\/luna-eclipse-lunar-pixabay.com-no-attr-2.91-1536x528.webp 1536w, https:\/\/raed.academy\/wp-content\/uploads\/2026\/07\/luna-eclipse-lunar-pixabay.com-no-attr-2.91-1080x371.webp 1080w\" alt=\"\" width=\"1600\" height=\"550\" \/><\/p>\n<p>The <strong>Royal European Academy of Doctors<\/strong> and the <strong>Pro Royal European Academy of Doctors Foundation<\/strong>, together with the <strong>Academy of Sciences, Engineering and Humanities of Lanzarote<\/strong>, held the <strong>Eclipse 2026 Academic Meeting<\/strong> from 11 to 13 August in the municipality of Arija, in the province of Burgos. During the event, members of both institutions observed the total solar eclipse visible on 12 August across much of the Iberian Peninsula, within the framework of a scientific programme featuring several outreach lectures related to astronomy and a number of observations from a privileged location. The meeting was supported by <strong>Arija Town Council<\/strong>, with sponsorship from the <strong>Department of Justice and Democratic Quality<\/strong> of the <strong>Government of Catalonia<\/strong>, the <strong>\u201cla Caixa\u201d Foundation<\/strong> and the <strong>Association of Manufacturers and Distributors\u2013AECOC<\/strong>.<\/p>\n<p>Following welcoming remarks by the President of the READ, <a href=\"https:\/\/raed.academy\/academicos\/dr-alfredo-rocafort-nicolau\/\"><em><strong><u>Alfredo Rocafort<\/u><\/strong><\/em><\/a>, and the President of the Academy of Lanzarote and honorary member of the READ, <a href=\"https:\/\/raed.academy\/academicos\/dr-francisco-gonzalez-de-posada\/\"><em><strong><u>Francisco Gonz\u00e1lez de Posada<\/u><\/strong><\/em><\/a>, the Academic Meeting began with a first day during which the Mayor of Arija and lecturer at the <strong>University of the Basque Country, Josu Aramberri<\/strong>, was admitted as a corresponding member of the Academy of Lanzarote with the speech <strong>\u201cDifferent Ways of Looking at the Eclipse.\u201d<\/strong> This was followed by <strong>\u201cEthics and Cosmic Research,\u201d<\/strong> by <strong>Juan Jes\u00fas Gonz\u00e1lez Torres<\/strong>, also a member of the Academy of Lanzarote; <strong>\u201cArtificial Eclipses and Other Ways of Observing the Sun,\u201d<\/strong> by <strong>Abelardo Bethencourt<\/strong>, Emeritus Professor at the <strong>Polytechnic University of Madrid<\/strong> and also a member of the Academy; and <strong>\u201cThe Universe According to Current Cosmology,\u201d<\/strong> by Gonz\u00e1lez de Posada himself. Arija Town Council also hosted the exhibition <strong>\u201cWaiting for the 2026 Eclipse in Arija. Albert Einstein in Spain, 1923.\u201d<\/strong><\/p>\n<p>On 12 August, the sessions included the presentations <strong>\u201cContemplation of the Tears of Saint Lawrence,\u201d<\/strong> by <strong>Enrique de Ferra Fant\u00edn<\/strong>, astronomer and member of the Academy of Lanzarote; <strong>\u201cObserving the Eclipse,\u201d<\/strong> by <strong>Juan Vicente P\u00e9rez Ortiz<\/strong>, President of the <strong>Mediterranean Astronomical Circle<\/strong> and also an academician; <strong>\u201cNumerical Models and Light Pollution,\u201d<\/strong> the admission speech delivered by <strong>Federico Pastor<\/strong>, President of the <strong>Alicante Astronomical Association<\/strong>, on joining the Canary Islands academy; <strong>\u201cThe Great Mystery of the Solar Corona,\u201d<\/strong> by <strong>Pablo de Ferra<\/strong>; and <strong>\u201cAstronomy and Philosophy in Classical Antiquity: A Complicated Relationship,\u201d<\/strong> also an admission speech, delivered by <strong>Alfonso Hernando Gonz\u00e1lez<\/strong> upon joining the Academy of Lanzarote. Afterwards, attendees travelled to Monte Gurug\u00fa in Arija to observe the eclipse and, later that night, to the beaches of Vilga to view the Perseids.<\/p>\n<p>On the final day, the programme featured <strong>\u201cSpanish Science and Einstein and Relativity,\u201d<\/strong> by <strong>Francisco Gonz\u00e1lez Redondo<\/strong>, a member of the Academy of Lanzarote and regular collaborator of the READ; <strong>\u201cThe Eclipse That Made Einstein Famous,\u201d<\/strong> by <strong>Albino Arenas<\/strong>, also a member of the Canary Islands academy; <strong>\u201cFrom Apollo to Artemis: Humanity Returns to the Moon,\u201d<\/strong> by <strong>Jes\u00fas Mart\u00ednez Fr\u00edas<\/strong>, a member of the Canary Islands academy; and <strong>\u201cEnvironmental Quality and Global Health,\u201d<\/strong> by <a href=\"https:\/\/raed.academy\/academicos\/dra-maria-dels-angels-calvo-torras\/\"><em><strong><u>Maria \u00c0ngels Calvo<\/u><\/strong><\/em><\/a>, Vice-President of the Royal European Academy of Doctors and member of the Academy of Lanzarote. The programme concluded with the admission ceremony of <strong>Ver\u00f3nica Arroyo<\/strong> to the Canary Islands institution, during which she presented the lecture-concert <strong>\u201cThe Construction of a Complete Musical Scene by a Single Performer. Simultaneity of Soprano Voice and Violin in Solo Format. Classical Music in a Multi-Instrumental Key.\u201d<\/strong><\/p>\n","protected":false},"excerpt":{"rendered":"<p>The RAED and its Foundation, together with the Lanzarote Academy of Sciences, Engineering and Humanities (ACIHL), held the Eclipse 2026 Academic Meeting in the Burgos municipality of Arija.<\/p>\n","protected":false},"author":16,"featured_media":188257,"comment_status":"closed","ping_status":"closed","sticky":false,"template":"","format":"standard","meta":{"_et_pb_use_builder":"","_et_pb_old_content":"","_et_gb_content_width":"","footnotes":""},"categories":[314,493],"tags":[],"class_list":["post-188962","post","type-post","status-publish","format-standard","has-post-thumbnail","hentry","category-cosmology","category-scientific-meetings-and-congresses","et-has-post-format-content","et_post_format-et-post-format-standard"],"yoast_head":"<!-- This site is optimized with the Yoast SEO plugin v28.4 - https:\/\/yoast.com\/product\/yoast-seo-wordpress\/ -->\n<title>The Eclipse, seen through an astronomer\u2019s eyes - Royal European Academy of Doctors<\/title>\n<meta name=\"description\" content=\"The RAED and its Foundation, together with the ACIHL, are holding the Eclipse 2026 Academic Meeting in the Burgos municipality of Arija\" \/>\n<meta name=\"robots\" content=\"index, follow, max-snippet:-1, max-image-preview:large, max-video-preview:-1\" \/>\n<link rel=\"canonical\" href=\"https:\/\/raed.academy\/en\/the-eclipse-seen-through-an-astronomers-eyes\/\" \/>\n<meta property=\"og:locale\" content=\"en_US\" \/>\n<meta property=\"og:type\" content=\"article\" \/>\n<meta property=\"og:title\" content=\"The Eclipse, seen through an astronomer\u2019s eyes - Royal European Academy of Doctors\" \/>\n<meta property=\"og:description\" content=\"The RAED and its Foundation, together with the ACIHL, are holding the Eclipse 2026 Academic Meeting in the Burgos municipality of Arija\" \/>\n<meta property=\"og:url\" content=\"https:\/\/raed.academy\/en\/the-eclipse-seen-through-an-astronomers-eyes\/\" \/>\n<meta property=\"og:site_name\" content=\"Royal European Academy of Doctors\" \/>\n<meta property=\"article:publisher\" content=\"http:\/\/fb.me\/raed.academy\" \/>\n<meta property=\"article:published_time\" content=\"2026-09-02T17:36:11+00:00\" \/>\n<meta property=\"og:image\" content=\"https:\/\/raed.academy\/wp-content\/uploads\/2026\/07\/luna-eclipse-lunar-pixabay.com-no-attr-1.67.webp\" \/>\n\t<meta property=\"og:image:width\" content=\"800\" \/>\n\t<meta property=\"og:image:height\" content=\"480\" \/>\n\t<meta property=\"og:image:type\" content=\"image\/webp\" \/>\n<meta name=\"author\" content=\"Javier Rodr\u00edguez Sicilia\" \/>\n<meta name=\"twitter:card\" content=\"summary_large_image\" \/>\n<meta name=\"twitter:creator\" content=\"@raedacademy\" \/>\n<meta name=\"twitter:site\" content=\"@raedacademy\" \/>\n<meta name=\"twitter:label1\" content=\"Written by\" \/>\n\t<meta name=\"twitter:data1\" content=\"Javier Rodr\u00edguez Sicilia\" \/>\n\t<meta name=\"twitter:label2\" content=\"Est. reading time\" \/>\n\t<meta name=\"twitter:data2\" content=\"3 minutes\" \/>\n<script type=\"application\/ld+json\" class=\"yoast-schema-graph\">{\"@context\":\"https:\\\/\\\/schema.org\",\"@graph\":[{\"@type\":\"Article\",\"@id\":\"https:\\\/\\\/raed.academy\\\/en\\\/the-eclipse-seen-through-an-astronomers-eyes\\\/#article\",\"isPartOf\":{\"@id\":\"https:\\\/\\\/raed.academy\\\/en\\\/the-eclipse-seen-through-an-astronomers-eyes\\\/\"},\"author\":{\"name\":\"Javier Rodr\u00edguez Sicilia\",\"@id\":\"https:\\\/\\\/raed.academy\\\/en\\\/#\\\/schema\\\/person\\\/31af80688d8a2644644f48b63aa77ee1\"},\"headline\":\"The Eclipse, seen through an astronomer\u2019s eyes\",\"datePublished\":\"2026-09-02T17:36:11+00:00\",\"mainEntityOfPage\":{\"@id\":\"https:\\\/\\\/raed.academy\\\/en\\\/the-eclipse-seen-through-an-astronomers-eyes\\\/\"},\"wordCount\":564,\"publisher\":{\"@id\":\"https:\\\/\\\/raed.academy\\\/en\\\/#organization\"},\"image\":{\"@id\":\"https:\\\/\\\/raed.academy\\\/en\\\/the-eclipse-seen-through-an-astronomers-eyes\\\/#primaryimage\"},\"thumbnailUrl\":\"https:\\\/\\\/raed.academy\\\/wp-content\\\/uploads\\\/2026\\\/07\\\/luna-eclipse-lunar-pixabay.com-no-attr-1.67.webp\",\"articleSection\":[\"Cosmology\",\"Scientific Meetings and Congresses\"],\"inLanguage\":\"en-US\"},{\"@type\":\"WebPage\",\"@id\":\"https:\\\/\\\/raed.academy\\\/en\\\/the-eclipse-seen-through-an-astronomers-eyes\\\/\",\"url\":\"https:\\\/\\\/raed.academy\\\/en\\\/the-eclipse-seen-through-an-astronomers-eyes\\\/\",\"name\":\"The Eclipse, seen through an astronomer\u2019s eyes - Royal European Academy of Doctors\",\"isPartOf\":{\"@id\":\"https:\\\/\\\/raed.academy\\\/en\\\/#website\"},\"primaryImageOfPage\":{\"@id\":\"https:\\\/\\\/raed.academy\\\/en\\\/the-eclipse-seen-through-an-astronomers-eyes\\\/#primaryimage\"},\"image\":{\"@id\":\"https:\\\/\\\/raed.academy\\\/en\\\/the-eclipse-seen-through-an-astronomers-eyes\\\/#primaryimage\"},\"thumbnailUrl\":\"https:\\\/\\\/raed.academy\\\/wp-content\\\/uploads\\\/2026\\\/07\\\/luna-eclipse-lunar-pixabay.com-no-attr-1.67.webp\",\"datePublished\":\"2026-09-02T17:36:11+00:00\",\"description\":\"The RAED and its Foundation, together with the ACIHL, are holding the Eclipse 2026 Academic Meeting in the Burgos municipality of Arija\",\"breadcrumb\":{\"@id\":\"https:\\\/\\\/raed.academy\\\/en\\\/the-eclipse-seen-through-an-astronomers-eyes\\\/#breadcrumb\"},\"inLanguage\":\"en-US\",\"potentialAction\":[{\"@type\":\"ReadAction\",\"target\":[\"https:\\\/\\\/raed.academy\\\/en\\\/the-eclipse-seen-through-an-astronomers-eyes\\\/\"]}]},{\"@type\":\"ImageObject\",\"inLanguage\":\"en-US\",\"@id\":\"https:\\\/\\\/raed.academy\\\/en\\\/the-eclipse-seen-through-an-astronomers-eyes\\\/#primaryimage\",\"url\":\"https:\\\/\\\/raed.academy\\\/wp-content\\\/uploads\\\/2026\\\/07\\\/luna-eclipse-lunar-pixabay.com-no-attr-1.67.webp\",\"contentUrl\":\"https:\\\/\\\/raed.academy\\\/wp-content\\\/uploads\\\/2026\\\/07\\\/luna-eclipse-lunar-pixabay.com-no-attr-1.67.webp\",\"width\":800,\"height\":480},{\"@type\":\"BreadcrumbList\",\"@id\":\"https:\\\/\\\/raed.academy\\\/en\\\/the-eclipse-seen-through-an-astronomers-eyes\\\/#breadcrumb\",\"itemListElement\":[{\"@type\":\"ListItem\",\"position\":1,\"name\":\"Inicio\",\"item\":\"https:\\\/\\\/raed.academy\\\/en\\\/\"},{\"@type\":\"ListItem\",\"position\":2,\"name\":\"The Eclipse, seen through an astronomer\u2019s eyes\"}]},{\"@type\":\"WebSite\",\"@id\":\"https:\\\/\\\/raed.academy\\\/en\\\/#website\",\"url\":\"https:\\\/\\\/raed.academy\\\/en\\\/\",\"name\":\"Royal European Academy of Doctors\",\"description\":\"Corporaci\u00f3n de derecho p\u00fablico de car\u00e1cter cient\u00edfico, t\u00e9cnico y art\u00edstico, que tiene por objeto la investigaci\u00f3n, el estudio, el fomento y la extensi\u00f3n del conocimiento en su sentido m\u00e1s amplio.\",\"publisher\":{\"@id\":\"https:\\\/\\\/raed.academy\\\/en\\\/#organization\"},\"potentialAction\":[{\"@type\":\"SearchAction\",\"target\":{\"@type\":\"EntryPoint\",\"urlTemplate\":\"https:\\\/\\\/raed.academy\\\/en\\\/?s={search_term_string}\"},\"query-input\":{\"@type\":\"PropertyValueSpecification\",\"valueRequired\":true,\"valueName\":\"search_term_string\"}}],\"inLanguage\":\"en-US\"},{\"@type\":\"Organization\",\"@id\":\"https:\\\/\\\/raed.academy\\\/en\\\/#organization\",\"name\":\"Real Academia Europea de Doctores\",\"url\":\"https:\\\/\\\/raed.academy\\\/en\\\/\",\"logo\":{\"@type\":\"ImageObject\",\"inLanguage\":\"en-US\",\"@id\":\"https:\\\/\\\/raed.academy\\\/en\\\/#\\\/schema\\\/logo\\\/image\\\/\",\"url\":\"https:\\\/\\\/raed.academy\\\/wp-content\\\/uploads\\\/2017\\\/01\\\/cropped-logo_raed.png\",\"contentUrl\":\"https:\\\/\\\/raed.academy\\\/wp-content\\\/uploads\\\/2017\\\/01\\\/cropped-logo_raed.png\",\"width\":512,\"height\":512,\"caption\":\"Real Academia Europea de Doctores\"},\"image\":{\"@id\":\"https:\\\/\\\/raed.academy\\\/en\\\/#\\\/schema\\\/logo\\\/image\\\/\"},\"sameAs\":[\"http:\\\/\\\/fb.me\\\/raed.academy\",\"https:\\\/\\\/x.com\\\/raedacademy\",\"https:\\\/\\\/www.instagram.com\\\/raed.academy\\\/\",\"https:\\\/\\\/www.youtube.com\\\/channel\\\/UCUYQwW2KrdirNWihxMDObwg\"]},{\"@type\":\"Person\",\"@id\":\"https:\\\/\\\/raed.academy\\\/en\\\/#\\\/schema\\\/person\\\/31af80688d8a2644644f48b63aa77ee1\",\"name\":\"Javier Rodr\u00edguez Sicilia\",\"image\":{\"@type\":\"ImageObject\",\"inLanguage\":\"en-US\",\"@id\":\"https:\\\/\\\/secure.gravatar.com\\\/avatar\\\/702200af99a88a3d626bc9ca2ee9361fa6e582e4455b1e641d8576c963ca66d5?s=96&d=mm&r=g\",\"url\":\"https:\\\/\\\/secure.gravatar.com\\\/avatar\\\/702200af99a88a3d626bc9ca2ee9361fa6e582e4455b1e641d8576c963ca66d5?s=96&d=mm&r=g\",\"contentUrl\":\"https:\\\/\\\/secure.gravatar.com\\\/avatar\\\/702200af99a88a3d626bc9ca2ee9361fa6e582e4455b1e641d8576c963ca66d5?s=96&d=mm&r=g\",\"caption\":\"Javier Rodr\u00edguez Sicilia\"}}]}<\/script>\n<!-- \/ Yoast SEO plugin. -->","yoast_head_json":{"title":"The Eclipse, seen through an astronomer\u2019s eyes - Royal European Academy of Doctors","description":"The RAED and its Foundation, together with the ACIHL, are holding the Eclipse 2026 Academic Meeting in the Burgos municipality of Arija","robots":{"index":"index","follow":"follow","max-snippet":"max-snippet:-1","max-image-preview":"max-image-preview:large","max-video-preview":"max-video-preview:-1"},"canonical":"https:\/\/raed.academy\/en\/the-eclipse-seen-through-an-astronomers-eyes\/","og_locale":"en_US","og_type":"article","og_title":"The Eclipse, seen through an astronomer\u2019s eyes - Royal European Academy of Doctors","og_description":"The RAED and its Foundation, together with the ACIHL, are holding the Eclipse 2026 Academic Meeting in the Burgos municipality of Arija","og_url":"https:\/\/raed.academy\/en\/the-eclipse-seen-through-an-astronomers-eyes\/","og_site_name":"Royal European Academy of Doctors","article_publisher":"http:\/\/fb.me\/raed.academy","article_published_time":"2026-09-02T17:36:11+00:00","og_image":[{"width":800,"height":480,"url":"https:\/\/raed.academy\/wp-content\/uploads\/2026\/07\/luna-eclipse-lunar-pixabay.com-no-attr-1.67.webp","type":"image\/webp"}],"author":"Javier Rodr\u00edguez Sicilia","twitter_card":"summary_large_image","twitter_creator":"@raedacademy","twitter_site":"@raedacademy","twitter_misc":{"Written by":"Javier Rodr\u00edguez Sicilia","Est. reading time":"3 minutes"},"schema":{"@context":"https:\/\/schema.org","@graph":[{"@type":"Article","@id":"https:\/\/raed.academy\/en\/the-eclipse-seen-through-an-astronomers-eyes\/#article","isPartOf":{"@id":"https:\/\/raed.academy\/en\/the-eclipse-seen-through-an-astronomers-eyes\/"},"author":{"name":"Javier Rodr\u00edguez Sicilia","@id":"https:\/\/raed.academy\/en\/#\/schema\/person\/31af80688d8a2644644f48b63aa77ee1"},"headline":"The Eclipse, seen through an astronomer\u2019s eyes","datePublished":"2026-09-02T17:36:11+00:00","mainEntityOfPage":{"@id":"https:\/\/raed.academy\/en\/the-eclipse-seen-through-an-astronomers-eyes\/"},"wordCount":564,"publisher":{"@id":"https:\/\/raed.academy\/en\/#organization"},"image":{"@id":"https:\/\/raed.academy\/en\/the-eclipse-seen-through-an-astronomers-eyes\/#primaryimage"},"thumbnailUrl":"https:\/\/raed.academy\/wp-content\/uploads\/2026\/07\/luna-eclipse-lunar-pixabay.com-no-attr-1.67.webp","articleSection":["Cosmology","Scientific Meetings and Congresses"],"inLanguage":"en-US"},{"@type":"WebPage","@id":"https:\/\/raed.academy\/en\/the-eclipse-seen-through-an-astronomers-eyes\/","url":"https:\/\/raed.academy\/en\/the-eclipse-seen-through-an-astronomers-eyes\/","name":"The Eclipse, seen through an astronomer\u2019s eyes - Royal European Academy of Doctors","isPartOf":{"@id":"https:\/\/raed.academy\/en\/#website"},"primaryImageOfPage":{"@id":"https:\/\/raed.academy\/en\/the-eclipse-seen-through-an-astronomers-eyes\/#primaryimage"},"image":{"@id":"https:\/\/raed.academy\/en\/the-eclipse-seen-through-an-astronomers-eyes\/#primaryimage"},"thumbnailUrl":"https:\/\/raed.academy\/wp-content\/uploads\/2026\/07\/luna-eclipse-lunar-pixabay.com-no-attr-1.67.webp","datePublished":"2026-09-02T17:36:11+00:00","description":"The RAED and its Foundation, together with the ACIHL, are holding the Eclipse 2026 Academic Meeting in the Burgos municipality of Arija","breadcrumb":{"@id":"https:\/\/raed.academy\/en\/the-eclipse-seen-through-an-astronomers-eyes\/#breadcrumb"},"inLanguage":"en-US","potentialAction":[{"@type":"ReadAction","target":["https:\/\/raed.academy\/en\/the-eclipse-seen-through-an-astronomers-eyes\/"]}]},{"@type":"ImageObject","inLanguage":"en-US","@id":"https:\/\/raed.academy\/en\/the-eclipse-seen-through-an-astronomers-eyes\/#primaryimage","url":"https:\/\/raed.academy\/wp-content\/uploads\/2026\/07\/luna-eclipse-lunar-pixabay.com-no-attr-1.67.webp","contentUrl":"https:\/\/raed.academy\/wp-content\/uploads\/2026\/07\/luna-eclipse-lunar-pixabay.com-no-attr-1.67.webp","width":800,"height":480},{"@type":"BreadcrumbList","@id":"https:\/\/raed.academy\/en\/the-eclipse-seen-through-an-astronomers-eyes\/#breadcrumb","itemListElement":[{"@type":"ListItem","position":1,"name":"Inicio","item":"https:\/\/raed.academy\/en\/"},{"@type":"ListItem","position":2,"name":"The Eclipse, seen through an astronomer\u2019s eyes"}]},{"@type":"WebSite","@id":"https:\/\/raed.academy\/en\/#website","url":"https:\/\/raed.academy\/en\/","name":"Royal European Academy of Doctors","description":"Corporaci\u00f3n de derecho p\u00fablico de car\u00e1cter cient\u00edfico, t\u00e9cnico y art\u00edstico, que tiene por objeto la investigaci\u00f3n, el estudio, el fomento y la extensi\u00f3n del conocimiento en su sentido m\u00e1s amplio.","publisher":{"@id":"https:\/\/raed.academy\/en\/#organization"},"potentialAction":[{"@type":"SearchAction","target":{"@type":"EntryPoint","urlTemplate":"https:\/\/raed.academy\/en\/?s={search_term_string}"},"query-input":{"@type":"PropertyValueSpecification","valueRequired":true,"valueName":"search_term_string"}}],"inLanguage":"en-US"},{"@type":"Organization","@id":"https:\/\/raed.academy\/en\/#organization","name":"Real Academia Europea de Doctores","url":"https:\/\/raed.academy\/en\/","logo":{"@type":"ImageObject","inLanguage":"en-US","@id":"https:\/\/raed.academy\/en\/#\/schema\/logo\/image\/","url":"https:\/\/raed.academy\/wp-content\/uploads\/2017\/01\/cropped-logo_raed.png","contentUrl":"https:\/\/raed.academy\/wp-content\/uploads\/2017\/01\/cropped-logo_raed.png","width":512,"height":512,"caption":"Real Academia Europea de Doctores"},"image":{"@id":"https:\/\/raed.academy\/en\/#\/schema\/logo\/image\/"},"sameAs":["http:\/\/fb.me\/raed.academy","https:\/\/x.com\/raedacademy","https:\/\/www.instagram.com\/raed.academy\/","https:\/\/www.youtube.com\/channel\/UCUYQwW2KrdirNWihxMDObwg"]},{"@type":"Person","@id":"https:\/\/raed.academy\/en\/#\/schema\/person\/31af80688d8a2644644f48b63aa77ee1","name":"Javier Rodr\u00edguez Sicilia","image":{"@type":"ImageObject","inLanguage":"en-US","@id":"https:\/\/secure.gravatar.com\/avatar\/702200af99a88a3d626bc9ca2ee9361fa6e582e4455b1e641d8576c963ca66d5?s=96&d=mm&r=g","url":"https:\/\/secure.gravatar.com\/avatar\/702200af99a88a3d626bc9ca2ee9361fa6e582e4455b1e641d8576c963ca66d5?s=96&d=mm&r=g","contentUrl":"https:\/\/secure.gravatar.com\/avatar\/702200af99a88a3d626bc9ca2ee9361fa6e582e4455b1e641d8576c963ca66d5?s=96&d=mm&r=g","caption":"Javier Rodr\u00edguez Sicilia"}}]}},"_links":{"self":[{"href":"https:\/\/raed.academy\/en\/wp-json\/wp\/v2\/posts\/188962","targetHints":{"allow":["GET"]}}],"collection":[{"href":"https:\/\/raed.academy\/en\/wp-json\/wp\/v2\/posts"}],"about":[{"href":"https:\/\/raed.academy\/en\/wp-json\/wp\/v2\/types\/post"}],"author":[{"embeddable":true,"href":"https:\/\/raed.academy\/en\/wp-json\/wp\/v2\/users\/16"}],"replies":[{"embeddable":true,"href":"https:\/\/raed.academy\/en\/wp-json\/wp\/v2\/comments?post=188962"}],"version-history":[{"count":1,"href":"https:\/\/raed.academy\/en\/wp-json\/wp\/v2\/posts\/188962\/revisions"}],"predecessor-version":[{"id":188963,"href":"https:\/\/raed.academy\/en\/wp-json\/wp\/v2\/posts\/188962\/revisions\/188963"}],"wp:featuredmedia":[{"embeddable":true,"href":"https:\/\/raed.academy\/en\/wp-json\/wp\/v2\/media\/188257"}],"wp:attachment":[{"href":"https:\/\/raed.academy\/en\/wp-json\/wp\/v2\/media?parent=188962"}],"wp:term":[{"taxonomy":"category","embeddable":true,"href":"https:\/\/raed.academy\/en\/wp-json\/wp\/v2\/categories?post=188962"},{"taxonomy":"post_tag","embeddable":true,"href":"https:\/\/raed.academy\/en\/wp-json\/wp\/v2\/tags?post=188962"}],"curies":[{"name":"wp","href":"https:\/\/api.w.org\/{rel}","templated":true}]}}