{"id":188956,"date":"2026-09-02T17:14:47","date_gmt":"2026-09-02T17:14:47","guid":{"rendered":"https:\/\/raed.academy\/?p=188956"},"modified":"2026-09-03T08:41:16","modified_gmt":"2026-09-03T08:41:16","slug":"ceuta-the-final-stop","status":"publish","type":"post","link":"https:\/\/raed.academy\/en\/ceuta-the-final-stop\/","title":{"rendered":"Ceuta, the final stop"},"content":{"rendered":"<p><img loading=\"lazy\" decoding=\"async\" class=\"aligncenter size-full wp-image-188881\" src=\"https:\/\/raed.academy\/wp-content\/uploads\/2026\/08\/crisis-migratoria-Espana-Ceuta-carrusel.webp\" sizes=\"(max-width: 1600px) 100vw, 1600px\" srcset=\"https:\/\/raed.academy\/wp-content\/uploads\/2026\/08\/crisis-migratoria-Espana-Ceuta-carrusel.webp 1600w, https:\/\/raed.academy\/wp-content\/uploads\/2026\/08\/crisis-migratoria-Espana-Ceuta-carrusel-768x264.webp 768w, https:\/\/raed.academy\/wp-content\/uploads\/2026\/08\/crisis-migratoria-Espana-Ceuta-carrusel-1536x528.webp 1536w, https:\/\/raed.academy\/wp-content\/uploads\/2026\/08\/crisis-migratoria-Espana-Ceuta-carrusel-1080x371.webp 1080w\" alt=\"\" width=\"1600\" height=\"550\" \/><\/p>\n<p><a href=\"https:\/\/raed.academy\/academicos\/dra-teresa-freixes-sanjuan\/\"><em><strong><u>Teresa Freixes<\/u><\/strong><\/em><\/a>, Jean Monnet Chair ad personam, President of the international organisation <strong>Citizens pro Europe<\/strong>, Vice-President of the civic platform <strong>Sociedad Civil Catalana<\/strong>, and full member and Vice-President of the <strong>Board of Governors<\/strong> of the <strong>Royal European Academy of Doctors<\/strong> (READ), reflects on the migration crisis affecting Spain since the mass crossing of Moroccan citizens at the Ceuta border on 30 and 31 July, as well as on other aspects of current affairs in Spain, in the articles <strong>\u201cWhat Should We Do with the Foreign Minors in Ceuta?\u201d, \u201cCeuta, citt\u00e0 aperta,\u201d \u201cHistorical Events, Physical Phenomena and Memory\u201d<\/strong> and <strong>\u201cDownhill and Toothless,\u201d<\/strong> published between 9 and 25 August on the specialist portal <strong>Art\u00edculo 14<\/strong> and the digital newspaper <strong>The Objective<\/strong>.<\/p>\n<p>In <strong>\u201cWhat Should We Do with the Foreign Minors in Ceuta?\u201d<\/strong>, the legal expert outlines international humanitarian law and asylum policies to clarify what should happen to the minors who entered the autonomous city illegally and remain there without protection. \u201cIt is truly surprising that the politicians in charge already want to establish the distribution or reception among the autonomous communities of the unaccompanied minors who are in Ceuta. They do not even know yet how many there are, since while the Spanish Government speaks of around 1,500, the Ceuta authorities and organisations present in the area count more than 4,000, and they already want to distribute them. Nor have they been able to identify them or scientifically verify that they are in fact minors. Their families have not been sought, although it appears that some are trying to find them by their own means, attempting to get them back home,\u201d she explains.<\/p>\n<p>In <strong>\u201cCeuta, citt\u00e0 aperta,\u201d<\/strong> the Vice-President of the Royal Academy called, before its adoption, for the application of the National Security Law in response to an uncontrolled situation following the arrival of around 70,000 people in the Spanish North African city. \u201cWhat are we faced with now? We are faced with a Spanish city located in North Africa that has been invaded, which for almost two days was a lawless city, overwhelmed by an influx of almost as many foreigners as inhabitants, without access to even the most basic sanitation, without food or water, without healthcare services capable of operating for such a large number of potential users, without accommodation, without the possibility of identification to individualise administrative needs, without any guarantee of security or respect either for those who entered or for the local population, economically paralysed, living in practical abandonment, while those who have the legal obligation to confront the situation do not even bother to concern themselves with what they should, some because they are away on musical holidays and others because they are preoccupied with the eclipse\u2026\u201d she argues.<\/p>\n<div id=\"attachment_157831\" style=\"width: 610px\" class=\"wp-caption alignright\"><img loading=\"lazy\" decoding=\"async\" aria-describedby=\"caption-attachment-157831\" class=\"wp-image-157831 size-full\" src=\"https:\/\/raed.academy\/wp-content\/uploads\/2025\/01\/Teresa-Freixes-dst.webp\" sizes=\"(max-width: 600px) 100vw, 600px\" srcset=\"https:\/\/raed.academy\/wp-content\/uploads\/2025\/01\/Teresa-Freixes-dst.webp 600w, https:\/\/raed.academy\/wp-content\/uploads\/2025\/01\/Teresa-Freixes-dst-440x264.webp 440w\" alt=\"Teresa Freixes\" width=\"600\" height=\"360\" aria-describedby=\"caption-attachment-157831\" \/><p id=\"caption-attachment-157831\" class=\"wp-caption-text\">Dr Teresa Freixes<\/p><\/div>\n<p>In <strong>\u201cHistorical Events, Physical Phenomena and Memory,\u201d<\/strong> the President of Citizens pro Europe brings into the present, prompted by the links drawn between certain historical events and the earthquakes that have affected the province of Granada in recent weeks, the existence in the Lleida municipality of Els Omells of a labour camp run by the Republic\u2019s <strong>Military Investigation Service<\/strong>. \u201cMore than 600 prisoners from Barcelona\u2019s Model Prison were sent there, most of them imprisoned for political reasons \u2014 they were not combatants captured in battle \u2014 for being Catholics or members of the bourgeoisie, homosexuals, Falangists, lawyers, professors, doctors, as well as deserters or Republicans opposed to the direction the regime was taking, particularly militiamen from the POUM and anarchists, after the May Days of 1937. According to what the residents of Els Omells told me. However, they greatly disliked talking about it, and the information had to be drawn out of them little by little; practically the entire village functioned as a concentration camp, while they themselves, also under exhaustive surveillance, were unable to have contact with the prisoners,\u201d she recounts.<\/p>\n<p>Finally, in <strong>\u201cDownhill and Toothless,\u201d<\/strong> Freixes lists a series of episodes that have led the Government to maintain fragile parliamentary balances without fully exercising its functions as would be expected of any democratic government. \u201cThe S\u00e1nchez executive intends to govern without taking into account that our constitutional system follows the principles of parliamentary monarchies, not presidential populisms, which is what they want us to become accustomed to. This allergy to Parliament may lie behind the refusal to apply the appropriate rules to the situation in Ceuta, through a declaration of national security interest, which would require going to explain it to Congress; to avoid doing so, instead of creating a single command structure, as prescribed by law, with clearly defined powers, they simply label Minister \u00c1ngel Torres as a coordinator and leave him to deal with the situation. They are certainly creative. The problem is that this kind of creativity is not very effective,\u201d she concludes.<\/p>\n<h2><a href=\"https:\/\/www.articulo14.es\/opinion\/que-hacemos-con-los-menores-extranjeros-que-estan-en-ceuta-20260817.html\"><u>Read \u201cWhat Should We Do with the Foreign Minors in Ceuta?\u201d<\/u><\/a><\/h2>\n<h2><a href=\"https:\/\/theobjective.com\/elsubjetivo\/opinion\/2026-08-09\/ceuta-citta-aperta-articulo-freixes\/\"><u>Read \u201cCeuta, citt\u00e0 aperta\u201d<\/u><\/a><\/h2>\n<h2><a href=\"https:\/\/theobjective.com\/elsubjetivo\/opinion\/2026-08-23\/hechos-historicos-fenomenos-fisicos-y-memoria-articulo-teresa-freixes\/\"><u>Read \u201cHistorical Events, Physical Phenomena and Memory\u201d<\/u><\/a><\/h2>\n<h2><a href=\"https:\/\/www.articulo14.es\/opinion\/cuesta-abajo-y-sin-dientes-20260825.html\"><u>Read \u201cDownhill and Toothless\u201d<\/u><\/a><\/h2>\n","protected":false},"excerpt":{"rendered":"<p>Teresa Freixes reflects on the migration crisis that Spain has been experiencing since the mass assault by Moroccan citizens on the Ceuta border on July 30 and 31, and on other aspects of current events in Spain, in her latest articles<\/p>\n","protected":false},"author":16,"featured_media":188886,"comment_status":"closed","ping_status":"closed","sticky":false,"template":"","format":"standard","meta":{"_et_pb_use_builder":"","_et_pb_old_content":"","_et_gb_content_width":"","footnotes":""},"categories":[243,228,405,351],"tags":[],"class_list":["post-188956","post","type-post","status-publish","format-standard","has-post-thumbnail","hentry","category-categ-history","category-law","category-national-history","category-political-sciences","et-has-post-format-content","et_post_format-et-post-format-standard"],"yoast_head":"<!-- This site is optimized with the Yoast SEO plugin v28.4 - https:\/\/yoast.com\/product\/yoast-seo-wordpress\/ -->\n<title>Ceuta, the final stop - Royal European Academy of Doctors<\/title>\n<meta name=\"description\" content=\"&quot;What do we do with the unaccompanied foreign minors in Ceuta?&quot; Teresa Freixes on Spain&#039;s migration crisis since the mass assault by Moroccan citizens\" \/>\n<meta name=\"robots\" content=\"index, follow, max-snippet:-1, max-image-preview:large, max-video-preview:-1\" \/>\n<link rel=\"canonical\" href=\"https:\/\/raed.academy\/en\/ceuta-the-final-stop\/\" \/>\n<meta property=\"og:locale\" content=\"en_US\" \/>\n<meta property=\"og:type\" content=\"article\" \/>\n<meta property=\"og:title\" content=\"Ceuta, the final stop - Royal European Academy of Doctors\" \/>\n<meta property=\"og:description\" content=\"&quot;What do we do with the unaccompanied foreign minors in Ceuta?&quot; Teresa Freixes on Spain&#039;s migration crisis since the mass assault by Moroccan citizens\" \/>\n<meta property=\"og:url\" content=\"https:\/\/raed.academy\/en\/ceuta-the-final-stop\/\" \/>\n<meta property=\"og:site_name\" content=\"Royal European Academy of Doctors\" \/>\n<meta property=\"article:publisher\" content=\"http:\/\/fb.me\/raed.academy\" \/>\n<meta property=\"article:published_time\" content=\"2026-09-02T17:14:47+00:00\" \/>\n<meta property=\"article:modified_time\" content=\"2026-09-03T08:41:16+00:00\" \/>\n<meta property=\"og:image\" content=\"https:\/\/raed.academy\/wp-content\/uploads\/2026\/08\/crisis-migratoria-Espana-Ceuta-dst.webp\" \/>\n\t<meta property=\"og:image:width\" content=\"600\" \/>\n\t<meta property=\"og:image:height\" content=\"360\" \/>\n\t<meta property=\"og:image:type\" content=\"image\/webp\" \/>\n<meta name=\"author\" content=\"Javier Rodr\u00edguez Sicilia\" \/>\n<meta name=\"twitter:card\" content=\"summary_large_image\" \/>\n<meta name=\"twitter:creator\" content=\"@raedacademy\" \/>\n<meta name=\"twitter:site\" content=\"@raedacademy\" \/>\n<meta name=\"twitter:label1\" content=\"Written by\" \/>\n\t<meta name=\"twitter:data1\" content=\"Javier Rodr\u00edguez Sicilia\" \/>\n\t<meta name=\"twitter:label2\" content=\"Est. reading time\" \/>\n\t<meta name=\"twitter:data2\" content=\"5 minutes\" \/>\n<script type=\"application\/ld+json\" class=\"yoast-schema-graph\">{\"@context\":\"https:\\\/\\\/schema.org\",\"@graph\":[{\"@type\":\"Article\",\"@id\":\"https:\\\/\\\/raed.academy\\\/en\\\/ceuta-the-final-stop\\\/#article\",\"isPartOf\":{\"@id\":\"https:\\\/\\\/raed.academy\\\/en\\\/ceuta-the-final-stop\\\/\"},\"author\":{\"name\":\"Javier Rodr\u00edguez Sicilia\",\"@id\":\"https:\\\/\\\/raed.academy\\\/en\\\/#\\\/schema\\\/person\\\/31af80688d8a2644644f48b63aa77ee1\"},\"headline\":\"Ceuta, the final stop\",\"datePublished\":\"2026-09-02T17:14:47+00:00\",\"dateModified\":\"2026-09-03T08:41:16+00:00\",\"mainEntityOfPage\":{\"@id\":\"https:\\\/\\\/raed.academy\\\/en\\\/ceuta-the-final-stop\\\/\"},\"wordCount\":825,\"publisher\":{\"@id\":\"https:\\\/\\\/raed.academy\\\/en\\\/#organization\"},\"image\":{\"@id\":\"https:\\\/\\\/raed.academy\\\/en\\\/ceuta-the-final-stop\\\/#primaryimage\"},\"thumbnailUrl\":\"https:\\\/\\\/raed.academy\\\/wp-content\\\/uploads\\\/2026\\\/08\\\/crisis-migratoria-Espana-Ceuta-dst.webp\",\"articleSection\":[\"History\",\"Law\",\"National history\",\"Political Sciences\"],\"inLanguage\":\"en-US\"},{\"@type\":\"WebPage\",\"@id\":\"https:\\\/\\\/raed.academy\\\/en\\\/ceuta-the-final-stop\\\/\",\"url\":\"https:\\\/\\\/raed.academy\\\/en\\\/ceuta-the-final-stop\\\/\",\"name\":\"Ceuta, the final stop - Royal European Academy of Doctors\",\"isPartOf\":{\"@id\":\"https:\\\/\\\/raed.academy\\\/en\\\/#website\"},\"primaryImageOfPage\":{\"@id\":\"https:\\\/\\\/raed.academy\\\/en\\\/ceuta-the-final-stop\\\/#primaryimage\"},\"image\":{\"@id\":\"https:\\\/\\\/raed.academy\\\/en\\\/ceuta-the-final-stop\\\/#primaryimage\"},\"thumbnailUrl\":\"https:\\\/\\\/raed.academy\\\/wp-content\\\/uploads\\\/2026\\\/08\\\/crisis-migratoria-Espana-Ceuta-dst.webp\",\"datePublished\":\"2026-09-02T17:14:47+00:00\",\"dateModified\":\"2026-09-03T08:41:16+00:00\",\"description\":\"\\\"What do we do with the unaccompanied foreign minors in Ceuta?\\\" Teresa Freixes on Spain's migration crisis since the mass assault by Moroccan citizens\",\"breadcrumb\":{\"@id\":\"https:\\\/\\\/raed.academy\\\/en\\\/ceuta-the-final-stop\\\/#breadcrumb\"},\"inLanguage\":\"en-US\",\"potentialAction\":[{\"@type\":\"ReadAction\",\"target\":[\"https:\\\/\\\/raed.academy\\\/en\\\/ceuta-the-final-stop\\\/\"]}]},{\"@type\":\"ImageObject\",\"inLanguage\":\"en-US\",\"@id\":\"https:\\\/\\\/raed.academy\\\/en\\\/ceuta-the-final-stop\\\/#primaryimage\",\"url\":\"https:\\\/\\\/raed.academy\\\/wp-content\\\/uploads\\\/2026\\\/08\\\/crisis-migratoria-Espana-Ceuta-dst.webp\",\"contentUrl\":\"https:\\\/\\\/raed.academy\\\/wp-content\\\/uploads\\\/2026\\\/08\\\/crisis-migratoria-Espana-Ceuta-dst.webp\",\"width\":600,\"height\":360},{\"@type\":\"BreadcrumbList\",\"@id\":\"https:\\\/\\\/raed.academy\\\/en\\\/ceuta-the-final-stop\\\/#breadcrumb\",\"itemListElement\":[{\"@type\":\"ListItem\",\"position\":1,\"name\":\"Inicio\",\"item\":\"https:\\\/\\\/raed.academy\\\/en\\\/\"},{\"@type\":\"ListItem\",\"position\":2,\"name\":\"Ceuta, the final stop\"}]},{\"@type\":\"WebSite\",\"@id\":\"https:\\\/\\\/raed.academy\\\/en\\\/#website\",\"url\":\"https:\\\/\\\/raed.academy\\\/en\\\/\",\"name\":\"Royal European Academy of Doctors\",\"description\":\"Corporaci\u00f3n de derecho p\u00fablico de car\u00e1cter cient\u00edfico, t\u00e9cnico y art\u00edstico, que tiene por objeto la investigaci\u00f3n, el estudio, el fomento y la extensi\u00f3n del conocimiento en su sentido m\u00e1s amplio.\",\"publisher\":{\"@id\":\"https:\\\/\\\/raed.academy\\\/en\\\/#organization\"},\"potentialAction\":[{\"@type\":\"SearchAction\",\"target\":{\"@type\":\"EntryPoint\",\"urlTemplate\":\"https:\\\/\\\/raed.academy\\\/en\\\/?s={search_term_string}\"},\"query-input\":{\"@type\":\"PropertyValueSpecification\",\"valueRequired\":true,\"valueName\":\"search_term_string\"}}],\"inLanguage\":\"en-US\"},{\"@type\":\"Organization\",\"@id\":\"https:\\\/\\\/raed.academy\\\/en\\\/#organization\",\"name\":\"Real Academia Europea de Doctores\",\"url\":\"https:\\\/\\\/raed.academy\\\/en\\\/\",\"logo\":{\"@type\":\"ImageObject\",\"inLanguage\":\"en-US\",\"@id\":\"https:\\\/\\\/raed.academy\\\/en\\\/#\\\/schema\\\/logo\\\/image\\\/\",\"url\":\"https:\\\/\\\/raed.academy\\\/wp-content\\\/uploads\\\/2017\\\/01\\\/cropped-logo_raed.png\",\"contentUrl\":\"https:\\\/\\\/raed.academy\\\/wp-content\\\/uploads\\\/2017\\\/01\\\/cropped-logo_raed.png\",\"width\":512,\"height\":512,\"caption\":\"Real Academia Europea de Doctores\"},\"image\":{\"@id\":\"https:\\\/\\\/raed.academy\\\/en\\\/#\\\/schema\\\/logo\\\/image\\\/\"},\"sameAs\":[\"http:\\\/\\\/fb.me\\\/raed.academy\",\"https:\\\/\\\/x.com\\\/raedacademy\",\"https:\\\/\\\/www.instagram.com\\\/raed.academy\\\/\",\"https:\\\/\\\/www.youtube.com\\\/channel\\\/UCUYQwW2KrdirNWihxMDObwg\"]},{\"@type\":\"Person\",\"@id\":\"https:\\\/\\\/raed.academy\\\/en\\\/#\\\/schema\\\/person\\\/31af80688d8a2644644f48b63aa77ee1\",\"name\":\"Javier Rodr\u00edguez Sicilia\",\"image\":{\"@type\":\"ImageObject\",\"inLanguage\":\"en-US\",\"@id\":\"https:\\\/\\\/secure.gravatar.com\\\/avatar\\\/702200af99a88a3d626bc9ca2ee9361fa6e582e4455b1e641d8576c963ca66d5?s=96&d=mm&r=g\",\"url\":\"https:\\\/\\\/secure.gravatar.com\\\/avatar\\\/702200af99a88a3d626bc9ca2ee9361fa6e582e4455b1e641d8576c963ca66d5?s=96&d=mm&r=g\",\"contentUrl\":\"https:\\\/\\\/secure.gravatar.com\\\/avatar\\\/702200af99a88a3d626bc9ca2ee9361fa6e582e4455b1e641d8576c963ca66d5?s=96&d=mm&r=g\",\"caption\":\"Javier Rodr\u00edguez Sicilia\"}}]}<\/script>\n<!-- \/ Yoast SEO plugin. -->","yoast_head_json":{"title":"Ceuta, the final stop - Royal European Academy of Doctors","description":"\"What do we do with the unaccompanied foreign minors in Ceuta?\" Teresa Freixes on Spain's migration crisis since the mass assault by Moroccan citizens","robots":{"index":"index","follow":"follow","max-snippet":"max-snippet:-1","max-image-preview":"max-image-preview:large","max-video-preview":"max-video-preview:-1"},"canonical":"https:\/\/raed.academy\/en\/ceuta-the-final-stop\/","og_locale":"en_US","og_type":"article","og_title":"Ceuta, the final stop - Royal European Academy of Doctors","og_description":"\"What do we do with the unaccompanied foreign minors in Ceuta?\" Teresa Freixes on Spain's migration crisis since the mass assault by Moroccan citizens","og_url":"https:\/\/raed.academy\/en\/ceuta-the-final-stop\/","og_site_name":"Royal European Academy of Doctors","article_publisher":"http:\/\/fb.me\/raed.academy","article_published_time":"2026-09-02T17:14:47+00:00","article_modified_time":"2026-09-03T08:41:16+00:00","og_image":[{"width":600,"height":360,"url":"https:\/\/raed.academy\/wp-content\/uploads\/2026\/08\/crisis-migratoria-Espana-Ceuta-dst.webp","type":"image\/webp"}],"author":"Javier Rodr\u00edguez Sicilia","twitter_card":"summary_large_image","twitter_creator":"@raedacademy","twitter_site":"@raedacademy","twitter_misc":{"Written by":"Javier Rodr\u00edguez Sicilia","Est. reading time":"5 minutes"},"schema":{"@context":"https:\/\/schema.org","@graph":[{"@type":"Article","@id":"https:\/\/raed.academy\/en\/ceuta-the-final-stop\/#article","isPartOf":{"@id":"https:\/\/raed.academy\/en\/ceuta-the-final-stop\/"},"author":{"name":"Javier Rodr\u00edguez Sicilia","@id":"https:\/\/raed.academy\/en\/#\/schema\/person\/31af80688d8a2644644f48b63aa77ee1"},"headline":"Ceuta, the final stop","datePublished":"2026-09-02T17:14:47+00:00","dateModified":"2026-09-03T08:41:16+00:00","mainEntityOfPage":{"@id":"https:\/\/raed.academy\/en\/ceuta-the-final-stop\/"},"wordCount":825,"publisher":{"@id":"https:\/\/raed.academy\/en\/#organization"},"image":{"@id":"https:\/\/raed.academy\/en\/ceuta-the-final-stop\/#primaryimage"},"thumbnailUrl":"https:\/\/raed.academy\/wp-content\/uploads\/2026\/08\/crisis-migratoria-Espana-Ceuta-dst.webp","articleSection":["History","Law","National history","Political Sciences"],"inLanguage":"en-US"},{"@type":"WebPage","@id":"https:\/\/raed.academy\/en\/ceuta-the-final-stop\/","url":"https:\/\/raed.academy\/en\/ceuta-the-final-stop\/","name":"Ceuta, the final stop - Royal European Academy of Doctors","isPartOf":{"@id":"https:\/\/raed.academy\/en\/#website"},"primaryImageOfPage":{"@id":"https:\/\/raed.academy\/en\/ceuta-the-final-stop\/#primaryimage"},"image":{"@id":"https:\/\/raed.academy\/en\/ceuta-the-final-stop\/#primaryimage"},"thumbnailUrl":"https:\/\/raed.academy\/wp-content\/uploads\/2026\/08\/crisis-migratoria-Espana-Ceuta-dst.webp","datePublished":"2026-09-02T17:14:47+00:00","dateModified":"2026-09-03T08:41:16+00:00","description":"\"What do we do with the unaccompanied foreign minors in Ceuta?\" Teresa Freixes on Spain's migration crisis since the mass assault by Moroccan citizens","breadcrumb":{"@id":"https:\/\/raed.academy\/en\/ceuta-the-final-stop\/#breadcrumb"},"inLanguage":"en-US","potentialAction":[{"@type":"ReadAction","target":["https:\/\/raed.academy\/en\/ceuta-the-final-stop\/"]}]},{"@type":"ImageObject","inLanguage":"en-US","@id":"https:\/\/raed.academy\/en\/ceuta-the-final-stop\/#primaryimage","url":"https:\/\/raed.academy\/wp-content\/uploads\/2026\/08\/crisis-migratoria-Espana-Ceuta-dst.webp","contentUrl":"https:\/\/raed.academy\/wp-content\/uploads\/2026\/08\/crisis-migratoria-Espana-Ceuta-dst.webp","width":600,"height":360},{"@type":"BreadcrumbList","@id":"https:\/\/raed.academy\/en\/ceuta-the-final-stop\/#breadcrumb","itemListElement":[{"@type":"ListItem","position":1,"name":"Inicio","item":"https:\/\/raed.academy\/en\/"},{"@type":"ListItem","position":2,"name":"Ceuta, the final stop"}]},{"@type":"WebSite","@id":"https:\/\/raed.academy\/en\/#website","url":"https:\/\/raed.academy\/en\/","name":"Royal European Academy of Doctors","description":"Corporaci\u00f3n de derecho p\u00fablico de car\u00e1cter cient\u00edfico, t\u00e9cnico y art\u00edstico, que tiene por objeto la investigaci\u00f3n, el estudio, el fomento y la extensi\u00f3n del conocimiento en su sentido m\u00e1s amplio.","publisher":{"@id":"https:\/\/raed.academy\/en\/#organization"},"potentialAction":[{"@type":"SearchAction","target":{"@type":"EntryPoint","urlTemplate":"https:\/\/raed.academy\/en\/?s={search_term_string}"},"query-input":{"@type":"PropertyValueSpecification","valueRequired":true,"valueName":"search_term_string"}}],"inLanguage":"en-US"},{"@type":"Organization","@id":"https:\/\/raed.academy\/en\/#organization","name":"Real Academia Europea de Doctores","url":"https:\/\/raed.academy\/en\/","logo":{"@type":"ImageObject","inLanguage":"en-US","@id":"https:\/\/raed.academy\/en\/#\/schema\/logo\/image\/","url":"https:\/\/raed.academy\/wp-content\/uploads\/2017\/01\/cropped-logo_raed.png","contentUrl":"https:\/\/raed.academy\/wp-content\/uploads\/2017\/01\/cropped-logo_raed.png","width":512,"height":512,"caption":"Real Academia Europea de Doctores"},"image":{"@id":"https:\/\/raed.academy\/en\/#\/schema\/logo\/image\/"},"sameAs":["http:\/\/fb.me\/raed.academy","https:\/\/x.com\/raedacademy","https:\/\/www.instagram.com\/raed.academy\/","https:\/\/www.youtube.com\/channel\/UCUYQwW2KrdirNWihxMDObwg"]},{"@type":"Person","@id":"https:\/\/raed.academy\/en\/#\/schema\/person\/31af80688d8a2644644f48b63aa77ee1","name":"Javier Rodr\u00edguez Sicilia","image":{"@type":"ImageObject","inLanguage":"en-US","@id":"https:\/\/secure.gravatar.com\/avatar\/702200af99a88a3d626bc9ca2ee9361fa6e582e4455b1e641d8576c963ca66d5?s=96&d=mm&r=g","url":"https:\/\/secure.gravatar.com\/avatar\/702200af99a88a3d626bc9ca2ee9361fa6e582e4455b1e641d8576c963ca66d5?s=96&d=mm&r=g","contentUrl":"https:\/\/secure.gravatar.com\/avatar\/702200af99a88a3d626bc9ca2ee9361fa6e582e4455b1e641d8576c963ca66d5?s=96&d=mm&r=g","caption":"Javier Rodr\u00edguez Sicilia"}}]}},"_links":{"self":[{"href":"https:\/\/raed.academy\/en\/wp-json\/wp\/v2\/posts\/188956","targetHints":{"allow":["GET"]}}],"collection":[{"href":"https:\/\/raed.academy\/en\/wp-json\/wp\/v2\/posts"}],"about":[{"href":"https:\/\/raed.academy\/en\/wp-json\/wp\/v2\/types\/post"}],"author":[{"embeddable":true,"href":"https:\/\/raed.academy\/en\/wp-json\/wp\/v2\/users\/16"}],"replies":[{"embeddable":true,"href":"https:\/\/raed.academy\/en\/wp-json\/wp\/v2\/comments?post=188956"}],"version-history":[{"count":3,"href":"https:\/\/raed.academy\/en\/wp-json\/wp\/v2\/posts\/188956\/revisions"}],"predecessor-version":[{"id":188972,"href":"https:\/\/raed.academy\/en\/wp-json\/wp\/v2\/posts\/188956\/revisions\/188972"}],"wp:featuredmedia":[{"embeddable":true,"href":"https:\/\/raed.academy\/en\/wp-json\/wp\/v2\/media\/188886"}],"wp:attachment":[{"href":"https:\/\/raed.academy\/en\/wp-json\/wp\/v2\/media?parent=188956"}],"wp:term":[{"taxonomy":"category","embeddable":true,"href":"https:\/\/raed.academy\/en\/wp-json\/wp\/v2\/categories?post=188956"},{"taxonomy":"post_tag","embeddable":true,"href":"https:\/\/raed.academy\/en\/wp-json\/wp\/v2\/tags?post=188956"}],"curies":[{"name":"wp","href":"https:\/\/api.w.org\/{rel}","templated":true}]}}