{"id":188953,"date":"2026-09-02T17:03:40","date_gmt":"2026-09-02T17:03:40","guid":{"rendered":"https:\/\/raed.academy\/?p=188953"},"modified":"2026-09-02T17:11:43","modified_gmt":"2026-09-02T17:11:43","slug":"seven-decades-safeguarding-road-safety","status":"publish","type":"post","link":"https:\/\/raed.academy\/en\/seven-decades-safeguarding-road-safety\/","title":{"rendered":"Seven decades safeguarding road safety"},"content":{"rendered":"<div id=\"attachment_181478\" style=\"width: 240px\" class=\"wp-caption alignleft\"><img loading=\"lazy\" decoding=\"async\" aria-describedby=\"caption-attachment-181478\" class=\"wp-image-181478 size-full\" src=\"https:\/\/raed.academy\/wp-content\/uploads\/2026\/03\/Dr-Francisco-Lopez-Munoz-imgcp-0.73.webp\" alt=\"Francisco L\u00f3pez Mu\u00f1oz\" width=\"230\" height=\"317\" aria-describedby=\"caption-attachment-181478\" \/><p id=\"caption-attachment-181478\" class=\"wp-caption-text\">Dr Francisco L\u00f3pez Mu\u00f1oz<\/p><\/div>\n<p><a href=\"https:\/\/raed.academy\/academicos\/dr-francisco-lopez-munoz\/\"><em><strong><u>Francisco L\u00f3pez Mu\u00f1oz<\/u><\/strong><\/em><\/a>, Professor of Pharmacology and Vice-Rector for Research, Science and Doctoral Studies at <strong>Camilo Jos\u00e9 Cela University<\/strong>, corresponding member of the <strong>Royal Academy of Medicine of the Basque Country<\/strong> and other national and international academies, and full member of the <strong>Royal European Academy of Doctors<\/strong> (READ), examines the origins of road safety in Spain in the article <strong>\u201cCreation of the Civil Guard Traffic Group,\u201d<\/strong> published this August in the anniversaries section of the <strong>Academy of Military Sciences and Arts<\/strong>, of which he is a corresponding member. The expert recently published in the same section the article <strong>\u201cThe Terrorist Attack in Plaza de la Rep\u00fablica Dominicana against the Civil Guard and the Paradigm Shift in the Fight against ETA,\u201d<\/strong> recalling one of the terrorist organisation\u2019s most violent attacks.<\/p>\n<p>The academic recalls how, on 26 August 1959, the <strong>Traffic Group<\/strong> of the <strong>Civil Guard<\/strong> was officially created, marking a key milestone in the modernisation of road safety in Spain. Although surveillance of roads and overland communications had formed part of the force\u2019s duties since its foundation in 1844, the rapid growth of the motor vehicle fleet during the 1950s made a specialised and permanent structure essential. Its most immediate precedents, he notes, date back to the <strong>Road Watchmen Corps<\/strong> of 1929 and, after the Civil War, the <strong>Armed and Traffic Police Corps<\/strong> of 1941. However, the high accident rate, with more than 1,700 deaths in traffic-related accidents in 1958, together with pilot schemes launched in 1953 on the roads leading into Madrid, prompted a far-reaching reform.<\/p>\n<p>The Traffic Group was created with a staff of 402 Civil Guards, under the command of a colonel, and included motorcycle officers wearing green helmets, brown leather jackets and riding boots, as well as accident-report specialists, drivers and mechanics. Its first operational service took place on the night of 5 to 6 September 1959 on the N-V road between Madrid and Talavera de la Reina, and on that very occasion it saved the life of a seriously ill young girl, symbolising its dual preventive and humanitarian vocation. A few months later, on 21 December, the <strong>Madrid Sector<\/strong> escorted US President <strong>Dwight Eisenhower<\/strong> during his visit to Spain. According to the expert, the Traffic Group professionalised traffic surveillance, standardised procedures for regulation, accident investigation and assistance, and over time became an essential instrument of road safety policy.<\/p>\n<p><img loading=\"lazy\" decoding=\"async\" class=\"size-full wp-image-188873 alignright\" src=\"https:\/\/raed.academy\/wp-content\/uploads\/2026\/08\/seguridad-vial-conos-de-trafico-carretera-shutt-1.67.webp\" sizes=\"(max-width: 600px) 100vw, 600px\" srcset=\"https:\/\/raed.academy\/wp-content\/uploads\/2026\/08\/seguridad-vial-conos-de-trafico-carretera-shutt-1.67.webp 600w, https:\/\/raed.academy\/wp-content\/uploads\/2026\/08\/seguridad-vial-conos-de-trafico-carretera-shutt-1.67-440x264.webp 440w\" alt=\"\" width=\"600\" height=\"360\" \/>A recognised communicator on contemporary history, Spanish Golden Age literature, medicine and pharmacology, L\u00f3pez Mu\u00f1oz holds doctorates in Medicine and Surgery and in Spanish Language and Literature, is a specialist in Pharmaceutical Medicine and holds a diploma in Holocaust Studies from the <strong>International School for Holocaust Studies<\/strong> at Yad Vashem in Jerusalem. He is a researcher at the <strong>Hospital 12 de Octubre Research Institute<\/strong> in Madrid, a member of the <strong>Governing Council<\/strong> of the <strong>HM Hospitales Health Research Institute<\/strong> and of the <strong>Miguel de Cervantes Institute of Medieval and Golden Age Studies<\/strong> at the <strong>University of Alcal\u00e1 de Henares<\/strong>, a member of the <strong>Science and Technology Council of the Community of Madrid<\/strong>, scientific adviser to the <strong>Ibero-American Committee on Ethics and Bioethics<\/strong>, a member of the <strong>Observation Committee<\/strong> of the <strong>Spanish Human Rights Observatory<\/strong>, of the <strong>Spanish Chapter<\/strong> of the <strong>Club of Rome<\/strong>, and an honorary member of the <strong>Gandhi-Mandela Foundation<\/strong>.<\/p>\n<p>He has participated in numerous research projects and is the author of monographs and articles in his fields of expertise. He was recently appointed an honorary <strong>Kentucky Colonel<\/strong> and <strong>Honorary Civil Guard<\/strong>, coinciding with the 25th anniversary of the creation of this distinction, the force\u2019s highest civilian honour, awarded only in exceptional cases. On 20 March, he was also awarded the <strong>Medal of Merit in Cyber Defence<\/strong>, granted by the <strong>Professional Association of New Technology Experts<\/strong>.<\/p>\n<h2 id=\"read-the-article\"><a href=\"https:\/\/www.acami.es\/efemerides\/26-de-agosto-de-1959\/\"><strong><u>Read the article<\/u><\/strong><\/a><\/h2>\n","protected":false},"excerpt":{"rendered":"<p>Francisco L\u00f3pez Mu\u00f1oz addresses the birth of road safety in Spain in the article &#8220;Creaci\u00f3n de la Agrupaci\u00f3n de Tr\u00e1fico de la Guardia Civil&#8221;<\/p>\n","protected":false},"author":16,"featured_media":188875,"comment_status":"closed","ping_status":"closed","sticky":false,"template":"","format":"standard","meta":{"_et_pb_use_builder":"","_et_pb_old_content":"","_et_gb_content_width":"","footnotes":""},"categories":[243,405],"tags":[],"class_list":["post-188953","post","type-post","status-publish","format-standard","has-post-thumbnail","hentry","category-categ-history","category-national-history","et-has-post-format-content","et_post_format-et-post-format-standard"],"yoast_head":"<!-- This site is optimized with the Yoast SEO plugin v28.4 - https:\/\/yoast.com\/product\/yoast-seo-wordpress\/ -->\n<title>Seven decades safeguarding road safety - Royal European Academy of Doctors<\/title>\n<meta name=\"description\" content=\"Francisco L\u00f3pez Mu\u00f1oz addresses the birth of road safety in Spain in the article &quot;Creaci\u00f3n de la Agrupaci\u00f3n de Tr\u00e1fico de la Guardia Civil&quot;\" \/>\n<meta name=\"robots\" content=\"index, follow, max-snippet:-1, max-image-preview:large, max-video-preview:-1\" \/>\n<link rel=\"canonical\" href=\"https:\/\/raed.academy\/en\/seven-decades-safeguarding-road-safety\/\" \/>\n<meta property=\"og:locale\" content=\"en_US\" \/>\n<meta property=\"og:type\" content=\"article\" \/>\n<meta property=\"og:title\" content=\"Seven decades safeguarding road safety - Royal European Academy of Doctors\" \/>\n<meta property=\"og:description\" content=\"Francisco L\u00f3pez Mu\u00f1oz addresses the birth of road safety in Spain in the article &quot;Creaci\u00f3n de la Agrupaci\u00f3n de Tr\u00e1fico de la Guardia Civil&quot;\" \/>\n<meta property=\"og:url\" content=\"https:\/\/raed.academy\/en\/seven-decades-safeguarding-road-safety\/\" \/>\n<meta property=\"og:site_name\" content=\"Royal European Academy of Doctors\" \/>\n<meta property=\"article:publisher\" content=\"http:\/\/fb.me\/raed.academy\" \/>\n<meta property=\"article:published_time\" content=\"2026-09-02T17:03:40+00:00\" \/>\n<meta property=\"article:modified_time\" content=\"2026-09-02T17:11:43+00:00\" \/>\n<meta property=\"og:image\" content=\"https:\/\/raed.academy\/wp-content\/uploads\/2026\/08\/seguridad-vial-conos-de-trafico-carretera-shutt-1.67.webp\" \/>\n\t<meta property=\"og:image:width\" content=\"600\" \/>\n\t<meta property=\"og:image:height\" content=\"360\" \/>\n\t<meta property=\"og:image:type\" content=\"image\/webp\" \/>\n<meta name=\"author\" content=\"Javier Rodr\u00edguez Sicilia\" \/>\n<meta name=\"twitter:card\" content=\"summary_large_image\" \/>\n<meta name=\"twitter:creator\" content=\"@raedacademy\" \/>\n<meta name=\"twitter:site\" content=\"@raedacademy\" \/>\n<meta name=\"twitter:label1\" content=\"Written by\" \/>\n\t<meta name=\"twitter:data1\" content=\"Javier Rodr\u00edguez Sicilia\" \/>\n\t<meta name=\"twitter:label2\" content=\"Est. reading time\" \/>\n\t<meta name=\"twitter:data2\" content=\"4 minutes\" \/>\n<script type=\"application\/ld+json\" class=\"yoast-schema-graph\">{\"@context\":\"https:\\\/\\\/schema.org\",\"@graph\":[{\"@type\":\"Article\",\"@id\":\"https:\\\/\\\/raed.academy\\\/en\\\/seven-decades-safeguarding-road-safety\\\/#article\",\"isPartOf\":{\"@id\":\"https:\\\/\\\/raed.academy\\\/en\\\/seven-decades-safeguarding-road-safety\\\/\"},\"author\":{\"name\":\"Javier Rodr\u00edguez Sicilia\",\"@id\":\"https:\\\/\\\/raed.academy\\\/en\\\/#\\\/schema\\\/person\\\/31af80688d8a2644644f48b63aa77ee1\"},\"headline\":\"Seven decades safeguarding road safety\",\"datePublished\":\"2026-09-02T17:03:40+00:00\",\"dateModified\":\"2026-09-02T17:11:43+00:00\",\"mainEntityOfPage\":{\"@id\":\"https:\\\/\\\/raed.academy\\\/en\\\/seven-decades-safeguarding-road-safety\\\/\"},\"wordCount\":633,\"publisher\":{\"@id\":\"https:\\\/\\\/raed.academy\\\/en\\\/#organization\"},\"image\":{\"@id\":\"https:\\\/\\\/raed.academy\\\/en\\\/seven-decades-safeguarding-road-safety\\\/#primaryimage\"},\"thumbnailUrl\":\"https:\\\/\\\/raed.academy\\\/wp-content\\\/uploads\\\/2026\\\/08\\\/seguridad-vial-conos-de-trafico-carretera-shutt-1.67.webp\",\"articleSection\":[\"History\",\"National history\"],\"inLanguage\":\"en-US\"},{\"@type\":\"WebPage\",\"@id\":\"https:\\\/\\\/raed.academy\\\/en\\\/seven-decades-safeguarding-road-safety\\\/\",\"url\":\"https:\\\/\\\/raed.academy\\\/en\\\/seven-decades-safeguarding-road-safety\\\/\",\"name\":\"Seven decades safeguarding road safety - Royal European Academy of Doctors\",\"isPartOf\":{\"@id\":\"https:\\\/\\\/raed.academy\\\/en\\\/#website\"},\"primaryImageOfPage\":{\"@id\":\"https:\\\/\\\/raed.academy\\\/en\\\/seven-decades-safeguarding-road-safety\\\/#primaryimage\"},\"image\":{\"@id\":\"https:\\\/\\\/raed.academy\\\/en\\\/seven-decades-safeguarding-road-safety\\\/#primaryimage\"},\"thumbnailUrl\":\"https:\\\/\\\/raed.academy\\\/wp-content\\\/uploads\\\/2026\\\/08\\\/seguridad-vial-conos-de-trafico-carretera-shutt-1.67.webp\",\"datePublished\":\"2026-09-02T17:03:40+00:00\",\"dateModified\":\"2026-09-02T17:11:43+00:00\",\"description\":\"Francisco L\u00f3pez Mu\u00f1oz addresses the birth of road safety in Spain in the article \\\"Creaci\u00f3n de la Agrupaci\u00f3n de Tr\u00e1fico de la Guardia Civil\\\"\",\"breadcrumb\":{\"@id\":\"https:\\\/\\\/raed.academy\\\/en\\\/seven-decades-safeguarding-road-safety\\\/#breadcrumb\"},\"inLanguage\":\"en-US\",\"potentialAction\":[{\"@type\":\"ReadAction\",\"target\":[\"https:\\\/\\\/raed.academy\\\/en\\\/seven-decades-safeguarding-road-safety\\\/\"]}]},{\"@type\":\"ImageObject\",\"inLanguage\":\"en-US\",\"@id\":\"https:\\\/\\\/raed.academy\\\/en\\\/seven-decades-safeguarding-road-safety\\\/#primaryimage\",\"url\":\"https:\\\/\\\/raed.academy\\\/wp-content\\\/uploads\\\/2026\\\/08\\\/seguridad-vial-conos-de-trafico-carretera-shutt-1.67.webp\",\"contentUrl\":\"https:\\\/\\\/raed.academy\\\/wp-content\\\/uploads\\\/2026\\\/08\\\/seguridad-vial-conos-de-trafico-carretera-shutt-1.67.webp\",\"width\":600,\"height\":360},{\"@type\":\"BreadcrumbList\",\"@id\":\"https:\\\/\\\/raed.academy\\\/en\\\/seven-decades-safeguarding-road-safety\\\/#breadcrumb\",\"itemListElement\":[{\"@type\":\"ListItem\",\"position\":1,\"name\":\"Inicio\",\"item\":\"https:\\\/\\\/raed.academy\\\/en\\\/\"},{\"@type\":\"ListItem\",\"position\":2,\"name\":\"Seven decades safeguarding road safety\"}]},{\"@type\":\"WebSite\",\"@id\":\"https:\\\/\\\/raed.academy\\\/en\\\/#website\",\"url\":\"https:\\\/\\\/raed.academy\\\/en\\\/\",\"name\":\"Royal European Academy of Doctors\",\"description\":\"Corporaci\u00f3n de derecho p\u00fablico de car\u00e1cter cient\u00edfico, t\u00e9cnico y art\u00edstico, que tiene por objeto la investigaci\u00f3n, el estudio, el fomento y la extensi\u00f3n del conocimiento en su sentido m\u00e1s amplio.\",\"publisher\":{\"@id\":\"https:\\\/\\\/raed.academy\\\/en\\\/#organization\"},\"potentialAction\":[{\"@type\":\"SearchAction\",\"target\":{\"@type\":\"EntryPoint\",\"urlTemplate\":\"https:\\\/\\\/raed.academy\\\/en\\\/?s={search_term_string}\"},\"query-input\":{\"@type\":\"PropertyValueSpecification\",\"valueRequired\":true,\"valueName\":\"search_term_string\"}}],\"inLanguage\":\"en-US\"},{\"@type\":\"Organization\",\"@id\":\"https:\\\/\\\/raed.academy\\\/en\\\/#organization\",\"name\":\"Real Academia Europea de Doctores\",\"url\":\"https:\\\/\\\/raed.academy\\\/en\\\/\",\"logo\":{\"@type\":\"ImageObject\",\"inLanguage\":\"en-US\",\"@id\":\"https:\\\/\\\/raed.academy\\\/en\\\/#\\\/schema\\\/logo\\\/image\\\/\",\"url\":\"https:\\\/\\\/raed.academy\\\/wp-content\\\/uploads\\\/2017\\\/01\\\/cropped-logo_raed.png\",\"contentUrl\":\"https:\\\/\\\/raed.academy\\\/wp-content\\\/uploads\\\/2017\\\/01\\\/cropped-logo_raed.png\",\"width\":512,\"height\":512,\"caption\":\"Real Academia Europea de Doctores\"},\"image\":{\"@id\":\"https:\\\/\\\/raed.academy\\\/en\\\/#\\\/schema\\\/logo\\\/image\\\/\"},\"sameAs\":[\"http:\\\/\\\/fb.me\\\/raed.academy\",\"https:\\\/\\\/x.com\\\/raedacademy\",\"https:\\\/\\\/www.instagram.com\\\/raed.academy\\\/\",\"https:\\\/\\\/www.youtube.com\\\/channel\\\/UCUYQwW2KrdirNWihxMDObwg\"]},{\"@type\":\"Person\",\"@id\":\"https:\\\/\\\/raed.academy\\\/en\\\/#\\\/schema\\\/person\\\/31af80688d8a2644644f48b63aa77ee1\",\"name\":\"Javier Rodr\u00edguez Sicilia\",\"image\":{\"@type\":\"ImageObject\",\"inLanguage\":\"en-US\",\"@id\":\"https:\\\/\\\/secure.gravatar.com\\\/avatar\\\/702200af99a88a3d626bc9ca2ee9361fa6e582e4455b1e641d8576c963ca66d5?s=96&d=mm&r=g\",\"url\":\"https:\\\/\\\/secure.gravatar.com\\\/avatar\\\/702200af99a88a3d626bc9ca2ee9361fa6e582e4455b1e641d8576c963ca66d5?s=96&d=mm&r=g\",\"contentUrl\":\"https:\\\/\\\/secure.gravatar.com\\\/avatar\\\/702200af99a88a3d626bc9ca2ee9361fa6e582e4455b1e641d8576c963ca66d5?s=96&d=mm&r=g\",\"caption\":\"Javier Rodr\u00edguez Sicilia\"}}]}<\/script>\n<!-- \/ Yoast SEO plugin. -->","yoast_head_json":{"title":"Seven decades safeguarding road safety - Royal European Academy of Doctors","description":"Francisco L\u00f3pez Mu\u00f1oz addresses the birth of road safety in Spain in the article \"Creaci\u00f3n de la Agrupaci\u00f3n de Tr\u00e1fico de la Guardia Civil\"","robots":{"index":"index","follow":"follow","max-snippet":"max-snippet:-1","max-image-preview":"max-image-preview:large","max-video-preview":"max-video-preview:-1"},"canonical":"https:\/\/raed.academy\/en\/seven-decades-safeguarding-road-safety\/","og_locale":"en_US","og_type":"article","og_title":"Seven decades safeguarding road safety - Royal European Academy of Doctors","og_description":"Francisco L\u00f3pez Mu\u00f1oz addresses the birth of road safety in Spain in the article \"Creaci\u00f3n de la Agrupaci\u00f3n de Tr\u00e1fico de la Guardia Civil\"","og_url":"https:\/\/raed.academy\/en\/seven-decades-safeguarding-road-safety\/","og_site_name":"Royal European Academy of Doctors","article_publisher":"http:\/\/fb.me\/raed.academy","article_published_time":"2026-09-02T17:03:40+00:00","article_modified_time":"2026-09-02T17:11:43+00:00","og_image":[{"width":600,"height":360,"url":"https:\/\/raed.academy\/wp-content\/uploads\/2026\/08\/seguridad-vial-conos-de-trafico-carretera-shutt-1.67.webp","type":"image\/webp"}],"author":"Javier Rodr\u00edguez Sicilia","twitter_card":"summary_large_image","twitter_creator":"@raedacademy","twitter_site":"@raedacademy","twitter_misc":{"Written by":"Javier Rodr\u00edguez Sicilia","Est. reading time":"4 minutes"},"schema":{"@context":"https:\/\/schema.org","@graph":[{"@type":"Article","@id":"https:\/\/raed.academy\/en\/seven-decades-safeguarding-road-safety\/#article","isPartOf":{"@id":"https:\/\/raed.academy\/en\/seven-decades-safeguarding-road-safety\/"},"author":{"name":"Javier Rodr\u00edguez Sicilia","@id":"https:\/\/raed.academy\/en\/#\/schema\/person\/31af80688d8a2644644f48b63aa77ee1"},"headline":"Seven decades safeguarding road safety","datePublished":"2026-09-02T17:03:40+00:00","dateModified":"2026-09-02T17:11:43+00:00","mainEntityOfPage":{"@id":"https:\/\/raed.academy\/en\/seven-decades-safeguarding-road-safety\/"},"wordCount":633,"publisher":{"@id":"https:\/\/raed.academy\/en\/#organization"},"image":{"@id":"https:\/\/raed.academy\/en\/seven-decades-safeguarding-road-safety\/#primaryimage"},"thumbnailUrl":"https:\/\/raed.academy\/wp-content\/uploads\/2026\/08\/seguridad-vial-conos-de-trafico-carretera-shutt-1.67.webp","articleSection":["History","National history"],"inLanguage":"en-US"},{"@type":"WebPage","@id":"https:\/\/raed.academy\/en\/seven-decades-safeguarding-road-safety\/","url":"https:\/\/raed.academy\/en\/seven-decades-safeguarding-road-safety\/","name":"Seven decades safeguarding road safety - Royal European Academy of Doctors","isPartOf":{"@id":"https:\/\/raed.academy\/en\/#website"},"primaryImageOfPage":{"@id":"https:\/\/raed.academy\/en\/seven-decades-safeguarding-road-safety\/#primaryimage"},"image":{"@id":"https:\/\/raed.academy\/en\/seven-decades-safeguarding-road-safety\/#primaryimage"},"thumbnailUrl":"https:\/\/raed.academy\/wp-content\/uploads\/2026\/08\/seguridad-vial-conos-de-trafico-carretera-shutt-1.67.webp","datePublished":"2026-09-02T17:03:40+00:00","dateModified":"2026-09-02T17:11:43+00:00","description":"Francisco L\u00f3pez Mu\u00f1oz addresses the birth of road safety in Spain in the article \"Creaci\u00f3n de la Agrupaci\u00f3n de Tr\u00e1fico de la Guardia Civil\"","breadcrumb":{"@id":"https:\/\/raed.academy\/en\/seven-decades-safeguarding-road-safety\/#breadcrumb"},"inLanguage":"en-US","potentialAction":[{"@type":"ReadAction","target":["https:\/\/raed.academy\/en\/seven-decades-safeguarding-road-safety\/"]}]},{"@type":"ImageObject","inLanguage":"en-US","@id":"https:\/\/raed.academy\/en\/seven-decades-safeguarding-road-safety\/#primaryimage","url":"https:\/\/raed.academy\/wp-content\/uploads\/2026\/08\/seguridad-vial-conos-de-trafico-carretera-shutt-1.67.webp","contentUrl":"https:\/\/raed.academy\/wp-content\/uploads\/2026\/08\/seguridad-vial-conos-de-trafico-carretera-shutt-1.67.webp","width":600,"height":360},{"@type":"BreadcrumbList","@id":"https:\/\/raed.academy\/en\/seven-decades-safeguarding-road-safety\/#breadcrumb","itemListElement":[{"@type":"ListItem","position":1,"name":"Inicio","item":"https:\/\/raed.academy\/en\/"},{"@type":"ListItem","position":2,"name":"Seven decades safeguarding road safety"}]},{"@type":"WebSite","@id":"https:\/\/raed.academy\/en\/#website","url":"https:\/\/raed.academy\/en\/","name":"Royal European Academy of Doctors","description":"Corporaci\u00f3n de derecho p\u00fablico de car\u00e1cter cient\u00edfico, t\u00e9cnico y art\u00edstico, que tiene por objeto la investigaci\u00f3n, el estudio, el fomento y la extensi\u00f3n del conocimiento en su sentido m\u00e1s amplio.","publisher":{"@id":"https:\/\/raed.academy\/en\/#organization"},"potentialAction":[{"@type":"SearchAction","target":{"@type":"EntryPoint","urlTemplate":"https:\/\/raed.academy\/en\/?s={search_term_string}"},"query-input":{"@type":"PropertyValueSpecification","valueRequired":true,"valueName":"search_term_string"}}],"inLanguage":"en-US"},{"@type":"Organization","@id":"https:\/\/raed.academy\/en\/#organization","name":"Real Academia Europea de Doctores","url":"https:\/\/raed.academy\/en\/","logo":{"@type":"ImageObject","inLanguage":"en-US","@id":"https:\/\/raed.academy\/en\/#\/schema\/logo\/image\/","url":"https:\/\/raed.academy\/wp-content\/uploads\/2017\/01\/cropped-logo_raed.png","contentUrl":"https:\/\/raed.academy\/wp-content\/uploads\/2017\/01\/cropped-logo_raed.png","width":512,"height":512,"caption":"Real Academia Europea de Doctores"},"image":{"@id":"https:\/\/raed.academy\/en\/#\/schema\/logo\/image\/"},"sameAs":["http:\/\/fb.me\/raed.academy","https:\/\/x.com\/raedacademy","https:\/\/www.instagram.com\/raed.academy\/","https:\/\/www.youtube.com\/channel\/UCUYQwW2KrdirNWihxMDObwg"]},{"@type":"Person","@id":"https:\/\/raed.academy\/en\/#\/schema\/person\/31af80688d8a2644644f48b63aa77ee1","name":"Javier Rodr\u00edguez Sicilia","image":{"@type":"ImageObject","inLanguage":"en-US","@id":"https:\/\/secure.gravatar.com\/avatar\/702200af99a88a3d626bc9ca2ee9361fa6e582e4455b1e641d8576c963ca66d5?s=96&d=mm&r=g","url":"https:\/\/secure.gravatar.com\/avatar\/702200af99a88a3d626bc9ca2ee9361fa6e582e4455b1e641d8576c963ca66d5?s=96&d=mm&r=g","contentUrl":"https:\/\/secure.gravatar.com\/avatar\/702200af99a88a3d626bc9ca2ee9361fa6e582e4455b1e641d8576c963ca66d5?s=96&d=mm&r=g","caption":"Javier Rodr\u00edguez Sicilia"}}]}},"_links":{"self":[{"href":"https:\/\/raed.academy\/en\/wp-json\/wp\/v2\/posts\/188953","targetHints":{"allow":["GET"]}}],"collection":[{"href":"https:\/\/raed.academy\/en\/wp-json\/wp\/v2\/posts"}],"about":[{"href":"https:\/\/raed.academy\/en\/wp-json\/wp\/v2\/types\/post"}],"author":[{"embeddable":true,"href":"https:\/\/raed.academy\/en\/wp-json\/wp\/v2\/users\/16"}],"replies":[{"embeddable":true,"href":"https:\/\/raed.academy\/en\/wp-json\/wp\/v2\/comments?post=188953"}],"version-history":[{"count":4,"href":"https:\/\/raed.academy\/en\/wp-json\/wp\/v2\/posts\/188953\/revisions"}],"predecessor-version":[{"id":188960,"href":"https:\/\/raed.academy\/en\/wp-json\/wp\/v2\/posts\/188953\/revisions\/188960"}],"wp:featuredmedia":[{"embeddable":true,"href":"https:\/\/raed.academy\/en\/wp-json\/wp\/v2\/media\/188875"}],"wp:attachment":[{"href":"https:\/\/raed.academy\/en\/wp-json\/wp\/v2\/media?parent=188953"}],"wp:term":[{"taxonomy":"category","embeddable":true,"href":"https:\/\/raed.academy\/en\/wp-json\/wp\/v2\/categories?post=188953"},{"taxonomy":"post_tag","embeddable":true,"href":"https:\/\/raed.academy\/en\/wp-json\/wp\/v2\/tags?post=188953"}],"curies":[{"name":"wp","href":"https:\/\/api.w.org\/{rel}","templated":true}]}}