{"id":188949,"date":"2026-09-02T16:59:20","date_gmt":"2026-09-02T16:59:20","guid":{"rendered":"https:\/\/raed.academy\/?p=188949"},"modified":"2026-09-02T17:04:12","modified_gmt":"2026-09-02T17:04:12","slug":"the-new-era-of-generalised-artificial-intelligence","status":"publish","type":"post","link":"https:\/\/raed.academy\/en\/the-new-era-of-generalised-artificial-intelligence\/","title":{"rendered":"The new era of generalised artificial intelligence"},"content":{"rendered":"<div id=\"attachment_175555\" style=\"width: 242px\" class=\"wp-caption alignright\"><img loading=\"lazy\" decoding=\"async\" aria-describedby=\"caption-attachment-175555\" class=\"wp-image-175555 size-full\" src=\"https:\/\/raed.academy\/wp-content\/uploads\/2025\/11\/Antoni-Garrell-Guiu-0.73.webp\" alt=\"Antoni Garrell\" width=\"232\" height=\"317\" aria-describedby=\"caption-attachment-175555\" \/><p id=\"caption-attachment-175555\" class=\"wp-caption-text\">Mr. Antoni Garrell<\/p><\/div>\n<p><a href=\"https:\/\/raed.academy\/en\/academicians\/mr-antoni-garrell-guiu\/\"><em><strong><u>Antoni Garrell<\/u><\/strong><\/em><\/a>, President of <strong>HM Hospitales<\/strong> and honorary member of the <strong>Royal European Academy of Doctors<\/strong> (READ), reflects on the profound changes that artificial intelligence is bringing about in work, learning, healthcare, cities and even the very conception of what it means to be human in the article <strong>\u201cAI Opens a New Era for Humanity,\u201d<\/strong> published on 6 June on the specialist portal <strong>Catalunya Econ\u00f3mica<\/strong>. In his admission speech to the Royal Corporation, <a href=\"https:\/\/raed.academy\/wp-content\/uploads\/2025\/11\/La-segona-revolucio-digital-L-economia-digital-i-la-IA.Antoni-Garrell-Guiu.pdf\"><strong><u>\u201cThe Second Digital Revolution: Are the Digital Economy and Artificial Intelligence Leading Us into a New Era for Humanity?\u201d<\/u><\/strong><\/a>, delivered last November, the expert had already addressed the profound changes being generated by this technology, opening the transition towards a new digital era and highlighting both the opportunities and the challenges this entails in light of the effects of previous transformative revolutions.<\/p>\n<p>In his article, Garrell warns that AI is already redefining professions, training processes and citizen participation, while technologies such as intelligent prostheses and nanorobots are expanding human capabilities and, at the same time, creating unprecedented ethical dilemmas. In industry and services, he argues, collaboration between people and machines is changing production and remote working; autonomous mobility and sustainable digital infrastructures are transforming urban life, particularly in the context of an ageing population. In this context, he notes, cybersecurity and digital governance are becoming essential pillars for protecting citizens, companies and institutions.<\/p>\n<p>The author pays particular attention to the prospect of what he defines as artificial general intelligence capable of achieving self-awareness. Although current systems merely simulate understanding, major technology companies continue to work in that direction. A superintelligence with an identity of its own, capable of surpassing humans in information processing and adaptation, could create an unprecedented imbalance of cognitive power. In this regard, Garrell recalls <strong>Stephen Hawking\u2019s<\/strong> warning that the development of full artificial intelligence could spell the end of the human race. Faced with such a scenario of competition and domination, he also raises the possibility of complementary coexistence that could accelerate the resolution of global problems such as climate change and complex diseases.<\/p>\n<p><img loading=\"lazy\" decoding=\"async\" class=\"alignleft size-full wp-image-182727\" src=\"https:\/\/raed.academy\/wp-content\/uploads\/2026\/04\/robot-y-humano-inteligencia-artificial-IA-revolucion-tecnologica-futurista-shutt-1.67.webp\" alt=\"\" width=\"600\" height=\"360\" srcset=\"https:\/\/raed.academy\/wp-content\/uploads\/2026\/04\/robot-y-humano-inteligencia-artificial-IA-revolucion-tecnologica-futurista-shutt-1.67.webp 600w, https:\/\/raed.academy\/wp-content\/uploads\/2026\/04\/robot-y-humano-inteligencia-artificial-IA-revolucion-tecnologica-futurista-shutt-1.67-440x264.webp 440w\" sizes=\"(max-width: 600px) 100vw, 600px\" \/>These reflections are developed in his book <strong>\u201cThe Second Digital Revolution: A New Era for Humanity,\u201d<\/strong> published last year. The work does not seek to offer definitive answers, but rather to open up debate on new ethical boundaries, the value of talent, algorithmic biases, the risk of allowing human cognitive abilities to atrophy by delegating too much to machines, and the need for digital and fiscal sovereignty, including the idea that robots should make a fiscal contribution to society. The academic concludes that history is not written in advance, since it is built day by day through decisions that may prove decisive. <strong>\u201cA set of issues that must be placed within the framework of a deep conviction: history is not written. We create it every day through our decisions and actions. And the most powerful intelligence will never be that of machines, but that of a humanity capable of remaining true to its values,\u201d<\/strong> he concludes.<\/p>\n<p>Garrell is an industrial engineer from the <strong>Polytechnic University of Catalonia<\/strong>, holds a master\u2019s degree in Management and Administration and pursued doctoral studies in <strong>Decision Support Systems<\/strong>. A specialist in innovation and the knowledge economy, he has developed an extensive professional career both in computational technology and in organisational and strategic management, and has held various executive positions in companies such as <strong>Arthur Andersen<\/strong>, <strong>La Caixa<\/strong>, the <strong>La Salle University and Technology Foundation<\/strong> and the <strong>Textile Design Foundation<\/strong>. Since 2021, he has chaired <strong>HM Hospitales<\/strong>. He has served on various boards of directors and advisory boards of companies and has held institutional positions such as President of the <strong>Circle for Knowledge<\/strong> and of the <strong>Executive Council<\/strong> of the <strong>Ramon Llull University Foundation<\/strong>. In the academic sphere, he has taught and lectured at international universities and is the author of more than 850 articles on technical, economic and opinion-related subjects, as well as author or co-author of around ten monographs on digital technology, multimedia and industry. He was also founder of the technology magazine <strong>\u201cINPUT.\u201d<\/strong> His two latest books are <strong>\u201cIndustry 4.0 in the Digital Society\u201d<\/strong> (2019) and <strong>\u201cSmart and Sustainable Products and Services\u201d<\/strong> (2021).<\/p>\n<h2 id=\"read-the-article-1\"><a href=\"https:\/\/catalunyaeconomica.com\/analisis\/la-ia-abre-una-nueva-era-para-la-humanidad\/\"><strong><u>Read the article<\/u><\/strong><\/a><\/h2>\n","protected":false},"excerpt":{"rendered":"<p>Antoni Garrell reflects on the profound changes artificial intelligence is bringing to work, learning, health, cities, and our very understanding of humanity in the article &#8220;AI Opens a New Era for Humanity.&#8221;<\/p>\n","protected":false},"author":16,"featured_media":182729,"comment_status":"closed","ping_status":"closed","sticky":false,"template":"","format":"standard","meta":{"_et_pb_use_builder":"","_et_pb_old_content":"","_et_gb_content_width":"","footnotes":""},"categories":[437,497,355],"tags":[],"class_list":["post-188949","post","type-post","status-publish","format-standard","has-post-thumbnail","hentry","category-computing","category-education-ethics-and-values-en-2","category-information-and-communication-technologies","et-has-post-format-content","et_post_format-et-post-format-standard"],"yoast_head":"<!-- This site is optimized with the Yoast SEO plugin v28.4 - https:\/\/yoast.com\/product\/yoast-seo-wordpress\/ -->\n<title>The new era of generalised artificial intelligence - Royal European Academy of Doctors<\/title>\n<meta name=\"description\" content=\"Antoni Garrell reflects on the profound changes AI is bringing to work, learning, health, and our very understanding of humanity.\" \/>\n<meta name=\"robots\" content=\"index, follow, max-snippet:-1, max-image-preview:large, max-video-preview:-1\" \/>\n<link rel=\"canonical\" href=\"https:\/\/raed.academy\/en\/the-new-era-of-generalised-artificial-intelligence\/\" \/>\n<meta property=\"og:locale\" content=\"en_US\" \/>\n<meta property=\"og:type\" content=\"article\" \/>\n<meta property=\"og:title\" content=\"The new era of generalised artificial intelligence - Royal European Academy of Doctors\" \/>\n<meta property=\"og:description\" content=\"Antoni Garrell reflects on the profound changes AI is bringing to work, learning, health, and our very understanding of humanity.\" \/>\n<meta property=\"og:url\" content=\"https:\/\/raed.academy\/en\/the-new-era-of-generalised-artificial-intelligence\/\" \/>\n<meta property=\"og:site_name\" content=\"Royal European Academy of Doctors\" \/>\n<meta property=\"article:publisher\" content=\"http:\/\/fb.me\/raed.academy\" \/>\n<meta property=\"article:published_time\" content=\"2026-09-02T16:59:20+00:00\" \/>\n<meta property=\"article:modified_time\" content=\"2026-09-02T17:04:12+00:00\" \/>\n<meta property=\"og:image\" content=\"https:\/\/raed.academy\/wp-content\/uploads\/2026\/04\/robot-y-humano-inteligencia-artificial-IA-revolucion-tecnologica-futurista-shutt-1.67.webp\" \/>\n\t<meta property=\"og:image:width\" content=\"600\" \/>\n\t<meta property=\"og:image:height\" content=\"360\" \/>\n\t<meta property=\"og:image:type\" content=\"image\/webp\" \/>\n<meta name=\"author\" content=\"Javier Rodr\u00edguez Sicilia\" \/>\n<meta name=\"twitter:card\" content=\"summary_large_image\" \/>\n<meta name=\"twitter:creator\" content=\"@raedacademy\" \/>\n<meta name=\"twitter:site\" content=\"@raedacademy\" \/>\n<meta name=\"twitter:label1\" content=\"Written by\" \/>\n\t<meta name=\"twitter:data1\" content=\"Javier Rodr\u00edguez Sicilia\" \/>\n\t<meta name=\"twitter:label2\" content=\"Est. reading time\" \/>\n\t<meta name=\"twitter:data2\" content=\"4 minutes\" \/>\n<script type=\"application\/ld+json\" class=\"yoast-schema-graph\">{\"@context\":\"https:\\\/\\\/schema.org\",\"@graph\":[{\"@type\":\"Article\",\"@id\":\"https:\\\/\\\/raed.academy\\\/en\\\/the-new-era-of-generalised-artificial-intelligence\\\/#article\",\"isPartOf\":{\"@id\":\"https:\\\/\\\/raed.academy\\\/en\\\/the-new-era-of-generalised-artificial-intelligence\\\/\"},\"author\":{\"name\":\"Javier Rodr\u00edguez Sicilia\",\"@id\":\"https:\\\/\\\/raed.academy\\\/en\\\/#\\\/schema\\\/person\\\/31af80688d8a2644644f48b63aa77ee1\"},\"headline\":\"The new era of generalised artificial intelligence\",\"datePublished\":\"2026-09-02T16:59:20+00:00\",\"dateModified\":\"2026-09-02T17:04:12+00:00\",\"mainEntityOfPage\":{\"@id\":\"https:\\\/\\\/raed.academy\\\/en\\\/the-new-era-of-generalised-artificial-intelligence\\\/\"},\"wordCount\":708,\"publisher\":{\"@id\":\"https:\\\/\\\/raed.academy\\\/en\\\/#organization\"},\"image\":{\"@id\":\"https:\\\/\\\/raed.academy\\\/en\\\/the-new-era-of-generalised-artificial-intelligence\\\/#primaryimage\"},\"thumbnailUrl\":\"https:\\\/\\\/raed.academy\\\/wp-content\\\/uploads\\\/2026\\\/04\\\/robot-y-humano-inteligencia-artificial-IA-revolucion-tecnologica-futurista-shutt-1.67.webp\",\"articleSection\":[\"Computing\",\"Education, ethics and values\",\"Information and communication technologies\"],\"inLanguage\":\"en-US\"},{\"@type\":\"WebPage\",\"@id\":\"https:\\\/\\\/raed.academy\\\/en\\\/the-new-era-of-generalised-artificial-intelligence\\\/\",\"url\":\"https:\\\/\\\/raed.academy\\\/en\\\/the-new-era-of-generalised-artificial-intelligence\\\/\",\"name\":\"The new era of generalised artificial intelligence - Royal European Academy of Doctors\",\"isPartOf\":{\"@id\":\"https:\\\/\\\/raed.academy\\\/en\\\/#website\"},\"primaryImageOfPage\":{\"@id\":\"https:\\\/\\\/raed.academy\\\/en\\\/the-new-era-of-generalised-artificial-intelligence\\\/#primaryimage\"},\"image\":{\"@id\":\"https:\\\/\\\/raed.academy\\\/en\\\/the-new-era-of-generalised-artificial-intelligence\\\/#primaryimage\"},\"thumbnailUrl\":\"https:\\\/\\\/raed.academy\\\/wp-content\\\/uploads\\\/2026\\\/04\\\/robot-y-humano-inteligencia-artificial-IA-revolucion-tecnologica-futurista-shutt-1.67.webp\",\"datePublished\":\"2026-09-02T16:59:20+00:00\",\"dateModified\":\"2026-09-02T17:04:12+00:00\",\"description\":\"Antoni Garrell reflects on the profound changes AI is bringing to work, learning, health, and our very understanding of humanity.\",\"breadcrumb\":{\"@id\":\"https:\\\/\\\/raed.academy\\\/en\\\/the-new-era-of-generalised-artificial-intelligence\\\/#breadcrumb\"},\"inLanguage\":\"en-US\",\"potentialAction\":[{\"@type\":\"ReadAction\",\"target\":[\"https:\\\/\\\/raed.academy\\\/en\\\/the-new-era-of-generalised-artificial-intelligence\\\/\"]}]},{\"@type\":\"ImageObject\",\"inLanguage\":\"en-US\",\"@id\":\"https:\\\/\\\/raed.academy\\\/en\\\/the-new-era-of-generalised-artificial-intelligence\\\/#primaryimage\",\"url\":\"https:\\\/\\\/raed.academy\\\/wp-content\\\/uploads\\\/2026\\\/04\\\/robot-y-humano-inteligencia-artificial-IA-revolucion-tecnologica-futurista-shutt-1.67.webp\",\"contentUrl\":\"https:\\\/\\\/raed.academy\\\/wp-content\\\/uploads\\\/2026\\\/04\\\/robot-y-humano-inteligencia-artificial-IA-revolucion-tecnologica-futurista-shutt-1.67.webp\",\"width\":600,\"height\":360},{\"@type\":\"BreadcrumbList\",\"@id\":\"https:\\\/\\\/raed.academy\\\/en\\\/the-new-era-of-generalised-artificial-intelligence\\\/#breadcrumb\",\"itemListElement\":[{\"@type\":\"ListItem\",\"position\":1,\"name\":\"Inicio\",\"item\":\"https:\\\/\\\/raed.academy\\\/en\\\/\"},{\"@type\":\"ListItem\",\"position\":2,\"name\":\"The new era of generalised artificial intelligence\"}]},{\"@type\":\"WebSite\",\"@id\":\"https:\\\/\\\/raed.academy\\\/en\\\/#website\",\"url\":\"https:\\\/\\\/raed.academy\\\/en\\\/\",\"name\":\"Royal European Academy of Doctors\",\"description\":\"Corporaci\u00f3n de derecho p\u00fablico de car\u00e1cter cient\u00edfico, t\u00e9cnico y art\u00edstico, que tiene por objeto la investigaci\u00f3n, el estudio, el fomento y la extensi\u00f3n del conocimiento en su sentido m\u00e1s amplio.\",\"publisher\":{\"@id\":\"https:\\\/\\\/raed.academy\\\/en\\\/#organization\"},\"potentialAction\":[{\"@type\":\"SearchAction\",\"target\":{\"@type\":\"EntryPoint\",\"urlTemplate\":\"https:\\\/\\\/raed.academy\\\/en\\\/?s={search_term_string}\"},\"query-input\":{\"@type\":\"PropertyValueSpecification\",\"valueRequired\":true,\"valueName\":\"search_term_string\"}}],\"inLanguage\":\"en-US\"},{\"@type\":\"Organization\",\"@id\":\"https:\\\/\\\/raed.academy\\\/en\\\/#organization\",\"name\":\"Real Academia Europea de Doctores\",\"url\":\"https:\\\/\\\/raed.academy\\\/en\\\/\",\"logo\":{\"@type\":\"ImageObject\",\"inLanguage\":\"en-US\",\"@id\":\"https:\\\/\\\/raed.academy\\\/en\\\/#\\\/schema\\\/logo\\\/image\\\/\",\"url\":\"https:\\\/\\\/raed.academy\\\/wp-content\\\/uploads\\\/2017\\\/01\\\/cropped-logo_raed.png\",\"contentUrl\":\"https:\\\/\\\/raed.academy\\\/wp-content\\\/uploads\\\/2017\\\/01\\\/cropped-logo_raed.png\",\"width\":512,\"height\":512,\"caption\":\"Real Academia Europea de Doctores\"},\"image\":{\"@id\":\"https:\\\/\\\/raed.academy\\\/en\\\/#\\\/schema\\\/logo\\\/image\\\/\"},\"sameAs\":[\"http:\\\/\\\/fb.me\\\/raed.academy\",\"https:\\\/\\\/x.com\\\/raedacademy\",\"https:\\\/\\\/www.instagram.com\\\/raed.academy\\\/\",\"https:\\\/\\\/www.youtube.com\\\/channel\\\/UCUYQwW2KrdirNWihxMDObwg\"]},{\"@type\":\"Person\",\"@id\":\"https:\\\/\\\/raed.academy\\\/en\\\/#\\\/schema\\\/person\\\/31af80688d8a2644644f48b63aa77ee1\",\"name\":\"Javier Rodr\u00edguez Sicilia\",\"image\":{\"@type\":\"ImageObject\",\"inLanguage\":\"en-US\",\"@id\":\"https:\\\/\\\/secure.gravatar.com\\\/avatar\\\/702200af99a88a3d626bc9ca2ee9361fa6e582e4455b1e641d8576c963ca66d5?s=96&d=mm&r=g\",\"url\":\"https:\\\/\\\/secure.gravatar.com\\\/avatar\\\/702200af99a88a3d626bc9ca2ee9361fa6e582e4455b1e641d8576c963ca66d5?s=96&d=mm&r=g\",\"contentUrl\":\"https:\\\/\\\/secure.gravatar.com\\\/avatar\\\/702200af99a88a3d626bc9ca2ee9361fa6e582e4455b1e641d8576c963ca66d5?s=96&d=mm&r=g\",\"caption\":\"Javier Rodr\u00edguez Sicilia\"}}]}<\/script>\n<!-- \/ Yoast SEO plugin. -->","yoast_head_json":{"title":"The new era of generalised artificial intelligence - Royal European Academy of Doctors","description":"Antoni Garrell reflects on the profound changes AI is bringing to work, learning, health, and our very understanding of humanity.","robots":{"index":"index","follow":"follow","max-snippet":"max-snippet:-1","max-image-preview":"max-image-preview:large","max-video-preview":"max-video-preview:-1"},"canonical":"https:\/\/raed.academy\/en\/the-new-era-of-generalised-artificial-intelligence\/","og_locale":"en_US","og_type":"article","og_title":"The new era of generalised artificial intelligence - Royal European Academy of Doctors","og_description":"Antoni Garrell reflects on the profound changes AI is bringing to work, learning, health, and our very understanding of humanity.","og_url":"https:\/\/raed.academy\/en\/the-new-era-of-generalised-artificial-intelligence\/","og_site_name":"Royal European Academy of Doctors","article_publisher":"http:\/\/fb.me\/raed.academy","article_published_time":"2026-09-02T16:59:20+00:00","article_modified_time":"2026-09-02T17:04:12+00:00","og_image":[{"width":600,"height":360,"url":"https:\/\/raed.academy\/wp-content\/uploads\/2026\/04\/robot-y-humano-inteligencia-artificial-IA-revolucion-tecnologica-futurista-shutt-1.67.webp","type":"image\/webp"}],"author":"Javier Rodr\u00edguez Sicilia","twitter_card":"summary_large_image","twitter_creator":"@raedacademy","twitter_site":"@raedacademy","twitter_misc":{"Written by":"Javier Rodr\u00edguez Sicilia","Est. reading time":"4 minutes"},"schema":{"@context":"https:\/\/schema.org","@graph":[{"@type":"Article","@id":"https:\/\/raed.academy\/en\/the-new-era-of-generalised-artificial-intelligence\/#article","isPartOf":{"@id":"https:\/\/raed.academy\/en\/the-new-era-of-generalised-artificial-intelligence\/"},"author":{"name":"Javier Rodr\u00edguez Sicilia","@id":"https:\/\/raed.academy\/en\/#\/schema\/person\/31af80688d8a2644644f48b63aa77ee1"},"headline":"The new era of generalised artificial intelligence","datePublished":"2026-09-02T16:59:20+00:00","dateModified":"2026-09-02T17:04:12+00:00","mainEntityOfPage":{"@id":"https:\/\/raed.academy\/en\/the-new-era-of-generalised-artificial-intelligence\/"},"wordCount":708,"publisher":{"@id":"https:\/\/raed.academy\/en\/#organization"},"image":{"@id":"https:\/\/raed.academy\/en\/the-new-era-of-generalised-artificial-intelligence\/#primaryimage"},"thumbnailUrl":"https:\/\/raed.academy\/wp-content\/uploads\/2026\/04\/robot-y-humano-inteligencia-artificial-IA-revolucion-tecnologica-futurista-shutt-1.67.webp","articleSection":["Computing","Education, ethics and values","Information and communication technologies"],"inLanguage":"en-US"},{"@type":"WebPage","@id":"https:\/\/raed.academy\/en\/the-new-era-of-generalised-artificial-intelligence\/","url":"https:\/\/raed.academy\/en\/the-new-era-of-generalised-artificial-intelligence\/","name":"The new era of generalised artificial intelligence - Royal European Academy of Doctors","isPartOf":{"@id":"https:\/\/raed.academy\/en\/#website"},"primaryImageOfPage":{"@id":"https:\/\/raed.academy\/en\/the-new-era-of-generalised-artificial-intelligence\/#primaryimage"},"image":{"@id":"https:\/\/raed.academy\/en\/the-new-era-of-generalised-artificial-intelligence\/#primaryimage"},"thumbnailUrl":"https:\/\/raed.academy\/wp-content\/uploads\/2026\/04\/robot-y-humano-inteligencia-artificial-IA-revolucion-tecnologica-futurista-shutt-1.67.webp","datePublished":"2026-09-02T16:59:20+00:00","dateModified":"2026-09-02T17:04:12+00:00","description":"Antoni Garrell reflects on the profound changes AI is bringing to work, learning, health, and our very understanding of humanity.","breadcrumb":{"@id":"https:\/\/raed.academy\/en\/the-new-era-of-generalised-artificial-intelligence\/#breadcrumb"},"inLanguage":"en-US","potentialAction":[{"@type":"ReadAction","target":["https:\/\/raed.academy\/en\/the-new-era-of-generalised-artificial-intelligence\/"]}]},{"@type":"ImageObject","inLanguage":"en-US","@id":"https:\/\/raed.academy\/en\/the-new-era-of-generalised-artificial-intelligence\/#primaryimage","url":"https:\/\/raed.academy\/wp-content\/uploads\/2026\/04\/robot-y-humano-inteligencia-artificial-IA-revolucion-tecnologica-futurista-shutt-1.67.webp","contentUrl":"https:\/\/raed.academy\/wp-content\/uploads\/2026\/04\/robot-y-humano-inteligencia-artificial-IA-revolucion-tecnologica-futurista-shutt-1.67.webp","width":600,"height":360},{"@type":"BreadcrumbList","@id":"https:\/\/raed.academy\/en\/the-new-era-of-generalised-artificial-intelligence\/#breadcrumb","itemListElement":[{"@type":"ListItem","position":1,"name":"Inicio","item":"https:\/\/raed.academy\/en\/"},{"@type":"ListItem","position":2,"name":"The new era of generalised artificial intelligence"}]},{"@type":"WebSite","@id":"https:\/\/raed.academy\/en\/#website","url":"https:\/\/raed.academy\/en\/","name":"Royal European Academy of Doctors","description":"Corporaci\u00f3n de derecho p\u00fablico de car\u00e1cter cient\u00edfico, t\u00e9cnico y art\u00edstico, que tiene por objeto la investigaci\u00f3n, el estudio, el fomento y la extensi\u00f3n del conocimiento en su sentido m\u00e1s amplio.","publisher":{"@id":"https:\/\/raed.academy\/en\/#organization"},"potentialAction":[{"@type":"SearchAction","target":{"@type":"EntryPoint","urlTemplate":"https:\/\/raed.academy\/en\/?s={search_term_string}"},"query-input":{"@type":"PropertyValueSpecification","valueRequired":true,"valueName":"search_term_string"}}],"inLanguage":"en-US"},{"@type":"Organization","@id":"https:\/\/raed.academy\/en\/#organization","name":"Real Academia Europea de Doctores","url":"https:\/\/raed.academy\/en\/","logo":{"@type":"ImageObject","inLanguage":"en-US","@id":"https:\/\/raed.academy\/en\/#\/schema\/logo\/image\/","url":"https:\/\/raed.academy\/wp-content\/uploads\/2017\/01\/cropped-logo_raed.png","contentUrl":"https:\/\/raed.academy\/wp-content\/uploads\/2017\/01\/cropped-logo_raed.png","width":512,"height":512,"caption":"Real Academia Europea de Doctores"},"image":{"@id":"https:\/\/raed.academy\/en\/#\/schema\/logo\/image\/"},"sameAs":["http:\/\/fb.me\/raed.academy","https:\/\/x.com\/raedacademy","https:\/\/www.instagram.com\/raed.academy\/","https:\/\/www.youtube.com\/channel\/UCUYQwW2KrdirNWihxMDObwg"]},{"@type":"Person","@id":"https:\/\/raed.academy\/en\/#\/schema\/person\/31af80688d8a2644644f48b63aa77ee1","name":"Javier Rodr\u00edguez Sicilia","image":{"@type":"ImageObject","inLanguage":"en-US","@id":"https:\/\/secure.gravatar.com\/avatar\/702200af99a88a3d626bc9ca2ee9361fa6e582e4455b1e641d8576c963ca66d5?s=96&d=mm&r=g","url":"https:\/\/secure.gravatar.com\/avatar\/702200af99a88a3d626bc9ca2ee9361fa6e582e4455b1e641d8576c963ca66d5?s=96&d=mm&r=g","contentUrl":"https:\/\/secure.gravatar.com\/avatar\/702200af99a88a3d626bc9ca2ee9361fa6e582e4455b1e641d8576c963ca66d5?s=96&d=mm&r=g","caption":"Javier Rodr\u00edguez Sicilia"}}]}},"_links":{"self":[{"href":"https:\/\/raed.academy\/en\/wp-json\/wp\/v2\/posts\/188949","targetHints":{"allow":["GET"]}}],"collection":[{"href":"https:\/\/raed.academy\/en\/wp-json\/wp\/v2\/posts"}],"about":[{"href":"https:\/\/raed.academy\/en\/wp-json\/wp\/v2\/types\/post"}],"author":[{"embeddable":true,"href":"https:\/\/raed.academy\/en\/wp-json\/wp\/v2\/users\/16"}],"replies":[{"embeddable":true,"href":"https:\/\/raed.academy\/en\/wp-json\/wp\/v2\/comments?post=188949"}],"version-history":[{"count":3,"href":"https:\/\/raed.academy\/en\/wp-json\/wp\/v2\/posts\/188949\/revisions"}],"predecessor-version":[{"id":188955,"href":"https:\/\/raed.academy\/en\/wp-json\/wp\/v2\/posts\/188949\/revisions\/188955"}],"wp:featuredmedia":[{"embeddable":true,"href":"https:\/\/raed.academy\/en\/wp-json\/wp\/v2\/media\/182729"}],"wp:attachment":[{"href":"https:\/\/raed.academy\/en\/wp-json\/wp\/v2\/media?parent=188949"}],"wp:term":[{"taxonomy":"category","embeddable":true,"href":"https:\/\/raed.academy\/en\/wp-json\/wp\/v2\/categories?post=188949"},{"taxonomy":"post_tag","embeddable":true,"href":"https:\/\/raed.academy\/en\/wp-json\/wp\/v2\/tags?post=188949"}],"curies":[{"name":"wp","href":"https:\/\/api.w.org\/{rel}","templated":true}]}}