{"id":188942,"date":"2026-09-02T16:24:00","date_gmt":"2026-09-02T16:24:00","guid":{"rendered":"https:\/\/raed.academy\/?p=188942"},"modified":"2026-09-02T16:26:38","modified_gmt":"2026-09-02T16:26:38","slug":"now-and-always-italy","status":"publish","type":"post","link":"https:\/\/raed.academy\/en\/now-and-always-italy\/","title":{"rendered":"Now and always, Italy"},"content":{"rendered":"<div id=\"attachment_107809\" style=\"width: 613px\" class=\"wp-caption aligncenter\"><img loading=\"lazy\" decoding=\"async\" aria-describedby=\"caption-attachment-107809\" class=\"wp-image-107809\" src=\"https:\/\/raed.academy\/wp-content\/uploads\/2021\/11\/Debate-Quimeras-Hombre-mono-mito-realidad-y-bioetica-Joaquin-Callabed.webp\" sizes=\"(max-width: 603px) 100vw, 603px\" srcset=\"https:\/\/raed.academy\/wp-content\/uploads\/2021\/11\/Debate-Quimeras-Hombre-mono-mito-realidad-y-bioetica-Joaquin-Callabed.webp 800w, https:\/\/raed.academy\/wp-content\/uploads\/2021\/11\/Debate-Quimeras-Hombre-mono-mito-realidad-y-bioetica-Joaquin-Callabed-768x512.webp 768w\" alt=\"Joaqu\u00edn Callabed Carracedo en el debate Quimeras Hombre-mono: mito, realidad y bio\u00e9tica\" width=\"603\" height=\"402\" aria-describedby=\"caption-attachment-107809\" \/><p id=\"caption-attachment-107809\" class=\"wp-caption-text\">Dr. Joaqu\u00edn Callabed<\/p><\/div>\n<p><a href=\"https:\/\/raed.academy\/academicos\/dr-joaquin-callabed-carracedo\/\"><em><strong><u>Joaqu\u00edn Callabed<\/u><\/strong><\/em><\/a>, President of the <strong>Social Paediatrics Club<\/strong>, corresponding member of the <strong>Royal Academy of Medicine of Catalonia<\/strong> and of the <strong>Royal Academy of Pharmacy of Catalonia<\/strong>, and full member and Vice-President of the Health Sciences Section of the <strong>Royal European Academy of Doctors<\/strong> (READ), shares with the academic community a new series of articles in which he once again draws on his erudition and fascination with Italy and its cultural and scientific legacy. Specifically, these are <strong>\u201cThe Artistic Movement of the Sienese School,\u201d \u201cFlorence\u2019s Most Important Contributions to the Humanities and Sciences,\u201d \u201cThe Pontanian Academy of Naples\u201d<\/strong> and <strong>\u201cThe Fascination of Naples,\u201d<\/strong> published between June and July in the <strong>\u201cExpert Readers\u201d<\/strong> section of the digital edition of the newspaper <strong>La Vanguardia<\/strong>, whose readers\u2019 community he actively participates in.<\/p>\n<p>In <strong>\u201cThe Artistic Movement of the Sienese School,\u201d<\/strong> the expert reviews the history of a fundamental artistic movement at the dawn of the Italian Renaissance, between the 14th and 15th centuries, representing a subtle evolution of Gothic art and Byzantine tradition. <strong>\u201cUnlike the emphatic three-dimensional naturalism of Florence, with Giotto, the Sienese style humanised faces and introduced depth, while retaining a marked linear elegance, gilded backgrounds and decorative lyricism. The Florentine School laid the foundations of the Renaissance through science, anatomy and three-dimensional perspective. The Sienese School remained faithful to Gothic spirituality and lyrical refinement. It maintained what has been called \u2018Gothic resistance\u2019,\u201d<\/strong> he summarises.<\/p>\n<p>For his part, in <strong>\u201cFlorence\u2019s Most Important Contributions to the Humanities and Sciences,\u201d<\/strong> Callabed recalls how Florentine humanism transformed the European mindset by displacing medieval theocentrism. <strong>\u201cIts impact laid the foundations of modernity by restoring the value of reason, classical Greco-Roman culture and human potential, influencing thought, education and art throughout the continent. Florence became the cradle of humanism thanks to the flourishing of the liberal arts and the support of great patrons. Its contributions to the sciences were also highly important, particularly in astronomy, mathematics, scientific societies, engineering and the natural sciences,\u201d<\/strong> he notes before citing some of its key figures.<\/p>\n<p><img loading=\"lazy\" decoding=\"async\" class=\"size-full wp-image-165367 alignleft\" src=\"https:\/\/raed.academy\/wp-content\/uploads\/2025\/06\/rio-Tiber-y-Basilica-de-San-Pedro-Roma-Italia-no-atrib-pixabay.com-dst.webp\" sizes=\"(max-width: 600px) 100vw, 600px\" srcset=\"https:\/\/raed.academy\/wp-content\/uploads\/2025\/06\/rio-Tiber-y-Basilica-de-San-Pedro-Roma-Italia-no-atrib-pixabay.com-dst.webp 600w, https:\/\/raed.academy\/wp-content\/uploads\/2025\/06\/rio-Tiber-y-Basilica-de-San-Pedro-Roma-Italia-no-atrib-pixabay.com-dst-440x264.webp 440w\" alt=\"\" width=\"600\" height=\"360\" \/>In <strong>\u201cThe Pontanian Academy of Naples,\u201d<\/strong> the President of the Social Paediatrics Club presents what he considers one of the earliest and most influential centres of Renaissance humanism in southern Europe. <strong>\u201cOriginally founded in the mid-15th century under the patronage of King Alfonso V of Aragon, this institution revolutionised the intellectual landscape by transforming informal gatherings into an academic structure devoted to scientific, literary and artistic reflection. Born at the Aragonese court under the name Porticus Antonianus, it was established by the humanist poet and historian Antonio Beccadelli, known as \u2018il Panormita\u2019,\u201d<\/strong> he recalls.<\/p>\n<p>Finally, in <strong>\u201cThe Fascination of Naples,\u201d<\/strong> the academic explores the history of a city where Greek culture, Roman order and the Spanish legacy converge, while celebrating a recent visit. <strong>\u201cAccording to mythology, Parthenope, daughter of Calliope and the river Achelous, was condemned by the gods for failing to seduce Ulysses and went to die on the shores of Naples. Rome left its language and culture intact there. Caesar Augustus, Cicero and Nero were fascinated by this vestige of Hellenic culture that continued to live before their eyes. Alfonso V of Aragon arrived in these lands in 1443 and entered with his court of humanists. Celebrities such as Lorenzo Valla and Antonio Beccadelli gathered in his library. The classics were read every day. This was the origin of the Academy that later came to be known as the Pontanian Academy. King Alfonso was likewise captivated by this land,\u201d<\/strong> he concludes.<\/p>\n<h2><a href=\"https:\/\/www.lavanguardia.com\/participacion\/red-lectores\/20260721\/11596413\/movimiento-artistico-escuela-siena.html\"><u>Read \u201cThe Artistic Movement of the Sienese School\u201d<\/u><\/a><\/h2>\n<h2><a href=\"https:\/\/www.lavanguardia.com\/participacion\/red-lectores\/20260701\/11579056\/aportaciones-mas-importantes-florencia-humanidades-ciencias.html\"><u>Read \u201cFlorence\u2019s Most Important Contributions to the Humanities and Sciences\u201d<\/u><\/a><\/h2>\n<h2><a href=\"https:\/\/www.lavanguardia.com\/participacion\/red-lectores\/20260621\/11569095\/academia-pontaniana-napoles.html\"><u>Read \u201cThe Pontanian Academy of Naples\u201d<\/u><\/a><\/h2>\n<h2><a href=\"https:\/\/www.lavanguardia.com\/participacion\/lectores-corresponsales\/20260613\/11562016\/fascinacion-napoles.html\"><u>Read \u201cThe Fascination of Naples\u201d<\/u><\/a><\/h2>\n","protected":false},"excerpt":{"rendered":"<p>Joaqu\u00edn Callabed returns to his erudition and fascination with Italy and its cultural and scientific legacy in his latest articles: &#8220;The artistic movement of the School of Siena&#8221;, &#8220;The most important contributions of Florence to the humanities and sciences&#8221;, &#8220;The Pontaniana Academy of Naples&#8221; and &#8220;The fascination of Naples&#8221;<\/p>\n","protected":false},"author":16,"featured_media":165369,"comment_status":"closed","ping_status":"closed","sticky":false,"template":"","format":"standard","meta":{"_et_pb_use_builder":"","_et_pb_old_content":"","_et_gb_content_width":"","footnotes":""},"categories":[231,243,402],"tags":[],"class_list":["post-188942","post","type-post","status-publish","format-standard","has-post-thumbnail","hentry","category-art-en","category-categ-history","category-history-of-art-and-cultural-heritage","et-has-post-format-content","et_post_format-et-post-format-standard"],"yoast_head":"<!-- This site is optimized with the Yoast SEO plugin v28.4 - https:\/\/yoast.com\/product\/yoast-seo-wordpress\/ -->\n<title>Now and always, Italy - Royal European Academy of Doctors<\/title>\n<meta name=\"description\" content=\"Joaqu\u00edn Callabed returns to his erudition and fascination with Italy and its cultural and scientific legacy in his latest articles\" \/>\n<meta name=\"robots\" content=\"index, follow, max-snippet:-1, max-image-preview:large, max-video-preview:-1\" \/>\n<link rel=\"canonical\" href=\"https:\/\/raed.academy\/en\/now-and-always-italy\/\" \/>\n<meta property=\"og:locale\" content=\"en_US\" \/>\n<meta property=\"og:type\" content=\"article\" \/>\n<meta property=\"og:title\" content=\"Now and always, Italy - Royal European Academy of Doctors\" \/>\n<meta property=\"og:description\" content=\"Joaqu\u00edn Callabed returns to his erudition and fascination with Italy and its cultural and scientific legacy in his latest articles\" \/>\n<meta property=\"og:url\" content=\"https:\/\/raed.academy\/en\/now-and-always-italy\/\" \/>\n<meta property=\"og:site_name\" content=\"Royal European Academy of Doctors\" \/>\n<meta property=\"article:publisher\" content=\"http:\/\/fb.me\/raed.academy\" \/>\n<meta property=\"article:published_time\" content=\"2026-09-02T16:24:00+00:00\" \/>\n<meta property=\"article:modified_time\" content=\"2026-09-02T16:26:38+00:00\" \/>\n<meta property=\"og:image\" content=\"https:\/\/raed.academy\/wp-content\/uploads\/2025\/06\/rio-Tiber-y-Basilica-de-San-Pedro-Roma-Italia-no-atrib-pixabay.com-dst.webp\" \/>\n\t<meta property=\"og:image:width\" content=\"600\" \/>\n\t<meta property=\"og:image:height\" content=\"360\" \/>\n\t<meta property=\"og:image:type\" content=\"image\/webp\" \/>\n<meta name=\"author\" content=\"Javier Rodr\u00edguez Sicilia\" \/>\n<meta name=\"twitter:card\" content=\"summary_large_image\" \/>\n<meta name=\"twitter:creator\" content=\"@raedacademy\" \/>\n<meta name=\"twitter:site\" content=\"@raedacademy\" \/>\n<meta name=\"twitter:label1\" content=\"Written by\" \/>\n\t<meta name=\"twitter:data1\" content=\"Javier Rodr\u00edguez Sicilia\" \/>\n\t<meta name=\"twitter:label2\" content=\"Est. reading time\" \/>\n\t<meta name=\"twitter:data2\" content=\"4 minutes\" \/>\n<script type=\"application\/ld+json\" class=\"yoast-schema-graph\">{\"@context\":\"https:\\\/\\\/schema.org\",\"@graph\":[{\"@type\":\"Article\",\"@id\":\"https:\\\/\\\/raed.academy\\\/en\\\/now-and-always-italy\\\/#article\",\"isPartOf\":{\"@id\":\"https:\\\/\\\/raed.academy\\\/en\\\/now-and-always-italy\\\/\"},\"author\":{\"name\":\"Javier Rodr\u00edguez Sicilia\",\"@id\":\"https:\\\/\\\/raed.academy\\\/en\\\/#\\\/schema\\\/person\\\/31af80688d8a2644644f48b63aa77ee1\"},\"headline\":\"Now and always, Italy\",\"datePublished\":\"2026-09-02T16:24:00+00:00\",\"dateModified\":\"2026-09-02T16:26:38+00:00\",\"mainEntityOfPage\":{\"@id\":\"https:\\\/\\\/raed.academy\\\/en\\\/now-and-always-italy\\\/\"},\"wordCount\":627,\"publisher\":{\"@id\":\"https:\\\/\\\/raed.academy\\\/en\\\/#organization\"},\"image\":{\"@id\":\"https:\\\/\\\/raed.academy\\\/en\\\/now-and-always-italy\\\/#primaryimage\"},\"thumbnailUrl\":\"https:\\\/\\\/raed.academy\\\/wp-content\\\/uploads\\\/2025\\\/06\\\/rio-Tiber-y-Basilica-de-San-Pedro-Roma-Italia-no-atrib-pixabay.com-dst.webp\",\"articleSection\":[\"Art\",\"History\",\"History of art and cultural heritage\"],\"inLanguage\":\"en-US\"},{\"@type\":\"WebPage\",\"@id\":\"https:\\\/\\\/raed.academy\\\/en\\\/now-and-always-italy\\\/\",\"url\":\"https:\\\/\\\/raed.academy\\\/en\\\/now-and-always-italy\\\/\",\"name\":\"Now and always, Italy - Royal European Academy of Doctors\",\"isPartOf\":{\"@id\":\"https:\\\/\\\/raed.academy\\\/en\\\/#website\"},\"primaryImageOfPage\":{\"@id\":\"https:\\\/\\\/raed.academy\\\/en\\\/now-and-always-italy\\\/#primaryimage\"},\"image\":{\"@id\":\"https:\\\/\\\/raed.academy\\\/en\\\/now-and-always-italy\\\/#primaryimage\"},\"thumbnailUrl\":\"https:\\\/\\\/raed.academy\\\/wp-content\\\/uploads\\\/2025\\\/06\\\/rio-Tiber-y-Basilica-de-San-Pedro-Roma-Italia-no-atrib-pixabay.com-dst.webp\",\"datePublished\":\"2026-09-02T16:24:00+00:00\",\"dateModified\":\"2026-09-02T16:26:38+00:00\",\"description\":\"Joaqu\u00edn Callabed returns to his erudition and fascination with Italy and its cultural and scientific legacy in his latest articles\",\"breadcrumb\":{\"@id\":\"https:\\\/\\\/raed.academy\\\/en\\\/now-and-always-italy\\\/#breadcrumb\"},\"inLanguage\":\"en-US\",\"potentialAction\":[{\"@type\":\"ReadAction\",\"target\":[\"https:\\\/\\\/raed.academy\\\/en\\\/now-and-always-italy\\\/\"]}]},{\"@type\":\"ImageObject\",\"inLanguage\":\"en-US\",\"@id\":\"https:\\\/\\\/raed.academy\\\/en\\\/now-and-always-italy\\\/#primaryimage\",\"url\":\"https:\\\/\\\/raed.academy\\\/wp-content\\\/uploads\\\/2025\\\/06\\\/rio-Tiber-y-Basilica-de-San-Pedro-Roma-Italia-no-atrib-pixabay.com-dst.webp\",\"contentUrl\":\"https:\\\/\\\/raed.academy\\\/wp-content\\\/uploads\\\/2025\\\/06\\\/rio-Tiber-y-Basilica-de-San-Pedro-Roma-Italia-no-atrib-pixabay.com-dst.webp\",\"width\":600,\"height\":360},{\"@type\":\"BreadcrumbList\",\"@id\":\"https:\\\/\\\/raed.academy\\\/en\\\/now-and-always-italy\\\/#breadcrumb\",\"itemListElement\":[{\"@type\":\"ListItem\",\"position\":1,\"name\":\"Inicio\",\"item\":\"https:\\\/\\\/raed.academy\\\/en\\\/\"},{\"@type\":\"ListItem\",\"position\":2,\"name\":\"Now and always, Italy\"}]},{\"@type\":\"WebSite\",\"@id\":\"https:\\\/\\\/raed.academy\\\/en\\\/#website\",\"url\":\"https:\\\/\\\/raed.academy\\\/en\\\/\",\"name\":\"Royal European Academy of Doctors\",\"description\":\"Corporaci\u00f3n de derecho p\u00fablico de car\u00e1cter cient\u00edfico, t\u00e9cnico y art\u00edstico, que tiene por objeto la investigaci\u00f3n, el estudio, el fomento y la extensi\u00f3n del conocimiento en su sentido m\u00e1s amplio.\",\"publisher\":{\"@id\":\"https:\\\/\\\/raed.academy\\\/en\\\/#organization\"},\"potentialAction\":[{\"@type\":\"SearchAction\",\"target\":{\"@type\":\"EntryPoint\",\"urlTemplate\":\"https:\\\/\\\/raed.academy\\\/en\\\/?s={search_term_string}\"},\"query-input\":{\"@type\":\"PropertyValueSpecification\",\"valueRequired\":true,\"valueName\":\"search_term_string\"}}],\"inLanguage\":\"en-US\"},{\"@type\":\"Organization\",\"@id\":\"https:\\\/\\\/raed.academy\\\/en\\\/#organization\",\"name\":\"Real Academia Europea de Doctores\",\"url\":\"https:\\\/\\\/raed.academy\\\/en\\\/\",\"logo\":{\"@type\":\"ImageObject\",\"inLanguage\":\"en-US\",\"@id\":\"https:\\\/\\\/raed.academy\\\/en\\\/#\\\/schema\\\/logo\\\/image\\\/\",\"url\":\"https:\\\/\\\/raed.academy\\\/wp-content\\\/uploads\\\/2017\\\/01\\\/cropped-logo_raed.png\",\"contentUrl\":\"https:\\\/\\\/raed.academy\\\/wp-content\\\/uploads\\\/2017\\\/01\\\/cropped-logo_raed.png\",\"width\":512,\"height\":512,\"caption\":\"Real Academia Europea de Doctores\"},\"image\":{\"@id\":\"https:\\\/\\\/raed.academy\\\/en\\\/#\\\/schema\\\/logo\\\/image\\\/\"},\"sameAs\":[\"http:\\\/\\\/fb.me\\\/raed.academy\",\"https:\\\/\\\/x.com\\\/raedacademy\",\"https:\\\/\\\/www.instagram.com\\\/raed.academy\\\/\",\"https:\\\/\\\/www.youtube.com\\\/channel\\\/UCUYQwW2KrdirNWihxMDObwg\"]},{\"@type\":\"Person\",\"@id\":\"https:\\\/\\\/raed.academy\\\/en\\\/#\\\/schema\\\/person\\\/31af80688d8a2644644f48b63aa77ee1\",\"name\":\"Javier Rodr\u00edguez Sicilia\",\"image\":{\"@type\":\"ImageObject\",\"inLanguage\":\"en-US\",\"@id\":\"https:\\\/\\\/secure.gravatar.com\\\/avatar\\\/702200af99a88a3d626bc9ca2ee9361fa6e582e4455b1e641d8576c963ca66d5?s=96&d=mm&r=g\",\"url\":\"https:\\\/\\\/secure.gravatar.com\\\/avatar\\\/702200af99a88a3d626bc9ca2ee9361fa6e582e4455b1e641d8576c963ca66d5?s=96&d=mm&r=g\",\"contentUrl\":\"https:\\\/\\\/secure.gravatar.com\\\/avatar\\\/702200af99a88a3d626bc9ca2ee9361fa6e582e4455b1e641d8576c963ca66d5?s=96&d=mm&r=g\",\"caption\":\"Javier Rodr\u00edguez Sicilia\"}}]}<\/script>\n<!-- \/ Yoast SEO plugin. -->","yoast_head_json":{"title":"Now and always, Italy - Royal European Academy of Doctors","description":"Joaqu\u00edn Callabed returns to his erudition and fascination with Italy and its cultural and scientific legacy in his latest articles","robots":{"index":"index","follow":"follow","max-snippet":"max-snippet:-1","max-image-preview":"max-image-preview:large","max-video-preview":"max-video-preview:-1"},"canonical":"https:\/\/raed.academy\/en\/now-and-always-italy\/","og_locale":"en_US","og_type":"article","og_title":"Now and always, Italy - Royal European Academy of Doctors","og_description":"Joaqu\u00edn Callabed returns to his erudition and fascination with Italy and its cultural and scientific legacy in his latest articles","og_url":"https:\/\/raed.academy\/en\/now-and-always-italy\/","og_site_name":"Royal European Academy of Doctors","article_publisher":"http:\/\/fb.me\/raed.academy","article_published_time":"2026-09-02T16:24:00+00:00","article_modified_time":"2026-09-02T16:26:38+00:00","og_image":[{"width":600,"height":360,"url":"https:\/\/raed.academy\/wp-content\/uploads\/2025\/06\/rio-Tiber-y-Basilica-de-San-Pedro-Roma-Italia-no-atrib-pixabay.com-dst.webp","type":"image\/webp"}],"author":"Javier Rodr\u00edguez Sicilia","twitter_card":"summary_large_image","twitter_creator":"@raedacademy","twitter_site":"@raedacademy","twitter_misc":{"Written by":"Javier Rodr\u00edguez Sicilia","Est. reading time":"4 minutes"},"schema":{"@context":"https:\/\/schema.org","@graph":[{"@type":"Article","@id":"https:\/\/raed.academy\/en\/now-and-always-italy\/#article","isPartOf":{"@id":"https:\/\/raed.academy\/en\/now-and-always-italy\/"},"author":{"name":"Javier Rodr\u00edguez Sicilia","@id":"https:\/\/raed.academy\/en\/#\/schema\/person\/31af80688d8a2644644f48b63aa77ee1"},"headline":"Now and always, Italy","datePublished":"2026-09-02T16:24:00+00:00","dateModified":"2026-09-02T16:26:38+00:00","mainEntityOfPage":{"@id":"https:\/\/raed.academy\/en\/now-and-always-italy\/"},"wordCount":627,"publisher":{"@id":"https:\/\/raed.academy\/en\/#organization"},"image":{"@id":"https:\/\/raed.academy\/en\/now-and-always-italy\/#primaryimage"},"thumbnailUrl":"https:\/\/raed.academy\/wp-content\/uploads\/2025\/06\/rio-Tiber-y-Basilica-de-San-Pedro-Roma-Italia-no-atrib-pixabay.com-dst.webp","articleSection":["Art","History","History of art and cultural heritage"],"inLanguage":"en-US"},{"@type":"WebPage","@id":"https:\/\/raed.academy\/en\/now-and-always-italy\/","url":"https:\/\/raed.academy\/en\/now-and-always-italy\/","name":"Now and always, Italy - Royal European Academy of Doctors","isPartOf":{"@id":"https:\/\/raed.academy\/en\/#website"},"primaryImageOfPage":{"@id":"https:\/\/raed.academy\/en\/now-and-always-italy\/#primaryimage"},"image":{"@id":"https:\/\/raed.academy\/en\/now-and-always-italy\/#primaryimage"},"thumbnailUrl":"https:\/\/raed.academy\/wp-content\/uploads\/2025\/06\/rio-Tiber-y-Basilica-de-San-Pedro-Roma-Italia-no-atrib-pixabay.com-dst.webp","datePublished":"2026-09-02T16:24:00+00:00","dateModified":"2026-09-02T16:26:38+00:00","description":"Joaqu\u00edn Callabed returns to his erudition and fascination with Italy and its cultural and scientific legacy in his latest articles","breadcrumb":{"@id":"https:\/\/raed.academy\/en\/now-and-always-italy\/#breadcrumb"},"inLanguage":"en-US","potentialAction":[{"@type":"ReadAction","target":["https:\/\/raed.academy\/en\/now-and-always-italy\/"]}]},{"@type":"ImageObject","inLanguage":"en-US","@id":"https:\/\/raed.academy\/en\/now-and-always-italy\/#primaryimage","url":"https:\/\/raed.academy\/wp-content\/uploads\/2025\/06\/rio-Tiber-y-Basilica-de-San-Pedro-Roma-Italia-no-atrib-pixabay.com-dst.webp","contentUrl":"https:\/\/raed.academy\/wp-content\/uploads\/2025\/06\/rio-Tiber-y-Basilica-de-San-Pedro-Roma-Italia-no-atrib-pixabay.com-dst.webp","width":600,"height":360},{"@type":"BreadcrumbList","@id":"https:\/\/raed.academy\/en\/now-and-always-italy\/#breadcrumb","itemListElement":[{"@type":"ListItem","position":1,"name":"Inicio","item":"https:\/\/raed.academy\/en\/"},{"@type":"ListItem","position":2,"name":"Now and always, Italy"}]},{"@type":"WebSite","@id":"https:\/\/raed.academy\/en\/#website","url":"https:\/\/raed.academy\/en\/","name":"Royal European Academy of Doctors","description":"Corporaci\u00f3n de derecho p\u00fablico de car\u00e1cter cient\u00edfico, t\u00e9cnico y art\u00edstico, que tiene por objeto la investigaci\u00f3n, el estudio, el fomento y la extensi\u00f3n del conocimiento en su sentido m\u00e1s amplio.","publisher":{"@id":"https:\/\/raed.academy\/en\/#organization"},"potentialAction":[{"@type":"SearchAction","target":{"@type":"EntryPoint","urlTemplate":"https:\/\/raed.academy\/en\/?s={search_term_string}"},"query-input":{"@type":"PropertyValueSpecification","valueRequired":true,"valueName":"search_term_string"}}],"inLanguage":"en-US"},{"@type":"Organization","@id":"https:\/\/raed.academy\/en\/#organization","name":"Real Academia Europea de Doctores","url":"https:\/\/raed.academy\/en\/","logo":{"@type":"ImageObject","inLanguage":"en-US","@id":"https:\/\/raed.academy\/en\/#\/schema\/logo\/image\/","url":"https:\/\/raed.academy\/wp-content\/uploads\/2017\/01\/cropped-logo_raed.png","contentUrl":"https:\/\/raed.academy\/wp-content\/uploads\/2017\/01\/cropped-logo_raed.png","width":512,"height":512,"caption":"Real Academia Europea de Doctores"},"image":{"@id":"https:\/\/raed.academy\/en\/#\/schema\/logo\/image\/"},"sameAs":["http:\/\/fb.me\/raed.academy","https:\/\/x.com\/raedacademy","https:\/\/www.instagram.com\/raed.academy\/","https:\/\/www.youtube.com\/channel\/UCUYQwW2KrdirNWihxMDObwg"]},{"@type":"Person","@id":"https:\/\/raed.academy\/en\/#\/schema\/person\/31af80688d8a2644644f48b63aa77ee1","name":"Javier Rodr\u00edguez Sicilia","image":{"@type":"ImageObject","inLanguage":"en-US","@id":"https:\/\/secure.gravatar.com\/avatar\/702200af99a88a3d626bc9ca2ee9361fa6e582e4455b1e641d8576c963ca66d5?s=96&d=mm&r=g","url":"https:\/\/secure.gravatar.com\/avatar\/702200af99a88a3d626bc9ca2ee9361fa6e582e4455b1e641d8576c963ca66d5?s=96&d=mm&r=g","contentUrl":"https:\/\/secure.gravatar.com\/avatar\/702200af99a88a3d626bc9ca2ee9361fa6e582e4455b1e641d8576c963ca66d5?s=96&d=mm&r=g","caption":"Javier Rodr\u00edguez Sicilia"}}]}},"_links":{"self":[{"href":"https:\/\/raed.academy\/en\/wp-json\/wp\/v2\/posts\/188942","targetHints":{"allow":["GET"]}}],"collection":[{"href":"https:\/\/raed.academy\/en\/wp-json\/wp\/v2\/posts"}],"about":[{"href":"https:\/\/raed.academy\/en\/wp-json\/wp\/v2\/types\/post"}],"author":[{"embeddable":true,"href":"https:\/\/raed.academy\/en\/wp-json\/wp\/v2\/users\/16"}],"replies":[{"embeddable":true,"href":"https:\/\/raed.academy\/en\/wp-json\/wp\/v2\/comments?post=188942"}],"version-history":[{"count":3,"href":"https:\/\/raed.academy\/en\/wp-json\/wp\/v2\/posts\/188942\/revisions"}],"predecessor-version":[{"id":188947,"href":"https:\/\/raed.academy\/en\/wp-json\/wp\/v2\/posts\/188942\/revisions\/188947"}],"wp:featuredmedia":[{"embeddable":true,"href":"https:\/\/raed.academy\/en\/wp-json\/wp\/v2\/media\/165369"}],"wp:attachment":[{"href":"https:\/\/raed.academy\/en\/wp-json\/wp\/v2\/media?parent=188942"}],"wp:term":[{"taxonomy":"category","embeddable":true,"href":"https:\/\/raed.academy\/en\/wp-json\/wp\/v2\/categories?post=188942"},{"taxonomy":"post_tag","embeddable":true,"href":"https:\/\/raed.academy\/en\/wp-json\/wp\/v2\/tags?post=188942"}],"curies":[{"name":"wp","href":"https:\/\/api.w.org\/{rel}","templated":true}]}}