{"id":184074,"date":"2026-04-24T11:43:10","date_gmt":"2026-04-24T11:43:10","guid":{"rendered":"https:\/\/raed.academy\/?p=184074"},"modified":"2026-04-24T11:43:10","modified_gmt":"2026-04-24T11:43:10","slug":"the-revolution-of-personalised-medicine","status":"publish","type":"post","link":"https:\/\/raed.academy\/en\/the-revolution-of-personalised-medicine\/","title":{"rendered":"The Revolution of personalised medicine"},"content":{"rendered":"<p><img loading=\"lazy\" decoding=\"async\" class=\"aligncenter size-full wp-image-183870\" src=\"https:\/\/raed.academy\/wp-content\/uploads\/2026\/04\/medicina-personalizada-pildoras-medicacion-medicamentos-biotecnologia-shutt-2.91.webp\" sizes=\"(max-width: 1600px) 100vw, 1600px\" srcset=\"https:\/\/raed.academy\/wp-content\/uploads\/2026\/04\/medicina-personalizada-pildoras-medicacion-medicamentos-biotecnologia-shutt-2.91.webp 1600w, https:\/\/raed.academy\/wp-content\/uploads\/2026\/04\/medicina-personalizada-pildoras-medicacion-medicamentos-biotecnologia-shutt-2.91-768x264.webp 768w, https:\/\/raed.academy\/wp-content\/uploads\/2026\/04\/medicina-personalizada-pildoras-medicacion-medicamentos-biotecnologia-shutt-2.91-1536x528.webp 1536w, https:\/\/raed.academy\/wp-content\/uploads\/2026\/04\/medicina-personalizada-pildoras-medicacion-medicamentos-biotecnologia-shutt-2.91-1080x371.webp 1080w\" alt=\"\" width=\"1600\" height=\"550\" \/><\/p>\n<p>The <strong>Royal European Academy of Doctors<\/strong> (READ), together with the <strong>General<\/strong> <strong>Foundation<\/strong> <strong>of<\/strong> <strong>the<\/strong> <strong>Higher<\/strong> <strong>Council<\/strong> <strong>for<\/strong> <strong>Scientific<\/strong> <strong>Research<\/strong> (CSIC), the <strong>Ram\u00f3n<\/strong> <strong>Areces<\/strong> <strong>Foundation,<\/strong> and the <strong>Requena<\/strong> <strong>Foundation<\/strong>, held the <strong>4th<\/strong> <strong>Conference<\/strong> <strong>on<\/strong> <strong>Creativity<\/strong> <strong>and<\/strong> <strong>Innovation on 21 April<\/strong> this year, focused on personalised medicine. The Ram\u00f3n Areces Foundation itself hosted at its Madrid headquarters a meeting which, in this fourth edition, aimed to reflect on how creativity and innovation are driving new solutions to current healthcare challenges, on the different approaches to the practical application of emerging technologies in the health sector, and on the strategic role of innovation in economic and social development, as explained by its <strong>Organising Committee<\/strong>.<\/p>\n<p>The opening lecture was delivered by journalist <strong>Carlos Franganillo<\/strong>, who introduced the scientific sessions, structured around two main axes: the use of data in clinical practice as support for decision-making and the development of advanced therapies, analysed from the perspectives of their transformative potential, key actors, and evolution. These topics were explored through different spaces for dialogue, an expert analysis session, the presentation of a strategic surveillance report prepared by the CSIC Foundation, and a round table with researchers, biotechnology companies and knowledge transfer managers, which made it possible to examine the scientific, technological and social implications of all these innovations.<\/p>\n<p>The conference was chaired by the Director-General of the Ram\u00f3n Areces Foundation, <strong>Raimundo P\u00e9rez-Hern\u00e1ndez<\/strong>, and the Vice-President for Scientific and Technical Research of the CSIC, <strong>Jos\u00e9 Mar\u00eda Martell<\/strong>. After their introduction, the Director of the <strong>Vision and Ophthalmology Research Group<\/strong> at the <strong>Complutense University of Madrid<\/strong>, <strong>Celia S\u00e1nchez Ramos<\/strong>, opened the meeting with a talk centred on the importance of data in personalised medicine. She was joined by other experts, such as Professor of Surgery <strong>Julio Mayol<\/strong> and Professor of Statistics <strong>Rosa Elvira Lillo<\/strong>. Data analyst <strong>V\u00edctor Valc\u00e1rcel<\/strong>, for his part, presented the report prepared by the CSIC Foundation.<\/p>\n<p>A round table on advanced therapies was then held, with the participation of <strong>Jos\u00e9 Mar\u00eda Frade<\/strong>, researcher at the <strong>Cajal Neuroscience Centre<\/strong> of the CSIC; <strong>\u00c1ngel Lucio<\/strong>, Chief Executive Officer of the spin-off <strong>Tetraneuron<\/strong>; <strong>Rafael Oriol<\/strong>, Chief Operating Officer of the R&amp;D&amp;I investment firm <strong>Captug<\/strong>; and <strong>Gemma Ca\u00f1as<\/strong>, Head of the <strong>Knowledge Transfer Area<\/strong> of the <strong>Ministry of Science, Innovation and Universities<\/strong>. The debate was moderated by <strong>Augusto Silva<\/strong>, a scientific researcher at the CSIC. The conference concluded with a humorous monologue by science communicator <strong>Daniel Orts<\/strong> and the closing lecture by <strong>Ram\u00f3n Torrecillas San Mill\u00e1n<\/strong>, Director-General of the General Foundation of the Higher Council for Scientific Research.<u><\/u><\/p>\n<p><iframe loading=\"lazy\" title=\"Jornada- Conversaciones en torno a la medicina personalizada\" src=\"https:\/\/www.youtube.com\/embed\/HSPIqoHR3g8\" width=\"1238\" height=\"696\" frameborder=\"0\" allowfullscreen=\"allowfullscreen\"><\/iframe><\/p>\n","protected":false},"excerpt":{"rendered":"<p>The RAED co-organizes the 4th Conference on Creativity and Innovation, focused this year on personalized medicine, whose purpose was to reflect on how creativity and innovation drive new solutions to current health challenges<\/p>\n","protected":false},"author":16,"featured_media":183876,"comment_status":"closed","ping_status":"closed","sticky":false,"template":"","format":"standard","meta":{"_et_pb_use_builder":"","_et_pb_old_content":"","_et_gb_content_width":"","footnotes":""},"categories":[333,454,215,443,493],"tags":[],"class_list":["post-184074","post","type-post","status-publish","format-standard","has-post-thumbnail","hentry","category-biology","category-health-sciences","category-medicine-and-surgery","category-pharmaceutical-sciences","category-scientific-meetings-and-congresses","et-has-post-format-content","et_post_format-et-post-format-standard"],"yoast_head":"<!-- This site is optimized with the Yoast SEO plugin v27.4 - https:\/\/yoast.com\/product\/yoast-seo-wordpress\/ -->\n<title>The Revolution of personalised medicine - Royal European Academy of Doctors<\/title>\n<meta name=\"description\" content=\"The RAED co-organizes the 4th Conference on Creativity and Innovation, focused this year on personalized medicine, whose purpose was to reflect on how creativity and innovation drive new solutions to current health challenges\" \/>\n<meta name=\"robots\" content=\"index, follow, max-snippet:-1, max-image-preview:large, max-video-preview:-1\" \/>\n<link rel=\"canonical\" href=\"https:\/\/raed.academy\/en\/the-revolution-of-personalised-medicine\/\" \/>\n<meta property=\"og:locale\" content=\"en_US\" \/>\n<meta property=\"og:type\" content=\"article\" \/>\n<meta property=\"og:title\" content=\"The Revolution of personalised medicine - Royal European Academy of Doctors\" \/>\n<meta property=\"og:description\" content=\"The RAED co-organizes the 4th Conference on Creativity and Innovation, focused this year on personalized medicine, whose purpose was to reflect on how creativity and innovation drive new solutions to current health challenges\" \/>\n<meta property=\"og:url\" content=\"https:\/\/raed.academy\/en\/the-revolution-of-personalised-medicine\/\" \/>\n<meta property=\"og:site_name\" content=\"Royal European Academy of Doctors\" \/>\n<meta property=\"article:publisher\" content=\"http:\/\/fb.me\/raed.academy\" \/>\n<meta property=\"article:published_time\" content=\"2026-04-24T11:43:10+00:00\" \/>\n<meta property=\"og:image\" content=\"https:\/\/raed.academy\/wp-content\/uploads\/2026\/04\/medicina-personalizada-pildoras-medicacion-medicamentos-biotecnologia-shutt-1.67.webp\" \/>\n\t<meta property=\"og:image:width\" content=\"600\" \/>\n\t<meta property=\"og:image:height\" content=\"360\" \/>\n\t<meta property=\"og:image:type\" content=\"image\/webp\" \/>\n<meta name=\"author\" content=\"Javier Rodr\u00edguez Sicilia\" \/>\n<meta name=\"twitter:card\" content=\"summary_large_image\" \/>\n<meta name=\"twitter:creator\" content=\"@raedacademy\" \/>\n<meta name=\"twitter:site\" content=\"@raedacademy\" \/>\n<meta name=\"twitter:label1\" content=\"Written by\" \/>\n\t<meta name=\"twitter:data1\" content=\"Javier Rodr\u00edguez Sicilia\" \/>\n\t<meta name=\"twitter:label2\" content=\"Est. reading time\" \/>\n\t<meta name=\"twitter:data2\" content=\"3 minutes\" \/>\n<script type=\"application\/ld+json\" class=\"yoast-schema-graph\">{\"@context\":\"https:\\\/\\\/schema.org\",\"@graph\":[{\"@type\":\"Article\",\"@id\":\"https:\\\/\\\/raed.academy\\\/en\\\/the-revolution-of-personalised-medicine\\\/#article\",\"isPartOf\":{\"@id\":\"https:\\\/\\\/raed.academy\\\/en\\\/the-revolution-of-personalised-medicine\\\/\"},\"author\":{\"name\":\"Javier Rodr\u00edguez Sicilia\",\"@id\":\"https:\\\/\\\/raed.academy\\\/en\\\/#\\\/schema\\\/person\\\/31af80688d8a2644644f48b63aa77ee1\"},\"headline\":\"The Revolution of personalised medicine\",\"datePublished\":\"2026-04-24T11:43:10+00:00\",\"mainEntityOfPage\":{\"@id\":\"https:\\\/\\\/raed.academy\\\/en\\\/the-revolution-of-personalised-medicine\\\/\"},\"wordCount\":440,\"publisher\":{\"@id\":\"https:\\\/\\\/raed.academy\\\/en\\\/#organization\"},\"image\":{\"@id\":\"https:\\\/\\\/raed.academy\\\/en\\\/the-revolution-of-personalised-medicine\\\/#primaryimage\"},\"thumbnailUrl\":\"https:\\\/\\\/raed.academy\\\/wp-content\\\/uploads\\\/2026\\\/04\\\/medicina-personalizada-pildoras-medicacion-medicamentos-biotecnologia-shutt-1.67.webp\",\"articleSection\":[\"Biology\",\"Health Sciences\",\"Medicine and Surgery\",\"Pharmaceutical Sciences\",\"Scientific Meetings and Congresses\"],\"inLanguage\":\"en-US\"},{\"@type\":\"WebPage\",\"@id\":\"https:\\\/\\\/raed.academy\\\/en\\\/the-revolution-of-personalised-medicine\\\/\",\"url\":\"https:\\\/\\\/raed.academy\\\/en\\\/the-revolution-of-personalised-medicine\\\/\",\"name\":\"The Revolution of personalised medicine - Royal European Academy of Doctors\",\"isPartOf\":{\"@id\":\"https:\\\/\\\/raed.academy\\\/en\\\/#website\"},\"primaryImageOfPage\":{\"@id\":\"https:\\\/\\\/raed.academy\\\/en\\\/the-revolution-of-personalised-medicine\\\/#primaryimage\"},\"image\":{\"@id\":\"https:\\\/\\\/raed.academy\\\/en\\\/the-revolution-of-personalised-medicine\\\/#primaryimage\"},\"thumbnailUrl\":\"https:\\\/\\\/raed.academy\\\/wp-content\\\/uploads\\\/2026\\\/04\\\/medicina-personalizada-pildoras-medicacion-medicamentos-biotecnologia-shutt-1.67.webp\",\"datePublished\":\"2026-04-24T11:43:10+00:00\",\"description\":\"The RAED co-organizes the 4th Conference on Creativity and Innovation, focused this year on personalized medicine, whose purpose was to reflect on how creativity and innovation drive new solutions to current health challenges\",\"breadcrumb\":{\"@id\":\"https:\\\/\\\/raed.academy\\\/en\\\/the-revolution-of-personalised-medicine\\\/#breadcrumb\"},\"inLanguage\":\"en-US\",\"potentialAction\":[{\"@type\":\"ReadAction\",\"target\":[\"https:\\\/\\\/raed.academy\\\/en\\\/the-revolution-of-personalised-medicine\\\/\"]}]},{\"@type\":\"ImageObject\",\"inLanguage\":\"en-US\",\"@id\":\"https:\\\/\\\/raed.academy\\\/en\\\/the-revolution-of-personalised-medicine\\\/#primaryimage\",\"url\":\"https:\\\/\\\/raed.academy\\\/wp-content\\\/uploads\\\/2026\\\/04\\\/medicina-personalizada-pildoras-medicacion-medicamentos-biotecnologia-shutt-1.67.webp\",\"contentUrl\":\"https:\\\/\\\/raed.academy\\\/wp-content\\\/uploads\\\/2026\\\/04\\\/medicina-personalizada-pildoras-medicacion-medicamentos-biotecnologia-shutt-1.67.webp\",\"width\":600,\"height\":360},{\"@type\":\"BreadcrumbList\",\"@id\":\"https:\\\/\\\/raed.academy\\\/en\\\/the-revolution-of-personalised-medicine\\\/#breadcrumb\",\"itemListElement\":[{\"@type\":\"ListItem\",\"position\":1,\"name\":\"Inicio\",\"item\":\"https:\\\/\\\/raed.academy\\\/en\\\/\"},{\"@type\":\"ListItem\",\"position\":2,\"name\":\"The Revolution of personalised medicine\"}]},{\"@type\":\"WebSite\",\"@id\":\"https:\\\/\\\/raed.academy\\\/en\\\/#website\",\"url\":\"https:\\\/\\\/raed.academy\\\/en\\\/\",\"name\":\"Royal European Academy of Doctors\",\"description\":\"Corporaci\u00f3n de derecho p\u00fablico de car\u00e1cter cient\u00edfico, t\u00e9cnico y art\u00edstico, que tiene por objeto la investigaci\u00f3n, el estudio, el fomento y la extensi\u00f3n del conocimiento en su sentido m\u00e1s amplio.\",\"publisher\":{\"@id\":\"https:\\\/\\\/raed.academy\\\/en\\\/#organization\"},\"potentialAction\":[{\"@type\":\"SearchAction\",\"target\":{\"@type\":\"EntryPoint\",\"urlTemplate\":\"https:\\\/\\\/raed.academy\\\/en\\\/?s={search_term_string}\"},\"query-input\":{\"@type\":\"PropertyValueSpecification\",\"valueRequired\":true,\"valueName\":\"search_term_string\"}}],\"inLanguage\":\"en-US\"},{\"@type\":\"Organization\",\"@id\":\"https:\\\/\\\/raed.academy\\\/en\\\/#organization\",\"name\":\"Real Academia Europea de Doctores\",\"url\":\"https:\\\/\\\/raed.academy\\\/en\\\/\",\"logo\":{\"@type\":\"ImageObject\",\"inLanguage\":\"en-US\",\"@id\":\"https:\\\/\\\/raed.academy\\\/en\\\/#\\\/schema\\\/logo\\\/image\\\/\",\"url\":\"https:\\\/\\\/raed.academy\\\/wp-content\\\/uploads\\\/2017\\\/01\\\/cropped-logo_raed.png\",\"contentUrl\":\"https:\\\/\\\/raed.academy\\\/wp-content\\\/uploads\\\/2017\\\/01\\\/cropped-logo_raed.png\",\"width\":512,\"height\":512,\"caption\":\"Real Academia Europea de Doctores\"},\"image\":{\"@id\":\"https:\\\/\\\/raed.academy\\\/en\\\/#\\\/schema\\\/logo\\\/image\\\/\"},\"sameAs\":[\"http:\\\/\\\/fb.me\\\/raed.academy\",\"https:\\\/\\\/x.com\\\/raedacademy\",\"https:\\\/\\\/www.instagram.com\\\/raed.academy\\\/\",\"https:\\\/\\\/www.youtube.com\\\/channel\\\/UCUYQwW2KrdirNWihxMDObwg\"]},{\"@type\":\"Person\",\"@id\":\"https:\\\/\\\/raed.academy\\\/en\\\/#\\\/schema\\\/person\\\/31af80688d8a2644644f48b63aa77ee1\",\"name\":\"Javier Rodr\u00edguez Sicilia\",\"image\":{\"@type\":\"ImageObject\",\"inLanguage\":\"en-US\",\"@id\":\"https:\\\/\\\/secure.gravatar.com\\\/avatar\\\/702200af99a88a3d626bc9ca2ee9361fa6e582e4455b1e641d8576c963ca66d5?s=96&d=mm&r=g\",\"url\":\"https:\\\/\\\/secure.gravatar.com\\\/avatar\\\/702200af99a88a3d626bc9ca2ee9361fa6e582e4455b1e641d8576c963ca66d5?s=96&d=mm&r=g\",\"contentUrl\":\"https:\\\/\\\/secure.gravatar.com\\\/avatar\\\/702200af99a88a3d626bc9ca2ee9361fa6e582e4455b1e641d8576c963ca66d5?s=96&d=mm&r=g\",\"caption\":\"Javier Rodr\u00edguez Sicilia\"}}]}<\/script>\n<!-- \/ Yoast SEO plugin. -->","yoast_head_json":{"title":"The Revolution of personalised medicine - Royal European Academy of Doctors","description":"The RAED co-organizes the 4th Conference on Creativity and Innovation, focused this year on personalized medicine, whose purpose was to reflect on how creativity and innovation drive new solutions to current health challenges","robots":{"index":"index","follow":"follow","max-snippet":"max-snippet:-1","max-image-preview":"max-image-preview:large","max-video-preview":"max-video-preview:-1"},"canonical":"https:\/\/raed.academy\/en\/the-revolution-of-personalised-medicine\/","og_locale":"en_US","og_type":"article","og_title":"The Revolution of personalised medicine - Royal European Academy of Doctors","og_description":"The RAED co-organizes the 4th Conference on Creativity and Innovation, focused this year on personalized medicine, whose purpose was to reflect on how creativity and innovation drive new solutions to current health challenges","og_url":"https:\/\/raed.academy\/en\/the-revolution-of-personalised-medicine\/","og_site_name":"Royal European Academy of Doctors","article_publisher":"http:\/\/fb.me\/raed.academy","article_published_time":"2026-04-24T11:43:10+00:00","og_image":[{"width":600,"height":360,"url":"https:\/\/raed.academy\/wp-content\/uploads\/2026\/04\/medicina-personalizada-pildoras-medicacion-medicamentos-biotecnologia-shutt-1.67.webp","type":"image\/webp"}],"author":"Javier Rodr\u00edguez Sicilia","twitter_card":"summary_large_image","twitter_creator":"@raedacademy","twitter_site":"@raedacademy","twitter_misc":{"Written by":"Javier Rodr\u00edguez Sicilia","Est. reading time":"3 minutes"},"schema":{"@context":"https:\/\/schema.org","@graph":[{"@type":"Article","@id":"https:\/\/raed.academy\/en\/the-revolution-of-personalised-medicine\/#article","isPartOf":{"@id":"https:\/\/raed.academy\/en\/the-revolution-of-personalised-medicine\/"},"author":{"name":"Javier Rodr\u00edguez Sicilia","@id":"https:\/\/raed.academy\/en\/#\/schema\/person\/31af80688d8a2644644f48b63aa77ee1"},"headline":"The Revolution of personalised medicine","datePublished":"2026-04-24T11:43:10+00:00","mainEntityOfPage":{"@id":"https:\/\/raed.academy\/en\/the-revolution-of-personalised-medicine\/"},"wordCount":440,"publisher":{"@id":"https:\/\/raed.academy\/en\/#organization"},"image":{"@id":"https:\/\/raed.academy\/en\/the-revolution-of-personalised-medicine\/#primaryimage"},"thumbnailUrl":"https:\/\/raed.academy\/wp-content\/uploads\/2026\/04\/medicina-personalizada-pildoras-medicacion-medicamentos-biotecnologia-shutt-1.67.webp","articleSection":["Biology","Health Sciences","Medicine and Surgery","Pharmaceutical Sciences","Scientific Meetings and Congresses"],"inLanguage":"en-US"},{"@type":"WebPage","@id":"https:\/\/raed.academy\/en\/the-revolution-of-personalised-medicine\/","url":"https:\/\/raed.academy\/en\/the-revolution-of-personalised-medicine\/","name":"The Revolution of personalised medicine - Royal European Academy of Doctors","isPartOf":{"@id":"https:\/\/raed.academy\/en\/#website"},"primaryImageOfPage":{"@id":"https:\/\/raed.academy\/en\/the-revolution-of-personalised-medicine\/#primaryimage"},"image":{"@id":"https:\/\/raed.academy\/en\/the-revolution-of-personalised-medicine\/#primaryimage"},"thumbnailUrl":"https:\/\/raed.academy\/wp-content\/uploads\/2026\/04\/medicina-personalizada-pildoras-medicacion-medicamentos-biotecnologia-shutt-1.67.webp","datePublished":"2026-04-24T11:43:10+00:00","description":"The RAED co-organizes the 4th Conference on Creativity and Innovation, focused this year on personalized medicine, whose purpose was to reflect on how creativity and innovation drive new solutions to current health challenges","breadcrumb":{"@id":"https:\/\/raed.academy\/en\/the-revolution-of-personalised-medicine\/#breadcrumb"},"inLanguage":"en-US","potentialAction":[{"@type":"ReadAction","target":["https:\/\/raed.academy\/en\/the-revolution-of-personalised-medicine\/"]}]},{"@type":"ImageObject","inLanguage":"en-US","@id":"https:\/\/raed.academy\/en\/the-revolution-of-personalised-medicine\/#primaryimage","url":"https:\/\/raed.academy\/wp-content\/uploads\/2026\/04\/medicina-personalizada-pildoras-medicacion-medicamentos-biotecnologia-shutt-1.67.webp","contentUrl":"https:\/\/raed.academy\/wp-content\/uploads\/2026\/04\/medicina-personalizada-pildoras-medicacion-medicamentos-biotecnologia-shutt-1.67.webp","width":600,"height":360},{"@type":"BreadcrumbList","@id":"https:\/\/raed.academy\/en\/the-revolution-of-personalised-medicine\/#breadcrumb","itemListElement":[{"@type":"ListItem","position":1,"name":"Inicio","item":"https:\/\/raed.academy\/en\/"},{"@type":"ListItem","position":2,"name":"The Revolution of personalised medicine"}]},{"@type":"WebSite","@id":"https:\/\/raed.academy\/en\/#website","url":"https:\/\/raed.academy\/en\/","name":"Royal European Academy of Doctors","description":"Corporaci\u00f3n de derecho p\u00fablico de car\u00e1cter cient\u00edfico, t\u00e9cnico y art\u00edstico, que tiene por objeto la investigaci\u00f3n, el estudio, el fomento y la extensi\u00f3n del conocimiento en su sentido m\u00e1s amplio.","publisher":{"@id":"https:\/\/raed.academy\/en\/#organization"},"potentialAction":[{"@type":"SearchAction","target":{"@type":"EntryPoint","urlTemplate":"https:\/\/raed.academy\/en\/?s={search_term_string}"},"query-input":{"@type":"PropertyValueSpecification","valueRequired":true,"valueName":"search_term_string"}}],"inLanguage":"en-US"},{"@type":"Organization","@id":"https:\/\/raed.academy\/en\/#organization","name":"Real Academia Europea de Doctores","url":"https:\/\/raed.academy\/en\/","logo":{"@type":"ImageObject","inLanguage":"en-US","@id":"https:\/\/raed.academy\/en\/#\/schema\/logo\/image\/","url":"https:\/\/raed.academy\/wp-content\/uploads\/2017\/01\/cropped-logo_raed.png","contentUrl":"https:\/\/raed.academy\/wp-content\/uploads\/2017\/01\/cropped-logo_raed.png","width":512,"height":512,"caption":"Real Academia Europea de Doctores"},"image":{"@id":"https:\/\/raed.academy\/en\/#\/schema\/logo\/image\/"},"sameAs":["http:\/\/fb.me\/raed.academy","https:\/\/x.com\/raedacademy","https:\/\/www.instagram.com\/raed.academy\/","https:\/\/www.youtube.com\/channel\/UCUYQwW2KrdirNWihxMDObwg"]},{"@type":"Person","@id":"https:\/\/raed.academy\/en\/#\/schema\/person\/31af80688d8a2644644f48b63aa77ee1","name":"Javier Rodr\u00edguez Sicilia","image":{"@type":"ImageObject","inLanguage":"en-US","@id":"https:\/\/secure.gravatar.com\/avatar\/702200af99a88a3d626bc9ca2ee9361fa6e582e4455b1e641d8576c963ca66d5?s=96&d=mm&r=g","url":"https:\/\/secure.gravatar.com\/avatar\/702200af99a88a3d626bc9ca2ee9361fa6e582e4455b1e641d8576c963ca66d5?s=96&d=mm&r=g","contentUrl":"https:\/\/secure.gravatar.com\/avatar\/702200af99a88a3d626bc9ca2ee9361fa6e582e4455b1e641d8576c963ca66d5?s=96&d=mm&r=g","caption":"Javier Rodr\u00edguez Sicilia"}}]}},"_links":{"self":[{"href":"https:\/\/raed.academy\/en\/wp-json\/wp\/v2\/posts\/184074","targetHints":{"allow":["GET"]}}],"collection":[{"href":"https:\/\/raed.academy\/en\/wp-json\/wp\/v2\/posts"}],"about":[{"href":"https:\/\/raed.academy\/en\/wp-json\/wp\/v2\/types\/post"}],"author":[{"embeddable":true,"href":"https:\/\/raed.academy\/en\/wp-json\/wp\/v2\/users\/16"}],"replies":[{"embeddable":true,"href":"https:\/\/raed.academy\/en\/wp-json\/wp\/v2\/comments?post=184074"}],"version-history":[{"count":1,"href":"https:\/\/raed.academy\/en\/wp-json\/wp\/v2\/posts\/184074\/revisions"}],"predecessor-version":[{"id":184075,"href":"https:\/\/raed.academy\/en\/wp-json\/wp\/v2\/posts\/184074\/revisions\/184075"}],"wp:featuredmedia":[{"embeddable":true,"href":"https:\/\/raed.academy\/en\/wp-json\/wp\/v2\/media\/183876"}],"wp:attachment":[{"href":"https:\/\/raed.academy\/en\/wp-json\/wp\/v2\/media?parent=184074"}],"wp:term":[{"taxonomy":"category","embeddable":true,"href":"https:\/\/raed.academy\/en\/wp-json\/wp\/v2\/categories?post=184074"},{"taxonomy":"post_tag","embeddable":true,"href":"https:\/\/raed.academy\/en\/wp-json\/wp\/v2\/tags?post=184074"}],"curies":[{"name":"wp","href":"https:\/\/api.w.org\/{rel}","templated":true}]}}