{"id":184066,"date":"2026-04-24T11:39:32","date_gmt":"2026-04-24T11:39:32","guid":{"rendered":"https:\/\/raed.academy\/?p=184066"},"modified":"2026-04-24T11:39:58","modified_gmt":"2026-04-24T11:39:58","slug":"the-royal-academy-returns-to-the-sagrada-familia-on-the-centenary-of-gaudis-death","status":"publish","type":"post","link":"https:\/\/raed.academy\/en\/the-royal-academy-returns-to-the-sagrada-familia-on-the-centenary-of-gaudis-death\/","title":{"rendered":"The Royal Academy returns to the Sagrada Fam\u00edlia on the Centenary of Gaud\u00ed\u2019s death"},"content":{"rendered":"<p>[et_pb_section fb_built=&#8221;1&#8243; fullwidth=&#8221;on&#8221; _builder_version=&#8221;4.27.5&#8243; _module_preset=&#8221;default&#8221; global_colors_info=&#8221;{}&#8221; locked=&#8221;off&#8221; theme_builder_area=&#8221;post_content&#8221;][et_pb_fullwidth_image src=&#8221;https:\/\/raed.academy\/wp-content\/uploads\/2026\/01\/Sagrada-Familia-Barcelona-turismo-patrimonio-CC0-dmn-publico-publicdomainpictures-2.91.webp&#8221; title_text=&#8221;Sagrada-Familia-Barcelona-turismo-patrimonio-CC0-dmn-publico-publicdomainpictures-2.91&#8243; _builder_version=&#8221;4.27.5&#8243; _module_preset=&#8221;default&#8221; global_colors_info=&#8221;{}&#8221; theme_builder_area=&#8221;post_content&#8221;][\/et_pb_fullwidth_image][\/et_pb_section][et_pb_section fb_built=&#8221;1&#8243; _builder_version=&#8221;4.16&#8243; global_colors_info=&#8221;{}&#8221; locked=&#8221;off&#8221; theme_builder_area=&#8221;post_content&#8221;][et_pb_row _builder_version=&#8221;4.27.5&#8243; background_size=&#8221;initial&#8221; background_position=&#8221;top_left&#8221; background_repeat=&#8221;repeat&#8221; max_width=&#8221;1400px&#8221; global_colors_info=&#8221;{}&#8221; theme_builder_area=&#8221;post_content&#8221;][et_pb_column type=&#8221;4_4&#8243; _builder_version=&#8221;4.16&#8243; custom_padding=&#8221;|||&#8221; global_colors_info=&#8221;{}&#8221; custom_padding__hover=&#8221;|||&#8221; theme_builder_area=&#8221;post_content&#8221;][et_pb_text _builder_version=&#8221;4.27.5&#8243; background_size=&#8221;initial&#8221; background_position=&#8221;top_left&#8221; background_repeat=&#8221;repeat&#8221; hover_enabled=&#8221;0&#8243; global_colors_info=&#8221;{}&#8221; theme_builder_area=&#8221;post_content&#8221; sticky_enabled=&#8221;0&#8243;]<\/p>\n<p><a href=\"https:\/\/raed.academy\/academicos\/dr-juan-trias-de-bes\/\"><em><strong><u>Juan Trias de Bes<\/u><\/strong><\/em><\/a>, Director of the <strong>hARQware Platform Chair<\/strong> at the <strong>School of Architecture<\/strong> of the <strong>International University of Catalonia<\/strong>, member of the <strong>Board of Trustees<\/strong> of the <strong>Foundation of the Construction Board of the Sagrada Familia of Barcelona<\/strong> and full member of the <strong>Royal European Academy of Doctors<\/strong> (READ), led on Wednesday, 22 April, an institutional visit made by the academic community to the works of the basilica designed by <strong>Antoni Gaud\u00ed<\/strong> in commemoration of the centenary of the legendary architect\u2019s death. Participants attended an introductory lecture delivered by the academic in one of the temple\u2019s cloisters and then took part in an exclusive tour during which they accessed reserved spaces and received first-hand information on the progress of the construction works.<\/p>\n<p>This event followed the two visits that members of the Royal Corporation, together with family and friends, had already made to the temple in 2022 under the guidance of Trias de Bes himself and <strong>Jordi Faul\u00ed<\/strong>, Director of the construction works. <strong>\u201cThe Sagrada Familia offers a great diversity of fields of understanding (historical, theological, artistic, architectural, mathematical&#8230;). On this occasion, the visit focused on the geometric-constructional features and their relationship with the wide range of aspects surrounding the work of the Sagrada Familia. Because of its specificity, this dimension of Antoni Gaud\u00ed\u2019s project is not widely known in depth. The complexity of the parametrisation solutions and their relationship with the difficulty of constructing a building of such dimensions requires careful observation,\u201d<\/strong> the academic himself stated before this latest visit.<\/p>\n<p>Over the past few years, the Royal Academy has addressed various aspects of the temple&#8217;s design and construction through various activities. Before the outbreak of the pandemic, it held the debate <a href=\"https:\/\/youtu.be\/5hNYcvNkd-k\"><strong><u>\u201cSocial Impact of Major Infrastructures: the Case of the Sagrada Familia\u201d<\/u><\/strong><\/a> as part of the activities promoted by its Technological Sciences Section. The session included the participation of full members <a href=\"http:\/\/raed.academy\/academicos\/dr-jaume-armengou-orus\/\"><em><strong><u>Jaume Armengou<\/u><\/strong><\/em><\/a>, <a href=\"http:\/\/raed.academy\/academicos\/dr-antonio-gens-sole\/\"><em><strong><u>Antonio Gens,<\/u><\/strong><\/em><\/a> and <a href=\"http:\/\/raed.academy\/academicos\/dr-jaime-rodrigo-de-larrucea\/\"><em><strong><u>Jaime<\/u><\/strong><\/em> <em><strong><u>Rodrigo<\/u><\/strong><\/em> <em><strong><u>de<\/u><\/strong><\/em> <em><strong><u>Larrucea<\/u><\/strong><\/em><\/a>, who acted as moderator, as well as the experts <strong>Antonio Aguado<\/strong> and <strong>Rosa Ribas<\/strong>. Fellow academic <a href=\"http:\/\/raed.academy\/academicos\/dr-jose-luis-salido-banus\/\"><em><strong><u>Jos\u00e9 Luis Salido<\/u><\/strong><\/em><\/a> introduced the event and the speakers. For his part, <a href=\"https:\/\/raed.academy\/academicos\/dr-armand-puig-tarrech\/\"><em><strong><u>Armand Puig<\/u><\/strong><\/em><\/a>, Rector of the <strong>Sant Paci\u00e0 University Athenaeum<\/strong> and full member of the READ, took part in the <strong>3rd Week of the Bible<\/strong> held in the basilica itself with the lecture <strong>\u201cBiblical Meditation on the Fa\u00e7ade of the Passion\u201d<\/strong> and in the second session of the cycle <strong>\u201cTheological Interpretations of the Tower of Jesus Christ of the Sagrada Familia\u201d<\/strong> organised by the Athenaeum with the lecture <strong>\u201cEcclesiological Axis of the Tower,\u201d<\/strong> which he delivered together with <strong>Joan Torra<\/strong>, Rector of the Athenaeum. <a href=\"https:\/\/raed.academy\/academicos\/dr-francesc-torralba-rosello\/\"><em><strong><u>Francesc Torralba<\/u><\/strong><\/em><\/a>, Director of the <strong>Ethos Chair of Applied Ethics<\/strong> at <strong>Ramon Llull University<\/strong> and of the <strong>Chair of Christian Thought<\/strong> of the <strong>Bishopric of Urgell<\/strong>, member of the <strong>Dicastery for Culture and Education<\/strong> of the Holy See and full member of the READ, also took part in that session.<\/p>\n<p>Likewise, the Royal European Academy of Doctors organises the <strong>Series of Commemorative Panels for the Centenary of Antoni Gaud\u00ed&#8217;s Death<\/strong>, held between April and June. The series is structured around eight sessions entitled <strong>\u201cGaud\u00ed and His Time,\u201d<\/strong> <strong>\u201cGaud\u00ed, His Biography,\u201d<\/strong> <strong>\u201cGaud\u00ed, Architect,\u201d<\/strong> <strong>\u201cGaud\u00ed and the Sagrada Familia,\u201d<\/strong> <strong>\u201cGaud\u00ed and Modernism,\u201d<\/strong> <strong>\u201cGaud\u00ed and His Legacy,\u201d<\/strong> <strong>\u201cGaud\u00ed and His Mysticism\u201d<\/strong> and <strong>\u201cGaud\u00ed: Architecture, Education and Spirituality,\u201d<\/strong> and has as its precedent the discussion panels promoted and organised in 2002 by the <strong>Fundaci\u00f3n Independiente<\/strong> on the occasion of the 150th anniversary of Gaud\u00ed\u2019s birth, under the presidency of <a href=\"https:\/\/raed.academy\/academicos\/dr-ignacio-buqueras-bach\/\"><em><strong><u>Ignacio Buqueras<\/u><\/strong><\/em><\/a>, President of the <strong>Foundation of the Association for the Dissemination and Promotion of the World Heritage of Spain\u2013Adiprope<\/strong>, Honorary President of the <strong>Spanish Confederation of Organisations for Older People<\/strong>, full member of the <strong>Royal Academy of Doctors of Spain<\/strong> and emeritus member of the READ.<\/p>\n<p>[\/et_pb_text][et_pb_image src=&#8221;https:\/\/raed.academy\/wp-content\/uploads\/2026\/04\/visita-RAED-Sagrada-Familia-2026-RAED-C-1.33.webp&#8221; title_text=&#8221;visita-RAED-Sagrada-Familia-2026-RAED-C-1.33&#8243; _builder_version=&#8221;4.27.5&#8243; _module_preset=&#8221;default&#8221; global_colors_info=&#8221;{}&#8221; theme_builder_area=&#8221;post_content&#8221;][\/et_pb_image][\/et_pb_column][\/et_pb_row][\/et_pb_section]<\/p>\n","protected":false},"excerpt":{"rendered":"<p>Juan Trias de Bes leads an institutional visit by the Royal Academy of Architecture to the Sagrada Familia construction site, commemorating the centenary of the death of legendary architect Antoni Gaud\u00ed<\/p>\n","protected":false},"author":16,"featured_media":143466,"comment_status":"closed","ping_status":"closed","sticky":false,"template":"","format":"standard","meta":{"_et_pb_use_builder":"on","_et_pb_old_content":"","_et_gb_content_width":"","footnotes":""},"categories":[177,479,402,493],"tags":[],"class_list":["post-184066","post","type-post","status-publish","format-standard","has-post-thumbnail","hentry","category-academicians-in-society","category-architecture","category-history-of-art-and-cultural-heritage","category-scientific-meetings-and-congresses","et-has-post-format-content","et_post_format-et-post-format-standard"],"yoast_head":"<!-- This site is optimized with the Yoast SEO plugin v27.4 - https:\/\/yoast.com\/product\/yoast-seo-wordpress\/ -->\n<title>The Royal Academy returns to the Sagrada Fam\u00edlia on the Centenary of Gaud\u00ed\u2019s death - Royal European Academy of Doctors<\/title>\n<meta name=\"description\" content=\"Juan Trias de Bes leads the Royal Academy of Architecture&#039;s visit to the Sagrada Familia, commemorating the centenary of the death of legendary architect Antoni Gaud\u00ed\" \/>\n<meta name=\"robots\" content=\"index, follow, max-snippet:-1, max-image-preview:large, max-video-preview:-1\" \/>\n<link rel=\"canonical\" href=\"https:\/\/raed.academy\/en\/the-royal-academy-returns-to-the-sagrada-familia-on-the-centenary-of-gaudis-death\/\" \/>\n<meta property=\"og:locale\" content=\"en_US\" \/>\n<meta property=\"og:type\" content=\"article\" \/>\n<meta property=\"og:title\" content=\"The Royal Academy returns to the Sagrada Fam\u00edlia on the Centenary of Gaud\u00ed\u2019s death - Royal European Academy of Doctors\" \/>\n<meta property=\"og:description\" content=\"Juan Trias de Bes leads the Royal Academy of Architecture&#039;s visit to the Sagrada Familia, commemorating the centenary of the death of legendary architect Antoni Gaud\u00ed\" \/>\n<meta property=\"og:url\" content=\"https:\/\/raed.academy\/en\/the-royal-academy-returns-to-the-sagrada-familia-on-the-centenary-of-gaudis-death\/\" \/>\n<meta property=\"og:site_name\" content=\"Royal European Academy of Doctors\" \/>\n<meta property=\"article:publisher\" content=\"http:\/\/fb.me\/raed.academy\" \/>\n<meta property=\"article:published_time\" content=\"2026-04-24T11:39:32+00:00\" \/>\n<meta property=\"article:modified_time\" content=\"2026-04-24T11:39:58+00:00\" \/>\n<meta property=\"og:image\" content=\"https:\/\/raed.academy\/wp-content\/uploads\/2024\/01\/Sagrada-Familia-licencia-pixabay.com-1.17.webp\" \/>\n\t<meta property=\"og:image:width\" content=\"350\" \/>\n\t<meta property=\"og:image:height\" content=\"300\" \/>\n\t<meta property=\"og:image:type\" content=\"image\/webp\" \/>\n<meta name=\"author\" content=\"Javier Rodr\u00edguez Sicilia\" \/>\n<meta name=\"twitter:card\" content=\"summary_large_image\" \/>\n<meta name=\"twitter:creator\" content=\"@raedacademy\" \/>\n<meta name=\"twitter:site\" content=\"@raedacademy\" \/>\n<meta name=\"twitter:label1\" content=\"Written by\" \/>\n\t<meta name=\"twitter:data1\" content=\"Javier Rodr\u00edguez Sicilia\" \/>\n\t<meta name=\"twitter:label2\" content=\"Est. reading time\" \/>\n\t<meta name=\"twitter:data2\" content=\"4 minutes\" \/>\n<script type=\"application\/ld+json\" class=\"yoast-schema-graph\">{\"@context\":\"https:\\\/\\\/schema.org\",\"@graph\":[{\"@type\":\"Article\",\"@id\":\"https:\\\/\\\/raed.academy\\\/en\\\/the-royal-academy-returns-to-the-sagrada-familia-on-the-centenary-of-gaudis-death\\\/#article\",\"isPartOf\":{\"@id\":\"https:\\\/\\\/raed.academy\\\/en\\\/the-royal-academy-returns-to-the-sagrada-familia-on-the-centenary-of-gaudis-death\\\/\"},\"author\":{\"name\":\"Javier Rodr\u00edguez Sicilia\",\"@id\":\"https:\\\/\\\/raed.academy\\\/en\\\/#\\\/schema\\\/person\\\/31af80688d8a2644644f48b63aa77ee1\"},\"headline\":\"The Royal Academy returns to the Sagrada Fam\u00edlia on the Centenary of Gaud\u00ed\u2019s death\",\"datePublished\":\"2026-04-24T11:39:32+00:00\",\"dateModified\":\"2026-04-24T11:39:58+00:00\",\"mainEntityOfPage\":{\"@id\":\"https:\\\/\\\/raed.academy\\\/en\\\/the-royal-academy-returns-to-the-sagrada-familia-on-the-centenary-of-gaudis-death\\\/\"},\"wordCount\":840,\"publisher\":{\"@id\":\"https:\\\/\\\/raed.academy\\\/en\\\/#organization\"},\"image\":{\"@id\":\"https:\\\/\\\/raed.academy\\\/en\\\/the-royal-academy-returns-to-the-sagrada-familia-on-the-centenary-of-gaudis-death\\\/#primaryimage\"},\"thumbnailUrl\":\"https:\\\/\\\/raed.academy\\\/wp-content\\\/uploads\\\/2024\\\/01\\\/Sagrada-Familia-licencia-pixabay.com-1.17.webp\",\"articleSection\":[\"Academicians in society\",\"Architecture\",\"History of art and cultural heritage\",\"Scientific Meetings and Congresses\"],\"inLanguage\":\"en-US\"},{\"@type\":\"WebPage\",\"@id\":\"https:\\\/\\\/raed.academy\\\/en\\\/the-royal-academy-returns-to-the-sagrada-familia-on-the-centenary-of-gaudis-death\\\/\",\"url\":\"https:\\\/\\\/raed.academy\\\/en\\\/the-royal-academy-returns-to-the-sagrada-familia-on-the-centenary-of-gaudis-death\\\/\",\"name\":\"The Royal Academy returns to the Sagrada Fam\u00edlia on the Centenary of Gaud\u00ed\u2019s death - Royal European Academy of Doctors\",\"isPartOf\":{\"@id\":\"https:\\\/\\\/raed.academy\\\/en\\\/#website\"},\"primaryImageOfPage\":{\"@id\":\"https:\\\/\\\/raed.academy\\\/en\\\/the-royal-academy-returns-to-the-sagrada-familia-on-the-centenary-of-gaudis-death\\\/#primaryimage\"},\"image\":{\"@id\":\"https:\\\/\\\/raed.academy\\\/en\\\/the-royal-academy-returns-to-the-sagrada-familia-on-the-centenary-of-gaudis-death\\\/#primaryimage\"},\"thumbnailUrl\":\"https:\\\/\\\/raed.academy\\\/wp-content\\\/uploads\\\/2024\\\/01\\\/Sagrada-Familia-licencia-pixabay.com-1.17.webp\",\"datePublished\":\"2026-04-24T11:39:32+00:00\",\"dateModified\":\"2026-04-24T11:39:58+00:00\",\"description\":\"Juan Trias de Bes leads the Royal Academy of Architecture's visit to the Sagrada Familia, commemorating the centenary of the death of legendary architect Antoni Gaud\u00ed\",\"breadcrumb\":{\"@id\":\"https:\\\/\\\/raed.academy\\\/en\\\/the-royal-academy-returns-to-the-sagrada-familia-on-the-centenary-of-gaudis-death\\\/#breadcrumb\"},\"inLanguage\":\"en-US\",\"potentialAction\":[{\"@type\":\"ReadAction\",\"target\":[\"https:\\\/\\\/raed.academy\\\/en\\\/the-royal-academy-returns-to-the-sagrada-familia-on-the-centenary-of-gaudis-death\\\/\"]}]},{\"@type\":\"ImageObject\",\"inLanguage\":\"en-US\",\"@id\":\"https:\\\/\\\/raed.academy\\\/en\\\/the-royal-academy-returns-to-the-sagrada-familia-on-the-centenary-of-gaudis-death\\\/#primaryimage\",\"url\":\"https:\\\/\\\/raed.academy\\\/wp-content\\\/uploads\\\/2024\\\/01\\\/Sagrada-Familia-licencia-pixabay.com-1.17.webp\",\"contentUrl\":\"https:\\\/\\\/raed.academy\\\/wp-content\\\/uploads\\\/2024\\\/01\\\/Sagrada-Familia-licencia-pixabay.com-1.17.webp\",\"width\":350,\"height\":300},{\"@type\":\"BreadcrumbList\",\"@id\":\"https:\\\/\\\/raed.academy\\\/en\\\/the-royal-academy-returns-to-the-sagrada-familia-on-the-centenary-of-gaudis-death\\\/#breadcrumb\",\"itemListElement\":[{\"@type\":\"ListItem\",\"position\":1,\"name\":\"Inicio\",\"item\":\"https:\\\/\\\/raed.academy\\\/en\\\/\"},{\"@type\":\"ListItem\",\"position\":2,\"name\":\"The Royal Academy returns to the Sagrada Fam\u00edlia on the Centenary of Gaud\u00ed\u2019s death\"}]},{\"@type\":\"WebSite\",\"@id\":\"https:\\\/\\\/raed.academy\\\/en\\\/#website\",\"url\":\"https:\\\/\\\/raed.academy\\\/en\\\/\",\"name\":\"Royal European Academy of Doctors\",\"description\":\"Corporaci\u00f3n de derecho p\u00fablico de car\u00e1cter cient\u00edfico, t\u00e9cnico y art\u00edstico, que tiene por objeto la investigaci\u00f3n, el estudio, el fomento y la extensi\u00f3n del conocimiento en su sentido m\u00e1s amplio.\",\"publisher\":{\"@id\":\"https:\\\/\\\/raed.academy\\\/en\\\/#organization\"},\"potentialAction\":[{\"@type\":\"SearchAction\",\"target\":{\"@type\":\"EntryPoint\",\"urlTemplate\":\"https:\\\/\\\/raed.academy\\\/en\\\/?s={search_term_string}\"},\"query-input\":{\"@type\":\"PropertyValueSpecification\",\"valueRequired\":true,\"valueName\":\"search_term_string\"}}],\"inLanguage\":\"en-US\"},{\"@type\":\"Organization\",\"@id\":\"https:\\\/\\\/raed.academy\\\/en\\\/#organization\",\"name\":\"Real Academia Europea de Doctores\",\"url\":\"https:\\\/\\\/raed.academy\\\/en\\\/\",\"logo\":{\"@type\":\"ImageObject\",\"inLanguage\":\"en-US\",\"@id\":\"https:\\\/\\\/raed.academy\\\/en\\\/#\\\/schema\\\/logo\\\/image\\\/\",\"url\":\"https:\\\/\\\/raed.academy\\\/wp-content\\\/uploads\\\/2017\\\/01\\\/cropped-logo_raed.png\",\"contentUrl\":\"https:\\\/\\\/raed.academy\\\/wp-content\\\/uploads\\\/2017\\\/01\\\/cropped-logo_raed.png\",\"width\":512,\"height\":512,\"caption\":\"Real Academia Europea de Doctores\"},\"image\":{\"@id\":\"https:\\\/\\\/raed.academy\\\/en\\\/#\\\/schema\\\/logo\\\/image\\\/\"},\"sameAs\":[\"http:\\\/\\\/fb.me\\\/raed.academy\",\"https:\\\/\\\/x.com\\\/raedacademy\",\"https:\\\/\\\/www.instagram.com\\\/raed.academy\\\/\",\"https:\\\/\\\/www.youtube.com\\\/channel\\\/UCUYQwW2KrdirNWihxMDObwg\"]},{\"@type\":\"Person\",\"@id\":\"https:\\\/\\\/raed.academy\\\/en\\\/#\\\/schema\\\/person\\\/31af80688d8a2644644f48b63aa77ee1\",\"name\":\"Javier Rodr\u00edguez Sicilia\",\"image\":{\"@type\":\"ImageObject\",\"inLanguage\":\"en-US\",\"@id\":\"https:\\\/\\\/secure.gravatar.com\\\/avatar\\\/702200af99a88a3d626bc9ca2ee9361fa6e582e4455b1e641d8576c963ca66d5?s=96&d=mm&r=g\",\"url\":\"https:\\\/\\\/secure.gravatar.com\\\/avatar\\\/702200af99a88a3d626bc9ca2ee9361fa6e582e4455b1e641d8576c963ca66d5?s=96&d=mm&r=g\",\"contentUrl\":\"https:\\\/\\\/secure.gravatar.com\\\/avatar\\\/702200af99a88a3d626bc9ca2ee9361fa6e582e4455b1e641d8576c963ca66d5?s=96&d=mm&r=g\",\"caption\":\"Javier Rodr\u00edguez Sicilia\"}}]}<\/script>\n<!-- \/ Yoast SEO plugin. -->","yoast_head_json":{"title":"The Royal Academy returns to the Sagrada Fam\u00edlia on the Centenary of Gaud\u00ed\u2019s death - Royal European Academy of Doctors","description":"Juan Trias de Bes leads the Royal Academy of Architecture's visit to the Sagrada Familia, commemorating the centenary of the death of legendary architect Antoni Gaud\u00ed","robots":{"index":"index","follow":"follow","max-snippet":"max-snippet:-1","max-image-preview":"max-image-preview:large","max-video-preview":"max-video-preview:-1"},"canonical":"https:\/\/raed.academy\/en\/the-royal-academy-returns-to-the-sagrada-familia-on-the-centenary-of-gaudis-death\/","og_locale":"en_US","og_type":"article","og_title":"The Royal Academy returns to the Sagrada Fam\u00edlia on the Centenary of Gaud\u00ed\u2019s death - Royal European Academy of Doctors","og_description":"Juan Trias de Bes leads the Royal Academy of Architecture's visit to the Sagrada Familia, commemorating the centenary of the death of legendary architect Antoni Gaud\u00ed","og_url":"https:\/\/raed.academy\/en\/the-royal-academy-returns-to-the-sagrada-familia-on-the-centenary-of-gaudis-death\/","og_site_name":"Royal European Academy of Doctors","article_publisher":"http:\/\/fb.me\/raed.academy","article_published_time":"2026-04-24T11:39:32+00:00","article_modified_time":"2026-04-24T11:39:58+00:00","og_image":[{"width":350,"height":300,"url":"https:\/\/raed.academy\/wp-content\/uploads\/2024\/01\/Sagrada-Familia-licencia-pixabay.com-1.17.webp","type":"image\/webp"}],"author":"Javier Rodr\u00edguez Sicilia","twitter_card":"summary_large_image","twitter_creator":"@raedacademy","twitter_site":"@raedacademy","twitter_misc":{"Written by":"Javier Rodr\u00edguez Sicilia","Est. reading time":"4 minutes"},"schema":{"@context":"https:\/\/schema.org","@graph":[{"@type":"Article","@id":"https:\/\/raed.academy\/en\/the-royal-academy-returns-to-the-sagrada-familia-on-the-centenary-of-gaudis-death\/#article","isPartOf":{"@id":"https:\/\/raed.academy\/en\/the-royal-academy-returns-to-the-sagrada-familia-on-the-centenary-of-gaudis-death\/"},"author":{"name":"Javier Rodr\u00edguez Sicilia","@id":"https:\/\/raed.academy\/en\/#\/schema\/person\/31af80688d8a2644644f48b63aa77ee1"},"headline":"The Royal Academy returns to the Sagrada Fam\u00edlia on the Centenary of Gaud\u00ed\u2019s death","datePublished":"2026-04-24T11:39:32+00:00","dateModified":"2026-04-24T11:39:58+00:00","mainEntityOfPage":{"@id":"https:\/\/raed.academy\/en\/the-royal-academy-returns-to-the-sagrada-familia-on-the-centenary-of-gaudis-death\/"},"wordCount":840,"publisher":{"@id":"https:\/\/raed.academy\/en\/#organization"},"image":{"@id":"https:\/\/raed.academy\/en\/the-royal-academy-returns-to-the-sagrada-familia-on-the-centenary-of-gaudis-death\/#primaryimage"},"thumbnailUrl":"https:\/\/raed.academy\/wp-content\/uploads\/2024\/01\/Sagrada-Familia-licencia-pixabay.com-1.17.webp","articleSection":["Academicians in society","Architecture","History of art and cultural heritage","Scientific Meetings and Congresses"],"inLanguage":"en-US"},{"@type":"WebPage","@id":"https:\/\/raed.academy\/en\/the-royal-academy-returns-to-the-sagrada-familia-on-the-centenary-of-gaudis-death\/","url":"https:\/\/raed.academy\/en\/the-royal-academy-returns-to-the-sagrada-familia-on-the-centenary-of-gaudis-death\/","name":"The Royal Academy returns to the Sagrada Fam\u00edlia on the Centenary of Gaud\u00ed\u2019s death - Royal European Academy of Doctors","isPartOf":{"@id":"https:\/\/raed.academy\/en\/#website"},"primaryImageOfPage":{"@id":"https:\/\/raed.academy\/en\/the-royal-academy-returns-to-the-sagrada-familia-on-the-centenary-of-gaudis-death\/#primaryimage"},"image":{"@id":"https:\/\/raed.academy\/en\/the-royal-academy-returns-to-the-sagrada-familia-on-the-centenary-of-gaudis-death\/#primaryimage"},"thumbnailUrl":"https:\/\/raed.academy\/wp-content\/uploads\/2024\/01\/Sagrada-Familia-licencia-pixabay.com-1.17.webp","datePublished":"2026-04-24T11:39:32+00:00","dateModified":"2026-04-24T11:39:58+00:00","description":"Juan Trias de Bes leads the Royal Academy of Architecture's visit to the Sagrada Familia, commemorating the centenary of the death of legendary architect Antoni Gaud\u00ed","breadcrumb":{"@id":"https:\/\/raed.academy\/en\/the-royal-academy-returns-to-the-sagrada-familia-on-the-centenary-of-gaudis-death\/#breadcrumb"},"inLanguage":"en-US","potentialAction":[{"@type":"ReadAction","target":["https:\/\/raed.academy\/en\/the-royal-academy-returns-to-the-sagrada-familia-on-the-centenary-of-gaudis-death\/"]}]},{"@type":"ImageObject","inLanguage":"en-US","@id":"https:\/\/raed.academy\/en\/the-royal-academy-returns-to-the-sagrada-familia-on-the-centenary-of-gaudis-death\/#primaryimage","url":"https:\/\/raed.academy\/wp-content\/uploads\/2024\/01\/Sagrada-Familia-licencia-pixabay.com-1.17.webp","contentUrl":"https:\/\/raed.academy\/wp-content\/uploads\/2024\/01\/Sagrada-Familia-licencia-pixabay.com-1.17.webp","width":350,"height":300},{"@type":"BreadcrumbList","@id":"https:\/\/raed.academy\/en\/the-royal-academy-returns-to-the-sagrada-familia-on-the-centenary-of-gaudis-death\/#breadcrumb","itemListElement":[{"@type":"ListItem","position":1,"name":"Inicio","item":"https:\/\/raed.academy\/en\/"},{"@type":"ListItem","position":2,"name":"The Royal Academy returns to the Sagrada Fam\u00edlia on the Centenary of Gaud\u00ed\u2019s death"}]},{"@type":"WebSite","@id":"https:\/\/raed.academy\/en\/#website","url":"https:\/\/raed.academy\/en\/","name":"Royal European Academy of Doctors","description":"Corporaci\u00f3n de derecho p\u00fablico de car\u00e1cter cient\u00edfico, t\u00e9cnico y art\u00edstico, que tiene por objeto la investigaci\u00f3n, el estudio, el fomento y la extensi\u00f3n del conocimiento en su sentido m\u00e1s amplio.","publisher":{"@id":"https:\/\/raed.academy\/en\/#organization"},"potentialAction":[{"@type":"SearchAction","target":{"@type":"EntryPoint","urlTemplate":"https:\/\/raed.academy\/en\/?s={search_term_string}"},"query-input":{"@type":"PropertyValueSpecification","valueRequired":true,"valueName":"search_term_string"}}],"inLanguage":"en-US"},{"@type":"Organization","@id":"https:\/\/raed.academy\/en\/#organization","name":"Real Academia Europea de Doctores","url":"https:\/\/raed.academy\/en\/","logo":{"@type":"ImageObject","inLanguage":"en-US","@id":"https:\/\/raed.academy\/en\/#\/schema\/logo\/image\/","url":"https:\/\/raed.academy\/wp-content\/uploads\/2017\/01\/cropped-logo_raed.png","contentUrl":"https:\/\/raed.academy\/wp-content\/uploads\/2017\/01\/cropped-logo_raed.png","width":512,"height":512,"caption":"Real Academia Europea de Doctores"},"image":{"@id":"https:\/\/raed.academy\/en\/#\/schema\/logo\/image\/"},"sameAs":["http:\/\/fb.me\/raed.academy","https:\/\/x.com\/raedacademy","https:\/\/www.instagram.com\/raed.academy\/","https:\/\/www.youtube.com\/channel\/UCUYQwW2KrdirNWihxMDObwg"]},{"@type":"Person","@id":"https:\/\/raed.academy\/en\/#\/schema\/person\/31af80688d8a2644644f48b63aa77ee1","name":"Javier Rodr\u00edguez Sicilia","image":{"@type":"ImageObject","inLanguage":"en-US","@id":"https:\/\/secure.gravatar.com\/avatar\/702200af99a88a3d626bc9ca2ee9361fa6e582e4455b1e641d8576c963ca66d5?s=96&d=mm&r=g","url":"https:\/\/secure.gravatar.com\/avatar\/702200af99a88a3d626bc9ca2ee9361fa6e582e4455b1e641d8576c963ca66d5?s=96&d=mm&r=g","contentUrl":"https:\/\/secure.gravatar.com\/avatar\/702200af99a88a3d626bc9ca2ee9361fa6e582e4455b1e641d8576c963ca66d5?s=96&d=mm&r=g","caption":"Javier Rodr\u00edguez Sicilia"}}]}},"_links":{"self":[{"href":"https:\/\/raed.academy\/en\/wp-json\/wp\/v2\/posts\/184066","targetHints":{"allow":["GET"]}}],"collection":[{"href":"https:\/\/raed.academy\/en\/wp-json\/wp\/v2\/posts"}],"about":[{"href":"https:\/\/raed.academy\/en\/wp-json\/wp\/v2\/types\/post"}],"author":[{"embeddable":true,"href":"https:\/\/raed.academy\/en\/wp-json\/wp\/v2\/users\/16"}],"replies":[{"embeddable":true,"href":"https:\/\/raed.academy\/en\/wp-json\/wp\/v2\/comments?post=184066"}],"version-history":[{"count":3,"href":"https:\/\/raed.academy\/en\/wp-json\/wp\/v2\/posts\/184066\/revisions"}],"predecessor-version":[{"id":184072,"href":"https:\/\/raed.academy\/en\/wp-json\/wp\/v2\/posts\/184066\/revisions\/184072"}],"wp:featuredmedia":[{"embeddable":true,"href":"https:\/\/raed.academy\/en\/wp-json\/wp\/v2\/media\/143466"}],"wp:attachment":[{"href":"https:\/\/raed.academy\/en\/wp-json\/wp\/v2\/media?parent=184066"}],"wp:term":[{"taxonomy":"category","embeddable":true,"href":"https:\/\/raed.academy\/en\/wp-json\/wp\/v2\/categories?post=184066"},{"taxonomy":"post_tag","embeddable":true,"href":"https:\/\/raed.academy\/en\/wp-json\/wp\/v2\/tags?post=184066"}],"curies":[{"name":"wp","href":"https:\/\/api.w.org\/{rel}","templated":true}]}}