{"id":184064,"date":"2026-04-24T11:28:51","date_gmt":"2026-04-24T11:28:51","guid":{"rendered":"https:\/\/raed.academy\/?p=184064"},"modified":"2026-04-24T11:28:51","modified_gmt":"2026-04-24T11:28:51","slug":"sanchez-llibre-seeks-a-third-term-at-the-head-of-foment","status":"publish","type":"post","link":"https:\/\/raed.academy\/en\/sanchez-llibre-seeks-a-third-term-at-the-head-of-foment\/","title":{"rendered":"S\u00e1nchez Llibre seeks a third term at the head of Foment"},"content":{"rendered":"<div id=\"attachment_119597\" style=\"width: 710px\" class=\"wp-caption aligncenter\"><img loading=\"lazy\" decoding=\"async\" aria-describedby=\"caption-attachment-119597\" class=\"wp-image-119597 size-full\" src=\"https:\/\/raed.academy\/wp-content\/uploads\/2022\/06\/08-06-2022-Presentacion-del-proyecto-2022-Retos-Vitales-para-una-nueva-era-09.webp\" sizes=\"(max-width: 700px) 100vw, 700px\" srcset=\"https:\/\/raed.academy\/wp-content\/uploads\/2022\/06\/08-06-2022-Presentacion-del-proyecto-2022-Retos-Vitales-para-una-nueva-era-09.webp 700w, https:\/\/raed.academy\/wp-content\/uploads\/2022\/06\/08-06-2022-Presentacion-del-proyecto-2022-Retos-Vitales-para-una-nueva-era-09-627x376.webp 627w, https:\/\/raed.academy\/wp-content\/uploads\/2022\/06\/08-06-2022-Presentacion-del-proyecto-2022-Retos-Vitales-para-una-nueva-era-09-440x264.webp 440w\" alt=\"Dr. Josep S\u00e1nchez Llibre\" width=\"700\" height=\"420\" aria-describedby=\"caption-attachment-119597\" \/><p id=\"caption-attachment-119597\" class=\"wp-caption-text\">Dr. Josep S\u00e1nchez Llibre<\/p><\/div>\n<p><a href=\"https:\/\/raed.academy\/academicos\/sr-josep-sanchez-llibre\/\"><em><strong><u>Josep S\u00e1nchez Llibre<\/u><\/strong><\/em><\/a>, President of <strong>Foment del Treball Nacional<\/strong>, Vice-President of the <strong>Spanish Confederation of Business Organisations<\/strong>, former member of the <strong>Parliament of Catalonia<\/strong> and of the <strong>Congress of Deputies<\/strong>, former senator, and honorary member of the <strong>Royal European Academy of Doctors<\/strong> (READ), will seek a third term at the head of Catalonia\u2019s leading employers\u2019 association after its <strong>Board of Directors<\/strong> announced an election brought forward by two months, calling the vote for 18 May. If no other candidacy is submitted ten days before that date, as has happened in recent elections, the President will automatically renew his position and complete what would be his third term.<\/p>\n<p>When announcing his intention to stand again for the <strong>Presidency<\/strong> of Foment, the academic stated that he felt strong enough to complete the remaining work and outlined some of the main lines of his future candidacy. <strong>\u201cI feel I have the strength and the desire, and within the board, there is optimism because things have gone relatively well, and we must continue working to increase productivity, reduce absenteeism and lower the tax burden on businesses and families. There are many things still to be done that we have not yet completed,\u201d<\/strong> he said. Among his future objectives, the President and candidate pointed to abolishing the wealth tax, reducing and granting rebates on inheritance and gift taxes, indexing the personal income tax so that families have more resources, and allowing depreciation for SMEs. <strong>\u201cCatalonia is living in a tax hell; we must work to change these policies and, at the same time, facilitate access to housing, achieve efficient infrastructures and move towards administrative simplification,\u201d<\/strong> he affirmed.<\/p>\n<div id=\"attachment_183859\" style=\"width: 610px\" class=\"wp-caption alignright\"><img loading=\"lazy\" decoding=\"async\" aria-describedby=\"caption-attachment-183859\" class=\"wp-image-183859 size-full\" src=\"https:\/\/raed.academy\/wp-content\/uploads\/2026\/04\/Edificio-Foment-del-Treball-07-04-2014-RAED-C-1.67.webp\" sizes=\"(max-width: 600px) 100vw, 600px\" srcset=\"https:\/\/raed.academy\/wp-content\/uploads\/2026\/04\/Edificio-Foment-del-Treball-07-04-2014-RAED-C-1.67.webp 600w, https:\/\/raed.academy\/wp-content\/uploads\/2026\/04\/Edificio-Foment-del-Treball-07-04-2014-RAED-C-1.67-440x264.webp 440w\" alt=\"Foment del Treball headquarters building\" width=\"600\" height=\"360\" aria-describedby=\"caption-attachment-183859\" \/><p id=\"caption-attachment-183859\" class=\"wp-caption-text\">Foment del Treball headquarters building<\/p><\/div>\n<p>As for the work already done, S\u00e1nchez Llibre expressed satisfaction with Foment\u2019s role in restoring political normality and in bringing many companies back to Catalonia that had moved their registered headquarters during the sovereignist <em>proc\u00e9s<\/em>, as well as in helping to unlock the expansion project at Barcelona\u2013El Prat Airport. However, he stressed the urgency of resolving road mobility problems and implementing a railway investment plan that would once and for all put an end to the long-standing problems of the <strong>Rodalies<\/strong> commuter rail service. The READ honorary academic also highlighted the broad consensus within the employers\u2019 association on all these matters, recalling that, at present, there is no internal critical faction.<\/p>\n<p>S\u00e1nchez Llibre has been honoured with the <strong>Award of the Association of Self-Employed Workers of Catalonia<\/strong>, the <strong>Bernardo O\u2019Higgins Medal<\/strong> granted by the <strong>Government of Chile<\/strong>, is an honorary member of the <strong>Illustrious Official College of Commercial and Business Graduates of Barcelona<\/strong>, has received the <strong>Foment del Treball Medal of Honour for Business Achievement<\/strong>, the <strong>Gold and Diamond Badge<\/strong> of <strong>RCD Espanyol<\/strong>, the <strong>Gold Medal<\/strong> of the <strong>Order of the Chambers of Commerce<\/strong> of the <strong>Council of Chambers of Commerce<\/strong>, the <strong>Red Cross Medal<\/strong> for his personal commitment and involvement with the institution and its humanitarian emergency programme <strong>\u201cCreu Roja Respon,\u201d<\/strong> the <strong>Medal of Honour<\/strong> of <strong>Automobile Barcelona<\/strong>, is an honorary member of the <strong>Registry of Economist Auditors<\/strong> of the <strong>General Council of Economists<\/strong>, has received the <strong>Gaud\u00ed Gresol Award<\/strong> for Notoriety and Excellence in the category of Business Leadership, and is the author of the book <strong>\u201cLes veritats de l&#8217;Estatut.\u201d<\/strong><\/p>\n","protected":false},"excerpt":{"rendered":"<p>Josep S\u00e1nchez Llibre, president of Fomento del Trabajo Nacional, will seek a third term as head of Catalonia&#8217;s main employers&#8217; association after its Board of Directors announced early elections two months in advance<\/p>\n","protected":false},"author":16,"featured_media":183861,"comment_status":"closed","ping_status":"closed","sticky":false,"template":"","format":"standard","meta":{"_et_pb_use_builder":"","_et_pb_old_content":"","_et_gb_content_width":"","footnotes":""},"categories":[238],"tags":[],"class_list":["post-184064","post","type-post","status-publish","format-standard","has-post-thumbnail","hentry","category-economic-and-business","et-has-post-format-content","et_post_format-et-post-format-standard"],"yoast_head":"<!-- This site is optimized with the Yoast SEO plugin v27.4 - https:\/\/yoast.com\/product\/yoast-seo-wordpress\/ -->\n<title>S\u00e1nchez Llibre seeks a third term at the head of Foment - Royal European Academy of Doctors<\/title>\n<meta name=\"description\" content=\"Josep S\u00e1nchez Llibre, president of Fomento del Trabajo Nacional, will seek a third term as head of the employers&#039; association\" \/>\n<meta name=\"robots\" content=\"index, follow, max-snippet:-1, max-image-preview:large, max-video-preview:-1\" \/>\n<link rel=\"canonical\" href=\"https:\/\/raed.academy\/en\/sanchez-llibre-seeks-a-third-term-at-the-head-of-foment\/\" \/>\n<meta property=\"og:locale\" content=\"en_US\" \/>\n<meta property=\"og:type\" content=\"article\" \/>\n<meta property=\"og:title\" content=\"S\u00e1nchez Llibre seeks a third term at the head of Foment - Royal European Academy of Doctors\" \/>\n<meta property=\"og:description\" content=\"Josep S\u00e1nchez Llibre, president of Fomento del Trabajo Nacional, will seek a third term as head of the employers&#039; association\" \/>\n<meta property=\"og:url\" content=\"https:\/\/raed.academy\/en\/sanchez-llibre-seeks-a-third-term-at-the-head-of-foment\/\" \/>\n<meta property=\"og:site_name\" content=\"Royal European Academy of Doctors\" \/>\n<meta property=\"article:publisher\" content=\"http:\/\/fb.me\/raed.academy\" \/>\n<meta property=\"article:published_time\" content=\"2026-04-24T11:28:51+00:00\" \/>\n<meta property=\"og:image\" content=\"https:\/\/raed.academy\/wp-content\/uploads\/2026\/04\/Edificio-Foment-del-Treball-07-04-2014-RAED-C-1.67.webp\" \/>\n\t<meta property=\"og:image:width\" content=\"600\" \/>\n\t<meta property=\"og:image:height\" content=\"360\" \/>\n\t<meta property=\"og:image:type\" content=\"image\/webp\" \/>\n<meta name=\"author\" content=\"Javier Rodr\u00edguez Sicilia\" \/>\n<meta name=\"twitter:card\" content=\"summary_large_image\" \/>\n<meta name=\"twitter:creator\" content=\"@raedacademy\" \/>\n<meta name=\"twitter:site\" content=\"@raedacademy\" \/>\n<meta name=\"twitter:label1\" content=\"Written by\" \/>\n\t<meta name=\"twitter:data1\" content=\"Javier Rodr\u00edguez Sicilia\" \/>\n\t<meta name=\"twitter:label2\" content=\"Est. reading time\" \/>\n\t<meta name=\"twitter:data2\" content=\"3 minutes\" \/>\n<script type=\"application\/ld+json\" class=\"yoast-schema-graph\">{\"@context\":\"https:\\\/\\\/schema.org\",\"@graph\":[{\"@type\":\"Article\",\"@id\":\"https:\\\/\\\/raed.academy\\\/en\\\/sanchez-llibre-seeks-a-third-term-at-the-head-of-foment\\\/#article\",\"isPartOf\":{\"@id\":\"https:\\\/\\\/raed.academy\\\/en\\\/sanchez-llibre-seeks-a-third-term-at-the-head-of-foment\\\/\"},\"author\":{\"name\":\"Javier Rodr\u00edguez Sicilia\",\"@id\":\"https:\\\/\\\/raed.academy\\\/en\\\/#\\\/schema\\\/person\\\/31af80688d8a2644644f48b63aa77ee1\"},\"headline\":\"S\u00e1nchez Llibre seeks a third term at the head of Foment\",\"datePublished\":\"2026-04-24T11:28:51+00:00\",\"mainEntityOfPage\":{\"@id\":\"https:\\\/\\\/raed.academy\\\/en\\\/sanchez-llibre-seeks-a-third-term-at-the-head-of-foment\\\/\"},\"wordCount\":578,\"publisher\":{\"@id\":\"https:\\\/\\\/raed.academy\\\/en\\\/#organization\"},\"image\":{\"@id\":\"https:\\\/\\\/raed.academy\\\/en\\\/sanchez-llibre-seeks-a-third-term-at-the-head-of-foment\\\/#primaryimage\"},\"thumbnailUrl\":\"https:\\\/\\\/raed.academy\\\/wp-content\\\/uploads\\\/2026\\\/04\\\/Edificio-Foment-del-Treball-07-04-2014-RAED-C-1.67.webp\",\"articleSection\":[\"Economic and Business\"],\"inLanguage\":\"en-US\"},{\"@type\":\"WebPage\",\"@id\":\"https:\\\/\\\/raed.academy\\\/en\\\/sanchez-llibre-seeks-a-third-term-at-the-head-of-foment\\\/\",\"url\":\"https:\\\/\\\/raed.academy\\\/en\\\/sanchez-llibre-seeks-a-third-term-at-the-head-of-foment\\\/\",\"name\":\"S\u00e1nchez Llibre seeks a third term at the head of Foment - Royal European Academy of Doctors\",\"isPartOf\":{\"@id\":\"https:\\\/\\\/raed.academy\\\/en\\\/#website\"},\"primaryImageOfPage\":{\"@id\":\"https:\\\/\\\/raed.academy\\\/en\\\/sanchez-llibre-seeks-a-third-term-at-the-head-of-foment\\\/#primaryimage\"},\"image\":{\"@id\":\"https:\\\/\\\/raed.academy\\\/en\\\/sanchez-llibre-seeks-a-third-term-at-the-head-of-foment\\\/#primaryimage\"},\"thumbnailUrl\":\"https:\\\/\\\/raed.academy\\\/wp-content\\\/uploads\\\/2026\\\/04\\\/Edificio-Foment-del-Treball-07-04-2014-RAED-C-1.67.webp\",\"datePublished\":\"2026-04-24T11:28:51+00:00\",\"description\":\"Josep S\u00e1nchez Llibre, president of Fomento del Trabajo Nacional, will seek a third term as head of the employers' association\",\"breadcrumb\":{\"@id\":\"https:\\\/\\\/raed.academy\\\/en\\\/sanchez-llibre-seeks-a-third-term-at-the-head-of-foment\\\/#breadcrumb\"},\"inLanguage\":\"en-US\",\"potentialAction\":[{\"@type\":\"ReadAction\",\"target\":[\"https:\\\/\\\/raed.academy\\\/en\\\/sanchez-llibre-seeks-a-third-term-at-the-head-of-foment\\\/\"]}]},{\"@type\":\"ImageObject\",\"inLanguage\":\"en-US\",\"@id\":\"https:\\\/\\\/raed.academy\\\/en\\\/sanchez-llibre-seeks-a-third-term-at-the-head-of-foment\\\/#primaryimage\",\"url\":\"https:\\\/\\\/raed.academy\\\/wp-content\\\/uploads\\\/2026\\\/04\\\/Edificio-Foment-del-Treball-07-04-2014-RAED-C-1.67.webp\",\"contentUrl\":\"https:\\\/\\\/raed.academy\\\/wp-content\\\/uploads\\\/2026\\\/04\\\/Edificio-Foment-del-Treball-07-04-2014-RAED-C-1.67.webp\",\"width\":600,\"height\":360},{\"@type\":\"BreadcrumbList\",\"@id\":\"https:\\\/\\\/raed.academy\\\/en\\\/sanchez-llibre-seeks-a-third-term-at-the-head-of-foment\\\/#breadcrumb\",\"itemListElement\":[{\"@type\":\"ListItem\",\"position\":1,\"name\":\"Inicio\",\"item\":\"https:\\\/\\\/raed.academy\\\/en\\\/\"},{\"@type\":\"ListItem\",\"position\":2,\"name\":\"S\u00e1nchez Llibre seeks a third term at the head of Foment\"}]},{\"@type\":\"WebSite\",\"@id\":\"https:\\\/\\\/raed.academy\\\/en\\\/#website\",\"url\":\"https:\\\/\\\/raed.academy\\\/en\\\/\",\"name\":\"Royal European Academy of Doctors\",\"description\":\"Corporaci\u00f3n de derecho p\u00fablico de car\u00e1cter cient\u00edfico, t\u00e9cnico y art\u00edstico, que tiene por objeto la investigaci\u00f3n, el estudio, el fomento y la extensi\u00f3n del conocimiento en su sentido m\u00e1s amplio.\",\"publisher\":{\"@id\":\"https:\\\/\\\/raed.academy\\\/en\\\/#organization\"},\"potentialAction\":[{\"@type\":\"SearchAction\",\"target\":{\"@type\":\"EntryPoint\",\"urlTemplate\":\"https:\\\/\\\/raed.academy\\\/en\\\/?s={search_term_string}\"},\"query-input\":{\"@type\":\"PropertyValueSpecification\",\"valueRequired\":true,\"valueName\":\"search_term_string\"}}],\"inLanguage\":\"en-US\"},{\"@type\":\"Organization\",\"@id\":\"https:\\\/\\\/raed.academy\\\/en\\\/#organization\",\"name\":\"Real Academia Europea de Doctores\",\"url\":\"https:\\\/\\\/raed.academy\\\/en\\\/\",\"logo\":{\"@type\":\"ImageObject\",\"inLanguage\":\"en-US\",\"@id\":\"https:\\\/\\\/raed.academy\\\/en\\\/#\\\/schema\\\/logo\\\/image\\\/\",\"url\":\"https:\\\/\\\/raed.academy\\\/wp-content\\\/uploads\\\/2017\\\/01\\\/cropped-logo_raed.png\",\"contentUrl\":\"https:\\\/\\\/raed.academy\\\/wp-content\\\/uploads\\\/2017\\\/01\\\/cropped-logo_raed.png\",\"width\":512,\"height\":512,\"caption\":\"Real Academia Europea de Doctores\"},\"image\":{\"@id\":\"https:\\\/\\\/raed.academy\\\/en\\\/#\\\/schema\\\/logo\\\/image\\\/\"},\"sameAs\":[\"http:\\\/\\\/fb.me\\\/raed.academy\",\"https:\\\/\\\/x.com\\\/raedacademy\",\"https:\\\/\\\/www.instagram.com\\\/raed.academy\\\/\",\"https:\\\/\\\/www.youtube.com\\\/channel\\\/UCUYQwW2KrdirNWihxMDObwg\"]},{\"@type\":\"Person\",\"@id\":\"https:\\\/\\\/raed.academy\\\/en\\\/#\\\/schema\\\/person\\\/31af80688d8a2644644f48b63aa77ee1\",\"name\":\"Javier Rodr\u00edguez Sicilia\",\"image\":{\"@type\":\"ImageObject\",\"inLanguage\":\"en-US\",\"@id\":\"https:\\\/\\\/secure.gravatar.com\\\/avatar\\\/702200af99a88a3d626bc9ca2ee9361fa6e582e4455b1e641d8576c963ca66d5?s=96&d=mm&r=g\",\"url\":\"https:\\\/\\\/secure.gravatar.com\\\/avatar\\\/702200af99a88a3d626bc9ca2ee9361fa6e582e4455b1e641d8576c963ca66d5?s=96&d=mm&r=g\",\"contentUrl\":\"https:\\\/\\\/secure.gravatar.com\\\/avatar\\\/702200af99a88a3d626bc9ca2ee9361fa6e582e4455b1e641d8576c963ca66d5?s=96&d=mm&r=g\",\"caption\":\"Javier Rodr\u00edguez Sicilia\"}}]}<\/script>\n<!-- \/ Yoast SEO plugin. -->","yoast_head_json":{"title":"S\u00e1nchez Llibre seeks a third term at the head of Foment - Royal European Academy of Doctors","description":"Josep S\u00e1nchez Llibre, president of Fomento del Trabajo Nacional, will seek a third term as head of the employers' association","robots":{"index":"index","follow":"follow","max-snippet":"max-snippet:-1","max-image-preview":"max-image-preview:large","max-video-preview":"max-video-preview:-1"},"canonical":"https:\/\/raed.academy\/en\/sanchez-llibre-seeks-a-third-term-at-the-head-of-foment\/","og_locale":"en_US","og_type":"article","og_title":"S\u00e1nchez Llibre seeks a third term at the head of Foment - Royal European Academy of Doctors","og_description":"Josep S\u00e1nchez Llibre, president of Fomento del Trabajo Nacional, will seek a third term as head of the employers' association","og_url":"https:\/\/raed.academy\/en\/sanchez-llibre-seeks-a-third-term-at-the-head-of-foment\/","og_site_name":"Royal European Academy of Doctors","article_publisher":"http:\/\/fb.me\/raed.academy","article_published_time":"2026-04-24T11:28:51+00:00","og_image":[{"width":600,"height":360,"url":"https:\/\/raed.academy\/wp-content\/uploads\/2026\/04\/Edificio-Foment-del-Treball-07-04-2014-RAED-C-1.67.webp","type":"image\/webp"}],"author":"Javier Rodr\u00edguez Sicilia","twitter_card":"summary_large_image","twitter_creator":"@raedacademy","twitter_site":"@raedacademy","twitter_misc":{"Written by":"Javier Rodr\u00edguez Sicilia","Est. reading time":"3 minutes"},"schema":{"@context":"https:\/\/schema.org","@graph":[{"@type":"Article","@id":"https:\/\/raed.academy\/en\/sanchez-llibre-seeks-a-third-term-at-the-head-of-foment\/#article","isPartOf":{"@id":"https:\/\/raed.academy\/en\/sanchez-llibre-seeks-a-third-term-at-the-head-of-foment\/"},"author":{"name":"Javier Rodr\u00edguez Sicilia","@id":"https:\/\/raed.academy\/en\/#\/schema\/person\/31af80688d8a2644644f48b63aa77ee1"},"headline":"S\u00e1nchez Llibre seeks a third term at the head of Foment","datePublished":"2026-04-24T11:28:51+00:00","mainEntityOfPage":{"@id":"https:\/\/raed.academy\/en\/sanchez-llibre-seeks-a-third-term-at-the-head-of-foment\/"},"wordCount":578,"publisher":{"@id":"https:\/\/raed.academy\/en\/#organization"},"image":{"@id":"https:\/\/raed.academy\/en\/sanchez-llibre-seeks-a-third-term-at-the-head-of-foment\/#primaryimage"},"thumbnailUrl":"https:\/\/raed.academy\/wp-content\/uploads\/2026\/04\/Edificio-Foment-del-Treball-07-04-2014-RAED-C-1.67.webp","articleSection":["Economic and Business"],"inLanguage":"en-US"},{"@type":"WebPage","@id":"https:\/\/raed.academy\/en\/sanchez-llibre-seeks-a-third-term-at-the-head-of-foment\/","url":"https:\/\/raed.academy\/en\/sanchez-llibre-seeks-a-third-term-at-the-head-of-foment\/","name":"S\u00e1nchez Llibre seeks a third term at the head of Foment - Royal European Academy of Doctors","isPartOf":{"@id":"https:\/\/raed.academy\/en\/#website"},"primaryImageOfPage":{"@id":"https:\/\/raed.academy\/en\/sanchez-llibre-seeks-a-third-term-at-the-head-of-foment\/#primaryimage"},"image":{"@id":"https:\/\/raed.academy\/en\/sanchez-llibre-seeks-a-third-term-at-the-head-of-foment\/#primaryimage"},"thumbnailUrl":"https:\/\/raed.academy\/wp-content\/uploads\/2026\/04\/Edificio-Foment-del-Treball-07-04-2014-RAED-C-1.67.webp","datePublished":"2026-04-24T11:28:51+00:00","description":"Josep S\u00e1nchez Llibre, president of Fomento del Trabajo Nacional, will seek a third term as head of the employers' association","breadcrumb":{"@id":"https:\/\/raed.academy\/en\/sanchez-llibre-seeks-a-third-term-at-the-head-of-foment\/#breadcrumb"},"inLanguage":"en-US","potentialAction":[{"@type":"ReadAction","target":["https:\/\/raed.academy\/en\/sanchez-llibre-seeks-a-third-term-at-the-head-of-foment\/"]}]},{"@type":"ImageObject","inLanguage":"en-US","@id":"https:\/\/raed.academy\/en\/sanchez-llibre-seeks-a-third-term-at-the-head-of-foment\/#primaryimage","url":"https:\/\/raed.academy\/wp-content\/uploads\/2026\/04\/Edificio-Foment-del-Treball-07-04-2014-RAED-C-1.67.webp","contentUrl":"https:\/\/raed.academy\/wp-content\/uploads\/2026\/04\/Edificio-Foment-del-Treball-07-04-2014-RAED-C-1.67.webp","width":600,"height":360},{"@type":"BreadcrumbList","@id":"https:\/\/raed.academy\/en\/sanchez-llibre-seeks-a-third-term-at-the-head-of-foment\/#breadcrumb","itemListElement":[{"@type":"ListItem","position":1,"name":"Inicio","item":"https:\/\/raed.academy\/en\/"},{"@type":"ListItem","position":2,"name":"S\u00e1nchez Llibre seeks a third term at the head of Foment"}]},{"@type":"WebSite","@id":"https:\/\/raed.academy\/en\/#website","url":"https:\/\/raed.academy\/en\/","name":"Royal European Academy of Doctors","description":"Corporaci\u00f3n de derecho p\u00fablico de car\u00e1cter cient\u00edfico, t\u00e9cnico y art\u00edstico, que tiene por objeto la investigaci\u00f3n, el estudio, el fomento y la extensi\u00f3n del conocimiento en su sentido m\u00e1s amplio.","publisher":{"@id":"https:\/\/raed.academy\/en\/#organization"},"potentialAction":[{"@type":"SearchAction","target":{"@type":"EntryPoint","urlTemplate":"https:\/\/raed.academy\/en\/?s={search_term_string}"},"query-input":{"@type":"PropertyValueSpecification","valueRequired":true,"valueName":"search_term_string"}}],"inLanguage":"en-US"},{"@type":"Organization","@id":"https:\/\/raed.academy\/en\/#organization","name":"Real Academia Europea de Doctores","url":"https:\/\/raed.academy\/en\/","logo":{"@type":"ImageObject","inLanguage":"en-US","@id":"https:\/\/raed.academy\/en\/#\/schema\/logo\/image\/","url":"https:\/\/raed.academy\/wp-content\/uploads\/2017\/01\/cropped-logo_raed.png","contentUrl":"https:\/\/raed.academy\/wp-content\/uploads\/2017\/01\/cropped-logo_raed.png","width":512,"height":512,"caption":"Real Academia Europea de Doctores"},"image":{"@id":"https:\/\/raed.academy\/en\/#\/schema\/logo\/image\/"},"sameAs":["http:\/\/fb.me\/raed.academy","https:\/\/x.com\/raedacademy","https:\/\/www.instagram.com\/raed.academy\/","https:\/\/www.youtube.com\/channel\/UCUYQwW2KrdirNWihxMDObwg"]},{"@type":"Person","@id":"https:\/\/raed.academy\/en\/#\/schema\/person\/31af80688d8a2644644f48b63aa77ee1","name":"Javier Rodr\u00edguez Sicilia","image":{"@type":"ImageObject","inLanguage":"en-US","@id":"https:\/\/secure.gravatar.com\/avatar\/702200af99a88a3d626bc9ca2ee9361fa6e582e4455b1e641d8576c963ca66d5?s=96&d=mm&r=g","url":"https:\/\/secure.gravatar.com\/avatar\/702200af99a88a3d626bc9ca2ee9361fa6e582e4455b1e641d8576c963ca66d5?s=96&d=mm&r=g","contentUrl":"https:\/\/secure.gravatar.com\/avatar\/702200af99a88a3d626bc9ca2ee9361fa6e582e4455b1e641d8576c963ca66d5?s=96&d=mm&r=g","caption":"Javier Rodr\u00edguez Sicilia"}}]}},"_links":{"self":[{"href":"https:\/\/raed.academy\/en\/wp-json\/wp\/v2\/posts\/184064","targetHints":{"allow":["GET"]}}],"collection":[{"href":"https:\/\/raed.academy\/en\/wp-json\/wp\/v2\/posts"}],"about":[{"href":"https:\/\/raed.academy\/en\/wp-json\/wp\/v2\/types\/post"}],"author":[{"embeddable":true,"href":"https:\/\/raed.academy\/en\/wp-json\/wp\/v2\/users\/16"}],"replies":[{"embeddable":true,"href":"https:\/\/raed.academy\/en\/wp-json\/wp\/v2\/comments?post=184064"}],"version-history":[{"count":1,"href":"https:\/\/raed.academy\/en\/wp-json\/wp\/v2\/posts\/184064\/revisions"}],"predecessor-version":[{"id":184065,"href":"https:\/\/raed.academy\/en\/wp-json\/wp\/v2\/posts\/184064\/revisions\/184065"}],"wp:featuredmedia":[{"embeddable":true,"href":"https:\/\/raed.academy\/en\/wp-json\/wp\/v2\/media\/183861"}],"wp:attachment":[{"href":"https:\/\/raed.academy\/en\/wp-json\/wp\/v2\/media?parent=184064"}],"wp:term":[{"taxonomy":"category","embeddable":true,"href":"https:\/\/raed.academy\/en\/wp-json\/wp\/v2\/categories?post=184064"},{"taxonomy":"post_tag","embeddable":true,"href":"https:\/\/raed.academy\/en\/wp-json\/wp\/v2\/tags?post=184064"}],"curies":[{"name":"wp","href":"https:\/\/api.w.org\/{rel}","templated":true}]}}