{"id":184056,"date":"2026-04-24T11:14:38","date_gmt":"2026-04-24T11:14:38","guid":{"rendered":"https:\/\/raed.academy\/?p=184056"},"modified":"2026-04-24T11:14:38","modified_gmt":"2026-04-24T11:14:38","slug":"what-to-do-in-the-face-of-the-quantum-apocalypse","status":"publish","type":"post","link":"https:\/\/raed.academy\/en\/what-to-do-in-the-face-of-the-quantum-apocalypse\/","title":{"rendered":"What to do in the face of the quantum apocalypse"},"content":{"rendered":"<div id=\"attachment_176244\" style=\"width: 610px\" class=\"wp-caption aligncenter\"><img loading=\"lazy\" decoding=\"async\" aria-describedby=\"caption-attachment-176244\" class=\"wp-image-176244 size-full\" src=\"https:\/\/raed.academy\/wp-content\/uploads\/2025\/11\/Dr-Victor-Canivell-Cretchley-dst.webp\" sizes=\"(max-width: 600px) 100vw, 600px\" srcset=\"https:\/\/raed.academy\/wp-content\/uploads\/2025\/11\/Dr-Victor-Canivell-Cretchley-dst.webp 600w, https:\/\/raed.academy\/wp-content\/uploads\/2025\/11\/Dr-Victor-Canivell-Cretchley-dst-440x264.webp 440w\" alt=\"V\u00edctor Canivell\" width=\"600\" height=\"360\" aria-describedby=\"caption-attachment-176244\" \/><p id=\"caption-attachment-176244\" class=\"wp-caption-text\">Dr. V\u00edctor Canivell<\/p><\/div>\n<p><a href=\"https:\/\/raed.academy\/en\/academicians\/dr-victor-canivell-cretchley\/\"><em><strong><u>V\u00edctor Canivell<\/u><\/strong><\/em><\/a>, corresponding member of the <strong>Royal European Academy of Doctors<\/strong> (READ), presented at the <strong>10th International Academic Meeting<\/strong> held by the Royal Corporation between 15 and 20 March in various German cities under the general title <strong>\u201cThe Rhine as a Current of Knowledge: Cross-Border Dialogues\u201d<\/strong> the lecture <strong>\u201cWhat to Do in the Face of the Quantum Apocalypse, in Which All Internet Privacy Will Be Lost,\u201d<\/strong> in which he warned of an unprecedented increase in cyber threats due both to the development of artificial intelligence tools and, especially, to advances in quantum computing. This is a problem, he noted, that is already worrying governments and major corporations.<\/p>\n<p>The expert explained that new AI models capable of generating code are transforming the technology industry, reducing the need for traditional programmers, seriously affecting software giants, and increasing demand for artificial intelligence specialists. However, their most critical impact is in cybersecurity, since advanced tools have proven capable of detecting vulnerabilities at scale, which, in the hands of cybercriminals, could trigger massive attacks and pose a serious risk of a digital blackout. In this regard, the academic explained that the firm <strong>Anthropic<\/strong> had decided to grant urgent access to the latest version of its service, <strong>Claude<\/strong> <strong>Mythos<\/strong> <strong>Preview<\/strong>, to a select group of competitors and clients to address its security breaches.<\/p>\n<p><img loading=\"lazy\" decoding=\"async\" class=\"alignleft size-full wp-image-183770\" src=\"https:\/\/raed.academy\/wp-content\/uploads\/2026\/04\/computacion-cuantica-procesador-shutt-1.67.webp\" sizes=\"(max-width: 600px) 100vw, 600px\" srcset=\"https:\/\/raed.academy\/wp-content\/uploads\/2026\/04\/computacion-cuantica-procesador-shutt-1.67.webp 600w, https:\/\/raed.academy\/wp-content\/uploads\/2026\/04\/computacion-cuantica-procesador-shutt-1.67-440x264.webp 440w\" alt=\"\" width=\"600\" height=\"360\" \/>He also pointed out that major technology companies have already brought forward their deadlines for adopting post-quantum cryptography in view of the possibility that future quantum systems may be able to decrypt data that today appears secure, in a kind of technological race between attackers and defenders in which the speed of innovation may generate systemic risks if action is not taken in advance. In this high-risk scenario, Canivell considered that the proper management of technologies will be key to avoiding potentially catastrophic consequences for the economy and society. Among his recommendations, he stressed the need for public administrations and companies to strengthen their cybersecurity systems with AI and to accelerate the transition towards new cryptographic standards.<\/p>\n<p>Founder and President of the Spanish quantum computing start-up <strong>Qilimanjaro Quantum Tech<\/strong>, one of the European leaders in the sector, Canivell was admitted to the READ last January with the admission speech <a href=\"https:\/\/raed.academy\/wp-content\/uploads\/2026\/01\/El-futuro-es-cuantico-la-disrupcion-que-viene-tras-la-IA-y-su-impacto-en-la-economia-de-Victor-Canivell-Cretchley.pdf\"><strong><u>\u201cThe Future Is Quantum: the Disruption That Comes after AI and Its Impact on the Economy\u201d<\/u><\/strong><\/a>, in which he argues that the world is already quantum, from semiconductors to MRI scanners, but that the true revolution is yet to come with quantum computing, a technology capable of exponentially multiplying computing capacity and drastically reducing the energy consumption of data centres.<\/p>\n<p>After more than twenty years in executive positions at American multinationals such as <strong>Hewlett-Packard<\/strong>, <strong>Silicon Graphics<\/strong>, <strong>3Com<\/strong> and <strong>Perkin-Elmer<\/strong>, he returned to Spain to lead several information security and bioinformatics start-ups. He is a member of the <strong>Royal Spanish Society of Physics<\/strong> and of the <strong>American Physical Society<\/strong>. Among other recognitions, he received the <strong>Entrepreneur of the Year 2024 Award<\/strong> from the <strong>Catalan Association of Telecommunications Engineering and Digital Technologies<\/strong>.<\/p>\n","protected":false},"excerpt":{"rendered":"<p>V\u00edctor Canivell warns of an unprecedented increase in cyber threats due to both the development of artificial intelligence tools and, especially, the advancement of quantum computing, during his presentation &#8220;Qu\u00e9 hacer ante el apocalipsis cu\u00e1ntico, en el que todo internet perder\u00e1 su privacidad&#8221;<\/p>\n","protected":false},"author":16,"featured_media":183772,"comment_status":"closed","ping_status":"closed","sticky":false,"template":"","format":"standard","meta":{"_et_pb_use_builder":"","_et_pb_old_content":"","_et_gb_content_width":"","footnotes":""},"categories":[437,355,470,493],"tags":[],"class_list":["post-184056","post","type-post","status-publish","format-standard","has-post-thumbnail","hentry","category-computing","category-information-and-communication-technologies","category-international-acts","category-scientific-meetings-and-congresses","et-has-post-format-content","et_post_format-et-post-format-standard"],"yoast_head":"<!-- This site is optimized with the Yoast SEO plugin v27.4 - https:\/\/yoast.com\/product\/yoast-seo-wordpress\/ -->\n<title>What to do in the face of the quantum apocalypse - Royal European Academy of Doctors<\/title>\n<meta name=\"description\" content=\"Quantum Apocalypse: The Likely Unprecedented Rise in Cyber \u200b\u200bThreats Due Especially to the Advancement of Quantum Computing\" \/>\n<meta name=\"robots\" content=\"index, follow, max-snippet:-1, max-image-preview:large, max-video-preview:-1\" \/>\n<link rel=\"canonical\" href=\"https:\/\/raed.academy\/en\/what-to-do-in-the-face-of-the-quantum-apocalypse\/\" \/>\n<meta property=\"og:locale\" content=\"en_US\" \/>\n<meta property=\"og:type\" content=\"article\" \/>\n<meta property=\"og:title\" content=\"What to do in the face of the quantum apocalypse - Royal European Academy of Doctors\" \/>\n<meta property=\"og:description\" content=\"Quantum Apocalypse: The Likely Unprecedented Rise in Cyber \u200b\u200bThreats Due Especially to the Advancement of Quantum Computing\" \/>\n<meta property=\"og:url\" content=\"https:\/\/raed.academy\/en\/what-to-do-in-the-face-of-the-quantum-apocalypse\/\" \/>\n<meta property=\"og:site_name\" content=\"Royal European Academy of Doctors\" \/>\n<meta property=\"article:publisher\" content=\"http:\/\/fb.me\/raed.academy\" \/>\n<meta property=\"article:published_time\" content=\"2026-04-24T11:14:38+00:00\" \/>\n<meta property=\"og:image\" content=\"https:\/\/raed.academy\/wp-content\/uploads\/2026\/04\/computacion-cuantica-procesador-shutt-1.67.webp\" \/>\n\t<meta property=\"og:image:width\" content=\"600\" \/>\n\t<meta property=\"og:image:height\" content=\"360\" \/>\n\t<meta property=\"og:image:type\" content=\"image\/webp\" \/>\n<meta name=\"author\" content=\"Javier Rodr\u00edguez Sicilia\" \/>\n<meta name=\"twitter:card\" content=\"summary_large_image\" \/>\n<meta name=\"twitter:creator\" content=\"@raedacademy\" \/>\n<meta name=\"twitter:site\" content=\"@raedacademy\" \/>\n<meta name=\"twitter:label1\" content=\"Written by\" \/>\n\t<meta name=\"twitter:data1\" content=\"Javier Rodr\u00edguez Sicilia\" \/>\n\t<meta name=\"twitter:label2\" content=\"Est. reading time\" \/>\n\t<meta name=\"twitter:data2\" content=\"3 minutes\" \/>\n<script type=\"application\/ld+json\" class=\"yoast-schema-graph\">{\"@context\":\"https:\\\/\\\/schema.org\",\"@graph\":[{\"@type\":\"Article\",\"@id\":\"https:\\\/\\\/raed.academy\\\/en\\\/what-to-do-in-the-face-of-the-quantum-apocalypse\\\/#article\",\"isPartOf\":{\"@id\":\"https:\\\/\\\/raed.academy\\\/en\\\/what-to-do-in-the-face-of-the-quantum-apocalypse\\\/\"},\"author\":{\"name\":\"Javier Rodr\u00edguez Sicilia\",\"@id\":\"https:\\\/\\\/raed.academy\\\/en\\\/#\\\/schema\\\/person\\\/31af80688d8a2644644f48b63aa77ee1\"},\"headline\":\"What to do in the face of the quantum apocalypse\",\"datePublished\":\"2026-04-24T11:14:38+00:00\",\"mainEntityOfPage\":{\"@id\":\"https:\\\/\\\/raed.academy\\\/en\\\/what-to-do-in-the-face-of-the-quantum-apocalypse\\\/\"},\"wordCount\":515,\"publisher\":{\"@id\":\"https:\\\/\\\/raed.academy\\\/en\\\/#organization\"},\"image\":{\"@id\":\"https:\\\/\\\/raed.academy\\\/en\\\/what-to-do-in-the-face-of-the-quantum-apocalypse\\\/#primaryimage\"},\"thumbnailUrl\":\"https:\\\/\\\/raed.academy\\\/wp-content\\\/uploads\\\/2026\\\/04\\\/computacion-cuantica-procesador-shutt-1.67.webp\",\"articleSection\":[\"Computing\",\"Information and communication technologies\",\"International Acts\",\"Scientific Meetings and Congresses\"],\"inLanguage\":\"en-US\"},{\"@type\":\"WebPage\",\"@id\":\"https:\\\/\\\/raed.academy\\\/en\\\/what-to-do-in-the-face-of-the-quantum-apocalypse\\\/\",\"url\":\"https:\\\/\\\/raed.academy\\\/en\\\/what-to-do-in-the-face-of-the-quantum-apocalypse\\\/\",\"name\":\"What to do in the face of the quantum apocalypse - Royal European Academy of Doctors\",\"isPartOf\":{\"@id\":\"https:\\\/\\\/raed.academy\\\/en\\\/#website\"},\"primaryImageOfPage\":{\"@id\":\"https:\\\/\\\/raed.academy\\\/en\\\/what-to-do-in-the-face-of-the-quantum-apocalypse\\\/#primaryimage\"},\"image\":{\"@id\":\"https:\\\/\\\/raed.academy\\\/en\\\/what-to-do-in-the-face-of-the-quantum-apocalypse\\\/#primaryimage\"},\"thumbnailUrl\":\"https:\\\/\\\/raed.academy\\\/wp-content\\\/uploads\\\/2026\\\/04\\\/computacion-cuantica-procesador-shutt-1.67.webp\",\"datePublished\":\"2026-04-24T11:14:38+00:00\",\"description\":\"Quantum Apocalypse: The Likely Unprecedented Rise in Cyber \u200b\u200bThreats Due Especially to the Advancement of Quantum Computing\",\"breadcrumb\":{\"@id\":\"https:\\\/\\\/raed.academy\\\/en\\\/what-to-do-in-the-face-of-the-quantum-apocalypse\\\/#breadcrumb\"},\"inLanguage\":\"en-US\",\"potentialAction\":[{\"@type\":\"ReadAction\",\"target\":[\"https:\\\/\\\/raed.academy\\\/en\\\/what-to-do-in-the-face-of-the-quantum-apocalypse\\\/\"]}]},{\"@type\":\"ImageObject\",\"inLanguage\":\"en-US\",\"@id\":\"https:\\\/\\\/raed.academy\\\/en\\\/what-to-do-in-the-face-of-the-quantum-apocalypse\\\/#primaryimage\",\"url\":\"https:\\\/\\\/raed.academy\\\/wp-content\\\/uploads\\\/2026\\\/04\\\/computacion-cuantica-procesador-shutt-1.67.webp\",\"contentUrl\":\"https:\\\/\\\/raed.academy\\\/wp-content\\\/uploads\\\/2026\\\/04\\\/computacion-cuantica-procesador-shutt-1.67.webp\",\"width\":600,\"height\":360},{\"@type\":\"BreadcrumbList\",\"@id\":\"https:\\\/\\\/raed.academy\\\/en\\\/what-to-do-in-the-face-of-the-quantum-apocalypse\\\/#breadcrumb\",\"itemListElement\":[{\"@type\":\"ListItem\",\"position\":1,\"name\":\"Inicio\",\"item\":\"https:\\\/\\\/raed.academy\\\/en\\\/\"},{\"@type\":\"ListItem\",\"position\":2,\"name\":\"What to do in the face of the quantum apocalypse\"}]},{\"@type\":\"WebSite\",\"@id\":\"https:\\\/\\\/raed.academy\\\/en\\\/#website\",\"url\":\"https:\\\/\\\/raed.academy\\\/en\\\/\",\"name\":\"Royal European Academy of Doctors\",\"description\":\"Corporaci\u00f3n de derecho p\u00fablico de car\u00e1cter cient\u00edfico, t\u00e9cnico y art\u00edstico, que tiene por objeto la investigaci\u00f3n, el estudio, el fomento y la extensi\u00f3n del conocimiento en su sentido m\u00e1s amplio.\",\"publisher\":{\"@id\":\"https:\\\/\\\/raed.academy\\\/en\\\/#organization\"},\"potentialAction\":[{\"@type\":\"SearchAction\",\"target\":{\"@type\":\"EntryPoint\",\"urlTemplate\":\"https:\\\/\\\/raed.academy\\\/en\\\/?s={search_term_string}\"},\"query-input\":{\"@type\":\"PropertyValueSpecification\",\"valueRequired\":true,\"valueName\":\"search_term_string\"}}],\"inLanguage\":\"en-US\"},{\"@type\":\"Organization\",\"@id\":\"https:\\\/\\\/raed.academy\\\/en\\\/#organization\",\"name\":\"Real Academia Europea de Doctores\",\"url\":\"https:\\\/\\\/raed.academy\\\/en\\\/\",\"logo\":{\"@type\":\"ImageObject\",\"inLanguage\":\"en-US\",\"@id\":\"https:\\\/\\\/raed.academy\\\/en\\\/#\\\/schema\\\/logo\\\/image\\\/\",\"url\":\"https:\\\/\\\/raed.academy\\\/wp-content\\\/uploads\\\/2017\\\/01\\\/cropped-logo_raed.png\",\"contentUrl\":\"https:\\\/\\\/raed.academy\\\/wp-content\\\/uploads\\\/2017\\\/01\\\/cropped-logo_raed.png\",\"width\":512,\"height\":512,\"caption\":\"Real Academia Europea de Doctores\"},\"image\":{\"@id\":\"https:\\\/\\\/raed.academy\\\/en\\\/#\\\/schema\\\/logo\\\/image\\\/\"},\"sameAs\":[\"http:\\\/\\\/fb.me\\\/raed.academy\",\"https:\\\/\\\/x.com\\\/raedacademy\",\"https:\\\/\\\/www.instagram.com\\\/raed.academy\\\/\",\"https:\\\/\\\/www.youtube.com\\\/channel\\\/UCUYQwW2KrdirNWihxMDObwg\"]},{\"@type\":\"Person\",\"@id\":\"https:\\\/\\\/raed.academy\\\/en\\\/#\\\/schema\\\/person\\\/31af80688d8a2644644f48b63aa77ee1\",\"name\":\"Javier Rodr\u00edguez Sicilia\",\"image\":{\"@type\":\"ImageObject\",\"inLanguage\":\"en-US\",\"@id\":\"https:\\\/\\\/secure.gravatar.com\\\/avatar\\\/702200af99a88a3d626bc9ca2ee9361fa6e582e4455b1e641d8576c963ca66d5?s=96&d=mm&r=g\",\"url\":\"https:\\\/\\\/secure.gravatar.com\\\/avatar\\\/702200af99a88a3d626bc9ca2ee9361fa6e582e4455b1e641d8576c963ca66d5?s=96&d=mm&r=g\",\"contentUrl\":\"https:\\\/\\\/secure.gravatar.com\\\/avatar\\\/702200af99a88a3d626bc9ca2ee9361fa6e582e4455b1e641d8576c963ca66d5?s=96&d=mm&r=g\",\"caption\":\"Javier Rodr\u00edguez Sicilia\"}}]}<\/script>\n<!-- \/ Yoast SEO plugin. -->","yoast_head_json":{"title":"What to do in the face of the quantum apocalypse - Royal European Academy of Doctors","description":"Quantum Apocalypse: The Likely Unprecedented Rise in Cyber \u200b\u200bThreats Due Especially to the Advancement of Quantum Computing","robots":{"index":"index","follow":"follow","max-snippet":"max-snippet:-1","max-image-preview":"max-image-preview:large","max-video-preview":"max-video-preview:-1"},"canonical":"https:\/\/raed.academy\/en\/what-to-do-in-the-face-of-the-quantum-apocalypse\/","og_locale":"en_US","og_type":"article","og_title":"What to do in the face of the quantum apocalypse - Royal European Academy of Doctors","og_description":"Quantum Apocalypse: The Likely Unprecedented Rise in Cyber \u200b\u200bThreats Due Especially to the Advancement of Quantum Computing","og_url":"https:\/\/raed.academy\/en\/what-to-do-in-the-face-of-the-quantum-apocalypse\/","og_site_name":"Royal European Academy of Doctors","article_publisher":"http:\/\/fb.me\/raed.academy","article_published_time":"2026-04-24T11:14:38+00:00","og_image":[{"width":600,"height":360,"url":"https:\/\/raed.academy\/wp-content\/uploads\/2026\/04\/computacion-cuantica-procesador-shutt-1.67.webp","type":"image\/webp"}],"author":"Javier Rodr\u00edguez Sicilia","twitter_card":"summary_large_image","twitter_creator":"@raedacademy","twitter_site":"@raedacademy","twitter_misc":{"Written by":"Javier Rodr\u00edguez Sicilia","Est. reading time":"3 minutes"},"schema":{"@context":"https:\/\/schema.org","@graph":[{"@type":"Article","@id":"https:\/\/raed.academy\/en\/what-to-do-in-the-face-of-the-quantum-apocalypse\/#article","isPartOf":{"@id":"https:\/\/raed.academy\/en\/what-to-do-in-the-face-of-the-quantum-apocalypse\/"},"author":{"name":"Javier Rodr\u00edguez Sicilia","@id":"https:\/\/raed.academy\/en\/#\/schema\/person\/31af80688d8a2644644f48b63aa77ee1"},"headline":"What to do in the face of the quantum apocalypse","datePublished":"2026-04-24T11:14:38+00:00","mainEntityOfPage":{"@id":"https:\/\/raed.academy\/en\/what-to-do-in-the-face-of-the-quantum-apocalypse\/"},"wordCount":515,"publisher":{"@id":"https:\/\/raed.academy\/en\/#organization"},"image":{"@id":"https:\/\/raed.academy\/en\/what-to-do-in-the-face-of-the-quantum-apocalypse\/#primaryimage"},"thumbnailUrl":"https:\/\/raed.academy\/wp-content\/uploads\/2026\/04\/computacion-cuantica-procesador-shutt-1.67.webp","articleSection":["Computing","Information and communication technologies","International Acts","Scientific Meetings and Congresses"],"inLanguage":"en-US"},{"@type":"WebPage","@id":"https:\/\/raed.academy\/en\/what-to-do-in-the-face-of-the-quantum-apocalypse\/","url":"https:\/\/raed.academy\/en\/what-to-do-in-the-face-of-the-quantum-apocalypse\/","name":"What to do in the face of the quantum apocalypse - Royal European Academy of Doctors","isPartOf":{"@id":"https:\/\/raed.academy\/en\/#website"},"primaryImageOfPage":{"@id":"https:\/\/raed.academy\/en\/what-to-do-in-the-face-of-the-quantum-apocalypse\/#primaryimage"},"image":{"@id":"https:\/\/raed.academy\/en\/what-to-do-in-the-face-of-the-quantum-apocalypse\/#primaryimage"},"thumbnailUrl":"https:\/\/raed.academy\/wp-content\/uploads\/2026\/04\/computacion-cuantica-procesador-shutt-1.67.webp","datePublished":"2026-04-24T11:14:38+00:00","description":"Quantum Apocalypse: The Likely Unprecedented Rise in Cyber \u200b\u200bThreats Due Especially to the Advancement of Quantum Computing","breadcrumb":{"@id":"https:\/\/raed.academy\/en\/what-to-do-in-the-face-of-the-quantum-apocalypse\/#breadcrumb"},"inLanguage":"en-US","potentialAction":[{"@type":"ReadAction","target":["https:\/\/raed.academy\/en\/what-to-do-in-the-face-of-the-quantum-apocalypse\/"]}]},{"@type":"ImageObject","inLanguage":"en-US","@id":"https:\/\/raed.academy\/en\/what-to-do-in-the-face-of-the-quantum-apocalypse\/#primaryimage","url":"https:\/\/raed.academy\/wp-content\/uploads\/2026\/04\/computacion-cuantica-procesador-shutt-1.67.webp","contentUrl":"https:\/\/raed.academy\/wp-content\/uploads\/2026\/04\/computacion-cuantica-procesador-shutt-1.67.webp","width":600,"height":360},{"@type":"BreadcrumbList","@id":"https:\/\/raed.academy\/en\/what-to-do-in-the-face-of-the-quantum-apocalypse\/#breadcrumb","itemListElement":[{"@type":"ListItem","position":1,"name":"Inicio","item":"https:\/\/raed.academy\/en\/"},{"@type":"ListItem","position":2,"name":"What to do in the face of the quantum apocalypse"}]},{"@type":"WebSite","@id":"https:\/\/raed.academy\/en\/#website","url":"https:\/\/raed.academy\/en\/","name":"Royal European Academy of Doctors","description":"Corporaci\u00f3n de derecho p\u00fablico de car\u00e1cter cient\u00edfico, t\u00e9cnico y art\u00edstico, que tiene por objeto la investigaci\u00f3n, el estudio, el fomento y la extensi\u00f3n del conocimiento en su sentido m\u00e1s amplio.","publisher":{"@id":"https:\/\/raed.academy\/en\/#organization"},"potentialAction":[{"@type":"SearchAction","target":{"@type":"EntryPoint","urlTemplate":"https:\/\/raed.academy\/en\/?s={search_term_string}"},"query-input":{"@type":"PropertyValueSpecification","valueRequired":true,"valueName":"search_term_string"}}],"inLanguage":"en-US"},{"@type":"Organization","@id":"https:\/\/raed.academy\/en\/#organization","name":"Real Academia Europea de Doctores","url":"https:\/\/raed.academy\/en\/","logo":{"@type":"ImageObject","inLanguage":"en-US","@id":"https:\/\/raed.academy\/en\/#\/schema\/logo\/image\/","url":"https:\/\/raed.academy\/wp-content\/uploads\/2017\/01\/cropped-logo_raed.png","contentUrl":"https:\/\/raed.academy\/wp-content\/uploads\/2017\/01\/cropped-logo_raed.png","width":512,"height":512,"caption":"Real Academia Europea de Doctores"},"image":{"@id":"https:\/\/raed.academy\/en\/#\/schema\/logo\/image\/"},"sameAs":["http:\/\/fb.me\/raed.academy","https:\/\/x.com\/raedacademy","https:\/\/www.instagram.com\/raed.academy\/","https:\/\/www.youtube.com\/channel\/UCUYQwW2KrdirNWihxMDObwg"]},{"@type":"Person","@id":"https:\/\/raed.academy\/en\/#\/schema\/person\/31af80688d8a2644644f48b63aa77ee1","name":"Javier Rodr\u00edguez Sicilia","image":{"@type":"ImageObject","inLanguage":"en-US","@id":"https:\/\/secure.gravatar.com\/avatar\/702200af99a88a3d626bc9ca2ee9361fa6e582e4455b1e641d8576c963ca66d5?s=96&d=mm&r=g","url":"https:\/\/secure.gravatar.com\/avatar\/702200af99a88a3d626bc9ca2ee9361fa6e582e4455b1e641d8576c963ca66d5?s=96&d=mm&r=g","contentUrl":"https:\/\/secure.gravatar.com\/avatar\/702200af99a88a3d626bc9ca2ee9361fa6e582e4455b1e641d8576c963ca66d5?s=96&d=mm&r=g","caption":"Javier Rodr\u00edguez Sicilia"}}]}},"_links":{"self":[{"href":"https:\/\/raed.academy\/en\/wp-json\/wp\/v2\/posts\/184056","targetHints":{"allow":["GET"]}}],"collection":[{"href":"https:\/\/raed.academy\/en\/wp-json\/wp\/v2\/posts"}],"about":[{"href":"https:\/\/raed.academy\/en\/wp-json\/wp\/v2\/types\/post"}],"author":[{"embeddable":true,"href":"https:\/\/raed.academy\/en\/wp-json\/wp\/v2\/users\/16"}],"replies":[{"embeddable":true,"href":"https:\/\/raed.academy\/en\/wp-json\/wp\/v2\/comments?post=184056"}],"version-history":[{"count":1,"href":"https:\/\/raed.academy\/en\/wp-json\/wp\/v2\/posts\/184056\/revisions"}],"predecessor-version":[{"id":184059,"href":"https:\/\/raed.academy\/en\/wp-json\/wp\/v2\/posts\/184056\/revisions\/184059"}],"wp:featuredmedia":[{"embeddable":true,"href":"https:\/\/raed.academy\/en\/wp-json\/wp\/v2\/media\/183772"}],"wp:attachment":[{"href":"https:\/\/raed.academy\/en\/wp-json\/wp\/v2\/media?parent=184056"}],"wp:term":[{"taxonomy":"category","embeddable":true,"href":"https:\/\/raed.academy\/en\/wp-json\/wp\/v2\/categories?post=184056"},{"taxonomy":"post_tag","embeddable":true,"href":"https:\/\/raed.academy\/en\/wp-json\/wp\/v2\/tags?post=184056"}],"curies":[{"name":"wp","href":"https:\/\/api.w.org\/{rel}","templated":true}]}}