{"id":184055,"date":"2026-04-24T11:11:28","date_gmt":"2026-04-24T11:11:28","guid":{"rendered":"https:\/\/raed.academy\/?p=184055"},"modified":"2026-04-24T11:11:28","modified_gmt":"2026-04-24T11:11:28","slug":"can-artificial-intelligence-be-artistic","status":"publish","type":"post","link":"https:\/\/raed.academy\/en\/can-artificial-intelligence-be-artistic\/","title":{"rendered":"Can artificial intelligence be artistic?"},"content":{"rendered":"<div id=\"attachment_183761\" style=\"width: 1210px\" class=\"wp-caption aligncenter\"><img loading=\"lazy\" decoding=\"async\" aria-describedby=\"caption-attachment-183761\" class=\"wp-image-183761 size-full\" src=\"https:\/\/raed.academy\/wp-content\/uploads\/2026\/04\/Ana-Maria-Diaz-Perez-en-el-X-Congreso-Int-RAED-Alemania-rio-Rin-RAED-C-1.67.webp\" sizes=\"(max-width: 1200px) 100vw, 1200px\" srcset=\"https:\/\/raed.academy\/wp-content\/uploads\/2026\/04\/Ana-Maria-Diaz-Perez-en-el-X-Congreso-Int-RAED-Alemania-rio-Rin-RAED-C-1.67.webp 1200w, https:\/\/raed.academy\/wp-content\/uploads\/2026\/04\/Ana-Maria-Diaz-Perez-en-el-X-Congreso-Int-RAED-Alemania-rio-Rin-RAED-C-1.67-768x460.webp 768w, https:\/\/raed.academy\/wp-content\/uploads\/2026\/04\/Ana-Maria-Diaz-Perez-en-el-X-Congreso-Int-RAED-Alemania-rio-Rin-RAED-C-1.67-1080x646.webp 1080w, https:\/\/raed.academy\/wp-content\/uploads\/2026\/04\/Ana-Maria-Diaz-Perez-en-el-X-Congreso-Int-RAED-Alemania-rio-Rin-RAED-C-1.67-627x376.webp 627w, https:\/\/raed.academy\/wp-content\/uploads\/2026\/04\/Ana-Maria-Diaz-Perez-en-el-X-Congreso-Int-RAED-Alemania-rio-Rin-RAED-C-1.67-440x264.webp 440w\" alt=\"Ana Mar\u00eda D\u00edaz\" width=\"1200\" height=\"718\" aria-describedby=\"caption-attachment-183761\" \/><p id=\"caption-attachment-183761\" class=\"wp-caption-text\">Ana Mar\u00eda D\u00edaz<\/p><\/div>\n<p><strong>Ana Mar\u00eda D\u00edaz P\u00e9rez<\/strong>, full member of the <strong>Royal Academy of Medicine of the Canary Islands<\/strong>, corresponding member of the <strong>Royal Canarian Academy of Fine Arts of San Miguel Arc\u00e1ngel<\/strong> and member of the <strong>Institute of Canarian Studies<\/strong>, addressed the impact of artificial intelligence on artistic creation from an interdisciplinary perspective in the lecture <strong>\u201cAI in Creative Thought. Benefits and Drawbacks,\u201d<\/strong> which she presented during the <strong>10th International Academic Meeting<\/strong> held by the Royal Corporation between 15 and 20 March in various German cities under the general title <strong>\u201cThe Rhine as a Current of Knowledge: Cross-Border Dialogues.\u201d<\/strong> For the expert, although AI is a useful tool, it cannot be equated with human creativity.<\/p>\n<p>In her presentation, D\u00edaz P\u00e9rez began with an analysis of brain structure and organisation in accordance with the views of the renowned Canarian neurologist <strong>Miguel \u00c1ngel Hern\u00e1ndez P\u00e9rez<\/strong>, who has researched the creative process in brain regions and concluded that, although it has long been claimed that creativity resides in the right hemisphere, recent studies conclude that it is manifested through the active interrelation of three main creative neural networks spanning the whole brain, since different areas connect and disconnect during the creative process. This relationship makes it possible to generate, assess, and develop ideas, especially in states of mental calm.<\/p>\n<p><img loading=\"lazy\" decoding=\"async\" class=\"alignright size-full wp-image-183765\" src=\"https:\/\/raed.academy\/wp-content\/uploads\/2026\/04\/IA-inteligencia-artificial-en-la-creacion-artistica-arte-CGPT-no-attr-1.67.webp\" sizes=\"(max-width: 600px) 100vw, 600px\" srcset=\"https:\/\/raed.academy\/wp-content\/uploads\/2026\/04\/IA-inteligencia-artificial-en-la-creacion-artistica-arte-CGPT-no-attr-1.67.webp 600w, https:\/\/raed.academy\/wp-content\/uploads\/2026\/04\/IA-inteligencia-artificial-en-la-creacion-artistica-arte-CGPT-no-attr-1.67-440x264.webp 440w\" alt=\"\" width=\"600\" height=\"360\" \/>In light of this process, the expert pointed out that artificial intelligence has a far simpler approach to the creative process, merely replicating previous models, although it can be very useful both for the ideas it generates and for its capacity and speed of development. She nevertheless warned of its shortcomings, at least in current generative AI tools. <strong>\u201cArtificial intelligence produces results that appear original by analysing countless examples on the basis of patterns provided by humans; however, AI has no emotions, no sensations and no message it wishes to convey, since what it creates it does through an instruction, not because, as happens with the artist, it feels the need to express itself, which is what is known as a lack of Intention,\u201d<\/strong> she stated.<\/p>\n<p>In warning of the risk of a lack of originality and homogenisation in AI, the speaker presented a curious experiment: commissioning the same illustration from a generative artificial intelligence tool and from the renowned illustrator and full member of the READ, <a href=\"https:\/\/raed.academy\/en\/academicians\/dr-paula-plaza-moreno\/\"><em><strong><u>Paula Plaza<\/u><\/strong><\/em><\/a>, who was also present at the International Event. The result, both in its execution and in its intentionality, was clearly in favour of the human creation. <strong>\u201cArtificial intelligence is not really intelligence, regardless of how much it continues to be refined, nor is it artificial, since it is a human production that works, in this case, with the artist\u2019s creative thought, even though humanity continues to insist on building a thinking and superintelligent robot,\u201d<\/strong> D\u00edaz P\u00e9rez concluded.<\/p>\n","protected":false},"excerpt":{"rendered":"<p>Ana Mar\u00eda D\u00edaz P\u00e9rez addresses the impact of artificial intelligence on artistic creation from an interdisciplinary perspective in her presentation, &#8220;La IA en el pensamiento creativo. Beneficios e inconvenientes&#8221; (AI in Creative Thinking: Benefits and Drawbacks)<\/p>\n","protected":false},"author":16,"featured_media":183767,"comment_status":"closed","ping_status":"closed","sticky":false,"template":"","format":"standard","meta":{"_et_pb_use_builder":"","_et_pb_old_content":"","_et_gb_content_width":"","footnotes":""},"categories":[231,355,470,434,493],"tags":[],"class_list":["post-184055","post","type-post","status-publish","format-standard","has-post-thumbnail","hentry","category-art-en","category-information-and-communication-technologies","category-international-acts","category-paint","category-scientific-meetings-and-congresses","et-has-post-format-content","et_post_format-et-post-format-standard"],"yoast_head":"<!-- This site is optimized with the Yoast SEO plugin v27.4 - https:\/\/yoast.com\/product\/yoast-seo-wordpress\/ -->\n<title>Can artificial intelligence be artistic? - Royal European Academy of Doctors<\/title>\n<meta name=\"description\" content=\"Ana Mar\u00eda D\u00edaz P\u00e9rez addresses the impact of AI on artistic creation in her presentation, &quot;AI in Creative Thinking: Benefits and Drawbacks&quot;\" \/>\n<meta name=\"robots\" content=\"index, follow, max-snippet:-1, max-image-preview:large, max-video-preview:-1\" \/>\n<link rel=\"canonical\" href=\"https:\/\/raed.academy\/en\/can-artificial-intelligence-be-artistic\/\" \/>\n<meta property=\"og:locale\" content=\"en_US\" \/>\n<meta property=\"og:type\" content=\"article\" \/>\n<meta property=\"og:title\" content=\"Can artificial intelligence be artistic? - Royal European Academy of Doctors\" \/>\n<meta property=\"og:description\" content=\"Ana Mar\u00eda D\u00edaz P\u00e9rez addresses the impact of AI on artistic creation in her presentation, &quot;AI in Creative Thinking: Benefits and Drawbacks&quot;\" \/>\n<meta property=\"og:url\" content=\"https:\/\/raed.academy\/en\/can-artificial-intelligence-be-artistic\/\" \/>\n<meta property=\"og:site_name\" content=\"Royal European Academy of Doctors\" \/>\n<meta property=\"article:publisher\" content=\"http:\/\/fb.me\/raed.academy\" \/>\n<meta property=\"article:published_time\" content=\"2026-04-24T11:11:28+00:00\" \/>\n<meta property=\"og:image\" content=\"https:\/\/raed.academy\/wp-content\/uploads\/2026\/04\/IA-inteligencia-artificial-en-la-creacion-artistica-arte-CGPT-no-attr-1.67.webp\" \/>\n\t<meta property=\"og:image:width\" content=\"600\" \/>\n\t<meta property=\"og:image:height\" content=\"360\" \/>\n\t<meta property=\"og:image:type\" content=\"image\/webp\" \/>\n<meta name=\"author\" content=\"Javier Rodr\u00edguez Sicilia\" \/>\n<meta name=\"twitter:card\" content=\"summary_large_image\" \/>\n<meta name=\"twitter:creator\" content=\"@raedacademy\" \/>\n<meta name=\"twitter:site\" content=\"@raedacademy\" \/>\n<meta name=\"twitter:label1\" content=\"Written by\" \/>\n\t<meta name=\"twitter:data1\" content=\"Javier Rodr\u00edguez Sicilia\" \/>\n\t<meta name=\"twitter:label2\" content=\"Est. reading time\" \/>\n\t<meta name=\"twitter:data2\" content=\"3 minutes\" \/>\n<script type=\"application\/ld+json\" class=\"yoast-schema-graph\">{\"@context\":\"https:\\\/\\\/schema.org\",\"@graph\":[{\"@type\":\"Article\",\"@id\":\"https:\\\/\\\/raed.academy\\\/en\\\/can-artificial-intelligence-be-artistic\\\/#article\",\"isPartOf\":{\"@id\":\"https:\\\/\\\/raed.academy\\\/en\\\/can-artificial-intelligence-be-artistic\\\/\"},\"author\":{\"name\":\"Javier Rodr\u00edguez Sicilia\",\"@id\":\"https:\\\/\\\/raed.academy\\\/en\\\/#\\\/schema\\\/person\\\/31af80688d8a2644644f48b63aa77ee1\"},\"headline\":\"Can artificial intelligence be artistic?\",\"datePublished\":\"2026-04-24T11:11:28+00:00\",\"mainEntityOfPage\":{\"@id\":\"https:\\\/\\\/raed.academy\\\/en\\\/can-artificial-intelligence-be-artistic\\\/\"},\"wordCount\":486,\"publisher\":{\"@id\":\"https:\\\/\\\/raed.academy\\\/en\\\/#organization\"},\"image\":{\"@id\":\"https:\\\/\\\/raed.academy\\\/en\\\/can-artificial-intelligence-be-artistic\\\/#primaryimage\"},\"thumbnailUrl\":\"https:\\\/\\\/raed.academy\\\/wp-content\\\/uploads\\\/2026\\\/04\\\/IA-inteligencia-artificial-en-la-creacion-artistica-arte-CGPT-no-attr-1.67.webp\",\"articleSection\":[\"Art\",\"Information and communication technologies\",\"International Acts\",\"Paint\",\"Scientific Meetings and Congresses\"],\"inLanguage\":\"en-US\"},{\"@type\":\"WebPage\",\"@id\":\"https:\\\/\\\/raed.academy\\\/en\\\/can-artificial-intelligence-be-artistic\\\/\",\"url\":\"https:\\\/\\\/raed.academy\\\/en\\\/can-artificial-intelligence-be-artistic\\\/\",\"name\":\"Can artificial intelligence be artistic? - Royal European Academy of Doctors\",\"isPartOf\":{\"@id\":\"https:\\\/\\\/raed.academy\\\/en\\\/#website\"},\"primaryImageOfPage\":{\"@id\":\"https:\\\/\\\/raed.academy\\\/en\\\/can-artificial-intelligence-be-artistic\\\/#primaryimage\"},\"image\":{\"@id\":\"https:\\\/\\\/raed.academy\\\/en\\\/can-artificial-intelligence-be-artistic\\\/#primaryimage\"},\"thumbnailUrl\":\"https:\\\/\\\/raed.academy\\\/wp-content\\\/uploads\\\/2026\\\/04\\\/IA-inteligencia-artificial-en-la-creacion-artistica-arte-CGPT-no-attr-1.67.webp\",\"datePublished\":\"2026-04-24T11:11:28+00:00\",\"description\":\"Ana Mar\u00eda D\u00edaz P\u00e9rez addresses the impact of AI on artistic creation in her presentation, \\\"AI in Creative Thinking: Benefits and Drawbacks\\\"\",\"breadcrumb\":{\"@id\":\"https:\\\/\\\/raed.academy\\\/en\\\/can-artificial-intelligence-be-artistic\\\/#breadcrumb\"},\"inLanguage\":\"en-US\",\"potentialAction\":[{\"@type\":\"ReadAction\",\"target\":[\"https:\\\/\\\/raed.academy\\\/en\\\/can-artificial-intelligence-be-artistic\\\/\"]}]},{\"@type\":\"ImageObject\",\"inLanguage\":\"en-US\",\"@id\":\"https:\\\/\\\/raed.academy\\\/en\\\/can-artificial-intelligence-be-artistic\\\/#primaryimage\",\"url\":\"https:\\\/\\\/raed.academy\\\/wp-content\\\/uploads\\\/2026\\\/04\\\/IA-inteligencia-artificial-en-la-creacion-artistica-arte-CGPT-no-attr-1.67.webp\",\"contentUrl\":\"https:\\\/\\\/raed.academy\\\/wp-content\\\/uploads\\\/2026\\\/04\\\/IA-inteligencia-artificial-en-la-creacion-artistica-arte-CGPT-no-attr-1.67.webp\",\"width\":600,\"height\":360},{\"@type\":\"BreadcrumbList\",\"@id\":\"https:\\\/\\\/raed.academy\\\/en\\\/can-artificial-intelligence-be-artistic\\\/#breadcrumb\",\"itemListElement\":[{\"@type\":\"ListItem\",\"position\":1,\"name\":\"Inicio\",\"item\":\"https:\\\/\\\/raed.academy\\\/en\\\/\"},{\"@type\":\"ListItem\",\"position\":2,\"name\":\"Can artificial intelligence be artistic?\"}]},{\"@type\":\"WebSite\",\"@id\":\"https:\\\/\\\/raed.academy\\\/en\\\/#website\",\"url\":\"https:\\\/\\\/raed.academy\\\/en\\\/\",\"name\":\"Royal European Academy of Doctors\",\"description\":\"Corporaci\u00f3n de derecho p\u00fablico de car\u00e1cter cient\u00edfico, t\u00e9cnico y art\u00edstico, que tiene por objeto la investigaci\u00f3n, el estudio, el fomento y la extensi\u00f3n del conocimiento en su sentido m\u00e1s amplio.\",\"publisher\":{\"@id\":\"https:\\\/\\\/raed.academy\\\/en\\\/#organization\"},\"potentialAction\":[{\"@type\":\"SearchAction\",\"target\":{\"@type\":\"EntryPoint\",\"urlTemplate\":\"https:\\\/\\\/raed.academy\\\/en\\\/?s={search_term_string}\"},\"query-input\":{\"@type\":\"PropertyValueSpecification\",\"valueRequired\":true,\"valueName\":\"search_term_string\"}}],\"inLanguage\":\"en-US\"},{\"@type\":\"Organization\",\"@id\":\"https:\\\/\\\/raed.academy\\\/en\\\/#organization\",\"name\":\"Real Academia Europea de Doctores\",\"url\":\"https:\\\/\\\/raed.academy\\\/en\\\/\",\"logo\":{\"@type\":\"ImageObject\",\"inLanguage\":\"en-US\",\"@id\":\"https:\\\/\\\/raed.academy\\\/en\\\/#\\\/schema\\\/logo\\\/image\\\/\",\"url\":\"https:\\\/\\\/raed.academy\\\/wp-content\\\/uploads\\\/2017\\\/01\\\/cropped-logo_raed.png\",\"contentUrl\":\"https:\\\/\\\/raed.academy\\\/wp-content\\\/uploads\\\/2017\\\/01\\\/cropped-logo_raed.png\",\"width\":512,\"height\":512,\"caption\":\"Real Academia Europea de Doctores\"},\"image\":{\"@id\":\"https:\\\/\\\/raed.academy\\\/en\\\/#\\\/schema\\\/logo\\\/image\\\/\"},\"sameAs\":[\"http:\\\/\\\/fb.me\\\/raed.academy\",\"https:\\\/\\\/x.com\\\/raedacademy\",\"https:\\\/\\\/www.instagram.com\\\/raed.academy\\\/\",\"https:\\\/\\\/www.youtube.com\\\/channel\\\/UCUYQwW2KrdirNWihxMDObwg\"]},{\"@type\":\"Person\",\"@id\":\"https:\\\/\\\/raed.academy\\\/en\\\/#\\\/schema\\\/person\\\/31af80688d8a2644644f48b63aa77ee1\",\"name\":\"Javier Rodr\u00edguez Sicilia\",\"image\":{\"@type\":\"ImageObject\",\"inLanguage\":\"en-US\",\"@id\":\"https:\\\/\\\/secure.gravatar.com\\\/avatar\\\/702200af99a88a3d626bc9ca2ee9361fa6e582e4455b1e641d8576c963ca66d5?s=96&d=mm&r=g\",\"url\":\"https:\\\/\\\/secure.gravatar.com\\\/avatar\\\/702200af99a88a3d626bc9ca2ee9361fa6e582e4455b1e641d8576c963ca66d5?s=96&d=mm&r=g\",\"contentUrl\":\"https:\\\/\\\/secure.gravatar.com\\\/avatar\\\/702200af99a88a3d626bc9ca2ee9361fa6e582e4455b1e641d8576c963ca66d5?s=96&d=mm&r=g\",\"caption\":\"Javier Rodr\u00edguez Sicilia\"}}]}<\/script>\n<!-- \/ Yoast SEO plugin. -->","yoast_head_json":{"title":"Can artificial intelligence be artistic? - Royal European Academy of Doctors","description":"Ana Mar\u00eda D\u00edaz P\u00e9rez addresses the impact of AI on artistic creation in her presentation, \"AI in Creative Thinking: Benefits and Drawbacks\"","robots":{"index":"index","follow":"follow","max-snippet":"max-snippet:-1","max-image-preview":"max-image-preview:large","max-video-preview":"max-video-preview:-1"},"canonical":"https:\/\/raed.academy\/en\/can-artificial-intelligence-be-artistic\/","og_locale":"en_US","og_type":"article","og_title":"Can artificial intelligence be artistic? - Royal European Academy of Doctors","og_description":"Ana Mar\u00eda D\u00edaz P\u00e9rez addresses the impact of AI on artistic creation in her presentation, \"AI in Creative Thinking: Benefits and Drawbacks\"","og_url":"https:\/\/raed.academy\/en\/can-artificial-intelligence-be-artistic\/","og_site_name":"Royal European Academy of Doctors","article_publisher":"http:\/\/fb.me\/raed.academy","article_published_time":"2026-04-24T11:11:28+00:00","og_image":[{"width":600,"height":360,"url":"https:\/\/raed.academy\/wp-content\/uploads\/2026\/04\/IA-inteligencia-artificial-en-la-creacion-artistica-arte-CGPT-no-attr-1.67.webp","type":"image\/webp"}],"author":"Javier Rodr\u00edguez Sicilia","twitter_card":"summary_large_image","twitter_creator":"@raedacademy","twitter_site":"@raedacademy","twitter_misc":{"Written by":"Javier Rodr\u00edguez Sicilia","Est. reading time":"3 minutes"},"schema":{"@context":"https:\/\/schema.org","@graph":[{"@type":"Article","@id":"https:\/\/raed.academy\/en\/can-artificial-intelligence-be-artistic\/#article","isPartOf":{"@id":"https:\/\/raed.academy\/en\/can-artificial-intelligence-be-artistic\/"},"author":{"name":"Javier Rodr\u00edguez Sicilia","@id":"https:\/\/raed.academy\/en\/#\/schema\/person\/31af80688d8a2644644f48b63aa77ee1"},"headline":"Can artificial intelligence be artistic?","datePublished":"2026-04-24T11:11:28+00:00","mainEntityOfPage":{"@id":"https:\/\/raed.academy\/en\/can-artificial-intelligence-be-artistic\/"},"wordCount":486,"publisher":{"@id":"https:\/\/raed.academy\/en\/#organization"},"image":{"@id":"https:\/\/raed.academy\/en\/can-artificial-intelligence-be-artistic\/#primaryimage"},"thumbnailUrl":"https:\/\/raed.academy\/wp-content\/uploads\/2026\/04\/IA-inteligencia-artificial-en-la-creacion-artistica-arte-CGPT-no-attr-1.67.webp","articleSection":["Art","Information and communication technologies","International Acts","Paint","Scientific Meetings and Congresses"],"inLanguage":"en-US"},{"@type":"WebPage","@id":"https:\/\/raed.academy\/en\/can-artificial-intelligence-be-artistic\/","url":"https:\/\/raed.academy\/en\/can-artificial-intelligence-be-artistic\/","name":"Can artificial intelligence be artistic? - Royal European Academy of Doctors","isPartOf":{"@id":"https:\/\/raed.academy\/en\/#website"},"primaryImageOfPage":{"@id":"https:\/\/raed.academy\/en\/can-artificial-intelligence-be-artistic\/#primaryimage"},"image":{"@id":"https:\/\/raed.academy\/en\/can-artificial-intelligence-be-artistic\/#primaryimage"},"thumbnailUrl":"https:\/\/raed.academy\/wp-content\/uploads\/2026\/04\/IA-inteligencia-artificial-en-la-creacion-artistica-arte-CGPT-no-attr-1.67.webp","datePublished":"2026-04-24T11:11:28+00:00","description":"Ana Mar\u00eda D\u00edaz P\u00e9rez addresses the impact of AI on artistic creation in her presentation, \"AI in Creative Thinking: Benefits and Drawbacks\"","breadcrumb":{"@id":"https:\/\/raed.academy\/en\/can-artificial-intelligence-be-artistic\/#breadcrumb"},"inLanguage":"en-US","potentialAction":[{"@type":"ReadAction","target":["https:\/\/raed.academy\/en\/can-artificial-intelligence-be-artistic\/"]}]},{"@type":"ImageObject","inLanguage":"en-US","@id":"https:\/\/raed.academy\/en\/can-artificial-intelligence-be-artistic\/#primaryimage","url":"https:\/\/raed.academy\/wp-content\/uploads\/2026\/04\/IA-inteligencia-artificial-en-la-creacion-artistica-arte-CGPT-no-attr-1.67.webp","contentUrl":"https:\/\/raed.academy\/wp-content\/uploads\/2026\/04\/IA-inteligencia-artificial-en-la-creacion-artistica-arte-CGPT-no-attr-1.67.webp","width":600,"height":360},{"@type":"BreadcrumbList","@id":"https:\/\/raed.academy\/en\/can-artificial-intelligence-be-artistic\/#breadcrumb","itemListElement":[{"@type":"ListItem","position":1,"name":"Inicio","item":"https:\/\/raed.academy\/en\/"},{"@type":"ListItem","position":2,"name":"Can artificial intelligence be artistic?"}]},{"@type":"WebSite","@id":"https:\/\/raed.academy\/en\/#website","url":"https:\/\/raed.academy\/en\/","name":"Royal European Academy of Doctors","description":"Corporaci\u00f3n de derecho p\u00fablico de car\u00e1cter cient\u00edfico, t\u00e9cnico y art\u00edstico, que tiene por objeto la investigaci\u00f3n, el estudio, el fomento y la extensi\u00f3n del conocimiento en su sentido m\u00e1s amplio.","publisher":{"@id":"https:\/\/raed.academy\/en\/#organization"},"potentialAction":[{"@type":"SearchAction","target":{"@type":"EntryPoint","urlTemplate":"https:\/\/raed.academy\/en\/?s={search_term_string}"},"query-input":{"@type":"PropertyValueSpecification","valueRequired":true,"valueName":"search_term_string"}}],"inLanguage":"en-US"},{"@type":"Organization","@id":"https:\/\/raed.academy\/en\/#organization","name":"Real Academia Europea de Doctores","url":"https:\/\/raed.academy\/en\/","logo":{"@type":"ImageObject","inLanguage":"en-US","@id":"https:\/\/raed.academy\/en\/#\/schema\/logo\/image\/","url":"https:\/\/raed.academy\/wp-content\/uploads\/2017\/01\/cropped-logo_raed.png","contentUrl":"https:\/\/raed.academy\/wp-content\/uploads\/2017\/01\/cropped-logo_raed.png","width":512,"height":512,"caption":"Real Academia Europea de Doctores"},"image":{"@id":"https:\/\/raed.academy\/en\/#\/schema\/logo\/image\/"},"sameAs":["http:\/\/fb.me\/raed.academy","https:\/\/x.com\/raedacademy","https:\/\/www.instagram.com\/raed.academy\/","https:\/\/www.youtube.com\/channel\/UCUYQwW2KrdirNWihxMDObwg"]},{"@type":"Person","@id":"https:\/\/raed.academy\/en\/#\/schema\/person\/31af80688d8a2644644f48b63aa77ee1","name":"Javier Rodr\u00edguez Sicilia","image":{"@type":"ImageObject","inLanguage":"en-US","@id":"https:\/\/secure.gravatar.com\/avatar\/702200af99a88a3d626bc9ca2ee9361fa6e582e4455b1e641d8576c963ca66d5?s=96&d=mm&r=g","url":"https:\/\/secure.gravatar.com\/avatar\/702200af99a88a3d626bc9ca2ee9361fa6e582e4455b1e641d8576c963ca66d5?s=96&d=mm&r=g","contentUrl":"https:\/\/secure.gravatar.com\/avatar\/702200af99a88a3d626bc9ca2ee9361fa6e582e4455b1e641d8576c963ca66d5?s=96&d=mm&r=g","caption":"Javier Rodr\u00edguez Sicilia"}}]}},"_links":{"self":[{"href":"https:\/\/raed.academy\/en\/wp-json\/wp\/v2\/posts\/184055","targetHints":{"allow":["GET"]}}],"collection":[{"href":"https:\/\/raed.academy\/en\/wp-json\/wp\/v2\/posts"}],"about":[{"href":"https:\/\/raed.academy\/en\/wp-json\/wp\/v2\/types\/post"}],"author":[{"embeddable":true,"href":"https:\/\/raed.academy\/en\/wp-json\/wp\/v2\/users\/16"}],"replies":[{"embeddable":true,"href":"https:\/\/raed.academy\/en\/wp-json\/wp\/v2\/comments?post=184055"}],"version-history":[{"count":1,"href":"https:\/\/raed.academy\/en\/wp-json\/wp\/v2\/posts\/184055\/revisions"}],"predecessor-version":[{"id":184057,"href":"https:\/\/raed.academy\/en\/wp-json\/wp\/v2\/posts\/184055\/revisions\/184057"}],"wp:featuredmedia":[{"embeddable":true,"href":"https:\/\/raed.academy\/en\/wp-json\/wp\/v2\/media\/183767"}],"wp:attachment":[{"href":"https:\/\/raed.academy\/en\/wp-json\/wp\/v2\/media?parent=184055"}],"wp:term":[{"taxonomy":"category","embeddable":true,"href":"https:\/\/raed.academy\/en\/wp-json\/wp\/v2\/categories?post=184055"},{"taxonomy":"post_tag","embeddable":true,"href":"https:\/\/raed.academy\/en\/wp-json\/wp\/v2\/tags?post=184055"}],"curies":[{"name":"wp","href":"https:\/\/api.w.org\/{rel}","templated":true}]}}