{"id":180981,"date":"2026-02-20T09:33:37","date_gmt":"2026-02-20T09:33:37","guid":{"rendered":"https:\/\/raed.academy\/?p=180981"},"modified":"2026-02-20T09:33:37","modified_gmt":"2026-02-20T09:33:37","slug":"competitiveness-and-fair-wages-go-hand-in-hand","status":"publish","type":"post","link":"https:\/\/raed.academy\/en\/competitiveness-and-fair-wages-go-hand-in-hand\/","title":{"rendered":"Competitiveness and fair wages go hand in hand"},"content":{"rendered":"<div id=\"attachment_180827\" style=\"width: 610px\" class=\"wp-caption aligncenter\"><img loading=\"lazy\" decoding=\"async\" aria-describedby=\"caption-attachment-180827\" class=\"wp-image-180827 size-full\" src=\"https:\/\/raed.academy\/wp-content\/uploads\/2026\/02\/Agustin-Moreno-Ruz-1.67.webp\" sizes=\"(max-width: 600px) 100vw, 600px\" srcset=\"https:\/\/raed.academy\/wp-content\/uploads\/2026\/02\/Agustin-Moreno-Ruz-1.67.webp 600w, https:\/\/raed.academy\/wp-content\/uploads\/2026\/02\/Agustin-Moreno-Ruz-1.67-440x264.webp 440w\" alt=\"Agustin Moreno Ruz\" width=\"600\" height=\"360\" aria-describedby=\"caption-attachment-180827\" \/><p id=\"caption-attachment-180827\" class=\"wp-caption-text\">Dr. Agust\u00edn Moreno<\/p><\/div>\n<p><strong>Agust\u00edn Moreno Ruz<\/strong>, Professor at the Faculty of Economics and Business of the <strong>University of Barcelona<\/strong> and a regular collaborator of the <strong>Royal European Academy of Doctors (READ)<\/strong>, has published in issue 92 of the specialized journal <strong>\u201cT\u00e9cnica Contable y Financiera\u201d<\/strong> (January 2026) the article <strong>\u201cSustainability, Workforce, and the Company\u2019s Internal Goodwill\u201d<\/strong>, in which he argues that productivity and performance must serve as the objective basis for establishing fair wages, as their combination should enable the company to increase the value of its internal goodwill. In this same line of research, the expert recently published in previous issues of the journal the articles <strong>\u201cSustainability in Internal Goodwill: Costs in the Circular Economy,\u201d<\/strong> focused on European sustainability reporting standards, and <strong>\u201cSustainability, Entropy, and Internal Goodwill,\u201d<\/strong> emphasizing that sustainability should not represent a burden for companies but rather an opportunity to improve efficiency, profitability, and internal value.<\/p>\n<p>In his latest work, the author analyzes the relationship between corporate sustainability, the workforce, and the company\u2019s internal intangible value within the framework of European regulations on fair wages and social transparency. In this regard, he notes that the European Union is promoting a regulatory framework requiring Member States and companies to guarantee adequate minimum wages aimed at ensuring a decent standard of living, reducing in-work poverty, and fostering social cohesion. Such wages must be determined according to objective criteria, particularly productivity, economic development, and labor efficiency.<\/p>\n<p>Moreno Ruz emphasizes that the workforce constitutes an essential element of a company\u2019s internal value, as employees represent not merely an accounting cost but an investment whose return materializes in the form of productivity, innovation, and competitiveness. For this reason, remuneration should evolve upward and variably according to the employee\u2019s objective contribution, beyond the statutory minimum wage.<\/p>\n<p><img loading=\"lazy\" decoding=\"async\" class=\"size-full wp-image-180787 alignright\" src=\"https:\/\/raed.academy\/wp-content\/uploads\/2026\/02\/ChatGPT-fuerza-labora-fondo-de-comercio-interno-de-la-empresa-crecimiento-intangible-valor-empresarial-1.67.webp\" sizes=\"(max-width: 600px) 100vw, 600px\" srcset=\"https:\/\/raed.academy\/wp-content\/uploads\/2026\/02\/ChatGPT-fuerza-labora-fondo-de-comercio-interno-de-la-empresa-crecimiento-intangible-valor-empresarial-1.67.webp 600w, https:\/\/raed.academy\/wp-content\/uploads\/2026\/02\/ChatGPT-fuerza-labora-fondo-de-comercio-interno-de-la-empresa-crecimiento-intangible-valor-empresarial-1.67-440x264.webp 440w\" alt=\"\" width=\"600\" height=\"360\" \/>The academic further points out that European corporate sustainability legislation requires companies to report on key aspects of personnel management, such as training, skills development, periodic performance evaluation, and the existence of adequate wages. These assessments must be based on criteria known to the employee and carried out at least once a year, enabling the measurement of workforce quality and effectiveness. According to Moreno Ruz, business growth depends on qualified, motivated workers who are well integrated into teams, as well as on efficient organizational systems capable of leveraging their capabilities. Continuous training, proper recruitment, and recognition of employee value strengthen the company\u2019s internal goodwill, understood as the set of intangible assets that enhance its value and competitiveness.<\/p>\n<p>He concludes that a corporate policy centered on fair wages, professional development, and efficient talent management not only improves working conditions but also generates wealth, strengthens employment, and increases the sustainable value of the company.<\/p>\n<p>Moreno Ruz is an academic authority in the study of the accounting value of internal goodwill, addressing both market and investor requirements and the proper functioning of companies. He holds a PhD in Economic Sciences, Advanced Accounting, and Auditing from the <strong>King Juan Carlos I University<\/strong>, and advocates adapting accounting frameworks to market demands while broadening the scope of research to examine corporate management from every perspective in order to identify needs and provide appropriate accounting responses.<\/p>\n","protected":false},"excerpt":{"rendered":"<p>Agust\u00edn Moreno Ruz points out how productivity and performance should serve as an objective basis for setting decent wages, in the article &#8220;Sostenibilidad, fuerza laboral y fondo de comercio interno de la empresa&#8221; (Sustainability, workforce and internal goodwill of the company)<\/p>\n","protected":false},"author":16,"featured_media":180789,"comment_status":"closed","ping_status":"closed","sticky":false,"template":"","format":"standard","meta":{"_et_pb_use_builder":"","_et_pb_old_content":"","_et_gb_content_width":"","footnotes":""},"categories":[238,228],"tags":[],"class_list":["post-180981","post","type-post","status-publish","format-standard","has-post-thumbnail","hentry","category-economic-and-business","category-law","et-has-post-format-content","et_post_format-et-post-format-standard"],"yoast_head":"<!-- This site is optimized with the Yoast SEO plugin v27.4 - https:\/\/yoast.com\/product\/yoast-seo-wordpress\/ -->\n<title>Competitiveness and fair wages go hand in hand - Royal European Academy of Doctors<\/title>\n<meta name=\"description\" content=\"Agust\u00edn Moreno Ruz points out how productivity and performance should serve as an objective basis for setting decent wages\" \/>\n<meta name=\"robots\" content=\"index, follow, max-snippet:-1, max-image-preview:large, max-video-preview:-1\" \/>\n<link rel=\"canonical\" href=\"https:\/\/raed.academy\/en\/competitiveness-and-fair-wages-go-hand-in-hand\/\" \/>\n<meta property=\"og:locale\" content=\"en_US\" \/>\n<meta property=\"og:type\" content=\"article\" \/>\n<meta property=\"og:title\" content=\"Competitiveness and fair wages go hand in hand - Royal European Academy of Doctors\" \/>\n<meta property=\"og:description\" content=\"Agust\u00edn Moreno Ruz points out how productivity and performance should serve as an objective basis for setting decent wages\" \/>\n<meta property=\"og:url\" content=\"https:\/\/raed.academy\/en\/competitiveness-and-fair-wages-go-hand-in-hand\/\" \/>\n<meta property=\"og:site_name\" content=\"Royal European Academy of Doctors\" \/>\n<meta property=\"article:publisher\" content=\"http:\/\/fb.me\/raed.academy\" \/>\n<meta property=\"article:published_time\" content=\"2026-02-20T09:33:37+00:00\" \/>\n<meta property=\"og:image\" content=\"https:\/\/raed.academy\/wp-content\/uploads\/2026\/02\/ChatGPT-fuerza-labora-fondo-de-comercio-interno-de-la-empresa-crecimiento-intangible-valor-empresarial-1.67.webp\" \/>\n\t<meta property=\"og:image:width\" content=\"600\" \/>\n\t<meta property=\"og:image:height\" content=\"360\" \/>\n\t<meta property=\"og:image:type\" content=\"image\/webp\" \/>\n<meta name=\"author\" content=\"Javier Rodr\u00edguez Sicilia\" \/>\n<meta name=\"twitter:card\" content=\"summary_large_image\" \/>\n<meta name=\"twitter:creator\" content=\"@raedacademy\" \/>\n<meta name=\"twitter:site\" content=\"@raedacademy\" \/>\n<meta name=\"twitter:label1\" content=\"Written by\" \/>\n\t<meta name=\"twitter:data1\" content=\"Javier Rodr\u00edguez Sicilia\" \/>\n\t<meta name=\"twitter:label2\" content=\"Est. reading time\" \/>\n\t<meta name=\"twitter:data2\" content=\"3 minutes\" \/>\n<script type=\"application\/ld+json\" class=\"yoast-schema-graph\">{\"@context\":\"https:\\\/\\\/schema.org\",\"@graph\":[{\"@type\":\"Article\",\"@id\":\"https:\\\/\\\/raed.academy\\\/en\\\/competitiveness-and-fair-wages-go-hand-in-hand\\\/#article\",\"isPartOf\":{\"@id\":\"https:\\\/\\\/raed.academy\\\/en\\\/competitiveness-and-fair-wages-go-hand-in-hand\\\/\"},\"author\":{\"name\":\"Javier Rodr\u00edguez Sicilia\",\"@id\":\"https:\\\/\\\/raed.academy\\\/en\\\/#\\\/schema\\\/person\\\/31af80688d8a2644644f48b63aa77ee1\"},\"headline\":\"Competitiveness and fair wages go hand in hand\",\"datePublished\":\"2026-02-20T09:33:37+00:00\",\"mainEntityOfPage\":{\"@id\":\"https:\\\/\\\/raed.academy\\\/en\\\/competitiveness-and-fair-wages-go-hand-in-hand\\\/\"},\"wordCount\":542,\"publisher\":{\"@id\":\"https:\\\/\\\/raed.academy\\\/en\\\/#organization\"},\"image\":{\"@id\":\"https:\\\/\\\/raed.academy\\\/en\\\/competitiveness-and-fair-wages-go-hand-in-hand\\\/#primaryimage\"},\"thumbnailUrl\":\"https:\\\/\\\/raed.academy\\\/wp-content\\\/uploads\\\/2026\\\/02\\\/ChatGPT-fuerza-labora-fondo-de-comercio-interno-de-la-empresa-crecimiento-intangible-valor-empresarial-1.67.webp\",\"articleSection\":[\"Economic and Business\",\"Law\"],\"inLanguage\":\"en-US\"},{\"@type\":\"WebPage\",\"@id\":\"https:\\\/\\\/raed.academy\\\/en\\\/competitiveness-and-fair-wages-go-hand-in-hand\\\/\",\"url\":\"https:\\\/\\\/raed.academy\\\/en\\\/competitiveness-and-fair-wages-go-hand-in-hand\\\/\",\"name\":\"Competitiveness and fair wages go hand in hand - Royal European Academy of Doctors\",\"isPartOf\":{\"@id\":\"https:\\\/\\\/raed.academy\\\/en\\\/#website\"},\"primaryImageOfPage\":{\"@id\":\"https:\\\/\\\/raed.academy\\\/en\\\/competitiveness-and-fair-wages-go-hand-in-hand\\\/#primaryimage\"},\"image\":{\"@id\":\"https:\\\/\\\/raed.academy\\\/en\\\/competitiveness-and-fair-wages-go-hand-in-hand\\\/#primaryimage\"},\"thumbnailUrl\":\"https:\\\/\\\/raed.academy\\\/wp-content\\\/uploads\\\/2026\\\/02\\\/ChatGPT-fuerza-labora-fondo-de-comercio-interno-de-la-empresa-crecimiento-intangible-valor-empresarial-1.67.webp\",\"datePublished\":\"2026-02-20T09:33:37+00:00\",\"description\":\"Agust\u00edn Moreno Ruz points out how productivity and performance should serve as an objective basis for setting decent wages\",\"breadcrumb\":{\"@id\":\"https:\\\/\\\/raed.academy\\\/en\\\/competitiveness-and-fair-wages-go-hand-in-hand\\\/#breadcrumb\"},\"inLanguage\":\"en-US\",\"potentialAction\":[{\"@type\":\"ReadAction\",\"target\":[\"https:\\\/\\\/raed.academy\\\/en\\\/competitiveness-and-fair-wages-go-hand-in-hand\\\/\"]}]},{\"@type\":\"ImageObject\",\"inLanguage\":\"en-US\",\"@id\":\"https:\\\/\\\/raed.academy\\\/en\\\/competitiveness-and-fair-wages-go-hand-in-hand\\\/#primaryimage\",\"url\":\"https:\\\/\\\/raed.academy\\\/wp-content\\\/uploads\\\/2026\\\/02\\\/ChatGPT-fuerza-labora-fondo-de-comercio-interno-de-la-empresa-crecimiento-intangible-valor-empresarial-1.67.webp\",\"contentUrl\":\"https:\\\/\\\/raed.academy\\\/wp-content\\\/uploads\\\/2026\\\/02\\\/ChatGPT-fuerza-labora-fondo-de-comercio-interno-de-la-empresa-crecimiento-intangible-valor-empresarial-1.67.webp\",\"width\":600,\"height\":360},{\"@type\":\"BreadcrumbList\",\"@id\":\"https:\\\/\\\/raed.academy\\\/en\\\/competitiveness-and-fair-wages-go-hand-in-hand\\\/#breadcrumb\",\"itemListElement\":[{\"@type\":\"ListItem\",\"position\":1,\"name\":\"Inicio\",\"item\":\"https:\\\/\\\/raed.academy\\\/en\\\/\"},{\"@type\":\"ListItem\",\"position\":2,\"name\":\"Competitiveness and fair wages go hand in hand\"}]},{\"@type\":\"WebSite\",\"@id\":\"https:\\\/\\\/raed.academy\\\/en\\\/#website\",\"url\":\"https:\\\/\\\/raed.academy\\\/en\\\/\",\"name\":\"Royal European Academy of Doctors\",\"description\":\"Corporaci\u00f3n de derecho p\u00fablico de car\u00e1cter cient\u00edfico, t\u00e9cnico y art\u00edstico, que tiene por objeto la investigaci\u00f3n, el estudio, el fomento y la extensi\u00f3n del conocimiento en su sentido m\u00e1s amplio.\",\"publisher\":{\"@id\":\"https:\\\/\\\/raed.academy\\\/en\\\/#organization\"},\"potentialAction\":[{\"@type\":\"SearchAction\",\"target\":{\"@type\":\"EntryPoint\",\"urlTemplate\":\"https:\\\/\\\/raed.academy\\\/en\\\/?s={search_term_string}\"},\"query-input\":{\"@type\":\"PropertyValueSpecification\",\"valueRequired\":true,\"valueName\":\"search_term_string\"}}],\"inLanguage\":\"en-US\"},{\"@type\":\"Organization\",\"@id\":\"https:\\\/\\\/raed.academy\\\/en\\\/#organization\",\"name\":\"Real Academia Europea de Doctores\",\"url\":\"https:\\\/\\\/raed.academy\\\/en\\\/\",\"logo\":{\"@type\":\"ImageObject\",\"inLanguage\":\"en-US\",\"@id\":\"https:\\\/\\\/raed.academy\\\/en\\\/#\\\/schema\\\/logo\\\/image\\\/\",\"url\":\"https:\\\/\\\/raed.academy\\\/wp-content\\\/uploads\\\/2017\\\/01\\\/cropped-logo_raed.png\",\"contentUrl\":\"https:\\\/\\\/raed.academy\\\/wp-content\\\/uploads\\\/2017\\\/01\\\/cropped-logo_raed.png\",\"width\":512,\"height\":512,\"caption\":\"Real Academia Europea de Doctores\"},\"image\":{\"@id\":\"https:\\\/\\\/raed.academy\\\/en\\\/#\\\/schema\\\/logo\\\/image\\\/\"},\"sameAs\":[\"http:\\\/\\\/fb.me\\\/raed.academy\",\"https:\\\/\\\/x.com\\\/raedacademy\",\"https:\\\/\\\/www.instagram.com\\\/raed.academy\\\/\",\"https:\\\/\\\/www.youtube.com\\\/channel\\\/UCUYQwW2KrdirNWihxMDObwg\"]},{\"@type\":\"Person\",\"@id\":\"https:\\\/\\\/raed.academy\\\/en\\\/#\\\/schema\\\/person\\\/31af80688d8a2644644f48b63aa77ee1\",\"name\":\"Javier Rodr\u00edguez Sicilia\",\"image\":{\"@type\":\"ImageObject\",\"inLanguage\":\"en-US\",\"@id\":\"https:\\\/\\\/secure.gravatar.com\\\/avatar\\\/702200af99a88a3d626bc9ca2ee9361fa6e582e4455b1e641d8576c963ca66d5?s=96&d=mm&r=g\",\"url\":\"https:\\\/\\\/secure.gravatar.com\\\/avatar\\\/702200af99a88a3d626bc9ca2ee9361fa6e582e4455b1e641d8576c963ca66d5?s=96&d=mm&r=g\",\"contentUrl\":\"https:\\\/\\\/secure.gravatar.com\\\/avatar\\\/702200af99a88a3d626bc9ca2ee9361fa6e582e4455b1e641d8576c963ca66d5?s=96&d=mm&r=g\",\"caption\":\"Javier Rodr\u00edguez Sicilia\"}}]}<\/script>\n<!-- \/ Yoast SEO plugin. -->","yoast_head_json":{"title":"Competitiveness and fair wages go hand in hand - Royal European Academy of Doctors","description":"Agust\u00edn Moreno Ruz points out how productivity and performance should serve as an objective basis for setting decent wages","robots":{"index":"index","follow":"follow","max-snippet":"max-snippet:-1","max-image-preview":"max-image-preview:large","max-video-preview":"max-video-preview:-1"},"canonical":"https:\/\/raed.academy\/en\/competitiveness-and-fair-wages-go-hand-in-hand\/","og_locale":"en_US","og_type":"article","og_title":"Competitiveness and fair wages go hand in hand - Royal European Academy of Doctors","og_description":"Agust\u00edn Moreno Ruz points out how productivity and performance should serve as an objective basis for setting decent wages","og_url":"https:\/\/raed.academy\/en\/competitiveness-and-fair-wages-go-hand-in-hand\/","og_site_name":"Royal European Academy of Doctors","article_publisher":"http:\/\/fb.me\/raed.academy","article_published_time":"2026-02-20T09:33:37+00:00","og_image":[{"width":600,"height":360,"url":"https:\/\/raed.academy\/wp-content\/uploads\/2026\/02\/ChatGPT-fuerza-labora-fondo-de-comercio-interno-de-la-empresa-crecimiento-intangible-valor-empresarial-1.67.webp","type":"image\/webp"}],"author":"Javier Rodr\u00edguez Sicilia","twitter_card":"summary_large_image","twitter_creator":"@raedacademy","twitter_site":"@raedacademy","twitter_misc":{"Written by":"Javier Rodr\u00edguez Sicilia","Est. reading time":"3 minutes"},"schema":{"@context":"https:\/\/schema.org","@graph":[{"@type":"Article","@id":"https:\/\/raed.academy\/en\/competitiveness-and-fair-wages-go-hand-in-hand\/#article","isPartOf":{"@id":"https:\/\/raed.academy\/en\/competitiveness-and-fair-wages-go-hand-in-hand\/"},"author":{"name":"Javier Rodr\u00edguez Sicilia","@id":"https:\/\/raed.academy\/en\/#\/schema\/person\/31af80688d8a2644644f48b63aa77ee1"},"headline":"Competitiveness and fair wages go hand in hand","datePublished":"2026-02-20T09:33:37+00:00","mainEntityOfPage":{"@id":"https:\/\/raed.academy\/en\/competitiveness-and-fair-wages-go-hand-in-hand\/"},"wordCount":542,"publisher":{"@id":"https:\/\/raed.academy\/en\/#organization"},"image":{"@id":"https:\/\/raed.academy\/en\/competitiveness-and-fair-wages-go-hand-in-hand\/#primaryimage"},"thumbnailUrl":"https:\/\/raed.academy\/wp-content\/uploads\/2026\/02\/ChatGPT-fuerza-labora-fondo-de-comercio-interno-de-la-empresa-crecimiento-intangible-valor-empresarial-1.67.webp","articleSection":["Economic and Business","Law"],"inLanguage":"en-US"},{"@type":"WebPage","@id":"https:\/\/raed.academy\/en\/competitiveness-and-fair-wages-go-hand-in-hand\/","url":"https:\/\/raed.academy\/en\/competitiveness-and-fair-wages-go-hand-in-hand\/","name":"Competitiveness and fair wages go hand in hand - Royal European Academy of Doctors","isPartOf":{"@id":"https:\/\/raed.academy\/en\/#website"},"primaryImageOfPage":{"@id":"https:\/\/raed.academy\/en\/competitiveness-and-fair-wages-go-hand-in-hand\/#primaryimage"},"image":{"@id":"https:\/\/raed.academy\/en\/competitiveness-and-fair-wages-go-hand-in-hand\/#primaryimage"},"thumbnailUrl":"https:\/\/raed.academy\/wp-content\/uploads\/2026\/02\/ChatGPT-fuerza-labora-fondo-de-comercio-interno-de-la-empresa-crecimiento-intangible-valor-empresarial-1.67.webp","datePublished":"2026-02-20T09:33:37+00:00","description":"Agust\u00edn Moreno Ruz points out how productivity and performance should serve as an objective basis for setting decent wages","breadcrumb":{"@id":"https:\/\/raed.academy\/en\/competitiveness-and-fair-wages-go-hand-in-hand\/#breadcrumb"},"inLanguage":"en-US","potentialAction":[{"@type":"ReadAction","target":["https:\/\/raed.academy\/en\/competitiveness-and-fair-wages-go-hand-in-hand\/"]}]},{"@type":"ImageObject","inLanguage":"en-US","@id":"https:\/\/raed.academy\/en\/competitiveness-and-fair-wages-go-hand-in-hand\/#primaryimage","url":"https:\/\/raed.academy\/wp-content\/uploads\/2026\/02\/ChatGPT-fuerza-labora-fondo-de-comercio-interno-de-la-empresa-crecimiento-intangible-valor-empresarial-1.67.webp","contentUrl":"https:\/\/raed.academy\/wp-content\/uploads\/2026\/02\/ChatGPT-fuerza-labora-fondo-de-comercio-interno-de-la-empresa-crecimiento-intangible-valor-empresarial-1.67.webp","width":600,"height":360},{"@type":"BreadcrumbList","@id":"https:\/\/raed.academy\/en\/competitiveness-and-fair-wages-go-hand-in-hand\/#breadcrumb","itemListElement":[{"@type":"ListItem","position":1,"name":"Inicio","item":"https:\/\/raed.academy\/en\/"},{"@type":"ListItem","position":2,"name":"Competitiveness and fair wages go hand in hand"}]},{"@type":"WebSite","@id":"https:\/\/raed.academy\/en\/#website","url":"https:\/\/raed.academy\/en\/","name":"Royal European Academy of Doctors","description":"Corporaci\u00f3n de derecho p\u00fablico de car\u00e1cter cient\u00edfico, t\u00e9cnico y art\u00edstico, que tiene por objeto la investigaci\u00f3n, el estudio, el fomento y la extensi\u00f3n del conocimiento en su sentido m\u00e1s amplio.","publisher":{"@id":"https:\/\/raed.academy\/en\/#organization"},"potentialAction":[{"@type":"SearchAction","target":{"@type":"EntryPoint","urlTemplate":"https:\/\/raed.academy\/en\/?s={search_term_string}"},"query-input":{"@type":"PropertyValueSpecification","valueRequired":true,"valueName":"search_term_string"}}],"inLanguage":"en-US"},{"@type":"Organization","@id":"https:\/\/raed.academy\/en\/#organization","name":"Real Academia Europea de Doctores","url":"https:\/\/raed.academy\/en\/","logo":{"@type":"ImageObject","inLanguage":"en-US","@id":"https:\/\/raed.academy\/en\/#\/schema\/logo\/image\/","url":"https:\/\/raed.academy\/wp-content\/uploads\/2017\/01\/cropped-logo_raed.png","contentUrl":"https:\/\/raed.academy\/wp-content\/uploads\/2017\/01\/cropped-logo_raed.png","width":512,"height":512,"caption":"Real Academia Europea de Doctores"},"image":{"@id":"https:\/\/raed.academy\/en\/#\/schema\/logo\/image\/"},"sameAs":["http:\/\/fb.me\/raed.academy","https:\/\/x.com\/raedacademy","https:\/\/www.instagram.com\/raed.academy\/","https:\/\/www.youtube.com\/channel\/UCUYQwW2KrdirNWihxMDObwg"]},{"@type":"Person","@id":"https:\/\/raed.academy\/en\/#\/schema\/person\/31af80688d8a2644644f48b63aa77ee1","name":"Javier Rodr\u00edguez Sicilia","image":{"@type":"ImageObject","inLanguage":"en-US","@id":"https:\/\/secure.gravatar.com\/avatar\/702200af99a88a3d626bc9ca2ee9361fa6e582e4455b1e641d8576c963ca66d5?s=96&d=mm&r=g","url":"https:\/\/secure.gravatar.com\/avatar\/702200af99a88a3d626bc9ca2ee9361fa6e582e4455b1e641d8576c963ca66d5?s=96&d=mm&r=g","contentUrl":"https:\/\/secure.gravatar.com\/avatar\/702200af99a88a3d626bc9ca2ee9361fa6e582e4455b1e641d8576c963ca66d5?s=96&d=mm&r=g","caption":"Javier Rodr\u00edguez Sicilia"}}]}},"_links":{"self":[{"href":"https:\/\/raed.academy\/en\/wp-json\/wp\/v2\/posts\/180981","targetHints":{"allow":["GET"]}}],"collection":[{"href":"https:\/\/raed.academy\/en\/wp-json\/wp\/v2\/posts"}],"about":[{"href":"https:\/\/raed.academy\/en\/wp-json\/wp\/v2\/types\/post"}],"author":[{"embeddable":true,"href":"https:\/\/raed.academy\/en\/wp-json\/wp\/v2\/users\/16"}],"replies":[{"embeddable":true,"href":"https:\/\/raed.academy\/en\/wp-json\/wp\/v2\/comments?post=180981"}],"version-history":[{"count":1,"href":"https:\/\/raed.academy\/en\/wp-json\/wp\/v2\/posts\/180981\/revisions"}],"predecessor-version":[{"id":180982,"href":"https:\/\/raed.academy\/en\/wp-json\/wp\/v2\/posts\/180981\/revisions\/180982"}],"wp:featuredmedia":[{"embeddable":true,"href":"https:\/\/raed.academy\/en\/wp-json\/wp\/v2\/media\/180789"}],"wp:attachment":[{"href":"https:\/\/raed.academy\/en\/wp-json\/wp\/v2\/media?parent=180981"}],"wp:term":[{"taxonomy":"category","embeddable":true,"href":"https:\/\/raed.academy\/en\/wp-json\/wp\/v2\/categories?post=180981"},{"taxonomy":"post_tag","embeddable":true,"href":"https:\/\/raed.academy\/en\/wp-json\/wp\/v2\/tags?post=180981"}],"curies":[{"name":"wp","href":"https:\/\/api.w.org\/{rel}","templated":true}]}}