{"id":178014,"date":"2026-01-05T13:24:07","date_gmt":"2026-01-05T13:24:07","guid":{"rendered":"https:\/\/raed.academy\/?p=178014"},"modified":"2026-01-05T13:29:29","modified_gmt":"2026-01-05T13:29:29","slug":"the-critical-and-committed-perspective-of-antoni-garrell","status":"publish","type":"post","link":"https:\/\/raed.academy\/en\/the-critical-and-committed-perspective-of-antoni-garrell\/","title":{"rendered":"The critical and committed perspective of Antoni Garrell"},"content":{"rendered":"<div id=\"attachment_175555\" style=\"width: 242px\" class=\"wp-caption alignright\"><img loading=\"lazy\" decoding=\"async\" aria-describedby=\"caption-attachment-175555\" class=\"wp-image-175555 size-full\" src=\"https:\/\/raed.academy\/wp-content\/uploads\/2025\/11\/Antoni-Garrell-Guiu-0.73.webp\" alt=\"Dr. Antoni Garrell\" width=\"232\" height=\"317\" aria-describedby=\"caption-attachment-175555\" \/><p id=\"caption-attachment-175555\" class=\"wp-caption-text\">Mr Antoni Garrell<\/p><\/div>\n<p><a href=\"https:\/\/raed.academy\/en\/academicians\/mr-antoni-garrell-guiu\/\" target=\"_blank\" rel=\"noopener\"><strong>Antoni Garrell<\/strong><\/a>, President of <strong>HM Hospitales<\/strong> and Honorary Academician of the <strong>Royal European Academy of Doctors<\/strong> (READ), is the focus of a feature published on 20 November by <strong>Cr\u00f3nica Global<\/strong>, a supplement of the digital newspaper <strong>El Espa\u00f1ol<\/strong>, on the occasion of his admission to the Academy. The recipient delivered the inaugural address <a href=\"https:\/\/raed.academy\/wp-content\/uploads\/2025\/11\/La-segona-revolucio-digital-L-economia-digital-i-la-IA.Antoni-Garrell-Guiu.pdf\" target=\"_blank\" rel=\"noopener\"><strong>&#8220;La segunda revoluci\u00f3n digital: \u00bfla econom\u00eda digital y la inteligencia artificial nos est\u00e1n conduciendo a una nueva era de la humanidad?&#8221;<\/strong><\/a>\u00a0 (The Second Digital Revolution: Are the Digital Economy and Artificial Intelligence Leading Us into a New Era of Humanity?), in which he reflected on the profound changes brought about by the transition to a disruptive digital era, highlighting both the opportunities and the challenges in light of the effects of previous transformative revolutions.<\/p>\n<p>In his chronicle of the ceremony, journalist <strong>Gerard Mateo<\/strong> underscores the critical and committed outlook that the new academic presented in the face of the rise of new technologies\u2014an ascent often met with optimism and naivety. \u00abGarrell invited reflection on the relationship between humans and intelligent machines, on the limits that must be set for artificial intelligence, and on the best way to harness its full potential. This took place before a packed audience that included the Minister of Industry and Tourism, <strong>Jordi Hereu<\/strong>; the Minister for Universities of the Government of Catalonia, <strong>N\u00faria Montserrat<\/strong>, also a Numerary Member; the Minister of Justice, <strong>Ramon Espadaler<\/strong>; former Catalan President <strong>Jos\u00e9 Montilla<\/strong>; former ministers <strong>Roger Torrent<\/strong> and <strong>Carles Campuzano<\/strong>; the President of the Gran Teatre del Liceu Foundation, <strong>Salvador Alemany<\/strong>; HM Hospitales CEO <strong>Alejandro Abarca<\/strong>; the Abbot of Poblet; and the economist <strong>Albert Castellanos<\/strong>, among others.\u00bb<\/p>\n<p>After outlining his professional trajectory, the article highlights several key points of the Honorary Academician\u2019s address, in which he examined the implications of future self-aware artificial superintelligences\u2014emphasising both their potential benefits, such as scientific progress, the resolution of global challenges and the promotion of a cooperation-based society, and the associated risks, including domination, resource tensions, existential crises, and ethical and legal questions concerning the rights of such technologies and liability for potential harm. In this regard, he stressed the importance of ethical and responsible governance to ensure that technological development remains aligned with human values and sustainability.<\/p>\n<p>Garrell holds a degree in Industrial Engineering from the <strong>Polytechnic University of Catalonia<\/strong>, a Master\u2019s in Management and Administration, and doctoral studies in Decision Support Systems. A specialist in innovation and the knowledge economy, he has built an extensive professional career in both computational technology and organisational and strategic management, and has held executive positions at organisations such as <strong>Arthur Andersen, La Caixa, the La Salle University and Technology Foundation, and the Textile Design Foundation<\/strong>. Since 2021 he has served as President of HM Hospitales. He has been a member of several boards of directors and advisory councils, and has held institutional roles, including President of the <strong>Circle for Knowledg<\/strong>e and of the <strong>Executive Council of the Ramon Llull University Foundation<\/strong>. In academia, he has taught and lectured at international universities and is the author of more than 850 articles on technical, economic and opinion topics, as well as the author or co-author of around ten monographs on digital technology, multimedia and industry. He also founded the technology magazine <strong>\u00abINPUT\u00bb<\/strong>. His two most recent books are <strong>\u00abIndustry 4.0 in the Digital Society\u00bb (2019) and \u00abSmart and Sustainable Products and Services\u00bb<\/strong> (2021).<\/p>\n<h2><a href=\"https:\/\/cronicaglobal.elespanol.com\/vida\/20251120\/antoni-garrell-ingresa-real-academia-europea-doctores\/1003742671812_0.html\" target=\"_blank\" rel=\"noopener\">Read the report<\/a><\/h2>\n","protected":false},"excerpt":{"rendered":"<p>Antoni Garrell is featured in a report by the online newspaper El Espa\u00f1ol, on the occasion of his admission to the RAED<\/p>\n","protected":false},"author":16,"featured_media":177900,"comment_status":"closed","ping_status":"closed","sticky":false,"template":"","format":"standard","meta":{"_et_pb_use_builder":"","_et_pb_old_content":"","_et_gb_content_width":"","footnotes":""},"categories":[177,497,355],"tags":[],"class_list":["post-178014","post","type-post","status-publish","format-standard","has-post-thumbnail","hentry","category-academicians-in-society","category-education-ethics-and-values-en-2","category-information-and-communication-technologies","et-has-post-format-content","et_post_format-et-post-format-standard"],"yoast_head":"<!-- This site is optimized with the Yoast SEO plugin v27.5 - https:\/\/yoast.com\/product\/yoast-seo-wordpress\/ -->\n<title>The critical and committed perspective of Antoni Garrell - Royal European Academy of Doctors<\/title>\n<meta name=\"description\" content=\"Antoni Garrell is featured in a report by the online newspaper El Espa\u00f1ol, on the occasion of his admission to the RAED\" \/>\n<meta name=\"robots\" content=\"index, follow, max-snippet:-1, max-image-preview:large, max-video-preview:-1\" \/>\n<link rel=\"canonical\" href=\"https:\/\/raed.academy\/en\/the-critical-and-committed-perspective-of-antoni-garrell\/\" \/>\n<meta property=\"og:locale\" content=\"en_US\" \/>\n<meta property=\"og:type\" content=\"article\" \/>\n<meta property=\"og:title\" content=\"The critical and committed perspective of Antoni Garrell - Royal European Academy of Doctors\" \/>\n<meta property=\"og:description\" content=\"Antoni Garrell is featured in a report by the online newspaper El Espa\u00f1ol, on the occasion of his admission to the RAED\" \/>\n<meta property=\"og:url\" content=\"https:\/\/raed.academy\/en\/the-critical-and-committed-perspective-of-antoni-garrell\/\" \/>\n<meta property=\"og:site_name\" content=\"Royal European Academy of Doctors\" \/>\n<meta property=\"article:publisher\" content=\"http:\/\/fb.me\/raed.academy\" \/>\n<meta property=\"article:published_time\" content=\"2026-01-05T13:24:07+00:00\" \/>\n<meta property=\"article:modified_time\" content=\"2026-01-05T13:29:29+00:00\" \/>\n<meta property=\"og:image\" content=\"https:\/\/raed.academy\/wp-content\/uploads\/2025\/12\/ingreso-RAED-Antoni-Garrell-Guiu-1.67.webp\" \/>\n\t<meta property=\"og:image:width\" content=\"600\" \/>\n\t<meta property=\"og:image:height\" content=\"360\" \/>\n\t<meta property=\"og:image:type\" content=\"image\/webp\" \/>\n<meta name=\"author\" content=\"Javier Rodr\u00edguez Sicilia\" \/>\n<meta name=\"twitter:card\" content=\"summary_large_image\" \/>\n<meta name=\"twitter:creator\" content=\"@raedacademy\" \/>\n<meta name=\"twitter:site\" content=\"@raedacademy\" \/>\n<meta name=\"twitter:label1\" content=\"Written by\" \/>\n\t<meta name=\"twitter:data1\" content=\"Javier Rodr\u00edguez Sicilia\" \/>\n\t<meta name=\"twitter:label2\" content=\"Est. reading time\" \/>\n\t<meta name=\"twitter:data2\" content=\"4 minutes\" \/>\n<script type=\"application\/ld+json\" class=\"yoast-schema-graph\">{\"@context\":\"https:\\\/\\\/schema.org\",\"@graph\":[{\"@type\":\"Article\",\"@id\":\"https:\\\/\\\/raed.academy\\\/en\\\/the-critical-and-committed-perspective-of-antoni-garrell\\\/#article\",\"isPartOf\":{\"@id\":\"https:\\\/\\\/raed.academy\\\/en\\\/the-critical-and-committed-perspective-of-antoni-garrell\\\/\"},\"author\":{\"name\":\"Javier Rodr\u00edguez Sicilia\",\"@id\":\"https:\\\/\\\/raed.academy\\\/en\\\/#\\\/schema\\\/person\\\/31af80688d8a2644644f48b63aa77ee1\"},\"headline\":\"The critical and committed perspective of Antoni Garrell\",\"datePublished\":\"2026-01-05T13:24:07+00:00\",\"dateModified\":\"2026-01-05T13:29:29+00:00\",\"mainEntityOfPage\":{\"@id\":\"https:\\\/\\\/raed.academy\\\/en\\\/the-critical-and-committed-perspective-of-antoni-garrell\\\/\"},\"wordCount\":584,\"publisher\":{\"@id\":\"https:\\\/\\\/raed.academy\\\/en\\\/#organization\"},\"image\":{\"@id\":\"https:\\\/\\\/raed.academy\\\/en\\\/the-critical-and-committed-perspective-of-antoni-garrell\\\/#primaryimage\"},\"thumbnailUrl\":\"https:\\\/\\\/raed.academy\\\/wp-content\\\/uploads\\\/2025\\\/12\\\/ingreso-RAED-Antoni-Garrell-Guiu-1.67.webp\",\"articleSection\":[\"Academicians in society\",\"Education, ethics and values\",\"Information and communication technologies\"],\"inLanguage\":\"en-US\"},{\"@type\":\"WebPage\",\"@id\":\"https:\\\/\\\/raed.academy\\\/en\\\/the-critical-and-committed-perspective-of-antoni-garrell\\\/\",\"url\":\"https:\\\/\\\/raed.academy\\\/en\\\/the-critical-and-committed-perspective-of-antoni-garrell\\\/\",\"name\":\"The critical and committed perspective of Antoni Garrell - Royal European Academy of Doctors\",\"isPartOf\":{\"@id\":\"https:\\\/\\\/raed.academy\\\/en\\\/#website\"},\"primaryImageOfPage\":{\"@id\":\"https:\\\/\\\/raed.academy\\\/en\\\/the-critical-and-committed-perspective-of-antoni-garrell\\\/#primaryimage\"},\"image\":{\"@id\":\"https:\\\/\\\/raed.academy\\\/en\\\/the-critical-and-committed-perspective-of-antoni-garrell\\\/#primaryimage\"},\"thumbnailUrl\":\"https:\\\/\\\/raed.academy\\\/wp-content\\\/uploads\\\/2025\\\/12\\\/ingreso-RAED-Antoni-Garrell-Guiu-1.67.webp\",\"datePublished\":\"2026-01-05T13:24:07+00:00\",\"dateModified\":\"2026-01-05T13:29:29+00:00\",\"description\":\"Antoni Garrell is featured in a report by the online newspaper El Espa\u00f1ol, on the occasion of his admission to the RAED\",\"breadcrumb\":{\"@id\":\"https:\\\/\\\/raed.academy\\\/en\\\/the-critical-and-committed-perspective-of-antoni-garrell\\\/#breadcrumb\"},\"inLanguage\":\"en-US\",\"potentialAction\":[{\"@type\":\"ReadAction\",\"target\":[\"https:\\\/\\\/raed.academy\\\/en\\\/the-critical-and-committed-perspective-of-antoni-garrell\\\/\"]}]},{\"@type\":\"ImageObject\",\"inLanguage\":\"en-US\",\"@id\":\"https:\\\/\\\/raed.academy\\\/en\\\/the-critical-and-committed-perspective-of-antoni-garrell\\\/#primaryimage\",\"url\":\"https:\\\/\\\/raed.academy\\\/wp-content\\\/uploads\\\/2025\\\/12\\\/ingreso-RAED-Antoni-Garrell-Guiu-1.67.webp\",\"contentUrl\":\"https:\\\/\\\/raed.academy\\\/wp-content\\\/uploads\\\/2025\\\/12\\\/ingreso-RAED-Antoni-Garrell-Guiu-1.67.webp\",\"width\":600,\"height\":360},{\"@type\":\"BreadcrumbList\",\"@id\":\"https:\\\/\\\/raed.academy\\\/en\\\/the-critical-and-committed-perspective-of-antoni-garrell\\\/#breadcrumb\",\"itemListElement\":[{\"@type\":\"ListItem\",\"position\":1,\"name\":\"Inicio\",\"item\":\"https:\\\/\\\/raed.academy\\\/en\\\/\"},{\"@type\":\"ListItem\",\"position\":2,\"name\":\"The critical and committed perspective of Antoni Garrell\"}]},{\"@type\":\"WebSite\",\"@id\":\"https:\\\/\\\/raed.academy\\\/en\\\/#website\",\"url\":\"https:\\\/\\\/raed.academy\\\/en\\\/\",\"name\":\"Royal European Academy of Doctors\",\"description\":\"Corporaci\u00f3n de derecho p\u00fablico de car\u00e1cter cient\u00edfico, t\u00e9cnico y art\u00edstico, que tiene por objeto la investigaci\u00f3n, el estudio, el fomento y la extensi\u00f3n del conocimiento en su sentido m\u00e1s amplio.\",\"publisher\":{\"@id\":\"https:\\\/\\\/raed.academy\\\/en\\\/#organization\"},\"potentialAction\":[{\"@type\":\"SearchAction\",\"target\":{\"@type\":\"EntryPoint\",\"urlTemplate\":\"https:\\\/\\\/raed.academy\\\/en\\\/?s={search_term_string}\"},\"query-input\":{\"@type\":\"PropertyValueSpecification\",\"valueRequired\":true,\"valueName\":\"search_term_string\"}}],\"inLanguage\":\"en-US\"},{\"@type\":\"Organization\",\"@id\":\"https:\\\/\\\/raed.academy\\\/en\\\/#organization\",\"name\":\"Real Academia Europea de Doctores\",\"url\":\"https:\\\/\\\/raed.academy\\\/en\\\/\",\"logo\":{\"@type\":\"ImageObject\",\"inLanguage\":\"en-US\",\"@id\":\"https:\\\/\\\/raed.academy\\\/en\\\/#\\\/schema\\\/logo\\\/image\\\/\",\"url\":\"https:\\\/\\\/raed.academy\\\/wp-content\\\/uploads\\\/2017\\\/01\\\/cropped-logo_raed.png\",\"contentUrl\":\"https:\\\/\\\/raed.academy\\\/wp-content\\\/uploads\\\/2017\\\/01\\\/cropped-logo_raed.png\",\"width\":512,\"height\":512,\"caption\":\"Real Academia Europea de Doctores\"},\"image\":{\"@id\":\"https:\\\/\\\/raed.academy\\\/en\\\/#\\\/schema\\\/logo\\\/image\\\/\"},\"sameAs\":[\"http:\\\/\\\/fb.me\\\/raed.academy\",\"https:\\\/\\\/x.com\\\/raedacademy\",\"https:\\\/\\\/www.instagram.com\\\/raed.academy\\\/\",\"https:\\\/\\\/www.youtube.com\\\/channel\\\/UCUYQwW2KrdirNWihxMDObwg\"]},{\"@type\":\"Person\",\"@id\":\"https:\\\/\\\/raed.academy\\\/en\\\/#\\\/schema\\\/person\\\/31af80688d8a2644644f48b63aa77ee1\",\"name\":\"Javier Rodr\u00edguez Sicilia\",\"image\":{\"@type\":\"ImageObject\",\"inLanguage\":\"en-US\",\"@id\":\"https:\\\/\\\/secure.gravatar.com\\\/avatar\\\/702200af99a88a3d626bc9ca2ee9361fa6e582e4455b1e641d8576c963ca66d5?s=96&d=mm&r=g\",\"url\":\"https:\\\/\\\/secure.gravatar.com\\\/avatar\\\/702200af99a88a3d626bc9ca2ee9361fa6e582e4455b1e641d8576c963ca66d5?s=96&d=mm&r=g\",\"contentUrl\":\"https:\\\/\\\/secure.gravatar.com\\\/avatar\\\/702200af99a88a3d626bc9ca2ee9361fa6e582e4455b1e641d8576c963ca66d5?s=96&d=mm&r=g\",\"caption\":\"Javier Rodr\u00edguez Sicilia\"}}]}<\/script>\n<!-- \/ Yoast SEO plugin. -->","yoast_head_json":{"title":"The critical and committed perspective of Antoni Garrell - Royal European Academy of Doctors","description":"Antoni Garrell is featured in a report by the online newspaper El Espa\u00f1ol, on the occasion of his admission to the RAED","robots":{"index":"index","follow":"follow","max-snippet":"max-snippet:-1","max-image-preview":"max-image-preview:large","max-video-preview":"max-video-preview:-1"},"canonical":"https:\/\/raed.academy\/en\/the-critical-and-committed-perspective-of-antoni-garrell\/","og_locale":"en_US","og_type":"article","og_title":"The critical and committed perspective of Antoni Garrell - Royal European Academy of Doctors","og_description":"Antoni Garrell is featured in a report by the online newspaper El Espa\u00f1ol, on the occasion of his admission to the RAED","og_url":"https:\/\/raed.academy\/en\/the-critical-and-committed-perspective-of-antoni-garrell\/","og_site_name":"Royal European Academy of Doctors","article_publisher":"http:\/\/fb.me\/raed.academy","article_published_time":"2026-01-05T13:24:07+00:00","article_modified_time":"2026-01-05T13:29:29+00:00","og_image":[{"width":600,"height":360,"url":"https:\/\/raed.academy\/wp-content\/uploads\/2025\/12\/ingreso-RAED-Antoni-Garrell-Guiu-1.67.webp","type":"image\/webp"}],"author":"Javier Rodr\u00edguez Sicilia","twitter_card":"summary_large_image","twitter_creator":"@raedacademy","twitter_site":"@raedacademy","twitter_misc":{"Written by":"Javier Rodr\u00edguez Sicilia","Est. reading time":"4 minutes"},"schema":{"@context":"https:\/\/schema.org","@graph":[{"@type":"Article","@id":"https:\/\/raed.academy\/en\/the-critical-and-committed-perspective-of-antoni-garrell\/#article","isPartOf":{"@id":"https:\/\/raed.academy\/en\/the-critical-and-committed-perspective-of-antoni-garrell\/"},"author":{"name":"Javier Rodr\u00edguez Sicilia","@id":"https:\/\/raed.academy\/en\/#\/schema\/person\/31af80688d8a2644644f48b63aa77ee1"},"headline":"The critical and committed perspective of Antoni Garrell","datePublished":"2026-01-05T13:24:07+00:00","dateModified":"2026-01-05T13:29:29+00:00","mainEntityOfPage":{"@id":"https:\/\/raed.academy\/en\/the-critical-and-committed-perspective-of-antoni-garrell\/"},"wordCount":584,"publisher":{"@id":"https:\/\/raed.academy\/en\/#organization"},"image":{"@id":"https:\/\/raed.academy\/en\/the-critical-and-committed-perspective-of-antoni-garrell\/#primaryimage"},"thumbnailUrl":"https:\/\/raed.academy\/wp-content\/uploads\/2025\/12\/ingreso-RAED-Antoni-Garrell-Guiu-1.67.webp","articleSection":["Academicians in society","Education, ethics and values","Information and communication technologies"],"inLanguage":"en-US"},{"@type":"WebPage","@id":"https:\/\/raed.academy\/en\/the-critical-and-committed-perspective-of-antoni-garrell\/","url":"https:\/\/raed.academy\/en\/the-critical-and-committed-perspective-of-antoni-garrell\/","name":"The critical and committed perspective of Antoni Garrell - Royal European Academy of Doctors","isPartOf":{"@id":"https:\/\/raed.academy\/en\/#website"},"primaryImageOfPage":{"@id":"https:\/\/raed.academy\/en\/the-critical-and-committed-perspective-of-antoni-garrell\/#primaryimage"},"image":{"@id":"https:\/\/raed.academy\/en\/the-critical-and-committed-perspective-of-antoni-garrell\/#primaryimage"},"thumbnailUrl":"https:\/\/raed.academy\/wp-content\/uploads\/2025\/12\/ingreso-RAED-Antoni-Garrell-Guiu-1.67.webp","datePublished":"2026-01-05T13:24:07+00:00","dateModified":"2026-01-05T13:29:29+00:00","description":"Antoni Garrell is featured in a report by the online newspaper El Espa\u00f1ol, on the occasion of his admission to the RAED","breadcrumb":{"@id":"https:\/\/raed.academy\/en\/the-critical-and-committed-perspective-of-antoni-garrell\/#breadcrumb"},"inLanguage":"en-US","potentialAction":[{"@type":"ReadAction","target":["https:\/\/raed.academy\/en\/the-critical-and-committed-perspective-of-antoni-garrell\/"]}]},{"@type":"ImageObject","inLanguage":"en-US","@id":"https:\/\/raed.academy\/en\/the-critical-and-committed-perspective-of-antoni-garrell\/#primaryimage","url":"https:\/\/raed.academy\/wp-content\/uploads\/2025\/12\/ingreso-RAED-Antoni-Garrell-Guiu-1.67.webp","contentUrl":"https:\/\/raed.academy\/wp-content\/uploads\/2025\/12\/ingreso-RAED-Antoni-Garrell-Guiu-1.67.webp","width":600,"height":360},{"@type":"BreadcrumbList","@id":"https:\/\/raed.academy\/en\/the-critical-and-committed-perspective-of-antoni-garrell\/#breadcrumb","itemListElement":[{"@type":"ListItem","position":1,"name":"Inicio","item":"https:\/\/raed.academy\/en\/"},{"@type":"ListItem","position":2,"name":"The critical and committed perspective of Antoni Garrell"}]},{"@type":"WebSite","@id":"https:\/\/raed.academy\/en\/#website","url":"https:\/\/raed.academy\/en\/","name":"Royal European Academy of Doctors","description":"Corporaci\u00f3n de derecho p\u00fablico de car\u00e1cter cient\u00edfico, t\u00e9cnico y art\u00edstico, que tiene por objeto la investigaci\u00f3n, el estudio, el fomento y la extensi\u00f3n del conocimiento en su sentido m\u00e1s amplio.","publisher":{"@id":"https:\/\/raed.academy\/en\/#organization"},"potentialAction":[{"@type":"SearchAction","target":{"@type":"EntryPoint","urlTemplate":"https:\/\/raed.academy\/en\/?s={search_term_string}"},"query-input":{"@type":"PropertyValueSpecification","valueRequired":true,"valueName":"search_term_string"}}],"inLanguage":"en-US"},{"@type":"Organization","@id":"https:\/\/raed.academy\/en\/#organization","name":"Real Academia Europea de Doctores","url":"https:\/\/raed.academy\/en\/","logo":{"@type":"ImageObject","inLanguage":"en-US","@id":"https:\/\/raed.academy\/en\/#\/schema\/logo\/image\/","url":"https:\/\/raed.academy\/wp-content\/uploads\/2017\/01\/cropped-logo_raed.png","contentUrl":"https:\/\/raed.academy\/wp-content\/uploads\/2017\/01\/cropped-logo_raed.png","width":512,"height":512,"caption":"Real Academia Europea de Doctores"},"image":{"@id":"https:\/\/raed.academy\/en\/#\/schema\/logo\/image\/"},"sameAs":["http:\/\/fb.me\/raed.academy","https:\/\/x.com\/raedacademy","https:\/\/www.instagram.com\/raed.academy\/","https:\/\/www.youtube.com\/channel\/UCUYQwW2KrdirNWihxMDObwg"]},{"@type":"Person","@id":"https:\/\/raed.academy\/en\/#\/schema\/person\/31af80688d8a2644644f48b63aa77ee1","name":"Javier Rodr\u00edguez Sicilia","image":{"@type":"ImageObject","inLanguage":"en-US","@id":"https:\/\/secure.gravatar.com\/avatar\/702200af99a88a3d626bc9ca2ee9361fa6e582e4455b1e641d8576c963ca66d5?s=96&d=mm&r=g","url":"https:\/\/secure.gravatar.com\/avatar\/702200af99a88a3d626bc9ca2ee9361fa6e582e4455b1e641d8576c963ca66d5?s=96&d=mm&r=g","contentUrl":"https:\/\/secure.gravatar.com\/avatar\/702200af99a88a3d626bc9ca2ee9361fa6e582e4455b1e641d8576c963ca66d5?s=96&d=mm&r=g","caption":"Javier Rodr\u00edguez Sicilia"}}]}},"_links":{"self":[{"href":"https:\/\/raed.academy\/en\/wp-json\/wp\/v2\/posts\/178014","targetHints":{"allow":["GET"]}}],"collection":[{"href":"https:\/\/raed.academy\/en\/wp-json\/wp\/v2\/posts"}],"about":[{"href":"https:\/\/raed.academy\/en\/wp-json\/wp\/v2\/types\/post"}],"author":[{"embeddable":true,"href":"https:\/\/raed.academy\/en\/wp-json\/wp\/v2\/users\/16"}],"replies":[{"embeddable":true,"href":"https:\/\/raed.academy\/en\/wp-json\/wp\/v2\/comments?post=178014"}],"version-history":[{"count":3,"href":"https:\/\/raed.academy\/en\/wp-json\/wp\/v2\/posts\/178014\/revisions"}],"predecessor-version":[{"id":178024,"href":"https:\/\/raed.academy\/en\/wp-json\/wp\/v2\/posts\/178014\/revisions\/178024"}],"wp:featuredmedia":[{"embeddable":true,"href":"https:\/\/raed.academy\/en\/wp-json\/wp\/v2\/media\/177900"}],"wp:attachment":[{"href":"https:\/\/raed.academy\/en\/wp-json\/wp\/v2\/media?parent=178014"}],"wp:term":[{"taxonomy":"category","embeddable":true,"href":"https:\/\/raed.academy\/en\/wp-json\/wp\/v2\/categories?post=178014"},{"taxonomy":"post_tag","embeddable":true,"href":"https:\/\/raed.academy\/en\/wp-json\/wp\/v2\/tags?post=178014"}],"curies":[{"name":"wp","href":"https:\/\/api.w.org\/{rel}","templated":true}]}}