{"id":177476,"date":"2025-12-24T09:06:30","date_gmt":"2025-12-24T09:06:30","guid":{"rendered":"https:\/\/raed.academy\/?p=177476"},"modified":"2025-12-24T09:32:40","modified_gmt":"2025-12-24T09:32:40","slug":"josep-maria-franquet-people-to-change-the-world-award","status":"publish","type":"post","link":"https:\/\/raed.academy\/en\/josep-maria-franquet-people-to-change-the-world-award\/","title":{"rendered":"Josep Maria Franquet, \u201cPeople to Change the World\u201d award"},"content":{"rendered":"<div id=\"attachment_155283\" style=\"width: 610px\" class=\"wp-caption aligncenter\"><img loading=\"lazy\" decoding=\"async\" aria-describedby=\"caption-attachment-155283\" class=\"wp-image-155283 size-full\" src=\"https:\/\/raed.academy\/wp-content\/uploads\/2024\/11\/Josep-Maria-Franquet.webp\" sizes=\"(max-width: 600px) 100vw, 600px\" srcset=\"https:\/\/raed.academy\/wp-content\/uploads\/2024\/11\/Josep-Maria-Franquet.webp 600w, https:\/\/raed.academy\/wp-content\/uploads\/2024\/11\/Josep-Maria-Franquet-440x264.webp 440w\" alt=\"Dr. Josep Maria Franquet\" width=\"600\" height=\"360\" aria-describedby=\"caption-attachment-155283\" \/><p id=\"caption-attachment-155283\" class=\"wp-caption-text\">Dr. Josep Maria Franquet<\/p><\/div>\n<p><a href=\"https:\/\/raed.academy\/en\/academicians\/dr-josep-maria-franquet-bernis\/\"><strong>Josep Maria Franquet<\/strong><\/a>, professor at the <strong>National University of Distance Education<\/strong> (NUDE) and at the <strong>International University of Catalonia<\/strong>, and a full member of the <strong>Royal European Academy of Doctors<\/strong> (READ), was recognized last November 28 with the <strong>8th People to Change the World Award,<\/strong> granted by the <strong>Official College of Agronomists of Catalonia.<\/strong> The honoree received the award at a ceremony held at the College\u2019s headquarters in Barcelona, within the framework of its annual <strong>General Assembly.<\/strong> This distinction was created with the aim of acknowledging the work and career of individuals who stand out for striving to generate changes that improve the daily life of society and the environment.<\/p>\n<p>The award jury highlighted Franquet\u2019s commitment to the profession and to the College, as well as his career and his contribution through more than sixty books and numerous technical articles that have enriched, among other fields, agronomic knowledge. At the same time, it emphasized his literary, human, and cultural sensitivity, bearing witness to the fact that agronomic engineering can also be a driving force for culture, identity, and hope. Indeed, the academic was the winner of the 53rd edition of the <strong>Agrarian Book Award<\/strong> for his work <strong>\u00abThe Carob Tree\u00bb<\/strong>, in which he compiles an analysis of the carob sector from a historical and technical perspective, demonstrating his commitment to the development of the sector.<\/p>\n<p>The presentation of the award was carried out by the delegate from Tarragona, J<strong>oan Vi\u00f1as<\/strong>, who introduced the winner and presented him with the statuette and the certificate. &#8220;This award is an incentive to continue demonstrating that agronomic engineering is not only about producing food and organizing territory. The Ebro Lands are a living example of this connection between territory and society,&#8221; the academic said in gratitude upon receiving the prize.<\/p>\n<p>Born in Tortosa in 1950, Franquet is a consulting agronomist engineer, university professor, writer, and politician. He served as a city councilor of the <strong>Tortosa City Council<\/strong> (1995\u20132007) and as vice president of the <strong>Baix Ebre County Council<\/strong>. He has also worked as a professor at UNED in Tortosa, where he was director of the center and of its northeastern campus (Catalonia and the Balearic Islands). His professional career combines teaching, research, and political activity with the management of agricultural holdings in the Ebro Delta. He has been a critical voice in defense of the territory, especially in relation to the <strong>National Hydrological Plan<\/strong>, and has chaired the <strong>Economic and Social Council of the Ebro Lands<\/strong>. He is a full member of the <strong>Doctoral Faculty<\/strong> of the <strong>University of Barcelona<\/strong> (1997), a consulting board member of the <strong>Official Chamber of Commerce, Industry and Navigation of Tortosa<\/strong>, and a member of the <strong>Spanish Chapter of the Club of Rome<\/strong> and other institutions.<\/p>\n<p>Franquet is the author of around forty books or monographs on agriculture, construction, hydraulics, territorial planning, climatology, fish farming, topography, mathematics, and economics, among other topics, as well as numerous articles and technical notes. He is also the author of many poems and works in other literary genres, in both Spanish and Catalan. Notable among these creations are the book <strong>\u00abL\u2019immortal i altres poemes,<em>\u00bb<\/em><\/strong> the children\u2019s story <strong>\u00abLa nana de Sara,<em>\u00bb<\/em><\/strong> and the costumbrista work <strong>\u00abTrenta-tres jotes tortosines.\u00bb<\/strong> Other outstanding works include <strong>\u00abDescobreix els sentits,\u00bb \u00ab\u00c0lbum familiar,\u00bb<\/strong> and <strong>\u00abRamon l\u2019immortal.\u00bb<\/strong> Together with Juan Mingorance, he published the poetry collection <strong>\u00ab<em>Sonetos a d\u00fao.\u00bb<\/em><\/strong><\/p>\n","protected":false},"excerpt":{"rendered":"<p>Josep Maria Franquet, recognized with the VIII People to Change the World Award given by the Official College of Agricultural Engineers of Catalonia<\/p>\n","protected":false},"author":16,"featured_media":155285,"comment_status":"closed","ping_status":"closed","sticky":false,"template":"","format":"standard","meta":{"_et_pb_use_builder":"","_et_pb_old_content":"","_et_gb_content_width":"","footnotes":""},"categories":[167],"tags":[],"class_list":["post-177476","post","type-post","status-publish","format-standard","has-post-thumbnail","hentry","category-prizes-awards-and-appointments","et-has-post-format-content","et_post_format-et-post-format-standard"],"yoast_head":"<!-- This site is optimized with the Yoast SEO plugin v27.4 - https:\/\/yoast.com\/product\/yoast-seo-wordpress\/ -->\n<title>Josep Maria Franquet, \u201cPeople to Change the World\u201d award - Royal European Academy of Doctors<\/title>\n<meta name=\"description\" content=\"Josep Maria Franquet, recognized with the VIII People to Change the World Award given by the Official College of Agricultural Engineers of Catalonia\" \/>\n<meta name=\"robots\" content=\"index, follow, max-snippet:-1, max-image-preview:large, max-video-preview:-1\" \/>\n<link rel=\"canonical\" href=\"https:\/\/raed.academy\/en\/josep-maria-franquet-people-to-change-the-world-award\/\" \/>\n<meta property=\"og:locale\" content=\"en_US\" \/>\n<meta property=\"og:type\" content=\"article\" \/>\n<meta property=\"og:title\" content=\"Josep Maria Franquet, \u201cPeople to Change the World\u201d award - Royal European Academy of Doctors\" \/>\n<meta property=\"og:description\" content=\"Josep Maria Franquet, recognized with the VIII People to Change the World Award given by the Official College of Agricultural Engineers of Catalonia\" \/>\n<meta property=\"og:url\" content=\"https:\/\/raed.academy\/en\/josep-maria-franquet-people-to-change-the-world-award\/\" \/>\n<meta property=\"og:site_name\" content=\"Royal European Academy of Doctors\" \/>\n<meta property=\"article:publisher\" content=\"http:\/\/fb.me\/raed.academy\" \/>\n<meta property=\"article:published_time\" content=\"2025-12-24T09:06:30+00:00\" \/>\n<meta property=\"article:modified_time\" content=\"2025-12-24T09:32:40+00:00\" \/>\n<meta property=\"og:image\" content=\"https:\/\/raed.academy\/wp-content\/uploads\/2024\/11\/Josep-Maria-Franquet.webp\" \/>\n\t<meta property=\"og:image:width\" content=\"600\" \/>\n\t<meta property=\"og:image:height\" content=\"360\" \/>\n\t<meta property=\"og:image:type\" content=\"image\/webp\" \/>\n<meta name=\"author\" content=\"Javier Rodr\u00edguez Sicilia\" \/>\n<meta name=\"twitter:card\" content=\"summary_large_image\" \/>\n<meta name=\"twitter:creator\" content=\"@raedacademy\" \/>\n<meta name=\"twitter:site\" content=\"@raedacademy\" \/>\n<meta name=\"twitter:label1\" content=\"Written by\" \/>\n\t<meta name=\"twitter:data1\" content=\"Javier Rodr\u00edguez Sicilia\" \/>\n\t<meta name=\"twitter:label2\" content=\"Est. reading time\" \/>\n\t<meta name=\"twitter:data2\" content=\"4 minutes\" \/>\n<script type=\"application\/ld+json\" class=\"yoast-schema-graph\">{\"@context\":\"https:\\\/\\\/schema.org\",\"@graph\":[{\"@type\":\"Article\",\"@id\":\"https:\\\/\\\/raed.academy\\\/en\\\/josep-maria-franquet-people-to-change-the-world-award\\\/#article\",\"isPartOf\":{\"@id\":\"https:\\\/\\\/raed.academy\\\/en\\\/josep-maria-franquet-people-to-change-the-world-award\\\/\"},\"author\":{\"name\":\"Javier Rodr\u00edguez Sicilia\",\"@id\":\"https:\\\/\\\/raed.academy\\\/en\\\/#\\\/schema\\\/person\\\/31af80688d8a2644644f48b63aa77ee1\"},\"headline\":\"Josep Maria Franquet, \u201cPeople to Change the World\u201d award\",\"datePublished\":\"2025-12-24T09:06:30+00:00\",\"dateModified\":\"2025-12-24T09:32:40+00:00\",\"mainEntityOfPage\":{\"@id\":\"https:\\\/\\\/raed.academy\\\/en\\\/josep-maria-franquet-people-to-change-the-world-award\\\/\"},\"wordCount\":582,\"publisher\":{\"@id\":\"https:\\\/\\\/raed.academy\\\/en\\\/#organization\"},\"image\":{\"@id\":\"https:\\\/\\\/raed.academy\\\/en\\\/josep-maria-franquet-people-to-change-the-world-award\\\/#primaryimage\"},\"thumbnailUrl\":\"https:\\\/\\\/raed.academy\\\/wp-content\\\/uploads\\\/2024\\\/11\\\/Josep-Maria-Franquet.webp\",\"articleSection\":[\"Prizes, awards and appointments\"],\"inLanguage\":\"en-US\"},{\"@type\":\"WebPage\",\"@id\":\"https:\\\/\\\/raed.academy\\\/en\\\/josep-maria-franquet-people-to-change-the-world-award\\\/\",\"url\":\"https:\\\/\\\/raed.academy\\\/en\\\/josep-maria-franquet-people-to-change-the-world-award\\\/\",\"name\":\"Josep Maria Franquet, \u201cPeople to Change the World\u201d award - Royal European Academy of Doctors\",\"isPartOf\":{\"@id\":\"https:\\\/\\\/raed.academy\\\/en\\\/#website\"},\"primaryImageOfPage\":{\"@id\":\"https:\\\/\\\/raed.academy\\\/en\\\/josep-maria-franquet-people-to-change-the-world-award\\\/#primaryimage\"},\"image\":{\"@id\":\"https:\\\/\\\/raed.academy\\\/en\\\/josep-maria-franquet-people-to-change-the-world-award\\\/#primaryimage\"},\"thumbnailUrl\":\"https:\\\/\\\/raed.academy\\\/wp-content\\\/uploads\\\/2024\\\/11\\\/Josep-Maria-Franquet.webp\",\"datePublished\":\"2025-12-24T09:06:30+00:00\",\"dateModified\":\"2025-12-24T09:32:40+00:00\",\"description\":\"Josep Maria Franquet, recognized with the VIII People to Change the World Award given by the Official College of Agricultural Engineers of Catalonia\",\"breadcrumb\":{\"@id\":\"https:\\\/\\\/raed.academy\\\/en\\\/josep-maria-franquet-people-to-change-the-world-award\\\/#breadcrumb\"},\"inLanguage\":\"en-US\",\"potentialAction\":[{\"@type\":\"ReadAction\",\"target\":[\"https:\\\/\\\/raed.academy\\\/en\\\/josep-maria-franquet-people-to-change-the-world-award\\\/\"]}]},{\"@type\":\"ImageObject\",\"inLanguage\":\"en-US\",\"@id\":\"https:\\\/\\\/raed.academy\\\/en\\\/josep-maria-franquet-people-to-change-the-world-award\\\/#primaryimage\",\"url\":\"https:\\\/\\\/raed.academy\\\/wp-content\\\/uploads\\\/2024\\\/11\\\/Josep-Maria-Franquet.webp\",\"contentUrl\":\"https:\\\/\\\/raed.academy\\\/wp-content\\\/uploads\\\/2024\\\/11\\\/Josep-Maria-Franquet.webp\",\"width\":600,\"height\":360},{\"@type\":\"BreadcrumbList\",\"@id\":\"https:\\\/\\\/raed.academy\\\/en\\\/josep-maria-franquet-people-to-change-the-world-award\\\/#breadcrumb\",\"itemListElement\":[{\"@type\":\"ListItem\",\"position\":1,\"name\":\"Inicio\",\"item\":\"https:\\\/\\\/raed.academy\\\/en\\\/\"},{\"@type\":\"ListItem\",\"position\":2,\"name\":\"Josep Maria Franquet, \u201cPeople to Change the World\u201d award\"}]},{\"@type\":\"WebSite\",\"@id\":\"https:\\\/\\\/raed.academy\\\/en\\\/#website\",\"url\":\"https:\\\/\\\/raed.academy\\\/en\\\/\",\"name\":\"Royal European Academy of Doctors\",\"description\":\"Corporaci\u00f3n de derecho p\u00fablico de car\u00e1cter cient\u00edfico, t\u00e9cnico y art\u00edstico, que tiene por objeto la investigaci\u00f3n, el estudio, el fomento y la extensi\u00f3n del conocimiento en su sentido m\u00e1s amplio.\",\"publisher\":{\"@id\":\"https:\\\/\\\/raed.academy\\\/en\\\/#organization\"},\"potentialAction\":[{\"@type\":\"SearchAction\",\"target\":{\"@type\":\"EntryPoint\",\"urlTemplate\":\"https:\\\/\\\/raed.academy\\\/en\\\/?s={search_term_string}\"},\"query-input\":{\"@type\":\"PropertyValueSpecification\",\"valueRequired\":true,\"valueName\":\"search_term_string\"}}],\"inLanguage\":\"en-US\"},{\"@type\":\"Organization\",\"@id\":\"https:\\\/\\\/raed.academy\\\/en\\\/#organization\",\"name\":\"Real Academia Europea de Doctores\",\"url\":\"https:\\\/\\\/raed.academy\\\/en\\\/\",\"logo\":{\"@type\":\"ImageObject\",\"inLanguage\":\"en-US\",\"@id\":\"https:\\\/\\\/raed.academy\\\/en\\\/#\\\/schema\\\/logo\\\/image\\\/\",\"url\":\"https:\\\/\\\/raed.academy\\\/wp-content\\\/uploads\\\/2017\\\/01\\\/cropped-logo_raed.png\",\"contentUrl\":\"https:\\\/\\\/raed.academy\\\/wp-content\\\/uploads\\\/2017\\\/01\\\/cropped-logo_raed.png\",\"width\":512,\"height\":512,\"caption\":\"Real Academia Europea de Doctores\"},\"image\":{\"@id\":\"https:\\\/\\\/raed.academy\\\/en\\\/#\\\/schema\\\/logo\\\/image\\\/\"},\"sameAs\":[\"http:\\\/\\\/fb.me\\\/raed.academy\",\"https:\\\/\\\/x.com\\\/raedacademy\",\"https:\\\/\\\/www.instagram.com\\\/raed.academy\\\/\",\"https:\\\/\\\/www.youtube.com\\\/channel\\\/UCUYQwW2KrdirNWihxMDObwg\"]},{\"@type\":\"Person\",\"@id\":\"https:\\\/\\\/raed.academy\\\/en\\\/#\\\/schema\\\/person\\\/31af80688d8a2644644f48b63aa77ee1\",\"name\":\"Javier Rodr\u00edguez Sicilia\",\"image\":{\"@type\":\"ImageObject\",\"inLanguage\":\"en-US\",\"@id\":\"https:\\\/\\\/secure.gravatar.com\\\/avatar\\\/702200af99a88a3d626bc9ca2ee9361fa6e582e4455b1e641d8576c963ca66d5?s=96&d=mm&r=g\",\"url\":\"https:\\\/\\\/secure.gravatar.com\\\/avatar\\\/702200af99a88a3d626bc9ca2ee9361fa6e582e4455b1e641d8576c963ca66d5?s=96&d=mm&r=g\",\"contentUrl\":\"https:\\\/\\\/secure.gravatar.com\\\/avatar\\\/702200af99a88a3d626bc9ca2ee9361fa6e582e4455b1e641d8576c963ca66d5?s=96&d=mm&r=g\",\"caption\":\"Javier Rodr\u00edguez Sicilia\"}}]}<\/script>\n<!-- \/ Yoast SEO plugin. -->","yoast_head_json":{"title":"Josep Maria Franquet, \u201cPeople to Change the World\u201d award - Royal European Academy of Doctors","description":"Josep Maria Franquet, recognized with the VIII People to Change the World Award given by the Official College of Agricultural Engineers of Catalonia","robots":{"index":"index","follow":"follow","max-snippet":"max-snippet:-1","max-image-preview":"max-image-preview:large","max-video-preview":"max-video-preview:-1"},"canonical":"https:\/\/raed.academy\/en\/josep-maria-franquet-people-to-change-the-world-award\/","og_locale":"en_US","og_type":"article","og_title":"Josep Maria Franquet, \u201cPeople to Change the World\u201d award - Royal European Academy of Doctors","og_description":"Josep Maria Franquet, recognized with the VIII People to Change the World Award given by the Official College of Agricultural Engineers of Catalonia","og_url":"https:\/\/raed.academy\/en\/josep-maria-franquet-people-to-change-the-world-award\/","og_site_name":"Royal European Academy of Doctors","article_publisher":"http:\/\/fb.me\/raed.academy","article_published_time":"2025-12-24T09:06:30+00:00","article_modified_time":"2025-12-24T09:32:40+00:00","og_image":[{"width":600,"height":360,"url":"https:\/\/raed.academy\/wp-content\/uploads\/2024\/11\/Josep-Maria-Franquet.webp","type":"image\/webp"}],"author":"Javier Rodr\u00edguez Sicilia","twitter_card":"summary_large_image","twitter_creator":"@raedacademy","twitter_site":"@raedacademy","twitter_misc":{"Written by":"Javier Rodr\u00edguez Sicilia","Est. reading time":"4 minutes"},"schema":{"@context":"https:\/\/schema.org","@graph":[{"@type":"Article","@id":"https:\/\/raed.academy\/en\/josep-maria-franquet-people-to-change-the-world-award\/#article","isPartOf":{"@id":"https:\/\/raed.academy\/en\/josep-maria-franquet-people-to-change-the-world-award\/"},"author":{"name":"Javier Rodr\u00edguez Sicilia","@id":"https:\/\/raed.academy\/en\/#\/schema\/person\/31af80688d8a2644644f48b63aa77ee1"},"headline":"Josep Maria Franquet, \u201cPeople to Change the World\u201d award","datePublished":"2025-12-24T09:06:30+00:00","dateModified":"2025-12-24T09:32:40+00:00","mainEntityOfPage":{"@id":"https:\/\/raed.academy\/en\/josep-maria-franquet-people-to-change-the-world-award\/"},"wordCount":582,"publisher":{"@id":"https:\/\/raed.academy\/en\/#organization"},"image":{"@id":"https:\/\/raed.academy\/en\/josep-maria-franquet-people-to-change-the-world-award\/#primaryimage"},"thumbnailUrl":"https:\/\/raed.academy\/wp-content\/uploads\/2024\/11\/Josep-Maria-Franquet.webp","articleSection":["Prizes, awards and appointments"],"inLanguage":"en-US"},{"@type":"WebPage","@id":"https:\/\/raed.academy\/en\/josep-maria-franquet-people-to-change-the-world-award\/","url":"https:\/\/raed.academy\/en\/josep-maria-franquet-people-to-change-the-world-award\/","name":"Josep Maria Franquet, \u201cPeople to Change the World\u201d award - Royal European Academy of Doctors","isPartOf":{"@id":"https:\/\/raed.academy\/en\/#website"},"primaryImageOfPage":{"@id":"https:\/\/raed.academy\/en\/josep-maria-franquet-people-to-change-the-world-award\/#primaryimage"},"image":{"@id":"https:\/\/raed.academy\/en\/josep-maria-franquet-people-to-change-the-world-award\/#primaryimage"},"thumbnailUrl":"https:\/\/raed.academy\/wp-content\/uploads\/2024\/11\/Josep-Maria-Franquet.webp","datePublished":"2025-12-24T09:06:30+00:00","dateModified":"2025-12-24T09:32:40+00:00","description":"Josep Maria Franquet, recognized with the VIII People to Change the World Award given by the Official College of Agricultural Engineers of Catalonia","breadcrumb":{"@id":"https:\/\/raed.academy\/en\/josep-maria-franquet-people-to-change-the-world-award\/#breadcrumb"},"inLanguage":"en-US","potentialAction":[{"@type":"ReadAction","target":["https:\/\/raed.academy\/en\/josep-maria-franquet-people-to-change-the-world-award\/"]}]},{"@type":"ImageObject","inLanguage":"en-US","@id":"https:\/\/raed.academy\/en\/josep-maria-franquet-people-to-change-the-world-award\/#primaryimage","url":"https:\/\/raed.academy\/wp-content\/uploads\/2024\/11\/Josep-Maria-Franquet.webp","contentUrl":"https:\/\/raed.academy\/wp-content\/uploads\/2024\/11\/Josep-Maria-Franquet.webp","width":600,"height":360},{"@type":"BreadcrumbList","@id":"https:\/\/raed.academy\/en\/josep-maria-franquet-people-to-change-the-world-award\/#breadcrumb","itemListElement":[{"@type":"ListItem","position":1,"name":"Inicio","item":"https:\/\/raed.academy\/en\/"},{"@type":"ListItem","position":2,"name":"Josep Maria Franquet, \u201cPeople to Change the World\u201d award"}]},{"@type":"WebSite","@id":"https:\/\/raed.academy\/en\/#website","url":"https:\/\/raed.academy\/en\/","name":"Royal European Academy of Doctors","description":"Corporaci\u00f3n de derecho p\u00fablico de car\u00e1cter cient\u00edfico, t\u00e9cnico y art\u00edstico, que tiene por objeto la investigaci\u00f3n, el estudio, el fomento y la extensi\u00f3n del conocimiento en su sentido m\u00e1s amplio.","publisher":{"@id":"https:\/\/raed.academy\/en\/#organization"},"potentialAction":[{"@type":"SearchAction","target":{"@type":"EntryPoint","urlTemplate":"https:\/\/raed.academy\/en\/?s={search_term_string}"},"query-input":{"@type":"PropertyValueSpecification","valueRequired":true,"valueName":"search_term_string"}}],"inLanguage":"en-US"},{"@type":"Organization","@id":"https:\/\/raed.academy\/en\/#organization","name":"Real Academia Europea de Doctores","url":"https:\/\/raed.academy\/en\/","logo":{"@type":"ImageObject","inLanguage":"en-US","@id":"https:\/\/raed.academy\/en\/#\/schema\/logo\/image\/","url":"https:\/\/raed.academy\/wp-content\/uploads\/2017\/01\/cropped-logo_raed.png","contentUrl":"https:\/\/raed.academy\/wp-content\/uploads\/2017\/01\/cropped-logo_raed.png","width":512,"height":512,"caption":"Real Academia Europea de Doctores"},"image":{"@id":"https:\/\/raed.academy\/en\/#\/schema\/logo\/image\/"},"sameAs":["http:\/\/fb.me\/raed.academy","https:\/\/x.com\/raedacademy","https:\/\/www.instagram.com\/raed.academy\/","https:\/\/www.youtube.com\/channel\/UCUYQwW2KrdirNWihxMDObwg"]},{"@type":"Person","@id":"https:\/\/raed.academy\/en\/#\/schema\/person\/31af80688d8a2644644f48b63aa77ee1","name":"Javier Rodr\u00edguez Sicilia","image":{"@type":"ImageObject","inLanguage":"en-US","@id":"https:\/\/secure.gravatar.com\/avatar\/702200af99a88a3d626bc9ca2ee9361fa6e582e4455b1e641d8576c963ca66d5?s=96&d=mm&r=g","url":"https:\/\/secure.gravatar.com\/avatar\/702200af99a88a3d626bc9ca2ee9361fa6e582e4455b1e641d8576c963ca66d5?s=96&d=mm&r=g","contentUrl":"https:\/\/secure.gravatar.com\/avatar\/702200af99a88a3d626bc9ca2ee9361fa6e582e4455b1e641d8576c963ca66d5?s=96&d=mm&r=g","caption":"Javier Rodr\u00edguez Sicilia"}}]}},"_links":{"self":[{"href":"https:\/\/raed.academy\/en\/wp-json\/wp\/v2\/posts\/177476","targetHints":{"allow":["GET"]}}],"collection":[{"href":"https:\/\/raed.academy\/en\/wp-json\/wp\/v2\/posts"}],"about":[{"href":"https:\/\/raed.academy\/en\/wp-json\/wp\/v2\/types\/post"}],"author":[{"embeddable":true,"href":"https:\/\/raed.academy\/en\/wp-json\/wp\/v2\/users\/16"}],"replies":[{"embeddable":true,"href":"https:\/\/raed.academy\/en\/wp-json\/wp\/v2\/comments?post=177476"}],"version-history":[{"count":3,"href":"https:\/\/raed.academy\/en\/wp-json\/wp\/v2\/posts\/177476\/revisions"}],"predecessor-version":[{"id":177484,"href":"https:\/\/raed.academy\/en\/wp-json\/wp\/v2\/posts\/177476\/revisions\/177484"}],"wp:featuredmedia":[{"embeddable":true,"href":"https:\/\/raed.academy\/en\/wp-json\/wp\/v2\/media\/155285"}],"wp:attachment":[{"href":"https:\/\/raed.academy\/en\/wp-json\/wp\/v2\/media?parent=177476"}],"wp:term":[{"taxonomy":"category","embeddable":true,"href":"https:\/\/raed.academy\/en\/wp-json\/wp\/v2\/categories?post=177476"},{"taxonomy":"post_tag","embeddable":true,"href":"https:\/\/raed.academy\/en\/wp-json\/wp\/v2\/tags?post=177476"}],"curies":[{"name":"wp","href":"https:\/\/api.w.org\/{rel}","templated":true}]}}