{"id":176898,"date":"2025-12-04T17:34:59","date_gmt":"2025-12-04T17:34:59","guid":{"rendered":"https:\/\/raed.academy\/?p=176898"},"modified":"2025-12-05T11:06:37","modified_gmt":"2025-12-05T11:06:37","slug":"the-commitment-to-integrated-health-leaves-a-mark","status":"publish","type":"post","link":"https:\/\/raed.academy\/en\/the-commitment-to-integrated-health-leaves-a-mark\/","title":{"rendered":"The commitment to integrated health leaves a mark"},"content":{"rendered":"<p><img loading=\"lazy\" decoding=\"async\" class=\"aligncenter size-full wp-image-149169\" src=\"https:\/\/raed.academy\/wp-content\/uploads\/2024\/05\/una-sola-salud-One-Health-medicina-sanidad-doctores-laboratorio-2.91.webp\" sizes=\"(max-width: 1600px) 100vw, 1600px\" srcset=\"https:\/\/raed.academy\/wp-content\/uploads\/2024\/05\/una-sola-salud-One-Health-medicina-sanidad-doctores-laboratorio-2.91.webp 1600w, https:\/\/raed.academy\/wp-content\/uploads\/2024\/05\/una-sola-salud-One-Health-medicina-sanidad-doctores-laboratorio-2.91-768x264.webp 768w, https:\/\/raed.academy\/wp-content\/uploads\/2024\/05\/una-sola-salud-One-Health-medicina-sanidad-doctores-laboratorio-2.91-1536x528.webp 1536w, https:\/\/raed.academy\/wp-content\/uploads\/2024\/05\/una-sola-salud-One-Health-medicina-sanidad-doctores-laboratorio-2.91-1080x371.webp 1080w\" alt=\"\" width=\"1600\" height=\"550\" \/><\/p>\n<p>The specialised portal <strong>Animal\u2019s Health<\/strong>, dedicated to animal health and welfare and aimed at professionals in these fields, published on 21 November an extensive feature on the scientific session held a few days earlier by the <strong>Royal Academy of Pharmacy of Catalonia<\/strong>, the <strong>Royal European Academy of Doctors<\/strong> (READ), and the <strong>Academy of Veterinary Sciences of Catalonia<\/strong> under the title <strong>\u201cVacunes i salut individual i col\u00b7lectiva, un equilibri necessari\u201d<\/strong>, hosted at the headquarters of the first institution. The aim was to address human and animal health from a multidisciplinary perspective, championing the concept of One Health.<\/p>\n<div id=\"attachment_87267\" style=\"width: 384px\" class=\"wp-caption alignright\"><img loading=\"lazy\" decoding=\"async\" aria-describedby=\"caption-attachment-87267\" class=\"wp-image-87267\" src=\"https:\/\/raed.academy\/wp-content\/uploads\/2020\/02\/Inauguracion-curso-interacademico-y-curso-RAED-2020-14.jpg\" sizes=\"(max-width: 374px) 100vw, 374px\" srcset=\"https:\/\/raed.academy\/wp-content\/uploads\/2020\/02\/Inauguracion-curso-interacademico-y-curso-RAED-2020-14.jpg 800w, https:\/\/raed.academy\/wp-content\/uploads\/2020\/02\/Inauguracion-curso-interacademico-y-curso-RAED-2020-14-768x512.jpg 768w\" alt=\"Maria \u00c0ngels Calvo\" width=\"374\" height=\"249\" aria-describedby=\"caption-attachment-87267\" \/><p id=\"caption-attachment-87267\" class=\"wp-caption-text\">Dra. Maria \u00c0ngels Calvo<\/p><\/div>\n<p>The session featured presentations by: <a href=\"https:\/\/raed.academy\/en\/academicians\/dra-maria-dels-angels-calvo-torras\/\"><strong>Maria \u00c0ngels Calvo<\/strong><\/a>, Professor at the Faculty of Veterinary Medicine of the <strong>Autonomous University of Barcelona<\/strong>, President of the Academy of Veterinary Sciences, Numerary Member of the <strong>Royal Academy of Medicine of Catalonia<\/strong>, of the Royal Academy of Pharmacy of Catalonia, and Numerary Member and Vice-President of the READ; <a href=\"https:\/\/raed.academy\/en\/academicians\/dr-rafael-i-barraquer-compte\/dr-jordi-marti-pidelaserra-2\/\"><strong>Jordi Mart\u00ed<\/strong><\/a>, Professor of Economics and Accounting at the <strong>University of Barcelona<\/strong>, Director of the <strong>Master\u2019s in Verification of Non-Financial Information<\/strong> at the same institution, and Numerary Member and member of the <strong>Governing Board<\/strong> of the READ; and <strong>N\u00faria Torner<\/strong>, Professor of Preventive Medicine and Public Health at the Faculty of Pharmacy of the University of Barcelona and Numerary Member of the Royal Academy of Pharmacy of Catalonia.<\/p>\n<p>During the session\u2014part of the <strong>Week of the Academies<\/strong>, organised by the <strong>Inter-Academic Council of Catalonia<\/strong> to mark the opening of the new academic year\u2014the three experts highlighted the critical importance of vaccination campaigns and the need to counter growing anti-vaccine movements with solid scientific arguments, as reported by <em>Animal\u2019s Health<\/em>. The publication placed special emphasis on Calvo\u2019s address, noting that she had been recognised with the <strong>Woman of the Year Award<\/strong> as the most influential woman in Animal and Veterinary Health.<\/p>\n<p>&#8220;Calvo focused her address on the importance of the One Health concept, of which she is one of the main introducers in Spain, and called for integrated responses to end the threat posed by zoonoses in the transmission of diseases that seriously affect humans. She appealed for a multidisciplinary approach to these public-health challenges, since any alteration of the environment caused by human activity represents a risk that must be addressed even beyond the fields of medicine or veterinary science,&#8221; the portal explains.<\/p>\n<div id=\"attachment_79624\" style=\"width: 405px\" class=\"wp-caption alignleft\"><img loading=\"lazy\" decoding=\"async\" aria-describedby=\"caption-attachment-79624\" class=\"wp-image-79624\" src=\"https:\/\/raed.academy\/wp-content\/uploads\/2019\/09\/V-Acto-Internacional-RAED-Budapest-Hungria-5-Jordi-Marti.jpg\" sizes=\"(max-width: 395px) 100vw, 395px\" srcset=\"https:\/\/raed.academy\/wp-content\/uploads\/2019\/09\/V-Acto-Internacional-RAED-Budapest-Hungria-5-Jordi-Marti.jpg 800w, https:\/\/raed.academy\/wp-content\/uploads\/2019\/09\/V-Acto-Internacional-RAED-Budapest-Hungria-5-Jordi-Marti-768x512.jpg 768w\" alt=\"Jordi Mart\u00ed - V Acto Internacional RAED en Budapest (Hungr\u00eda)\" width=\"395\" height=\"263\" aria-describedby=\"caption-attachment-79624\" \/><p id=\"caption-attachment-79624\" class=\"wp-caption-text\">Dr. Jordi Mart\u00ed<\/p><\/div>\n<p>Mart\u00ed, for his part, underlined how, from an economic perspective, natural resources and health itself must be considered core capital assets that must be preserved after decades of unrestrained growth at their expense, with minimal investment. Torner offered a critical analysis of universal vaccination and the strategies needed to foster trust and shared responsibility, noting that vaccines are estimated to have saved millions of lives and are widely regarded as one of the greatest advances in the history of medicine.<\/p>\n<p><em>Animal\u2019s Health<\/em> also reported on the information disseminated by the READ regarding the <strong>Inaugural Session of the Academic Year of the Catalan Academies<\/strong>, held on 12 November at the <strong>Palau de la Generalitat de Catalunya<\/strong> and presided over by <strong>Salvador Illa<\/strong>, who highlighted the role of the academies in promoting the common good and social progress.<strong> &#8220;Catalonia cannot afford to waste your potential and capacity for knowledge, because academic work is a driving force of prosperity<\/strong>&#8220;,\u00a0Illa stressed.<\/p>\n<h2><a href=\"https:\/\/www.animalshealth.es\/profesionales\/defienden-importancia-one-health-lucha-contra-movimientos-antivacunas-argumentos-cientificos\" target=\"_blank\" rel=\"noopener\">Read the report in Animal&#8217;s Health<\/a><\/h2>\n","protected":false},"excerpt":{"rendered":"<p>The specialized website Animal&#8217;s Health has published an extensive report on the scientific session &#8220;Vacunes i salut individual i col\u00b7lectiva, un equilibri necessari&#8221; (Vaccines and individual and collective health: a necessary balance) organized by the RAFC, RAED, and ACVC. The session addressed human and animal health from a multidisciplinary perspective, championing the One Health concept<\/p>\n","protected":false},"author":16,"featured_media":149172,"comment_status":"closed","ping_status":"closed","sticky":false,"template":"","format":"standard","meta":{"_et_pb_use_builder":"","_et_pb_old_content":"","_et_gb_content_width":"","footnotes":""},"categories":[333,454,215,443,493,500,485],"tags":[],"class_list":["post-176898","post","type-post","status-publish","format-standard","has-post-thumbnail","hentry","category-biology","category-health-sciences","category-medicine-and-surgery","category-pharmaceutical-sciences","category-scientific-meetings-and-congresses","category-vet","category-virology","et-has-post-format-content","et_post_format-et-post-format-standard"],"yoast_head":"<!-- This site is optimized with the Yoast SEO plugin v27.5 - https:\/\/yoast.com\/product\/yoast-seo-wordpress\/ -->\n<title>The commitment to integrated health leaves a mark - Royal European Academy of Doctors<\/title>\n<meta name=\"description\" content=\"Animal&#039;s Health features a report on the scientific session &quot;Vaccines and individual and collective health: a necessary balance&quot;\" \/>\n<meta name=\"robots\" content=\"index, follow, max-snippet:-1, max-image-preview:large, max-video-preview:-1\" \/>\n<link rel=\"canonical\" href=\"https:\/\/raed.academy\/en\/the-commitment-to-integrated-health-leaves-a-mark\/\" \/>\n<meta property=\"og:locale\" content=\"en_US\" \/>\n<meta property=\"og:type\" content=\"article\" \/>\n<meta property=\"og:title\" content=\"The commitment to integrated health leaves a mark - Royal European Academy of Doctors\" \/>\n<meta property=\"og:description\" content=\"Animal&#039;s Health features a report on the scientific session &quot;Vaccines and individual and collective health: a necessary balance&quot;\" \/>\n<meta property=\"og:url\" content=\"https:\/\/raed.academy\/en\/the-commitment-to-integrated-health-leaves-a-mark\/\" \/>\n<meta property=\"og:site_name\" content=\"Royal European Academy of Doctors\" \/>\n<meta property=\"article:publisher\" content=\"http:\/\/fb.me\/raed.academy\" \/>\n<meta property=\"article:published_time\" content=\"2025-12-04T17:34:59+00:00\" \/>\n<meta property=\"article:modified_time\" content=\"2025-12-05T11:06:37+00:00\" \/>\n<meta property=\"og:image\" content=\"https:\/\/raed.academy\/wp-content\/uploads\/2024\/05\/shutt-Una-Salud-One-Health-medicina-sanidad-doctores-laboratorio-1.17.webp\" \/>\n\t<meta property=\"og:image:width\" content=\"350\" \/>\n\t<meta property=\"og:image:height\" content=\"300\" \/>\n\t<meta property=\"og:image:type\" content=\"image\/webp\" \/>\n<meta name=\"author\" content=\"Javier Rodr\u00edguez Sicilia\" \/>\n<meta name=\"twitter:card\" content=\"summary_large_image\" \/>\n<meta name=\"twitter:creator\" content=\"@raedacademy\" \/>\n<meta name=\"twitter:site\" content=\"@raedacademy\" \/>\n<meta name=\"twitter:label1\" content=\"Written by\" \/>\n\t<meta name=\"twitter:data1\" content=\"Javier Rodr\u00edguez Sicilia\" \/>\n\t<meta name=\"twitter:label2\" content=\"Est. reading time\" \/>\n\t<meta name=\"twitter:data2\" content=\"4 minutes\" \/>\n<script type=\"application\/ld+json\" class=\"yoast-schema-graph\">{\"@context\":\"https:\\\/\\\/schema.org\",\"@graph\":[{\"@type\":\"Article\",\"@id\":\"https:\\\/\\\/raed.academy\\\/en\\\/the-commitment-to-integrated-health-leaves-a-mark\\\/#article\",\"isPartOf\":{\"@id\":\"https:\\\/\\\/raed.academy\\\/en\\\/the-commitment-to-integrated-health-leaves-a-mark\\\/\"},\"author\":{\"name\":\"Javier Rodr\u00edguez Sicilia\",\"@id\":\"https:\\\/\\\/raed.academy\\\/en\\\/#\\\/schema\\\/person\\\/31af80688d8a2644644f48b63aa77ee1\"},\"headline\":\"The commitment to integrated health leaves a mark\",\"datePublished\":\"2025-12-04T17:34:59+00:00\",\"dateModified\":\"2025-12-05T11:06:37+00:00\",\"mainEntityOfPage\":{\"@id\":\"https:\\\/\\\/raed.academy\\\/en\\\/the-commitment-to-integrated-health-leaves-a-mark\\\/\"},\"wordCount\":584,\"publisher\":{\"@id\":\"https:\\\/\\\/raed.academy\\\/en\\\/#organization\"},\"image\":{\"@id\":\"https:\\\/\\\/raed.academy\\\/en\\\/the-commitment-to-integrated-health-leaves-a-mark\\\/#primaryimage\"},\"thumbnailUrl\":\"https:\\\/\\\/raed.academy\\\/wp-content\\\/uploads\\\/2024\\\/05\\\/shutt-Una-Salud-One-Health-medicina-sanidad-doctores-laboratorio-1.17.webp\",\"articleSection\":[\"Biology\",\"Health Sciences\",\"Medicine and Surgery\",\"Pharmaceutical Sciences\",\"Scientific Meetings and Congresses\",\"Vet\",\"Virology\"],\"inLanguage\":\"en-US\"},{\"@type\":\"WebPage\",\"@id\":\"https:\\\/\\\/raed.academy\\\/en\\\/the-commitment-to-integrated-health-leaves-a-mark\\\/\",\"url\":\"https:\\\/\\\/raed.academy\\\/en\\\/the-commitment-to-integrated-health-leaves-a-mark\\\/\",\"name\":\"The commitment to integrated health leaves a mark - Royal European Academy of Doctors\",\"isPartOf\":{\"@id\":\"https:\\\/\\\/raed.academy\\\/en\\\/#website\"},\"primaryImageOfPage\":{\"@id\":\"https:\\\/\\\/raed.academy\\\/en\\\/the-commitment-to-integrated-health-leaves-a-mark\\\/#primaryimage\"},\"image\":{\"@id\":\"https:\\\/\\\/raed.academy\\\/en\\\/the-commitment-to-integrated-health-leaves-a-mark\\\/#primaryimage\"},\"thumbnailUrl\":\"https:\\\/\\\/raed.academy\\\/wp-content\\\/uploads\\\/2024\\\/05\\\/shutt-Una-Salud-One-Health-medicina-sanidad-doctores-laboratorio-1.17.webp\",\"datePublished\":\"2025-12-04T17:34:59+00:00\",\"dateModified\":\"2025-12-05T11:06:37+00:00\",\"description\":\"Animal's Health features a report on the scientific session \\\"Vaccines and individual and collective health: a necessary balance\\\"\",\"breadcrumb\":{\"@id\":\"https:\\\/\\\/raed.academy\\\/en\\\/the-commitment-to-integrated-health-leaves-a-mark\\\/#breadcrumb\"},\"inLanguage\":\"en-US\",\"potentialAction\":[{\"@type\":\"ReadAction\",\"target\":[\"https:\\\/\\\/raed.academy\\\/en\\\/the-commitment-to-integrated-health-leaves-a-mark\\\/\"]}]},{\"@type\":\"ImageObject\",\"inLanguage\":\"en-US\",\"@id\":\"https:\\\/\\\/raed.academy\\\/en\\\/the-commitment-to-integrated-health-leaves-a-mark\\\/#primaryimage\",\"url\":\"https:\\\/\\\/raed.academy\\\/wp-content\\\/uploads\\\/2024\\\/05\\\/shutt-Una-Salud-One-Health-medicina-sanidad-doctores-laboratorio-1.17.webp\",\"contentUrl\":\"https:\\\/\\\/raed.academy\\\/wp-content\\\/uploads\\\/2024\\\/05\\\/shutt-Una-Salud-One-Health-medicina-sanidad-doctores-laboratorio-1.17.webp\",\"width\":350,\"height\":300},{\"@type\":\"BreadcrumbList\",\"@id\":\"https:\\\/\\\/raed.academy\\\/en\\\/the-commitment-to-integrated-health-leaves-a-mark\\\/#breadcrumb\",\"itemListElement\":[{\"@type\":\"ListItem\",\"position\":1,\"name\":\"Inicio\",\"item\":\"https:\\\/\\\/raed.academy\\\/en\\\/\"},{\"@type\":\"ListItem\",\"position\":2,\"name\":\"The commitment to integrated health leaves a mark\"}]},{\"@type\":\"WebSite\",\"@id\":\"https:\\\/\\\/raed.academy\\\/en\\\/#website\",\"url\":\"https:\\\/\\\/raed.academy\\\/en\\\/\",\"name\":\"Royal European Academy of Doctors\",\"description\":\"Corporaci\u00f3n de derecho p\u00fablico de car\u00e1cter cient\u00edfico, t\u00e9cnico y art\u00edstico, que tiene por objeto la investigaci\u00f3n, el estudio, el fomento y la extensi\u00f3n del conocimiento en su sentido m\u00e1s amplio.\",\"publisher\":{\"@id\":\"https:\\\/\\\/raed.academy\\\/en\\\/#organization\"},\"potentialAction\":[{\"@type\":\"SearchAction\",\"target\":{\"@type\":\"EntryPoint\",\"urlTemplate\":\"https:\\\/\\\/raed.academy\\\/en\\\/?s={search_term_string}\"},\"query-input\":{\"@type\":\"PropertyValueSpecification\",\"valueRequired\":true,\"valueName\":\"search_term_string\"}}],\"inLanguage\":\"en-US\"},{\"@type\":\"Organization\",\"@id\":\"https:\\\/\\\/raed.academy\\\/en\\\/#organization\",\"name\":\"Real Academia Europea de Doctores\",\"url\":\"https:\\\/\\\/raed.academy\\\/en\\\/\",\"logo\":{\"@type\":\"ImageObject\",\"inLanguage\":\"en-US\",\"@id\":\"https:\\\/\\\/raed.academy\\\/en\\\/#\\\/schema\\\/logo\\\/image\\\/\",\"url\":\"https:\\\/\\\/raed.academy\\\/wp-content\\\/uploads\\\/2017\\\/01\\\/cropped-logo_raed.png\",\"contentUrl\":\"https:\\\/\\\/raed.academy\\\/wp-content\\\/uploads\\\/2017\\\/01\\\/cropped-logo_raed.png\",\"width\":512,\"height\":512,\"caption\":\"Real Academia Europea de Doctores\"},\"image\":{\"@id\":\"https:\\\/\\\/raed.academy\\\/en\\\/#\\\/schema\\\/logo\\\/image\\\/\"},\"sameAs\":[\"http:\\\/\\\/fb.me\\\/raed.academy\",\"https:\\\/\\\/x.com\\\/raedacademy\",\"https:\\\/\\\/www.instagram.com\\\/raed.academy\\\/\",\"https:\\\/\\\/www.youtube.com\\\/channel\\\/UCUYQwW2KrdirNWihxMDObwg\"]},{\"@type\":\"Person\",\"@id\":\"https:\\\/\\\/raed.academy\\\/en\\\/#\\\/schema\\\/person\\\/31af80688d8a2644644f48b63aa77ee1\",\"name\":\"Javier Rodr\u00edguez Sicilia\",\"image\":{\"@type\":\"ImageObject\",\"inLanguage\":\"en-US\",\"@id\":\"https:\\\/\\\/secure.gravatar.com\\\/avatar\\\/702200af99a88a3d626bc9ca2ee9361fa6e582e4455b1e641d8576c963ca66d5?s=96&d=mm&r=g\",\"url\":\"https:\\\/\\\/secure.gravatar.com\\\/avatar\\\/702200af99a88a3d626bc9ca2ee9361fa6e582e4455b1e641d8576c963ca66d5?s=96&d=mm&r=g\",\"contentUrl\":\"https:\\\/\\\/secure.gravatar.com\\\/avatar\\\/702200af99a88a3d626bc9ca2ee9361fa6e582e4455b1e641d8576c963ca66d5?s=96&d=mm&r=g\",\"caption\":\"Javier Rodr\u00edguez Sicilia\"}}]}<\/script>\n<!-- \/ Yoast SEO plugin. -->","yoast_head_json":{"title":"The commitment to integrated health leaves a mark - Royal European Academy of Doctors","description":"Animal's Health features a report on the scientific session \"Vaccines and individual and collective health: a necessary balance\"","robots":{"index":"index","follow":"follow","max-snippet":"max-snippet:-1","max-image-preview":"max-image-preview:large","max-video-preview":"max-video-preview:-1"},"canonical":"https:\/\/raed.academy\/en\/the-commitment-to-integrated-health-leaves-a-mark\/","og_locale":"en_US","og_type":"article","og_title":"The commitment to integrated health leaves a mark - Royal European Academy of Doctors","og_description":"Animal's Health features a report on the scientific session \"Vaccines and individual and collective health: a necessary balance\"","og_url":"https:\/\/raed.academy\/en\/the-commitment-to-integrated-health-leaves-a-mark\/","og_site_name":"Royal European Academy of Doctors","article_publisher":"http:\/\/fb.me\/raed.academy","article_published_time":"2025-12-04T17:34:59+00:00","article_modified_time":"2025-12-05T11:06:37+00:00","og_image":[{"width":350,"height":300,"url":"https:\/\/raed.academy\/wp-content\/uploads\/2024\/05\/shutt-Una-Salud-One-Health-medicina-sanidad-doctores-laboratorio-1.17.webp","type":"image\/webp"}],"author":"Javier Rodr\u00edguez Sicilia","twitter_card":"summary_large_image","twitter_creator":"@raedacademy","twitter_site":"@raedacademy","twitter_misc":{"Written by":"Javier Rodr\u00edguez Sicilia","Est. reading time":"4 minutes"},"schema":{"@context":"https:\/\/schema.org","@graph":[{"@type":"Article","@id":"https:\/\/raed.academy\/en\/the-commitment-to-integrated-health-leaves-a-mark\/#article","isPartOf":{"@id":"https:\/\/raed.academy\/en\/the-commitment-to-integrated-health-leaves-a-mark\/"},"author":{"name":"Javier Rodr\u00edguez Sicilia","@id":"https:\/\/raed.academy\/en\/#\/schema\/person\/31af80688d8a2644644f48b63aa77ee1"},"headline":"The commitment to integrated health leaves a mark","datePublished":"2025-12-04T17:34:59+00:00","dateModified":"2025-12-05T11:06:37+00:00","mainEntityOfPage":{"@id":"https:\/\/raed.academy\/en\/the-commitment-to-integrated-health-leaves-a-mark\/"},"wordCount":584,"publisher":{"@id":"https:\/\/raed.academy\/en\/#organization"},"image":{"@id":"https:\/\/raed.academy\/en\/the-commitment-to-integrated-health-leaves-a-mark\/#primaryimage"},"thumbnailUrl":"https:\/\/raed.academy\/wp-content\/uploads\/2024\/05\/shutt-Una-Salud-One-Health-medicina-sanidad-doctores-laboratorio-1.17.webp","articleSection":["Biology","Health Sciences","Medicine and Surgery","Pharmaceutical Sciences","Scientific Meetings and Congresses","Vet","Virology"],"inLanguage":"en-US"},{"@type":"WebPage","@id":"https:\/\/raed.academy\/en\/the-commitment-to-integrated-health-leaves-a-mark\/","url":"https:\/\/raed.academy\/en\/the-commitment-to-integrated-health-leaves-a-mark\/","name":"The commitment to integrated health leaves a mark - Royal European Academy of Doctors","isPartOf":{"@id":"https:\/\/raed.academy\/en\/#website"},"primaryImageOfPage":{"@id":"https:\/\/raed.academy\/en\/the-commitment-to-integrated-health-leaves-a-mark\/#primaryimage"},"image":{"@id":"https:\/\/raed.academy\/en\/the-commitment-to-integrated-health-leaves-a-mark\/#primaryimage"},"thumbnailUrl":"https:\/\/raed.academy\/wp-content\/uploads\/2024\/05\/shutt-Una-Salud-One-Health-medicina-sanidad-doctores-laboratorio-1.17.webp","datePublished":"2025-12-04T17:34:59+00:00","dateModified":"2025-12-05T11:06:37+00:00","description":"Animal's Health features a report on the scientific session \"Vaccines and individual and collective health: a necessary balance\"","breadcrumb":{"@id":"https:\/\/raed.academy\/en\/the-commitment-to-integrated-health-leaves-a-mark\/#breadcrumb"},"inLanguage":"en-US","potentialAction":[{"@type":"ReadAction","target":["https:\/\/raed.academy\/en\/the-commitment-to-integrated-health-leaves-a-mark\/"]}]},{"@type":"ImageObject","inLanguage":"en-US","@id":"https:\/\/raed.academy\/en\/the-commitment-to-integrated-health-leaves-a-mark\/#primaryimage","url":"https:\/\/raed.academy\/wp-content\/uploads\/2024\/05\/shutt-Una-Salud-One-Health-medicina-sanidad-doctores-laboratorio-1.17.webp","contentUrl":"https:\/\/raed.academy\/wp-content\/uploads\/2024\/05\/shutt-Una-Salud-One-Health-medicina-sanidad-doctores-laboratorio-1.17.webp","width":350,"height":300},{"@type":"BreadcrumbList","@id":"https:\/\/raed.academy\/en\/the-commitment-to-integrated-health-leaves-a-mark\/#breadcrumb","itemListElement":[{"@type":"ListItem","position":1,"name":"Inicio","item":"https:\/\/raed.academy\/en\/"},{"@type":"ListItem","position":2,"name":"The commitment to integrated health leaves a mark"}]},{"@type":"WebSite","@id":"https:\/\/raed.academy\/en\/#website","url":"https:\/\/raed.academy\/en\/","name":"Royal European Academy of Doctors","description":"Corporaci\u00f3n de derecho p\u00fablico de car\u00e1cter cient\u00edfico, t\u00e9cnico y art\u00edstico, que tiene por objeto la investigaci\u00f3n, el estudio, el fomento y la extensi\u00f3n del conocimiento en su sentido m\u00e1s amplio.","publisher":{"@id":"https:\/\/raed.academy\/en\/#organization"},"potentialAction":[{"@type":"SearchAction","target":{"@type":"EntryPoint","urlTemplate":"https:\/\/raed.academy\/en\/?s={search_term_string}"},"query-input":{"@type":"PropertyValueSpecification","valueRequired":true,"valueName":"search_term_string"}}],"inLanguage":"en-US"},{"@type":"Organization","@id":"https:\/\/raed.academy\/en\/#organization","name":"Real Academia Europea de Doctores","url":"https:\/\/raed.academy\/en\/","logo":{"@type":"ImageObject","inLanguage":"en-US","@id":"https:\/\/raed.academy\/en\/#\/schema\/logo\/image\/","url":"https:\/\/raed.academy\/wp-content\/uploads\/2017\/01\/cropped-logo_raed.png","contentUrl":"https:\/\/raed.academy\/wp-content\/uploads\/2017\/01\/cropped-logo_raed.png","width":512,"height":512,"caption":"Real Academia Europea de Doctores"},"image":{"@id":"https:\/\/raed.academy\/en\/#\/schema\/logo\/image\/"},"sameAs":["http:\/\/fb.me\/raed.academy","https:\/\/x.com\/raedacademy","https:\/\/www.instagram.com\/raed.academy\/","https:\/\/www.youtube.com\/channel\/UCUYQwW2KrdirNWihxMDObwg"]},{"@type":"Person","@id":"https:\/\/raed.academy\/en\/#\/schema\/person\/31af80688d8a2644644f48b63aa77ee1","name":"Javier Rodr\u00edguez Sicilia","image":{"@type":"ImageObject","inLanguage":"en-US","@id":"https:\/\/secure.gravatar.com\/avatar\/702200af99a88a3d626bc9ca2ee9361fa6e582e4455b1e641d8576c963ca66d5?s=96&d=mm&r=g","url":"https:\/\/secure.gravatar.com\/avatar\/702200af99a88a3d626bc9ca2ee9361fa6e582e4455b1e641d8576c963ca66d5?s=96&d=mm&r=g","contentUrl":"https:\/\/secure.gravatar.com\/avatar\/702200af99a88a3d626bc9ca2ee9361fa6e582e4455b1e641d8576c963ca66d5?s=96&d=mm&r=g","caption":"Javier Rodr\u00edguez Sicilia"}}]}},"_links":{"self":[{"href":"https:\/\/raed.academy\/en\/wp-json\/wp\/v2\/posts\/176898","targetHints":{"allow":["GET"]}}],"collection":[{"href":"https:\/\/raed.academy\/en\/wp-json\/wp\/v2\/posts"}],"about":[{"href":"https:\/\/raed.academy\/en\/wp-json\/wp\/v2\/types\/post"}],"author":[{"embeddable":true,"href":"https:\/\/raed.academy\/en\/wp-json\/wp\/v2\/users\/16"}],"replies":[{"embeddable":true,"href":"https:\/\/raed.academy\/en\/wp-json\/wp\/v2\/comments?post=176898"}],"version-history":[{"count":3,"href":"https:\/\/raed.academy\/en\/wp-json\/wp\/v2\/posts\/176898\/revisions"}],"predecessor-version":[{"id":176937,"href":"https:\/\/raed.academy\/en\/wp-json\/wp\/v2\/posts\/176898\/revisions\/176937"}],"wp:featuredmedia":[{"embeddable":true,"href":"https:\/\/raed.academy\/en\/wp-json\/wp\/v2\/media\/149172"}],"wp:attachment":[{"href":"https:\/\/raed.academy\/en\/wp-json\/wp\/v2\/media?parent=176898"}],"wp:term":[{"taxonomy":"category","embeddable":true,"href":"https:\/\/raed.academy\/en\/wp-json\/wp\/v2\/categories?post=176898"},{"taxonomy":"post_tag","embeddable":true,"href":"https:\/\/raed.academy\/en\/wp-json\/wp\/v2\/tags?post=176898"}],"curies":[{"name":"wp","href":"https:\/\/api.w.org\/{rel}","templated":true}]}}