{"id":176885,"date":"2025-12-04T16:47:12","date_gmt":"2025-12-04T16:47:12","guid":{"rendered":"https:\/\/raed.academy\/?p=176885"},"modified":"2025-12-04T16:47:12","modified_gmt":"2025-12-04T16:47:12","slug":"from-individual-health-to-the-common-good","status":"publish","type":"post","link":"https:\/\/raed.academy\/en\/from-individual-health-to-the-common-good\/","title":{"rendered":"From individual health to the common good"},"content":{"rendered":"<div id=\"attachment_155780\" style=\"width: 253px\" class=\"wp-caption alignright\"><img loading=\"lazy\" decoding=\"async\" aria-describedby=\"caption-attachment-155780\" class=\"wp-image-155780\" src=\"https:\/\/raed.academy\/wp-content\/uploads\/2024\/11\/Enric-Canela.webp\" alt=\"Enric Canela\" width=\"243\" height=\"347\" aria-describedby=\"caption-attachment-155780\" \/><p id=\"caption-attachment-155780\" class=\"wp-caption-text\">Enric Canela<\/p><\/div>\n<p><strong>Enric Canela<\/strong>, Emeritus Professor of Biochemistry and Molecular Biology at the <strong>University of Barcelona<\/strong> and collaborator of the <strong>Royal European Academy of Doctors (<\/strong>READ), shares with the academic community his latest article published on his blog, <strong>enriccanela.cat<\/strong>, an outreach space dedicated to health and well-being, together with his most recent contributions to the newspaper <strong>\u201cEl Punt-Avui\u201d<\/strong>, where he focuses on education and research, and to the news portal <strong>El Mat\u00ed Digital<\/strong>. These include the entries <strong>\u201cViure amb el sol\u201d<\/strong>, <strong>\u201cL\u2019edat del cor\u201d<\/strong>, <strong>\u201cEl risc de la melatonina\u201d<\/strong>, and the article <strong>\u201cIncapa\u00e7os de cr\u00e9ixer\u201d<\/strong>, published between 26 October and 30 November.<\/p>\n<p>In \u201cViure amb el sol\u201d, the expert addresses the debate surrounding the seasonal time change carried out at the summer and winter solstices, siding with those who advocate abolishing the practice of moving the clock forward or backward. \u201cMost of us in the European Union believe that shifting time twice a year is a disruption that alters physiological rhythms for an administrative decision that makes no sense. It is evident that time changes are harmful to health. Some people are less affected because, without work or social obligations, they gradually adjust their meal times, sleep schedules or wake-up times. Those who suffer the most are children, and also\u2014due to the change in the household rhythm\u2014dogs and cats,\u201d he reflects.<\/p>\n<p>In \u201cL\u2019edat del cor\u201d, Canela considers the use of statins to combat high cholesterol levels and the alternative of diagnostic tools that offer more precise data on cardiovascular health and allow for more accurate assessments. \u201cThe most precise marker to estimate real vascular age is the CAC Score, which measures the amount of calcium (Agatston units) in the coronary arteries. It reflects actual disease, not theoretical risk, indicating the age a person would have if they had the same atherosclerotic burden. Only a non-contrast cardiac CT scan synchronised with an ECG is required. CAC is particularly useful in intermediate-risk patients because it helps decide whether medication should be intensified or avoided, preventing overtreatment in those with theoretically high risk but minimal actual disease. However, CAC does not completely replace risk assessment; it is an additional tool that physicians should always consider,\u201d he explains.<\/p>\n<p><img loading=\"lazy\" decoding=\"async\" class=\"alignleft size-full wp-image-70670\" src=\"https:\/\/raed.academy\/wp-content\/uploads\/2019\/04\/dejemos-de-perder-el-tiempo-dstNtc-e1739440332582.jpg\" sizes=\"(max-width: 500px) 100vw, 500px\" srcset=\"https:\/\/raed.academy\/wp-content\/uploads\/2019\/04\/dejemos-de-perder-el-tiempo-dstNtc-e1739440332582.jpg 500w, https:\/\/raed.academy\/wp-content\/uploads\/2019\/04\/dejemos-de-perder-el-tiempo-dstNtc-e1739440332582-440x264.jpg 440w\" alt=\"\" width=\"500\" height=\"300\" \/>In \u201cEl risc de la melatonina\u201d, he focuses on the controversial use of another substance\u2014often without medical supervision\u2014to help induce sleep. \u201cHormones should only be taken with a prescription and under strict medical supervision. Doctors may prescribe corticosteroids, oestrogens, testosterone or thyroxine. These are not micronutrients, although animal-based foods contain small quantities\u2014the hormones naturally found in the animal. Supplementing with most hormones carries a potential risk. Surprisingly, misuse of one hormone\u2014melatonin\u2014has become widespread. Melatonin is known to be a hormone and antioxidant that, in the brain, regulates circadian cycles. Although it does not induce sleep, it is linked to the sleep\u2013wake cycle and is secreted by the pineal gland when the retina stops receiving sunlight, especially blue-spectrum light,\u201d he notes.<\/p>\n<p>Finally, in \u201cIncapa\u00e7os de cr\u00e9ixer\u201d, he urges the Catalan administration to promote the consolidation and growth of innovation. \u201cCatalonia can build a globally competitive ecosystem without losing its identity if the government fosters alliances among local companies, coordinated international promotion, export support, and the development of patents and R&amp;D with universities and technology centres, strengthening coordination between public policy and private initiative. To improve competitiveness, programmes for leadership transition, accelerators and scaling-up centres for SMEs, innovative public procurement, and tax and financial incentives for reindustrialisation and digitalisation are needed, as well as sectoral export consortia that pool capacities and allow competition with critical mass,\u201d he argues.<\/p>\n","protected":false},"excerpt":{"rendered":"<p>Latest articles by Enric Canela, popular popularizer on health and well-being: &#8220;Viure amb el sol&#8221;, &#8220;L&#8217;edat del cor&#8221;, &#8220;El risc de la melatonina&#8221; and &#8220;Incapa\u00e7os de cr\u00e9ixer&#8221;<\/p>\n","protected":false},"author":16,"featured_media":176886,"comment_status":"closed","ping_status":"closed","sticky":false,"template":"","format":"standard","meta":{"_et_pb_use_builder":"","_et_pb_old_content":"","_et_gb_content_width":"","footnotes":""},"categories":[333,305,236,454,215,443,351],"tags":[],"class_list":["post-176885","post","type-post","status-publish","format-standard","has-post-thumbnail","hentry","category-biology","category-economy-and-politics-en","category-food-and-nutrition","category-health-sciences","category-medicine-and-surgery","category-pharmaceutical-sciences","category-political-sciences","et-has-post-format-content","et_post_format-et-post-format-standard"],"yoast_head":"<!-- This site is optimized with the Yoast SEO plugin v27.4 - https:\/\/yoast.com\/product\/yoast-seo-wordpress\/ -->\n<title>From individual health to the common good - Royal European Academy of Doctors<\/title>\n<meta name=\"description\" content=\"Latest articles by Enric Canela, popular popularizer on health and well-being: &quot;Viure amb el sol&quot;, &quot;L&#039;edat del cor&quot;, &quot;El risc de la melatonina&quot; and &quot;Incapa\u00e7os de cr\u00e9ixer&quot;\" \/>\n<meta name=\"robots\" content=\"index, follow, max-snippet:-1, max-image-preview:large, max-video-preview:-1\" \/>\n<link rel=\"canonical\" href=\"https:\/\/raed.academy\/en\/from-individual-health-to-the-common-good\/\" \/>\n<meta property=\"og:locale\" content=\"en_US\" \/>\n<meta property=\"og:type\" content=\"article\" \/>\n<meta property=\"og:title\" content=\"From individual health to the common good - Royal European Academy of Doctors\" \/>\n<meta property=\"og:description\" content=\"Latest articles by Enric Canela, popular popularizer on health and well-being: &quot;Viure amb el sol&quot;, &quot;L&#039;edat del cor&quot;, &quot;El risc de la melatonina&quot; and &quot;Incapa\u00e7os de cr\u00e9ixer&quot;\" \/>\n<meta property=\"og:url\" content=\"https:\/\/raed.academy\/en\/from-individual-health-to-the-common-good\/\" \/>\n<meta property=\"og:site_name\" content=\"Royal European Academy of Doctors\" \/>\n<meta property=\"article:publisher\" content=\"http:\/\/fb.me\/raed.academy\" \/>\n<meta property=\"article:published_time\" content=\"2025-12-04T16:47:12+00:00\" \/>\n<meta property=\"og:image\" content=\"https:\/\/raed.academy\/wp-content\/uploads\/2019\/04\/dejemos-de-perder-el-tiempo-dstNtc-e1739440332582.jpg\" \/>\n\t<meta property=\"og:image:width\" content=\"500\" \/>\n\t<meta property=\"og:image:height\" content=\"300\" \/>\n\t<meta property=\"og:image:type\" content=\"image\/jpeg\" \/>\n<meta name=\"author\" content=\"Javier Rodr\u00edguez Sicilia\" \/>\n<meta name=\"twitter:card\" content=\"summary_large_image\" \/>\n<meta name=\"twitter:creator\" content=\"@raedacademy\" \/>\n<meta name=\"twitter:site\" content=\"@raedacademy\" \/>\n<meta name=\"twitter:label1\" content=\"Written by\" \/>\n\t<meta name=\"twitter:data1\" content=\"Javier Rodr\u00edguez Sicilia\" \/>\n\t<meta name=\"twitter:label2\" content=\"Est. reading time\" \/>\n\t<meta name=\"twitter:data2\" content=\"4 minutes\" \/>\n<script type=\"application\/ld+json\" class=\"yoast-schema-graph\">{\"@context\":\"https:\\\/\\\/schema.org\",\"@graph\":[{\"@type\":\"Article\",\"@id\":\"https:\\\/\\\/raed.academy\\\/en\\\/from-individual-health-to-the-common-good\\\/#article\",\"isPartOf\":{\"@id\":\"https:\\\/\\\/raed.academy\\\/en\\\/from-individual-health-to-the-common-good\\\/\"},\"author\":{\"name\":\"Javier Rodr\u00edguez Sicilia\",\"@id\":\"https:\\\/\\\/raed.academy\\\/en\\\/#\\\/schema\\\/person\\\/31af80688d8a2644644f48b63aa77ee1\"},\"headline\":\"From individual health to the common good\",\"datePublished\":\"2025-12-04T16:47:12+00:00\",\"mainEntityOfPage\":{\"@id\":\"https:\\\/\\\/raed.academy\\\/en\\\/from-individual-health-to-the-common-good\\\/\"},\"wordCount\":619,\"publisher\":{\"@id\":\"https:\\\/\\\/raed.academy\\\/en\\\/#organization\"},\"image\":{\"@id\":\"https:\\\/\\\/raed.academy\\\/en\\\/from-individual-health-to-the-common-good\\\/#primaryimage\"},\"thumbnailUrl\":\"https:\\\/\\\/raed.academy\\\/wp-content\\\/uploads\\\/2019\\\/04\\\/dejemos-de-perder-el-tiempo-dstNtc-e1739440332582.jpg\",\"articleSection\":[\"Biology\",\"Economy and politics\",\"Food and nutrition\",\"Health Sciences\",\"Medicine and Surgery\",\"Pharmaceutical Sciences\",\"Political Sciences\"],\"inLanguage\":\"en-US\"},{\"@type\":\"WebPage\",\"@id\":\"https:\\\/\\\/raed.academy\\\/en\\\/from-individual-health-to-the-common-good\\\/\",\"url\":\"https:\\\/\\\/raed.academy\\\/en\\\/from-individual-health-to-the-common-good\\\/\",\"name\":\"From individual health to the common good - Royal European Academy of Doctors\",\"isPartOf\":{\"@id\":\"https:\\\/\\\/raed.academy\\\/en\\\/#website\"},\"primaryImageOfPage\":{\"@id\":\"https:\\\/\\\/raed.academy\\\/en\\\/from-individual-health-to-the-common-good\\\/#primaryimage\"},\"image\":{\"@id\":\"https:\\\/\\\/raed.academy\\\/en\\\/from-individual-health-to-the-common-good\\\/#primaryimage\"},\"thumbnailUrl\":\"https:\\\/\\\/raed.academy\\\/wp-content\\\/uploads\\\/2019\\\/04\\\/dejemos-de-perder-el-tiempo-dstNtc-e1739440332582.jpg\",\"datePublished\":\"2025-12-04T16:47:12+00:00\",\"description\":\"Latest articles by Enric Canela, popular popularizer on health and well-being: \\\"Viure amb el sol\\\", \\\"L'edat del cor\\\", \\\"El risc de la melatonina\\\" and \\\"Incapa\u00e7os de cr\u00e9ixer\\\"\",\"breadcrumb\":{\"@id\":\"https:\\\/\\\/raed.academy\\\/en\\\/from-individual-health-to-the-common-good\\\/#breadcrumb\"},\"inLanguage\":\"en-US\",\"potentialAction\":[{\"@type\":\"ReadAction\",\"target\":[\"https:\\\/\\\/raed.academy\\\/en\\\/from-individual-health-to-the-common-good\\\/\"]}]},{\"@type\":\"ImageObject\",\"inLanguage\":\"en-US\",\"@id\":\"https:\\\/\\\/raed.academy\\\/en\\\/from-individual-health-to-the-common-good\\\/#primaryimage\",\"url\":\"https:\\\/\\\/raed.academy\\\/wp-content\\\/uploads\\\/2019\\\/04\\\/dejemos-de-perder-el-tiempo-dstNtc-e1739440332582.jpg\",\"contentUrl\":\"https:\\\/\\\/raed.academy\\\/wp-content\\\/uploads\\\/2019\\\/04\\\/dejemos-de-perder-el-tiempo-dstNtc-e1739440332582.jpg\",\"width\":500,\"height\":300},{\"@type\":\"BreadcrumbList\",\"@id\":\"https:\\\/\\\/raed.academy\\\/en\\\/from-individual-health-to-the-common-good\\\/#breadcrumb\",\"itemListElement\":[{\"@type\":\"ListItem\",\"position\":1,\"name\":\"Inicio\",\"item\":\"https:\\\/\\\/raed.academy\\\/en\\\/\"},{\"@type\":\"ListItem\",\"position\":2,\"name\":\"From individual health to the common good\"}]},{\"@type\":\"WebSite\",\"@id\":\"https:\\\/\\\/raed.academy\\\/en\\\/#website\",\"url\":\"https:\\\/\\\/raed.academy\\\/en\\\/\",\"name\":\"Royal European Academy of Doctors\",\"description\":\"Corporaci\u00f3n de derecho p\u00fablico de car\u00e1cter cient\u00edfico, t\u00e9cnico y art\u00edstico, que tiene por objeto la investigaci\u00f3n, el estudio, el fomento y la extensi\u00f3n del conocimiento en su sentido m\u00e1s amplio.\",\"publisher\":{\"@id\":\"https:\\\/\\\/raed.academy\\\/en\\\/#organization\"},\"potentialAction\":[{\"@type\":\"SearchAction\",\"target\":{\"@type\":\"EntryPoint\",\"urlTemplate\":\"https:\\\/\\\/raed.academy\\\/en\\\/?s={search_term_string}\"},\"query-input\":{\"@type\":\"PropertyValueSpecification\",\"valueRequired\":true,\"valueName\":\"search_term_string\"}}],\"inLanguage\":\"en-US\"},{\"@type\":\"Organization\",\"@id\":\"https:\\\/\\\/raed.academy\\\/en\\\/#organization\",\"name\":\"Real Academia Europea de Doctores\",\"url\":\"https:\\\/\\\/raed.academy\\\/en\\\/\",\"logo\":{\"@type\":\"ImageObject\",\"inLanguage\":\"en-US\",\"@id\":\"https:\\\/\\\/raed.academy\\\/en\\\/#\\\/schema\\\/logo\\\/image\\\/\",\"url\":\"https:\\\/\\\/raed.academy\\\/wp-content\\\/uploads\\\/2017\\\/01\\\/cropped-logo_raed.png\",\"contentUrl\":\"https:\\\/\\\/raed.academy\\\/wp-content\\\/uploads\\\/2017\\\/01\\\/cropped-logo_raed.png\",\"width\":512,\"height\":512,\"caption\":\"Real Academia Europea de Doctores\"},\"image\":{\"@id\":\"https:\\\/\\\/raed.academy\\\/en\\\/#\\\/schema\\\/logo\\\/image\\\/\"},\"sameAs\":[\"http:\\\/\\\/fb.me\\\/raed.academy\",\"https:\\\/\\\/x.com\\\/raedacademy\",\"https:\\\/\\\/www.instagram.com\\\/raed.academy\\\/\",\"https:\\\/\\\/www.youtube.com\\\/channel\\\/UCUYQwW2KrdirNWihxMDObwg\"]},{\"@type\":\"Person\",\"@id\":\"https:\\\/\\\/raed.academy\\\/en\\\/#\\\/schema\\\/person\\\/31af80688d8a2644644f48b63aa77ee1\",\"name\":\"Javier Rodr\u00edguez Sicilia\",\"image\":{\"@type\":\"ImageObject\",\"inLanguage\":\"en-US\",\"@id\":\"https:\\\/\\\/secure.gravatar.com\\\/avatar\\\/702200af99a88a3d626bc9ca2ee9361fa6e582e4455b1e641d8576c963ca66d5?s=96&d=mm&r=g\",\"url\":\"https:\\\/\\\/secure.gravatar.com\\\/avatar\\\/702200af99a88a3d626bc9ca2ee9361fa6e582e4455b1e641d8576c963ca66d5?s=96&d=mm&r=g\",\"contentUrl\":\"https:\\\/\\\/secure.gravatar.com\\\/avatar\\\/702200af99a88a3d626bc9ca2ee9361fa6e582e4455b1e641d8576c963ca66d5?s=96&d=mm&r=g\",\"caption\":\"Javier Rodr\u00edguez Sicilia\"}}]}<\/script>\n<!-- \/ Yoast SEO plugin. -->","yoast_head_json":{"title":"From individual health to the common good - Royal European Academy of Doctors","description":"Latest articles by Enric Canela, popular popularizer on health and well-being: \"Viure amb el sol\", \"L'edat del cor\", \"El risc de la melatonina\" and \"Incapa\u00e7os de cr\u00e9ixer\"","robots":{"index":"index","follow":"follow","max-snippet":"max-snippet:-1","max-image-preview":"max-image-preview:large","max-video-preview":"max-video-preview:-1"},"canonical":"https:\/\/raed.academy\/en\/from-individual-health-to-the-common-good\/","og_locale":"en_US","og_type":"article","og_title":"From individual health to the common good - Royal European Academy of Doctors","og_description":"Latest articles by Enric Canela, popular popularizer on health and well-being: \"Viure amb el sol\", \"L'edat del cor\", \"El risc de la melatonina\" and \"Incapa\u00e7os de cr\u00e9ixer\"","og_url":"https:\/\/raed.academy\/en\/from-individual-health-to-the-common-good\/","og_site_name":"Royal European Academy of Doctors","article_publisher":"http:\/\/fb.me\/raed.academy","article_published_time":"2025-12-04T16:47:12+00:00","og_image":[{"width":500,"height":300,"url":"https:\/\/raed.academy\/wp-content\/uploads\/2019\/04\/dejemos-de-perder-el-tiempo-dstNtc-e1739440332582.jpg","type":"image\/jpeg"}],"author":"Javier Rodr\u00edguez Sicilia","twitter_card":"summary_large_image","twitter_creator":"@raedacademy","twitter_site":"@raedacademy","twitter_misc":{"Written by":"Javier Rodr\u00edguez Sicilia","Est. reading time":"4 minutes"},"schema":{"@context":"https:\/\/schema.org","@graph":[{"@type":"Article","@id":"https:\/\/raed.academy\/en\/from-individual-health-to-the-common-good\/#article","isPartOf":{"@id":"https:\/\/raed.academy\/en\/from-individual-health-to-the-common-good\/"},"author":{"name":"Javier Rodr\u00edguez Sicilia","@id":"https:\/\/raed.academy\/en\/#\/schema\/person\/31af80688d8a2644644f48b63aa77ee1"},"headline":"From individual health to the common good","datePublished":"2025-12-04T16:47:12+00:00","mainEntityOfPage":{"@id":"https:\/\/raed.academy\/en\/from-individual-health-to-the-common-good\/"},"wordCount":619,"publisher":{"@id":"https:\/\/raed.academy\/en\/#organization"},"image":{"@id":"https:\/\/raed.academy\/en\/from-individual-health-to-the-common-good\/#primaryimage"},"thumbnailUrl":"https:\/\/raed.academy\/wp-content\/uploads\/2019\/04\/dejemos-de-perder-el-tiempo-dstNtc-e1739440332582.jpg","articleSection":["Biology","Economy and politics","Food and nutrition","Health Sciences","Medicine and Surgery","Pharmaceutical Sciences","Political Sciences"],"inLanguage":"en-US"},{"@type":"WebPage","@id":"https:\/\/raed.academy\/en\/from-individual-health-to-the-common-good\/","url":"https:\/\/raed.academy\/en\/from-individual-health-to-the-common-good\/","name":"From individual health to the common good - Royal European Academy of Doctors","isPartOf":{"@id":"https:\/\/raed.academy\/en\/#website"},"primaryImageOfPage":{"@id":"https:\/\/raed.academy\/en\/from-individual-health-to-the-common-good\/#primaryimage"},"image":{"@id":"https:\/\/raed.academy\/en\/from-individual-health-to-the-common-good\/#primaryimage"},"thumbnailUrl":"https:\/\/raed.academy\/wp-content\/uploads\/2019\/04\/dejemos-de-perder-el-tiempo-dstNtc-e1739440332582.jpg","datePublished":"2025-12-04T16:47:12+00:00","description":"Latest articles by Enric Canela, popular popularizer on health and well-being: \"Viure amb el sol\", \"L'edat del cor\", \"El risc de la melatonina\" and \"Incapa\u00e7os de cr\u00e9ixer\"","breadcrumb":{"@id":"https:\/\/raed.academy\/en\/from-individual-health-to-the-common-good\/#breadcrumb"},"inLanguage":"en-US","potentialAction":[{"@type":"ReadAction","target":["https:\/\/raed.academy\/en\/from-individual-health-to-the-common-good\/"]}]},{"@type":"ImageObject","inLanguage":"en-US","@id":"https:\/\/raed.academy\/en\/from-individual-health-to-the-common-good\/#primaryimage","url":"https:\/\/raed.academy\/wp-content\/uploads\/2019\/04\/dejemos-de-perder-el-tiempo-dstNtc-e1739440332582.jpg","contentUrl":"https:\/\/raed.academy\/wp-content\/uploads\/2019\/04\/dejemos-de-perder-el-tiempo-dstNtc-e1739440332582.jpg","width":500,"height":300},{"@type":"BreadcrumbList","@id":"https:\/\/raed.academy\/en\/from-individual-health-to-the-common-good\/#breadcrumb","itemListElement":[{"@type":"ListItem","position":1,"name":"Inicio","item":"https:\/\/raed.academy\/en\/"},{"@type":"ListItem","position":2,"name":"From individual health to the common good"}]},{"@type":"WebSite","@id":"https:\/\/raed.academy\/en\/#website","url":"https:\/\/raed.academy\/en\/","name":"Royal European Academy of Doctors","description":"Corporaci\u00f3n de derecho p\u00fablico de car\u00e1cter cient\u00edfico, t\u00e9cnico y art\u00edstico, que tiene por objeto la investigaci\u00f3n, el estudio, el fomento y la extensi\u00f3n del conocimiento en su sentido m\u00e1s amplio.","publisher":{"@id":"https:\/\/raed.academy\/en\/#organization"},"potentialAction":[{"@type":"SearchAction","target":{"@type":"EntryPoint","urlTemplate":"https:\/\/raed.academy\/en\/?s={search_term_string}"},"query-input":{"@type":"PropertyValueSpecification","valueRequired":true,"valueName":"search_term_string"}}],"inLanguage":"en-US"},{"@type":"Organization","@id":"https:\/\/raed.academy\/en\/#organization","name":"Real Academia Europea de Doctores","url":"https:\/\/raed.academy\/en\/","logo":{"@type":"ImageObject","inLanguage":"en-US","@id":"https:\/\/raed.academy\/en\/#\/schema\/logo\/image\/","url":"https:\/\/raed.academy\/wp-content\/uploads\/2017\/01\/cropped-logo_raed.png","contentUrl":"https:\/\/raed.academy\/wp-content\/uploads\/2017\/01\/cropped-logo_raed.png","width":512,"height":512,"caption":"Real Academia Europea de Doctores"},"image":{"@id":"https:\/\/raed.academy\/en\/#\/schema\/logo\/image\/"},"sameAs":["http:\/\/fb.me\/raed.academy","https:\/\/x.com\/raedacademy","https:\/\/www.instagram.com\/raed.academy\/","https:\/\/www.youtube.com\/channel\/UCUYQwW2KrdirNWihxMDObwg"]},{"@type":"Person","@id":"https:\/\/raed.academy\/en\/#\/schema\/person\/31af80688d8a2644644f48b63aa77ee1","name":"Javier Rodr\u00edguez Sicilia","image":{"@type":"ImageObject","inLanguage":"en-US","@id":"https:\/\/secure.gravatar.com\/avatar\/702200af99a88a3d626bc9ca2ee9361fa6e582e4455b1e641d8576c963ca66d5?s=96&d=mm&r=g","url":"https:\/\/secure.gravatar.com\/avatar\/702200af99a88a3d626bc9ca2ee9361fa6e582e4455b1e641d8576c963ca66d5?s=96&d=mm&r=g","contentUrl":"https:\/\/secure.gravatar.com\/avatar\/702200af99a88a3d626bc9ca2ee9361fa6e582e4455b1e641d8576c963ca66d5?s=96&d=mm&r=g","caption":"Javier Rodr\u00edguez Sicilia"}}]}},"_links":{"self":[{"href":"https:\/\/raed.academy\/en\/wp-json\/wp\/v2\/posts\/176885","targetHints":{"allow":["GET"]}}],"collection":[{"href":"https:\/\/raed.academy\/en\/wp-json\/wp\/v2\/posts"}],"about":[{"href":"https:\/\/raed.academy\/en\/wp-json\/wp\/v2\/types\/post"}],"author":[{"embeddable":true,"href":"https:\/\/raed.academy\/en\/wp-json\/wp\/v2\/users\/16"}],"replies":[{"embeddable":true,"href":"https:\/\/raed.academy\/en\/wp-json\/wp\/v2\/comments?post=176885"}],"version-history":[{"count":1,"href":"https:\/\/raed.academy\/en\/wp-json\/wp\/v2\/posts\/176885\/revisions"}],"predecessor-version":[{"id":176887,"href":"https:\/\/raed.academy\/en\/wp-json\/wp\/v2\/posts\/176885\/revisions\/176887"}],"wp:featuredmedia":[{"embeddable":true,"href":"https:\/\/raed.academy\/en\/wp-json\/wp\/v2\/media\/176886"}],"wp:attachment":[{"href":"https:\/\/raed.academy\/en\/wp-json\/wp\/v2\/media?parent=176885"}],"wp:term":[{"taxonomy":"category","embeddable":true,"href":"https:\/\/raed.academy\/en\/wp-json\/wp\/v2\/categories?post=176885"},{"taxonomy":"post_tag","embeddable":true,"href":"https:\/\/raed.academy\/en\/wp-json\/wp\/v2\/tags?post=176885"}],"curies":[{"name":"wp","href":"https:\/\/api.w.org\/{rel}","templated":true}]}}