{"id":176199,"date":"2025-11-25T05:42:28","date_gmt":"2025-11-25T05:42:28","guid":{"rendered":"https:\/\/raed.academy\/?p=176199"},"modified":"2025-11-25T05:46:00","modified_gmt":"2025-11-25T05:46:00","slug":"pilar-bayer-a-teacher-of-teachers","status":"publish","type":"post","link":"https:\/\/raed.academy\/en\/pilar-bayer-a-teacher-of-teachers\/","title":{"rendered":"Pilar Bayer, a teacher of teachers"},"content":{"rendered":"<div id=\"attachment_102468\" style=\"width: 229px\" class=\"wp-caption alignleft\"><img loading=\"lazy\" decoding=\"async\" aria-describedby=\"caption-attachment-102468\" class=\"wp-image-102468\" src=\"https:\/\/raed.academy\/wp-content\/uploads\/2021\/05\/Pilar-Bayer.jpg\" alt=\"Pilar Bayer\" width=\"219\" height=\"330\" aria-describedby=\"caption-attachment-102468\" \/><p id=\"caption-attachment-102468\" class=\"wp-caption-text\">Dr. Pilar Bayer<\/p><\/div>\n<p><a href=\"https:\/\/raed.academy\/en\/academicians\/dr-pilar-bayer-isant\/\"><strong>Pilar Bayer<\/strong><\/a>, Professor Emerita at the <strong>University of Barcelona<\/strong>, founder of the <strong>Barcelona Number Theory Seminar<\/strong>, member of the <strong>Governing Board<\/strong> of the <strong>Catalan Mathematical Society<\/strong>, and Numerary Member and Vice-President of the Experimental Sciences Section of the <strong>Royal European Academy of Doctors (READ)<\/strong>, was invested magistra honoris causa by the Faculty of Mathematics and Statistics of the <strong>Polytechnic University of Catalonia<\/strong> during a solemn ceremony held on 12 November in the faculty\u2019s main hall.<\/p>\n<p>The event was presided over by the university\u2019s rector, <strong>Francesc Torres<\/strong>, who highlighted the academician\u2019s teaching and research achievements, and was conducted by professor and pianist <strong>Laura Farr\u00e9-Rozada<\/strong>, like Bayer herself a musician. The ceremony also included interventions from the dean of the faculty, <strong>Jordi Gu\u00e0rdia<\/strong>; the academic secretary, <strong>Chara Pantanzi<\/strong>, who read the agreement of the Faculty Board granting this distinction to Pilar Bayer; and professor <strong>Anna Rio<\/strong>, who delivered the <em>laudatio<\/em> for the honouree. The newly appointed <em>magistra<\/em> also offered an emotional speech, enriched by a musical performance from saxophonist <strong>Marcel\u00b7l\u00ed Bayer<\/strong>, her son. The session closed with the <strong>Ol\u00b7lari Choir<\/strong> of the faculty performing the traditional university hymn <strong>Gaudeamus igitur.<\/strong><\/p>\n<p>The title <em>magister honoris causa<\/em> was first proposed by former dean <strong>Sebasti\u00e0 Xamb\u00f3<\/strong> in 2006, with the aim of creating an honorary distinction recognising individuals of outstanding prestige who, though not members of the faculty\u2019s teaching staff, had contributed significantly to the dissemination of mathematical or statistical knowledge. Since then, only two individuals had received the title: <strong>Josep Pla<\/strong> in 2007 and <strong>Jaume Pag\u00e8s<\/strong> in 2008. The nomination of Pilar Bayer\u2014also proposed by Xamb\u00f3\u2014was approved last December by the Faculty Board.<\/p>\n<p>The Faculty of Mathematics and Statistics highlighted that the academician has played a crucial role in the development of number theory in Spanish mathematics. Bayer is also a Numerary Member of the <strong>Royal Academy of Sciences and Arts of Barcelona<\/strong> and of the <strong>Royal Academy of Exact, Physical and Natural Sciences<\/strong>. She has received the <strong>Narc\u00eds Monturiol Medal for Scientific and Technological Merit<\/strong> and was awarded last December the <strong>Creu de Sant Jordi<\/strong>, the highest distinction granted by the <strong>Government of Catalonia<\/strong>.<\/p>\n<p><iframe loading=\"lazy\" title=\"Cerim\u00f2nia investidura de la Dra. Pilar Bayer Isant com a magistra honoris causa per l'FME 12\/11\/2025\" src=\"https:\/\/www.youtube.com\/embed\/fGtfm0GI_7w\" width=\"909\" height=\"491\" frameborder=\"0\" allowfullscreen=\"allowfullscreen\"><\/iframe><\/p>\n","protected":false},"excerpt":{"rendered":"<p>Pilar Bayer is awarded an honorary doctorate by the Faculty of Mathematics and Statistics of the Polytechnic University of Catalonia<\/p>\n","protected":false},"author":16,"featured_media":176041,"comment_status":"closed","ping_status":"closed","sticky":false,"template":"","format":"standard","meta":{"_et_pb_use_builder":"","_et_pb_old_content":"","_et_gb_content_width":"","footnotes":""},"categories":[302,167,317],"tags":[],"class_list":["post-176199","post","type-post","status-publish","format-standard","has-post-thumbnail","hentry","category-maths","category-prizes-awards-and-appointments","category-teaching","et-has-post-format-content","et_post_format-et-post-format-standard"],"yoast_head":"<!-- This site is optimized with the Yoast SEO plugin v27.4 - https:\/\/yoast.com\/product\/yoast-seo-wordpress\/ -->\n<title>Pilar Bayer, a teacher of teachers - Royal European Academy of Doctors<\/title>\n<meta name=\"description\" content=\"Pilar Bayer is awarded an honorary doctorate by the Faculty of Mathematics and Statistics of the Polytechnic University of Catalonia\" \/>\n<meta name=\"robots\" content=\"index, follow, max-snippet:-1, max-image-preview:large, max-video-preview:-1\" \/>\n<link rel=\"canonical\" href=\"https:\/\/raed.academy\/en\/pilar-bayer-a-teacher-of-teachers\/\" \/>\n<meta property=\"og:locale\" content=\"en_US\" \/>\n<meta property=\"og:type\" content=\"article\" \/>\n<meta property=\"og:title\" content=\"Pilar Bayer, a teacher of teachers - Royal European Academy of Doctors\" \/>\n<meta property=\"og:description\" content=\"Pilar Bayer is awarded an honorary doctorate by the Faculty of Mathematics and Statistics of the Polytechnic University of Catalonia\" \/>\n<meta property=\"og:url\" content=\"https:\/\/raed.academy\/en\/pilar-bayer-a-teacher-of-teachers\/\" \/>\n<meta property=\"og:site_name\" content=\"Royal European Academy of Doctors\" \/>\n<meta property=\"article:publisher\" content=\"http:\/\/fb.me\/raed.academy\" \/>\n<meta property=\"article:published_time\" content=\"2025-11-25T05:42:28+00:00\" \/>\n<meta property=\"article:modified_time\" content=\"2025-11-25T05:46:00+00:00\" \/>\n<meta property=\"og:image\" content=\"https:\/\/raed.academy\/wp-content\/uploads\/2025\/11\/Facultad-de-Matematicas-y-Estadistica-Universidad-Politecnica-de-Cataluna-19-nov-24-CCBYSA40-dst.webp\" \/>\n\t<meta property=\"og:image:width\" content=\"800\" \/>\n\t<meta property=\"og:image:height\" content=\"480\" \/>\n\t<meta property=\"og:image:type\" content=\"image\/webp\" \/>\n<meta name=\"author\" content=\"Javier Rodr\u00edguez Sicilia\" \/>\n<meta name=\"twitter:card\" content=\"summary_large_image\" \/>\n<meta name=\"twitter:creator\" content=\"@raedacademy\" \/>\n<meta name=\"twitter:site\" content=\"@raedacademy\" \/>\n<meta name=\"twitter:label1\" content=\"Written by\" \/>\n\t<meta name=\"twitter:data1\" content=\"Javier Rodr\u00edguez Sicilia\" \/>\n\t<meta name=\"twitter:label2\" content=\"Est. reading time\" \/>\n\t<meta name=\"twitter:data2\" content=\"3 minutes\" \/>\n<script type=\"application\/ld+json\" class=\"yoast-schema-graph\">{\"@context\":\"https:\\\/\\\/schema.org\",\"@graph\":[{\"@type\":\"Article\",\"@id\":\"https:\\\/\\\/raed.academy\\\/en\\\/pilar-bayer-a-teacher-of-teachers\\\/#article\",\"isPartOf\":{\"@id\":\"https:\\\/\\\/raed.academy\\\/en\\\/pilar-bayer-a-teacher-of-teachers\\\/\"},\"author\":{\"name\":\"Javier Rodr\u00edguez Sicilia\",\"@id\":\"https:\\\/\\\/raed.academy\\\/en\\\/#\\\/schema\\\/person\\\/31af80688d8a2644644f48b63aa77ee1\"},\"headline\":\"Pilar Bayer, a teacher of teachers\",\"datePublished\":\"2025-11-25T05:42:28+00:00\",\"dateModified\":\"2025-11-25T05:46:00+00:00\",\"mainEntityOfPage\":{\"@id\":\"https:\\\/\\\/raed.academy\\\/en\\\/pilar-bayer-a-teacher-of-teachers\\\/\"},\"wordCount\":375,\"publisher\":{\"@id\":\"https:\\\/\\\/raed.academy\\\/en\\\/#organization\"},\"image\":{\"@id\":\"https:\\\/\\\/raed.academy\\\/en\\\/pilar-bayer-a-teacher-of-teachers\\\/#primaryimage\"},\"thumbnailUrl\":\"https:\\\/\\\/raed.academy\\\/wp-content\\\/uploads\\\/2025\\\/11\\\/Facultad-de-Matematicas-y-Estadistica-Universidad-Politecnica-de-Cataluna-19-nov-24-CCBYSA40-dst.webp\",\"articleSection\":[\"Maths\",\"Prizes, awards and appointments\",\"Teaching\"],\"inLanguage\":\"en-US\"},{\"@type\":\"WebPage\",\"@id\":\"https:\\\/\\\/raed.academy\\\/en\\\/pilar-bayer-a-teacher-of-teachers\\\/\",\"url\":\"https:\\\/\\\/raed.academy\\\/en\\\/pilar-bayer-a-teacher-of-teachers\\\/\",\"name\":\"Pilar Bayer, a teacher of teachers - Royal European Academy of Doctors\",\"isPartOf\":{\"@id\":\"https:\\\/\\\/raed.academy\\\/en\\\/#website\"},\"primaryImageOfPage\":{\"@id\":\"https:\\\/\\\/raed.academy\\\/en\\\/pilar-bayer-a-teacher-of-teachers\\\/#primaryimage\"},\"image\":{\"@id\":\"https:\\\/\\\/raed.academy\\\/en\\\/pilar-bayer-a-teacher-of-teachers\\\/#primaryimage\"},\"thumbnailUrl\":\"https:\\\/\\\/raed.academy\\\/wp-content\\\/uploads\\\/2025\\\/11\\\/Facultad-de-Matematicas-y-Estadistica-Universidad-Politecnica-de-Cataluna-19-nov-24-CCBYSA40-dst.webp\",\"datePublished\":\"2025-11-25T05:42:28+00:00\",\"dateModified\":\"2025-11-25T05:46:00+00:00\",\"description\":\"Pilar Bayer is awarded an honorary doctorate by the Faculty of Mathematics and Statistics of the Polytechnic University of Catalonia\",\"breadcrumb\":{\"@id\":\"https:\\\/\\\/raed.academy\\\/en\\\/pilar-bayer-a-teacher-of-teachers\\\/#breadcrumb\"},\"inLanguage\":\"en-US\",\"potentialAction\":[{\"@type\":\"ReadAction\",\"target\":[\"https:\\\/\\\/raed.academy\\\/en\\\/pilar-bayer-a-teacher-of-teachers\\\/\"]}]},{\"@type\":\"ImageObject\",\"inLanguage\":\"en-US\",\"@id\":\"https:\\\/\\\/raed.academy\\\/en\\\/pilar-bayer-a-teacher-of-teachers\\\/#primaryimage\",\"url\":\"https:\\\/\\\/raed.academy\\\/wp-content\\\/uploads\\\/2025\\\/11\\\/Facultad-de-Matematicas-y-Estadistica-Universidad-Politecnica-de-Cataluna-19-nov-24-CCBYSA40-dst.webp\",\"contentUrl\":\"https:\\\/\\\/raed.academy\\\/wp-content\\\/uploads\\\/2025\\\/11\\\/Facultad-de-Matematicas-y-Estadistica-Universidad-Politecnica-de-Cataluna-19-nov-24-CCBYSA40-dst.webp\",\"width\":800,\"height\":480},{\"@type\":\"BreadcrumbList\",\"@id\":\"https:\\\/\\\/raed.academy\\\/en\\\/pilar-bayer-a-teacher-of-teachers\\\/#breadcrumb\",\"itemListElement\":[{\"@type\":\"ListItem\",\"position\":1,\"name\":\"Inicio\",\"item\":\"https:\\\/\\\/raed.academy\\\/en\\\/\"},{\"@type\":\"ListItem\",\"position\":2,\"name\":\"Pilar Bayer, a teacher of teachers\"}]},{\"@type\":\"WebSite\",\"@id\":\"https:\\\/\\\/raed.academy\\\/en\\\/#website\",\"url\":\"https:\\\/\\\/raed.academy\\\/en\\\/\",\"name\":\"Royal European Academy of Doctors\",\"description\":\"Corporaci\u00f3n de derecho p\u00fablico de car\u00e1cter cient\u00edfico, t\u00e9cnico y art\u00edstico, que tiene por objeto la investigaci\u00f3n, el estudio, el fomento y la extensi\u00f3n del conocimiento en su sentido m\u00e1s amplio.\",\"publisher\":{\"@id\":\"https:\\\/\\\/raed.academy\\\/en\\\/#organization\"},\"potentialAction\":[{\"@type\":\"SearchAction\",\"target\":{\"@type\":\"EntryPoint\",\"urlTemplate\":\"https:\\\/\\\/raed.academy\\\/en\\\/?s={search_term_string}\"},\"query-input\":{\"@type\":\"PropertyValueSpecification\",\"valueRequired\":true,\"valueName\":\"search_term_string\"}}],\"inLanguage\":\"en-US\"},{\"@type\":\"Organization\",\"@id\":\"https:\\\/\\\/raed.academy\\\/en\\\/#organization\",\"name\":\"Real Academia Europea de Doctores\",\"url\":\"https:\\\/\\\/raed.academy\\\/en\\\/\",\"logo\":{\"@type\":\"ImageObject\",\"inLanguage\":\"en-US\",\"@id\":\"https:\\\/\\\/raed.academy\\\/en\\\/#\\\/schema\\\/logo\\\/image\\\/\",\"url\":\"https:\\\/\\\/raed.academy\\\/wp-content\\\/uploads\\\/2017\\\/01\\\/cropped-logo_raed.png\",\"contentUrl\":\"https:\\\/\\\/raed.academy\\\/wp-content\\\/uploads\\\/2017\\\/01\\\/cropped-logo_raed.png\",\"width\":512,\"height\":512,\"caption\":\"Real Academia Europea de Doctores\"},\"image\":{\"@id\":\"https:\\\/\\\/raed.academy\\\/en\\\/#\\\/schema\\\/logo\\\/image\\\/\"},\"sameAs\":[\"http:\\\/\\\/fb.me\\\/raed.academy\",\"https:\\\/\\\/x.com\\\/raedacademy\",\"https:\\\/\\\/www.instagram.com\\\/raed.academy\\\/\",\"https:\\\/\\\/www.youtube.com\\\/channel\\\/UCUYQwW2KrdirNWihxMDObwg\"]},{\"@type\":\"Person\",\"@id\":\"https:\\\/\\\/raed.academy\\\/en\\\/#\\\/schema\\\/person\\\/31af80688d8a2644644f48b63aa77ee1\",\"name\":\"Javier Rodr\u00edguez Sicilia\",\"image\":{\"@type\":\"ImageObject\",\"inLanguage\":\"en-US\",\"@id\":\"https:\\\/\\\/secure.gravatar.com\\\/avatar\\\/702200af99a88a3d626bc9ca2ee9361fa6e582e4455b1e641d8576c963ca66d5?s=96&d=mm&r=g\",\"url\":\"https:\\\/\\\/secure.gravatar.com\\\/avatar\\\/702200af99a88a3d626bc9ca2ee9361fa6e582e4455b1e641d8576c963ca66d5?s=96&d=mm&r=g\",\"contentUrl\":\"https:\\\/\\\/secure.gravatar.com\\\/avatar\\\/702200af99a88a3d626bc9ca2ee9361fa6e582e4455b1e641d8576c963ca66d5?s=96&d=mm&r=g\",\"caption\":\"Javier Rodr\u00edguez Sicilia\"}}]}<\/script>\n<!-- \/ Yoast SEO plugin. -->","yoast_head_json":{"title":"Pilar Bayer, a teacher of teachers - Royal European Academy of Doctors","description":"Pilar Bayer is awarded an honorary doctorate by the Faculty of Mathematics and Statistics of the Polytechnic University of Catalonia","robots":{"index":"index","follow":"follow","max-snippet":"max-snippet:-1","max-image-preview":"max-image-preview:large","max-video-preview":"max-video-preview:-1"},"canonical":"https:\/\/raed.academy\/en\/pilar-bayer-a-teacher-of-teachers\/","og_locale":"en_US","og_type":"article","og_title":"Pilar Bayer, a teacher of teachers - Royal European Academy of Doctors","og_description":"Pilar Bayer is awarded an honorary doctorate by the Faculty of Mathematics and Statistics of the Polytechnic University of Catalonia","og_url":"https:\/\/raed.academy\/en\/pilar-bayer-a-teacher-of-teachers\/","og_site_name":"Royal European Academy of Doctors","article_publisher":"http:\/\/fb.me\/raed.academy","article_published_time":"2025-11-25T05:42:28+00:00","article_modified_time":"2025-11-25T05:46:00+00:00","og_image":[{"width":800,"height":480,"url":"https:\/\/raed.academy\/wp-content\/uploads\/2025\/11\/Facultad-de-Matematicas-y-Estadistica-Universidad-Politecnica-de-Cataluna-19-nov-24-CCBYSA40-dst.webp","type":"image\/webp"}],"author":"Javier Rodr\u00edguez Sicilia","twitter_card":"summary_large_image","twitter_creator":"@raedacademy","twitter_site":"@raedacademy","twitter_misc":{"Written by":"Javier Rodr\u00edguez Sicilia","Est. reading time":"3 minutes"},"schema":{"@context":"https:\/\/schema.org","@graph":[{"@type":"Article","@id":"https:\/\/raed.academy\/en\/pilar-bayer-a-teacher-of-teachers\/#article","isPartOf":{"@id":"https:\/\/raed.academy\/en\/pilar-bayer-a-teacher-of-teachers\/"},"author":{"name":"Javier Rodr\u00edguez Sicilia","@id":"https:\/\/raed.academy\/en\/#\/schema\/person\/31af80688d8a2644644f48b63aa77ee1"},"headline":"Pilar Bayer, a teacher of teachers","datePublished":"2025-11-25T05:42:28+00:00","dateModified":"2025-11-25T05:46:00+00:00","mainEntityOfPage":{"@id":"https:\/\/raed.academy\/en\/pilar-bayer-a-teacher-of-teachers\/"},"wordCount":375,"publisher":{"@id":"https:\/\/raed.academy\/en\/#organization"},"image":{"@id":"https:\/\/raed.academy\/en\/pilar-bayer-a-teacher-of-teachers\/#primaryimage"},"thumbnailUrl":"https:\/\/raed.academy\/wp-content\/uploads\/2025\/11\/Facultad-de-Matematicas-y-Estadistica-Universidad-Politecnica-de-Cataluna-19-nov-24-CCBYSA40-dst.webp","articleSection":["Maths","Prizes, awards and appointments","Teaching"],"inLanguage":"en-US"},{"@type":"WebPage","@id":"https:\/\/raed.academy\/en\/pilar-bayer-a-teacher-of-teachers\/","url":"https:\/\/raed.academy\/en\/pilar-bayer-a-teacher-of-teachers\/","name":"Pilar Bayer, a teacher of teachers - Royal European Academy of Doctors","isPartOf":{"@id":"https:\/\/raed.academy\/en\/#website"},"primaryImageOfPage":{"@id":"https:\/\/raed.academy\/en\/pilar-bayer-a-teacher-of-teachers\/#primaryimage"},"image":{"@id":"https:\/\/raed.academy\/en\/pilar-bayer-a-teacher-of-teachers\/#primaryimage"},"thumbnailUrl":"https:\/\/raed.academy\/wp-content\/uploads\/2025\/11\/Facultad-de-Matematicas-y-Estadistica-Universidad-Politecnica-de-Cataluna-19-nov-24-CCBYSA40-dst.webp","datePublished":"2025-11-25T05:42:28+00:00","dateModified":"2025-11-25T05:46:00+00:00","description":"Pilar Bayer is awarded an honorary doctorate by the Faculty of Mathematics and Statistics of the Polytechnic University of Catalonia","breadcrumb":{"@id":"https:\/\/raed.academy\/en\/pilar-bayer-a-teacher-of-teachers\/#breadcrumb"},"inLanguage":"en-US","potentialAction":[{"@type":"ReadAction","target":["https:\/\/raed.academy\/en\/pilar-bayer-a-teacher-of-teachers\/"]}]},{"@type":"ImageObject","inLanguage":"en-US","@id":"https:\/\/raed.academy\/en\/pilar-bayer-a-teacher-of-teachers\/#primaryimage","url":"https:\/\/raed.academy\/wp-content\/uploads\/2025\/11\/Facultad-de-Matematicas-y-Estadistica-Universidad-Politecnica-de-Cataluna-19-nov-24-CCBYSA40-dst.webp","contentUrl":"https:\/\/raed.academy\/wp-content\/uploads\/2025\/11\/Facultad-de-Matematicas-y-Estadistica-Universidad-Politecnica-de-Cataluna-19-nov-24-CCBYSA40-dst.webp","width":800,"height":480},{"@type":"BreadcrumbList","@id":"https:\/\/raed.academy\/en\/pilar-bayer-a-teacher-of-teachers\/#breadcrumb","itemListElement":[{"@type":"ListItem","position":1,"name":"Inicio","item":"https:\/\/raed.academy\/en\/"},{"@type":"ListItem","position":2,"name":"Pilar Bayer, a teacher of teachers"}]},{"@type":"WebSite","@id":"https:\/\/raed.academy\/en\/#website","url":"https:\/\/raed.academy\/en\/","name":"Royal European Academy of Doctors","description":"Corporaci\u00f3n de derecho p\u00fablico de car\u00e1cter cient\u00edfico, t\u00e9cnico y art\u00edstico, que tiene por objeto la investigaci\u00f3n, el estudio, el fomento y la extensi\u00f3n del conocimiento en su sentido m\u00e1s amplio.","publisher":{"@id":"https:\/\/raed.academy\/en\/#organization"},"potentialAction":[{"@type":"SearchAction","target":{"@type":"EntryPoint","urlTemplate":"https:\/\/raed.academy\/en\/?s={search_term_string}"},"query-input":{"@type":"PropertyValueSpecification","valueRequired":true,"valueName":"search_term_string"}}],"inLanguage":"en-US"},{"@type":"Organization","@id":"https:\/\/raed.academy\/en\/#organization","name":"Real Academia Europea de Doctores","url":"https:\/\/raed.academy\/en\/","logo":{"@type":"ImageObject","inLanguage":"en-US","@id":"https:\/\/raed.academy\/en\/#\/schema\/logo\/image\/","url":"https:\/\/raed.academy\/wp-content\/uploads\/2017\/01\/cropped-logo_raed.png","contentUrl":"https:\/\/raed.academy\/wp-content\/uploads\/2017\/01\/cropped-logo_raed.png","width":512,"height":512,"caption":"Real Academia Europea de Doctores"},"image":{"@id":"https:\/\/raed.academy\/en\/#\/schema\/logo\/image\/"},"sameAs":["http:\/\/fb.me\/raed.academy","https:\/\/x.com\/raedacademy","https:\/\/www.instagram.com\/raed.academy\/","https:\/\/www.youtube.com\/channel\/UCUYQwW2KrdirNWihxMDObwg"]},{"@type":"Person","@id":"https:\/\/raed.academy\/en\/#\/schema\/person\/31af80688d8a2644644f48b63aa77ee1","name":"Javier Rodr\u00edguez Sicilia","image":{"@type":"ImageObject","inLanguage":"en-US","@id":"https:\/\/secure.gravatar.com\/avatar\/702200af99a88a3d626bc9ca2ee9361fa6e582e4455b1e641d8576c963ca66d5?s=96&d=mm&r=g","url":"https:\/\/secure.gravatar.com\/avatar\/702200af99a88a3d626bc9ca2ee9361fa6e582e4455b1e641d8576c963ca66d5?s=96&d=mm&r=g","contentUrl":"https:\/\/secure.gravatar.com\/avatar\/702200af99a88a3d626bc9ca2ee9361fa6e582e4455b1e641d8576c963ca66d5?s=96&d=mm&r=g","caption":"Javier Rodr\u00edguez Sicilia"}}]}},"_links":{"self":[{"href":"https:\/\/raed.academy\/en\/wp-json\/wp\/v2\/posts\/176199","targetHints":{"allow":["GET"]}}],"collection":[{"href":"https:\/\/raed.academy\/en\/wp-json\/wp\/v2\/posts"}],"about":[{"href":"https:\/\/raed.academy\/en\/wp-json\/wp\/v2\/types\/post"}],"author":[{"embeddable":true,"href":"https:\/\/raed.academy\/en\/wp-json\/wp\/v2\/users\/16"}],"replies":[{"embeddable":true,"href":"https:\/\/raed.academy\/en\/wp-json\/wp\/v2\/comments?post=176199"}],"version-history":[{"count":2,"href":"https:\/\/raed.academy\/en\/wp-json\/wp\/v2\/posts\/176199\/revisions"}],"predecessor-version":[{"id":176202,"href":"https:\/\/raed.academy\/en\/wp-json\/wp\/v2\/posts\/176199\/revisions\/176202"}],"wp:featuredmedia":[{"embeddable":true,"href":"https:\/\/raed.academy\/en\/wp-json\/wp\/v2\/media\/176041"}],"wp:attachment":[{"href":"https:\/\/raed.academy\/en\/wp-json\/wp\/v2\/media?parent=176199"}],"wp:term":[{"taxonomy":"category","embeddable":true,"href":"https:\/\/raed.academy\/en\/wp-json\/wp\/v2\/categories?post=176199"},{"taxonomy":"post_tag","embeddable":true,"href":"https:\/\/raed.academy\/en\/wp-json\/wp\/v2\/tags?post=176199"}],"curies":[{"name":"wp","href":"https:\/\/api.w.org\/{rel}","templated":true}]}}