{"id":176181,"date":"2025-11-24T20:15:53","date_gmt":"2025-11-24T20:15:53","guid":{"rendered":"https:\/\/raed.academy\/?p=176181"},"modified":"2025-11-24T20:15:53","modified_gmt":"2025-11-24T20:15:53","slug":"the-island-legacy-of-mateo-valero","status":"publish","type":"post","link":"https:\/\/raed.academy\/en\/the-island-legacy-of-mateo-valero\/","title":{"rendered":"The island legacy of Mateo Valero"},"content":{"rendered":"<div id=\"attachment_118783\" style=\"width: 510px\" class=\"wp-caption aligncenter\"><img loading=\"lazy\" decoding=\"async\" aria-describedby=\"caption-attachment-118783\" class=\"wp-image-118783 size-full\" src=\"https:\/\/raed.academy\/wp-content\/uploads\/2022\/06\/Mateo-Valero-dst.webp\" sizes=\"(max-width: 500px) 100vw, 500px\" srcset=\"https:\/\/raed.academy\/wp-content\/uploads\/2022\/06\/Mateo-Valero-dst.webp 500w, https:\/\/raed.academy\/wp-content\/uploads\/2022\/06\/Mateo-Valero-dst-440x264.webp 440w\" alt=\"Dr. Mateo Valero\" width=\"500\" height=\"300\" aria-describedby=\"caption-attachment-118783\" \/><p id=\"caption-attachment-118783\" class=\"wp-caption-text\">Dr. Mateo Valero<\/p><\/div>\n<p><a href=\"https:\/\/raed.academy\/en\/academicians\/dr-mateo-valero-cortes\/\"><strong>Mateo Valero<\/strong><\/a>, Director of the <strong>Barcelona Supercomputing Center\u2013National Supercomputing Center<\/strong>, Numerary Member of the <strong>Royal Academy of Engineering<\/strong> and Honorary Academician of the <strong>Royal European Academy of Doctors (READ)<\/strong>, is the subject of an extensive feature in <strong>Diario de Mallorca<\/strong> on the occasion of his conferral as Doctor Honoris Causa by the <strong>University of the Balearic Islands<\/strong>. The solemn ceremony was held on October 29 at the Son Lled\u00f3 campus in the presence of the President of the Balearic Government, <strong>Marga Prohens<\/strong>, the University\u2019s Rector, <strong>Jaume Carot<\/strong>, and other authorities. This distinction is the fourteenth Honorary Doctorate awarded to the academic.<\/p>\n<p>In his account of the event, journalist Jordi S\u00e1nchez explains that Valero was recognized for his outstanding academic career, his multidisciplinary vision in computer science, and his leadership in establishing a European center of excellence in supercomputing, as highlighted by Rector Carot and other speakers. Valero, for his part, dedicated the distinction to his research team and all collaborators who have contributed to his scientific projects. The honoree planted an olive tree in the university gardens as a symbol of his lasting legacy. During his address, he emphasized that the great challenge facing supercomputing today is the creation of a digital twin of the human body, which would allow for highly accurate simulation of organs and biological processes.<\/p>\n<p>Since 2017, a group of professors from the Department of Industrial and Construction Engineering and the Department of Mathematical and Computer Sciences have maintained ongoing collaboration with Professor Valero and his team to promote research and train new professionals in chip design, microelectronics and electronics, focused on digital systems based on computers. In this regard, Professor Valero played a key role in incorporating the University of the Balearic Islands into the <strong>National RISC-V Excellence Network<\/strong>, the journalist concludes.<\/p>\n<p>A telecommunications engineer by training, Valero has published more than 700 scientific papers and delivered over 500 lectures in the field of computer architecture. He has supervised 54 doctoral theses. His recognitions include the <strong>Eckert\u2013Mauchly Award<\/strong>, the world\u2019s most prestigious prize in computer architecture; the <strong>Seymour Cray Award<\/strong>, the top global distinction in supercomputing; the <strong>Charles Babbage Award<\/strong>, the most important in the field of parallel computing; and the <strong>Harry H. Goode Award<\/strong>. He was selected as one of the 25 most influential European researchers in information technology between 1983 and 2008.<\/p>\n<p>In Spain, he has received the <strong>Julio Rey Pastor National Research Award<\/strong> in Computer Science and Mathematics and the <strong>Leonardo Torres Quevedo National Research Award<\/strong> in Engineering. He has also been awarded the <strong>Rey Jaime I Research Prize<\/strong> by the <strong>Valencian Government<\/strong> and the <strong>Catalan Foundation for Research Prize<\/strong> by the <strong>Government of Catalonia<\/strong>.<br \/>\nInternationally, he is a recipient of the <strong>Order of the Aztec Eagle<\/strong>, the highest honor granted by the Government of Mexico to non-Mexicans; the <strong>Arag\u00f3n Prize<\/strong> from the Government of Arag\u00f3n; and the <strong>Creu de Sant Jordi<\/strong> from the Government of Catalonia.<\/p>\n","protected":false},"excerpt":{"rendered":"<p>Mateo Valero is featured in an extensive report in &#8220;Diario de Mallorca&#8221;, on the occasion of his investiture as an honorary doctor by the University of the Balearic Islands<\/p>\n","protected":false},"author":16,"featured_media":118785,"comment_status":"closed","ping_status":"closed","sticky":false,"template":"","format":"standard","meta":{"_et_pb_use_builder":"","_et_pb_old_content":"","_et_gb_content_width":"","footnotes":""},"categories":[437,355,167],"tags":[],"class_list":["post-176181","post","type-post","status-publish","format-standard","has-post-thumbnail","hentry","category-computing","category-information-and-communication-technologies","category-prizes-awards-and-appointments","et-has-post-format-content","et_post_format-et-post-format-standard"],"yoast_head":"<!-- This site is optimized with the Yoast SEO plugin v27.4 - https:\/\/yoast.com\/product\/yoast-seo-wordpress\/ -->\n<title>The island legacy of Mateo Valero - Royal European Academy of Doctors<\/title>\n<meta name=\"description\" content=\"Mateo Valero is featured in an extensive report in &quot;Diario de Mallorca&quot;, on the occasion of his investiture as an honorary doctor by the University of the Balearic Islands\" \/>\n<meta name=\"robots\" content=\"index, follow, max-snippet:-1, max-image-preview:large, max-video-preview:-1\" \/>\n<link rel=\"canonical\" href=\"https:\/\/raed.academy\/en\/the-island-legacy-of-mateo-valero\/\" \/>\n<meta property=\"og:locale\" content=\"en_US\" \/>\n<meta property=\"og:type\" content=\"article\" \/>\n<meta property=\"og:title\" content=\"The island legacy of Mateo Valero - Royal European Academy of Doctors\" \/>\n<meta property=\"og:description\" content=\"Mateo Valero is featured in an extensive report in &quot;Diario de Mallorca&quot;, on the occasion of his investiture as an honorary doctor by the University of the Balearic Islands\" \/>\n<meta property=\"og:url\" content=\"https:\/\/raed.academy\/en\/the-island-legacy-of-mateo-valero\/\" \/>\n<meta property=\"og:site_name\" content=\"Royal European Academy of Doctors\" \/>\n<meta property=\"article:publisher\" content=\"http:\/\/fb.me\/raed.academy\" \/>\n<meta property=\"article:published_time\" content=\"2025-11-24T20:15:53+00:00\" \/>\n<meta property=\"og:image\" content=\"https:\/\/raed.academy\/wp-content\/uploads\/2022\/06\/Mateo-Valero-dst.webp\" \/>\n\t<meta property=\"og:image:width\" content=\"500\" \/>\n\t<meta property=\"og:image:height\" content=\"300\" \/>\n\t<meta property=\"og:image:type\" content=\"image\/webp\" \/>\n<meta name=\"author\" content=\"Javier Rodr\u00edguez Sicilia\" \/>\n<meta name=\"twitter:card\" content=\"summary_large_image\" \/>\n<meta name=\"twitter:creator\" content=\"@raedacademy\" \/>\n<meta name=\"twitter:site\" content=\"@raedacademy\" \/>\n<meta name=\"twitter:label1\" content=\"Written by\" \/>\n\t<meta name=\"twitter:data1\" content=\"Javier Rodr\u00edguez Sicilia\" \/>\n\t<meta name=\"twitter:label2\" content=\"Est. reading time\" \/>\n\t<meta name=\"twitter:data2\" content=\"3 minutes\" \/>\n<script type=\"application\/ld+json\" class=\"yoast-schema-graph\">{\"@context\":\"https:\\\/\\\/schema.org\",\"@graph\":[{\"@type\":\"Article\",\"@id\":\"https:\\\/\\\/raed.academy\\\/en\\\/the-island-legacy-of-mateo-valero\\\/#article\",\"isPartOf\":{\"@id\":\"https:\\\/\\\/raed.academy\\\/en\\\/the-island-legacy-of-mateo-valero\\\/\"},\"author\":{\"name\":\"Javier Rodr\u00edguez Sicilia\",\"@id\":\"https:\\\/\\\/raed.academy\\\/en\\\/#\\\/schema\\\/person\\\/31af80688d8a2644644f48b63aa77ee1\"},\"headline\":\"The island legacy of Mateo Valero\",\"datePublished\":\"2025-11-24T20:15:53+00:00\",\"mainEntityOfPage\":{\"@id\":\"https:\\\/\\\/raed.academy\\\/en\\\/the-island-legacy-of-mateo-valero\\\/\"},\"wordCount\":500,\"publisher\":{\"@id\":\"https:\\\/\\\/raed.academy\\\/en\\\/#organization\"},\"image\":{\"@id\":\"https:\\\/\\\/raed.academy\\\/en\\\/the-island-legacy-of-mateo-valero\\\/#primaryimage\"},\"thumbnailUrl\":\"https:\\\/\\\/raed.academy\\\/wp-content\\\/uploads\\\/2022\\\/06\\\/Mateo-Valero-dst.webp\",\"articleSection\":[\"Computing\",\"Information and communication technologies\",\"Prizes, awards and appointments\"],\"inLanguage\":\"en-US\"},{\"@type\":\"WebPage\",\"@id\":\"https:\\\/\\\/raed.academy\\\/en\\\/the-island-legacy-of-mateo-valero\\\/\",\"url\":\"https:\\\/\\\/raed.academy\\\/en\\\/the-island-legacy-of-mateo-valero\\\/\",\"name\":\"The island legacy of Mateo Valero - Royal European Academy of Doctors\",\"isPartOf\":{\"@id\":\"https:\\\/\\\/raed.academy\\\/en\\\/#website\"},\"primaryImageOfPage\":{\"@id\":\"https:\\\/\\\/raed.academy\\\/en\\\/the-island-legacy-of-mateo-valero\\\/#primaryimage\"},\"image\":{\"@id\":\"https:\\\/\\\/raed.academy\\\/en\\\/the-island-legacy-of-mateo-valero\\\/#primaryimage\"},\"thumbnailUrl\":\"https:\\\/\\\/raed.academy\\\/wp-content\\\/uploads\\\/2022\\\/06\\\/Mateo-Valero-dst.webp\",\"datePublished\":\"2025-11-24T20:15:53+00:00\",\"description\":\"Mateo Valero is featured in an extensive report in \\\"Diario de Mallorca\\\", on the occasion of his investiture as an honorary doctor by the University of the Balearic Islands\",\"breadcrumb\":{\"@id\":\"https:\\\/\\\/raed.academy\\\/en\\\/the-island-legacy-of-mateo-valero\\\/#breadcrumb\"},\"inLanguage\":\"en-US\",\"potentialAction\":[{\"@type\":\"ReadAction\",\"target\":[\"https:\\\/\\\/raed.academy\\\/en\\\/the-island-legacy-of-mateo-valero\\\/\"]}]},{\"@type\":\"ImageObject\",\"inLanguage\":\"en-US\",\"@id\":\"https:\\\/\\\/raed.academy\\\/en\\\/the-island-legacy-of-mateo-valero\\\/#primaryimage\",\"url\":\"https:\\\/\\\/raed.academy\\\/wp-content\\\/uploads\\\/2022\\\/06\\\/Mateo-Valero-dst.webp\",\"contentUrl\":\"https:\\\/\\\/raed.academy\\\/wp-content\\\/uploads\\\/2022\\\/06\\\/Mateo-Valero-dst.webp\",\"width\":500,\"height\":300,\"caption\":\"Mateo Valero\"},{\"@type\":\"BreadcrumbList\",\"@id\":\"https:\\\/\\\/raed.academy\\\/en\\\/the-island-legacy-of-mateo-valero\\\/#breadcrumb\",\"itemListElement\":[{\"@type\":\"ListItem\",\"position\":1,\"name\":\"Inicio\",\"item\":\"https:\\\/\\\/raed.academy\\\/en\\\/\"},{\"@type\":\"ListItem\",\"position\":2,\"name\":\"The island legacy of Mateo Valero\"}]},{\"@type\":\"WebSite\",\"@id\":\"https:\\\/\\\/raed.academy\\\/en\\\/#website\",\"url\":\"https:\\\/\\\/raed.academy\\\/en\\\/\",\"name\":\"Royal European Academy of Doctors\",\"description\":\"Corporaci\u00f3n de derecho p\u00fablico de car\u00e1cter cient\u00edfico, t\u00e9cnico y art\u00edstico, que tiene por objeto la investigaci\u00f3n, el estudio, el fomento y la extensi\u00f3n del conocimiento en su sentido m\u00e1s amplio.\",\"publisher\":{\"@id\":\"https:\\\/\\\/raed.academy\\\/en\\\/#organization\"},\"potentialAction\":[{\"@type\":\"SearchAction\",\"target\":{\"@type\":\"EntryPoint\",\"urlTemplate\":\"https:\\\/\\\/raed.academy\\\/en\\\/?s={search_term_string}\"},\"query-input\":{\"@type\":\"PropertyValueSpecification\",\"valueRequired\":true,\"valueName\":\"search_term_string\"}}],\"inLanguage\":\"en-US\"},{\"@type\":\"Organization\",\"@id\":\"https:\\\/\\\/raed.academy\\\/en\\\/#organization\",\"name\":\"Real Academia Europea de Doctores\",\"url\":\"https:\\\/\\\/raed.academy\\\/en\\\/\",\"logo\":{\"@type\":\"ImageObject\",\"inLanguage\":\"en-US\",\"@id\":\"https:\\\/\\\/raed.academy\\\/en\\\/#\\\/schema\\\/logo\\\/image\\\/\",\"url\":\"https:\\\/\\\/raed.academy\\\/wp-content\\\/uploads\\\/2017\\\/01\\\/cropped-logo_raed.png\",\"contentUrl\":\"https:\\\/\\\/raed.academy\\\/wp-content\\\/uploads\\\/2017\\\/01\\\/cropped-logo_raed.png\",\"width\":512,\"height\":512,\"caption\":\"Real Academia Europea de Doctores\"},\"image\":{\"@id\":\"https:\\\/\\\/raed.academy\\\/en\\\/#\\\/schema\\\/logo\\\/image\\\/\"},\"sameAs\":[\"http:\\\/\\\/fb.me\\\/raed.academy\",\"https:\\\/\\\/x.com\\\/raedacademy\",\"https:\\\/\\\/www.instagram.com\\\/raed.academy\\\/\",\"https:\\\/\\\/www.youtube.com\\\/channel\\\/UCUYQwW2KrdirNWihxMDObwg\"]},{\"@type\":\"Person\",\"@id\":\"https:\\\/\\\/raed.academy\\\/en\\\/#\\\/schema\\\/person\\\/31af80688d8a2644644f48b63aa77ee1\",\"name\":\"Javier Rodr\u00edguez Sicilia\",\"image\":{\"@type\":\"ImageObject\",\"inLanguage\":\"en-US\",\"@id\":\"https:\\\/\\\/secure.gravatar.com\\\/avatar\\\/702200af99a88a3d626bc9ca2ee9361fa6e582e4455b1e641d8576c963ca66d5?s=96&d=mm&r=g\",\"url\":\"https:\\\/\\\/secure.gravatar.com\\\/avatar\\\/702200af99a88a3d626bc9ca2ee9361fa6e582e4455b1e641d8576c963ca66d5?s=96&d=mm&r=g\",\"contentUrl\":\"https:\\\/\\\/secure.gravatar.com\\\/avatar\\\/702200af99a88a3d626bc9ca2ee9361fa6e582e4455b1e641d8576c963ca66d5?s=96&d=mm&r=g\",\"caption\":\"Javier Rodr\u00edguez Sicilia\"}}]}<\/script>\n<!-- \/ Yoast SEO plugin. -->","yoast_head_json":{"title":"The island legacy of Mateo Valero - Royal European Academy of Doctors","description":"Mateo Valero is featured in an extensive report in \"Diario de Mallorca\", on the occasion of his investiture as an honorary doctor by the University of the Balearic Islands","robots":{"index":"index","follow":"follow","max-snippet":"max-snippet:-1","max-image-preview":"max-image-preview:large","max-video-preview":"max-video-preview:-1"},"canonical":"https:\/\/raed.academy\/en\/the-island-legacy-of-mateo-valero\/","og_locale":"en_US","og_type":"article","og_title":"The island legacy of Mateo Valero - Royal European Academy of Doctors","og_description":"Mateo Valero is featured in an extensive report in \"Diario de Mallorca\", on the occasion of his investiture as an honorary doctor by the University of the Balearic Islands","og_url":"https:\/\/raed.academy\/en\/the-island-legacy-of-mateo-valero\/","og_site_name":"Royal European Academy of Doctors","article_publisher":"http:\/\/fb.me\/raed.academy","article_published_time":"2025-11-24T20:15:53+00:00","og_image":[{"width":500,"height":300,"url":"https:\/\/raed.academy\/wp-content\/uploads\/2022\/06\/Mateo-Valero-dst.webp","type":"image\/webp"}],"author":"Javier Rodr\u00edguez Sicilia","twitter_card":"summary_large_image","twitter_creator":"@raedacademy","twitter_site":"@raedacademy","twitter_misc":{"Written by":"Javier Rodr\u00edguez Sicilia","Est. reading time":"3 minutes"},"schema":{"@context":"https:\/\/schema.org","@graph":[{"@type":"Article","@id":"https:\/\/raed.academy\/en\/the-island-legacy-of-mateo-valero\/#article","isPartOf":{"@id":"https:\/\/raed.academy\/en\/the-island-legacy-of-mateo-valero\/"},"author":{"name":"Javier Rodr\u00edguez Sicilia","@id":"https:\/\/raed.academy\/en\/#\/schema\/person\/31af80688d8a2644644f48b63aa77ee1"},"headline":"The island legacy of Mateo Valero","datePublished":"2025-11-24T20:15:53+00:00","mainEntityOfPage":{"@id":"https:\/\/raed.academy\/en\/the-island-legacy-of-mateo-valero\/"},"wordCount":500,"publisher":{"@id":"https:\/\/raed.academy\/en\/#organization"},"image":{"@id":"https:\/\/raed.academy\/en\/the-island-legacy-of-mateo-valero\/#primaryimage"},"thumbnailUrl":"https:\/\/raed.academy\/wp-content\/uploads\/2022\/06\/Mateo-Valero-dst.webp","articleSection":["Computing","Information and communication technologies","Prizes, awards and appointments"],"inLanguage":"en-US"},{"@type":"WebPage","@id":"https:\/\/raed.academy\/en\/the-island-legacy-of-mateo-valero\/","url":"https:\/\/raed.academy\/en\/the-island-legacy-of-mateo-valero\/","name":"The island legacy of Mateo Valero - Royal European Academy of Doctors","isPartOf":{"@id":"https:\/\/raed.academy\/en\/#website"},"primaryImageOfPage":{"@id":"https:\/\/raed.academy\/en\/the-island-legacy-of-mateo-valero\/#primaryimage"},"image":{"@id":"https:\/\/raed.academy\/en\/the-island-legacy-of-mateo-valero\/#primaryimage"},"thumbnailUrl":"https:\/\/raed.academy\/wp-content\/uploads\/2022\/06\/Mateo-Valero-dst.webp","datePublished":"2025-11-24T20:15:53+00:00","description":"Mateo Valero is featured in an extensive report in \"Diario de Mallorca\", on the occasion of his investiture as an honorary doctor by the University of the Balearic Islands","breadcrumb":{"@id":"https:\/\/raed.academy\/en\/the-island-legacy-of-mateo-valero\/#breadcrumb"},"inLanguage":"en-US","potentialAction":[{"@type":"ReadAction","target":["https:\/\/raed.academy\/en\/the-island-legacy-of-mateo-valero\/"]}]},{"@type":"ImageObject","inLanguage":"en-US","@id":"https:\/\/raed.academy\/en\/the-island-legacy-of-mateo-valero\/#primaryimage","url":"https:\/\/raed.academy\/wp-content\/uploads\/2022\/06\/Mateo-Valero-dst.webp","contentUrl":"https:\/\/raed.academy\/wp-content\/uploads\/2022\/06\/Mateo-Valero-dst.webp","width":500,"height":300,"caption":"Mateo Valero"},{"@type":"BreadcrumbList","@id":"https:\/\/raed.academy\/en\/the-island-legacy-of-mateo-valero\/#breadcrumb","itemListElement":[{"@type":"ListItem","position":1,"name":"Inicio","item":"https:\/\/raed.academy\/en\/"},{"@type":"ListItem","position":2,"name":"The island legacy of Mateo Valero"}]},{"@type":"WebSite","@id":"https:\/\/raed.academy\/en\/#website","url":"https:\/\/raed.academy\/en\/","name":"Royal European Academy of Doctors","description":"Corporaci\u00f3n de derecho p\u00fablico de car\u00e1cter cient\u00edfico, t\u00e9cnico y art\u00edstico, que tiene por objeto la investigaci\u00f3n, el estudio, el fomento y la extensi\u00f3n del conocimiento en su sentido m\u00e1s amplio.","publisher":{"@id":"https:\/\/raed.academy\/en\/#organization"},"potentialAction":[{"@type":"SearchAction","target":{"@type":"EntryPoint","urlTemplate":"https:\/\/raed.academy\/en\/?s={search_term_string}"},"query-input":{"@type":"PropertyValueSpecification","valueRequired":true,"valueName":"search_term_string"}}],"inLanguage":"en-US"},{"@type":"Organization","@id":"https:\/\/raed.academy\/en\/#organization","name":"Real Academia Europea de Doctores","url":"https:\/\/raed.academy\/en\/","logo":{"@type":"ImageObject","inLanguage":"en-US","@id":"https:\/\/raed.academy\/en\/#\/schema\/logo\/image\/","url":"https:\/\/raed.academy\/wp-content\/uploads\/2017\/01\/cropped-logo_raed.png","contentUrl":"https:\/\/raed.academy\/wp-content\/uploads\/2017\/01\/cropped-logo_raed.png","width":512,"height":512,"caption":"Real Academia Europea de Doctores"},"image":{"@id":"https:\/\/raed.academy\/en\/#\/schema\/logo\/image\/"},"sameAs":["http:\/\/fb.me\/raed.academy","https:\/\/x.com\/raedacademy","https:\/\/www.instagram.com\/raed.academy\/","https:\/\/www.youtube.com\/channel\/UCUYQwW2KrdirNWihxMDObwg"]},{"@type":"Person","@id":"https:\/\/raed.academy\/en\/#\/schema\/person\/31af80688d8a2644644f48b63aa77ee1","name":"Javier Rodr\u00edguez Sicilia","image":{"@type":"ImageObject","inLanguage":"en-US","@id":"https:\/\/secure.gravatar.com\/avatar\/702200af99a88a3d626bc9ca2ee9361fa6e582e4455b1e641d8576c963ca66d5?s=96&d=mm&r=g","url":"https:\/\/secure.gravatar.com\/avatar\/702200af99a88a3d626bc9ca2ee9361fa6e582e4455b1e641d8576c963ca66d5?s=96&d=mm&r=g","contentUrl":"https:\/\/secure.gravatar.com\/avatar\/702200af99a88a3d626bc9ca2ee9361fa6e582e4455b1e641d8576c963ca66d5?s=96&d=mm&r=g","caption":"Javier Rodr\u00edguez Sicilia"}}]}},"_links":{"self":[{"href":"https:\/\/raed.academy\/en\/wp-json\/wp\/v2\/posts\/176181","targetHints":{"allow":["GET"]}}],"collection":[{"href":"https:\/\/raed.academy\/en\/wp-json\/wp\/v2\/posts"}],"about":[{"href":"https:\/\/raed.academy\/en\/wp-json\/wp\/v2\/types\/post"}],"author":[{"embeddable":true,"href":"https:\/\/raed.academy\/en\/wp-json\/wp\/v2\/users\/16"}],"replies":[{"embeddable":true,"href":"https:\/\/raed.academy\/en\/wp-json\/wp\/v2\/comments?post=176181"}],"version-history":[{"count":1,"href":"https:\/\/raed.academy\/en\/wp-json\/wp\/v2\/posts\/176181\/revisions"}],"predecessor-version":[{"id":176189,"href":"https:\/\/raed.academy\/en\/wp-json\/wp\/v2\/posts\/176181\/revisions\/176189"}],"wp:featuredmedia":[{"embeddable":true,"href":"https:\/\/raed.academy\/en\/wp-json\/wp\/v2\/media\/118785"}],"wp:attachment":[{"href":"https:\/\/raed.academy\/en\/wp-json\/wp\/v2\/media?parent=176181"}],"wp:term":[{"taxonomy":"category","embeddable":true,"href":"https:\/\/raed.academy\/en\/wp-json\/wp\/v2\/categories?post=176181"},{"taxonomy":"post_tag","embeddable":true,"href":"https:\/\/raed.academy\/en\/wp-json\/wp\/v2\/tags?post=176181"}],"curies":[{"name":"wp","href":"https:\/\/api.w.org\/{rel}","templated":true}]}}