{"id":12731,"date":"2016-09-30T07:52:32","date_gmt":"2016-09-30T07:52:32","guid":{"rendered":"http:\/\/radd.eu\/?p=12731"},"modified":"2017-05-11T11:38:42","modified_gmt":"2017-05-11T11:38:42","slug":"the-iii-international-act-of-the-raed-already-has-over-a-hundred-registered","status":"publish","type":"post","link":"https:\/\/raed.academy\/en\/the-iii-international-act-of-the-raed-already-has-over-a-hundred-registered\/","title":{"rendered":"The III International Act of the RAED already has over a hundred registered"},"content":{"rendered":"<h3>The III International Act of the <strong>Royal European Academy of Doctors-Barcelona 1914<\/strong> (RAED) a<span id=\"result_box\" class=\"\" lang=\"en\" tabindex=\"-1\"><span class=\"\">lready has over a hundred registered. The sessions will hold <\/span>between Stockholm, <span class=\"\">St. Petersburg and other<\/span> <span class=\"\">cities<\/span> <span class=\"\">of the Baltic.<\/span> The participants will embark on a cruise <span class=\"\">will depart from<\/span> <span class=\"\">Kiel<\/span> <span class=\"\">on 15<\/span> <span class=\"\">July and<\/span> calling at Copenhagen, Stockholm, Tallinn and St. Petersburg to launch new <span class=\"\">route to<\/span> Kiel, where they will arrive on July 22.<\/span><\/h3>\n<h3><span id=\"result_box\" class=\"\" lang=\"en\" tabindex=\"-1\">During the trip, the RAED will celebrate four academic events. It will receive as academicians three Nobel laureates who will join the expedition in a ceremony to be held on board, it will hold a session at the headquarters of the Royal Swedish Academy of Engineering Sciences, it will visit the Russian Academy of Sciences at its headquarters in St. Petersburg and it will conclude its activities with the European Congress of Interdisciplinary Research that it will celebrate on board.<\/span><\/h3>\n","protected":false},"excerpt":{"rendered":"<p>The III International Act of the Royal European Academy of Doctors-Barcelona 1914 (RAED) already has over a hundred registered. The sessions will hold between Stockholm, St. Petersburg and other cities of the Baltic. The participants will embark on a cruise will depart from Kiel on 15 July and calling at Copenhagen, Stockholm, Tallinn and St. [&hellip;]<\/p>\n","protected":false},"author":12,"featured_media":0,"comment_status":"closed","ping_status":"closed","sticky":false,"template":"","format":"standard","meta":{"_et_pb_use_builder":"","_et_pb_old_content":"","_et_gb_content_width":"","footnotes":""},"categories":[67],"tags":[],"class_list":["post-12731","post","type-post","status-publish","format-standard","hentry","category-uncategorized-6","et-doesnt-have-format-content","et_post_format-et-post-format-standard"],"yoast_head":"<!-- This site is optimized with the Yoast SEO plugin v27.4 - https:\/\/yoast.com\/product\/yoast-seo-wordpress\/ -->\n<title>The III International Act of the RAED already has over a hundred registered - Royal European Academy of Doctors<\/title>\n<meta name=\"robots\" content=\"index, follow, max-snippet:-1, max-image-preview:large, max-video-preview:-1\" \/>\n<link rel=\"canonical\" href=\"https:\/\/raed.academy\/en\/the-iii-international-act-of-the-raed-already-has-over-a-hundred-registered\/\" \/>\n<meta property=\"og:locale\" content=\"en_US\" \/>\n<meta property=\"og:type\" content=\"article\" \/>\n<meta property=\"og:title\" content=\"The III International Act of the RAED already has over a hundred registered - Royal European Academy of Doctors\" \/>\n<meta property=\"og:description\" content=\"The III International Act of the Royal European Academy of Doctors-Barcelona 1914 (RAED) already has over a hundred registered. The sessions will hold between Stockholm, St. Petersburg and other cities of the Baltic. The participants will embark on a cruise will depart from Kiel on 15 July and calling at Copenhagen, Stockholm, Tallinn and St. [&hellip;]\" \/>\n<meta property=\"og:url\" content=\"https:\/\/raed.academy\/en\/the-iii-international-act-of-the-raed-already-has-over-a-hundred-registered\/\" \/>\n<meta property=\"og:site_name\" content=\"Royal European Academy of Doctors\" \/>\n<meta property=\"article:publisher\" content=\"http:\/\/fb.me\/raed.academy\" \/>\n<meta property=\"article:published_time\" content=\"2016-09-30T07:52:32+00:00\" \/>\n<meta property=\"article:modified_time\" content=\"2017-05-11T11:38:42+00:00\" \/>\n<meta name=\"author\" content=\"RAED\" \/>\n<meta name=\"twitter:card\" content=\"summary_large_image\" \/>\n<meta name=\"twitter:creator\" content=\"@raedacademy\" \/>\n<meta name=\"twitter:site\" content=\"@raedacademy\" \/>\n<meta name=\"twitter:label1\" content=\"Written by\" \/>\n\t<meta name=\"twitter:data1\" content=\"RAED\" \/>\n\t<meta name=\"twitter:label2\" content=\"Est. reading time\" \/>\n\t<meta name=\"twitter:data2\" content=\"1 minute\" \/>\n<script type=\"application\/ld+json\" class=\"yoast-schema-graph\">{\"@context\":\"https:\\\/\\\/schema.org\",\"@graph\":[{\"@type\":\"Article\",\"@id\":\"https:\\\/\\\/raed.academy\\\/en\\\/the-iii-international-act-of-the-raed-already-has-over-a-hundred-registered\\\/#article\",\"isPartOf\":{\"@id\":\"https:\\\/\\\/raed.academy\\\/en\\\/the-iii-international-act-of-the-raed-already-has-over-a-hundred-registered\\\/\"},\"author\":{\"name\":\"RAED\",\"@id\":\"https:\\\/\\\/raed.academy\\\/en\\\/#\\\/schema\\\/person\\\/5a755da80d1d979fd66ba745c8702927\"},\"headline\":\"The III International Act of the RAED already has over a hundred registered\",\"datePublished\":\"2016-09-30T07:52:32+00:00\",\"dateModified\":\"2017-05-11T11:38:42+00:00\",\"mainEntityOfPage\":{\"@id\":\"https:\\\/\\\/raed.academy\\\/en\\\/the-iii-international-act-of-the-raed-already-has-over-a-hundred-registered\\\/\"},\"wordCount\":160,\"publisher\":{\"@id\":\"https:\\\/\\\/raed.academy\\\/en\\\/#organization\"},\"inLanguage\":\"en-US\"},{\"@type\":\"WebPage\",\"@id\":\"https:\\\/\\\/raed.academy\\\/en\\\/the-iii-international-act-of-the-raed-already-has-over-a-hundred-registered\\\/\",\"url\":\"https:\\\/\\\/raed.academy\\\/en\\\/the-iii-international-act-of-the-raed-already-has-over-a-hundred-registered\\\/\",\"name\":\"The III International Act of the RAED already has over a hundred registered - Royal European Academy of Doctors\",\"isPartOf\":{\"@id\":\"https:\\\/\\\/raed.academy\\\/en\\\/#website\"},\"datePublished\":\"2016-09-30T07:52:32+00:00\",\"dateModified\":\"2017-05-11T11:38:42+00:00\",\"breadcrumb\":{\"@id\":\"https:\\\/\\\/raed.academy\\\/en\\\/the-iii-international-act-of-the-raed-already-has-over-a-hundred-registered\\\/#breadcrumb\"},\"inLanguage\":\"en-US\",\"potentialAction\":[{\"@type\":\"ReadAction\",\"target\":[\"https:\\\/\\\/raed.academy\\\/en\\\/the-iii-international-act-of-the-raed-already-has-over-a-hundred-registered\\\/\"]}]},{\"@type\":\"BreadcrumbList\",\"@id\":\"https:\\\/\\\/raed.academy\\\/en\\\/the-iii-international-act-of-the-raed-already-has-over-a-hundred-registered\\\/#breadcrumb\",\"itemListElement\":[{\"@type\":\"ListItem\",\"position\":1,\"name\":\"Inicio\",\"item\":\"https:\\\/\\\/raed.academy\\\/en\\\/\"},{\"@type\":\"ListItem\",\"position\":2,\"name\":\"The III International Act of the RAED already has over a hundred registered\"}]},{\"@type\":\"WebSite\",\"@id\":\"https:\\\/\\\/raed.academy\\\/en\\\/#website\",\"url\":\"https:\\\/\\\/raed.academy\\\/en\\\/\",\"name\":\"Royal European Academy of Doctors\",\"description\":\"Corporaci\u00f3n de derecho p\u00fablico de car\u00e1cter cient\u00edfico, t\u00e9cnico y art\u00edstico, que tiene por objeto la investigaci\u00f3n, el estudio, el fomento y la extensi\u00f3n del conocimiento en su sentido m\u00e1s amplio.\",\"publisher\":{\"@id\":\"https:\\\/\\\/raed.academy\\\/en\\\/#organization\"},\"potentialAction\":[{\"@type\":\"SearchAction\",\"target\":{\"@type\":\"EntryPoint\",\"urlTemplate\":\"https:\\\/\\\/raed.academy\\\/en\\\/?s={search_term_string}\"},\"query-input\":{\"@type\":\"PropertyValueSpecification\",\"valueRequired\":true,\"valueName\":\"search_term_string\"}}],\"inLanguage\":\"en-US\"},{\"@type\":\"Organization\",\"@id\":\"https:\\\/\\\/raed.academy\\\/en\\\/#organization\",\"name\":\"Real Academia Europea de Doctores\",\"url\":\"https:\\\/\\\/raed.academy\\\/en\\\/\",\"logo\":{\"@type\":\"ImageObject\",\"inLanguage\":\"en-US\",\"@id\":\"https:\\\/\\\/raed.academy\\\/en\\\/#\\\/schema\\\/logo\\\/image\\\/\",\"url\":\"https:\\\/\\\/raed.academy\\\/wp-content\\\/uploads\\\/2017\\\/01\\\/cropped-logo_raed.png\",\"contentUrl\":\"https:\\\/\\\/raed.academy\\\/wp-content\\\/uploads\\\/2017\\\/01\\\/cropped-logo_raed.png\",\"width\":512,\"height\":512,\"caption\":\"Real Academia Europea de Doctores\"},\"image\":{\"@id\":\"https:\\\/\\\/raed.academy\\\/en\\\/#\\\/schema\\\/logo\\\/image\\\/\"},\"sameAs\":[\"http:\\\/\\\/fb.me\\\/raed.academy\",\"https:\\\/\\\/x.com\\\/raedacademy\",\"https:\\\/\\\/www.instagram.com\\\/raed.academy\\\/\",\"https:\\\/\\\/www.youtube.com\\\/channel\\\/UCUYQwW2KrdirNWihxMDObwg\"]},{\"@type\":\"Person\",\"@id\":\"https:\\\/\\\/raed.academy\\\/en\\\/#\\\/schema\\\/person\\\/5a755da80d1d979fd66ba745c8702927\",\"name\":\"RAED\",\"image\":{\"@type\":\"ImageObject\",\"inLanguage\":\"en-US\",\"@id\":\"https:\\\/\\\/secure.gravatar.com\\\/avatar\\\/19fdfdc0d67fb9c45714b703a2ac82251c4fcea3637f002ac3c9b74c0183583c?s=96&d=mm&r=g\",\"url\":\"https:\\\/\\\/secure.gravatar.com\\\/avatar\\\/19fdfdc0d67fb9c45714b703a2ac82251c4fcea3637f002ac3c9b74c0183583c?s=96&d=mm&r=g\",\"contentUrl\":\"https:\\\/\\\/secure.gravatar.com\\\/avatar\\\/19fdfdc0d67fb9c45714b703a2ac82251c4fcea3637f002ac3c9b74c0183583c?s=96&d=mm&r=g\",\"caption\":\"RAED\"}}]}<\/script>\n<!-- \/ Yoast SEO plugin. -->","yoast_head_json":{"title":"The III International Act of the RAED already has over a hundred registered - Royal European Academy of Doctors","robots":{"index":"index","follow":"follow","max-snippet":"max-snippet:-1","max-image-preview":"max-image-preview:large","max-video-preview":"max-video-preview:-1"},"canonical":"https:\/\/raed.academy\/en\/the-iii-international-act-of-the-raed-already-has-over-a-hundred-registered\/","og_locale":"en_US","og_type":"article","og_title":"The III International Act of the RAED already has over a hundred registered - Royal European Academy of Doctors","og_description":"The III International Act of the Royal European Academy of Doctors-Barcelona 1914 (RAED) already has over a hundred registered. The sessions will hold between Stockholm, St. Petersburg and other cities of the Baltic. The participants will embark on a cruise will depart from Kiel on 15 July and calling at Copenhagen, Stockholm, Tallinn and St. [&hellip;]","og_url":"https:\/\/raed.academy\/en\/the-iii-international-act-of-the-raed-already-has-over-a-hundred-registered\/","og_site_name":"Royal European Academy of Doctors","article_publisher":"http:\/\/fb.me\/raed.academy","article_published_time":"2016-09-30T07:52:32+00:00","article_modified_time":"2017-05-11T11:38:42+00:00","author":"RAED","twitter_card":"summary_large_image","twitter_creator":"@raedacademy","twitter_site":"@raedacademy","twitter_misc":{"Written by":"RAED","Est. reading time":"1 minute"},"schema":{"@context":"https:\/\/schema.org","@graph":[{"@type":"Article","@id":"https:\/\/raed.academy\/en\/the-iii-international-act-of-the-raed-already-has-over-a-hundred-registered\/#article","isPartOf":{"@id":"https:\/\/raed.academy\/en\/the-iii-international-act-of-the-raed-already-has-over-a-hundred-registered\/"},"author":{"name":"RAED","@id":"https:\/\/raed.academy\/en\/#\/schema\/person\/5a755da80d1d979fd66ba745c8702927"},"headline":"The III International Act of the RAED already has over a hundred registered","datePublished":"2016-09-30T07:52:32+00:00","dateModified":"2017-05-11T11:38:42+00:00","mainEntityOfPage":{"@id":"https:\/\/raed.academy\/en\/the-iii-international-act-of-the-raed-already-has-over-a-hundred-registered\/"},"wordCount":160,"publisher":{"@id":"https:\/\/raed.academy\/en\/#organization"},"inLanguage":"en-US"},{"@type":"WebPage","@id":"https:\/\/raed.academy\/en\/the-iii-international-act-of-the-raed-already-has-over-a-hundred-registered\/","url":"https:\/\/raed.academy\/en\/the-iii-international-act-of-the-raed-already-has-over-a-hundred-registered\/","name":"The III International Act of the RAED already has over a hundred registered - Royal European Academy of Doctors","isPartOf":{"@id":"https:\/\/raed.academy\/en\/#website"},"datePublished":"2016-09-30T07:52:32+00:00","dateModified":"2017-05-11T11:38:42+00:00","breadcrumb":{"@id":"https:\/\/raed.academy\/en\/the-iii-international-act-of-the-raed-already-has-over-a-hundred-registered\/#breadcrumb"},"inLanguage":"en-US","potentialAction":[{"@type":"ReadAction","target":["https:\/\/raed.academy\/en\/the-iii-international-act-of-the-raed-already-has-over-a-hundred-registered\/"]}]},{"@type":"BreadcrumbList","@id":"https:\/\/raed.academy\/en\/the-iii-international-act-of-the-raed-already-has-over-a-hundred-registered\/#breadcrumb","itemListElement":[{"@type":"ListItem","position":1,"name":"Inicio","item":"https:\/\/raed.academy\/en\/"},{"@type":"ListItem","position":2,"name":"The III International Act of the RAED already has over a hundred registered"}]},{"@type":"WebSite","@id":"https:\/\/raed.academy\/en\/#website","url":"https:\/\/raed.academy\/en\/","name":"Royal European Academy of Doctors","description":"Corporaci\u00f3n de derecho p\u00fablico de car\u00e1cter cient\u00edfico, t\u00e9cnico y art\u00edstico, que tiene por objeto la investigaci\u00f3n, el estudio, el fomento y la extensi\u00f3n del conocimiento en su sentido m\u00e1s amplio.","publisher":{"@id":"https:\/\/raed.academy\/en\/#organization"},"potentialAction":[{"@type":"SearchAction","target":{"@type":"EntryPoint","urlTemplate":"https:\/\/raed.academy\/en\/?s={search_term_string}"},"query-input":{"@type":"PropertyValueSpecification","valueRequired":true,"valueName":"search_term_string"}}],"inLanguage":"en-US"},{"@type":"Organization","@id":"https:\/\/raed.academy\/en\/#organization","name":"Real Academia Europea de Doctores","url":"https:\/\/raed.academy\/en\/","logo":{"@type":"ImageObject","inLanguage":"en-US","@id":"https:\/\/raed.academy\/en\/#\/schema\/logo\/image\/","url":"https:\/\/raed.academy\/wp-content\/uploads\/2017\/01\/cropped-logo_raed.png","contentUrl":"https:\/\/raed.academy\/wp-content\/uploads\/2017\/01\/cropped-logo_raed.png","width":512,"height":512,"caption":"Real Academia Europea de Doctores"},"image":{"@id":"https:\/\/raed.academy\/en\/#\/schema\/logo\/image\/"},"sameAs":["http:\/\/fb.me\/raed.academy","https:\/\/x.com\/raedacademy","https:\/\/www.instagram.com\/raed.academy\/","https:\/\/www.youtube.com\/channel\/UCUYQwW2KrdirNWihxMDObwg"]},{"@type":"Person","@id":"https:\/\/raed.academy\/en\/#\/schema\/person\/5a755da80d1d979fd66ba745c8702927","name":"RAED","image":{"@type":"ImageObject","inLanguage":"en-US","@id":"https:\/\/secure.gravatar.com\/avatar\/19fdfdc0d67fb9c45714b703a2ac82251c4fcea3637f002ac3c9b74c0183583c?s=96&d=mm&r=g","url":"https:\/\/secure.gravatar.com\/avatar\/19fdfdc0d67fb9c45714b703a2ac82251c4fcea3637f002ac3c9b74c0183583c?s=96&d=mm&r=g","contentUrl":"https:\/\/secure.gravatar.com\/avatar\/19fdfdc0d67fb9c45714b703a2ac82251c4fcea3637f002ac3c9b74c0183583c?s=96&d=mm&r=g","caption":"RAED"}}]}},"_links":{"self":[{"href":"https:\/\/raed.academy\/en\/wp-json\/wp\/v2\/posts\/12731","targetHints":{"allow":["GET"]}}],"collection":[{"href":"https:\/\/raed.academy\/en\/wp-json\/wp\/v2\/posts"}],"about":[{"href":"https:\/\/raed.academy\/en\/wp-json\/wp\/v2\/types\/post"}],"author":[{"embeddable":true,"href":"https:\/\/raed.academy\/en\/wp-json\/wp\/v2\/users\/12"}],"replies":[{"embeddable":true,"href":"https:\/\/raed.academy\/en\/wp-json\/wp\/v2\/comments?post=12731"}],"version-history":[{"count":0,"href":"https:\/\/raed.academy\/en\/wp-json\/wp\/v2\/posts\/12731\/revisions"}],"wp:attachment":[{"href":"https:\/\/raed.academy\/en\/wp-json\/wp\/v2\/media?parent=12731"}],"wp:term":[{"taxonomy":"category","embeddable":true,"href":"https:\/\/raed.academy\/en\/wp-json\/wp\/v2\/categories?post=12731"},{"taxonomy":"post_tag","embeddable":true,"href":"https:\/\/raed.academy\/en\/wp-json\/wp\/v2\/tags?post=12731"}],"curies":[{"name":"wp","href":"https:\/\/api.w.org\/{rel}","templated":true}]}}