{"id":124802,"date":"2022-11-17T09:21:51","date_gmt":"2022-11-17T09:21:51","guid":{"rendered":"https:\/\/raed.academy\/?p=124802"},"modified":"2022-11-23T11:20:58","modified_gmt":"2022-11-23T11:20:58","slug":"campaign-for-the-signing-of-the-galapagos-manifesto-will-open","status":"publish","type":"post","link":"https:\/\/raed.academy\/en\/campaign-for-the-signing-of-the-galapagos-manifesto-will-open\/","title":{"rendered":"On November 21, the campaign for the signing of the &#8220;Galapagos Manifesto&#8221; will open, towards the &#8220;Homo Galapaguensis&#8221;"},"content":{"rendered":"<div class=\"hashtag\" style=\"font-size: 25px;position: relative;top: -100px;\">#ManifiestoGalapagos<\/div>\n<h3>Nobel laureates Erwin Neher (Medicine, 1991), Aaron Ciechanover (Chemistry, 2004), Richard Roberts (Medicine, 1993) and Richard Schrock (Chemistry, 2005) have already signed the <a href=\"https:\/\/raed.academy\/en\/manifesto-by-the-royal-european-academy-of-doctors-for-the-defence-of-the-oceans\/\">&#8220;Manifesto&#8221;<\/a>.<\/h3>\n<h3>The campaign, an initiative of the Royal European Academy of Doctors (RAED), has the collaboration of the Fidal Foundation, the University of San Francisco de Quito (USFQ).<\/h3>\n<h3><a href=\"https:\/\/www.huawei.com\/es\/\" target=\"_blank\" rel=\"noopener\"><strong>Huawei<\/strong><\/a>, the company that sponsors the &#8220;Gal\u00e1pagos and Quito Scientific Expedition 2022&#8221;, together with <a href=\"https:\/\/www.tomamosimpulso.com\/\" target=\"_blank\" rel=\"noopener\"><strong>Agrupaci\u00f3<\/strong><\/a>, will collaborate in the campaign by disseminating the <a href=\"https:\/\/raed.academy\/en\/manifesto-by-the-royal-european-academy-of-doctors-for-the-defence-of-the-oceans\/\">manifesto<\/a> to more than 100,000 students around the world.<\/h3>\n<h3>The former president of Ecuador, Rosal\u00eda Arteaga, and the vice president of <a href=\"https:\/\/www.huawei.com\/es\/\" target=\"_blank\" rel=\"noopener\">Huawei Spain<\/a>, Therese Jamaa, will participate in the presentation ceremony at the Teatro Real in Madrid.<\/h3>\n<p>On <strong>November 21, the Royal European Academy of Doctors (RAED)<\/strong> and the\u00a0<a href=\"https:\/\/www.huawei.com\/es\/\" target=\"_blank\" rel=\"noopener\"><strong>Huawei<\/strong><\/a> company will present the opening ceremony for the signing of the <a href=\"https:\/\/raed.academy\/en\/manifesto-by-the-royal-european-academy-of-doctors-for-the-defence-of-the-oceans\/\"><strong>&#8220;Galapagos Manifesto&#8221;<\/strong><\/a>, drawn up during the &#8220;Galapagos and Quito 2022 Scientific Expedition&#8221; and made public last month of August at the University of San Francisco de Quito (USFQ). The Manifesto has been presented to institutions and entities, both academic and economic, social and cultural; who have shown their support for this initiative that consists of eight points: integrated water management, education, involvement of the intellectual world, natural capital, the role of philanthropic organizations, immediate local action, international commitment and compliance with laws and involvement of international institutions; concrete proposals to overcome the current situation of destruction of the environment and, especially, of the seas due to the contamination of plastics and microplastics.<\/p>\n<div id=\"attachment_124753\" style=\"width: 381px\" class=\"wp-caption alignleft\"><img loading=\"lazy\" decoding=\"async\" aria-describedby=\"caption-attachment-124753\" class=\"wp-image-124753\" src=\"https:\/\/raed.academy\/wp-content\/uploads\/2022\/11\/Therese-Jamaa-Huawei.webp\" alt=\"Ms. Therese Jamaa, Vice President of Huawei\" width=\"371\" height=\"247\" aria-describedby=\"caption-attachment-124753\" \/><p id=\"caption-attachment-124753\" class=\"wp-caption-text\">Ms. Therese Jamaa, Vice President of Huawei<\/p><\/div>\n<p>Nobel Laureates and RAED Honorary Scholars <strong>Erwin Neher<\/strong> (Medicine, 1991), Aaron Ciechanover (Chemistry, 2004), <strong>Richards Roberts<\/strong> (Medicine, 1993) and <strong>Richard Shrock<\/strong> (Chemistry, 2005) have already signed the <a href=\"https:\/\/raed.academy\/en\/manifesto-by-the-royal-european-academy-of-doctors-for-the-defence-of-the-oceans\/\"><strong>Manifesto<\/strong><\/a>. The RAED is a public law corporation of a scientific, technical and artistic nature, whose purpose is research, study, promotion and the extension of knowledge in its broadest sense. It was established in 1914 and its objective is to generate knowledge and make it available to society to offer answers to global challenges, transfer today&#8217;s knowledge to future generations and generate debate and dialogue in the different branches of Science (Social Sciences, Sciences of Health, Human Sciences, Experimental Sciences and Technological Sciences).<\/p>\n<p><strong>Alfredo Rocafort<\/strong>, president of the RAED, affirms that \u201cthe Galapagos, the Enchanted Islands, was the place where Darwin was inspired. With this initiative we ask the world to be able to make an evolutionary leap figuratively and go from Homo Sapiens -which given the problems we cause on the planet, we are less and less so- to become &#8220;Homo Galapaguensis&#8221;, a term that would represent a respectful and harmonious coexistence between human beings and the natural environment. We need this to be a new process in our evolution as a species to recover a more sustainable society, more respectful of the environment, more aware of the risks we run in the face of global warming and the consequent climate crisis, in the face of overexploitation of the seas, illegal fishing or overpopulation. It is essential to move from anthropocentrism to biocentrism to act with respect for other species. We owe it to the planet and to future generations.\u201d<\/p>\n<p>People will be able to sign the <a href=\"https:\/\/raed.academy\/en\/manifesto-by-the-royal-european-academy-of-doctors-for-the-defence-of-the-oceans\/\"><strong>&#8220;Galapagos Manifesto&#8221;<\/strong><\/a> through the Change.org platform. For its part, the <a href=\"https:\/\/www.huawei.com\/es\/\" target=\"_blank\" rel=\"noopener\"><strong>Huawei<\/strong><\/a> company, sponsor of the &#8220;Gal\u00e1pagos and Quito 2022 Scientific Expedition&#8221;, together with <a href=\"https:\/\/www.tomamosimpulso.com\/\" target=\"_blank\" rel=\"noopener\"><strong>Agrupaci\u00f3<\/strong><\/a>, will carry out a campaign for the signing of this important document by 100,000 students from all over the world.<\/p>\n<h2>ACT AT THE ROYAL THEATER<\/h2>\n<p>On November 21, at 10:30 a.m., the presentation ceremony for the start of the campaign to collect signatures of the &#8220;Gal\u00e1pagos Manifesto&#8221; will be held at the Teatro Real in Madrid. The vice president of Huawei Spain, <strong>Therese Jamaa<\/strong>, will welcome the attendees and the former president of Ecuador, <strong>Rosal\u00eda Arteaga<\/strong>, will make the Opening Speech. <strong>Cecilia Kindel\u00e1n<\/strong>, professor at ESIC Business and Marketing School, will moderate the Debate on the importance of the involvement of the <a href=\"https:\/\/raed.academy\/en\/manifesto-by-the-royal-european-academy-of-doctors-for-the-defence-of-the-oceans\/\"><strong>&#8220;Galapagos Manifesto&#8221;<\/strong><\/a> and its conclusions, in which the following will participate: <strong>Teresa Cervero<\/strong>, Leading Research Engineer of the Barcelona Supercomputing Center; <strong>Arantxa Mart\u00ednez<\/strong>, painter; and <strong>Jos\u00e9 Ram\u00f3n Calvo<\/strong>, president of the RAED Institute for International Cooperation.<\/p>\n","protected":false},"excerpt":{"rendered":"<p>#ManifiestoGalapagos Nobel laureates Erwin Neher (Medicine, 1991), Aaron Ciechanover (Chemistry, 2004), Richard Roberts (Medicine, 1993) and Richard Schrock (Chemistry, 2005) have already signed the &#8220;Manifesto&#8221;. The campaign, an initiative of the Royal European Academy of Doctors (RAED), has the collaboration of the Fidal Foundation, the University of San Francisco de Quito (USFQ). Huawei, the company [&hellip;]<\/p>\n","protected":false},"author":16,"featured_media":122390,"comment_status":"closed","ping_status":"closed","sticky":false,"template":"","format":"standard","meta":{"_et_pb_use_builder":"","_et_pb_old_content":"","_et_gb_content_width":"","footnotes":""},"categories":[417,311],"tags":[],"class_list":["post-124802","post","type-post","status-publish","format-standard","has-post-thumbnail","hentry","category-climate-change","category-environment","et-has-post-format-content","et_post_format-et-post-format-standard"],"yoast_head":"<!-- This site is optimized with the Yoast SEO plugin v27.4 - https:\/\/yoast.com\/product\/yoast-seo-wordpress\/ -->\n<title>On November 21, the campaign for the signing of the &quot;Galapagos Manifesto&quot; will open, towards the &quot;Homo Galapaguensis&quot; - Royal European Academy of Doctors<\/title>\n<meta name=\"robots\" content=\"index, follow, max-snippet:-1, max-image-preview:large, max-video-preview:-1\" \/>\n<link rel=\"canonical\" href=\"https:\/\/raed.academy\/en\/campaign-for-the-signing-of-the-galapagos-manifesto-will-open\/\" \/>\n<meta property=\"og:locale\" content=\"en_US\" \/>\n<meta property=\"og:type\" content=\"article\" \/>\n<meta property=\"og:title\" content=\"On November 21, the campaign for the signing of the &quot;Galapagos Manifesto&quot; will open, towards the &quot;Homo Galapaguensis&quot; - Royal European Academy of Doctors\" \/>\n<meta property=\"og:description\" content=\"#ManifiestoGalapagos Nobel laureates Erwin Neher (Medicine, 1991), Aaron Ciechanover (Chemistry, 2004), Richard Roberts (Medicine, 1993) and Richard Schrock (Chemistry, 2005) have already signed the &#8220;Manifesto&#8221;. The campaign, an initiative of the Royal European Academy of Doctors (RAED), has the collaboration of the Fidal Foundation, the University of San Francisco de Quito (USFQ). Huawei, the company [&hellip;]\" \/>\n<meta property=\"og:url\" content=\"https:\/\/raed.academy\/en\/campaign-for-the-signing-of-the-galapagos-manifesto-will-open\/\" \/>\n<meta property=\"og:site_name\" content=\"Royal European Academy of Doctors\" \/>\n<meta property=\"article:publisher\" content=\"http:\/\/fb.me\/raed.academy\" \/>\n<meta property=\"article:published_time\" content=\"2022-11-17T09:21:51+00:00\" \/>\n<meta property=\"article:modified_time\" content=\"2022-11-23T11:20:58+00:00\" \/>\n<meta property=\"og:image\" content=\"https:\/\/raed.academy\/wp-content\/uploads\/2022\/09\/tortuga-marina-de-islas-Galapagos-por-Miquel-Ventura-dst.webp\" \/>\n\t<meta property=\"og:image:width\" content=\"1024\" \/>\n\t<meta property=\"og:image:height\" content=\"614\" \/>\n\t<meta property=\"og:image:type\" content=\"image\/webp\" \/>\n<meta name=\"author\" content=\"Javier Rodr\u00edguez Sicilia\" \/>\n<meta name=\"twitter:card\" content=\"summary_large_image\" \/>\n<meta name=\"twitter:creator\" content=\"@raedacademy\" \/>\n<meta name=\"twitter:site\" content=\"@raedacademy\" \/>\n<meta name=\"twitter:label1\" content=\"Written by\" \/>\n\t<meta name=\"twitter:data1\" content=\"Javier Rodr\u00edguez Sicilia\" \/>\n\t<meta name=\"twitter:label2\" content=\"Est. reading time\" \/>\n\t<meta name=\"twitter:data2\" content=\"4 minutes\" \/>\n<script type=\"application\/ld+json\" class=\"yoast-schema-graph\">{\"@context\":\"https:\\\/\\\/schema.org\",\"@graph\":[{\"@type\":\"Article\",\"@id\":\"https:\\\/\\\/raed.academy\\\/en\\\/campaign-for-the-signing-of-the-galapagos-manifesto-will-open\\\/#article\",\"isPartOf\":{\"@id\":\"https:\\\/\\\/raed.academy\\\/en\\\/campaign-for-the-signing-of-the-galapagos-manifesto-will-open\\\/\"},\"author\":{\"name\":\"Javier Rodr\u00edguez Sicilia\",\"@id\":\"https:\\\/\\\/raed.academy\\\/en\\\/#\\\/schema\\\/person\\\/31af80688d8a2644644f48b63aa77ee1\"},\"headline\":\"On November 21, the campaign for the signing of the &#8220;Galapagos Manifesto&#8221; will open, towards the &#8220;Homo Galapaguensis&#8221;\",\"datePublished\":\"2022-11-17T09:21:51+00:00\",\"dateModified\":\"2022-11-23T11:20:58+00:00\",\"mainEntityOfPage\":{\"@id\":\"https:\\\/\\\/raed.academy\\\/en\\\/campaign-for-the-signing-of-the-galapagos-manifesto-will-open\\\/\"},\"wordCount\":710,\"publisher\":{\"@id\":\"https:\\\/\\\/raed.academy\\\/en\\\/#organization\"},\"image\":{\"@id\":\"https:\\\/\\\/raed.academy\\\/en\\\/campaign-for-the-signing-of-the-galapagos-manifesto-will-open\\\/#primaryimage\"},\"thumbnailUrl\":\"https:\\\/\\\/raed.academy\\\/wp-content\\\/uploads\\\/2022\\\/09\\\/tortuga-marina-de-islas-Galapagos-por-Miquel-Ventura-dst.webp\",\"articleSection\":[\"Climate change\",\"Environment\"],\"inLanguage\":\"en-US\"},{\"@type\":\"WebPage\",\"@id\":\"https:\\\/\\\/raed.academy\\\/en\\\/campaign-for-the-signing-of-the-galapagos-manifesto-will-open\\\/\",\"url\":\"https:\\\/\\\/raed.academy\\\/en\\\/campaign-for-the-signing-of-the-galapagos-manifesto-will-open\\\/\",\"name\":\"On November 21, the campaign for the signing of the \\\"Galapagos Manifesto\\\" will open, towards the \\\"Homo Galapaguensis\\\" - Royal European Academy of Doctors\",\"isPartOf\":{\"@id\":\"https:\\\/\\\/raed.academy\\\/en\\\/#website\"},\"primaryImageOfPage\":{\"@id\":\"https:\\\/\\\/raed.academy\\\/en\\\/campaign-for-the-signing-of-the-galapagos-manifesto-will-open\\\/#primaryimage\"},\"image\":{\"@id\":\"https:\\\/\\\/raed.academy\\\/en\\\/campaign-for-the-signing-of-the-galapagos-manifesto-will-open\\\/#primaryimage\"},\"thumbnailUrl\":\"https:\\\/\\\/raed.academy\\\/wp-content\\\/uploads\\\/2022\\\/09\\\/tortuga-marina-de-islas-Galapagos-por-Miquel-Ventura-dst.webp\",\"datePublished\":\"2022-11-17T09:21:51+00:00\",\"dateModified\":\"2022-11-23T11:20:58+00:00\",\"breadcrumb\":{\"@id\":\"https:\\\/\\\/raed.academy\\\/en\\\/campaign-for-the-signing-of-the-galapagos-manifesto-will-open\\\/#breadcrumb\"},\"inLanguage\":\"en-US\",\"potentialAction\":[{\"@type\":\"ReadAction\",\"target\":[\"https:\\\/\\\/raed.academy\\\/en\\\/campaign-for-the-signing-of-the-galapagos-manifesto-will-open\\\/\"]}]},{\"@type\":\"ImageObject\",\"inLanguage\":\"en-US\",\"@id\":\"https:\\\/\\\/raed.academy\\\/en\\\/campaign-for-the-signing-of-the-galapagos-manifesto-will-open\\\/#primaryimage\",\"url\":\"https:\\\/\\\/raed.academy\\\/wp-content\\\/uploads\\\/2022\\\/09\\\/tortuga-marina-de-islas-Galapagos-por-Miquel-Ventura-dst.webp\",\"contentUrl\":\"https:\\\/\\\/raed.academy\\\/wp-content\\\/uploads\\\/2022\\\/09\\\/tortuga-marina-de-islas-Galapagos-por-Miquel-Ventura-dst.webp\",\"width\":1024,\"height\":614,\"caption\":\"tortuga marina de las islas Gal\u00e1pagos\"},{\"@type\":\"BreadcrumbList\",\"@id\":\"https:\\\/\\\/raed.academy\\\/en\\\/campaign-for-the-signing-of-the-galapagos-manifesto-will-open\\\/#breadcrumb\",\"itemListElement\":[{\"@type\":\"ListItem\",\"position\":1,\"name\":\"Inicio\",\"item\":\"https:\\\/\\\/raed.academy\\\/en\\\/\"},{\"@type\":\"ListItem\",\"position\":2,\"name\":\"On November 21, the campaign for the signing of the \u00abGalapagos Manifesto\u00bb will open, towards the \u00abHomo Galapaguensis\u00bb\"}]},{\"@type\":\"WebSite\",\"@id\":\"https:\\\/\\\/raed.academy\\\/en\\\/#website\",\"url\":\"https:\\\/\\\/raed.academy\\\/en\\\/\",\"name\":\"Royal European Academy of Doctors\",\"description\":\"Corporaci\u00f3n de derecho p\u00fablico de car\u00e1cter cient\u00edfico, t\u00e9cnico y art\u00edstico, que tiene por objeto la investigaci\u00f3n, el estudio, el fomento y la extensi\u00f3n del conocimiento en su sentido m\u00e1s amplio.\",\"publisher\":{\"@id\":\"https:\\\/\\\/raed.academy\\\/en\\\/#organization\"},\"potentialAction\":[{\"@type\":\"SearchAction\",\"target\":{\"@type\":\"EntryPoint\",\"urlTemplate\":\"https:\\\/\\\/raed.academy\\\/en\\\/?s={search_term_string}\"},\"query-input\":{\"@type\":\"PropertyValueSpecification\",\"valueRequired\":true,\"valueName\":\"search_term_string\"}}],\"inLanguage\":\"en-US\"},{\"@type\":\"Organization\",\"@id\":\"https:\\\/\\\/raed.academy\\\/en\\\/#organization\",\"name\":\"Real Academia Europea de Doctores\",\"url\":\"https:\\\/\\\/raed.academy\\\/en\\\/\",\"logo\":{\"@type\":\"ImageObject\",\"inLanguage\":\"en-US\",\"@id\":\"https:\\\/\\\/raed.academy\\\/en\\\/#\\\/schema\\\/logo\\\/image\\\/\",\"url\":\"https:\\\/\\\/raed.academy\\\/wp-content\\\/uploads\\\/2017\\\/01\\\/cropped-logo_raed.png\",\"contentUrl\":\"https:\\\/\\\/raed.academy\\\/wp-content\\\/uploads\\\/2017\\\/01\\\/cropped-logo_raed.png\",\"width\":512,\"height\":512,\"caption\":\"Real Academia Europea de Doctores\"},\"image\":{\"@id\":\"https:\\\/\\\/raed.academy\\\/en\\\/#\\\/schema\\\/logo\\\/image\\\/\"},\"sameAs\":[\"http:\\\/\\\/fb.me\\\/raed.academy\",\"https:\\\/\\\/x.com\\\/raedacademy\",\"https:\\\/\\\/www.instagram.com\\\/raed.academy\\\/\",\"https:\\\/\\\/www.youtube.com\\\/channel\\\/UCUYQwW2KrdirNWihxMDObwg\"]},{\"@type\":\"Person\",\"@id\":\"https:\\\/\\\/raed.academy\\\/en\\\/#\\\/schema\\\/person\\\/31af80688d8a2644644f48b63aa77ee1\",\"name\":\"Javier Rodr\u00edguez Sicilia\",\"image\":{\"@type\":\"ImageObject\",\"inLanguage\":\"en-US\",\"@id\":\"https:\\\/\\\/secure.gravatar.com\\\/avatar\\\/702200af99a88a3d626bc9ca2ee9361fa6e582e4455b1e641d8576c963ca66d5?s=96&d=mm&r=g\",\"url\":\"https:\\\/\\\/secure.gravatar.com\\\/avatar\\\/702200af99a88a3d626bc9ca2ee9361fa6e582e4455b1e641d8576c963ca66d5?s=96&d=mm&r=g\",\"contentUrl\":\"https:\\\/\\\/secure.gravatar.com\\\/avatar\\\/702200af99a88a3d626bc9ca2ee9361fa6e582e4455b1e641d8576c963ca66d5?s=96&d=mm&r=g\",\"caption\":\"Javier Rodr\u00edguez Sicilia\"}}]}<\/script>\n<!-- \/ Yoast SEO plugin. -->","yoast_head_json":{"title":"On November 21, the campaign for the signing of the \"Galapagos Manifesto\" will open, towards the \"Homo Galapaguensis\" - Royal European Academy of Doctors","robots":{"index":"index","follow":"follow","max-snippet":"max-snippet:-1","max-image-preview":"max-image-preview:large","max-video-preview":"max-video-preview:-1"},"canonical":"https:\/\/raed.academy\/en\/campaign-for-the-signing-of-the-galapagos-manifesto-will-open\/","og_locale":"en_US","og_type":"article","og_title":"On November 21, the campaign for the signing of the \"Galapagos Manifesto\" will open, towards the \"Homo Galapaguensis\" - Royal European Academy of Doctors","og_description":"#ManifiestoGalapagos Nobel laureates Erwin Neher (Medicine, 1991), Aaron Ciechanover (Chemistry, 2004), Richard Roberts (Medicine, 1993) and Richard Schrock (Chemistry, 2005) have already signed the &#8220;Manifesto&#8221;. The campaign, an initiative of the Royal European Academy of Doctors (RAED), has the collaboration of the Fidal Foundation, the University of San Francisco de Quito (USFQ). Huawei, the company [&hellip;]","og_url":"https:\/\/raed.academy\/en\/campaign-for-the-signing-of-the-galapagos-manifesto-will-open\/","og_site_name":"Royal European Academy of Doctors","article_publisher":"http:\/\/fb.me\/raed.academy","article_published_time":"2022-11-17T09:21:51+00:00","article_modified_time":"2022-11-23T11:20:58+00:00","og_image":[{"width":1024,"height":614,"url":"https:\/\/raed.academy\/wp-content\/uploads\/2022\/09\/tortuga-marina-de-islas-Galapagos-por-Miquel-Ventura-dst.webp","type":"image\/webp"}],"author":"Javier Rodr\u00edguez Sicilia","twitter_card":"summary_large_image","twitter_creator":"@raedacademy","twitter_site":"@raedacademy","twitter_misc":{"Written by":"Javier Rodr\u00edguez Sicilia","Est. reading time":"4 minutes"},"schema":{"@context":"https:\/\/schema.org","@graph":[{"@type":"Article","@id":"https:\/\/raed.academy\/en\/campaign-for-the-signing-of-the-galapagos-manifesto-will-open\/#article","isPartOf":{"@id":"https:\/\/raed.academy\/en\/campaign-for-the-signing-of-the-galapagos-manifesto-will-open\/"},"author":{"name":"Javier Rodr\u00edguez Sicilia","@id":"https:\/\/raed.academy\/en\/#\/schema\/person\/31af80688d8a2644644f48b63aa77ee1"},"headline":"On November 21, the campaign for the signing of the &#8220;Galapagos Manifesto&#8221; will open, towards the &#8220;Homo Galapaguensis&#8221;","datePublished":"2022-11-17T09:21:51+00:00","dateModified":"2022-11-23T11:20:58+00:00","mainEntityOfPage":{"@id":"https:\/\/raed.academy\/en\/campaign-for-the-signing-of-the-galapagos-manifesto-will-open\/"},"wordCount":710,"publisher":{"@id":"https:\/\/raed.academy\/en\/#organization"},"image":{"@id":"https:\/\/raed.academy\/en\/campaign-for-the-signing-of-the-galapagos-manifesto-will-open\/#primaryimage"},"thumbnailUrl":"https:\/\/raed.academy\/wp-content\/uploads\/2022\/09\/tortuga-marina-de-islas-Galapagos-por-Miquel-Ventura-dst.webp","articleSection":["Climate change","Environment"],"inLanguage":"en-US"},{"@type":"WebPage","@id":"https:\/\/raed.academy\/en\/campaign-for-the-signing-of-the-galapagos-manifesto-will-open\/","url":"https:\/\/raed.academy\/en\/campaign-for-the-signing-of-the-galapagos-manifesto-will-open\/","name":"On November 21, the campaign for the signing of the \"Galapagos Manifesto\" will open, towards the \"Homo Galapaguensis\" - Royal European Academy of Doctors","isPartOf":{"@id":"https:\/\/raed.academy\/en\/#website"},"primaryImageOfPage":{"@id":"https:\/\/raed.academy\/en\/campaign-for-the-signing-of-the-galapagos-manifesto-will-open\/#primaryimage"},"image":{"@id":"https:\/\/raed.academy\/en\/campaign-for-the-signing-of-the-galapagos-manifesto-will-open\/#primaryimage"},"thumbnailUrl":"https:\/\/raed.academy\/wp-content\/uploads\/2022\/09\/tortuga-marina-de-islas-Galapagos-por-Miquel-Ventura-dst.webp","datePublished":"2022-11-17T09:21:51+00:00","dateModified":"2022-11-23T11:20:58+00:00","breadcrumb":{"@id":"https:\/\/raed.academy\/en\/campaign-for-the-signing-of-the-galapagos-manifesto-will-open\/#breadcrumb"},"inLanguage":"en-US","potentialAction":[{"@type":"ReadAction","target":["https:\/\/raed.academy\/en\/campaign-for-the-signing-of-the-galapagos-manifesto-will-open\/"]}]},{"@type":"ImageObject","inLanguage":"en-US","@id":"https:\/\/raed.academy\/en\/campaign-for-the-signing-of-the-galapagos-manifesto-will-open\/#primaryimage","url":"https:\/\/raed.academy\/wp-content\/uploads\/2022\/09\/tortuga-marina-de-islas-Galapagos-por-Miquel-Ventura-dst.webp","contentUrl":"https:\/\/raed.academy\/wp-content\/uploads\/2022\/09\/tortuga-marina-de-islas-Galapagos-por-Miquel-Ventura-dst.webp","width":1024,"height":614,"caption":"tortuga marina de las islas Gal\u00e1pagos"},{"@type":"BreadcrumbList","@id":"https:\/\/raed.academy\/en\/campaign-for-the-signing-of-the-galapagos-manifesto-will-open\/#breadcrumb","itemListElement":[{"@type":"ListItem","position":1,"name":"Inicio","item":"https:\/\/raed.academy\/en\/"},{"@type":"ListItem","position":2,"name":"On November 21, the campaign for the signing of the \u00abGalapagos Manifesto\u00bb will open, towards the \u00abHomo Galapaguensis\u00bb"}]},{"@type":"WebSite","@id":"https:\/\/raed.academy\/en\/#website","url":"https:\/\/raed.academy\/en\/","name":"Royal European Academy of Doctors","description":"Corporaci\u00f3n de derecho p\u00fablico de car\u00e1cter cient\u00edfico, t\u00e9cnico y art\u00edstico, que tiene por objeto la investigaci\u00f3n, el estudio, el fomento y la extensi\u00f3n del conocimiento en su sentido m\u00e1s amplio.","publisher":{"@id":"https:\/\/raed.academy\/en\/#organization"},"potentialAction":[{"@type":"SearchAction","target":{"@type":"EntryPoint","urlTemplate":"https:\/\/raed.academy\/en\/?s={search_term_string}"},"query-input":{"@type":"PropertyValueSpecification","valueRequired":true,"valueName":"search_term_string"}}],"inLanguage":"en-US"},{"@type":"Organization","@id":"https:\/\/raed.academy\/en\/#organization","name":"Real Academia Europea de Doctores","url":"https:\/\/raed.academy\/en\/","logo":{"@type":"ImageObject","inLanguage":"en-US","@id":"https:\/\/raed.academy\/en\/#\/schema\/logo\/image\/","url":"https:\/\/raed.academy\/wp-content\/uploads\/2017\/01\/cropped-logo_raed.png","contentUrl":"https:\/\/raed.academy\/wp-content\/uploads\/2017\/01\/cropped-logo_raed.png","width":512,"height":512,"caption":"Real Academia Europea de Doctores"},"image":{"@id":"https:\/\/raed.academy\/en\/#\/schema\/logo\/image\/"},"sameAs":["http:\/\/fb.me\/raed.academy","https:\/\/x.com\/raedacademy","https:\/\/www.instagram.com\/raed.academy\/","https:\/\/www.youtube.com\/channel\/UCUYQwW2KrdirNWihxMDObwg"]},{"@type":"Person","@id":"https:\/\/raed.academy\/en\/#\/schema\/person\/31af80688d8a2644644f48b63aa77ee1","name":"Javier Rodr\u00edguez Sicilia","image":{"@type":"ImageObject","inLanguage":"en-US","@id":"https:\/\/secure.gravatar.com\/avatar\/702200af99a88a3d626bc9ca2ee9361fa6e582e4455b1e641d8576c963ca66d5?s=96&d=mm&r=g","url":"https:\/\/secure.gravatar.com\/avatar\/702200af99a88a3d626bc9ca2ee9361fa6e582e4455b1e641d8576c963ca66d5?s=96&d=mm&r=g","contentUrl":"https:\/\/secure.gravatar.com\/avatar\/702200af99a88a3d626bc9ca2ee9361fa6e582e4455b1e641d8576c963ca66d5?s=96&d=mm&r=g","caption":"Javier Rodr\u00edguez Sicilia"}}]}},"_links":{"self":[{"href":"https:\/\/raed.academy\/en\/wp-json\/wp\/v2\/posts\/124802","targetHints":{"allow":["GET"]}}],"collection":[{"href":"https:\/\/raed.academy\/en\/wp-json\/wp\/v2\/posts"}],"about":[{"href":"https:\/\/raed.academy\/en\/wp-json\/wp\/v2\/types\/post"}],"author":[{"embeddable":true,"href":"https:\/\/raed.academy\/en\/wp-json\/wp\/v2\/users\/16"}],"replies":[{"embeddable":true,"href":"https:\/\/raed.academy\/en\/wp-json\/wp\/v2\/comments?post=124802"}],"version-history":[{"count":0,"href":"https:\/\/raed.academy\/en\/wp-json\/wp\/v2\/posts\/124802\/revisions"}],"wp:featuredmedia":[{"embeddable":true,"href":"https:\/\/raed.academy\/en\/wp-json\/wp\/v2\/media\/122390"}],"wp:attachment":[{"href":"https:\/\/raed.academy\/en\/wp-json\/wp\/v2\/media?parent=124802"}],"wp:term":[{"taxonomy":"category","embeddable":true,"href":"https:\/\/raed.academy\/en\/wp-json\/wp\/v2\/categories?post=124802"},{"taxonomy":"post_tag","embeddable":true,"href":"https:\/\/raed.academy\/en\/wp-json\/wp\/v2\/tags?post=124802"}],"curies":[{"name":"wp","href":"https:\/\/api.w.org\/{rel}","templated":true}]}}