{"id":11961,"date":"2016-09-26T10:58:56","date_gmt":"2016-09-26T10:58:56","guid":{"rendered":"http:\/\/radd.eu\/?p=11961"},"modified":"2017-05-11T14:14:50","modified_gmt":"2017-05-11T14:14:50","slug":"jose-luis-salido-stresses-the-need-to-regulate-the-institutional-representation-of-entrepreneurs","status":"publish","type":"post","link":"https:\/\/raed.academy\/en\/jose-luis-salido-stresses-the-need-to-regulate-the-institutional-representation-of-entrepreneurs\/","title":{"rendered":"Jos\u00e9 Luis Salido stresses the need to regulate the institutional representation of entrepreneurs"},"content":{"rendered":"<h3><span class=\"\" lang=\"en\" tabindex=\"-1\"><a href=\"http:\/\/raed.academy\/en\/academicians\/dr-jose-luis-salido-banus\/\" target=\"_blank\"><strong><span class=\"\">Jos\u00e9<\/span> Luis Salido<\/strong><\/a>, full academician and<\/span> g<span id=\"result_box\" class=\"\" lang=\"en\" tabindex=\"-1\"><span class=\"\">eneral secretary of<\/span> <span class=\"\">the Governing Board<\/span> of the <strong>Royal European Academy of Doctors-Barcelona 1914<\/strong> (RAED), urges the Spanish Government to legislate on behalf of the business community in the institutions and the representativeness of the various employers associations to ensure the rights of a fundamental part of the protagonists of the productive sector and services and the labor market. He carried out this reflection in an opinion column in &#8220;Dinero&#8221;, the Economics magazine of &#8220;La Vanguardia&#8221;, on Sunday 25 September.<\/h3>\n","protected":false},"excerpt":{"rendered":"<p>Jos\u00e9 Luis Salido, full academician and general secretary of the Governing Board of the Royal European Academy of Doctors-Barcelona 1914 (RAED), urges the Spanish Government to legislate on behalf of the business community in the institutions and the representativeness of the various employers associations to ensure the rights of a fundamental part of the protagonists [&hellip;]<\/p>\n","protected":false},"author":12,"featured_media":0,"comment_status":"closed","ping_status":"closed","sticky":false,"template":"","format":"standard","meta":{"_et_pb_use_builder":"","_et_pb_old_content":"","_et_gb_content_width":"","footnotes":""},"categories":[67],"tags":[],"class_list":["post-11961","post","type-post","status-publish","format-standard","hentry","category-uncategorized-6","et-doesnt-have-format-content","et_post_format-et-post-format-standard"],"yoast_head":"<!-- This site is optimized with the Yoast SEO plugin v27.4 - https:\/\/yoast.com\/product\/yoast-seo-wordpress\/ -->\n<title>Jos\u00e9 Luis Salido stresses the need to regulate the institutional representation of entrepreneurs - Royal European Academy of Doctors<\/title>\n<meta name=\"robots\" content=\"index, follow, max-snippet:-1, max-image-preview:large, max-video-preview:-1\" \/>\n<link rel=\"canonical\" href=\"https:\/\/raed.academy\/en\/jose-luis-salido-stresses-the-need-to-regulate-the-institutional-representation-of-entrepreneurs\/\" \/>\n<meta property=\"og:locale\" content=\"en_US\" \/>\n<meta property=\"og:type\" content=\"article\" \/>\n<meta property=\"og:title\" content=\"Jos\u00e9 Luis Salido stresses the need to regulate the institutional representation of entrepreneurs - Royal European Academy of Doctors\" \/>\n<meta property=\"og:description\" content=\"Jos\u00e9 Luis Salido, full academician and general secretary of the Governing Board of the Royal European Academy of Doctors-Barcelona 1914 (RAED), urges the Spanish Government to legislate on behalf of the business community in the institutions and the representativeness of the various employers associations to ensure the rights of a fundamental part of the protagonists [&hellip;]\" \/>\n<meta property=\"og:url\" content=\"https:\/\/raed.academy\/en\/jose-luis-salido-stresses-the-need-to-regulate-the-institutional-representation-of-entrepreneurs\/\" \/>\n<meta property=\"og:site_name\" content=\"Royal European Academy of Doctors\" \/>\n<meta property=\"article:publisher\" content=\"http:\/\/fb.me\/raed.academy\" \/>\n<meta property=\"article:published_time\" content=\"2016-09-26T10:58:56+00:00\" \/>\n<meta property=\"article:modified_time\" content=\"2017-05-11T14:14:50+00:00\" \/>\n<meta name=\"author\" content=\"RAED\" \/>\n<meta name=\"twitter:card\" content=\"summary_large_image\" \/>\n<meta name=\"twitter:creator\" content=\"@raedacademy\" \/>\n<meta name=\"twitter:site\" content=\"@raedacademy\" \/>\n<meta name=\"twitter:label1\" content=\"Written by\" \/>\n\t<meta name=\"twitter:data1\" content=\"RAED\" \/>\n<script type=\"application\/ld+json\" class=\"yoast-schema-graph\">{\"@context\":\"https:\\\/\\\/schema.org\",\"@graph\":[{\"@type\":\"Article\",\"@id\":\"https:\\\/\\\/raed.academy\\\/en\\\/jose-luis-salido-stresses-the-need-to-regulate-the-institutional-representation-of-entrepreneurs\\\/#article\",\"isPartOf\":{\"@id\":\"https:\\\/\\\/raed.academy\\\/en\\\/jose-luis-salido-stresses-the-need-to-regulate-the-institutional-representation-of-entrepreneurs\\\/\"},\"author\":{\"name\":\"RAED\",\"@id\":\"https:\\\/\\\/raed.academy\\\/en\\\/#\\\/schema\\\/person\\\/5a755da80d1d979fd66ba745c8702927\"},\"headline\":\"Jos\u00e9 Luis Salido stresses the need to regulate the institutional representation of entrepreneurs\",\"datePublished\":\"2016-09-26T10:58:56+00:00\",\"dateModified\":\"2017-05-11T14:14:50+00:00\",\"mainEntityOfPage\":{\"@id\":\"https:\\\/\\\/raed.academy\\\/en\\\/jose-luis-salido-stresses-the-need-to-regulate-the-institutional-representation-of-entrepreneurs\\\/\"},\"wordCount\":98,\"publisher\":{\"@id\":\"https:\\\/\\\/raed.academy\\\/en\\\/#organization\"},\"inLanguage\":\"en-US\"},{\"@type\":\"WebPage\",\"@id\":\"https:\\\/\\\/raed.academy\\\/en\\\/jose-luis-salido-stresses-the-need-to-regulate-the-institutional-representation-of-entrepreneurs\\\/\",\"url\":\"https:\\\/\\\/raed.academy\\\/en\\\/jose-luis-salido-stresses-the-need-to-regulate-the-institutional-representation-of-entrepreneurs\\\/\",\"name\":\"Jos\u00e9 Luis Salido stresses the need to regulate the institutional representation of entrepreneurs - Royal European Academy of Doctors\",\"isPartOf\":{\"@id\":\"https:\\\/\\\/raed.academy\\\/en\\\/#website\"},\"datePublished\":\"2016-09-26T10:58:56+00:00\",\"dateModified\":\"2017-05-11T14:14:50+00:00\",\"breadcrumb\":{\"@id\":\"https:\\\/\\\/raed.academy\\\/en\\\/jose-luis-salido-stresses-the-need-to-regulate-the-institutional-representation-of-entrepreneurs\\\/#breadcrumb\"},\"inLanguage\":\"en-US\",\"potentialAction\":[{\"@type\":\"ReadAction\",\"target\":[\"https:\\\/\\\/raed.academy\\\/en\\\/jose-luis-salido-stresses-the-need-to-regulate-the-institutional-representation-of-entrepreneurs\\\/\"]}]},{\"@type\":\"BreadcrumbList\",\"@id\":\"https:\\\/\\\/raed.academy\\\/en\\\/jose-luis-salido-stresses-the-need-to-regulate-the-institutional-representation-of-entrepreneurs\\\/#breadcrumb\",\"itemListElement\":[{\"@type\":\"ListItem\",\"position\":1,\"name\":\"Inicio\",\"item\":\"https:\\\/\\\/raed.academy\\\/en\\\/\"},{\"@type\":\"ListItem\",\"position\":2,\"name\":\"Jos\u00e9 Luis Salido stresses the need to regulate the institutional representation of entrepreneurs\"}]},{\"@type\":\"WebSite\",\"@id\":\"https:\\\/\\\/raed.academy\\\/en\\\/#website\",\"url\":\"https:\\\/\\\/raed.academy\\\/en\\\/\",\"name\":\"Royal European Academy of Doctors\",\"description\":\"Corporaci\u00f3n de derecho p\u00fablico de car\u00e1cter cient\u00edfico, t\u00e9cnico y art\u00edstico, que tiene por objeto la investigaci\u00f3n, el estudio, el fomento y la extensi\u00f3n del conocimiento en su sentido m\u00e1s amplio.\",\"publisher\":{\"@id\":\"https:\\\/\\\/raed.academy\\\/en\\\/#organization\"},\"potentialAction\":[{\"@type\":\"SearchAction\",\"target\":{\"@type\":\"EntryPoint\",\"urlTemplate\":\"https:\\\/\\\/raed.academy\\\/en\\\/?s={search_term_string}\"},\"query-input\":{\"@type\":\"PropertyValueSpecification\",\"valueRequired\":true,\"valueName\":\"search_term_string\"}}],\"inLanguage\":\"en-US\"},{\"@type\":\"Organization\",\"@id\":\"https:\\\/\\\/raed.academy\\\/en\\\/#organization\",\"name\":\"Real Academia Europea de Doctores\",\"url\":\"https:\\\/\\\/raed.academy\\\/en\\\/\",\"logo\":{\"@type\":\"ImageObject\",\"inLanguage\":\"en-US\",\"@id\":\"https:\\\/\\\/raed.academy\\\/en\\\/#\\\/schema\\\/logo\\\/image\\\/\",\"url\":\"https:\\\/\\\/raed.academy\\\/wp-content\\\/uploads\\\/2017\\\/01\\\/cropped-logo_raed.png\",\"contentUrl\":\"https:\\\/\\\/raed.academy\\\/wp-content\\\/uploads\\\/2017\\\/01\\\/cropped-logo_raed.png\",\"width\":512,\"height\":512,\"caption\":\"Real Academia Europea de Doctores\"},\"image\":{\"@id\":\"https:\\\/\\\/raed.academy\\\/en\\\/#\\\/schema\\\/logo\\\/image\\\/\"},\"sameAs\":[\"http:\\\/\\\/fb.me\\\/raed.academy\",\"https:\\\/\\\/x.com\\\/raedacademy\",\"https:\\\/\\\/www.instagram.com\\\/raed.academy\\\/\",\"https:\\\/\\\/www.youtube.com\\\/channel\\\/UCUYQwW2KrdirNWihxMDObwg\"]},{\"@type\":\"Person\",\"@id\":\"https:\\\/\\\/raed.academy\\\/en\\\/#\\\/schema\\\/person\\\/5a755da80d1d979fd66ba745c8702927\",\"name\":\"RAED\",\"image\":{\"@type\":\"ImageObject\",\"inLanguage\":\"en-US\",\"@id\":\"https:\\\/\\\/secure.gravatar.com\\\/avatar\\\/19fdfdc0d67fb9c45714b703a2ac82251c4fcea3637f002ac3c9b74c0183583c?s=96&d=mm&r=g\",\"url\":\"https:\\\/\\\/secure.gravatar.com\\\/avatar\\\/19fdfdc0d67fb9c45714b703a2ac82251c4fcea3637f002ac3c9b74c0183583c?s=96&d=mm&r=g\",\"contentUrl\":\"https:\\\/\\\/secure.gravatar.com\\\/avatar\\\/19fdfdc0d67fb9c45714b703a2ac82251c4fcea3637f002ac3c9b74c0183583c?s=96&d=mm&r=g\",\"caption\":\"RAED\"}}]}<\/script>\n<!-- \/ Yoast SEO plugin. -->","yoast_head_json":{"title":"Jos\u00e9 Luis Salido stresses the need to regulate the institutional representation of entrepreneurs - Royal European Academy of Doctors","robots":{"index":"index","follow":"follow","max-snippet":"max-snippet:-1","max-image-preview":"max-image-preview:large","max-video-preview":"max-video-preview:-1"},"canonical":"https:\/\/raed.academy\/en\/jose-luis-salido-stresses-the-need-to-regulate-the-institutional-representation-of-entrepreneurs\/","og_locale":"en_US","og_type":"article","og_title":"Jos\u00e9 Luis Salido stresses the need to regulate the institutional representation of entrepreneurs - Royal European Academy of Doctors","og_description":"Jos\u00e9 Luis Salido, full academician and general secretary of the Governing Board of the Royal European Academy of Doctors-Barcelona 1914 (RAED), urges the Spanish Government to legislate on behalf of the business community in the institutions and the representativeness of the various employers associations to ensure the rights of a fundamental part of the protagonists [&hellip;]","og_url":"https:\/\/raed.academy\/en\/jose-luis-salido-stresses-the-need-to-regulate-the-institutional-representation-of-entrepreneurs\/","og_site_name":"Royal European Academy of Doctors","article_publisher":"http:\/\/fb.me\/raed.academy","article_published_time":"2016-09-26T10:58:56+00:00","article_modified_time":"2017-05-11T14:14:50+00:00","author":"RAED","twitter_card":"summary_large_image","twitter_creator":"@raedacademy","twitter_site":"@raedacademy","twitter_misc":{"Written by":"RAED"},"schema":{"@context":"https:\/\/schema.org","@graph":[{"@type":"Article","@id":"https:\/\/raed.academy\/en\/jose-luis-salido-stresses-the-need-to-regulate-the-institutional-representation-of-entrepreneurs\/#article","isPartOf":{"@id":"https:\/\/raed.academy\/en\/jose-luis-salido-stresses-the-need-to-regulate-the-institutional-representation-of-entrepreneurs\/"},"author":{"name":"RAED","@id":"https:\/\/raed.academy\/en\/#\/schema\/person\/5a755da80d1d979fd66ba745c8702927"},"headline":"Jos\u00e9 Luis Salido stresses the need to regulate the institutional representation of entrepreneurs","datePublished":"2016-09-26T10:58:56+00:00","dateModified":"2017-05-11T14:14:50+00:00","mainEntityOfPage":{"@id":"https:\/\/raed.academy\/en\/jose-luis-salido-stresses-the-need-to-regulate-the-institutional-representation-of-entrepreneurs\/"},"wordCount":98,"publisher":{"@id":"https:\/\/raed.academy\/en\/#organization"},"inLanguage":"en-US"},{"@type":"WebPage","@id":"https:\/\/raed.academy\/en\/jose-luis-salido-stresses-the-need-to-regulate-the-institutional-representation-of-entrepreneurs\/","url":"https:\/\/raed.academy\/en\/jose-luis-salido-stresses-the-need-to-regulate-the-institutional-representation-of-entrepreneurs\/","name":"Jos\u00e9 Luis Salido stresses the need to regulate the institutional representation of entrepreneurs - Royal European Academy of Doctors","isPartOf":{"@id":"https:\/\/raed.academy\/en\/#website"},"datePublished":"2016-09-26T10:58:56+00:00","dateModified":"2017-05-11T14:14:50+00:00","breadcrumb":{"@id":"https:\/\/raed.academy\/en\/jose-luis-salido-stresses-the-need-to-regulate-the-institutional-representation-of-entrepreneurs\/#breadcrumb"},"inLanguage":"en-US","potentialAction":[{"@type":"ReadAction","target":["https:\/\/raed.academy\/en\/jose-luis-salido-stresses-the-need-to-regulate-the-institutional-representation-of-entrepreneurs\/"]}]},{"@type":"BreadcrumbList","@id":"https:\/\/raed.academy\/en\/jose-luis-salido-stresses-the-need-to-regulate-the-institutional-representation-of-entrepreneurs\/#breadcrumb","itemListElement":[{"@type":"ListItem","position":1,"name":"Inicio","item":"https:\/\/raed.academy\/en\/"},{"@type":"ListItem","position":2,"name":"Jos\u00e9 Luis Salido stresses the need to regulate the institutional representation of entrepreneurs"}]},{"@type":"WebSite","@id":"https:\/\/raed.academy\/en\/#website","url":"https:\/\/raed.academy\/en\/","name":"Royal European Academy of Doctors","description":"Corporaci\u00f3n de derecho p\u00fablico de car\u00e1cter cient\u00edfico, t\u00e9cnico y art\u00edstico, que tiene por objeto la investigaci\u00f3n, el estudio, el fomento y la extensi\u00f3n del conocimiento en su sentido m\u00e1s amplio.","publisher":{"@id":"https:\/\/raed.academy\/en\/#organization"},"potentialAction":[{"@type":"SearchAction","target":{"@type":"EntryPoint","urlTemplate":"https:\/\/raed.academy\/en\/?s={search_term_string}"},"query-input":{"@type":"PropertyValueSpecification","valueRequired":true,"valueName":"search_term_string"}}],"inLanguage":"en-US"},{"@type":"Organization","@id":"https:\/\/raed.academy\/en\/#organization","name":"Real Academia Europea de Doctores","url":"https:\/\/raed.academy\/en\/","logo":{"@type":"ImageObject","inLanguage":"en-US","@id":"https:\/\/raed.academy\/en\/#\/schema\/logo\/image\/","url":"https:\/\/raed.academy\/wp-content\/uploads\/2017\/01\/cropped-logo_raed.png","contentUrl":"https:\/\/raed.academy\/wp-content\/uploads\/2017\/01\/cropped-logo_raed.png","width":512,"height":512,"caption":"Real Academia Europea de Doctores"},"image":{"@id":"https:\/\/raed.academy\/en\/#\/schema\/logo\/image\/"},"sameAs":["http:\/\/fb.me\/raed.academy","https:\/\/x.com\/raedacademy","https:\/\/www.instagram.com\/raed.academy\/","https:\/\/www.youtube.com\/channel\/UCUYQwW2KrdirNWihxMDObwg"]},{"@type":"Person","@id":"https:\/\/raed.academy\/en\/#\/schema\/person\/5a755da80d1d979fd66ba745c8702927","name":"RAED","image":{"@type":"ImageObject","inLanguage":"en-US","@id":"https:\/\/secure.gravatar.com\/avatar\/19fdfdc0d67fb9c45714b703a2ac82251c4fcea3637f002ac3c9b74c0183583c?s=96&d=mm&r=g","url":"https:\/\/secure.gravatar.com\/avatar\/19fdfdc0d67fb9c45714b703a2ac82251c4fcea3637f002ac3c9b74c0183583c?s=96&d=mm&r=g","contentUrl":"https:\/\/secure.gravatar.com\/avatar\/19fdfdc0d67fb9c45714b703a2ac82251c4fcea3637f002ac3c9b74c0183583c?s=96&d=mm&r=g","caption":"RAED"}}]}},"_links":{"self":[{"href":"https:\/\/raed.academy\/en\/wp-json\/wp\/v2\/posts\/11961","targetHints":{"allow":["GET"]}}],"collection":[{"href":"https:\/\/raed.academy\/en\/wp-json\/wp\/v2\/posts"}],"about":[{"href":"https:\/\/raed.academy\/en\/wp-json\/wp\/v2\/types\/post"}],"author":[{"embeddable":true,"href":"https:\/\/raed.academy\/en\/wp-json\/wp\/v2\/users\/12"}],"replies":[{"embeddable":true,"href":"https:\/\/raed.academy\/en\/wp-json\/wp\/v2\/comments?post=11961"}],"version-history":[{"count":0,"href":"https:\/\/raed.academy\/en\/wp-json\/wp\/v2\/posts\/11961\/revisions"}],"wp:attachment":[{"href":"https:\/\/raed.academy\/en\/wp-json\/wp\/v2\/media?parent=11961"}],"wp:term":[{"taxonomy":"category","embeddable":true,"href":"https:\/\/raed.academy\/en\/wp-json\/wp\/v2\/categories?post=11961"},{"taxonomy":"post_tag","embeddable":true,"href":"https:\/\/raed.academy\/en\/wp-json\/wp\/v2\/tags?post=11961"}],"curies":[{"name":"wp","href":"https:\/\/api.w.org\/{rel}","templated":true}]}}