{"id":11933,"date":"2016-09-26T09:00:31","date_gmt":"2016-09-26T09:00:31","guid":{"rendered":"http:\/\/radd.eu\/?p=11933"},"modified":"2017-05-11T14:19:01","modified_gmt":"2017-05-11T14:19:01","slug":"the-generalitat-de-catalunya-appoints-maria-angels-calvo-member-of-its-advisory-council-on-public-health","status":"publish","type":"post","link":"https:\/\/raed.academy\/en\/the-generalitat-de-catalunya-appoints-maria-angels-calvo-member-of-its-advisory-council-on-public-health\/","title":{"rendered":"The Generalitat de Catalunya appoints Maria \u00c0ngels Calvo member of its Advisory Council on Public Health"},"content":{"rendered":"<div id=\"gt-res-content\">\n<div dir=\"ltr\">\n<h3><span id=\"result_box\" class=\"\" lang=\"en\"><span class=\"\">The<\/span> <span class=\"\">Departamanet<\/span> of Health of the <a href=\"http:\/\/gencat.cat\" target=\"_blank\"><strong>Generalitat de Catalunya<\/strong><\/a> has appointed <a href=\"\/en\/academicians\/dra-maria-dels-angels-calvo-torras\/\" target=\"_blank\"><strong>Maria \u00c0ngels Calvo<\/strong><\/a><span class=\"\">,<\/span> full academician of the <strong>Royal European Academy of Doctors-Barcelona 1914<\/strong> (RAED) <span class=\"\">and president <\/span>of the Section of Health Sciences, member of the <span class=\"\">Advisory Board of<\/span> Health public, consisting of experts of recognized standing in their field.<\/h3>\n<h3><span id=\"result_box\" class=\"\" lang=\"en\"><span class=\"\">Doctor of Pharmacy<\/span> and Veterinary, Calvo is a professor at the <a href=\"http:\/\/uab.cat\" target=\"_blank\"><strong>Autonomous University of Barcelona<\/strong><\/a>, has published more than 250 scientific papers and is part of numerous academic and health institutions.<\/h3>\n<\/div>\n<\/div>\n","protected":false},"excerpt":{"rendered":"<p>The Departamanet of Health of the Generalitat de Catalunya has appointed Maria \u00c0ngels Calvo, full academician of the Royal European Academy of Doctors-Barcelona 1914 (RAED) and president of the Section of Health Sciences, member of the Advisory Board of Health public, consisting of experts of recognized standing in their field. Doctor of Pharmacy and Veterinary, [&hellip;]<\/p>\n","protected":false},"author":12,"featured_media":0,"comment_status":"closed","ping_status":"closed","sticky":false,"template":"","format":"standard","meta":{"_et_pb_use_builder":"","_et_pb_old_content":"","_et_gb_content_width":"","footnotes":""},"categories":[67],"tags":[],"class_list":["post-11933","post","type-post","status-publish","format-standard","hentry","category-uncategorized-6","et-doesnt-have-format-content","et_post_format-et-post-format-standard"],"yoast_head":"<!-- This site is optimized with the Yoast SEO plugin v27.4 - https:\/\/yoast.com\/product\/yoast-seo-wordpress\/ -->\n<title>The Generalitat de Catalunya appoints Maria \u00c0ngels Calvo member of its Advisory Council on Public Health - Royal European Academy of Doctors<\/title>\n<meta name=\"robots\" content=\"index, follow, max-snippet:-1, max-image-preview:large, max-video-preview:-1\" \/>\n<link rel=\"canonical\" href=\"https:\/\/raed.academy\/en\/the-generalitat-de-catalunya-appoints-maria-angels-calvo-member-of-its-advisory-council-on-public-health\/\" \/>\n<meta property=\"og:locale\" content=\"en_US\" \/>\n<meta property=\"og:type\" content=\"article\" \/>\n<meta property=\"og:title\" content=\"The Generalitat de Catalunya appoints Maria \u00c0ngels Calvo member of its Advisory Council on Public Health - Royal European Academy of Doctors\" \/>\n<meta property=\"og:description\" content=\"The Departamanet of Health of the Generalitat de Catalunya has appointed Maria \u00c0ngels Calvo, full academician of the Royal European Academy of Doctors-Barcelona 1914 (RAED) and president of the Section of Health Sciences, member of the Advisory Board of Health public, consisting of experts of recognized standing in their field. Doctor of Pharmacy and Veterinary, [&hellip;]\" \/>\n<meta property=\"og:url\" content=\"https:\/\/raed.academy\/en\/the-generalitat-de-catalunya-appoints-maria-angels-calvo-member-of-its-advisory-council-on-public-health\/\" \/>\n<meta property=\"og:site_name\" content=\"Royal European Academy of Doctors\" \/>\n<meta property=\"article:publisher\" content=\"http:\/\/fb.me\/raed.academy\" \/>\n<meta property=\"article:published_time\" content=\"2016-09-26T09:00:31+00:00\" \/>\n<meta property=\"article:modified_time\" content=\"2017-05-11T14:19:01+00:00\" \/>\n<meta name=\"author\" content=\"RAED\" \/>\n<meta name=\"twitter:card\" content=\"summary_large_image\" \/>\n<meta name=\"twitter:creator\" content=\"@raedacademy\" \/>\n<meta name=\"twitter:site\" content=\"@raedacademy\" \/>\n<meta name=\"twitter:label1\" content=\"Written by\" \/>\n\t<meta name=\"twitter:data1\" content=\"RAED\" \/>\n<script type=\"application\/ld+json\" class=\"yoast-schema-graph\">{\"@context\":\"https:\\\/\\\/schema.org\",\"@graph\":[{\"@type\":\"Article\",\"@id\":\"https:\\\/\\\/raed.academy\\\/en\\\/the-generalitat-de-catalunya-appoints-maria-angels-calvo-member-of-its-advisory-council-on-public-health\\\/#article\",\"isPartOf\":{\"@id\":\"https:\\\/\\\/raed.academy\\\/en\\\/the-generalitat-de-catalunya-appoints-maria-angels-calvo-member-of-its-advisory-council-on-public-health\\\/\"},\"author\":{\"name\":\"RAED\",\"@id\":\"https:\\\/\\\/raed.academy\\\/en\\\/#\\\/schema\\\/person\\\/5a755da80d1d979fd66ba745c8702927\"},\"headline\":\"The Generalitat de Catalunya appoints Maria \u00c0ngels Calvo member of its Advisory Council on Public Health\",\"datePublished\":\"2016-09-26T09:00:31+00:00\",\"dateModified\":\"2017-05-11T14:19:01+00:00\",\"mainEntityOfPage\":{\"@id\":\"https:\\\/\\\/raed.academy\\\/en\\\/the-generalitat-de-catalunya-appoints-maria-angels-calvo-member-of-its-advisory-council-on-public-health\\\/\"},\"wordCount\":95,\"publisher\":{\"@id\":\"https:\\\/\\\/raed.academy\\\/en\\\/#organization\"},\"inLanguage\":\"en-US\"},{\"@type\":\"WebPage\",\"@id\":\"https:\\\/\\\/raed.academy\\\/en\\\/the-generalitat-de-catalunya-appoints-maria-angels-calvo-member-of-its-advisory-council-on-public-health\\\/\",\"url\":\"https:\\\/\\\/raed.academy\\\/en\\\/the-generalitat-de-catalunya-appoints-maria-angels-calvo-member-of-its-advisory-council-on-public-health\\\/\",\"name\":\"The Generalitat de Catalunya appoints Maria \u00c0ngels Calvo member of its Advisory Council on Public Health - Royal European Academy of Doctors\",\"isPartOf\":{\"@id\":\"https:\\\/\\\/raed.academy\\\/en\\\/#website\"},\"datePublished\":\"2016-09-26T09:00:31+00:00\",\"dateModified\":\"2017-05-11T14:19:01+00:00\",\"breadcrumb\":{\"@id\":\"https:\\\/\\\/raed.academy\\\/en\\\/the-generalitat-de-catalunya-appoints-maria-angels-calvo-member-of-its-advisory-council-on-public-health\\\/#breadcrumb\"},\"inLanguage\":\"en-US\",\"potentialAction\":[{\"@type\":\"ReadAction\",\"target\":[\"https:\\\/\\\/raed.academy\\\/en\\\/the-generalitat-de-catalunya-appoints-maria-angels-calvo-member-of-its-advisory-council-on-public-health\\\/\"]}]},{\"@type\":\"BreadcrumbList\",\"@id\":\"https:\\\/\\\/raed.academy\\\/en\\\/the-generalitat-de-catalunya-appoints-maria-angels-calvo-member-of-its-advisory-council-on-public-health\\\/#breadcrumb\",\"itemListElement\":[{\"@type\":\"ListItem\",\"position\":1,\"name\":\"Inicio\",\"item\":\"https:\\\/\\\/raed.academy\\\/en\\\/\"},{\"@type\":\"ListItem\",\"position\":2,\"name\":\"The Generalitat de Catalunya appoints Maria \u00c0ngels Calvo member of its Advisory Council on Public Health\"}]},{\"@type\":\"WebSite\",\"@id\":\"https:\\\/\\\/raed.academy\\\/en\\\/#website\",\"url\":\"https:\\\/\\\/raed.academy\\\/en\\\/\",\"name\":\"Royal European Academy of Doctors\",\"description\":\"Corporaci\u00f3n de derecho p\u00fablico de car\u00e1cter cient\u00edfico, t\u00e9cnico y art\u00edstico, que tiene por objeto la investigaci\u00f3n, el estudio, el fomento y la extensi\u00f3n del conocimiento en su sentido m\u00e1s amplio.\",\"publisher\":{\"@id\":\"https:\\\/\\\/raed.academy\\\/en\\\/#organization\"},\"potentialAction\":[{\"@type\":\"SearchAction\",\"target\":{\"@type\":\"EntryPoint\",\"urlTemplate\":\"https:\\\/\\\/raed.academy\\\/en\\\/?s={search_term_string}\"},\"query-input\":{\"@type\":\"PropertyValueSpecification\",\"valueRequired\":true,\"valueName\":\"search_term_string\"}}],\"inLanguage\":\"en-US\"},{\"@type\":\"Organization\",\"@id\":\"https:\\\/\\\/raed.academy\\\/en\\\/#organization\",\"name\":\"Real Academia Europea de Doctores\",\"url\":\"https:\\\/\\\/raed.academy\\\/en\\\/\",\"logo\":{\"@type\":\"ImageObject\",\"inLanguage\":\"en-US\",\"@id\":\"https:\\\/\\\/raed.academy\\\/en\\\/#\\\/schema\\\/logo\\\/image\\\/\",\"url\":\"https:\\\/\\\/raed.academy\\\/wp-content\\\/uploads\\\/2017\\\/01\\\/cropped-logo_raed.png\",\"contentUrl\":\"https:\\\/\\\/raed.academy\\\/wp-content\\\/uploads\\\/2017\\\/01\\\/cropped-logo_raed.png\",\"width\":512,\"height\":512,\"caption\":\"Real Academia Europea de Doctores\"},\"image\":{\"@id\":\"https:\\\/\\\/raed.academy\\\/en\\\/#\\\/schema\\\/logo\\\/image\\\/\"},\"sameAs\":[\"http:\\\/\\\/fb.me\\\/raed.academy\",\"https:\\\/\\\/x.com\\\/raedacademy\",\"https:\\\/\\\/www.instagram.com\\\/raed.academy\\\/\",\"https:\\\/\\\/www.youtube.com\\\/channel\\\/UCUYQwW2KrdirNWihxMDObwg\"]},{\"@type\":\"Person\",\"@id\":\"https:\\\/\\\/raed.academy\\\/en\\\/#\\\/schema\\\/person\\\/5a755da80d1d979fd66ba745c8702927\",\"name\":\"RAED\",\"image\":{\"@type\":\"ImageObject\",\"inLanguage\":\"en-US\",\"@id\":\"https:\\\/\\\/secure.gravatar.com\\\/avatar\\\/19fdfdc0d67fb9c45714b703a2ac82251c4fcea3637f002ac3c9b74c0183583c?s=96&d=mm&r=g\",\"url\":\"https:\\\/\\\/secure.gravatar.com\\\/avatar\\\/19fdfdc0d67fb9c45714b703a2ac82251c4fcea3637f002ac3c9b74c0183583c?s=96&d=mm&r=g\",\"contentUrl\":\"https:\\\/\\\/secure.gravatar.com\\\/avatar\\\/19fdfdc0d67fb9c45714b703a2ac82251c4fcea3637f002ac3c9b74c0183583c?s=96&d=mm&r=g\",\"caption\":\"RAED\"}}]}<\/script>\n<!-- \/ Yoast SEO plugin. -->","yoast_head_json":{"title":"The Generalitat de Catalunya appoints Maria \u00c0ngels Calvo member of its Advisory Council on Public Health - Royal European Academy of Doctors","robots":{"index":"index","follow":"follow","max-snippet":"max-snippet:-1","max-image-preview":"max-image-preview:large","max-video-preview":"max-video-preview:-1"},"canonical":"https:\/\/raed.academy\/en\/the-generalitat-de-catalunya-appoints-maria-angels-calvo-member-of-its-advisory-council-on-public-health\/","og_locale":"en_US","og_type":"article","og_title":"The Generalitat de Catalunya appoints Maria \u00c0ngels Calvo member of its Advisory Council on Public Health - Royal European Academy of Doctors","og_description":"The Departamanet of Health of the Generalitat de Catalunya has appointed Maria \u00c0ngels Calvo, full academician of the Royal European Academy of Doctors-Barcelona 1914 (RAED) and president of the Section of Health Sciences, member of the Advisory Board of Health public, consisting of experts of recognized standing in their field. Doctor of Pharmacy and Veterinary, [&hellip;]","og_url":"https:\/\/raed.academy\/en\/the-generalitat-de-catalunya-appoints-maria-angels-calvo-member-of-its-advisory-council-on-public-health\/","og_site_name":"Royal European Academy of Doctors","article_publisher":"http:\/\/fb.me\/raed.academy","article_published_time":"2016-09-26T09:00:31+00:00","article_modified_time":"2017-05-11T14:19:01+00:00","author":"RAED","twitter_card":"summary_large_image","twitter_creator":"@raedacademy","twitter_site":"@raedacademy","twitter_misc":{"Written by":"RAED"},"schema":{"@context":"https:\/\/schema.org","@graph":[{"@type":"Article","@id":"https:\/\/raed.academy\/en\/the-generalitat-de-catalunya-appoints-maria-angels-calvo-member-of-its-advisory-council-on-public-health\/#article","isPartOf":{"@id":"https:\/\/raed.academy\/en\/the-generalitat-de-catalunya-appoints-maria-angels-calvo-member-of-its-advisory-council-on-public-health\/"},"author":{"name":"RAED","@id":"https:\/\/raed.academy\/en\/#\/schema\/person\/5a755da80d1d979fd66ba745c8702927"},"headline":"The Generalitat de Catalunya appoints Maria \u00c0ngels Calvo member of its Advisory Council on Public Health","datePublished":"2016-09-26T09:00:31+00:00","dateModified":"2017-05-11T14:19:01+00:00","mainEntityOfPage":{"@id":"https:\/\/raed.academy\/en\/the-generalitat-de-catalunya-appoints-maria-angels-calvo-member-of-its-advisory-council-on-public-health\/"},"wordCount":95,"publisher":{"@id":"https:\/\/raed.academy\/en\/#organization"},"inLanguage":"en-US"},{"@type":"WebPage","@id":"https:\/\/raed.academy\/en\/the-generalitat-de-catalunya-appoints-maria-angels-calvo-member-of-its-advisory-council-on-public-health\/","url":"https:\/\/raed.academy\/en\/the-generalitat-de-catalunya-appoints-maria-angels-calvo-member-of-its-advisory-council-on-public-health\/","name":"The Generalitat de Catalunya appoints Maria \u00c0ngels Calvo member of its Advisory Council on Public Health - Royal European Academy of Doctors","isPartOf":{"@id":"https:\/\/raed.academy\/en\/#website"},"datePublished":"2016-09-26T09:00:31+00:00","dateModified":"2017-05-11T14:19:01+00:00","breadcrumb":{"@id":"https:\/\/raed.academy\/en\/the-generalitat-de-catalunya-appoints-maria-angels-calvo-member-of-its-advisory-council-on-public-health\/#breadcrumb"},"inLanguage":"en-US","potentialAction":[{"@type":"ReadAction","target":["https:\/\/raed.academy\/en\/the-generalitat-de-catalunya-appoints-maria-angels-calvo-member-of-its-advisory-council-on-public-health\/"]}]},{"@type":"BreadcrumbList","@id":"https:\/\/raed.academy\/en\/the-generalitat-de-catalunya-appoints-maria-angels-calvo-member-of-its-advisory-council-on-public-health\/#breadcrumb","itemListElement":[{"@type":"ListItem","position":1,"name":"Inicio","item":"https:\/\/raed.academy\/en\/"},{"@type":"ListItem","position":2,"name":"The Generalitat de Catalunya appoints Maria \u00c0ngels Calvo member of its Advisory Council on Public Health"}]},{"@type":"WebSite","@id":"https:\/\/raed.academy\/en\/#website","url":"https:\/\/raed.academy\/en\/","name":"Royal European Academy of Doctors","description":"Corporaci\u00f3n de derecho p\u00fablico de car\u00e1cter cient\u00edfico, t\u00e9cnico y art\u00edstico, que tiene por objeto la investigaci\u00f3n, el estudio, el fomento y la extensi\u00f3n del conocimiento en su sentido m\u00e1s amplio.","publisher":{"@id":"https:\/\/raed.academy\/en\/#organization"},"potentialAction":[{"@type":"SearchAction","target":{"@type":"EntryPoint","urlTemplate":"https:\/\/raed.academy\/en\/?s={search_term_string}"},"query-input":{"@type":"PropertyValueSpecification","valueRequired":true,"valueName":"search_term_string"}}],"inLanguage":"en-US"},{"@type":"Organization","@id":"https:\/\/raed.academy\/en\/#organization","name":"Real Academia Europea de Doctores","url":"https:\/\/raed.academy\/en\/","logo":{"@type":"ImageObject","inLanguage":"en-US","@id":"https:\/\/raed.academy\/en\/#\/schema\/logo\/image\/","url":"https:\/\/raed.academy\/wp-content\/uploads\/2017\/01\/cropped-logo_raed.png","contentUrl":"https:\/\/raed.academy\/wp-content\/uploads\/2017\/01\/cropped-logo_raed.png","width":512,"height":512,"caption":"Real Academia Europea de Doctores"},"image":{"@id":"https:\/\/raed.academy\/en\/#\/schema\/logo\/image\/"},"sameAs":["http:\/\/fb.me\/raed.academy","https:\/\/x.com\/raedacademy","https:\/\/www.instagram.com\/raed.academy\/","https:\/\/www.youtube.com\/channel\/UCUYQwW2KrdirNWihxMDObwg"]},{"@type":"Person","@id":"https:\/\/raed.academy\/en\/#\/schema\/person\/5a755da80d1d979fd66ba745c8702927","name":"RAED","image":{"@type":"ImageObject","inLanguage":"en-US","@id":"https:\/\/secure.gravatar.com\/avatar\/19fdfdc0d67fb9c45714b703a2ac82251c4fcea3637f002ac3c9b74c0183583c?s=96&d=mm&r=g","url":"https:\/\/secure.gravatar.com\/avatar\/19fdfdc0d67fb9c45714b703a2ac82251c4fcea3637f002ac3c9b74c0183583c?s=96&d=mm&r=g","contentUrl":"https:\/\/secure.gravatar.com\/avatar\/19fdfdc0d67fb9c45714b703a2ac82251c4fcea3637f002ac3c9b74c0183583c?s=96&d=mm&r=g","caption":"RAED"}}]}},"_links":{"self":[{"href":"https:\/\/raed.academy\/en\/wp-json\/wp\/v2\/posts\/11933","targetHints":{"allow":["GET"]}}],"collection":[{"href":"https:\/\/raed.academy\/en\/wp-json\/wp\/v2\/posts"}],"about":[{"href":"https:\/\/raed.academy\/en\/wp-json\/wp\/v2\/types\/post"}],"author":[{"embeddable":true,"href":"https:\/\/raed.academy\/en\/wp-json\/wp\/v2\/users\/12"}],"replies":[{"embeddable":true,"href":"https:\/\/raed.academy\/en\/wp-json\/wp\/v2\/comments?post=11933"}],"version-history":[{"count":0,"href":"https:\/\/raed.academy\/en\/wp-json\/wp\/v2\/posts\/11933\/revisions"}],"wp:attachment":[{"href":"https:\/\/raed.academy\/en\/wp-json\/wp\/v2\/media?parent=11933"}],"wp:term":[{"taxonomy":"category","embeddable":true,"href":"https:\/\/raed.academy\/en\/wp-json\/wp\/v2\/categories?post=11933"},{"taxonomy":"post_tag","embeddable":true,"href":"https:\/\/raed.academy\/en\/wp-json\/wp\/v2\/tags?post=11933"}],"curies":[{"name":"wp","href":"https:\/\/api.w.org\/{rel}","templated":true}]}}