{"id":99942,"date":"2021-02-19T07:05:34","date_gmt":"2021-02-19T07:05:34","guid":{"rendered":"https:\/\/raed.academy\/?p=99942"},"modified":"2021-02-19T19:52:49","modified_gmt":"2021-02-19T19:52:49","slug":"la-necessaria-conversio-ecologica-de-la-humanitat","status":"publish","type":"post","link":"https:\/\/raed.academy\/ca\/la-necessaria-conversio-ecologica-de-la-humanitat\/","title":{"rendered":"La necess\u00e0ria conversi\u00f3 ecol\u00f2gica de la humanitat"},"content":{"rendered":"<p><a href=\"https:\/\/raed.academy\/ca\/academics\/dr-antoni-matabosch-soler\/\" target=\"_blank\" rel=\"noopener\"><strong><em>Antoni Matabosch<\/em><\/strong><\/a><br \/>\n<em>Catedr\u00e0tic em\u00e8rit de la Facultat de Teologia de Catalunya i acad\u00e8mic de n\u00famero de la Reial Acad\u00e8mia Europea de Doctors-Barcelona 1914 (RAED)<\/em><\/p>\n<p><a href=\"https:\/\/raed.academy\/ca\/academics\/dr-antoni-matabosch-soler\/\" target=\"_blank\" rel=\"noopener\"><strong><em>Antoni Matabosch<\/em><\/strong><\/a>, catedr\u00e0tic em\u00e8rit de la <strong>Facultat de Teologia de Catalunya<\/strong> i acad\u00e8mic de n\u00famero de la <strong>Reial Acad\u00e8mia Europea de Doctors-Barcelona 1914<\/strong> (RAED), presenta l&#8217;edici\u00f3 en castell\u00e0 de la seva obra <strong>&#8220;Ecolog\u00eda integral y supervivencia&#8221;<\/strong> (PPC), on aborda la crisi mediambiental que pateix la Terra i l&#8217;aportaci\u00f3 que han fet les esgl\u00e9sies cristianes, especialment el <a href=\"https:\/\/www.oikoumene.org\/es\" target=\"_blank\" rel=\"noopener\"><strong>Consell Mundial de les Esgl\u00e9sies<\/strong><\/a>, l&#8217;<strong>Esgl\u00e9sia Cat\u00f2lica<\/strong> i molt en particular el <strong>Papa Francesc<\/strong> en la seva coneguda enc\u00edclica <strong>&#8220;Laudatio s\u00ed&#8221;<\/strong>, per conscienciar i posar remei a aquest greu problema. El llibre est\u00e0 prologat per l&#8217;arquebisbe de Barcelona, \u200b\u200bel cardenal <strong>Joan Josep Omella<\/strong>.<\/p>\n<p>L&#8217;autor aborda les causes hist\u00f2riques que han portat a la humanitat a la crisi clim\u00e0tica: la ideologia del progr\u00e9s, amb el benestar de l&#8217;\u00e9sser hum\u00e0 com a centre i amo de tot i la tecnologia com a religi\u00f3. Com a contrapunt situa els postulats cristians sobre creaci\u00f3 i ecologia, que poden ser de gran ajuda en el cam\u00ed cap a una conversi\u00f3 i espiritualitat ecol\u00f2giques, necess\u00e0ries per a aconseguir una ecologia integral. &#8220;No es pot canviar res sense una nova mentalitat i uns nous criteris per viure en aquest m\u00f3n, no tenim cap altre de recanvi&#8221;, assenyala l&#8217;acad\u00e8mic.<\/p>\n<p>&#8220;Davant la magnitud de el problema ecol\u00f2gic cal que reaccionem i no siguem indiferents al patiment de la Terra. \u00c9s una q\u00fcesti\u00f3 de futur i de retorn a l&#8217;amor de D\u00e9u. De futur, perqu\u00e8 si no donem un gir de tim\u00f3 a la situaci\u00f3 actual el planeta corre un gran risc. De retorn a l&#8217;amor de D\u00e9u, perqu\u00e8 volent aquesta Terra li manifestem el nostre amor&#8221;, considera monsenyor Omella en la introducci\u00f3 de l&#8217;obra, en la qual demana el que anomena una &#8220;conversi\u00f3 ecol\u00f2gica&#8221;.<\/p>\n<p><img loading=\"lazy\" decoding=\"async\" class=\"alignright size-full wp-image-99978\" src=\"https:\/\/raed.academy\/wp-content\/uploads\/2021\/02\/cambio-climatico-crisis-medioambiental-CC0-no-atrib-dstNtc.jpg\" sizes=\"(max-width: 500px) 100vw, 500px\" srcset=\"https:\/\/raed.academy\/wp-content\/uploads\/2021\/02\/cambio-climatico-crisis-medioambiental-CC0-no-atrib-dstNtc.jpg 500w, https:\/\/raed.academy\/wp-content\/uploads\/2021\/02\/cambio-climatico-crisis-medioambiental-CC0-no-atrib-dstNtc-440x264.jpg 440w\" alt=\"\" width=\"500\" height=\"300\" data-attachment-id=\"99978\" data-permalink=\"https:\/\/raed.academy\/la-necesaria-conversion-ecologica-de-la-humanidad\/cambio-climatico-crisis-medioambiental-cc0-no-atrib-dstntc\/\" data-orig-file=\"https:\/\/raed.academy\/wp-content\/uploads\/2021\/02\/cambio-climatico-crisis-medioambiental-CC0-no-atrib-dstNtc.jpg\" data-orig-size=\"500,300\" data-comments-opened=\"0\" data-image-meta=\"{&quot;aperture&quot;:&quot;0&quot;,&quot;credit&quot;:&quot;&quot;,&quot;camera&quot;:&quot;&quot;,&quot;caption&quot;:&quot;&quot;,&quot;created_timestamp&quot;:&quot;0&quot;,&quot;copyright&quot;:&quot;&quot;,&quot;focal_length&quot;:&quot;0&quot;,&quot;iso&quot;:&quot;0&quot;,&quot;shutter_speed&quot;:&quot;0&quot;,&quot;title&quot;:&quot;&quot;,&quot;orientation&quot;:&quot;0&quot;}\" data-image-title=\"cambio-climatico-crisis-medioambiental-CC0-no-atrib-dstNtc\" data-image-description=\"\" data-medium-file=\"https:\/\/raed.academy\/wp-content\/uploads\/2021\/02\/cambio-climatico-crisis-medioambiental-CC0-no-atrib-dstNtc.jpg\" data-large-file=\"https:\/\/raed.academy\/wp-content\/uploads\/2021\/02\/cambio-climatico-crisis-medioambiental-CC0-no-atrib-dstNtc.jpg\" \/>&#8220;Al llarg dels \u00faltims decennis hem anat prenent cada vegada m\u00e9s consci\u00e8ncia dels greus problemes que crea un desmesurada carrera cap al progr\u00e9s sense tenir en compte les limitacions del nostre planeta i la justa distribuci\u00f3 de les seves riqueses. Hem abusat i ara la naturalesa es mostra cada vegada m\u00e9s exhausta, malgrat el que puguin dir alguns, sords i cecs, que s&#8217;aprofiten de la devastaci\u00f3. S&#8217;han escrits molts llibres que analitzen el perill que estem corrent i les greus conseq\u00fc\u00e8ncies que provoca no tenir cura de la nostra casa comuna, la Terra&#8221;, assenyala, per la seva banda Matabosch.<\/p>\n<p>Matabosch va ser ordenat sacerdot a Roma el 1959, es va doctorar en Teologia a la <strong>Pontif\u00edcia Universitat Gregoriana<\/strong> de Roma i \u00e9s llicenciat en Ci\u00e8ncies de la Comunicaci\u00f3 i en Hist\u00f2ria Contempor\u00e0nia a la <strong>Universitat Aut\u00f2noma de Barcelona<\/strong>. \u00c9s catedr\u00e0tic em\u00e8rit de la Facultat de Teologia de Catalunya, de la qual va ser deg\u00e0 entre el 1978 i el 1988. Va ser delegat de <strong>Pastoral Universit\u00e0ria<\/strong>\u00a0i d&#8217;Apostolat Seglar i d&#8217;Economia de l&#8217;<strong>Arxidi\u00f2cesi de Barcelona<\/strong>, \u200b\u200bdirector de l&#8217;<strong>Institut Superior de Ci\u00e8ncies Religioses de Barcelona<\/strong> i president honorari de la <strong>Fundaci\u00f3 Joan Maragall<\/strong>, entre d&#8217;altres destacats c\u00e0rrecs. Ha publicat altres onze llibres i centenars d&#8217;articles en tem\u00e0tiques culturals, ecumenisme i relaci\u00f3 entre fe i cultura.<\/p>\n","protected":false},"excerpt":{"rendered":"<p>Antoni Matabosch aborda la crisi mediambiental que pateix la Terra i l&#8217;aportaci\u00f3 que han fet les esgl\u00e9sies cristianes, en l&#8217;edici\u00f3 en espanyol de la seva obra &#8220;Ecologia integral i superviv\u00e8ncia&#8221;<\/p>\n","protected":false},"author":12,"featured_media":99979,"comment_status":"closed","ping_status":"closed","sticky":false,"template":"","format":"standard","meta":{"_et_pb_use_builder":"","_et_pb_old_content":"","_et_gb_content_width":"","footnotes":""},"categories":[310,252],"tags":[],"class_list":["post-99942","post","type-post","status-publish","format-standard","has-post-thumbnail","hentry","category-medi-ambient","category-teologia-ca","et-has-post-format-content","et_post_format-et-post-format-standard"],"yoast_head":"<!-- This site is optimized with the Yoast SEO plugin v27.4 - https:\/\/yoast.com\/product\/yoast-seo-wordpress\/ -->\n<title>La necess\u00e0ria conversi\u00f3 ecol\u00f2gica de la humanitat - Reial Acad\u00e8mia Europea de Doctors<\/title>\n<meta name=\"description\" content=\"Antoni Matabosch aborda la crisi mediambiental i l&#039;aportaci\u00f3 de les esgl\u00e9sies cristianes, en l&#039;edici\u00f3 en espanyol de la seva obra &quot;Ecologia integral i superviv\u00e8ncia&quot;\" \/>\n<meta name=\"robots\" content=\"index, follow, max-snippet:-1, max-image-preview:large, max-video-preview:-1\" \/>\n<link rel=\"canonical\" href=\"https:\/\/raed.academy\/ca\/la-necessaria-conversio-ecologica-de-la-humanitat\/\" \/>\n<meta property=\"og:locale\" content=\"ca_ES\" \/>\n<meta property=\"og:type\" content=\"article\" \/>\n<meta property=\"og:title\" content=\"La necess\u00e0ria conversi\u00f3 ecol\u00f2gica de la humanitat - Reial Acad\u00e8mia Europea de Doctors\" \/>\n<meta property=\"og:description\" content=\"Antoni Matabosch aborda la crisi mediambiental i l&#039;aportaci\u00f3 de les esgl\u00e9sies cristianes, en l&#039;edici\u00f3 en espanyol de la seva obra &quot;Ecologia integral i superviv\u00e8ncia&quot;\" \/>\n<meta property=\"og:url\" content=\"https:\/\/raed.academy\/ca\/la-necessaria-conversio-ecologica-de-la-humanitat\/\" \/>\n<meta property=\"og:site_name\" content=\"Reial Acad\u00e8mia Europea de Doctors\" \/>\n<meta property=\"article:publisher\" content=\"http:\/\/fb.me\/raed.academy\" \/>\n<meta property=\"article:published_time\" content=\"2021-02-19T07:05:34+00:00\" \/>\n<meta property=\"article:modified_time\" content=\"2021-02-19T19:52:49+00:00\" \/>\n<meta property=\"og:image\" content=\"https:\/\/raed.academy\/wp-content\/uploads\/2021\/02\/cambio-climatico-crisis-medioambiental-CC0-no-atrib-dstNtc.jpg\" \/>\n\t<meta property=\"og:image:width\" content=\"500\" \/>\n\t<meta property=\"og:image:height\" content=\"300\" \/>\n\t<meta property=\"og:image:type\" content=\"image\/jpeg\" \/>\n<meta name=\"author\" content=\"RAED\" \/>\n<meta name=\"twitter:card\" content=\"summary_large_image\" \/>\n<meta name=\"twitter:creator\" content=\"@raedacademy\" \/>\n<meta name=\"twitter:site\" content=\"@raedacademy\" \/>\n<meta name=\"twitter:label1\" content=\"Written by\" \/>\n\t<meta name=\"twitter:data1\" content=\"RAED\" \/>\n\t<meta name=\"twitter:label2\" content=\"Est. reading time\" \/>\n\t<meta name=\"twitter:data2\" content=\"3 minutes\" \/>\n<script type=\"application\/ld+json\" class=\"yoast-schema-graph\">{\"@context\":\"https:\\\/\\\/schema.org\",\"@graph\":[{\"@type\":\"Article\",\"@id\":\"https:\\\/\\\/raed.academy\\\/ca\\\/la-necessaria-conversio-ecologica-de-la-humanitat\\\/#article\",\"isPartOf\":{\"@id\":\"https:\\\/\\\/raed.academy\\\/ca\\\/la-necessaria-conversio-ecologica-de-la-humanitat\\\/\"},\"author\":{\"name\":\"RAED\",\"@id\":\"https:\\\/\\\/raed.academy\\\/ca\\\/#\\\/schema\\\/person\\\/5a755da80d1d979fd66ba745c8702927\"},\"headline\":\"La necess\u00e0ria conversi\u00f3 ecol\u00f2gica de la humanitat\",\"datePublished\":\"2021-02-19T07:05:34+00:00\",\"dateModified\":\"2021-02-19T19:52:49+00:00\",\"mainEntityOfPage\":{\"@id\":\"https:\\\/\\\/raed.academy\\\/ca\\\/la-necessaria-conversio-ecologica-de-la-humanitat\\\/\"},\"wordCount\":586,\"publisher\":{\"@id\":\"https:\\\/\\\/raed.academy\\\/ca\\\/#organization\"},\"image\":{\"@id\":\"https:\\\/\\\/raed.academy\\\/ca\\\/la-necessaria-conversio-ecologica-de-la-humanitat\\\/#primaryimage\"},\"thumbnailUrl\":\"https:\\\/\\\/raed.academy\\\/wp-content\\\/uploads\\\/2021\\\/02\\\/cambio-climatico-crisis-medioambiental-CC0-no-atrib-dstNtc.jpg\",\"articleSection\":[\"Medi ambient\",\"Teologia\"],\"inLanguage\":\"ca-ES\"},{\"@type\":\"WebPage\",\"@id\":\"https:\\\/\\\/raed.academy\\\/ca\\\/la-necessaria-conversio-ecologica-de-la-humanitat\\\/\",\"url\":\"https:\\\/\\\/raed.academy\\\/ca\\\/la-necessaria-conversio-ecologica-de-la-humanitat\\\/\",\"name\":\"La necess\u00e0ria conversi\u00f3 ecol\u00f2gica de la humanitat - Reial Acad\u00e8mia Europea de Doctors\",\"isPartOf\":{\"@id\":\"https:\\\/\\\/raed.academy\\\/ca\\\/#website\"},\"primaryImageOfPage\":{\"@id\":\"https:\\\/\\\/raed.academy\\\/ca\\\/la-necessaria-conversio-ecologica-de-la-humanitat\\\/#primaryimage\"},\"image\":{\"@id\":\"https:\\\/\\\/raed.academy\\\/ca\\\/la-necessaria-conversio-ecologica-de-la-humanitat\\\/#primaryimage\"},\"thumbnailUrl\":\"https:\\\/\\\/raed.academy\\\/wp-content\\\/uploads\\\/2021\\\/02\\\/cambio-climatico-crisis-medioambiental-CC0-no-atrib-dstNtc.jpg\",\"datePublished\":\"2021-02-19T07:05:34+00:00\",\"dateModified\":\"2021-02-19T19:52:49+00:00\",\"description\":\"Antoni Matabosch aborda la crisi mediambiental i l'aportaci\u00f3 de les esgl\u00e9sies cristianes, en l'edici\u00f3 en espanyol de la seva obra \\\"Ecologia integral i superviv\u00e8ncia\\\"\",\"breadcrumb\":{\"@id\":\"https:\\\/\\\/raed.academy\\\/ca\\\/la-necessaria-conversio-ecologica-de-la-humanitat\\\/#breadcrumb\"},\"inLanguage\":\"ca-ES\",\"potentialAction\":[{\"@type\":\"ReadAction\",\"target\":[\"https:\\\/\\\/raed.academy\\\/ca\\\/la-necessaria-conversio-ecologica-de-la-humanitat\\\/\"]}]},{\"@type\":\"ImageObject\",\"inLanguage\":\"ca-ES\",\"@id\":\"https:\\\/\\\/raed.academy\\\/ca\\\/la-necessaria-conversio-ecologica-de-la-humanitat\\\/#primaryimage\",\"url\":\"https:\\\/\\\/raed.academy\\\/wp-content\\\/uploads\\\/2021\\\/02\\\/cambio-climatico-crisis-medioambiental-CC0-no-atrib-dstNtc.jpg\",\"contentUrl\":\"https:\\\/\\\/raed.academy\\\/wp-content\\\/uploads\\\/2021\\\/02\\\/cambio-climatico-crisis-medioambiental-CC0-no-atrib-dstNtc.jpg\",\"width\":500,\"height\":300,\"caption\":\"crisis medioambiental\"},{\"@type\":\"BreadcrumbList\",\"@id\":\"https:\\\/\\\/raed.academy\\\/ca\\\/la-necessaria-conversio-ecologica-de-la-humanitat\\\/#breadcrumb\",\"itemListElement\":[{\"@type\":\"ListItem\",\"position\":1,\"name\":\"Inicio\",\"item\":\"https:\\\/\\\/raed.academy\\\/ca\\\/\"},{\"@type\":\"ListItem\",\"position\":2,\"name\":\"La necess\u00e0ria conversi\u00f3 ecol\u00f2gica de la humanitat\"}]},{\"@type\":\"WebSite\",\"@id\":\"https:\\\/\\\/raed.academy\\\/ca\\\/#website\",\"url\":\"https:\\\/\\\/raed.academy\\\/ca\\\/\",\"name\":\"Reial Acad\u00e8mia Europea de Doctors\",\"description\":\"Corporaci\u00f3n de derecho p\u00fablico de car\u00e1cter cient\u00edfico, t\u00e9cnico y art\u00edstico, que tiene por objeto la investigaci\u00f3n, el estudio, el fomento y la extensi\u00f3n del conocimiento en su sentido m\u00e1s amplio\",\"publisher\":{\"@id\":\"https:\\\/\\\/raed.academy\\\/ca\\\/#organization\"},\"potentialAction\":[{\"@type\":\"SearchAction\",\"target\":{\"@type\":\"EntryPoint\",\"urlTemplate\":\"https:\\\/\\\/raed.academy\\\/ca\\\/?s={search_term_string}\"},\"query-input\":{\"@type\":\"PropertyValueSpecification\",\"valueRequired\":true,\"valueName\":\"search_term_string\"}}],\"inLanguage\":\"ca-ES\"},{\"@type\":\"Organization\",\"@id\":\"https:\\\/\\\/raed.academy\\\/ca\\\/#organization\",\"name\":\"Real Academia Europea de Doctores\",\"url\":\"https:\\\/\\\/raed.academy\\\/ca\\\/\",\"logo\":{\"@type\":\"ImageObject\",\"inLanguage\":\"ca-ES\",\"@id\":\"https:\\\/\\\/raed.academy\\\/ca\\\/#\\\/schema\\\/logo\\\/image\\\/\",\"url\":\"https:\\\/\\\/raed.academy\\\/wp-content\\\/uploads\\\/2017\\\/01\\\/cropped-logo_raed.png\",\"contentUrl\":\"https:\\\/\\\/raed.academy\\\/wp-content\\\/uploads\\\/2017\\\/01\\\/cropped-logo_raed.png\",\"width\":512,\"height\":512,\"caption\":\"Real Academia Europea de Doctores\"},\"image\":{\"@id\":\"https:\\\/\\\/raed.academy\\\/ca\\\/#\\\/schema\\\/logo\\\/image\\\/\"},\"sameAs\":[\"http:\\\/\\\/fb.me\\\/raed.academy\",\"https:\\\/\\\/x.com\\\/raedacademy\",\"https:\\\/\\\/www.instagram.com\\\/raed.academy\\\/\",\"https:\\\/\\\/www.youtube.com\\\/channel\\\/UCUYQwW2KrdirNWihxMDObwg\"]},{\"@type\":\"Person\",\"@id\":\"https:\\\/\\\/raed.academy\\\/ca\\\/#\\\/schema\\\/person\\\/5a755da80d1d979fd66ba745c8702927\",\"name\":\"RAED\",\"image\":{\"@type\":\"ImageObject\",\"inLanguage\":\"ca-ES\",\"@id\":\"https:\\\/\\\/secure.gravatar.com\\\/avatar\\\/19fdfdc0d67fb9c45714b703a2ac82251c4fcea3637f002ac3c9b74c0183583c?s=96&d=mm&r=g\",\"url\":\"https:\\\/\\\/secure.gravatar.com\\\/avatar\\\/19fdfdc0d67fb9c45714b703a2ac82251c4fcea3637f002ac3c9b74c0183583c?s=96&d=mm&r=g\",\"contentUrl\":\"https:\\\/\\\/secure.gravatar.com\\\/avatar\\\/19fdfdc0d67fb9c45714b703a2ac82251c4fcea3637f002ac3c9b74c0183583c?s=96&d=mm&r=g\",\"caption\":\"RAED\"}}]}<\/script>\n<!-- \/ Yoast SEO plugin. -->","yoast_head_json":{"title":"La necess\u00e0ria conversi\u00f3 ecol\u00f2gica de la humanitat - Reial Acad\u00e8mia Europea de Doctors","description":"Antoni Matabosch aborda la crisi mediambiental i l'aportaci\u00f3 de les esgl\u00e9sies cristianes, en l'edici\u00f3 en espanyol de la seva obra \"Ecologia integral i superviv\u00e8ncia\"","robots":{"index":"index","follow":"follow","max-snippet":"max-snippet:-1","max-image-preview":"max-image-preview:large","max-video-preview":"max-video-preview:-1"},"canonical":"https:\/\/raed.academy\/ca\/la-necessaria-conversio-ecologica-de-la-humanitat\/","og_locale":"ca_ES","og_type":"article","og_title":"La necess\u00e0ria conversi\u00f3 ecol\u00f2gica de la humanitat - Reial Acad\u00e8mia Europea de Doctors","og_description":"Antoni Matabosch aborda la crisi mediambiental i l'aportaci\u00f3 de les esgl\u00e9sies cristianes, en l'edici\u00f3 en espanyol de la seva obra \"Ecologia integral i superviv\u00e8ncia\"","og_url":"https:\/\/raed.academy\/ca\/la-necessaria-conversio-ecologica-de-la-humanitat\/","og_site_name":"Reial Acad\u00e8mia Europea de Doctors","article_publisher":"http:\/\/fb.me\/raed.academy","article_published_time":"2021-02-19T07:05:34+00:00","article_modified_time":"2021-02-19T19:52:49+00:00","og_image":[{"width":500,"height":300,"url":"https:\/\/raed.academy\/wp-content\/uploads\/2021\/02\/cambio-climatico-crisis-medioambiental-CC0-no-atrib-dstNtc.jpg","type":"image\/jpeg"}],"author":"RAED","twitter_card":"summary_large_image","twitter_creator":"@raedacademy","twitter_site":"@raedacademy","twitter_misc":{"Written by":"RAED","Est. reading time":"3 minutes"},"schema":{"@context":"https:\/\/schema.org","@graph":[{"@type":"Article","@id":"https:\/\/raed.academy\/ca\/la-necessaria-conversio-ecologica-de-la-humanitat\/#article","isPartOf":{"@id":"https:\/\/raed.academy\/ca\/la-necessaria-conversio-ecologica-de-la-humanitat\/"},"author":{"name":"RAED","@id":"https:\/\/raed.academy\/ca\/#\/schema\/person\/5a755da80d1d979fd66ba745c8702927"},"headline":"La necess\u00e0ria conversi\u00f3 ecol\u00f2gica de la humanitat","datePublished":"2021-02-19T07:05:34+00:00","dateModified":"2021-02-19T19:52:49+00:00","mainEntityOfPage":{"@id":"https:\/\/raed.academy\/ca\/la-necessaria-conversio-ecologica-de-la-humanitat\/"},"wordCount":586,"publisher":{"@id":"https:\/\/raed.academy\/ca\/#organization"},"image":{"@id":"https:\/\/raed.academy\/ca\/la-necessaria-conversio-ecologica-de-la-humanitat\/#primaryimage"},"thumbnailUrl":"https:\/\/raed.academy\/wp-content\/uploads\/2021\/02\/cambio-climatico-crisis-medioambiental-CC0-no-atrib-dstNtc.jpg","articleSection":["Medi ambient","Teologia"],"inLanguage":"ca-ES"},{"@type":"WebPage","@id":"https:\/\/raed.academy\/ca\/la-necessaria-conversio-ecologica-de-la-humanitat\/","url":"https:\/\/raed.academy\/ca\/la-necessaria-conversio-ecologica-de-la-humanitat\/","name":"La necess\u00e0ria conversi\u00f3 ecol\u00f2gica de la humanitat - Reial Acad\u00e8mia Europea de Doctors","isPartOf":{"@id":"https:\/\/raed.academy\/ca\/#website"},"primaryImageOfPage":{"@id":"https:\/\/raed.academy\/ca\/la-necessaria-conversio-ecologica-de-la-humanitat\/#primaryimage"},"image":{"@id":"https:\/\/raed.academy\/ca\/la-necessaria-conversio-ecologica-de-la-humanitat\/#primaryimage"},"thumbnailUrl":"https:\/\/raed.academy\/wp-content\/uploads\/2021\/02\/cambio-climatico-crisis-medioambiental-CC0-no-atrib-dstNtc.jpg","datePublished":"2021-02-19T07:05:34+00:00","dateModified":"2021-02-19T19:52:49+00:00","description":"Antoni Matabosch aborda la crisi mediambiental i l'aportaci\u00f3 de les esgl\u00e9sies cristianes, en l'edici\u00f3 en espanyol de la seva obra \"Ecologia integral i superviv\u00e8ncia\"","breadcrumb":{"@id":"https:\/\/raed.academy\/ca\/la-necessaria-conversio-ecologica-de-la-humanitat\/#breadcrumb"},"inLanguage":"ca-ES","potentialAction":[{"@type":"ReadAction","target":["https:\/\/raed.academy\/ca\/la-necessaria-conversio-ecologica-de-la-humanitat\/"]}]},{"@type":"ImageObject","inLanguage":"ca-ES","@id":"https:\/\/raed.academy\/ca\/la-necessaria-conversio-ecologica-de-la-humanitat\/#primaryimage","url":"https:\/\/raed.academy\/wp-content\/uploads\/2021\/02\/cambio-climatico-crisis-medioambiental-CC0-no-atrib-dstNtc.jpg","contentUrl":"https:\/\/raed.academy\/wp-content\/uploads\/2021\/02\/cambio-climatico-crisis-medioambiental-CC0-no-atrib-dstNtc.jpg","width":500,"height":300,"caption":"crisis medioambiental"},{"@type":"BreadcrumbList","@id":"https:\/\/raed.academy\/ca\/la-necessaria-conversio-ecologica-de-la-humanitat\/#breadcrumb","itemListElement":[{"@type":"ListItem","position":1,"name":"Inicio","item":"https:\/\/raed.academy\/ca\/"},{"@type":"ListItem","position":2,"name":"La necess\u00e0ria conversi\u00f3 ecol\u00f2gica de la humanitat"}]},{"@type":"WebSite","@id":"https:\/\/raed.academy\/ca\/#website","url":"https:\/\/raed.academy\/ca\/","name":"Reial Acad\u00e8mia Europea de Doctors","description":"Corporaci\u00f3n de derecho p\u00fablico de car\u00e1cter cient\u00edfico, t\u00e9cnico y art\u00edstico, que tiene por objeto la investigaci\u00f3n, el estudio, el fomento y la extensi\u00f3n del conocimiento en su sentido m\u00e1s amplio","publisher":{"@id":"https:\/\/raed.academy\/ca\/#organization"},"potentialAction":[{"@type":"SearchAction","target":{"@type":"EntryPoint","urlTemplate":"https:\/\/raed.academy\/ca\/?s={search_term_string}"},"query-input":{"@type":"PropertyValueSpecification","valueRequired":true,"valueName":"search_term_string"}}],"inLanguage":"ca-ES"},{"@type":"Organization","@id":"https:\/\/raed.academy\/ca\/#organization","name":"Real Academia Europea de Doctores","url":"https:\/\/raed.academy\/ca\/","logo":{"@type":"ImageObject","inLanguage":"ca-ES","@id":"https:\/\/raed.academy\/ca\/#\/schema\/logo\/image\/","url":"https:\/\/raed.academy\/wp-content\/uploads\/2017\/01\/cropped-logo_raed.png","contentUrl":"https:\/\/raed.academy\/wp-content\/uploads\/2017\/01\/cropped-logo_raed.png","width":512,"height":512,"caption":"Real Academia Europea de Doctores"},"image":{"@id":"https:\/\/raed.academy\/ca\/#\/schema\/logo\/image\/"},"sameAs":["http:\/\/fb.me\/raed.academy","https:\/\/x.com\/raedacademy","https:\/\/www.instagram.com\/raed.academy\/","https:\/\/www.youtube.com\/channel\/UCUYQwW2KrdirNWihxMDObwg"]},{"@type":"Person","@id":"https:\/\/raed.academy\/ca\/#\/schema\/person\/5a755da80d1d979fd66ba745c8702927","name":"RAED","image":{"@type":"ImageObject","inLanguage":"ca-ES","@id":"https:\/\/secure.gravatar.com\/avatar\/19fdfdc0d67fb9c45714b703a2ac82251c4fcea3637f002ac3c9b74c0183583c?s=96&d=mm&r=g","url":"https:\/\/secure.gravatar.com\/avatar\/19fdfdc0d67fb9c45714b703a2ac82251c4fcea3637f002ac3c9b74c0183583c?s=96&d=mm&r=g","contentUrl":"https:\/\/secure.gravatar.com\/avatar\/19fdfdc0d67fb9c45714b703a2ac82251c4fcea3637f002ac3c9b74c0183583c?s=96&d=mm&r=g","caption":"RAED"}}]}},"_links":{"self":[{"href":"https:\/\/raed.academy\/ca\/wp-json\/wp\/v2\/posts\/99942","targetHints":{"allow":["GET"]}}],"collection":[{"href":"https:\/\/raed.academy\/ca\/wp-json\/wp\/v2\/posts"}],"about":[{"href":"https:\/\/raed.academy\/ca\/wp-json\/wp\/v2\/types\/post"}],"author":[{"embeddable":true,"href":"https:\/\/raed.academy\/ca\/wp-json\/wp\/v2\/users\/12"}],"replies":[{"embeddable":true,"href":"https:\/\/raed.academy\/ca\/wp-json\/wp\/v2\/comments?post=99942"}],"version-history":[{"count":0,"href":"https:\/\/raed.academy\/ca\/wp-json\/wp\/v2\/posts\/99942\/revisions"}],"wp:featuredmedia":[{"embeddable":true,"href":"https:\/\/raed.academy\/ca\/wp-json\/wp\/v2\/media\/99979"}],"wp:attachment":[{"href":"https:\/\/raed.academy\/ca\/wp-json\/wp\/v2\/media?parent=99942"}],"wp:term":[{"taxonomy":"category","embeddable":true,"href":"https:\/\/raed.academy\/ca\/wp-json\/wp\/v2\/categories?post=99942"},{"taxonomy":"post_tag","embeddable":true,"href":"https:\/\/raed.academy\/ca\/wp-json\/wp\/v2\/tags?post=99942"}],"curies":[{"name":"wp","href":"https:\/\/api.w.org\/{rel}","templated":true}]}}