{"id":99938,"date":"2021-02-19T06:57:12","date_gmt":"2021-02-19T06:57:12","guid":{"rendered":"https:\/\/raed.academy\/?p=99938"},"modified":"2021-02-19T18:34:48","modified_gmt":"2021-02-19T18:34:48","slug":"projectant-un-futur-realista-i-presencial-pedro-nueno","status":"publish","type":"post","link":"https:\/\/raed.academy\/ca\/projectant-un-futur-realista-i-presencial-pedro-nueno\/","title":{"rendered":"Projectant un futur realista i presencial"},"content":{"rendered":"<p><a href=\"https:\/\/raed.academy\/ca\/academics\/dr-pedro-nueno-iniesta\/\" target=\"_blank\" rel=\"noopener\"><strong><em><a href=\"https:\/\/raed.academy\/ca\/academics\/dr-pedro-nueno-iniesta\/\" target=\"_blank\" rel=\"noopener\">Pedro Nueno<\/a><\/em><\/strong><\/a><br \/>\n<em>Titular de la C\u00e0tedra Fundaci\u00f3 Bertr\u00e1n d&#8217;Iniciativa Empresarial de l&#8217;Escola de Negocis IESE-Universitat de Navarra, president de l&#8217;Escola de Negocis Internacional Xina-Europa i acad\u00e8mic de n\u00famero i president de la Secci\u00f3 de Ci\u00e8ncies Socials de la Reial Acad\u00e8mia Europea de Doctors-Barcelona 1914 (RAED)<\/em><\/p>\n<p><em>Articles publicats al diari &#8220;La Vanguardia&#8221; el 31 de gener i el 7 i 14 de febrer de 2021<\/em><\/p>\n<div id=\"attachment_93042\" style=\"width: 273px\" class=\"wp-caption alignright\"><img loading=\"lazy\" decoding=\"async\" aria-describedby=\"caption-attachment-93042\" class=\"wp-image-93042 size-full\" src=\"https:\/\/raed.academy\/wp-content\/uploads\/2020\/08\/Pedro-Nueno.jpeg\" alt=\"Dr. Pedro Nueno\" width=\"263\" height=\"192\" aria-describedby=\"caption-attachment-93042\" data-attachment-id=\"93042\" data-permalink=\"https:\/\/raed.academy\/pronosticando-liderando-empleando-pedro-nueno\/pedro-nueno-5\/\" data-orig-file=\"https:\/\/raed.academy\/wp-content\/uploads\/2020\/08\/Pedro-Nueno.jpeg\" data-orig-size=\"263,192\" data-comments-opened=\"1\" data-image-meta=\"{&quot;aperture&quot;:&quot;0&quot;,&quot;credit&quot;:&quot;&quot;,&quot;camera&quot;:&quot;&quot;,&quot;caption&quot;:&quot;&quot;,&quot;created_timestamp&quot;:&quot;0&quot;,&quot;copyright&quot;:&quot;&quot;,&quot;focal_length&quot;:&quot;0&quot;,&quot;iso&quot;:&quot;0&quot;,&quot;shutter_speed&quot;:&quot;0&quot;,&quot;title&quot;:&quot;&quot;,&quot;orientation&quot;:&quot;0&quot;}\" data-image-title=\"Dr. Pedro Nueno\" data-image-description=\"\" data-medium-file=\"https:\/\/raed.academy\/wp-content\/uploads\/2020\/08\/Pedro-Nueno.jpeg\" data-large-file=\"https:\/\/raed.academy\/wp-content\/uploads\/2020\/08\/Pedro-Nueno.jpeg\" \/><p id=\"caption-attachment-93042\" class=\"wp-caption-text\">Dr. Pedro Nueno<\/p><\/div>\n<p><strong>Pedro Nueno<\/strong>, professor d&#8217;<strong>IESE-Universitat de Navarra<\/strong>, president de l&#8217;<strong>Escola de Negocis Internacional Xina-Europa<\/strong> i acad\u00e8mic de n\u00famero i president de la <strong>Secci\u00f3 de Ci\u00e8ncies Socials<\/strong> de la <strong>Reial Acad\u00e8mia Europea de Doctors-Barcelona 1914<\/strong> (RAED), aborda el futur que s&#8217;obre despr\u00e9s de la pand\u00e8mia i fins i tot m\u00e9s enll\u00e0 d&#8217;un escenari de recuperaci\u00f3 als articles <strong>&#8220;Dosmiltreinteando&#8221;<\/strong>, <strong>&#8220;Votando&#8221;<\/strong> i <strong>&#8220;Davosando&#8221;<\/strong>, que ha anat publicant al diari <strong>&#8220;La Vanguardia&#8221;<\/strong> entre els passats 31 de gener i 14 de febrer.<\/p>\n<p>A &#8220;Dosmiltreinteando&#8221;, l&#8217;acad\u00e8mic esbossa amb cert escepticisme les previsions que els &#8220;especialistes&#8221; fan a deu, vint o cinquanta anys vista, per concloure que si b\u00e9 cal realitzar aquest tipus de projeccions, el fonamental \u00e9s establir les bases perqu\u00e8 el futur previst acabi esdevenint realitat. Comen\u00e7ant, assenyala, per donar suport a les empreses i als emprenedors que han de posar ja en marxa aquest futur.<\/p>\n<p>&#8220;He llegit que al 2030 els vehicles d&#8217;hidrogen costaran com els de di\u00e8sel. Llegeixo moltes coses sobre el 2030: la majoria dels cotxes seran el\u00e8ctrics, s&#8217;haur\u00e0 elevat l&#8217;edat de jubilaci\u00f3, no hi haur\u00e0 atur, les coses rutin\u00e0ries les faran robots , comprarem gaireb\u00e9 tot en l\u00ednia, els pa\u00efsos ja no estaran endeutats, etc\u00e8tera. Tamb\u00e9 hi ha prediccions negatives: els que viuen del canvi clim\u00e0tic asseguren que la temperatura de la planeta haur\u00e0 pujat un grau en el 2100; aix\u00f2 ser\u00e0 molt pitjor que la pujada de 0, 78 graus en els \u00faltims 140 anys, i ser\u00e0 fatal. Predir el 2030 \u00e9s molt m\u00e9s f\u00e0cil que predir el 2022. A m\u00e9s, al 2030 ning\u00fa no recordar\u00e0 si alg\u00fa ho va encertar o es va equivocar. I no diguem predir el 2100. Tenim &#8216;experts'&#8221;, explica amb sorna.<\/p>\n<p><img loading=\"lazy\" decoding=\"async\" class=\"alignleft size-full wp-image-99877\" src=\"https:\/\/raed.academy\/wp-content\/uploads\/2021\/02\/futuro-incertidumbre-dstNtc.jpg\" alt=\"\" width=\"400\" height=\"240\" data-attachment-id=\"99877\" data-permalink=\"https:\/\/raed.academy\/proyectando-un-futuro-realista-y-presencial-pedro-nueno\/futuro-incertidumbre-dstntc\/\" data-orig-file=\"https:\/\/raed.academy\/wp-content\/uploads\/2021\/02\/futuro-incertidumbre-dstNtc.jpg\" data-orig-size=\"400,240\" data-comments-opened=\"0\" data-image-meta=\"{&quot;aperture&quot;:&quot;0&quot;,&quot;credit&quot;:&quot;&quot;,&quot;camera&quot;:&quot;&quot;,&quot;caption&quot;:&quot;&quot;,&quot;created_timestamp&quot;:&quot;0&quot;,&quot;copyright&quot;:&quot;&quot;,&quot;focal_length&quot;:&quot;0&quot;,&quot;iso&quot;:&quot;0&quot;,&quot;shutter_speed&quot;:&quot;0&quot;,&quot;title&quot;:&quot;&quot;,&quot;orientation&quot;:&quot;0&quot;}\" data-image-title=\"futuro-incertidumbre-dstNtc\" data-image-description=\"\" data-medium-file=\"https:\/\/raed.academy\/wp-content\/uploads\/2021\/02\/futuro-incertidumbre-dstNtc.jpg\" data-large-file=\"https:\/\/raed.academy\/wp-content\/uploads\/2021\/02\/futuro-incertidumbre-dstNtc.jpg\" \/>D&#8217;altra banda, a &#8220;Votando&#8221;, Nueno aborda la q\u00fcesti\u00f3 del nou Govern que haur\u00e0 de regir la vida dels catalans els propers anys, apuntant com a reptes fonamentals no ja la gesti\u00f3 de la pand\u00e8mia i la recuperaci\u00f3, sin\u00f3 d&#8217;altres que s&#8217;han d&#8217;afrontar de manera perempt\u00f2ria com ara el futur de les pensions. &#8220;Tenim molts problemes m\u00e9s enll\u00e0 de la pand\u00e8mia. Hi ha un deute enorme i no est\u00e0 clar d&#8217;on sortiran els diners per tornar-lo. Per\u00f2 a m\u00e9s l&#8217;esperan\u00e7a de vida no para de pujar i si ens jubilem amb 65 anys o ens prejubilem, amb fins i tot 55, \u00bfon s\u00f3n els diners per pagar-nos pensions durant 50 anys si ens morim m\u00e9s enll\u00e0 dels 100 (i molts dies hi ha esqueles de persones mortes amb m\u00e9s de 100 anys)? \u00c9s clar que, ja ho he dit moltes vegades, cap pol\u00edtic aborda el tema&#8221;, denuncia.<\/p>\n<p>Finalment, a &#8220;Davosando&#8221;, reflexiona sobre la virtualitat d&#8217;una trobada de refer\u00e8ncia com la de Davos, que enguany amb prou feines ha tingut cobertura medi\u00e0tica. &#8220;Aquest any la trobada de Davos va ser virtual. Res a veure. La gent no va a Davos a escoltar rotllos, sin\u00f3 a trobar-se amb d&#8217;altres. \u00c9s una gran oportunitat reunir-se amb persones importants i despr\u00e9s comentar: &#8216;S\u00ed. Vaig ser amb el president de tal pa\u00eds i em va semblar fenomenal, en canvi, el president de tal altre \u00e9s m\u00e9s fluixet&#8217;. Veure-ho per Internet no \u00e9s el mateix&#8221;, introdueix Nueno la import\u00e0ncia del &#8220;networking&#8221; dins de la presencialitat.<\/p>\n<p>&nbsp;<\/p>\n<h2><a href=\"https:\/\/www.lavanguardia.com\/economia\/20210131\/6211564\/dosmiltreinteando.html\" target=\"_blank\" rel=\"noopener\">Llegiu &#8220;Dosmiltreinteando&#8221;<\/a><\/h2>\n<h2><a href=\"https:\/\/www.lavanguardia.com\/economia\/20210207\/6228763\/votando.html\" target=\"_blank\" rel=\"noopener\"><strong>Llegiu &#8220;Votando&#8221;<\/strong><\/a><\/h2>\n<h2><a href=\"https:\/\/www.lavanguardia.com\/economia\/20210214\/6246464\/davosando.html\" target=\"_blank\" rel=\"noopener\"><strong>Llegiu &#8220;Davosando&#8221;<\/strong><\/a><\/h2>\n","protected":false},"excerpt":{"rendered":"<p>Pedro Nueno esbossa amb cert escepticisme les previsions que els &#8220;especialistes&#8221; realitzen a deu, vint o cinquanta anys vista<\/p>\n","protected":false},"author":12,"featured_media":99878,"comment_status":"closed","ping_status":"closed","sticky":false,"template":"","format":"standard","meta":{"_et_pb_use_builder":"","_et_pb_old_content":"","_et_gb_content_width":"","footnotes":""},"categories":[268,274,304,233],"tags":[],"class_list":["post-99938","post","type-post","status-publish","format-standard","has-post-thumbnail","hentry","category-coronavirus-des-del-coneixement","category-economia-i-politica","category-economia-i-politica-ca","category-economiques-i-empresarials","et-has-post-format-content","et_post_format-et-post-format-standard"],"yoast_head":"<!-- This site is optimized with the Yoast SEO plugin v27.4 - https:\/\/yoast.com\/product\/yoast-seo-wordpress\/ -->\n<title>Projectant un futur realista i presencial - Reial Acad\u00e8mia Europea de Doctors<\/title>\n<meta name=\"description\" content=\"Pedro Nueno esbossa amb cert escepticisme les previsions que els &quot;especialistes&quot; realitzen a deu, vint o cinquanta anys vista\" \/>\n<meta name=\"robots\" content=\"index, follow, max-snippet:-1, max-image-preview:large, max-video-preview:-1\" \/>\n<link rel=\"canonical\" href=\"https:\/\/raed.academy\/ca\/projectant-un-futur-realista-i-presencial-pedro-nueno\/\" \/>\n<meta property=\"og:locale\" content=\"ca_ES\" \/>\n<meta property=\"og:type\" content=\"article\" \/>\n<meta property=\"og:title\" content=\"Projectant un futur realista i presencial - Reial Acad\u00e8mia Europea de Doctors\" \/>\n<meta property=\"og:description\" content=\"Pedro Nueno esbossa amb cert escepticisme les previsions que els &quot;especialistes&quot; realitzen a deu, vint o cinquanta anys vista\" \/>\n<meta property=\"og:url\" content=\"https:\/\/raed.academy\/ca\/projectant-un-futur-realista-i-presencial-pedro-nueno\/\" \/>\n<meta property=\"og:site_name\" content=\"Reial Acad\u00e8mia Europea de Doctors\" \/>\n<meta property=\"article:publisher\" content=\"http:\/\/fb.me\/raed.academy\" \/>\n<meta property=\"article:published_time\" content=\"2021-02-19T06:57:12+00:00\" \/>\n<meta property=\"article:modified_time\" content=\"2021-02-19T18:34:48+00:00\" \/>\n<meta property=\"og:image\" content=\"https:\/\/raed.academy\/wp-content\/uploads\/2021\/02\/futuro-incertidumbre-dstNtc.jpg\" \/>\n\t<meta property=\"og:image:width\" content=\"400\" \/>\n\t<meta property=\"og:image:height\" content=\"240\" \/>\n\t<meta property=\"og:image:type\" content=\"image\/jpeg\" \/>\n<meta name=\"author\" content=\"RAED\" \/>\n<meta name=\"twitter:card\" content=\"summary_large_image\" \/>\n<meta name=\"twitter:creator\" content=\"@raedacademy\" \/>\n<meta name=\"twitter:site\" content=\"@raedacademy\" \/>\n<meta name=\"twitter:label1\" content=\"Written by\" \/>\n\t<meta name=\"twitter:data1\" content=\"RAED\" \/>\n\t<meta name=\"twitter:label2\" content=\"Est. reading time\" \/>\n\t<meta name=\"twitter:data2\" content=\"4 minutes\" \/>\n<script type=\"application\/ld+json\" class=\"yoast-schema-graph\">{\"@context\":\"https:\\\/\\\/schema.org\",\"@graph\":[{\"@type\":\"Article\",\"@id\":\"https:\\\/\\\/raed.academy\\\/ca\\\/projectant-un-futur-realista-i-presencial-pedro-nueno\\\/#article\",\"isPartOf\":{\"@id\":\"https:\\\/\\\/raed.academy\\\/ca\\\/projectant-un-futur-realista-i-presencial-pedro-nueno\\\/\"},\"author\":{\"name\":\"RAED\",\"@id\":\"https:\\\/\\\/raed.academy\\\/ca\\\/#\\\/schema\\\/person\\\/5a755da80d1d979fd66ba745c8702927\"},\"headline\":\"Projectant un futur realista i presencial\",\"datePublished\":\"2021-02-19T06:57:12+00:00\",\"dateModified\":\"2021-02-19T18:34:48+00:00\",\"mainEntityOfPage\":{\"@id\":\"https:\\\/\\\/raed.academy\\\/ca\\\/projectant-un-futur-realista-i-presencial-pedro-nueno\\\/\"},\"wordCount\":648,\"publisher\":{\"@id\":\"https:\\\/\\\/raed.academy\\\/ca\\\/#organization\"},\"image\":{\"@id\":\"https:\\\/\\\/raed.academy\\\/ca\\\/projectant-un-futur-realista-i-presencial-pedro-nueno\\\/#primaryimage\"},\"thumbnailUrl\":\"https:\\\/\\\/raed.academy\\\/wp-content\\\/uploads\\\/2021\\\/02\\\/futuro-incertidumbre-dstNtc.jpg\",\"articleSection\":[\"Coronavirus des del coneixement\",\"Economia i pol\u00edtica\",\"Economia i pol\u00edtica\",\"Econ\u00f2miques i Empresarials\"],\"inLanguage\":\"ca-ES\"},{\"@type\":\"WebPage\",\"@id\":\"https:\\\/\\\/raed.academy\\\/ca\\\/projectant-un-futur-realista-i-presencial-pedro-nueno\\\/\",\"url\":\"https:\\\/\\\/raed.academy\\\/ca\\\/projectant-un-futur-realista-i-presencial-pedro-nueno\\\/\",\"name\":\"Projectant un futur realista i presencial - Reial Acad\u00e8mia Europea de Doctors\",\"isPartOf\":{\"@id\":\"https:\\\/\\\/raed.academy\\\/ca\\\/#website\"},\"primaryImageOfPage\":{\"@id\":\"https:\\\/\\\/raed.academy\\\/ca\\\/projectant-un-futur-realista-i-presencial-pedro-nueno\\\/#primaryimage\"},\"image\":{\"@id\":\"https:\\\/\\\/raed.academy\\\/ca\\\/projectant-un-futur-realista-i-presencial-pedro-nueno\\\/#primaryimage\"},\"thumbnailUrl\":\"https:\\\/\\\/raed.academy\\\/wp-content\\\/uploads\\\/2021\\\/02\\\/futuro-incertidumbre-dstNtc.jpg\",\"datePublished\":\"2021-02-19T06:57:12+00:00\",\"dateModified\":\"2021-02-19T18:34:48+00:00\",\"description\":\"Pedro Nueno esbossa amb cert escepticisme les previsions que els \\\"especialistes\\\" realitzen a deu, vint o cinquanta anys vista\",\"breadcrumb\":{\"@id\":\"https:\\\/\\\/raed.academy\\\/ca\\\/projectant-un-futur-realista-i-presencial-pedro-nueno\\\/#breadcrumb\"},\"inLanguage\":\"ca-ES\",\"potentialAction\":[{\"@type\":\"ReadAction\",\"target\":[\"https:\\\/\\\/raed.academy\\\/ca\\\/projectant-un-futur-realista-i-presencial-pedro-nueno\\\/\"]}]},{\"@type\":\"ImageObject\",\"inLanguage\":\"ca-ES\",\"@id\":\"https:\\\/\\\/raed.academy\\\/ca\\\/projectant-un-futur-realista-i-presencial-pedro-nueno\\\/#primaryimage\",\"url\":\"https:\\\/\\\/raed.academy\\\/wp-content\\\/uploads\\\/2021\\\/02\\\/futuro-incertidumbre-dstNtc.jpg\",\"contentUrl\":\"https:\\\/\\\/raed.academy\\\/wp-content\\\/uploads\\\/2021\\\/02\\\/futuro-incertidumbre-dstNtc.jpg\",\"width\":400,\"height\":240},{\"@type\":\"BreadcrumbList\",\"@id\":\"https:\\\/\\\/raed.academy\\\/ca\\\/projectant-un-futur-realista-i-presencial-pedro-nueno\\\/#breadcrumb\",\"itemListElement\":[{\"@type\":\"ListItem\",\"position\":1,\"name\":\"Inicio\",\"item\":\"https:\\\/\\\/raed.academy\\\/ca\\\/\"},{\"@type\":\"ListItem\",\"position\":2,\"name\":\"Projectant un futur realista i presencial\"}]},{\"@type\":\"WebSite\",\"@id\":\"https:\\\/\\\/raed.academy\\\/ca\\\/#website\",\"url\":\"https:\\\/\\\/raed.academy\\\/ca\\\/\",\"name\":\"Reial Acad\u00e8mia Europea de Doctors\",\"description\":\"Corporaci\u00f3n de derecho p\u00fablico de car\u00e1cter cient\u00edfico, t\u00e9cnico y art\u00edstico, que tiene por objeto la investigaci\u00f3n, el estudio, el fomento y la extensi\u00f3n del conocimiento en su sentido m\u00e1s amplio\",\"publisher\":{\"@id\":\"https:\\\/\\\/raed.academy\\\/ca\\\/#organization\"},\"potentialAction\":[{\"@type\":\"SearchAction\",\"target\":{\"@type\":\"EntryPoint\",\"urlTemplate\":\"https:\\\/\\\/raed.academy\\\/ca\\\/?s={search_term_string}\"},\"query-input\":{\"@type\":\"PropertyValueSpecification\",\"valueRequired\":true,\"valueName\":\"search_term_string\"}}],\"inLanguage\":\"ca-ES\"},{\"@type\":\"Organization\",\"@id\":\"https:\\\/\\\/raed.academy\\\/ca\\\/#organization\",\"name\":\"Real Academia Europea de Doctores\",\"url\":\"https:\\\/\\\/raed.academy\\\/ca\\\/\",\"logo\":{\"@type\":\"ImageObject\",\"inLanguage\":\"ca-ES\",\"@id\":\"https:\\\/\\\/raed.academy\\\/ca\\\/#\\\/schema\\\/logo\\\/image\\\/\",\"url\":\"https:\\\/\\\/raed.academy\\\/wp-content\\\/uploads\\\/2017\\\/01\\\/cropped-logo_raed.png\",\"contentUrl\":\"https:\\\/\\\/raed.academy\\\/wp-content\\\/uploads\\\/2017\\\/01\\\/cropped-logo_raed.png\",\"width\":512,\"height\":512,\"caption\":\"Real Academia Europea de Doctores\"},\"image\":{\"@id\":\"https:\\\/\\\/raed.academy\\\/ca\\\/#\\\/schema\\\/logo\\\/image\\\/\"},\"sameAs\":[\"http:\\\/\\\/fb.me\\\/raed.academy\",\"https:\\\/\\\/x.com\\\/raedacademy\",\"https:\\\/\\\/www.instagram.com\\\/raed.academy\\\/\",\"https:\\\/\\\/www.youtube.com\\\/channel\\\/UCUYQwW2KrdirNWihxMDObwg\"]},{\"@type\":\"Person\",\"@id\":\"https:\\\/\\\/raed.academy\\\/ca\\\/#\\\/schema\\\/person\\\/5a755da80d1d979fd66ba745c8702927\",\"name\":\"RAED\",\"image\":{\"@type\":\"ImageObject\",\"inLanguage\":\"ca-ES\",\"@id\":\"https:\\\/\\\/secure.gravatar.com\\\/avatar\\\/19fdfdc0d67fb9c45714b703a2ac82251c4fcea3637f002ac3c9b74c0183583c?s=96&d=mm&r=g\",\"url\":\"https:\\\/\\\/secure.gravatar.com\\\/avatar\\\/19fdfdc0d67fb9c45714b703a2ac82251c4fcea3637f002ac3c9b74c0183583c?s=96&d=mm&r=g\",\"contentUrl\":\"https:\\\/\\\/secure.gravatar.com\\\/avatar\\\/19fdfdc0d67fb9c45714b703a2ac82251c4fcea3637f002ac3c9b74c0183583c?s=96&d=mm&r=g\",\"caption\":\"RAED\"}}]}<\/script>\n<!-- \/ Yoast SEO plugin. -->","yoast_head_json":{"title":"Projectant un futur realista i presencial - Reial Acad\u00e8mia Europea de Doctors","description":"Pedro Nueno esbossa amb cert escepticisme les previsions que els \"especialistes\" realitzen a deu, vint o cinquanta anys vista","robots":{"index":"index","follow":"follow","max-snippet":"max-snippet:-1","max-image-preview":"max-image-preview:large","max-video-preview":"max-video-preview:-1"},"canonical":"https:\/\/raed.academy\/ca\/projectant-un-futur-realista-i-presencial-pedro-nueno\/","og_locale":"ca_ES","og_type":"article","og_title":"Projectant un futur realista i presencial - Reial Acad\u00e8mia Europea de Doctors","og_description":"Pedro Nueno esbossa amb cert escepticisme les previsions que els \"especialistes\" realitzen a deu, vint o cinquanta anys vista","og_url":"https:\/\/raed.academy\/ca\/projectant-un-futur-realista-i-presencial-pedro-nueno\/","og_site_name":"Reial Acad\u00e8mia Europea de Doctors","article_publisher":"http:\/\/fb.me\/raed.academy","article_published_time":"2021-02-19T06:57:12+00:00","article_modified_time":"2021-02-19T18:34:48+00:00","og_image":[{"width":400,"height":240,"url":"https:\/\/raed.academy\/wp-content\/uploads\/2021\/02\/futuro-incertidumbre-dstNtc.jpg","type":"image\/jpeg"}],"author":"RAED","twitter_card":"summary_large_image","twitter_creator":"@raedacademy","twitter_site":"@raedacademy","twitter_misc":{"Written by":"RAED","Est. reading time":"4 minutes"},"schema":{"@context":"https:\/\/schema.org","@graph":[{"@type":"Article","@id":"https:\/\/raed.academy\/ca\/projectant-un-futur-realista-i-presencial-pedro-nueno\/#article","isPartOf":{"@id":"https:\/\/raed.academy\/ca\/projectant-un-futur-realista-i-presencial-pedro-nueno\/"},"author":{"name":"RAED","@id":"https:\/\/raed.academy\/ca\/#\/schema\/person\/5a755da80d1d979fd66ba745c8702927"},"headline":"Projectant un futur realista i presencial","datePublished":"2021-02-19T06:57:12+00:00","dateModified":"2021-02-19T18:34:48+00:00","mainEntityOfPage":{"@id":"https:\/\/raed.academy\/ca\/projectant-un-futur-realista-i-presencial-pedro-nueno\/"},"wordCount":648,"publisher":{"@id":"https:\/\/raed.academy\/ca\/#organization"},"image":{"@id":"https:\/\/raed.academy\/ca\/projectant-un-futur-realista-i-presencial-pedro-nueno\/#primaryimage"},"thumbnailUrl":"https:\/\/raed.academy\/wp-content\/uploads\/2021\/02\/futuro-incertidumbre-dstNtc.jpg","articleSection":["Coronavirus des del coneixement","Economia i pol\u00edtica","Economia i pol\u00edtica","Econ\u00f2miques i Empresarials"],"inLanguage":"ca-ES"},{"@type":"WebPage","@id":"https:\/\/raed.academy\/ca\/projectant-un-futur-realista-i-presencial-pedro-nueno\/","url":"https:\/\/raed.academy\/ca\/projectant-un-futur-realista-i-presencial-pedro-nueno\/","name":"Projectant un futur realista i presencial - Reial Acad\u00e8mia Europea de Doctors","isPartOf":{"@id":"https:\/\/raed.academy\/ca\/#website"},"primaryImageOfPage":{"@id":"https:\/\/raed.academy\/ca\/projectant-un-futur-realista-i-presencial-pedro-nueno\/#primaryimage"},"image":{"@id":"https:\/\/raed.academy\/ca\/projectant-un-futur-realista-i-presencial-pedro-nueno\/#primaryimage"},"thumbnailUrl":"https:\/\/raed.academy\/wp-content\/uploads\/2021\/02\/futuro-incertidumbre-dstNtc.jpg","datePublished":"2021-02-19T06:57:12+00:00","dateModified":"2021-02-19T18:34:48+00:00","description":"Pedro Nueno esbossa amb cert escepticisme les previsions que els \"especialistes\" realitzen a deu, vint o cinquanta anys vista","breadcrumb":{"@id":"https:\/\/raed.academy\/ca\/projectant-un-futur-realista-i-presencial-pedro-nueno\/#breadcrumb"},"inLanguage":"ca-ES","potentialAction":[{"@type":"ReadAction","target":["https:\/\/raed.academy\/ca\/projectant-un-futur-realista-i-presencial-pedro-nueno\/"]}]},{"@type":"ImageObject","inLanguage":"ca-ES","@id":"https:\/\/raed.academy\/ca\/projectant-un-futur-realista-i-presencial-pedro-nueno\/#primaryimage","url":"https:\/\/raed.academy\/wp-content\/uploads\/2021\/02\/futuro-incertidumbre-dstNtc.jpg","contentUrl":"https:\/\/raed.academy\/wp-content\/uploads\/2021\/02\/futuro-incertidumbre-dstNtc.jpg","width":400,"height":240},{"@type":"BreadcrumbList","@id":"https:\/\/raed.academy\/ca\/projectant-un-futur-realista-i-presencial-pedro-nueno\/#breadcrumb","itemListElement":[{"@type":"ListItem","position":1,"name":"Inicio","item":"https:\/\/raed.academy\/ca\/"},{"@type":"ListItem","position":2,"name":"Projectant un futur realista i presencial"}]},{"@type":"WebSite","@id":"https:\/\/raed.academy\/ca\/#website","url":"https:\/\/raed.academy\/ca\/","name":"Reial Acad\u00e8mia Europea de Doctors","description":"Corporaci\u00f3n de derecho p\u00fablico de car\u00e1cter cient\u00edfico, t\u00e9cnico y art\u00edstico, que tiene por objeto la investigaci\u00f3n, el estudio, el fomento y la extensi\u00f3n del conocimiento en su sentido m\u00e1s amplio","publisher":{"@id":"https:\/\/raed.academy\/ca\/#organization"},"potentialAction":[{"@type":"SearchAction","target":{"@type":"EntryPoint","urlTemplate":"https:\/\/raed.academy\/ca\/?s={search_term_string}"},"query-input":{"@type":"PropertyValueSpecification","valueRequired":true,"valueName":"search_term_string"}}],"inLanguage":"ca-ES"},{"@type":"Organization","@id":"https:\/\/raed.academy\/ca\/#organization","name":"Real Academia Europea de Doctores","url":"https:\/\/raed.academy\/ca\/","logo":{"@type":"ImageObject","inLanguage":"ca-ES","@id":"https:\/\/raed.academy\/ca\/#\/schema\/logo\/image\/","url":"https:\/\/raed.academy\/wp-content\/uploads\/2017\/01\/cropped-logo_raed.png","contentUrl":"https:\/\/raed.academy\/wp-content\/uploads\/2017\/01\/cropped-logo_raed.png","width":512,"height":512,"caption":"Real Academia Europea de Doctores"},"image":{"@id":"https:\/\/raed.academy\/ca\/#\/schema\/logo\/image\/"},"sameAs":["http:\/\/fb.me\/raed.academy","https:\/\/x.com\/raedacademy","https:\/\/www.instagram.com\/raed.academy\/","https:\/\/www.youtube.com\/channel\/UCUYQwW2KrdirNWihxMDObwg"]},{"@type":"Person","@id":"https:\/\/raed.academy\/ca\/#\/schema\/person\/5a755da80d1d979fd66ba745c8702927","name":"RAED","image":{"@type":"ImageObject","inLanguage":"ca-ES","@id":"https:\/\/secure.gravatar.com\/avatar\/19fdfdc0d67fb9c45714b703a2ac82251c4fcea3637f002ac3c9b74c0183583c?s=96&d=mm&r=g","url":"https:\/\/secure.gravatar.com\/avatar\/19fdfdc0d67fb9c45714b703a2ac82251c4fcea3637f002ac3c9b74c0183583c?s=96&d=mm&r=g","contentUrl":"https:\/\/secure.gravatar.com\/avatar\/19fdfdc0d67fb9c45714b703a2ac82251c4fcea3637f002ac3c9b74c0183583c?s=96&d=mm&r=g","caption":"RAED"}}]}},"_links":{"self":[{"href":"https:\/\/raed.academy\/ca\/wp-json\/wp\/v2\/posts\/99938","targetHints":{"allow":["GET"]}}],"collection":[{"href":"https:\/\/raed.academy\/ca\/wp-json\/wp\/v2\/posts"}],"about":[{"href":"https:\/\/raed.academy\/ca\/wp-json\/wp\/v2\/types\/post"}],"author":[{"embeddable":true,"href":"https:\/\/raed.academy\/ca\/wp-json\/wp\/v2\/users\/12"}],"replies":[{"embeddable":true,"href":"https:\/\/raed.academy\/ca\/wp-json\/wp\/v2\/comments?post=99938"}],"version-history":[{"count":0,"href":"https:\/\/raed.academy\/ca\/wp-json\/wp\/v2\/posts\/99938\/revisions"}],"wp:featuredmedia":[{"embeddable":true,"href":"https:\/\/raed.academy\/ca\/wp-json\/wp\/v2\/media\/99878"}],"wp:attachment":[{"href":"https:\/\/raed.academy\/ca\/wp-json\/wp\/v2\/media?parent=99938"}],"wp:term":[{"taxonomy":"category","embeddable":true,"href":"https:\/\/raed.academy\/ca\/wp-json\/wp\/v2\/categories?post=99938"},{"taxonomy":"post_tag","embeddable":true,"href":"https:\/\/raed.academy\/ca\/wp-json\/wp\/v2\/tags?post=99938"}],"curies":[{"name":"wp","href":"https:\/\/api.w.org\/{rel}","templated":true}]}}