{"id":99599,"date":"2021-02-11T22:50:29","date_gmt":"2021-02-11T22:50:29","guid":{"rendered":"https:\/\/raed.academy\/?p=99599"},"modified":"2021-02-12T14:04:33","modified_gmt":"2021-02-12T14:04:33","slug":"oriol-amat-assumeix-el-deganat-del-col%c2%b7legi-deconomistes-de-catalunya","status":"publish","type":"post","link":"https:\/\/raed.academy\/ca\/oriol-amat-assumeix-el-deganat-del-col%c2%b7legi-deconomistes-de-catalunya\/","title":{"rendered":"Oriol Amat assumeix el deganat del Col\u00b7legi d&#8217;Economistes de Catalunya"},"content":{"rendered":"<p><a href=\"https:\/\/raed.academy\/ca\/academics\/dr-oriol-amat-salas\/\" target=\"_blank\" rel=\"noopener\"><strong><em>Oriol Amat<\/em><\/strong><\/a><br \/>\n<em>Deg\u00e0 de la Barcelona School of Management de la Universitat Pompeu Fabra, deg\u00e0 del Col\u00b7legi d&#8217;Economistes de Catalunya, vice-president de l&#8217;Associaci\u00f3 Catalana de Comptabilitat i Direcci\u00f3 i acad\u00e8mic de n\u00famero de la Reial Acad\u00e8mia Europea de Doctors-Barcelona 1914 (RAED)<\/em><\/p>\n<p><strong>Oriol Amat<\/strong>, deg\u00e0 de la <strong>Barcelona School of Management<\/strong> de la <strong>Universitat Pompeu Fabra<\/strong> i acad\u00e8mic de n\u00famero de la <strong>Reial Acad\u00e8mia Europea de Doctors-Barcelona 1914<\/strong> (RAED), va ser ratificat el passat 4 de febrer per l&#8217;Assemblea General Extraordin\u00e0ria del <strong>Col\u00b7legi d&#8217;Economistes de Catalunya<\/strong> com a nou deg\u00e0 en relleu d&#8217;<strong>Anton Gasol<\/strong>, acad\u00e8mic electe de la RAED, que ha liderat l&#8217;entitat des del 2018 amb Amat com a vice-deg\u00e0. Ara, tal com es va anunciar a l&#8217;inici del mandat, quan es va constituir la nova Junta de Govern, Oriol Amat assumeix les funcions de deg\u00e0. El relleu s&#8217;hauria d&#8217;haver fet en complir-se els dos anys de mandat de la Junta, per\u00f2 a causa de la Covid-19 es va retardar. Es fa a la recta final del mandat per tal de donar compliment al comprom\u00eds de la candidatura.<\/p>\n<div id=\"attachment_97146\" style=\"width: 230px\" class=\"wp-caption alignright\"><img loading=\"lazy\" decoding=\"async\" aria-describedby=\"caption-attachment-97146\" class=\"wp-image-97146\" src=\"https:\/\/raed.academy\/wp-content\/uploads\/2020\/12\/Oriol-Amat-Salas-cdd-OAS.jpg\" alt=\"Oriol Amat i Salas\" width=\"220\" height=\"330\" aria-describedby=\"caption-attachment-97146\" data-attachment-id=\"97146\" data-permalink=\"https:\/\/raed.academy\/cuando-el-consenso-se-hace-necesario-oriol-amat\/oriol-amat-salas-cdd-oas\/\" data-orig-file=\"https:\/\/raed.academy\/wp-content\/uploads\/2020\/12\/Oriol-Amat-Salas-cdd-OAS.jpg\" data-orig-size=\"320,480\" data-comments-opened=\"0\" data-image-meta=\"{&quot;aperture&quot;:&quot;0&quot;,&quot;credit&quot;:&quot;&quot;,&quot;camera&quot;:&quot;&quot;,&quot;caption&quot;:&quot;&quot;,&quot;created_timestamp&quot;:&quot;0&quot;,&quot;copyright&quot;:&quot;&quot;,&quot;focal_length&quot;:&quot;0&quot;,&quot;iso&quot;:&quot;0&quot;,&quot;shutter_speed&quot;:&quot;0&quot;,&quot;title&quot;:&quot;&quot;,&quot;orientation&quot;:&quot;0&quot;}\" data-image-title=\"Oriol Amat i Salas cdd-OAS\" data-image-description=\"&lt;p&gt;Fotograf\u00eda cedida por Oriol Amat&lt;\/p&gt;\" data-medium-file=\"https:\/\/raed.academy\/wp-content\/uploads\/2020\/12\/Oriol-Amat-Salas-cdd-OAS.jpg\" data-large-file=\"https:\/\/raed.academy\/wp-content\/uploads\/2020\/12\/Oriol-Amat-Salas-cdd-OAS.jpg\" \/><p id=\"caption-attachment-97146\" class=\"wp-caption-text\">Dr. Oriol Amat<\/p><\/div>\n<p>La voluntat del nou deg\u00e0 \u00e9s culminar els objectius marcats per la Junta de Govern. &#8220;Donat el poc marge de temps que resta a l&#8217;actual Junta i que encara estem en plena pand\u00e8mia cal ser realista amb els objectius que podrem assolir. Essencialment, es tracta de treballar d&#8217;acord amb el lema del Col\u00b7legi i estar al servei dels professionals de l&#8217;economia i de l&#8217;empresa. \u00c9s a dir, al de tots els col\u00b7legiats que presten serveis de qualitat tant als despatxos professionals com a l&#8217;\u00e0mbit empresarial, en tota la seva varietat sectorial i de perfils professionals, als que exerceixen la professi\u00f3 com a aut\u00f2noms, els que estan al servei de les administracions p\u00fabliques o l&#8217;ensenyament o a la prestaci\u00f3 de diferents serveis&#8221;, va explicar el deg\u00e0 en la seva presa de possessi\u00f3.<\/p>\n<p>L&#8217;Assemblea Extraordin\u00e0ria tamb\u00e9 va ratificar el nomenament de <strong>Xavier Subirats<\/strong> com a nou vice-deg\u00e0 de Col\u00b7legi d&#8217;Economistes de Catalunya i el seu relleu com a secretari de la Junta de Govern, que ocupava des del 2018. La fins ara vocal de la Junta de Govern <strong>Elisabet Bach<\/strong> assumir\u00e0 aquesta responsabilitat. La resta de la Junta queda constitu\u00efda per <strong>Llu\u00eds Bigas de Llobet<\/strong> (president de la seu de Girona); <strong>Josep Maria Riu<\/strong> (president de la seu de Lleida); <strong>Miquel \u00c0ngel F\u00faster<\/strong> (president de la seu de Tarragona); <strong>Carme Garcia<\/strong> (tresorera); <strong>Miquel Morell<\/strong> (interventor); <strong>Alfred Albiol<\/strong>, <strong>Emilio \u00c1lvarez<\/strong>, <strong>Maria Josep Arasa<\/strong>, <strong>Carme Casablancas<\/strong>, <strong>Nacho Cornet<\/strong>, <strong>Berta Ferrer<\/strong>, <strong>Benito Garc\u00eda<\/strong>, <strong>Jaume Men\u00e9ndez<\/strong>, <strong>Ester Oliveras<\/strong>, <strong>Ivan Planas<\/strong> i <strong>Sofia Rodr\u00edguez<\/strong> (vocals); <strong>Jes\u00fas \u00c1lvarez<\/strong>, <strong>Arnau Farr\u00e9<\/strong>, Anton Gasol, <strong>Carlos Puig de Travy<\/strong> i <strong>Eduard Soler<\/strong> (consellers).<\/p>\n","protected":false},"excerpt":{"rendered":"<p>Oriol Amat \u00e9s ratificat per l&#8217;Assemblea General Extraordin\u00e0ria del Col\u00b7legi d&#8217;Economistes de Catalunya com a nou deg\u00e0 en relleu d&#8217;Anton Gasol<\/p>\n","protected":false},"author":12,"featured_media":99531,"comment_status":"closed","ping_status":"closed","sticky":false,"template":"","format":"standard","meta":{"_et_pb_use_builder":"","_et_pb_old_content":"","_et_gb_content_width":"","footnotes":""},"categories":[176,233],"tags":[],"class_list":["post-99599","post","type-post","status-publish","format-standard","has-post-thumbnail","hentry","category-academics-a-la-societat","category-economiques-i-empresarials","et-has-post-format-content","et_post_format-et-post-format-standard"],"yoast_head":"<!-- This site is optimized with the Yoast SEO plugin v27.4 - https:\/\/yoast.com\/product\/yoast-seo-wordpress\/ -->\n<title>Oriol Amat assumeix el deganat del Col\u00b7legi d&#039;Economistes de Catalunya - Reial Acad\u00e8mia Europea de Doctors<\/title>\n<meta name=\"description\" content=\"Oriol Amat \u00e9s ratificat per l&#039;Assemblea General Extraordin\u00e0ria del Col\u00b7legi d&#039;Economistes de Catalunya com a nou deg\u00e0 en relleu d&#039;Anton Gasol\" \/>\n<meta name=\"robots\" content=\"index, follow, max-snippet:-1, max-image-preview:large, max-video-preview:-1\" \/>\n<link rel=\"canonical\" href=\"https:\/\/raed.academy\/ca\/oriol-amat-assumeix-el-deganat-del-col%c2%b7legi-deconomistes-de-catalunya\/\" \/>\n<meta property=\"og:locale\" content=\"ca_ES\" \/>\n<meta property=\"og:type\" content=\"article\" \/>\n<meta property=\"og:title\" content=\"Oriol Amat assumeix el deganat del Col\u00b7legi d&#039;Economistes de Catalunya - Reial Acad\u00e8mia Europea de Doctors\" \/>\n<meta property=\"og:description\" content=\"Oriol Amat \u00e9s ratificat per l&#039;Assemblea General Extraordin\u00e0ria del Col\u00b7legi d&#039;Economistes de Catalunya com a nou deg\u00e0 en relleu d&#039;Anton Gasol\" \/>\n<meta property=\"og:url\" content=\"https:\/\/raed.academy\/ca\/oriol-amat-assumeix-el-deganat-del-col%c2%b7legi-deconomistes-de-catalunya\/\" \/>\n<meta property=\"og:site_name\" content=\"Reial Acad\u00e8mia Europea de Doctors\" \/>\n<meta property=\"article:publisher\" content=\"http:\/\/fb.me\/raed.academy\" \/>\n<meta property=\"article:published_time\" content=\"2021-02-11T22:50:29+00:00\" \/>\n<meta property=\"article:modified_time\" content=\"2021-02-12T14:04:33+00:00\" \/>\n<meta property=\"og:image\" content=\"https:\/\/raed.academy\/wp-content\/uploads\/2021\/02\/col-legi-deconomistes-de-catalunya-dst.jpg\" \/>\n\t<meta property=\"og:image:width\" content=\"600\" \/>\n\t<meta property=\"og:image:height\" content=\"360\" \/>\n\t<meta property=\"og:image:type\" content=\"image\/jpeg\" \/>\n<meta name=\"author\" content=\"RAED\" \/>\n<meta name=\"twitter:card\" content=\"summary_large_image\" \/>\n<meta name=\"twitter:creator\" content=\"@raedacademy\" \/>\n<meta name=\"twitter:site\" content=\"@raedacademy\" \/>\n<meta name=\"twitter:label1\" content=\"Written by\" \/>\n\t<meta name=\"twitter:data1\" content=\"RAED\" \/>\n\t<meta name=\"twitter:label2\" content=\"Est. reading time\" \/>\n\t<meta name=\"twitter:data2\" content=\"3 minutes\" \/>\n<script type=\"application\/ld+json\" class=\"yoast-schema-graph\">{\"@context\":\"https:\\\/\\\/schema.org\",\"@graph\":[{\"@type\":\"Article\",\"@id\":\"https:\\\/\\\/raed.academy\\\/ca\\\/oriol-amat-assumeix-el-deganat-del-col%c2%b7legi-deconomistes-de-catalunya\\\/#article\",\"isPartOf\":{\"@id\":\"https:\\\/\\\/raed.academy\\\/ca\\\/oriol-amat-assumeix-el-deganat-del-col%c2%b7legi-deconomistes-de-catalunya\\\/\"},\"author\":{\"name\":\"RAED\",\"@id\":\"https:\\\/\\\/raed.academy\\\/ca\\\/#\\\/schema\\\/person\\\/5a755da80d1d979fd66ba745c8702927\"},\"headline\":\"Oriol Amat assumeix el deganat del Col\u00b7legi d&#8217;Economistes de Catalunya\",\"datePublished\":\"2021-02-11T22:50:29+00:00\",\"dateModified\":\"2021-02-12T14:04:33+00:00\",\"mainEntityOfPage\":{\"@id\":\"https:\\\/\\\/raed.academy\\\/ca\\\/oriol-amat-assumeix-el-deganat-del-col%c2%b7legi-deconomistes-de-catalunya\\\/\"},\"wordCount\":499,\"publisher\":{\"@id\":\"https:\\\/\\\/raed.academy\\\/ca\\\/#organization\"},\"image\":{\"@id\":\"https:\\\/\\\/raed.academy\\\/ca\\\/oriol-amat-assumeix-el-deganat-del-col%c2%b7legi-deconomistes-de-catalunya\\\/#primaryimage\"},\"thumbnailUrl\":\"https:\\\/\\\/raed.academy\\\/wp-content\\\/uploads\\\/2021\\\/02\\\/col-legi-deconomistes-de-catalunya-dst.jpg\",\"articleSection\":[\"Acad\u00e8mics a la societat\",\"Econ\u00f2miques i Empresarials\"],\"inLanguage\":\"ca-ES\"},{\"@type\":\"WebPage\",\"@id\":\"https:\\\/\\\/raed.academy\\\/ca\\\/oriol-amat-assumeix-el-deganat-del-col%c2%b7legi-deconomistes-de-catalunya\\\/\",\"url\":\"https:\\\/\\\/raed.academy\\\/ca\\\/oriol-amat-assumeix-el-deganat-del-col%c2%b7legi-deconomistes-de-catalunya\\\/\",\"name\":\"Oriol Amat assumeix el deganat del Col\u00b7legi d'Economistes de Catalunya - Reial Acad\u00e8mia Europea de Doctors\",\"isPartOf\":{\"@id\":\"https:\\\/\\\/raed.academy\\\/ca\\\/#website\"},\"primaryImageOfPage\":{\"@id\":\"https:\\\/\\\/raed.academy\\\/ca\\\/oriol-amat-assumeix-el-deganat-del-col%c2%b7legi-deconomistes-de-catalunya\\\/#primaryimage\"},\"image\":{\"@id\":\"https:\\\/\\\/raed.academy\\\/ca\\\/oriol-amat-assumeix-el-deganat-del-col%c2%b7legi-deconomistes-de-catalunya\\\/#primaryimage\"},\"thumbnailUrl\":\"https:\\\/\\\/raed.academy\\\/wp-content\\\/uploads\\\/2021\\\/02\\\/col-legi-deconomistes-de-catalunya-dst.jpg\",\"datePublished\":\"2021-02-11T22:50:29+00:00\",\"dateModified\":\"2021-02-12T14:04:33+00:00\",\"description\":\"Oriol Amat \u00e9s ratificat per l'Assemblea General Extraordin\u00e0ria del Col\u00b7legi d'Economistes de Catalunya com a nou deg\u00e0 en relleu d'Anton Gasol\",\"breadcrumb\":{\"@id\":\"https:\\\/\\\/raed.academy\\\/ca\\\/oriol-amat-assumeix-el-deganat-del-col%c2%b7legi-deconomistes-de-catalunya\\\/#breadcrumb\"},\"inLanguage\":\"ca-ES\",\"potentialAction\":[{\"@type\":\"ReadAction\",\"target\":[\"https:\\\/\\\/raed.academy\\\/ca\\\/oriol-amat-assumeix-el-deganat-del-col%c2%b7legi-deconomistes-de-catalunya\\\/\"]}]},{\"@type\":\"ImageObject\",\"inLanguage\":\"ca-ES\",\"@id\":\"https:\\\/\\\/raed.academy\\\/ca\\\/oriol-amat-assumeix-el-deganat-del-col%c2%b7legi-deconomistes-de-catalunya\\\/#primaryimage\",\"url\":\"https:\\\/\\\/raed.academy\\\/wp-content\\\/uploads\\\/2021\\\/02\\\/col-legi-deconomistes-de-catalunya-dst.jpg\",\"contentUrl\":\"https:\\\/\\\/raed.academy\\\/wp-content\\\/uploads\\\/2021\\\/02\\\/col-legi-deconomistes-de-catalunya-dst.jpg\",\"width\":600,\"height\":360},{\"@type\":\"BreadcrumbList\",\"@id\":\"https:\\\/\\\/raed.academy\\\/ca\\\/oriol-amat-assumeix-el-deganat-del-col%c2%b7legi-deconomistes-de-catalunya\\\/#breadcrumb\",\"itemListElement\":[{\"@type\":\"ListItem\",\"position\":1,\"name\":\"Inicio\",\"item\":\"https:\\\/\\\/raed.academy\\\/ca\\\/\"},{\"@type\":\"ListItem\",\"position\":2,\"name\":\"Oriol Amat assumeix el deganat del Col\u00b7legi d&#8217;Economistes de Catalunya\"}]},{\"@type\":\"WebSite\",\"@id\":\"https:\\\/\\\/raed.academy\\\/ca\\\/#website\",\"url\":\"https:\\\/\\\/raed.academy\\\/ca\\\/\",\"name\":\"Reial Acad\u00e8mia Europea de Doctors\",\"description\":\"Corporaci\u00f3n de derecho p\u00fablico de car\u00e1cter cient\u00edfico, t\u00e9cnico y art\u00edstico, que tiene por objeto la investigaci\u00f3n, el estudio, el fomento y la extensi\u00f3n del conocimiento en su sentido m\u00e1s amplio\",\"publisher\":{\"@id\":\"https:\\\/\\\/raed.academy\\\/ca\\\/#organization\"},\"potentialAction\":[{\"@type\":\"SearchAction\",\"target\":{\"@type\":\"EntryPoint\",\"urlTemplate\":\"https:\\\/\\\/raed.academy\\\/ca\\\/?s={search_term_string}\"},\"query-input\":{\"@type\":\"PropertyValueSpecification\",\"valueRequired\":true,\"valueName\":\"search_term_string\"}}],\"inLanguage\":\"ca-ES\"},{\"@type\":\"Organization\",\"@id\":\"https:\\\/\\\/raed.academy\\\/ca\\\/#organization\",\"name\":\"Real Academia Europea de Doctores\",\"url\":\"https:\\\/\\\/raed.academy\\\/ca\\\/\",\"logo\":{\"@type\":\"ImageObject\",\"inLanguage\":\"ca-ES\",\"@id\":\"https:\\\/\\\/raed.academy\\\/ca\\\/#\\\/schema\\\/logo\\\/image\\\/\",\"url\":\"https:\\\/\\\/raed.academy\\\/wp-content\\\/uploads\\\/2017\\\/01\\\/cropped-logo_raed.png\",\"contentUrl\":\"https:\\\/\\\/raed.academy\\\/wp-content\\\/uploads\\\/2017\\\/01\\\/cropped-logo_raed.png\",\"width\":512,\"height\":512,\"caption\":\"Real Academia Europea de Doctores\"},\"image\":{\"@id\":\"https:\\\/\\\/raed.academy\\\/ca\\\/#\\\/schema\\\/logo\\\/image\\\/\"},\"sameAs\":[\"http:\\\/\\\/fb.me\\\/raed.academy\",\"https:\\\/\\\/x.com\\\/raedacademy\",\"https:\\\/\\\/www.instagram.com\\\/raed.academy\\\/\",\"https:\\\/\\\/www.youtube.com\\\/channel\\\/UCUYQwW2KrdirNWihxMDObwg\"]},{\"@type\":\"Person\",\"@id\":\"https:\\\/\\\/raed.academy\\\/ca\\\/#\\\/schema\\\/person\\\/5a755da80d1d979fd66ba745c8702927\",\"name\":\"RAED\",\"image\":{\"@type\":\"ImageObject\",\"inLanguage\":\"ca-ES\",\"@id\":\"https:\\\/\\\/secure.gravatar.com\\\/avatar\\\/19fdfdc0d67fb9c45714b703a2ac82251c4fcea3637f002ac3c9b74c0183583c?s=96&d=mm&r=g\",\"url\":\"https:\\\/\\\/secure.gravatar.com\\\/avatar\\\/19fdfdc0d67fb9c45714b703a2ac82251c4fcea3637f002ac3c9b74c0183583c?s=96&d=mm&r=g\",\"contentUrl\":\"https:\\\/\\\/secure.gravatar.com\\\/avatar\\\/19fdfdc0d67fb9c45714b703a2ac82251c4fcea3637f002ac3c9b74c0183583c?s=96&d=mm&r=g\",\"caption\":\"RAED\"}}]}<\/script>\n<!-- \/ Yoast SEO plugin. -->","yoast_head_json":{"title":"Oriol Amat assumeix el deganat del Col\u00b7legi d'Economistes de Catalunya - Reial Acad\u00e8mia Europea de Doctors","description":"Oriol Amat \u00e9s ratificat per l'Assemblea General Extraordin\u00e0ria del Col\u00b7legi d'Economistes de Catalunya com a nou deg\u00e0 en relleu d'Anton Gasol","robots":{"index":"index","follow":"follow","max-snippet":"max-snippet:-1","max-image-preview":"max-image-preview:large","max-video-preview":"max-video-preview:-1"},"canonical":"https:\/\/raed.academy\/ca\/oriol-amat-assumeix-el-deganat-del-col%c2%b7legi-deconomistes-de-catalunya\/","og_locale":"ca_ES","og_type":"article","og_title":"Oriol Amat assumeix el deganat del Col\u00b7legi d'Economistes de Catalunya - Reial Acad\u00e8mia Europea de Doctors","og_description":"Oriol Amat \u00e9s ratificat per l'Assemblea General Extraordin\u00e0ria del Col\u00b7legi d'Economistes de Catalunya com a nou deg\u00e0 en relleu d'Anton Gasol","og_url":"https:\/\/raed.academy\/ca\/oriol-amat-assumeix-el-deganat-del-col%c2%b7legi-deconomistes-de-catalunya\/","og_site_name":"Reial Acad\u00e8mia Europea de Doctors","article_publisher":"http:\/\/fb.me\/raed.academy","article_published_time":"2021-02-11T22:50:29+00:00","article_modified_time":"2021-02-12T14:04:33+00:00","og_image":[{"width":600,"height":360,"url":"https:\/\/raed.academy\/wp-content\/uploads\/2021\/02\/col-legi-deconomistes-de-catalunya-dst.jpg","type":"image\/jpeg"}],"author":"RAED","twitter_card":"summary_large_image","twitter_creator":"@raedacademy","twitter_site":"@raedacademy","twitter_misc":{"Written by":"RAED","Est. reading time":"3 minutes"},"schema":{"@context":"https:\/\/schema.org","@graph":[{"@type":"Article","@id":"https:\/\/raed.academy\/ca\/oriol-amat-assumeix-el-deganat-del-col%c2%b7legi-deconomistes-de-catalunya\/#article","isPartOf":{"@id":"https:\/\/raed.academy\/ca\/oriol-amat-assumeix-el-deganat-del-col%c2%b7legi-deconomistes-de-catalunya\/"},"author":{"name":"RAED","@id":"https:\/\/raed.academy\/ca\/#\/schema\/person\/5a755da80d1d979fd66ba745c8702927"},"headline":"Oriol Amat assumeix el deganat del Col\u00b7legi d&#8217;Economistes de Catalunya","datePublished":"2021-02-11T22:50:29+00:00","dateModified":"2021-02-12T14:04:33+00:00","mainEntityOfPage":{"@id":"https:\/\/raed.academy\/ca\/oriol-amat-assumeix-el-deganat-del-col%c2%b7legi-deconomistes-de-catalunya\/"},"wordCount":499,"publisher":{"@id":"https:\/\/raed.academy\/ca\/#organization"},"image":{"@id":"https:\/\/raed.academy\/ca\/oriol-amat-assumeix-el-deganat-del-col%c2%b7legi-deconomistes-de-catalunya\/#primaryimage"},"thumbnailUrl":"https:\/\/raed.academy\/wp-content\/uploads\/2021\/02\/col-legi-deconomistes-de-catalunya-dst.jpg","articleSection":["Acad\u00e8mics a la societat","Econ\u00f2miques i Empresarials"],"inLanguage":"ca-ES"},{"@type":"WebPage","@id":"https:\/\/raed.academy\/ca\/oriol-amat-assumeix-el-deganat-del-col%c2%b7legi-deconomistes-de-catalunya\/","url":"https:\/\/raed.academy\/ca\/oriol-amat-assumeix-el-deganat-del-col%c2%b7legi-deconomistes-de-catalunya\/","name":"Oriol Amat assumeix el deganat del Col\u00b7legi d'Economistes de Catalunya - Reial Acad\u00e8mia Europea de Doctors","isPartOf":{"@id":"https:\/\/raed.academy\/ca\/#website"},"primaryImageOfPage":{"@id":"https:\/\/raed.academy\/ca\/oriol-amat-assumeix-el-deganat-del-col%c2%b7legi-deconomistes-de-catalunya\/#primaryimage"},"image":{"@id":"https:\/\/raed.academy\/ca\/oriol-amat-assumeix-el-deganat-del-col%c2%b7legi-deconomistes-de-catalunya\/#primaryimage"},"thumbnailUrl":"https:\/\/raed.academy\/wp-content\/uploads\/2021\/02\/col-legi-deconomistes-de-catalunya-dst.jpg","datePublished":"2021-02-11T22:50:29+00:00","dateModified":"2021-02-12T14:04:33+00:00","description":"Oriol Amat \u00e9s ratificat per l'Assemblea General Extraordin\u00e0ria del Col\u00b7legi d'Economistes de Catalunya com a nou deg\u00e0 en relleu d'Anton Gasol","breadcrumb":{"@id":"https:\/\/raed.academy\/ca\/oriol-amat-assumeix-el-deganat-del-col%c2%b7legi-deconomistes-de-catalunya\/#breadcrumb"},"inLanguage":"ca-ES","potentialAction":[{"@type":"ReadAction","target":["https:\/\/raed.academy\/ca\/oriol-amat-assumeix-el-deganat-del-col%c2%b7legi-deconomistes-de-catalunya\/"]}]},{"@type":"ImageObject","inLanguage":"ca-ES","@id":"https:\/\/raed.academy\/ca\/oriol-amat-assumeix-el-deganat-del-col%c2%b7legi-deconomistes-de-catalunya\/#primaryimage","url":"https:\/\/raed.academy\/wp-content\/uploads\/2021\/02\/col-legi-deconomistes-de-catalunya-dst.jpg","contentUrl":"https:\/\/raed.academy\/wp-content\/uploads\/2021\/02\/col-legi-deconomistes-de-catalunya-dst.jpg","width":600,"height":360},{"@type":"BreadcrumbList","@id":"https:\/\/raed.academy\/ca\/oriol-amat-assumeix-el-deganat-del-col%c2%b7legi-deconomistes-de-catalunya\/#breadcrumb","itemListElement":[{"@type":"ListItem","position":1,"name":"Inicio","item":"https:\/\/raed.academy\/ca\/"},{"@type":"ListItem","position":2,"name":"Oriol Amat assumeix el deganat del Col\u00b7legi d&#8217;Economistes de Catalunya"}]},{"@type":"WebSite","@id":"https:\/\/raed.academy\/ca\/#website","url":"https:\/\/raed.academy\/ca\/","name":"Reial Acad\u00e8mia Europea de Doctors","description":"Corporaci\u00f3n de derecho p\u00fablico de car\u00e1cter cient\u00edfico, t\u00e9cnico y art\u00edstico, que tiene por objeto la investigaci\u00f3n, el estudio, el fomento y la extensi\u00f3n del conocimiento en su sentido m\u00e1s amplio","publisher":{"@id":"https:\/\/raed.academy\/ca\/#organization"},"potentialAction":[{"@type":"SearchAction","target":{"@type":"EntryPoint","urlTemplate":"https:\/\/raed.academy\/ca\/?s={search_term_string}"},"query-input":{"@type":"PropertyValueSpecification","valueRequired":true,"valueName":"search_term_string"}}],"inLanguage":"ca-ES"},{"@type":"Organization","@id":"https:\/\/raed.academy\/ca\/#organization","name":"Real Academia Europea de Doctores","url":"https:\/\/raed.academy\/ca\/","logo":{"@type":"ImageObject","inLanguage":"ca-ES","@id":"https:\/\/raed.academy\/ca\/#\/schema\/logo\/image\/","url":"https:\/\/raed.academy\/wp-content\/uploads\/2017\/01\/cropped-logo_raed.png","contentUrl":"https:\/\/raed.academy\/wp-content\/uploads\/2017\/01\/cropped-logo_raed.png","width":512,"height":512,"caption":"Real Academia Europea de Doctores"},"image":{"@id":"https:\/\/raed.academy\/ca\/#\/schema\/logo\/image\/"},"sameAs":["http:\/\/fb.me\/raed.academy","https:\/\/x.com\/raedacademy","https:\/\/www.instagram.com\/raed.academy\/","https:\/\/www.youtube.com\/channel\/UCUYQwW2KrdirNWihxMDObwg"]},{"@type":"Person","@id":"https:\/\/raed.academy\/ca\/#\/schema\/person\/5a755da80d1d979fd66ba745c8702927","name":"RAED","image":{"@type":"ImageObject","inLanguage":"ca-ES","@id":"https:\/\/secure.gravatar.com\/avatar\/19fdfdc0d67fb9c45714b703a2ac82251c4fcea3637f002ac3c9b74c0183583c?s=96&d=mm&r=g","url":"https:\/\/secure.gravatar.com\/avatar\/19fdfdc0d67fb9c45714b703a2ac82251c4fcea3637f002ac3c9b74c0183583c?s=96&d=mm&r=g","contentUrl":"https:\/\/secure.gravatar.com\/avatar\/19fdfdc0d67fb9c45714b703a2ac82251c4fcea3637f002ac3c9b74c0183583c?s=96&d=mm&r=g","caption":"RAED"}}]}},"_links":{"self":[{"href":"https:\/\/raed.academy\/ca\/wp-json\/wp\/v2\/posts\/99599","targetHints":{"allow":["GET"]}}],"collection":[{"href":"https:\/\/raed.academy\/ca\/wp-json\/wp\/v2\/posts"}],"about":[{"href":"https:\/\/raed.academy\/ca\/wp-json\/wp\/v2\/types\/post"}],"author":[{"embeddable":true,"href":"https:\/\/raed.academy\/ca\/wp-json\/wp\/v2\/users\/12"}],"replies":[{"embeddable":true,"href":"https:\/\/raed.academy\/ca\/wp-json\/wp\/v2\/comments?post=99599"}],"version-history":[{"count":0,"href":"https:\/\/raed.academy\/ca\/wp-json\/wp\/v2\/posts\/99599\/revisions"}],"wp:featuredmedia":[{"embeddable":true,"href":"https:\/\/raed.academy\/ca\/wp-json\/wp\/v2\/media\/99531"}],"wp:attachment":[{"href":"https:\/\/raed.academy\/ca\/wp-json\/wp\/v2\/media?parent=99599"}],"wp:term":[{"taxonomy":"category","embeddable":true,"href":"https:\/\/raed.academy\/ca\/wp-json\/wp\/v2\/categories?post=99599"},{"taxonomy":"post_tag","embeddable":true,"href":"https:\/\/raed.academy\/ca\/wp-json\/wp\/v2\/tags?post=99599"}],"curies":[{"name":"wp","href":"https:\/\/api.w.org\/{rel}","templated":true}]}}