{"id":99577,"date":"2021-02-11T21:50:41","date_gmt":"2021-02-11T21:50:41","guid":{"rendered":"https:\/\/raed.academy\/?p=99577"},"modified":"2021-02-12T14:12:21","modified_gmt":"2021-02-12T14:12:21","slug":"la-figura-i-el-pensament-de-boris-cyrulnik-i-els-seus-estudis-sobre-la-resiliencia","status":"publish","type":"post","link":"https:\/\/raed.academy\/ca\/la-figura-i-el-pensament-de-boris-cyrulnik-i-els-seus-estudis-sobre-la-resiliencia\/","title":{"rendered":"La figura i el pensament de Boris Cyrulnik i els seus estudis sobre la resili\u00e8ncia"},"content":{"rendered":"<p><a href=\"https:\/\/raed.academy\/ca\/academics\/dr-joaquin-callabed-carracedo\/\" target=\"_blank\" rel=\"noopener\"><strong><em>Joaqu\u00edn Callabed<\/em><\/strong><\/a><br \/>\n<em>President del Club de Pediatria Social, acad\u00e8mic corresponent de la Reial Acad\u00e8mia de Medicina de Saragossa, de la Reial Acad\u00e8mia de Medicina de Catalunya i de la Reial Acad\u00e8mia de Nobles i Belles Arts de Sant Llu\u00eds i acad\u00e8mic de n\u00famero de la Reial Acad\u00e8mia Europea de Doctors -Barcelona 1914 (RAED)<\/em><\/p>\n<p><em>Article publicat al &#8220;Diario del Alto Arag\u00f3n&#8221; el 28 de gener de 2021<\/em><\/p>\n<p><strong>Joaqu\u00edn Callabed<\/strong>, president del <strong>Club de Pediatria Social<\/strong> i acad\u00e8mic de n\u00famero i vice-president de la Secci\u00f3 de Ci\u00e8ncies de la Salut de la <strong>Reial Acad\u00e8mia Europea de Doctors-Barcelona 1914<\/strong> (RAED), comparteix amb la comunitat acad\u00e8mica l&#8217;article <strong>&#8220;C\u00f3mo estimular la resiliencia&#8221;<\/strong>, que va publicar el passat 28 de gener al <strong>&#8220;Diario del Alto Arag\u00f3n&#8221;<\/strong>. En ell, l&#8217;acad\u00e8mic esbossa la figura i el pensament del neur\u00f2leg, psiquiatre, psicoanalista i et\u00f2leg franc\u00e8s <strong>Boris Cyrulnik<\/strong>.<\/p>\n<h4>Com estimular la resili\u00e8ncia<\/h4>\n<p>Vaig con\u00e8ixer <strong>Boris Cyrulnik<\/strong> al <strong>Palau de Congressos de Li\u00f3<\/strong> despr\u00e9s d&#8217;una confer\u00e8ncia que va pronunciar a la <strong>Societat Francesa de Pediatria<\/strong>. Va acceptar la meva sol\u00b7licitud d&#8217;entrevista i vam xerrar m\u00e9s d&#8217;una hora a la sala de premsa. Em va dedicar el seu llibre <strong>&#8220;Los patitos feos&#8221;<\/strong>.<\/p>\n<p>\u00c9s un dels m\u00e9s importants estudiosos de la resili\u00e8ncia costat de <strong>Manciaux<\/strong>, <strong>Vaninstendael<\/strong> i <strong>Lecomte<\/strong>. Persona afable, propera i molt sensible amb la inf\u00e0ncia i adolesc\u00e8ncia traumatitzada.<\/p>\n<p>Cyrulnik va estudiar Medicina a Par\u00eds i m\u00e9s tard, condu\u00eft pel desig de revaluar els esdeveniments de la seva pr\u00f2pia vida, va comen\u00e7ar a estudiar psicoan\u00e0lisi i posteriorment neuropsiquiatria. Va dedicar la seva carrera especialment al tractament de nens traumatitzats.<\/p>\n<p>La resili\u00e8ncia, diu, &#8220;\u00e9s la capacitat de fer front a les adversitats de la vida, transformar el dolor en for\u00e7a motora per enfortir-se i sortir-ne enfortit. Una persona resilient compr\u00e8n que \u00e9s l&#8217;arquitecte de la seva pr\u00f2pia alegria i del seu propi dest\u00ed&#8221;.<\/p>\n<div id=\"attachment_99557\" style=\"width: 410px\" class=\"wp-caption alignright\"><img loading=\"lazy\" decoding=\"async\" aria-describedby=\"caption-attachment-99557\" class=\"wp-image-99557\" src=\"https:\/\/raed.academy\/wp-content\/uploads\/2021\/02\/Boris-Cyrulnik-y-la-resiliencia-dstNtc.jpg\" sizes=\"(max-width: 400px) 100vw, 400px\" srcset=\"https:\/\/raed.academy\/wp-content\/uploads\/2021\/02\/Boris-Cyrulnik-y-la-resiliencia-dstNtc.jpg 500w, https:\/\/raed.academy\/wp-content\/uploads\/2021\/02\/Boris-Cyrulnik-y-la-resiliencia-dstNtc-440x264.jpg 440w\" alt=\"Boris Cyrulnik\" width=\"400\" height=\"240\" aria-describedby=\"caption-attachment-99557\" data-attachment-id=\"99557\" data-permalink=\"https:\/\/raed.academy\/como-estimular-la-resiliencia-boris-cyrulnik\/boris-cyrulnik-y-la-resiliencia-dstntc\/\" data-orig-file=\"https:\/\/raed.academy\/wp-content\/uploads\/2021\/02\/Boris-Cyrulnik-y-la-resiliencia-dstNtc.jpg\" data-orig-size=\"500,300\" data-comments-opened=\"0\" data-image-meta=\"{&quot;aperture&quot;:&quot;0&quot;,&quot;credit&quot;:&quot;&quot;,&quot;camera&quot;:&quot;&quot;,&quot;caption&quot;:&quot;&quot;,&quot;created_timestamp&quot;:&quot;0&quot;,&quot;copyright&quot;:&quot;&quot;,&quot;focal_length&quot;:&quot;0&quot;,&quot;iso&quot;:&quot;0&quot;,&quot;shutter_speed&quot;:&quot;0&quot;,&quot;title&quot;:&quot;&quot;,&quot;orientation&quot;:&quot;0&quot;}\" data-image-title=\"Boris-Cyrulnik-y-la-resiliencia-dstNtc\" data-image-description=\"\" data-medium-file=\"https:\/\/raed.academy\/wp-content\/uploads\/2021\/02\/Boris-Cyrulnik-y-la-resiliencia-dstNtc.jpg\" data-large-file=\"https:\/\/raed.academy\/wp-content\/uploads\/2021\/02\/Boris-Cyrulnik-y-la-resiliencia-dstNtc.jpg\" \/><p id=\"caption-attachment-99557\" class=\"wp-caption-text\">Dr. Boris Cyrulnik<\/p><\/div>\n<p><strong>Cyrulnik<\/strong> introdueix en la seva obra el concepte de &#8220;tutor del desenvolupament&#8221; i considera que el nen en dificultat l&#8217;accepta i t\u00e9 un paper clau en el seu desenvolupament posterior. Entre els factors que poden ajudar al desenvolupament de la resili\u00e8ncia estan:<\/p>\n<ul>\n<li>Una persona amb la qual el nen tingui un vincle fort i constructiu.<\/li>\n<li>Relacions formals i tamb\u00e9 informals amb el tutor.<\/li>\n<li>El nen necessita d&#8217;una persona que cregui en ell i descobreixi i valori les seves aptituds.<\/li>\n<li>Regles clares de comportament i que condueixin les seves actituds.<\/li>\n<li>Confian\u00e7a i un sentit de la coher\u00e8ncia.<\/li>\n<li>Escoltar i tenir en compte l&#8217;opini\u00f3 de l&#8217;infant.<\/li>\n<li>Assumir responsabilitats segons les seves possibilitats.<\/li>\n<li>Desenvolupar les seves aptituds i integrar-lo en un context social educatiu i familiar convenient.<\/li>\n<li>Acc\u00e9s a recursos diversos segons possibilitats i interessos, com biblioteques, treballs manuals, expressi\u00f3 art\u00edstica, esports.<\/li>\n<li>Cobrir les necessitats b\u00e0siques d&#8217;atenci\u00f3 sanit\u00e0ria, alimentaci\u00f3, habitatge.<\/li>\n<\/ul>\n<p>La resili\u00e8ncia pot manifestar-se arran d&#8217;una situaci\u00f3 dif\u00edcil que pot tenir or\u00edgens variats: trauma puntual com la mort d&#8217;una persona propera, trauma per abusos sexuals viscuts en la fam\u00edlia, per una limitaci\u00f3 permanent com una tetraplegia, una situaci\u00f3 de risc com els nens que viuen al carrer, etc.<\/p>\n<div id=\"attachment_84013\" style=\"width: 410px\" class=\"wp-caption alignleft\"><img loading=\"lazy\" decoding=\"async\" aria-describedby=\"caption-attachment-84013\" class=\"wp-image-84013\" src=\"https:\/\/raed.academy\/wp-content\/uploads\/2019\/11\/sesion-vacunas-en-el-siglo-XXI-aspectos-cientificos-y-sociales-3.Joaquin-Callabed.jpg\" sizes=\"(max-width: 400px) 100vw, 400px\" srcset=\"https:\/\/raed.academy\/wp-content\/uploads\/2019\/11\/sesion-vacunas-en-el-siglo-XXI-aspectos-cientificos-y-sociales-3.Joaquin-Callabed.jpg 800w, https:\/\/raed.academy\/wp-content\/uploads\/2019\/11\/sesion-vacunas-en-el-siglo-XXI-aspectos-cientificos-y-sociales-3.Joaquin-Callabed-768x513.jpg 768w\" alt=\"Joaqu\u00edn Callabed\" width=\"400\" height=\"267\" aria-describedby=\"caption-attachment-84013\" data-attachment-id=\"84013\" data-permalink=\"https:\/\/raed.academy\/infancia-en-la-francia-del-siglo-xix-joaquin-callabed\/sesion-vacunas-en-el-siglo-xxi-aspectos-cientificos-y-sociales-3-joaquin-callabed\/\" data-orig-file=\"https:\/\/raed.academy\/wp-content\/uploads\/2019\/11\/sesion-vacunas-en-el-siglo-XXI-aspectos-cientificos-y-sociales-3.Joaquin-Callabed.jpg\" data-orig-size=\"800,534\" data-comments-opened=\"0\" data-image-meta=\"{&quot;aperture&quot;:&quot;0&quot;,&quot;credit&quot;:&quot;&quot;,&quot;camera&quot;:&quot;&quot;,&quot;caption&quot;:&quot;&quot;,&quot;created_timestamp&quot;:&quot;0&quot;,&quot;copyright&quot;:&quot;&quot;,&quot;focal_length&quot;:&quot;0&quot;,&quot;iso&quot;:&quot;0&quot;,&quot;shutter_speed&quot;:&quot;0&quot;,&quot;title&quot;:&quot;&quot;,&quot;orientation&quot;:&quot;0&quot;}\" data-image-title=\"sesion-vacunas-en-el-siglo-XXI-aspectos-cientificos-y-sociales-3.Joaquin-Callabed\" data-image-description=\"\" data-medium-file=\"https:\/\/raed.academy\/wp-content\/uploads\/2019\/11\/sesion-vacunas-en-el-siglo-XXI-aspectos-cientificos-y-sociales-3.Joaquin-Callabed.jpg\" data-large-file=\"https:\/\/raed.academy\/wp-content\/uploads\/2019\/11\/sesion-vacunas-en-el-siglo-XXI-aspectos-cientificos-y-sociales-3.Joaquin-Callabed.jpg\" \/><p id=\"caption-attachment-84013\" class=\"wp-caption-text\">Dr. Joaqu\u00edn Callabed<\/p><\/div>\n<p>Entre les recomanacions per a l&#8217;abordatge de la resili\u00e8ncia estan:<\/p>\n<ul>\n<li>&#8220;Primun non nocere&#8221; (primer no fer mal).<\/li>\n<li>No categoritzar ni etiquetar i fer judicis definitius. Diagn\u00f2stic preco\u00e7 no \u00e9s sin\u00f2nim de pron\u00f2stic prematur.<\/li>\n<li>No culpar els que destru\u00efts per la vida desenvolupen comportaments aberrants perillosos o socialment inacceptables.<\/li>\n<li>No veure nom\u00e9s problemes, sin\u00f3 mobilitzar tamb\u00e9 els recursos.<\/li>\n<li>No tenir en compte nom\u00e9s s\u00edmptomes f\u00edsics o mentals.<\/li>\n<li>Acceptar la persona encara que no admetem el seu comportament.<\/li>\n<\/ul>\n<p>Boris Cyrulnik diu que cal sembrar llavors d&#8217;esperan\u00e7a al cor de les persones, d&#8217;una altra manera \u00e9s impossible conrear felicitat. Cita una frase d&#8217;<strong>Albert Camus<\/strong> com a exemple de tutor de resili\u00e8ncia sobre un mestre que el va ajudar en la seva dif\u00edcil inf\u00e0ncia: &#8220;Sense vost\u00e8, sense la m\u00e0 afectuosa que li va parar a l&#8217;infant pobre que era jo, sense el seu ensenyament i el seu exemple no hagu\u00e9s passat res de tot aix\u00f2&#8221;.<\/p>\n<p>L&#8217;\u00faltima frase que prenc \u00e9s molt bella: &#8220;La vida \u00e9s una artesania que es construeix al voltant d&#8217;una transcend\u00e8ncia&#8221;.<\/p>\n","protected":false},"excerpt":{"rendered":"<p>Joaqu\u00edn Callabed esbossa la figura i el pensament del neur\u00f2leg, psiquiatre, psicoanalista i et\u00f2leg franc\u00e8s Boris Cyrulnik, i els seus estudis sobre la resili\u00e8ncia<\/p>\n","protected":false},"author":12,"featured_media":99558,"comment_status":"closed","ping_status":"closed","sticky":false,"template":"","format":"standard","meta":{"_et_pb_use_builder":"","_et_pb_old_content":"","_et_gb_content_width":"","footnotes":""},"categories":[316],"tags":[],"class_list":["post-99577","post","type-post","status-publish","format-standard","has-post-thumbnail","hentry","category-docencia-ca","et-has-post-format-content","et_post_format-et-post-format-standard"],"yoast_head":"<!-- This site is optimized with the Yoast SEO plugin v27.4 - https:\/\/yoast.com\/product\/yoast-seo-wordpress\/ -->\n<title>La figura i el pensament de Boris Cyrulnik i els seus estudis sobre la resili\u00e8ncia - Reial Acad\u00e8mia Europea de Doctors<\/title>\n<meta name=\"description\" content=\"Joaqu\u00edn Callabed sobre el neur\u00f2leg, psiquiatre, psicoanalista i et\u00f2leg franc\u00e8s Boris Cyrulnik, i els seus estudis sobre la resili\u00e8ncia\" \/>\n<meta name=\"robots\" content=\"index, follow, max-snippet:-1, max-image-preview:large, max-video-preview:-1\" \/>\n<link rel=\"canonical\" href=\"https:\/\/raed.academy\/ca\/la-figura-i-el-pensament-de-boris-cyrulnik-i-els-seus-estudis-sobre-la-resiliencia\/\" \/>\n<meta property=\"og:locale\" content=\"ca_ES\" \/>\n<meta property=\"og:type\" content=\"article\" \/>\n<meta property=\"og:title\" content=\"La figura i el pensament de Boris Cyrulnik i els seus estudis sobre la resili\u00e8ncia - Reial Acad\u00e8mia Europea de Doctors\" \/>\n<meta property=\"og:description\" content=\"Joaqu\u00edn Callabed sobre el neur\u00f2leg, psiquiatre, psicoanalista i et\u00f2leg franc\u00e8s Boris Cyrulnik, i els seus estudis sobre la resili\u00e8ncia\" \/>\n<meta property=\"og:url\" content=\"https:\/\/raed.academy\/ca\/la-figura-i-el-pensament-de-boris-cyrulnik-i-els-seus-estudis-sobre-la-resiliencia\/\" \/>\n<meta property=\"og:site_name\" content=\"Reial Acad\u00e8mia Europea de Doctors\" \/>\n<meta property=\"article:publisher\" content=\"http:\/\/fb.me\/raed.academy\" \/>\n<meta property=\"article:published_time\" content=\"2021-02-11T21:50:41+00:00\" \/>\n<meta property=\"article:modified_time\" content=\"2021-02-12T14:12:21+00:00\" \/>\n<meta property=\"og:image\" content=\"https:\/\/raed.academy\/wp-content\/uploads\/2021\/02\/Boris-Cyrulnik-y-la-resiliencia-dstNtc.jpg\" \/>\n\t<meta property=\"og:image:width\" content=\"500\" \/>\n\t<meta property=\"og:image:height\" content=\"300\" \/>\n\t<meta property=\"og:image:type\" content=\"image\/jpeg\" \/>\n<meta name=\"author\" content=\"RAED\" \/>\n<meta name=\"twitter:card\" content=\"summary_large_image\" \/>\n<meta name=\"twitter:creator\" content=\"@raedacademy\" \/>\n<meta name=\"twitter:site\" content=\"@raedacademy\" \/>\n<meta name=\"twitter:label1\" content=\"Written by\" \/>\n\t<meta name=\"twitter:data1\" content=\"RAED\" \/>\n\t<meta name=\"twitter:label2\" content=\"Est. reading time\" \/>\n\t<meta name=\"twitter:data2\" content=\"4 minutes\" \/>\n<script type=\"application\/ld+json\" class=\"yoast-schema-graph\">{\"@context\":\"https:\\\/\\\/schema.org\",\"@graph\":[{\"@type\":\"Article\",\"@id\":\"https:\\\/\\\/raed.academy\\\/ca\\\/la-figura-i-el-pensament-de-boris-cyrulnik-i-els-seus-estudis-sobre-la-resiliencia\\\/#article\",\"isPartOf\":{\"@id\":\"https:\\\/\\\/raed.academy\\\/ca\\\/la-figura-i-el-pensament-de-boris-cyrulnik-i-els-seus-estudis-sobre-la-resiliencia\\\/\"},\"author\":{\"name\":\"RAED\",\"@id\":\"https:\\\/\\\/raed.academy\\\/ca\\\/#\\\/schema\\\/person\\\/5a755da80d1d979fd66ba745c8702927\"},\"headline\":\"La figura i el pensament de Boris Cyrulnik i els seus estudis sobre la resili\u00e8ncia\",\"datePublished\":\"2021-02-11T21:50:41+00:00\",\"dateModified\":\"2021-02-12T14:12:21+00:00\",\"mainEntityOfPage\":{\"@id\":\"https:\\\/\\\/raed.academy\\\/ca\\\/la-figura-i-el-pensament-de-boris-cyrulnik-i-els-seus-estudis-sobre-la-resiliencia\\\/\"},\"wordCount\":785,\"publisher\":{\"@id\":\"https:\\\/\\\/raed.academy\\\/ca\\\/#organization\"},\"image\":{\"@id\":\"https:\\\/\\\/raed.academy\\\/ca\\\/la-figura-i-el-pensament-de-boris-cyrulnik-i-els-seus-estudis-sobre-la-resiliencia\\\/#primaryimage\"},\"thumbnailUrl\":\"https:\\\/\\\/raed.academy\\\/wp-content\\\/uploads\\\/2021\\\/02\\\/Boris-Cyrulnik-y-la-resiliencia-dstNtc.jpg\",\"articleSection\":[\"Doc\u00e8ncia\"],\"inLanguage\":\"ca-ES\"},{\"@type\":\"WebPage\",\"@id\":\"https:\\\/\\\/raed.academy\\\/ca\\\/la-figura-i-el-pensament-de-boris-cyrulnik-i-els-seus-estudis-sobre-la-resiliencia\\\/\",\"url\":\"https:\\\/\\\/raed.academy\\\/ca\\\/la-figura-i-el-pensament-de-boris-cyrulnik-i-els-seus-estudis-sobre-la-resiliencia\\\/\",\"name\":\"La figura i el pensament de Boris Cyrulnik i els seus estudis sobre la resili\u00e8ncia - Reial Acad\u00e8mia Europea de Doctors\",\"isPartOf\":{\"@id\":\"https:\\\/\\\/raed.academy\\\/ca\\\/#website\"},\"primaryImageOfPage\":{\"@id\":\"https:\\\/\\\/raed.academy\\\/ca\\\/la-figura-i-el-pensament-de-boris-cyrulnik-i-els-seus-estudis-sobre-la-resiliencia\\\/#primaryimage\"},\"image\":{\"@id\":\"https:\\\/\\\/raed.academy\\\/ca\\\/la-figura-i-el-pensament-de-boris-cyrulnik-i-els-seus-estudis-sobre-la-resiliencia\\\/#primaryimage\"},\"thumbnailUrl\":\"https:\\\/\\\/raed.academy\\\/wp-content\\\/uploads\\\/2021\\\/02\\\/Boris-Cyrulnik-y-la-resiliencia-dstNtc.jpg\",\"datePublished\":\"2021-02-11T21:50:41+00:00\",\"dateModified\":\"2021-02-12T14:12:21+00:00\",\"description\":\"Joaqu\u00edn Callabed sobre el neur\u00f2leg, psiquiatre, psicoanalista i et\u00f2leg franc\u00e8s Boris Cyrulnik, i els seus estudis sobre la resili\u00e8ncia\",\"breadcrumb\":{\"@id\":\"https:\\\/\\\/raed.academy\\\/ca\\\/la-figura-i-el-pensament-de-boris-cyrulnik-i-els-seus-estudis-sobre-la-resiliencia\\\/#breadcrumb\"},\"inLanguage\":\"ca-ES\",\"potentialAction\":[{\"@type\":\"ReadAction\",\"target\":[\"https:\\\/\\\/raed.academy\\\/ca\\\/la-figura-i-el-pensament-de-boris-cyrulnik-i-els-seus-estudis-sobre-la-resiliencia\\\/\"]}]},{\"@type\":\"ImageObject\",\"inLanguage\":\"ca-ES\",\"@id\":\"https:\\\/\\\/raed.academy\\\/ca\\\/la-figura-i-el-pensament-de-boris-cyrulnik-i-els-seus-estudis-sobre-la-resiliencia\\\/#primaryimage\",\"url\":\"https:\\\/\\\/raed.academy\\\/wp-content\\\/uploads\\\/2021\\\/02\\\/Boris-Cyrulnik-y-la-resiliencia-dstNtc.jpg\",\"contentUrl\":\"https:\\\/\\\/raed.academy\\\/wp-content\\\/uploads\\\/2021\\\/02\\\/Boris-Cyrulnik-y-la-resiliencia-dstNtc.jpg\",\"width\":500,\"height\":300,\"caption\":\"BorisCyrulnik\"},{\"@type\":\"BreadcrumbList\",\"@id\":\"https:\\\/\\\/raed.academy\\\/ca\\\/la-figura-i-el-pensament-de-boris-cyrulnik-i-els-seus-estudis-sobre-la-resiliencia\\\/#breadcrumb\",\"itemListElement\":[{\"@type\":\"ListItem\",\"position\":1,\"name\":\"Inicio\",\"item\":\"https:\\\/\\\/raed.academy\\\/ca\\\/\"},{\"@type\":\"ListItem\",\"position\":2,\"name\":\"La figura i el pensament de Boris Cyrulnik i els seus estudis sobre la resili\u00e8ncia\"}]},{\"@type\":\"WebSite\",\"@id\":\"https:\\\/\\\/raed.academy\\\/ca\\\/#website\",\"url\":\"https:\\\/\\\/raed.academy\\\/ca\\\/\",\"name\":\"Reial Acad\u00e8mia Europea de Doctors\",\"description\":\"Corporaci\u00f3n de derecho p\u00fablico de car\u00e1cter cient\u00edfico, t\u00e9cnico y art\u00edstico, que tiene por objeto la investigaci\u00f3n, el estudio, el fomento y la extensi\u00f3n del conocimiento en su sentido m\u00e1s amplio\",\"publisher\":{\"@id\":\"https:\\\/\\\/raed.academy\\\/ca\\\/#organization\"},\"potentialAction\":[{\"@type\":\"SearchAction\",\"target\":{\"@type\":\"EntryPoint\",\"urlTemplate\":\"https:\\\/\\\/raed.academy\\\/ca\\\/?s={search_term_string}\"},\"query-input\":{\"@type\":\"PropertyValueSpecification\",\"valueRequired\":true,\"valueName\":\"search_term_string\"}}],\"inLanguage\":\"ca-ES\"},{\"@type\":\"Organization\",\"@id\":\"https:\\\/\\\/raed.academy\\\/ca\\\/#organization\",\"name\":\"Real Academia Europea de Doctores\",\"url\":\"https:\\\/\\\/raed.academy\\\/ca\\\/\",\"logo\":{\"@type\":\"ImageObject\",\"inLanguage\":\"ca-ES\",\"@id\":\"https:\\\/\\\/raed.academy\\\/ca\\\/#\\\/schema\\\/logo\\\/image\\\/\",\"url\":\"https:\\\/\\\/raed.academy\\\/wp-content\\\/uploads\\\/2017\\\/01\\\/cropped-logo_raed.png\",\"contentUrl\":\"https:\\\/\\\/raed.academy\\\/wp-content\\\/uploads\\\/2017\\\/01\\\/cropped-logo_raed.png\",\"width\":512,\"height\":512,\"caption\":\"Real Academia Europea de Doctores\"},\"image\":{\"@id\":\"https:\\\/\\\/raed.academy\\\/ca\\\/#\\\/schema\\\/logo\\\/image\\\/\"},\"sameAs\":[\"http:\\\/\\\/fb.me\\\/raed.academy\",\"https:\\\/\\\/x.com\\\/raedacademy\",\"https:\\\/\\\/www.instagram.com\\\/raed.academy\\\/\",\"https:\\\/\\\/www.youtube.com\\\/channel\\\/UCUYQwW2KrdirNWihxMDObwg\"]},{\"@type\":\"Person\",\"@id\":\"https:\\\/\\\/raed.academy\\\/ca\\\/#\\\/schema\\\/person\\\/5a755da80d1d979fd66ba745c8702927\",\"name\":\"RAED\",\"image\":{\"@type\":\"ImageObject\",\"inLanguage\":\"ca-ES\",\"@id\":\"https:\\\/\\\/secure.gravatar.com\\\/avatar\\\/19fdfdc0d67fb9c45714b703a2ac82251c4fcea3637f002ac3c9b74c0183583c?s=96&d=mm&r=g\",\"url\":\"https:\\\/\\\/secure.gravatar.com\\\/avatar\\\/19fdfdc0d67fb9c45714b703a2ac82251c4fcea3637f002ac3c9b74c0183583c?s=96&d=mm&r=g\",\"contentUrl\":\"https:\\\/\\\/secure.gravatar.com\\\/avatar\\\/19fdfdc0d67fb9c45714b703a2ac82251c4fcea3637f002ac3c9b74c0183583c?s=96&d=mm&r=g\",\"caption\":\"RAED\"}}]}<\/script>\n<!-- \/ Yoast SEO plugin. -->","yoast_head_json":{"title":"La figura i el pensament de Boris Cyrulnik i els seus estudis sobre la resili\u00e8ncia - Reial Acad\u00e8mia Europea de Doctors","description":"Joaqu\u00edn Callabed sobre el neur\u00f2leg, psiquiatre, psicoanalista i et\u00f2leg franc\u00e8s Boris Cyrulnik, i els seus estudis sobre la resili\u00e8ncia","robots":{"index":"index","follow":"follow","max-snippet":"max-snippet:-1","max-image-preview":"max-image-preview:large","max-video-preview":"max-video-preview:-1"},"canonical":"https:\/\/raed.academy\/ca\/la-figura-i-el-pensament-de-boris-cyrulnik-i-els-seus-estudis-sobre-la-resiliencia\/","og_locale":"ca_ES","og_type":"article","og_title":"La figura i el pensament de Boris Cyrulnik i els seus estudis sobre la resili\u00e8ncia - Reial Acad\u00e8mia Europea de Doctors","og_description":"Joaqu\u00edn Callabed sobre el neur\u00f2leg, psiquiatre, psicoanalista i et\u00f2leg franc\u00e8s Boris Cyrulnik, i els seus estudis sobre la resili\u00e8ncia","og_url":"https:\/\/raed.academy\/ca\/la-figura-i-el-pensament-de-boris-cyrulnik-i-els-seus-estudis-sobre-la-resiliencia\/","og_site_name":"Reial Acad\u00e8mia Europea de Doctors","article_publisher":"http:\/\/fb.me\/raed.academy","article_published_time":"2021-02-11T21:50:41+00:00","article_modified_time":"2021-02-12T14:12:21+00:00","og_image":[{"width":500,"height":300,"url":"https:\/\/raed.academy\/wp-content\/uploads\/2021\/02\/Boris-Cyrulnik-y-la-resiliencia-dstNtc.jpg","type":"image\/jpeg"}],"author":"RAED","twitter_card":"summary_large_image","twitter_creator":"@raedacademy","twitter_site":"@raedacademy","twitter_misc":{"Written by":"RAED","Est. reading time":"4 minutes"},"schema":{"@context":"https:\/\/schema.org","@graph":[{"@type":"Article","@id":"https:\/\/raed.academy\/ca\/la-figura-i-el-pensament-de-boris-cyrulnik-i-els-seus-estudis-sobre-la-resiliencia\/#article","isPartOf":{"@id":"https:\/\/raed.academy\/ca\/la-figura-i-el-pensament-de-boris-cyrulnik-i-els-seus-estudis-sobre-la-resiliencia\/"},"author":{"name":"RAED","@id":"https:\/\/raed.academy\/ca\/#\/schema\/person\/5a755da80d1d979fd66ba745c8702927"},"headline":"La figura i el pensament de Boris Cyrulnik i els seus estudis sobre la resili\u00e8ncia","datePublished":"2021-02-11T21:50:41+00:00","dateModified":"2021-02-12T14:12:21+00:00","mainEntityOfPage":{"@id":"https:\/\/raed.academy\/ca\/la-figura-i-el-pensament-de-boris-cyrulnik-i-els-seus-estudis-sobre-la-resiliencia\/"},"wordCount":785,"publisher":{"@id":"https:\/\/raed.academy\/ca\/#organization"},"image":{"@id":"https:\/\/raed.academy\/ca\/la-figura-i-el-pensament-de-boris-cyrulnik-i-els-seus-estudis-sobre-la-resiliencia\/#primaryimage"},"thumbnailUrl":"https:\/\/raed.academy\/wp-content\/uploads\/2021\/02\/Boris-Cyrulnik-y-la-resiliencia-dstNtc.jpg","articleSection":["Doc\u00e8ncia"],"inLanguage":"ca-ES"},{"@type":"WebPage","@id":"https:\/\/raed.academy\/ca\/la-figura-i-el-pensament-de-boris-cyrulnik-i-els-seus-estudis-sobre-la-resiliencia\/","url":"https:\/\/raed.academy\/ca\/la-figura-i-el-pensament-de-boris-cyrulnik-i-els-seus-estudis-sobre-la-resiliencia\/","name":"La figura i el pensament de Boris Cyrulnik i els seus estudis sobre la resili\u00e8ncia - Reial Acad\u00e8mia Europea de Doctors","isPartOf":{"@id":"https:\/\/raed.academy\/ca\/#website"},"primaryImageOfPage":{"@id":"https:\/\/raed.academy\/ca\/la-figura-i-el-pensament-de-boris-cyrulnik-i-els-seus-estudis-sobre-la-resiliencia\/#primaryimage"},"image":{"@id":"https:\/\/raed.academy\/ca\/la-figura-i-el-pensament-de-boris-cyrulnik-i-els-seus-estudis-sobre-la-resiliencia\/#primaryimage"},"thumbnailUrl":"https:\/\/raed.academy\/wp-content\/uploads\/2021\/02\/Boris-Cyrulnik-y-la-resiliencia-dstNtc.jpg","datePublished":"2021-02-11T21:50:41+00:00","dateModified":"2021-02-12T14:12:21+00:00","description":"Joaqu\u00edn Callabed sobre el neur\u00f2leg, psiquiatre, psicoanalista i et\u00f2leg franc\u00e8s Boris Cyrulnik, i els seus estudis sobre la resili\u00e8ncia","breadcrumb":{"@id":"https:\/\/raed.academy\/ca\/la-figura-i-el-pensament-de-boris-cyrulnik-i-els-seus-estudis-sobre-la-resiliencia\/#breadcrumb"},"inLanguage":"ca-ES","potentialAction":[{"@type":"ReadAction","target":["https:\/\/raed.academy\/ca\/la-figura-i-el-pensament-de-boris-cyrulnik-i-els-seus-estudis-sobre-la-resiliencia\/"]}]},{"@type":"ImageObject","inLanguage":"ca-ES","@id":"https:\/\/raed.academy\/ca\/la-figura-i-el-pensament-de-boris-cyrulnik-i-els-seus-estudis-sobre-la-resiliencia\/#primaryimage","url":"https:\/\/raed.academy\/wp-content\/uploads\/2021\/02\/Boris-Cyrulnik-y-la-resiliencia-dstNtc.jpg","contentUrl":"https:\/\/raed.academy\/wp-content\/uploads\/2021\/02\/Boris-Cyrulnik-y-la-resiliencia-dstNtc.jpg","width":500,"height":300,"caption":"BorisCyrulnik"},{"@type":"BreadcrumbList","@id":"https:\/\/raed.academy\/ca\/la-figura-i-el-pensament-de-boris-cyrulnik-i-els-seus-estudis-sobre-la-resiliencia\/#breadcrumb","itemListElement":[{"@type":"ListItem","position":1,"name":"Inicio","item":"https:\/\/raed.academy\/ca\/"},{"@type":"ListItem","position":2,"name":"La figura i el pensament de Boris Cyrulnik i els seus estudis sobre la resili\u00e8ncia"}]},{"@type":"WebSite","@id":"https:\/\/raed.academy\/ca\/#website","url":"https:\/\/raed.academy\/ca\/","name":"Reial Acad\u00e8mia Europea de Doctors","description":"Corporaci\u00f3n de derecho p\u00fablico de car\u00e1cter cient\u00edfico, t\u00e9cnico y art\u00edstico, que tiene por objeto la investigaci\u00f3n, el estudio, el fomento y la extensi\u00f3n del conocimiento en su sentido m\u00e1s amplio","publisher":{"@id":"https:\/\/raed.academy\/ca\/#organization"},"potentialAction":[{"@type":"SearchAction","target":{"@type":"EntryPoint","urlTemplate":"https:\/\/raed.academy\/ca\/?s={search_term_string}"},"query-input":{"@type":"PropertyValueSpecification","valueRequired":true,"valueName":"search_term_string"}}],"inLanguage":"ca-ES"},{"@type":"Organization","@id":"https:\/\/raed.academy\/ca\/#organization","name":"Real Academia Europea de Doctores","url":"https:\/\/raed.academy\/ca\/","logo":{"@type":"ImageObject","inLanguage":"ca-ES","@id":"https:\/\/raed.academy\/ca\/#\/schema\/logo\/image\/","url":"https:\/\/raed.academy\/wp-content\/uploads\/2017\/01\/cropped-logo_raed.png","contentUrl":"https:\/\/raed.academy\/wp-content\/uploads\/2017\/01\/cropped-logo_raed.png","width":512,"height":512,"caption":"Real Academia Europea de Doctores"},"image":{"@id":"https:\/\/raed.academy\/ca\/#\/schema\/logo\/image\/"},"sameAs":["http:\/\/fb.me\/raed.academy","https:\/\/x.com\/raedacademy","https:\/\/www.instagram.com\/raed.academy\/","https:\/\/www.youtube.com\/channel\/UCUYQwW2KrdirNWihxMDObwg"]},{"@type":"Person","@id":"https:\/\/raed.academy\/ca\/#\/schema\/person\/5a755da80d1d979fd66ba745c8702927","name":"RAED","image":{"@type":"ImageObject","inLanguage":"ca-ES","@id":"https:\/\/secure.gravatar.com\/avatar\/19fdfdc0d67fb9c45714b703a2ac82251c4fcea3637f002ac3c9b74c0183583c?s=96&d=mm&r=g","url":"https:\/\/secure.gravatar.com\/avatar\/19fdfdc0d67fb9c45714b703a2ac82251c4fcea3637f002ac3c9b74c0183583c?s=96&d=mm&r=g","contentUrl":"https:\/\/secure.gravatar.com\/avatar\/19fdfdc0d67fb9c45714b703a2ac82251c4fcea3637f002ac3c9b74c0183583c?s=96&d=mm&r=g","caption":"RAED"}}]}},"_links":{"self":[{"href":"https:\/\/raed.academy\/ca\/wp-json\/wp\/v2\/posts\/99577","targetHints":{"allow":["GET"]}}],"collection":[{"href":"https:\/\/raed.academy\/ca\/wp-json\/wp\/v2\/posts"}],"about":[{"href":"https:\/\/raed.academy\/ca\/wp-json\/wp\/v2\/types\/post"}],"author":[{"embeddable":true,"href":"https:\/\/raed.academy\/ca\/wp-json\/wp\/v2\/users\/12"}],"replies":[{"embeddable":true,"href":"https:\/\/raed.academy\/ca\/wp-json\/wp\/v2\/comments?post=99577"}],"version-history":[{"count":0,"href":"https:\/\/raed.academy\/ca\/wp-json\/wp\/v2\/posts\/99577\/revisions"}],"wp:featuredmedia":[{"embeddable":true,"href":"https:\/\/raed.academy\/ca\/wp-json\/wp\/v2\/media\/99558"}],"wp:attachment":[{"href":"https:\/\/raed.academy\/ca\/wp-json\/wp\/v2\/media?parent=99577"}],"wp:term":[{"taxonomy":"category","embeddable":true,"href":"https:\/\/raed.academy\/ca\/wp-json\/wp\/v2\/categories?post=99577"},{"taxonomy":"post_tag","embeddable":true,"href":"https:\/\/raed.academy\/ca\/wp-json\/wp\/v2\/tags?post=99577"}],"curies":[{"name":"wp","href":"https:\/\/api.w.org\/{rel}","templated":true}]}}