{"id":99368,"date":"2021-02-04T23:51:08","date_gmt":"2021-02-04T23:51:08","guid":{"rendered":"https:\/\/raed.academy\/?p=99368"},"modified":"2021-02-05T17:29:14","modified_gmt":"2021-02-05T17:29:14","slug":"de-les-academies-a-la-societat","status":"publish","type":"post","link":"https:\/\/raed.academy\/ca\/de-les-academies-a-la-societat\/","title":{"rendered":"De les acad\u00e8mies a la societat"},"content":{"rendered":"<p><img loading=\"lazy\" decoding=\"async\" class=\"aligncenter size-full wp-image-99388\" src=\"https:\/\/raed.academy\/wp-content\/uploads\/2021\/02\/Sesion-Inaugural-del-Curso-interacademico-2021-1000x420-1.jpg\" sizes=\"(max-width: 1000px) 100vw, 1000px\" srcset=\"https:\/\/raed.academy\/wp-content\/uploads\/2021\/02\/Sesion-Inaugural-del-Curso-interacademico-2021-1000x420-1.jpg 1000w, https:\/\/raed.academy\/wp-content\/uploads\/2021\/02\/Sesion-Inaugural-del-Curso-interacademico-2021-1000x420-1-768x323.jpg 768w\" alt=\"Sesion Inaugural del Curso interacademico 2021\" width=\"1000\" height=\"420\" data-attachment-id=\"99388\" data-permalink=\"https:\/\/raed.academy\/de-las-academias-a-la-sociedad\/sesion-inaugural-del-curso-interacademico-2021-1000x420\/\" data-orig-file=\"https:\/\/raed.academy\/wp-content\/uploads\/2021\/02\/Sesion-Inaugural-del-Curso-interacademico-2021-1000x420-1.jpg\" data-orig-size=\"1000,420\" data-comments-opened=\"0\" data-image-meta=\"{&quot;aperture&quot;:&quot;0&quot;,&quot;credit&quot;:&quot;&quot;,&quot;camera&quot;:&quot;&quot;,&quot;caption&quot;:&quot;&quot;,&quot;created_timestamp&quot;:&quot;0&quot;,&quot;copyright&quot;:&quot;&quot;,&quot;focal_length&quot;:&quot;0&quot;,&quot;iso&quot;:&quot;0&quot;,&quot;shutter_speed&quot;:&quot;0&quot;,&quot;title&quot;:&quot;&quot;,&quot;orientation&quot;:&quot;0&quot;}\" data-image-title=\"Sesion Inaugural del Curso interacademico 2021-1000\u00d7420\" data-image-description=\"\" data-medium-file=\"https:\/\/raed.academy\/wp-content\/uploads\/2021\/02\/Sesion-Inaugural-del-Curso-interacademico-2021-1000x420-1.jpg\" data-large-file=\"https:\/\/raed.academy\/wp-content\/uploads\/2021\/02\/Sesion-Inaugural-del-Curso-interacademico-2021-1000x420-1.jpg\" \/><\/p>\n<p><a href=\"https:\/\/raed.academy\/ca\/academics\/dr-alfredo-rocafort-nicolau\/\" target=\"_blank\" rel=\"noopener\"><strong><em>Alfredo Rocafort<\/em><\/strong><\/a><br \/>\n<em>Catedr\u00e0tic de la Facultat d&#8217;Economia i Empresa de la Universitat de Barcelona i acad\u00e8mic de n\u00famero i president de la Junta de Govern de la Reial Acad\u00e8mia Europea de Doctors-Barcelona 1914 (RAED)<\/em><\/p>\n<p><a href=\"https:\/\/raed.academy\/ca\/academics\/dra-maria-dels-angels-calvo-torras\/\" target=\"_blank\" rel=\"noopener\"><strong><em>Maria \u00c0ngels Calvo<\/em><\/strong><\/a><br \/>\n<em>Catedr\u00e0tica de la Facultat de Veterin\u00e0ria de la Universitat Aut\u00f2noma de Barcelona, \u200b\u200bacad\u00e8mica de n\u00famero de la Reial Acad\u00e8mia de Medicina de Catalunya, de la Reial Acad\u00e8mia de Farm\u00e0cia de Catalunya, de l&#8217;Acad\u00e8mia de Ci\u00e8ncies Veterin\u00e0ries de Catalunya, de la Reial Acad\u00e8mia de Doctors de Espanya i acad\u00e8mica de n\u00famero i vice-presidenta de la Reial Acad\u00e8mia Europea de Doctors-Barcelona 1914 (RAED)<\/em><\/p>\n<p><a href=\"https:\/\/raed.academy\/ca\/academics\/dr-pere-costa-batllori\/\" target=\"_blank\" rel=\"noopener\"><strong><em>Pere Costa Batllori<\/em><\/strong><\/a><br \/>\n<em>Catedr\u00e0tic em\u00e8rit de l&#8217;Escola Superior d&#8217;Agricultura de la Universitat Polit\u00e8cnica de Catalunya i professor de la Facultat de Veterin\u00e0ria de la Universitat Aut\u00f2noma de Barcelona, \u200b\u200bacad\u00e8mic de la Reial Acad\u00e8mia de Veterin\u00e0ria d&#8217;Espanya i de la Reial Academia de Medicina de Catalunya, acad\u00e8mic d&#8217;honor de l&#8217;Acad\u00e8mia de Ci\u00e8ncies Veterin\u00e0ries de Catalunya i acad\u00e8mic em\u00e8rit de la Reial Acad\u00e8mia Europea de Doctors-Barcelona 1914 (RAED)<\/em><\/p>\n<p><a href=\"https:\/\/raed.academy\/ca\/academics\/dr-alfredo-rocafort-nicolau\/\" target=\"_blank\" rel=\"noopener\"><strong><em>Alfredo Rocafort<\/em><\/strong><\/a>, catedr\u00e0tic de la Facultat d&#8217;Economia i Empresa de la <strong>Universitat de Barcelona<\/strong> i acad\u00e8mic de n\u00famero i president de la <strong>Reial Acad\u00e8mia Europea de Doctors-Barcelona 1914<\/strong> (RAED), i <strong>Maria \u00c0ngels Calvo<\/strong>, catedr\u00e0tica de la Facultat de Veterin\u00e0ria de la <strong>Universitat Aut\u00f2noma de Barcelona<\/strong>, \u200b\u200bacad\u00e8mica de n\u00famero de la <strong>Reial Acad\u00e8mia de Medicina de Catalunya<\/strong>, de la <strong>Reial Acad\u00e8mia de Farm\u00e0cia de Catalunya<\/strong>, acad\u00e8mica i secret\u00e0ria general de l&#8217;<strong>Acad\u00e8mia de Ci\u00e8ncies Veterin\u00e0ries de Catalunya<\/strong> i acad\u00e8mica de n\u00famero i vice-presidenta de la RAED, van encap\u00e7alar el passat 28 de gener la solemne sessi\u00f3 inaugural del curs interacad\u00e8mic 2021, organitzat pel <strong>Consell Interacad\u00e8mic de Catalunya<\/strong>.<\/p>\n<p>Al costat d&#8217;ells, <a href=\"https:\/\/raed.academy\/ca\/academics\/dr-pere-costa-batllori\/\" target=\"_blank\" rel=\"noopener\"><strong><em>Pere Costa Batllori<\/em><\/strong><\/a>, catedr\u00e0tic em\u00e8rit de l&#8217;<strong>Escola Superior d&#8217;Agricultura<\/strong> de la <strong>Universitat Polit\u00e8cnica de Catalunya<\/strong>, professor de la Facultat de Veterin\u00e0ria de la Universitat Aut\u00f2noma de Barcelona i acad\u00e8mic d&#8217;honor de l&#8217;Acad\u00e8mia de Ci\u00e8ncies Veterin\u00e0ries de Catalunya i em\u00e8rit de la RAED, va participar en la sessi\u00f3 pronunciant la confer\u00e8ncia inaugural amb el t\u00edtol <strong>&#8220;Reflexions i suggeriments per al futur&#8221;<\/strong>. Tamb\u00e9 es van sumar a la inauguraci\u00f3 <strong>Josep Llupi\u00e0<\/strong>, president de l&#8217;Acad\u00e8mia de Ci\u00e8ncies Veterin\u00e0ries, que va exercir d&#8217;amfitri\u00f3 en celebrar-se la sessi\u00f3 a la seva seu, i <strong>Xavier Bernad\u00ed<\/strong>, director general de Dret i Entitats Jur\u00eddiques del <strong>Departament de Just\u00edcia<\/strong> de la <strong>Generalitat de Catalunya<\/strong>. La sessi\u00f3 va haver de celebrar-se en format telem\u00e0tic a causa de les restriccions i recomanacions de les autoritats sanit\u00e0ries. S&#8217;hi va poder seguir per streaming a trav\u00e9s del canal de <strong>YouTube<\/strong> de l&#8217;Acad\u00e8mia de Ci\u00e8ncies Veterin\u00e0ries de Catalunya, on roman disponible per a la seva visualitzaci\u00f3.<\/p>\n<p>En la seva intervenci\u00f3, Rocafort va recordar com la RAED va ser la responsable d&#8217;inaugurar l&#8217;anterior curs interacad\u00e8mic amb el comprom\u00eds d&#8217;incrementar el treball en com\u00fa entre les acad\u00e8mies catalanes, que a causa de la pand\u00e8mia s&#8217;han hagut de fer enguany de forma telem\u00e0tica, per\u00f2 amb normalitat i gran \u00e8xit de participaci\u00f3. La situaci\u00f3 va portar a la creaci\u00f3 d&#8217;una comissi\u00f3 per avaluar la situaci\u00f3 de les acad\u00e8mies catalanes i proposar pol\u00edtiques comunes. Calvo, per la seva banda, va presentar al ponent, destacant la seva llarga i reeixida carrera professional i docent. Costa Batllori va destacar el paper de les acad\u00e8mies i va recordar la figura del Consell Interacad\u00e8mic de Catalunya per denunciar en la seva al\u00b7locuci\u00f3 l&#8217;escassa relaci\u00f3 que existeix a dia d&#8217;avui entre l&#8217;Administraci\u00f3 i el m\u00f3n acad\u00e8mic. Un fet que s&#8217;ha evidenciat especialment en un moment com l&#8217;actual.<\/p>\n<p>El Consell Interacad\u00e8mic de Catalunya va n\u00e9ixer el 1991 impulsat per la Generalitat de Catalunya com a \u00e0mbit de reflexi\u00f3 compartida, de participaci\u00f3 i de debat per a consolidar-se com un model amb personalitat pr\u00f2pia i vocaci\u00f3 de servei, segons els seus principis fundacionals. Formen part activa i es van sumar a l&#8217;activitat de l&#8217;\u00faltim curs la <strong>Reial Acad\u00e8mia de Bones Lletres de Barcelona<\/strong>, \u200b\u200bl&#8217;<strong>Acad\u00e8mia Catalana de Gastronomia i Nutrici\u00f3<\/strong>, l&#8217;<strong>Associaci\u00f3 Catalana de Ci\u00e8ncies de l&#8217;Alimentaci\u00f3<\/strong>, la Reial Acad\u00e8mia de Farm\u00e0cia de Catalunya, l&#8217;<strong>Institut Catal\u00e0 de estudis Agraris<\/strong>, l&#8217;Acad\u00e8mia de Ci\u00e8ncies Veterin\u00e0ries de Catalunya, la <strong>Reial Acad\u00e8mia de Ci\u00e8ncies i Arts de Barcelona<\/strong>, \u200b\u200bla Reial Acad\u00e8mia de Medicina de Catalunya, el <strong>Centre Catal\u00e0 de la Nutrici\u00f3<\/strong> i la pr\u00f2pia Real Acad\u00e8mia Europea de Doctors-Barcelona 1914 (RAED).<\/p>\n<h2>V\u00eddeo de la sessi\u00f3<\/h2>\n<p><iframe loading=\"lazy\" src=\"https:\/\/www.youtube.com\/embed\/VossEMOz4pc\" width=\"1080\" height=\"588\" frameborder=\"0\" allowfullscreen=\"allowfullscreen\" data-mce-fragment=\"1\"><\/iframe><\/p>\n","protected":false},"excerpt":{"rendered":"<p>Maria \u00c0ngels Calvo destaca, durant la confer\u00e8ncia d&#8217;obertura del curs acad\u00e8mic 2021 de la RAMC, les afectacions que t\u00e9 la Covid-19 sobre el benestar emocional i les relacions socials<\/p>\n","protected":false},"author":12,"featured_media":99384,"comment_status":"closed","ping_status":"closed","sticky":false,"template":"","format":"standard","meta":{"_et_pb_use_builder":"","_et_pb_old_content":"","_et_gb_content_width":"","footnotes":""},"categories":[72],"tags":[],"class_list":["post-99368","post","type-post","status-publish","format-standard","has-post-thumbnail","hentry","category-uncategorized-ca","et-has-post-format-content","et_post_format-et-post-format-standard"],"yoast_head":"<!-- This site is optimized with the Yoast SEO plugin v27.4 - https:\/\/yoast.com\/product\/yoast-seo-wordpress\/ -->\n<title>De les acad\u00e8mies a la societat - Reial Acad\u00e8mia Europea de Doctors<\/title>\n<meta name=\"description\" content=\"Solemne sessi\u00f3 inaugural del curs interacad\u00e8mic 2021, organitzat pel Consell Interacad\u00e8mic de Catalunya\" \/>\n<meta name=\"robots\" content=\"index, follow, max-snippet:-1, max-image-preview:large, max-video-preview:-1\" \/>\n<link rel=\"canonical\" href=\"https:\/\/raed.academy\/ca\/de-les-academies-a-la-societat\/\" \/>\n<meta property=\"og:locale\" content=\"ca_ES\" \/>\n<meta property=\"og:type\" content=\"article\" \/>\n<meta property=\"og:title\" content=\"De les acad\u00e8mies a la societat - Reial Acad\u00e8mia Europea de Doctors\" \/>\n<meta property=\"og:description\" content=\"Solemne sessi\u00f3 inaugural del curs interacad\u00e8mic 2021, organitzat pel Consell Interacad\u00e8mic de Catalunya\" \/>\n<meta property=\"og:url\" content=\"https:\/\/raed.academy\/ca\/de-les-academies-a-la-societat\/\" \/>\n<meta property=\"og:site_name\" content=\"Reial Acad\u00e8mia Europea de Doctors\" \/>\n<meta property=\"article:publisher\" content=\"http:\/\/fb.me\/raed.academy\" \/>\n<meta property=\"article:published_time\" content=\"2021-02-04T23:51:08+00:00\" \/>\n<meta property=\"article:modified_time\" content=\"2021-02-05T17:29:14+00:00\" \/>\n<meta property=\"og:image\" content=\"https:\/\/raed.academy\/wp-content\/uploads\/2021\/02\/Sesion-Inaugural-del-Curso-interacademico-2021-dst.jpg\" \/>\n\t<meta property=\"og:image:width\" content=\"600\" \/>\n\t<meta property=\"og:image:height\" content=\"360\" \/>\n\t<meta property=\"og:image:type\" content=\"image\/jpeg\" \/>\n<meta name=\"author\" content=\"RAED\" \/>\n<meta name=\"twitter:card\" content=\"summary_large_image\" \/>\n<meta name=\"twitter:creator\" content=\"@raedacademy\" \/>\n<meta name=\"twitter:site\" content=\"@raedacademy\" \/>\n<meta name=\"twitter:label1\" content=\"Written by\" \/>\n\t<meta name=\"twitter:data1\" content=\"RAED\" \/>\n\t<meta name=\"twitter:label2\" content=\"Est. reading time\" \/>\n\t<meta name=\"twitter:data2\" content=\"4 minutes\" \/>\n<script type=\"application\/ld+json\" class=\"yoast-schema-graph\">{\"@context\":\"https:\\\/\\\/schema.org\",\"@graph\":[{\"@type\":\"Article\",\"@id\":\"https:\\\/\\\/raed.academy\\\/ca\\\/de-les-academies-a-la-societat\\\/#article\",\"isPartOf\":{\"@id\":\"https:\\\/\\\/raed.academy\\\/ca\\\/de-les-academies-a-la-societat\\\/\"},\"author\":{\"name\":\"RAED\",\"@id\":\"https:\\\/\\\/raed.academy\\\/ca\\\/#\\\/schema\\\/person\\\/5a755da80d1d979fd66ba745c8702927\"},\"headline\":\"De les acad\u00e8mies a la societat\",\"datePublished\":\"2021-02-04T23:51:08+00:00\",\"dateModified\":\"2021-02-05T17:29:14+00:00\",\"mainEntityOfPage\":{\"@id\":\"https:\\\/\\\/raed.academy\\\/ca\\\/de-les-academies-a-la-societat\\\/\"},\"wordCount\":838,\"publisher\":{\"@id\":\"https:\\\/\\\/raed.academy\\\/ca\\\/#organization\"},\"image\":{\"@id\":\"https:\\\/\\\/raed.academy\\\/ca\\\/de-les-academies-a-la-societat\\\/#primaryimage\"},\"thumbnailUrl\":\"https:\\\/\\\/raed.academy\\\/wp-content\\\/uploads\\\/2021\\\/02\\\/Sesion-Inaugural-del-Curso-interacademico-2021-dst.jpg\",\"articleSection\":[\"Uncategorized @ca\"],\"inLanguage\":\"ca-ES\"},{\"@type\":\"WebPage\",\"@id\":\"https:\\\/\\\/raed.academy\\\/ca\\\/de-les-academies-a-la-societat\\\/\",\"url\":\"https:\\\/\\\/raed.academy\\\/ca\\\/de-les-academies-a-la-societat\\\/\",\"name\":\"De les acad\u00e8mies a la societat - Reial Acad\u00e8mia Europea de Doctors\",\"isPartOf\":{\"@id\":\"https:\\\/\\\/raed.academy\\\/ca\\\/#website\"},\"primaryImageOfPage\":{\"@id\":\"https:\\\/\\\/raed.academy\\\/ca\\\/de-les-academies-a-la-societat\\\/#primaryimage\"},\"image\":{\"@id\":\"https:\\\/\\\/raed.academy\\\/ca\\\/de-les-academies-a-la-societat\\\/#primaryimage\"},\"thumbnailUrl\":\"https:\\\/\\\/raed.academy\\\/wp-content\\\/uploads\\\/2021\\\/02\\\/Sesion-Inaugural-del-Curso-interacademico-2021-dst.jpg\",\"datePublished\":\"2021-02-04T23:51:08+00:00\",\"dateModified\":\"2021-02-05T17:29:14+00:00\",\"description\":\"Solemne sessi\u00f3 inaugural del curs interacad\u00e8mic 2021, organitzat pel Consell Interacad\u00e8mic de Catalunya\",\"breadcrumb\":{\"@id\":\"https:\\\/\\\/raed.academy\\\/ca\\\/de-les-academies-a-la-societat\\\/#breadcrumb\"},\"inLanguage\":\"ca-ES\",\"potentialAction\":[{\"@type\":\"ReadAction\",\"target\":[\"https:\\\/\\\/raed.academy\\\/ca\\\/de-les-academies-a-la-societat\\\/\"]}]},{\"@type\":\"ImageObject\",\"inLanguage\":\"ca-ES\",\"@id\":\"https:\\\/\\\/raed.academy\\\/ca\\\/de-les-academies-a-la-societat\\\/#primaryimage\",\"url\":\"https:\\\/\\\/raed.academy\\\/wp-content\\\/uploads\\\/2021\\\/02\\\/Sesion-Inaugural-del-Curso-interacademico-2021-dst.jpg\",\"contentUrl\":\"https:\\\/\\\/raed.academy\\\/wp-content\\\/uploads\\\/2021\\\/02\\\/Sesion-Inaugural-del-Curso-interacademico-2021-dst.jpg\",\"width\":600,\"height\":360},{\"@type\":\"BreadcrumbList\",\"@id\":\"https:\\\/\\\/raed.academy\\\/ca\\\/de-les-academies-a-la-societat\\\/#breadcrumb\",\"itemListElement\":[{\"@type\":\"ListItem\",\"position\":1,\"name\":\"Inicio\",\"item\":\"https:\\\/\\\/raed.academy\\\/ca\\\/\"},{\"@type\":\"ListItem\",\"position\":2,\"name\":\"De les acad\u00e8mies a la societat\"}]},{\"@type\":\"WebSite\",\"@id\":\"https:\\\/\\\/raed.academy\\\/ca\\\/#website\",\"url\":\"https:\\\/\\\/raed.academy\\\/ca\\\/\",\"name\":\"Reial Acad\u00e8mia Europea de Doctors\",\"description\":\"Corporaci\u00f3n de derecho p\u00fablico de car\u00e1cter cient\u00edfico, t\u00e9cnico y art\u00edstico, que tiene por objeto la investigaci\u00f3n, el estudio, el fomento y la extensi\u00f3n del conocimiento en su sentido m\u00e1s amplio\",\"publisher\":{\"@id\":\"https:\\\/\\\/raed.academy\\\/ca\\\/#organization\"},\"potentialAction\":[{\"@type\":\"SearchAction\",\"target\":{\"@type\":\"EntryPoint\",\"urlTemplate\":\"https:\\\/\\\/raed.academy\\\/ca\\\/?s={search_term_string}\"},\"query-input\":{\"@type\":\"PropertyValueSpecification\",\"valueRequired\":true,\"valueName\":\"search_term_string\"}}],\"inLanguage\":\"ca-ES\"},{\"@type\":\"Organization\",\"@id\":\"https:\\\/\\\/raed.academy\\\/ca\\\/#organization\",\"name\":\"Real Academia Europea de Doctores\",\"url\":\"https:\\\/\\\/raed.academy\\\/ca\\\/\",\"logo\":{\"@type\":\"ImageObject\",\"inLanguage\":\"ca-ES\",\"@id\":\"https:\\\/\\\/raed.academy\\\/ca\\\/#\\\/schema\\\/logo\\\/image\\\/\",\"url\":\"https:\\\/\\\/raed.academy\\\/wp-content\\\/uploads\\\/2017\\\/01\\\/cropped-logo_raed.png\",\"contentUrl\":\"https:\\\/\\\/raed.academy\\\/wp-content\\\/uploads\\\/2017\\\/01\\\/cropped-logo_raed.png\",\"width\":512,\"height\":512,\"caption\":\"Real Academia Europea de Doctores\"},\"image\":{\"@id\":\"https:\\\/\\\/raed.academy\\\/ca\\\/#\\\/schema\\\/logo\\\/image\\\/\"},\"sameAs\":[\"http:\\\/\\\/fb.me\\\/raed.academy\",\"https:\\\/\\\/x.com\\\/raedacademy\",\"https:\\\/\\\/www.instagram.com\\\/raed.academy\\\/\",\"https:\\\/\\\/www.youtube.com\\\/channel\\\/UCUYQwW2KrdirNWihxMDObwg\"]},{\"@type\":\"Person\",\"@id\":\"https:\\\/\\\/raed.academy\\\/ca\\\/#\\\/schema\\\/person\\\/5a755da80d1d979fd66ba745c8702927\",\"name\":\"RAED\",\"image\":{\"@type\":\"ImageObject\",\"inLanguage\":\"ca-ES\",\"@id\":\"https:\\\/\\\/secure.gravatar.com\\\/avatar\\\/19fdfdc0d67fb9c45714b703a2ac82251c4fcea3637f002ac3c9b74c0183583c?s=96&d=mm&r=g\",\"url\":\"https:\\\/\\\/secure.gravatar.com\\\/avatar\\\/19fdfdc0d67fb9c45714b703a2ac82251c4fcea3637f002ac3c9b74c0183583c?s=96&d=mm&r=g\",\"contentUrl\":\"https:\\\/\\\/secure.gravatar.com\\\/avatar\\\/19fdfdc0d67fb9c45714b703a2ac82251c4fcea3637f002ac3c9b74c0183583c?s=96&d=mm&r=g\",\"caption\":\"RAED\"}}]}<\/script>\n<!-- \/ Yoast SEO plugin. -->","yoast_head_json":{"title":"De les acad\u00e8mies a la societat - Reial Acad\u00e8mia Europea de Doctors","description":"Solemne sessi\u00f3 inaugural del curs interacad\u00e8mic 2021, organitzat pel Consell Interacad\u00e8mic de Catalunya","robots":{"index":"index","follow":"follow","max-snippet":"max-snippet:-1","max-image-preview":"max-image-preview:large","max-video-preview":"max-video-preview:-1"},"canonical":"https:\/\/raed.academy\/ca\/de-les-academies-a-la-societat\/","og_locale":"ca_ES","og_type":"article","og_title":"De les acad\u00e8mies a la societat - Reial Acad\u00e8mia Europea de Doctors","og_description":"Solemne sessi\u00f3 inaugural del curs interacad\u00e8mic 2021, organitzat pel Consell Interacad\u00e8mic de Catalunya","og_url":"https:\/\/raed.academy\/ca\/de-les-academies-a-la-societat\/","og_site_name":"Reial Acad\u00e8mia Europea de Doctors","article_publisher":"http:\/\/fb.me\/raed.academy","article_published_time":"2021-02-04T23:51:08+00:00","article_modified_time":"2021-02-05T17:29:14+00:00","og_image":[{"width":600,"height":360,"url":"https:\/\/raed.academy\/wp-content\/uploads\/2021\/02\/Sesion-Inaugural-del-Curso-interacademico-2021-dst.jpg","type":"image\/jpeg"}],"author":"RAED","twitter_card":"summary_large_image","twitter_creator":"@raedacademy","twitter_site":"@raedacademy","twitter_misc":{"Written by":"RAED","Est. reading time":"4 minutes"},"schema":{"@context":"https:\/\/schema.org","@graph":[{"@type":"Article","@id":"https:\/\/raed.academy\/ca\/de-les-academies-a-la-societat\/#article","isPartOf":{"@id":"https:\/\/raed.academy\/ca\/de-les-academies-a-la-societat\/"},"author":{"name":"RAED","@id":"https:\/\/raed.academy\/ca\/#\/schema\/person\/5a755da80d1d979fd66ba745c8702927"},"headline":"De les acad\u00e8mies a la societat","datePublished":"2021-02-04T23:51:08+00:00","dateModified":"2021-02-05T17:29:14+00:00","mainEntityOfPage":{"@id":"https:\/\/raed.academy\/ca\/de-les-academies-a-la-societat\/"},"wordCount":838,"publisher":{"@id":"https:\/\/raed.academy\/ca\/#organization"},"image":{"@id":"https:\/\/raed.academy\/ca\/de-les-academies-a-la-societat\/#primaryimage"},"thumbnailUrl":"https:\/\/raed.academy\/wp-content\/uploads\/2021\/02\/Sesion-Inaugural-del-Curso-interacademico-2021-dst.jpg","articleSection":["Uncategorized @ca"],"inLanguage":"ca-ES"},{"@type":"WebPage","@id":"https:\/\/raed.academy\/ca\/de-les-academies-a-la-societat\/","url":"https:\/\/raed.academy\/ca\/de-les-academies-a-la-societat\/","name":"De les acad\u00e8mies a la societat - Reial Acad\u00e8mia Europea de Doctors","isPartOf":{"@id":"https:\/\/raed.academy\/ca\/#website"},"primaryImageOfPage":{"@id":"https:\/\/raed.academy\/ca\/de-les-academies-a-la-societat\/#primaryimage"},"image":{"@id":"https:\/\/raed.academy\/ca\/de-les-academies-a-la-societat\/#primaryimage"},"thumbnailUrl":"https:\/\/raed.academy\/wp-content\/uploads\/2021\/02\/Sesion-Inaugural-del-Curso-interacademico-2021-dst.jpg","datePublished":"2021-02-04T23:51:08+00:00","dateModified":"2021-02-05T17:29:14+00:00","description":"Solemne sessi\u00f3 inaugural del curs interacad\u00e8mic 2021, organitzat pel Consell Interacad\u00e8mic de Catalunya","breadcrumb":{"@id":"https:\/\/raed.academy\/ca\/de-les-academies-a-la-societat\/#breadcrumb"},"inLanguage":"ca-ES","potentialAction":[{"@type":"ReadAction","target":["https:\/\/raed.academy\/ca\/de-les-academies-a-la-societat\/"]}]},{"@type":"ImageObject","inLanguage":"ca-ES","@id":"https:\/\/raed.academy\/ca\/de-les-academies-a-la-societat\/#primaryimage","url":"https:\/\/raed.academy\/wp-content\/uploads\/2021\/02\/Sesion-Inaugural-del-Curso-interacademico-2021-dst.jpg","contentUrl":"https:\/\/raed.academy\/wp-content\/uploads\/2021\/02\/Sesion-Inaugural-del-Curso-interacademico-2021-dst.jpg","width":600,"height":360},{"@type":"BreadcrumbList","@id":"https:\/\/raed.academy\/ca\/de-les-academies-a-la-societat\/#breadcrumb","itemListElement":[{"@type":"ListItem","position":1,"name":"Inicio","item":"https:\/\/raed.academy\/ca\/"},{"@type":"ListItem","position":2,"name":"De les acad\u00e8mies a la societat"}]},{"@type":"WebSite","@id":"https:\/\/raed.academy\/ca\/#website","url":"https:\/\/raed.academy\/ca\/","name":"Reial Acad\u00e8mia Europea de Doctors","description":"Corporaci\u00f3n de derecho p\u00fablico de car\u00e1cter cient\u00edfico, t\u00e9cnico y art\u00edstico, que tiene por objeto la investigaci\u00f3n, el estudio, el fomento y la extensi\u00f3n del conocimiento en su sentido m\u00e1s amplio","publisher":{"@id":"https:\/\/raed.academy\/ca\/#organization"},"potentialAction":[{"@type":"SearchAction","target":{"@type":"EntryPoint","urlTemplate":"https:\/\/raed.academy\/ca\/?s={search_term_string}"},"query-input":{"@type":"PropertyValueSpecification","valueRequired":true,"valueName":"search_term_string"}}],"inLanguage":"ca-ES"},{"@type":"Organization","@id":"https:\/\/raed.academy\/ca\/#organization","name":"Real Academia Europea de Doctores","url":"https:\/\/raed.academy\/ca\/","logo":{"@type":"ImageObject","inLanguage":"ca-ES","@id":"https:\/\/raed.academy\/ca\/#\/schema\/logo\/image\/","url":"https:\/\/raed.academy\/wp-content\/uploads\/2017\/01\/cropped-logo_raed.png","contentUrl":"https:\/\/raed.academy\/wp-content\/uploads\/2017\/01\/cropped-logo_raed.png","width":512,"height":512,"caption":"Real Academia Europea de Doctores"},"image":{"@id":"https:\/\/raed.academy\/ca\/#\/schema\/logo\/image\/"},"sameAs":["http:\/\/fb.me\/raed.academy","https:\/\/x.com\/raedacademy","https:\/\/www.instagram.com\/raed.academy\/","https:\/\/www.youtube.com\/channel\/UCUYQwW2KrdirNWihxMDObwg"]},{"@type":"Person","@id":"https:\/\/raed.academy\/ca\/#\/schema\/person\/5a755da80d1d979fd66ba745c8702927","name":"RAED","image":{"@type":"ImageObject","inLanguage":"ca-ES","@id":"https:\/\/secure.gravatar.com\/avatar\/19fdfdc0d67fb9c45714b703a2ac82251c4fcea3637f002ac3c9b74c0183583c?s=96&d=mm&r=g","url":"https:\/\/secure.gravatar.com\/avatar\/19fdfdc0d67fb9c45714b703a2ac82251c4fcea3637f002ac3c9b74c0183583c?s=96&d=mm&r=g","contentUrl":"https:\/\/secure.gravatar.com\/avatar\/19fdfdc0d67fb9c45714b703a2ac82251c4fcea3637f002ac3c9b74c0183583c?s=96&d=mm&r=g","caption":"RAED"}}]}},"_links":{"self":[{"href":"https:\/\/raed.academy\/ca\/wp-json\/wp\/v2\/posts\/99368","targetHints":{"allow":["GET"]}}],"collection":[{"href":"https:\/\/raed.academy\/ca\/wp-json\/wp\/v2\/posts"}],"about":[{"href":"https:\/\/raed.academy\/ca\/wp-json\/wp\/v2\/types\/post"}],"author":[{"embeddable":true,"href":"https:\/\/raed.academy\/ca\/wp-json\/wp\/v2\/users\/12"}],"replies":[{"embeddable":true,"href":"https:\/\/raed.academy\/ca\/wp-json\/wp\/v2\/comments?post=99368"}],"version-history":[{"count":0,"href":"https:\/\/raed.academy\/ca\/wp-json\/wp\/v2\/posts\/99368\/revisions"}],"wp:featuredmedia":[{"embeddable":true,"href":"https:\/\/raed.academy\/ca\/wp-json\/wp\/v2\/media\/99384"}],"wp:attachment":[{"href":"https:\/\/raed.academy\/ca\/wp-json\/wp\/v2\/media?parent=99368"}],"wp:term":[{"taxonomy":"category","embeddable":true,"href":"https:\/\/raed.academy\/ca\/wp-json\/wp\/v2\/categories?post=99368"},{"taxonomy":"post_tag","embeddable":true,"href":"https:\/\/raed.academy\/ca\/wp-json\/wp\/v2\/tags?post=99368"}],"curies":[{"name":"wp","href":"https:\/\/api.w.org\/{rel}","templated":true}]}}