{"id":98380,"date":"2021-01-13T18:02:57","date_gmt":"2021-01-13T18:02:57","guid":{"rendered":"https:\/\/raed.academy\/?p=98380"},"modified":"2021-01-14T11:17:19","modified_gmt":"2021-01-14T11:17:19","slug":"jose-maria-baldasano-serem-capacos-de-limitar-lescalfament-global-a-15oc","status":"publish","type":"post","link":"https:\/\/raed.academy\/ca\/jose-maria-baldasano-serem-capacos-de-limitar-lescalfament-global-a-15oc\/","title":{"rendered":"Jos\u00e9 Mar\u00eda Baldasano: \u00bfSerem capa\u00e7os de limitar l&#8217;escalfament global a 1,5\u00baC?"},"content":{"rendered":"<p><a href=\"https:\/\/raed.academy\/ca\/academics\/dr-jose-maria-baldasano-recio\/\" target=\"_blank\" rel=\"noopener\"><strong><em>Jos\u00e9 Mar\u00eda Baldasano<\/em><\/strong><\/a><br \/>\n<em>Catedr\u00e0tic em\u00e8rit d&#8217;Enginyeria Ambiental de la Universitat Polit\u00e8cnica de Catalunya, consultor del Programa de les Nacions Unides per al Medi Ambient i acad\u00e8mic de n\u00famero de la Reial Acad\u00e8mia Europea de Doctors-Barcelona 1914 (RAED)<\/em><\/p>\n<p><em>Article publicat a l&#8217;edici\u00f3 espanyola del portal acad\u00e8mic The Conversation el 28 de desembre de 2020 i a l&#8217;edici\u00f3 espanyola del diari digital &#8220;Huffington Post&#8221; el 31 de desembre de 2020<\/em><\/p>\n<p><img loading=\"lazy\" decoding=\"async\" class=\"alignright wp-image-98362\" src=\"https:\/\/raed.academy\/wp-content\/uploads\/2021\/01\/calentamiento-global-dstNtc.jpg\" sizes=\"(max-width: 450px) 100vw, 450px\" srcset=\"https:\/\/raed.academy\/wp-content\/uploads\/2021\/01\/calentamiento-global-dstNtc.jpg 600w, https:\/\/raed.academy\/wp-content\/uploads\/2021\/01\/calentamiento-global-dstNtc-440x264.jpg 440w\" alt=\"calentamiento global\" width=\"450\" height=\"270\" data-attachment-id=\"98362\" data-permalink=\"https:\/\/raed.academy\/jose-maria-baldasano-seremos-capaces-de-combatir-el-cambio-climatico\/calentamiento-global-dstntc\/\" data-orig-file=\"https:\/\/raed.academy\/wp-content\/uploads\/2021\/01\/calentamiento-global-dstNtc.jpg\" data-orig-size=\"600,360\" data-comments-opened=\"0\" data-image-meta=\"{&quot;aperture&quot;:&quot;0&quot;,&quot;credit&quot;:&quot;&quot;,&quot;camera&quot;:&quot;&quot;,&quot;caption&quot;:&quot;&quot;,&quot;created_timestamp&quot;:&quot;0&quot;,&quot;copyright&quot;:&quot;&quot;,&quot;focal_length&quot;:&quot;0&quot;,&quot;iso&quot;:&quot;0&quot;,&quot;shutter_speed&quot;:&quot;0&quot;,&quot;title&quot;:&quot;&quot;,&quot;orientation&quot;:&quot;0&quot;}\" data-image-title=\"calentamiento-global-dstNtc\" data-image-description=\"\" data-medium-file=\"https:\/\/raed.academy\/wp-content\/uploads\/2021\/01\/calentamiento-global-dstNtc.jpg\" data-large-file=\"https:\/\/raed.academy\/wp-content\/uploads\/2021\/01\/calentamiento-global-dstNtc.jpg\" \/><a href=\"https:\/\/raed.academy\/ca\/academics\/dr-jose-maria-baldasano-recio\/\" target=\"_blank\" rel=\"noopener\"><strong><em>Jos\u00e9 Mar\u00eda Baldasano<\/em><\/strong><\/a>, catedr\u00e0tic d&#8217;Enginyeria Ambiental de la <strong>Universitat Polit\u00e8cnica de Catalunya<\/strong> i acad\u00e8mic de n\u00famero de la <strong>Reial Acad\u00e8mia Europea de Doctors-Barcelona 1914<\/strong> (RAED), va publicar a l&#8217;edici\u00f3 espanyola del portal acad\u00e8mic <strong>The Conversation<\/strong> i a l&#8217;edici\u00f3 espanyola el diari digital <strong>&#8220;Huffington Post&#8221;<\/strong> entre els passats 28 i 31 de desembre l&#8217;article <strong>&#8220;\u00bfSeremos capaces de limitar el calentamiento global a 1,5\u00baC?&#8221;<\/strong>, on es q\u00fcestiona si la humanitat, malgrat les seves bones declaracions d&#8217;intencions i diversos acords i protocols internacionals, ser\u00e0 capa\u00e7 de combatre amb efic\u00e0cia i, sobretot, a temps, el canvi clim\u00e0tic, despr\u00e9s que el negacionisme s&#8217;hagi vist relegat dia a dia per l&#8217;evid\u00e8ncia.<\/p>\n<p>&#8220;Sempre hi ha hagut canvis clim\u00e0tics, per\u00f2 les observacions i investigacions cient\u00edfiques permeten concloure que l&#8217;actual canvi clim\u00e0tic est\u00e0 provocat per l&#8217;esp\u00e8cie humana i, en nom\u00e9s 300 anys, fora de tota escala clim\u00e0tica coneguda. Ja no hi ha discussi\u00f3 cient\u00edfica al respecte, per\u00f2 que s\u00ed social i pol\u00edtica. La causa \u00e9s l&#8217;acceleraci\u00f3 de l&#8217;activitat humana: el creixement de poblaci\u00f3 i el desenvolupament econ\u00f2mic des de la m\u00e0quina de vapor el 1750, per\u00f2 especialment el creixement exponencial des de la segona meitat del segle XX. Aquest ens ha portat a desajustar el cicle del carboni per l&#8217;\u00fas desaforat dels combustibles f\u00f2ssils a causa del model energ\u00e8tic que vam adoptar&#8221;, inicia l&#8217;acad\u00e8mic la seva reflexi\u00f3.<\/p>\n<div id=\"attachment_37655\" style=\"width: 310px\" class=\"wp-caption alignleft\"><img loading=\"lazy\" decoding=\"async\" aria-describedby=\"caption-attachment-37655\" class=\"wp-image-37655\" src=\"https:\/\/raed.academy\/wp-content\/uploads\/2017\/11\/Jose-Maria-Baldasano-Recio.jpg\" alt=\"Jos\u00e9 Mar\u00eda Baldasano Recio\" width=\"300\" height=\"219\" aria-describedby=\"caption-attachment-37655\" data-attachment-id=\"37655\" data-permalink=\"https:\/\/raed.academy\/economia-circular-en-edificacion\/jose-maria-baldasano-recio\/\" data-orig-file=\"https:\/\/raed.academy\/wp-content\/uploads\/2017\/11\/Jose-Maria-Baldasano-Recio.jpg\" data-orig-size=\"450,328\" data-comments-opened=\"0\" data-image-meta=\"{&quot;aperture&quot;:&quot;0&quot;,&quot;credit&quot;:&quot;&quot;,&quot;camera&quot;:&quot;&quot;,&quot;caption&quot;:&quot;&quot;,&quot;created_timestamp&quot;:&quot;0&quot;,&quot;copyright&quot;:&quot;&quot;,&quot;focal_length&quot;:&quot;0&quot;,&quot;iso&quot;:&quot;0&quot;,&quot;shutter_speed&quot;:&quot;0&quot;,&quot;title&quot;:&quot;&quot;,&quot;orientation&quot;:&quot;0&quot;}\" data-image-title=\"Jos\u00e9 Mar\u00eda Baldasano Recio\" data-image-description=\"\" data-medium-file=\"https:\/\/raed.academy\/wp-content\/uploads\/2017\/11\/Jose-Maria-Baldasano-Recio.jpg\" data-large-file=\"https:\/\/raed.academy\/wp-content\/uploads\/2017\/11\/Jose-Maria-Baldasano-Recio.jpg\" \/><p id=\"caption-attachment-37655\" class=\"wp-caption-text\">Dr. Jos\u00e9 Mar\u00eda Baldasano<\/p><\/div>\n<p>Aquesta realitat, que ha portat als experts a acceptar que l&#8217;acci\u00f3 de l&#8217;home ha aconseguit fins i tot canviar l&#8217;era geol\u00f2gica de la Terra per evolucionar des del Holoc\u00e8 a l&#8217;actual Antropoc\u00e8, t\u00e9 els seus principals indicadors als nivells de les mol\u00e8cules de CO2, CH4 i N2O que es troben actualment a l&#8217;atmosfera i que dupliquen o fins i tot van m\u00e9s enll\u00e0 dels nivells estimats en l&#8217;\u00e8poca preindustrial. Tot aix\u00f2 t\u00e9 una incid\u00e8ncia directa sobre la variaci\u00f3 t\u00e8rmica dels oceans i sobre el clima, el que comporta en \u00e0rees com la mediterr\u00e0nia l&#8217;augment de les temperatures, augment de les sequeres, augment de les onades de calor, augment i major freq\u00fc\u00e8ncia d&#8217;incendis, major nombre i magnitud de les marejades, pujada progressiva del nivell del mar, menors precipitacions, m\u00e9s estr\u00e8s h\u00eddric i menys neu a les muntanyes, i al seu torn una menor disponibilitat d&#8217;aigua a l&#8217;estiu, entre d&#8217;altres efectes adversos per als seus ecosistemes i la vida humana.<\/p>\n<p>Sobre els acords internacionals per combatre aquesta situaci\u00f3, Baldasano es mostra esc\u00e8ptic. &#8220;Els informes de l&#8217;ONU indiquen seriosos dubtes sobre l&#8217;objectiu de 1,5\u00b0C. Assenyalen que la difer\u00e8ncia entre la reducci\u00f3 d&#8217;emissions necess\u00e0ria i les promeses de reducci\u00f3 \u00e9s alarmantment elevada. Si aquesta difer\u00e8ncia es mant\u00e9 per a l&#8217;any 2030, \u00e9s extremadament improbable que es pugui assolir l&#8217;objectiu de mantenir l&#8217;escalfament global per sota de 2\u00b0C d&#8217;increment. Les emissions mundials de gasos d&#8217;efecte hivernacle haurien de baixar un 7,6% cada any entre el 2020 i el 2030 perqu\u00e8 la humanitat estigu\u00e9s en cam\u00ed de contenir l&#8217;augment de temperatures en 1,5\u00b0C, objectiu de l&#8217;<strong>Acord de Par\u00eds<\/strong>. Si el que es persegueix \u00e9s un objectiu menys ambici\u00f3s de 2\u00b0C, el descens hauria de ser del 2,7% anual. El pitjor escenari clim\u00e0tic ens portaria a gaireb\u00e9 5\u00b0C a finals de segle XXI&#8221;, adverteix.<\/p>\n<p>&nbsp;<\/p>\n<h2><a href=\"https:\/\/theconversation.com\/seremos-capaces-de-limitar-el-calentamiento-global-a-1-5-152455\" target=\"_blank\" rel=\"noopener\">Llegiu l&#8217;article a The Conversation<\/a><\/h2>\n<h2><a href=\"https:\/\/www.huffingtonpost.es\/entry\/seremos-capaces-de-limitar-el-calentamiento-global-a-15c_es_5fedb544c5b6e7974fd228da\" target=\"_blank\" rel=\"noopener\">Llegiu l&#8217;article a &#8220;Huffington Post&#8221;<\/a><\/h2>\n","protected":false},"excerpt":{"rendered":"<p>Jos\u00e9 Mar\u00eda Baldasano reflexiona: Serem capa\u00e7os de limitar l&#8217;escalfament global a 1,5\u00baC?<\/p>\n","protected":false},"author":12,"featured_media":98363,"comment_status":"closed","ping_status":"closed","sticky":false,"template":"","format":"standard","meta":{"_et_pb_use_builder":"","_et_pb_old_content":"","_et_gb_content_width":"","footnotes":""},"categories":[310],"tags":[],"class_list":["post-98380","post","type-post","status-publish","format-standard","has-post-thumbnail","hentry","category-medi-ambient","et-has-post-format-content","et_post_format-et-post-format-standard"],"yoast_head":"<!-- This site is optimized with the Yoast SEO plugin v27.4 - https:\/\/yoast.com\/product\/yoast-seo-wordpress\/ -->\n<title>Serem capa\u00e7os de combatir el canvi clim\u00e0tic? - Reial Acad\u00e8mia Europea de Doctors<\/title>\n<meta name=\"description\" content=\"Jos\u00e9 Mar\u00eda Baldasano reflexiona: Serem capa\u00e7os de limitar l&#039;escalfament global a 1,5\u00baC?\" \/>\n<meta name=\"robots\" content=\"index, follow, max-snippet:-1, max-image-preview:large, max-video-preview:-1\" \/>\n<link rel=\"canonical\" href=\"https:\/\/raed.academy\/ca\/jose-maria-baldasano-serem-capacos-de-limitar-lescalfament-global-a-15oc\/\" \/>\n<meta property=\"og:locale\" content=\"ca_ES\" \/>\n<meta property=\"og:type\" content=\"article\" \/>\n<meta property=\"og:title\" content=\"Serem capa\u00e7os de combatir el canvi clim\u00e0tic? - Reial Acad\u00e8mia Europea de Doctors\" \/>\n<meta property=\"og:description\" content=\"Jos\u00e9 Mar\u00eda Baldasano reflexiona: Serem capa\u00e7os de limitar l&#039;escalfament global a 1,5\u00baC?\" \/>\n<meta property=\"og:url\" content=\"https:\/\/raed.academy\/ca\/jose-maria-baldasano-serem-capacos-de-limitar-lescalfament-global-a-15oc\/\" \/>\n<meta property=\"og:site_name\" content=\"Reial Acad\u00e8mia Europea de Doctors\" \/>\n<meta property=\"article:publisher\" content=\"http:\/\/fb.me\/raed.academy\" \/>\n<meta property=\"article:published_time\" content=\"2021-01-13T18:02:57+00:00\" \/>\n<meta property=\"article:modified_time\" content=\"2021-01-14T11:17:19+00:00\" \/>\n<meta property=\"og:image\" content=\"https:\/\/raed.academy\/wp-content\/uploads\/2021\/01\/calentamiento-global-dstNtc.jpg\" \/>\n\t<meta property=\"og:image:width\" content=\"600\" \/>\n\t<meta property=\"og:image:height\" content=\"360\" \/>\n\t<meta property=\"og:image:type\" content=\"image\/jpeg\" \/>\n<meta name=\"author\" content=\"RAED\" \/>\n<meta name=\"twitter:card\" content=\"summary_large_image\" \/>\n<meta name=\"twitter:creator\" content=\"@raedacademy\" \/>\n<meta name=\"twitter:site\" content=\"@raedacademy\" \/>\n<meta name=\"twitter:label1\" content=\"Written by\" \/>\n\t<meta name=\"twitter:data1\" content=\"RAED\" \/>\n\t<meta name=\"twitter:label2\" content=\"Est. reading time\" \/>\n\t<meta name=\"twitter:data2\" content=\"4 minutes\" \/>\n<script type=\"application\/ld+json\" class=\"yoast-schema-graph\">{\"@context\":\"https:\\\/\\\/schema.org\",\"@graph\":[{\"@type\":\"Article\",\"@id\":\"https:\\\/\\\/raed.academy\\\/ca\\\/jose-maria-baldasano-serem-capacos-de-limitar-lescalfament-global-a-15oc\\\/#article\",\"isPartOf\":{\"@id\":\"https:\\\/\\\/raed.academy\\\/ca\\\/jose-maria-baldasano-serem-capacos-de-limitar-lescalfament-global-a-15oc\\\/\"},\"author\":{\"name\":\"RAED\",\"@id\":\"https:\\\/\\\/raed.academy\\\/ca\\\/#\\\/schema\\\/person\\\/5a755da80d1d979fd66ba745c8702927\"},\"headline\":\"Jos\u00e9 Mar\u00eda Baldasano: \u00bfSerem capa\u00e7os de limitar l&#8217;escalfament global a 1,5\u00baC?\",\"datePublished\":\"2021-01-13T18:02:57+00:00\",\"dateModified\":\"2021-01-14T11:17:19+00:00\",\"mainEntityOfPage\":{\"@id\":\"https:\\\/\\\/raed.academy\\\/ca\\\/jose-maria-baldasano-serem-capacos-de-limitar-lescalfament-global-a-15oc\\\/\"},\"wordCount\":696,\"publisher\":{\"@id\":\"https:\\\/\\\/raed.academy\\\/ca\\\/#organization\"},\"image\":{\"@id\":\"https:\\\/\\\/raed.academy\\\/ca\\\/jose-maria-baldasano-serem-capacos-de-limitar-lescalfament-global-a-15oc\\\/#primaryimage\"},\"thumbnailUrl\":\"https:\\\/\\\/raed.academy\\\/wp-content\\\/uploads\\\/2021\\\/01\\\/calentamiento-global-dstNtc.jpg\",\"articleSection\":[\"Medi ambient\"],\"inLanguage\":\"ca-ES\"},{\"@type\":\"WebPage\",\"@id\":\"https:\\\/\\\/raed.academy\\\/ca\\\/jose-maria-baldasano-serem-capacos-de-limitar-lescalfament-global-a-15oc\\\/\",\"url\":\"https:\\\/\\\/raed.academy\\\/ca\\\/jose-maria-baldasano-serem-capacos-de-limitar-lescalfament-global-a-15oc\\\/\",\"name\":\"Serem capa\u00e7os de combatir el canvi clim\u00e0tic? - Reial Acad\u00e8mia Europea de Doctors\",\"isPartOf\":{\"@id\":\"https:\\\/\\\/raed.academy\\\/ca\\\/#website\"},\"primaryImageOfPage\":{\"@id\":\"https:\\\/\\\/raed.academy\\\/ca\\\/jose-maria-baldasano-serem-capacos-de-limitar-lescalfament-global-a-15oc\\\/#primaryimage\"},\"image\":{\"@id\":\"https:\\\/\\\/raed.academy\\\/ca\\\/jose-maria-baldasano-serem-capacos-de-limitar-lescalfament-global-a-15oc\\\/#primaryimage\"},\"thumbnailUrl\":\"https:\\\/\\\/raed.academy\\\/wp-content\\\/uploads\\\/2021\\\/01\\\/calentamiento-global-dstNtc.jpg\",\"datePublished\":\"2021-01-13T18:02:57+00:00\",\"dateModified\":\"2021-01-14T11:17:19+00:00\",\"description\":\"Jos\u00e9 Mar\u00eda Baldasano reflexiona: Serem capa\u00e7os de limitar l'escalfament global a 1,5\u00baC?\",\"breadcrumb\":{\"@id\":\"https:\\\/\\\/raed.academy\\\/ca\\\/jose-maria-baldasano-serem-capacos-de-limitar-lescalfament-global-a-15oc\\\/#breadcrumb\"},\"inLanguage\":\"ca-ES\",\"potentialAction\":[{\"@type\":\"ReadAction\",\"target\":[\"https:\\\/\\\/raed.academy\\\/ca\\\/jose-maria-baldasano-serem-capacos-de-limitar-lescalfament-global-a-15oc\\\/\"]}]},{\"@type\":\"ImageObject\",\"inLanguage\":\"ca-ES\",\"@id\":\"https:\\\/\\\/raed.academy\\\/ca\\\/jose-maria-baldasano-serem-capacos-de-limitar-lescalfament-global-a-15oc\\\/#primaryimage\",\"url\":\"https:\\\/\\\/raed.academy\\\/wp-content\\\/uploads\\\/2021\\\/01\\\/calentamiento-global-dstNtc.jpg\",\"contentUrl\":\"https:\\\/\\\/raed.academy\\\/wp-content\\\/uploads\\\/2021\\\/01\\\/calentamiento-global-dstNtc.jpg\",\"width\":600,\"height\":360,\"caption\":\"calentamiento global\"},{\"@type\":\"BreadcrumbList\",\"@id\":\"https:\\\/\\\/raed.academy\\\/ca\\\/jose-maria-baldasano-serem-capacos-de-limitar-lescalfament-global-a-15oc\\\/#breadcrumb\",\"itemListElement\":[{\"@type\":\"ListItem\",\"position\":1,\"name\":\"Inicio\",\"item\":\"https:\\\/\\\/raed.academy\\\/ca\\\/\"},{\"@type\":\"ListItem\",\"position\":2,\"name\":\"Jos\u00e9 Mar\u00eda Baldasano: \u00bfSerem capa\u00e7os de limitar l&#8217;escalfament global a 1,5\u00baC?\"}]},{\"@type\":\"WebSite\",\"@id\":\"https:\\\/\\\/raed.academy\\\/ca\\\/#website\",\"url\":\"https:\\\/\\\/raed.academy\\\/ca\\\/\",\"name\":\"Reial Acad\u00e8mia Europea de Doctors\",\"description\":\"Corporaci\u00f3n de derecho p\u00fablico de car\u00e1cter cient\u00edfico, t\u00e9cnico y art\u00edstico, que tiene por objeto la investigaci\u00f3n, el estudio, el fomento y la extensi\u00f3n del conocimiento en su sentido m\u00e1s amplio\",\"publisher\":{\"@id\":\"https:\\\/\\\/raed.academy\\\/ca\\\/#organization\"},\"potentialAction\":[{\"@type\":\"SearchAction\",\"target\":{\"@type\":\"EntryPoint\",\"urlTemplate\":\"https:\\\/\\\/raed.academy\\\/ca\\\/?s={search_term_string}\"},\"query-input\":{\"@type\":\"PropertyValueSpecification\",\"valueRequired\":true,\"valueName\":\"search_term_string\"}}],\"inLanguage\":\"ca-ES\"},{\"@type\":\"Organization\",\"@id\":\"https:\\\/\\\/raed.academy\\\/ca\\\/#organization\",\"name\":\"Real Academia Europea de Doctores\",\"url\":\"https:\\\/\\\/raed.academy\\\/ca\\\/\",\"logo\":{\"@type\":\"ImageObject\",\"inLanguage\":\"ca-ES\",\"@id\":\"https:\\\/\\\/raed.academy\\\/ca\\\/#\\\/schema\\\/logo\\\/image\\\/\",\"url\":\"https:\\\/\\\/raed.academy\\\/wp-content\\\/uploads\\\/2017\\\/01\\\/cropped-logo_raed.png\",\"contentUrl\":\"https:\\\/\\\/raed.academy\\\/wp-content\\\/uploads\\\/2017\\\/01\\\/cropped-logo_raed.png\",\"width\":512,\"height\":512,\"caption\":\"Real Academia Europea de Doctores\"},\"image\":{\"@id\":\"https:\\\/\\\/raed.academy\\\/ca\\\/#\\\/schema\\\/logo\\\/image\\\/\"},\"sameAs\":[\"http:\\\/\\\/fb.me\\\/raed.academy\",\"https:\\\/\\\/x.com\\\/raedacademy\",\"https:\\\/\\\/www.instagram.com\\\/raed.academy\\\/\",\"https:\\\/\\\/www.youtube.com\\\/channel\\\/UCUYQwW2KrdirNWihxMDObwg\"]},{\"@type\":\"Person\",\"@id\":\"https:\\\/\\\/raed.academy\\\/ca\\\/#\\\/schema\\\/person\\\/5a755da80d1d979fd66ba745c8702927\",\"name\":\"RAED\",\"image\":{\"@type\":\"ImageObject\",\"inLanguage\":\"ca-ES\",\"@id\":\"https:\\\/\\\/secure.gravatar.com\\\/avatar\\\/19fdfdc0d67fb9c45714b703a2ac82251c4fcea3637f002ac3c9b74c0183583c?s=96&d=mm&r=g\",\"url\":\"https:\\\/\\\/secure.gravatar.com\\\/avatar\\\/19fdfdc0d67fb9c45714b703a2ac82251c4fcea3637f002ac3c9b74c0183583c?s=96&d=mm&r=g\",\"contentUrl\":\"https:\\\/\\\/secure.gravatar.com\\\/avatar\\\/19fdfdc0d67fb9c45714b703a2ac82251c4fcea3637f002ac3c9b74c0183583c?s=96&d=mm&r=g\",\"caption\":\"RAED\"}}]}<\/script>\n<!-- \/ Yoast SEO plugin. -->","yoast_head_json":{"title":"Serem capa\u00e7os de combatir el canvi clim\u00e0tic? - Reial Acad\u00e8mia Europea de Doctors","description":"Jos\u00e9 Mar\u00eda Baldasano reflexiona: Serem capa\u00e7os de limitar l'escalfament global a 1,5\u00baC?","robots":{"index":"index","follow":"follow","max-snippet":"max-snippet:-1","max-image-preview":"max-image-preview:large","max-video-preview":"max-video-preview:-1"},"canonical":"https:\/\/raed.academy\/ca\/jose-maria-baldasano-serem-capacos-de-limitar-lescalfament-global-a-15oc\/","og_locale":"ca_ES","og_type":"article","og_title":"Serem capa\u00e7os de combatir el canvi clim\u00e0tic? - Reial Acad\u00e8mia Europea de Doctors","og_description":"Jos\u00e9 Mar\u00eda Baldasano reflexiona: Serem capa\u00e7os de limitar l'escalfament global a 1,5\u00baC?","og_url":"https:\/\/raed.academy\/ca\/jose-maria-baldasano-serem-capacos-de-limitar-lescalfament-global-a-15oc\/","og_site_name":"Reial Acad\u00e8mia Europea de Doctors","article_publisher":"http:\/\/fb.me\/raed.academy","article_published_time":"2021-01-13T18:02:57+00:00","article_modified_time":"2021-01-14T11:17:19+00:00","og_image":[{"width":600,"height":360,"url":"https:\/\/raed.academy\/wp-content\/uploads\/2021\/01\/calentamiento-global-dstNtc.jpg","type":"image\/jpeg"}],"author":"RAED","twitter_card":"summary_large_image","twitter_creator":"@raedacademy","twitter_site":"@raedacademy","twitter_misc":{"Written by":"RAED","Est. reading time":"4 minutes"},"schema":{"@context":"https:\/\/schema.org","@graph":[{"@type":"Article","@id":"https:\/\/raed.academy\/ca\/jose-maria-baldasano-serem-capacos-de-limitar-lescalfament-global-a-15oc\/#article","isPartOf":{"@id":"https:\/\/raed.academy\/ca\/jose-maria-baldasano-serem-capacos-de-limitar-lescalfament-global-a-15oc\/"},"author":{"name":"RAED","@id":"https:\/\/raed.academy\/ca\/#\/schema\/person\/5a755da80d1d979fd66ba745c8702927"},"headline":"Jos\u00e9 Mar\u00eda Baldasano: \u00bfSerem capa\u00e7os de limitar l&#8217;escalfament global a 1,5\u00baC?","datePublished":"2021-01-13T18:02:57+00:00","dateModified":"2021-01-14T11:17:19+00:00","mainEntityOfPage":{"@id":"https:\/\/raed.academy\/ca\/jose-maria-baldasano-serem-capacos-de-limitar-lescalfament-global-a-15oc\/"},"wordCount":696,"publisher":{"@id":"https:\/\/raed.academy\/ca\/#organization"},"image":{"@id":"https:\/\/raed.academy\/ca\/jose-maria-baldasano-serem-capacos-de-limitar-lescalfament-global-a-15oc\/#primaryimage"},"thumbnailUrl":"https:\/\/raed.academy\/wp-content\/uploads\/2021\/01\/calentamiento-global-dstNtc.jpg","articleSection":["Medi ambient"],"inLanguage":"ca-ES"},{"@type":"WebPage","@id":"https:\/\/raed.academy\/ca\/jose-maria-baldasano-serem-capacos-de-limitar-lescalfament-global-a-15oc\/","url":"https:\/\/raed.academy\/ca\/jose-maria-baldasano-serem-capacos-de-limitar-lescalfament-global-a-15oc\/","name":"Serem capa\u00e7os de combatir el canvi clim\u00e0tic? - Reial Acad\u00e8mia Europea de Doctors","isPartOf":{"@id":"https:\/\/raed.academy\/ca\/#website"},"primaryImageOfPage":{"@id":"https:\/\/raed.academy\/ca\/jose-maria-baldasano-serem-capacos-de-limitar-lescalfament-global-a-15oc\/#primaryimage"},"image":{"@id":"https:\/\/raed.academy\/ca\/jose-maria-baldasano-serem-capacos-de-limitar-lescalfament-global-a-15oc\/#primaryimage"},"thumbnailUrl":"https:\/\/raed.academy\/wp-content\/uploads\/2021\/01\/calentamiento-global-dstNtc.jpg","datePublished":"2021-01-13T18:02:57+00:00","dateModified":"2021-01-14T11:17:19+00:00","description":"Jos\u00e9 Mar\u00eda Baldasano reflexiona: Serem capa\u00e7os de limitar l'escalfament global a 1,5\u00baC?","breadcrumb":{"@id":"https:\/\/raed.academy\/ca\/jose-maria-baldasano-serem-capacos-de-limitar-lescalfament-global-a-15oc\/#breadcrumb"},"inLanguage":"ca-ES","potentialAction":[{"@type":"ReadAction","target":["https:\/\/raed.academy\/ca\/jose-maria-baldasano-serem-capacos-de-limitar-lescalfament-global-a-15oc\/"]}]},{"@type":"ImageObject","inLanguage":"ca-ES","@id":"https:\/\/raed.academy\/ca\/jose-maria-baldasano-serem-capacos-de-limitar-lescalfament-global-a-15oc\/#primaryimage","url":"https:\/\/raed.academy\/wp-content\/uploads\/2021\/01\/calentamiento-global-dstNtc.jpg","contentUrl":"https:\/\/raed.academy\/wp-content\/uploads\/2021\/01\/calentamiento-global-dstNtc.jpg","width":600,"height":360,"caption":"calentamiento global"},{"@type":"BreadcrumbList","@id":"https:\/\/raed.academy\/ca\/jose-maria-baldasano-serem-capacos-de-limitar-lescalfament-global-a-15oc\/#breadcrumb","itemListElement":[{"@type":"ListItem","position":1,"name":"Inicio","item":"https:\/\/raed.academy\/ca\/"},{"@type":"ListItem","position":2,"name":"Jos\u00e9 Mar\u00eda Baldasano: \u00bfSerem capa\u00e7os de limitar l&#8217;escalfament global a 1,5\u00baC?"}]},{"@type":"WebSite","@id":"https:\/\/raed.academy\/ca\/#website","url":"https:\/\/raed.academy\/ca\/","name":"Reial Acad\u00e8mia Europea de Doctors","description":"Corporaci\u00f3n de derecho p\u00fablico de car\u00e1cter cient\u00edfico, t\u00e9cnico y art\u00edstico, que tiene por objeto la investigaci\u00f3n, el estudio, el fomento y la extensi\u00f3n del conocimiento en su sentido m\u00e1s amplio","publisher":{"@id":"https:\/\/raed.academy\/ca\/#organization"},"potentialAction":[{"@type":"SearchAction","target":{"@type":"EntryPoint","urlTemplate":"https:\/\/raed.academy\/ca\/?s={search_term_string}"},"query-input":{"@type":"PropertyValueSpecification","valueRequired":true,"valueName":"search_term_string"}}],"inLanguage":"ca-ES"},{"@type":"Organization","@id":"https:\/\/raed.academy\/ca\/#organization","name":"Real Academia Europea de Doctores","url":"https:\/\/raed.academy\/ca\/","logo":{"@type":"ImageObject","inLanguage":"ca-ES","@id":"https:\/\/raed.academy\/ca\/#\/schema\/logo\/image\/","url":"https:\/\/raed.academy\/wp-content\/uploads\/2017\/01\/cropped-logo_raed.png","contentUrl":"https:\/\/raed.academy\/wp-content\/uploads\/2017\/01\/cropped-logo_raed.png","width":512,"height":512,"caption":"Real Academia Europea de Doctores"},"image":{"@id":"https:\/\/raed.academy\/ca\/#\/schema\/logo\/image\/"},"sameAs":["http:\/\/fb.me\/raed.academy","https:\/\/x.com\/raedacademy","https:\/\/www.instagram.com\/raed.academy\/","https:\/\/www.youtube.com\/channel\/UCUYQwW2KrdirNWihxMDObwg"]},{"@type":"Person","@id":"https:\/\/raed.academy\/ca\/#\/schema\/person\/5a755da80d1d979fd66ba745c8702927","name":"RAED","image":{"@type":"ImageObject","inLanguage":"ca-ES","@id":"https:\/\/secure.gravatar.com\/avatar\/19fdfdc0d67fb9c45714b703a2ac82251c4fcea3637f002ac3c9b74c0183583c?s=96&d=mm&r=g","url":"https:\/\/secure.gravatar.com\/avatar\/19fdfdc0d67fb9c45714b703a2ac82251c4fcea3637f002ac3c9b74c0183583c?s=96&d=mm&r=g","contentUrl":"https:\/\/secure.gravatar.com\/avatar\/19fdfdc0d67fb9c45714b703a2ac82251c4fcea3637f002ac3c9b74c0183583c?s=96&d=mm&r=g","caption":"RAED"}}]}},"_links":{"self":[{"href":"https:\/\/raed.academy\/ca\/wp-json\/wp\/v2\/posts\/98380","targetHints":{"allow":["GET"]}}],"collection":[{"href":"https:\/\/raed.academy\/ca\/wp-json\/wp\/v2\/posts"}],"about":[{"href":"https:\/\/raed.academy\/ca\/wp-json\/wp\/v2\/types\/post"}],"author":[{"embeddable":true,"href":"https:\/\/raed.academy\/ca\/wp-json\/wp\/v2\/users\/12"}],"replies":[{"embeddable":true,"href":"https:\/\/raed.academy\/ca\/wp-json\/wp\/v2\/comments?post=98380"}],"version-history":[{"count":0,"href":"https:\/\/raed.academy\/ca\/wp-json\/wp\/v2\/posts\/98380\/revisions"}],"wp:featuredmedia":[{"embeddable":true,"href":"https:\/\/raed.academy\/ca\/wp-json\/wp\/v2\/media\/98363"}],"wp:attachment":[{"href":"https:\/\/raed.academy\/ca\/wp-json\/wp\/v2\/media?parent=98380"}],"wp:term":[{"taxonomy":"category","embeddable":true,"href":"https:\/\/raed.academy\/ca\/wp-json\/wp\/v2\/categories?post=98380"},{"taxonomy":"post_tag","embeddable":true,"href":"https:\/\/raed.academy\/ca\/wp-json\/wp\/v2\/tags?post=98380"}],"curies":[{"name":"wp","href":"https:\/\/api.w.org\/{rel}","templated":true}]}}