{"id":96710,"date":"2020-12-01T15:26:19","date_gmt":"2020-12-01T15:26:19","guid":{"rendered":"https:\/\/raed.academy\/?p=96710"},"modified":"2020-12-02T13:32:53","modified_gmt":"2020-12-02T13:32:53","slug":"patrimoni-i-societat-civil","status":"publish","type":"post","link":"https:\/\/raed.academy\/ca\/patrimoni-i-societat-civil\/","title":{"rendered":"Patrimoni i societat civil"},"content":{"rendered":"<p><a href=\"https:\/\/raed.academy\/ca\/academics\/dr-federico-mayor-zaragoza\/\" target=\"_blank\" rel=\"noopener noreferrer\"><strong><em>Federico Mayor Zaragoza<\/em><\/strong><\/a><br \/>\n<em>President de la Fundaci\u00f3 Cultura de Pau i del Consell Assessor de l&#8217;<a href=\"https:\/\/adiprope.org\/\" target=\"_blank\" rel=\"noopener noreferrer\">Associaci\u00f3 per a la Difusi\u00f3 i Promoci\u00f3 del Patrimoni Espanyol<\/a>, ex-ministre d&#8217;Educaci\u00f3 i director general de la Unesco i acad\u00e8mic de la Reial Acad\u00e8mia Europea de Doctors-Barcelona 1914 (RAED)<\/em><\/p>\n<p><a href=\"https:\/\/raed.academy\/ca\/academics\/dr-ignacio-buqueras-bach\/\" target=\"_blank\" rel=\"noopener noreferrer\"><strong><em>Ignacio Buqueras<\/em><\/strong><\/a><br \/>\n<em>Acad\u00e8mic de n\u00famero de la Reial Acad\u00e8mia de Doctors d&#8217;Espanya, president de l&#8217;<a href=\"https:\/\/adiprope.org\/\" target=\"_blank\" rel=\"noopener noreferrer\">Associaci\u00f3 per a la Difusi\u00f3 i Promoci\u00f3 del Patrimoni Espanyol<\/a> i acad\u00e8mic de n\u00famero de la Reial Acad\u00e8mia Europea de Doctors-Barcelona 1914 (RAED)<\/em><\/p>\n<p><a href=\"https:\/\/raed.academy\/ca\/academics\/dr-aldo-olcese-santonja\/\" target=\"_blank\" rel=\"noopener noreferrer\"><strong><em>Aldo Olcese<\/em><\/strong><\/a><br \/>\n<em>President de la Fundaci\u00f3n Independente i de l&#8217;Associaci\u00f3 Nacional Societat Civil Ahora i vice-president i acad\u00e8mic de n\u00famero de la Reial Acad\u00e8mia Europea de Doctors-Barcelona 1914 (RAED)<\/em><\/p>\n<p><strong>Federico Mayor Zaragoza<\/strong>, president de la <strong>Fundaci\u00f3 Cultura de Pau<\/strong> i del <strong>Consell Assessor<\/strong> de l&#8217;<a href=\"https:\/\/adiprope.org\/\" target=\"_blank\" rel=\"noopener noreferrer\"><strong>Associaci\u00f3 per a la Difusi\u00f3 i Promoci\u00f3 del Patrimoni Espanyol<\/strong><\/a> (Adiprope) i acad\u00e8mic i antic membre de la Junta de Govern de la <strong>Reial Acad\u00e8mia Europea de Doctors-Barcelona 1914<\/strong> (RAED); <strong>Ignacio Buqueras<\/strong>, acad\u00e8mic de n\u00famero de la <strong>Reial Acad\u00e8mia de Doctors d&#8217;Espanya<\/strong>, president de l&#8217;<a href=\"https:\/\/adiprope.org\/\" target=\"_blank\" rel=\"noopener noreferrer\"><strong>Associaci\u00f3 per a la Difusi\u00f3 i Promoci\u00f3 del Patrimoni Espanyol<\/strong><\/a> i acad\u00e8mic numerari de la RAED, i <a href=\"https:\/\/raed.academy\/ca\/academics\/dr-aldo-olcese-santonja\/\" target=\"_blank\" rel=\"noopener noreferrer\"><strong><em>Aldo Olcese<\/em><\/strong><\/a>, president de la <strong>Fundaci\u00f3n Independente<\/strong> i de l&#8217;<strong>Associaci\u00f3 Nacional Societat Civil Ahora<\/strong> i vice-president i acad\u00e8mic de n\u00famero de la RAED van reivindicar el paper de la societat civil espanyola en un acte de l&#8217;<a href=\"https:\/\/adiprope.org\/\" target=\"_blank\" rel=\"noopener noreferrer\"><strong>Adiprope<\/strong><\/a> que es va celebrar el passat 17 de novembre al <strong>Casino de Madrid<\/strong> amb motiu de la celebraci\u00f3 del <strong>Dia Internacional del Patrimoni Mundial<\/strong>.<\/p>\n<p>La jornada va rememorar la hist\u00f2rica signatura, el 16 de novembre de 1972, de la <strong>Convenci\u00f3 sobre Patrimoni Mundial Cultural i Natural<\/strong>, que va establir les bases per desenvolupar la protecci\u00f3 cultural del patrimoni. En aquest sentit, Mayor Zaragoza va recordar que &#8220;aquests espais pertanyen a la humanitat i per tant a totes les persones, independentment de la seva nacionalitat o creences, s\u00f3n obres que tenen en com\u00fa la seva excepcionalitat, reconeguda per la <strong>Unesco<\/strong>, motiu que ens fa a tots responsables de la seva cura, generaci\u00f3 rere generaci\u00f3&#8221;. Un reconeixement que supera fins i tot les institucions i governs, que han de ser garants de la seva protecci\u00f3, tot i que \u00e9s la societat civil la que ha d&#8217;exercir activament la seva salvaguarda, conservaci\u00f3 i difusi\u00f3 per evitar-ne un \u00fas del pol\u00edtic o merament especulatiu.<\/p>\n<p>Buqueras, per la seva banda, va recordar la import\u00e0ncia del patrimoni d&#8217;Espanya. &#8220;Som el tercer pa\u00eds amb m\u00e9s b\u00e9ns registrats per la Unesco, nom\u00e9s per darrere de la Xina i It\u00e0lia. La nostra her\u00e8ncia cultural, natural i immaterial \u00e9s excepcional, hem de con\u00e8ixer-la millor, cuidar-la, valorar-la, projectar-la i sentir-nos-en orgullosos. Aquests s\u00f3n els objectius prioritaris d&#8217;Associaci\u00f3. El nostre treball diari van destinats a la promoci\u00f3 del nostre patrimoni, una aposta segura per a un turisme de qualitat, desestacionalitzat i amb un gran potencial a Espanya&#8221;.<\/p>\n<div id=\"attachment_70966\" style=\"width: 422px\" class=\"wp-caption alignleft\"><img loading=\"lazy\" decoding=\"async\" aria-describedby=\"caption-attachment-70966\" class=\"wp-image-70966 size-full\" src=\"https:\/\/raed.academy\/wp-content\/uploads\/2019\/04\/alhambra-granada-patrimonio-Espa\u00f1a-dstNtc.jpeg\" alt=\"Alhambra de Granada patrimonio de Espa\u00f1a\" width=\"412\" height=\"250\" data-attachment-id=\"70966\" data-permalink=\"https:\/\/raed.academy\/un-patrimonio-compartido\/alhambra-granada-patrimonio-espana-dstntc\/\" data-orig-file=\"https:\/\/raed.academy\/wp-content\/uploads\/2019\/04\/alhambra-granada-patrimonio-Espa\u00f1a-dstNtc.jpeg\" data-orig-size=\"412,250\" data-comments-opened=\"0\" data-image-meta=\"{&quot;aperture&quot;:&quot;0&quot;,&quot;credit&quot;:&quot;&quot;,&quot;camera&quot;:&quot;&quot;,&quot;caption&quot;:&quot;&quot;,&quot;created_timestamp&quot;:&quot;0&quot;,&quot;copyright&quot;:&quot;&quot;,&quot;focal_length&quot;:&quot;0&quot;,&quot;iso&quot;:&quot;0&quot;,&quot;shutter_speed&quot;:&quot;0&quot;,&quot;title&quot;:&quot;&quot;,&quot;orientation&quot;:&quot;0&quot;}\" data-image-title=\"Alhambra de Granada patrimonio de Espa\u00f1a\" data-image-description=\"\" data-medium-file=\"https:\/\/raed.academy\/wp-content\/uploads\/2019\/04\/alhambra-granada-patrimonio-Espa\u00f1a-dstNtc.jpeg\" data-large-file=\"https:\/\/raed.academy\/wp-content\/uploads\/2019\/04\/alhambra-granada-patrimonio-Espa\u00f1a-dstNtc.jpeg\" \/><p id=\"caption-attachment-70966\" class=\"wp-caption-text\">Alhambra de Granada, patrimoni d&#8217;Espanya<\/p><\/div>\n<p>El president de l&#8217;Associaci\u00f3 per a la Difusi\u00f3 i Promoci\u00f3 del Patrimoni Espanyol va exposar el pla d&#8217;activitats del curs 2020-2021, que comptar\u00e0 amb el concurs escolar <strong>Mi Patrimonio es tu Patrimonio, Desc\u00fabrelo<\/strong> i els convenis que l&#8217;Adiprope ha signat amb <strong>Hispania Nostra<\/strong>, la <strong>Universitat CEU-San Pablo<\/strong> i la <strong>Universitat Polit\u00e8cnica de Madrid<\/strong>, que oferiran sengles cursos de postgrau en la mat\u00e8ria, la <strong>Reial Acad\u00e8mia d&#8217;Enginyeria<\/strong> i els pendents de signar amb el <strong>Grup de Ciutats Patrimoni de la Humanitat d&#8217;Espanya<\/strong> i l&#8217;<strong>Associaci\u00f3 dels Pobles m\u00e9s Bonics d&#8217;Espanya<\/strong>. Aix\u00ed mateix va informar el llan\u00e7ament de la iniciativa <strong>Amics del Patrimoni Mundial d&#8217;Espanya<\/strong>.<\/p>\n<p>En representaci\u00f3 de la Reial Acad\u00e8mia Europea de Doctors-Barcelona 1914, Aldo Olcese va reclamar la import\u00e0ncia de la cura de el patrimoni per part de la societat civil, &#8220;sigui ben rebuda o no per part d&#8217;alguns&#8221;, amb una responsabilitat compartida al costat de les institucions per l&#8217;inter\u00e8s particular de l&#8217;inter\u00e8s p\u00fablic. &#8220;La societat civil ha de preocupar-se i ocupar-se d&#8217;aquests espais excepcionals que s\u00f3n factors cr\u00edtics de competitivitat econ\u00f2mica per als pa\u00efsos que els atresoren&#8221;, va assenyalar. Per la seva banda, <strong>Leticia Pico de Coa\u00f1a<\/strong>, secret\u00e0ria de la <strong>Comissi\u00f3 Espanyola davant la Unesco<\/strong>, tamb\u00e9 va destacar el paper fonamental de la societat civil i d&#8217;institucions com Adiprope per a la conservaci\u00f3 del patrimoni i crear una consci\u00e8ncia que els <strong>Objectius de Desenvolupament Sostenible<\/strong> de <strong>Nacions Unides<\/strong> defensen en la seva articulaci\u00f3.<\/p>\n","protected":false},"excerpt":{"rendered":"<p>Federico Mayor Zaragoza, Ignacio Buqueras i Aldo Olcese reivindiquen el paper de la societat civil espanyola<\/p>\n","protected":false},"author":12,"featured_media":70967,"comment_status":"closed","ping_status":"closed","sticky":false,"template":"","format":"standard","meta":{"_et_pb_use_builder":"","_et_pb_old_content":"","_et_gb_content_width":"","footnotes":""},"categories":[247,229,242],"tags":[],"class_list":["post-96710","post","type-post","status-publish","format-standard","has-post-thumbnail","hentry","category-antropologia-ca","category-art","category-categ-historia","et-has-post-format-content","et_post_format-et-post-format-standard"],"yoast_head":"<!-- This site is optimized with the Yoast SEO plugin v27.4 - https:\/\/yoast.com\/product\/yoast-seo-wordpress\/ -->\n<title>Patrimoni i societat civil - Reial Acad\u00e8mia Europea de Doctors<\/title>\n<meta name=\"description\" content=\"Federico Mayor Zaragoza, Ignacio Buqueras i Aldo Olcese reivindiquen el paper de la societat civil espanyola\" \/>\n<meta name=\"robots\" content=\"index, follow, max-snippet:-1, max-image-preview:large, max-video-preview:-1\" \/>\n<link rel=\"canonical\" href=\"https:\/\/raed.academy\/ca\/patrimoni-i-societat-civil\/\" \/>\n<meta property=\"og:locale\" content=\"ca_ES\" \/>\n<meta property=\"og:type\" content=\"article\" \/>\n<meta property=\"og:title\" content=\"Patrimoni i societat civil - Reial Acad\u00e8mia Europea de Doctors\" \/>\n<meta property=\"og:description\" content=\"Federico Mayor Zaragoza, Ignacio Buqueras i Aldo Olcese reivindiquen el paper de la societat civil espanyola\" \/>\n<meta property=\"og:url\" content=\"https:\/\/raed.academy\/ca\/patrimoni-i-societat-civil\/\" \/>\n<meta property=\"og:site_name\" content=\"Reial Acad\u00e8mia Europea de Doctors\" \/>\n<meta property=\"article:publisher\" content=\"http:\/\/fb.me\/raed.academy\" \/>\n<meta property=\"article:published_time\" content=\"2020-12-01T15:26:19+00:00\" \/>\n<meta property=\"article:modified_time\" content=\"2020-12-02T13:32:53+00:00\" \/>\n<meta property=\"og:image\" content=\"https:\/\/raed.academy\/wp-content\/uploads\/2019\/04\/alhambra-granada-patrimonio-Espa\u00f1a-dstNtc.jpeg\" \/>\n\t<meta property=\"og:image:width\" content=\"412\" \/>\n\t<meta property=\"og:image:height\" content=\"250\" \/>\n\t<meta property=\"og:image:type\" content=\"image\/jpeg\" \/>\n<meta name=\"author\" content=\"RAED\" \/>\n<meta name=\"twitter:card\" content=\"summary_large_image\" \/>\n<meta name=\"twitter:creator\" content=\"@raedacademy\" \/>\n<meta name=\"twitter:site\" content=\"@raedacademy\" \/>\n<meta name=\"twitter:label1\" content=\"Written by\" \/>\n\t<meta name=\"twitter:data1\" content=\"RAED\" \/>\n\t<meta name=\"twitter:label2\" content=\"Est. reading time\" \/>\n\t<meta name=\"twitter:data2\" content=\"4 minutes\" \/>\n<script type=\"application\/ld+json\" class=\"yoast-schema-graph\">{\"@context\":\"https:\\\/\\\/schema.org\",\"@graph\":[{\"@type\":\"Article\",\"@id\":\"https:\\\/\\\/raed.academy\\\/ca\\\/patrimoni-i-societat-civil\\\/#article\",\"isPartOf\":{\"@id\":\"https:\\\/\\\/raed.academy\\\/ca\\\/patrimoni-i-societat-civil\\\/\"},\"author\":{\"name\":\"RAED\",\"@id\":\"https:\\\/\\\/raed.academy\\\/ca\\\/#\\\/schema\\\/person\\\/5a755da80d1d979fd66ba745c8702927\"},\"headline\":\"Patrimoni i societat civil\",\"datePublished\":\"2020-12-01T15:26:19+00:00\",\"dateModified\":\"2020-12-02T13:32:53+00:00\",\"mainEntityOfPage\":{\"@id\":\"https:\\\/\\\/raed.academy\\\/ca\\\/patrimoni-i-societat-civil\\\/\"},\"wordCount\":787,\"publisher\":{\"@id\":\"https:\\\/\\\/raed.academy\\\/ca\\\/#organization\"},\"image\":{\"@id\":\"https:\\\/\\\/raed.academy\\\/ca\\\/patrimoni-i-societat-civil\\\/#primaryimage\"},\"thumbnailUrl\":\"https:\\\/\\\/raed.academy\\\/wp-content\\\/uploads\\\/2019\\\/04\\\/alhambra-granada-patrimonio-Espa\u00f1a-dstNtc.jpeg\",\"articleSection\":[\"Antropologia\",\"Art\",\"Hist\u00f2ria\"],\"inLanguage\":\"ca-ES\"},{\"@type\":\"WebPage\",\"@id\":\"https:\\\/\\\/raed.academy\\\/ca\\\/patrimoni-i-societat-civil\\\/\",\"url\":\"https:\\\/\\\/raed.academy\\\/ca\\\/patrimoni-i-societat-civil\\\/\",\"name\":\"Patrimoni i societat civil - Reial Acad\u00e8mia Europea de Doctors\",\"isPartOf\":{\"@id\":\"https:\\\/\\\/raed.academy\\\/ca\\\/#website\"},\"primaryImageOfPage\":{\"@id\":\"https:\\\/\\\/raed.academy\\\/ca\\\/patrimoni-i-societat-civil\\\/#primaryimage\"},\"image\":{\"@id\":\"https:\\\/\\\/raed.academy\\\/ca\\\/patrimoni-i-societat-civil\\\/#primaryimage\"},\"thumbnailUrl\":\"https:\\\/\\\/raed.academy\\\/wp-content\\\/uploads\\\/2019\\\/04\\\/alhambra-granada-patrimonio-Espa\u00f1a-dstNtc.jpeg\",\"datePublished\":\"2020-12-01T15:26:19+00:00\",\"dateModified\":\"2020-12-02T13:32:53+00:00\",\"description\":\"Federico Mayor Zaragoza, Ignacio Buqueras i Aldo Olcese reivindiquen el paper de la societat civil espanyola\",\"breadcrumb\":{\"@id\":\"https:\\\/\\\/raed.academy\\\/ca\\\/patrimoni-i-societat-civil\\\/#breadcrumb\"},\"inLanguage\":\"ca-ES\",\"potentialAction\":[{\"@type\":\"ReadAction\",\"target\":[\"https:\\\/\\\/raed.academy\\\/ca\\\/patrimoni-i-societat-civil\\\/\"]}]},{\"@type\":\"ImageObject\",\"inLanguage\":\"ca-ES\",\"@id\":\"https:\\\/\\\/raed.academy\\\/ca\\\/patrimoni-i-societat-civil\\\/#primaryimage\",\"url\":\"https:\\\/\\\/raed.academy\\\/wp-content\\\/uploads\\\/2019\\\/04\\\/alhambra-granada-patrimonio-Espa\u00f1a-dstNtc.jpeg\",\"contentUrl\":\"https:\\\/\\\/raed.academy\\\/wp-content\\\/uploads\\\/2019\\\/04\\\/alhambra-granada-patrimonio-Espa\u00f1a-dstNtc.jpeg\",\"width\":412,\"height\":250,\"caption\":\"Alhambra de Granada patrimonio de Espa\u00f1a\"},{\"@type\":\"BreadcrumbList\",\"@id\":\"https:\\\/\\\/raed.academy\\\/ca\\\/patrimoni-i-societat-civil\\\/#breadcrumb\",\"itemListElement\":[{\"@type\":\"ListItem\",\"position\":1,\"name\":\"Inicio\",\"item\":\"https:\\\/\\\/raed.academy\\\/ca\\\/\"},{\"@type\":\"ListItem\",\"position\":2,\"name\":\"Patrimoni i societat civil\"}]},{\"@type\":\"WebSite\",\"@id\":\"https:\\\/\\\/raed.academy\\\/ca\\\/#website\",\"url\":\"https:\\\/\\\/raed.academy\\\/ca\\\/\",\"name\":\"Reial Acad\u00e8mia Europea de Doctors\",\"description\":\"Corporaci\u00f3n de derecho p\u00fablico de car\u00e1cter cient\u00edfico, t\u00e9cnico y art\u00edstico, que tiene por objeto la investigaci\u00f3n, el estudio, el fomento y la extensi\u00f3n del conocimiento en su sentido m\u00e1s amplio\",\"publisher\":{\"@id\":\"https:\\\/\\\/raed.academy\\\/ca\\\/#organization\"},\"potentialAction\":[{\"@type\":\"SearchAction\",\"target\":{\"@type\":\"EntryPoint\",\"urlTemplate\":\"https:\\\/\\\/raed.academy\\\/ca\\\/?s={search_term_string}\"},\"query-input\":{\"@type\":\"PropertyValueSpecification\",\"valueRequired\":true,\"valueName\":\"search_term_string\"}}],\"inLanguage\":\"ca-ES\"},{\"@type\":\"Organization\",\"@id\":\"https:\\\/\\\/raed.academy\\\/ca\\\/#organization\",\"name\":\"Real Academia Europea de Doctores\",\"url\":\"https:\\\/\\\/raed.academy\\\/ca\\\/\",\"logo\":{\"@type\":\"ImageObject\",\"inLanguage\":\"ca-ES\",\"@id\":\"https:\\\/\\\/raed.academy\\\/ca\\\/#\\\/schema\\\/logo\\\/image\\\/\",\"url\":\"https:\\\/\\\/raed.academy\\\/wp-content\\\/uploads\\\/2017\\\/01\\\/cropped-logo_raed.png\",\"contentUrl\":\"https:\\\/\\\/raed.academy\\\/wp-content\\\/uploads\\\/2017\\\/01\\\/cropped-logo_raed.png\",\"width\":512,\"height\":512,\"caption\":\"Real Academia Europea de Doctores\"},\"image\":{\"@id\":\"https:\\\/\\\/raed.academy\\\/ca\\\/#\\\/schema\\\/logo\\\/image\\\/\"},\"sameAs\":[\"http:\\\/\\\/fb.me\\\/raed.academy\",\"https:\\\/\\\/x.com\\\/raedacademy\",\"https:\\\/\\\/www.instagram.com\\\/raed.academy\\\/\",\"https:\\\/\\\/www.youtube.com\\\/channel\\\/UCUYQwW2KrdirNWihxMDObwg\"]},{\"@type\":\"Person\",\"@id\":\"https:\\\/\\\/raed.academy\\\/ca\\\/#\\\/schema\\\/person\\\/5a755da80d1d979fd66ba745c8702927\",\"name\":\"RAED\",\"image\":{\"@type\":\"ImageObject\",\"inLanguage\":\"ca-ES\",\"@id\":\"https:\\\/\\\/secure.gravatar.com\\\/avatar\\\/19fdfdc0d67fb9c45714b703a2ac82251c4fcea3637f002ac3c9b74c0183583c?s=96&d=mm&r=g\",\"url\":\"https:\\\/\\\/secure.gravatar.com\\\/avatar\\\/19fdfdc0d67fb9c45714b703a2ac82251c4fcea3637f002ac3c9b74c0183583c?s=96&d=mm&r=g\",\"contentUrl\":\"https:\\\/\\\/secure.gravatar.com\\\/avatar\\\/19fdfdc0d67fb9c45714b703a2ac82251c4fcea3637f002ac3c9b74c0183583c?s=96&d=mm&r=g\",\"caption\":\"RAED\"}}]}<\/script>\n<!-- \/ Yoast SEO plugin. -->","yoast_head_json":{"title":"Patrimoni i societat civil - Reial Acad\u00e8mia Europea de Doctors","description":"Federico Mayor Zaragoza, Ignacio Buqueras i Aldo Olcese reivindiquen el paper de la societat civil espanyola","robots":{"index":"index","follow":"follow","max-snippet":"max-snippet:-1","max-image-preview":"max-image-preview:large","max-video-preview":"max-video-preview:-1"},"canonical":"https:\/\/raed.academy\/ca\/patrimoni-i-societat-civil\/","og_locale":"ca_ES","og_type":"article","og_title":"Patrimoni i societat civil - Reial Acad\u00e8mia Europea de Doctors","og_description":"Federico Mayor Zaragoza, Ignacio Buqueras i Aldo Olcese reivindiquen el paper de la societat civil espanyola","og_url":"https:\/\/raed.academy\/ca\/patrimoni-i-societat-civil\/","og_site_name":"Reial Acad\u00e8mia Europea de Doctors","article_publisher":"http:\/\/fb.me\/raed.academy","article_published_time":"2020-12-01T15:26:19+00:00","article_modified_time":"2020-12-02T13:32:53+00:00","og_image":[{"width":412,"height":250,"url":"https:\/\/raed.academy\/wp-content\/uploads\/2019\/04\/alhambra-granada-patrimonio-Espa\u00f1a-dstNtc.jpeg","type":"image\/jpeg"}],"author":"RAED","twitter_card":"summary_large_image","twitter_creator":"@raedacademy","twitter_site":"@raedacademy","twitter_misc":{"Written by":"RAED","Est. reading time":"4 minutes"},"schema":{"@context":"https:\/\/schema.org","@graph":[{"@type":"Article","@id":"https:\/\/raed.academy\/ca\/patrimoni-i-societat-civil\/#article","isPartOf":{"@id":"https:\/\/raed.academy\/ca\/patrimoni-i-societat-civil\/"},"author":{"name":"RAED","@id":"https:\/\/raed.academy\/ca\/#\/schema\/person\/5a755da80d1d979fd66ba745c8702927"},"headline":"Patrimoni i societat civil","datePublished":"2020-12-01T15:26:19+00:00","dateModified":"2020-12-02T13:32:53+00:00","mainEntityOfPage":{"@id":"https:\/\/raed.academy\/ca\/patrimoni-i-societat-civil\/"},"wordCount":787,"publisher":{"@id":"https:\/\/raed.academy\/ca\/#organization"},"image":{"@id":"https:\/\/raed.academy\/ca\/patrimoni-i-societat-civil\/#primaryimage"},"thumbnailUrl":"https:\/\/raed.academy\/wp-content\/uploads\/2019\/04\/alhambra-granada-patrimonio-Espa\u00f1a-dstNtc.jpeg","articleSection":["Antropologia","Art","Hist\u00f2ria"],"inLanguage":"ca-ES"},{"@type":"WebPage","@id":"https:\/\/raed.academy\/ca\/patrimoni-i-societat-civil\/","url":"https:\/\/raed.academy\/ca\/patrimoni-i-societat-civil\/","name":"Patrimoni i societat civil - Reial Acad\u00e8mia Europea de Doctors","isPartOf":{"@id":"https:\/\/raed.academy\/ca\/#website"},"primaryImageOfPage":{"@id":"https:\/\/raed.academy\/ca\/patrimoni-i-societat-civil\/#primaryimage"},"image":{"@id":"https:\/\/raed.academy\/ca\/patrimoni-i-societat-civil\/#primaryimage"},"thumbnailUrl":"https:\/\/raed.academy\/wp-content\/uploads\/2019\/04\/alhambra-granada-patrimonio-Espa\u00f1a-dstNtc.jpeg","datePublished":"2020-12-01T15:26:19+00:00","dateModified":"2020-12-02T13:32:53+00:00","description":"Federico Mayor Zaragoza, Ignacio Buqueras i Aldo Olcese reivindiquen el paper de la societat civil espanyola","breadcrumb":{"@id":"https:\/\/raed.academy\/ca\/patrimoni-i-societat-civil\/#breadcrumb"},"inLanguage":"ca-ES","potentialAction":[{"@type":"ReadAction","target":["https:\/\/raed.academy\/ca\/patrimoni-i-societat-civil\/"]}]},{"@type":"ImageObject","inLanguage":"ca-ES","@id":"https:\/\/raed.academy\/ca\/patrimoni-i-societat-civil\/#primaryimage","url":"https:\/\/raed.academy\/wp-content\/uploads\/2019\/04\/alhambra-granada-patrimonio-Espa\u00f1a-dstNtc.jpeg","contentUrl":"https:\/\/raed.academy\/wp-content\/uploads\/2019\/04\/alhambra-granada-patrimonio-Espa\u00f1a-dstNtc.jpeg","width":412,"height":250,"caption":"Alhambra de Granada patrimonio de Espa\u00f1a"},{"@type":"BreadcrumbList","@id":"https:\/\/raed.academy\/ca\/patrimoni-i-societat-civil\/#breadcrumb","itemListElement":[{"@type":"ListItem","position":1,"name":"Inicio","item":"https:\/\/raed.academy\/ca\/"},{"@type":"ListItem","position":2,"name":"Patrimoni i societat civil"}]},{"@type":"WebSite","@id":"https:\/\/raed.academy\/ca\/#website","url":"https:\/\/raed.academy\/ca\/","name":"Reial Acad\u00e8mia Europea de Doctors","description":"Corporaci\u00f3n de derecho p\u00fablico de car\u00e1cter cient\u00edfico, t\u00e9cnico y art\u00edstico, que tiene por objeto la investigaci\u00f3n, el estudio, el fomento y la extensi\u00f3n del conocimiento en su sentido m\u00e1s amplio","publisher":{"@id":"https:\/\/raed.academy\/ca\/#organization"},"potentialAction":[{"@type":"SearchAction","target":{"@type":"EntryPoint","urlTemplate":"https:\/\/raed.academy\/ca\/?s={search_term_string}"},"query-input":{"@type":"PropertyValueSpecification","valueRequired":true,"valueName":"search_term_string"}}],"inLanguage":"ca-ES"},{"@type":"Organization","@id":"https:\/\/raed.academy\/ca\/#organization","name":"Real Academia Europea de Doctores","url":"https:\/\/raed.academy\/ca\/","logo":{"@type":"ImageObject","inLanguage":"ca-ES","@id":"https:\/\/raed.academy\/ca\/#\/schema\/logo\/image\/","url":"https:\/\/raed.academy\/wp-content\/uploads\/2017\/01\/cropped-logo_raed.png","contentUrl":"https:\/\/raed.academy\/wp-content\/uploads\/2017\/01\/cropped-logo_raed.png","width":512,"height":512,"caption":"Real Academia Europea de Doctores"},"image":{"@id":"https:\/\/raed.academy\/ca\/#\/schema\/logo\/image\/"},"sameAs":["http:\/\/fb.me\/raed.academy","https:\/\/x.com\/raedacademy","https:\/\/www.instagram.com\/raed.academy\/","https:\/\/www.youtube.com\/channel\/UCUYQwW2KrdirNWihxMDObwg"]},{"@type":"Person","@id":"https:\/\/raed.academy\/ca\/#\/schema\/person\/5a755da80d1d979fd66ba745c8702927","name":"RAED","image":{"@type":"ImageObject","inLanguage":"ca-ES","@id":"https:\/\/secure.gravatar.com\/avatar\/19fdfdc0d67fb9c45714b703a2ac82251c4fcea3637f002ac3c9b74c0183583c?s=96&d=mm&r=g","url":"https:\/\/secure.gravatar.com\/avatar\/19fdfdc0d67fb9c45714b703a2ac82251c4fcea3637f002ac3c9b74c0183583c?s=96&d=mm&r=g","contentUrl":"https:\/\/secure.gravatar.com\/avatar\/19fdfdc0d67fb9c45714b703a2ac82251c4fcea3637f002ac3c9b74c0183583c?s=96&d=mm&r=g","caption":"RAED"}}]}},"_links":{"self":[{"href":"https:\/\/raed.academy\/ca\/wp-json\/wp\/v2\/posts\/96710","targetHints":{"allow":["GET"]}}],"collection":[{"href":"https:\/\/raed.academy\/ca\/wp-json\/wp\/v2\/posts"}],"about":[{"href":"https:\/\/raed.academy\/ca\/wp-json\/wp\/v2\/types\/post"}],"author":[{"embeddable":true,"href":"https:\/\/raed.academy\/ca\/wp-json\/wp\/v2\/users\/12"}],"replies":[{"embeddable":true,"href":"https:\/\/raed.academy\/ca\/wp-json\/wp\/v2\/comments?post=96710"}],"version-history":[{"count":0,"href":"https:\/\/raed.academy\/ca\/wp-json\/wp\/v2\/posts\/96710\/revisions"}],"wp:featuredmedia":[{"embeddable":true,"href":"https:\/\/raed.academy\/ca\/wp-json\/wp\/v2\/media\/70967"}],"wp:attachment":[{"href":"https:\/\/raed.academy\/ca\/wp-json\/wp\/v2\/media?parent=96710"}],"wp:term":[{"taxonomy":"category","embeddable":true,"href":"https:\/\/raed.academy\/ca\/wp-json\/wp\/v2\/categories?post=96710"},{"taxonomy":"post_tag","embeddable":true,"href":"https:\/\/raed.academy\/ca\/wp-json\/wp\/v2\/tags?post=96710"}],"curies":[{"name":"wp","href":"https:\/\/api.w.org\/{rel}","templated":true}]}}