{"id":94383,"date":"2020-10-14T17:18:56","date_gmt":"2020-10-14T17:18:56","guid":{"rendered":"https:\/\/raed.academy\/?p=94383"},"modified":"2020-10-15T08:12:03","modified_gmt":"2020-10-15T08:12:03","slug":"mario-molina-premi-nobel-quimica-in-memoriam","status":"publish","type":"post","link":"https:\/\/raed.academy\/ca\/mario-molina-premi-nobel-quimica-in-memoriam\/","title":{"rendered":"Mario Molina, in memoriam"},"content":{"rendered":"<p><strong><em><a href=\"https:\/\/raed.academy\/ca\/academics\/dr-mario-jose-molina-henriquez\/\" target=\"_blank\" rel=\"noopener noreferrer\">Mario Molina<\/a> (in memoriam)<\/em><\/strong><br \/>\n<em>Professor de la Universitat de Calif\u00f2rnia-Los Angeles, premi Nobel de Qu\u00edmica i acad\u00e8mic d&#8217;honor de la Reial Acad\u00e8mia Europea de Doctors-Barcelona 1914 (RAED)<\/em><\/p>\n<div id=\"attachment_32391\" style=\"width: 330px\" class=\"wp-caption alignleft\"><img loading=\"lazy\" decoding=\"async\" aria-describedby=\"caption-attachment-32391\" class=\"wp-image-32391\" src=\"https:\/\/raed.academy\/wp-content\/uploads\/2017\/08\/Mario_Molina_y_Pablo_Badenier-CCA-3.0-Chile.jpg\" sizes=\"(max-width: 320px) 100vw, 320px\" srcset=\"https:\/\/raed.academy\/wp-content\/uploads\/2017\/08\/Mario_Molina_y_Pablo_Badenier-CCA-3.0-Chile.jpg 500w, https:\/\/raed.academy\/wp-content\/uploads\/2017\/08\/Mario_Molina_y_Pablo_Badenier-CCA-3.0-Chile-150x150.jpg 150w, https:\/\/raed.academy\/wp-content\/uploads\/2017\/08\/Mario_Molina_y_Pablo_Badenier-CCA-3.0-Chile-300x300.jpg 300w, https:\/\/raed.academy\/wp-content\/uploads\/2017\/08\/Mario_Molina_y_Pablo_Badenier-CCA-3.0-Chile-440x440.jpg 440w\" alt=\"Dr. Mario Molina, Premio Nobel de Qu\u00edmica 1995\" width=\"320\" height=\"320\" aria-describedby=\"caption-attachment-32391\" data-attachment-id=\"32391\" data-permalink=\"https:\/\/raed.academy\/en-memoria-mario-molina-premio-nobel-quimica-1995\/mario_molina_y_pablo_badenier-cca-3-0-chile\/\" data-orig-file=\"https:\/\/raed.academy\/wp-content\/uploads\/2017\/08\/Mario_Molina_y_Pablo_Badenier-CCA-3.0-Chile.jpg\" data-orig-size=\"500,500\" data-comments-opened=\"0\" data-image-meta=\"{&quot;aperture&quot;:&quot;0&quot;,&quot;credit&quot;:&quot;&quot;,&quot;camera&quot;:&quot;&quot;,&quot;caption&quot;:&quot;&quot;,&quot;created_timestamp&quot;:&quot;0&quot;,&quot;copyright&quot;:&quot;&quot;,&quot;focal_length&quot;:&quot;0&quot;,&quot;iso&quot;:&quot;0&quot;,&quot;shutter_speed&quot;:&quot;0&quot;,&quot;title&quot;:&quot;&quot;,&quot;orientation&quot;:&quot;0&quot;}\" data-image-title=\"Mario_Molina_y_Pablo_Badenier-CCA-3.0-Chile\" data-image-description=\"&lt;p&gt;Dr. Mario Jos\u00e9 Molina Henr\u00edquez Premio Nobel de Qu\u00edmica 1995&lt;\/p&gt;\" data-medium-file=\"https:\/\/raed.academy\/wp-content\/uploads\/2017\/08\/Mario_Molina_y_Pablo_Badenier-CCA-3.0-Chile-300x300.jpg\" data-large-file=\"https:\/\/raed.academy\/wp-content\/uploads\/2017\/08\/Mario_Molina_y_Pablo_Badenier-CCA-3.0-Chile.jpg\" \/><p id=\"caption-attachment-32391\" class=\"wp-caption-text\">Dr. Mario Molina<\/p><\/div>\n<p>La Junta de Govern de la <strong>Reial Acad\u00e8mia Europea de Doctors-Barcelona 1914<\/strong> (RAED), en nom de tota la comunitat acad\u00e8mica, expressa el seu m\u00e9s sentit i sincer dolor per la p\u00e8rdua del seu acad\u00e8mic d&#8217;honor <strong>Mario Molina<\/strong>, traspassat el passat 7 d&#8217;octubre. Molina va mer\u00e8ixer el Premi Nobel de Qu\u00edmica l&#8217;any 1995 al costat de <strong>Paul J. Crutzen<\/strong> i<strong> Frank Sherwood Rowland<\/strong> pels seus descobriments sobre la gradual p\u00e8rdua de la capa d&#8217;oz\u00f3 als pols terrestres. El mateix cient\u00edfic va elaborar el <strong>Protocol de Mont-real<\/strong> de les <strong>Nacions Unides<\/strong> per solucionar, de forma reeixida, aquest primer gran problema per al planeta d&#8217;origen hum\u00e0.<\/p>\n<p>Molina va certificar que des de la posada en marxa de les mesures que recull aquest protocol les concentracions atmosf\u00e8riques dels clorofluorocarbonis (CFC) m\u00e9s importants i els hidrocarburs clorats s&#8217;han estabilitzat o s&#8217;han redu\u00eft. La concentraci\u00f3 d&#8217;halons ha continuat en augment a causa dels gasos halons que es troben emmagatzemats als extintors d&#8217;incendi i que encara continuen en \u00fas. Tot i aix\u00ed, la tend\u00e8ncia ha disminu\u00eft clarament i s&#8217;espera que comenci a declinar la seva pres\u00e8ncia des d&#8217;aquest 2020. La concentraci\u00f3 dels hidroclorofluorocarbonis (HCFC) ha augmentat significativament, en gran part a causa dels m\u00faltiples usos en qu\u00e8 reemplacen als CFC, com solvents o refrigerants.<\/p>\n<p>El grau de compliment del protocol ha estat enorme. D&#8217;aqu\u00ed que se&#8217;l consideri l&#8217;acord ambiental internacional m\u00e9s reeixit del m\u00f3n fins a la data i un exemple excepcional de cooperaci\u00f3 internacional, amb l&#8217;objectiu de la recuperaci\u00f3 de la capa d&#8217;oz\u00f3 i per tant de millorar una part substancial de l&#8217;acumulaci\u00f3 dels gasos d&#8217;efecte hivernacle, causa fonamental del canvi clim\u00e0tic per causa antropog\u00e8nica.<\/p>\n<p>L&#8217;acad\u00e8mic va investigar la qu\u00edmica de la contaminaci\u00f3 atmosf\u00e8rica a la baixa atmosfera i va treballar amb equips multidisciplinaris internacionals per afrontar el problema de la degradaci\u00f3 de la qualitat de l&#8217;aire a les grans ciutats del planeta, especialment enfocats en els grups de contaminants de l&#8217;aire en zones urbanes. El seu inter\u00e8s pel clima i les conseq\u00fc\u00e8ncies que es deriven del factor antropog\u00e8nic va n\u00e9ixer el 1972, quan va comen\u00e7ar a treballar amb qui seria el seu mentor, Frank Sherwood Rowland. Junts van abordar la investigaci\u00f3 sobre les propietats qu\u00edmiques de l&#8217;\u00e0tom en processos radioactius. Una de les l\u00ednies de recerca en les que van treballar va ser la d&#8217;esbrinar el dest\u00ed d&#8217;algunes part\u00edcules qu\u00edmiques inerts derivades de processos industrials acumulats en l&#8217;atmosfera i els seus efectes sobre el medi ambient, que no havien estat tinguts en compte fins a aquell moment.<\/p>\n<p>Despr\u00e9s de mesos d&#8217;investigacions van desenvolupar la teoria de la reducci\u00f3 de la capa d&#8217;oz\u00f3, que va revolucionar el que fins al moment se sabia sobre aquest tema en adonar-se que els \u00e0toms produ\u00efts per la descomposici\u00f3 dels CFC destru\u00efen la capa d&#8217;oz\u00f3 atmosf\u00e8rica i aix\u00f2 tenia unes conseq\u00fc\u00e8ncies molt greus que anaven des d\u00b4alteracions en la salut, major pres\u00e8ncia de c\u00e0ncer de pell en les zones afectades, fins a canvis en el patr\u00f3 clim\u00e0tic de la terra. El 1974 van publicar els resultats a la revista <strong>&#8220;Nature&#8221;<\/strong>.<\/p>\n<p>Investigador destacat del <strong>Laboratori de Propulsi\u00f3 a Reacci\u00f3<\/strong> i de l&#8217;<strong>Institut Tecnol\u00f2gic de Massachusetts<\/strong> (MIT), tots dos als Estats Units, Molina sempre va alternar la doc\u00e8ncia amb la recerca i el seu comprom\u00eds mediambiental, el que el va portar a sumar-se al <strong>Consell d&#8217;Assessors de Ci\u00e8ncia i Tecnologia<\/strong> de <strong>Barack Obama<\/strong> durant la seva presid\u00e8ncia nord-americana, entre el 2009 i el 2017, per\u00edode en qu\u00e8 va destacar com una de les veus autoritzades en la lluita contra el canvi clim\u00e0tic. Aquell mateix 2017, el Nobel va pronunciar el seu discurs d&#8217;ingr\u00e9s a la RAED, rememorant precisament totes aquestes recerques en un memorable acte acad\u00e8mic que queda per a la centen\u00e0ria hist\u00f2ria de la instituci\u00f3.<\/p>\n","protected":false},"excerpt":{"rendered":"<p>Ad\u00e9u a Mario Molina, Premi Nobel de Qu\u00edmica l&#8217;any 1995 pels seus descobriments sobre la p\u00e8rdua de la capa d&#8217;oz\u00f3 en els pols terrestres<\/p>\n","protected":false},"author":12,"featured_media":94329,"comment_status":"closed","ping_status":"closed","sticky":false,"template":"","format":"standard","meta":{"_et_pb_use_builder":"","_et_pb_old_content":"","_et_gb_content_width":"","footnotes":""},"categories":[176,310],"tags":[],"class_list":["post-94383","post","type-post","status-publish","format-standard","has-post-thumbnail","hentry","category-academics-a-la-societat","category-medi-ambient","et-has-post-format-content","et_post_format-et-post-format-standard"],"yoast_head":"<!-- This site is optimized with the Yoast SEO plugin v27.4 - https:\/\/yoast.com\/product\/yoast-seo-wordpress\/ -->\n<title>Mario Molina, in memoriam - Reial Acad\u00e8mia Europea de Doctors<\/title>\n<meta name=\"description\" content=\"Ad\u00e9u a Mario Molina, Premi Nobel de Qu\u00edmica l&#039;any 1995 pels seus descobriments sobre la p\u00e8rdua de la capa d&#039;oz\u00f3 en els pols terrestres\" \/>\n<meta name=\"robots\" content=\"index, follow, max-snippet:-1, max-image-preview:large, max-video-preview:-1\" \/>\n<link rel=\"canonical\" href=\"https:\/\/raed.academy\/ca\/mario-molina-premi-nobel-quimica-in-memoriam\/\" \/>\n<meta property=\"og:locale\" content=\"ca_ES\" \/>\n<meta property=\"og:type\" content=\"article\" \/>\n<meta property=\"og:title\" content=\"Mario Molina, in memoriam - Reial Acad\u00e8mia Europea de Doctors\" \/>\n<meta property=\"og:description\" content=\"Ad\u00e9u a Mario Molina, Premi Nobel de Qu\u00edmica l&#039;any 1995 pels seus descobriments sobre la p\u00e8rdua de la capa d&#039;oz\u00f3 en els pols terrestres\" \/>\n<meta property=\"og:url\" content=\"https:\/\/raed.academy\/ca\/mario-molina-premi-nobel-quimica-in-memoriam\/\" \/>\n<meta property=\"og:site_name\" content=\"Reial Acad\u00e8mia Europea de Doctors\" \/>\n<meta property=\"article:publisher\" content=\"http:\/\/fb.me\/raed.academy\" \/>\n<meta property=\"article:published_time\" content=\"2020-10-14T17:18:56+00:00\" \/>\n<meta property=\"article:modified_time\" content=\"2020-10-15T08:12:03+00:00\" \/>\n<meta property=\"og:image\" content=\"https:\/\/raed.academy\/wp-content\/uploads\/2020\/10\/capa-ozono-dst.jpg\" \/>\n\t<meta property=\"og:image:width\" content=\"750\" \/>\n\t<meta property=\"og:image:height\" content=\"450\" \/>\n\t<meta property=\"og:image:type\" content=\"image\/jpeg\" \/>\n<meta name=\"author\" content=\"RAED\" \/>\n<meta name=\"twitter:card\" content=\"summary_large_image\" \/>\n<meta name=\"twitter:creator\" content=\"@raedacademy\" \/>\n<meta name=\"twitter:site\" content=\"@raedacademy\" \/>\n<meta name=\"twitter:label1\" content=\"Written by\" \/>\n\t<meta name=\"twitter:data1\" content=\"RAED\" \/>\n\t<meta name=\"twitter:label2\" content=\"Est. reading time\" \/>\n\t<meta name=\"twitter:data2\" content=\"3 minutes\" \/>\n<script type=\"application\/ld+json\" class=\"yoast-schema-graph\">{\"@context\":\"https:\\\/\\\/schema.org\",\"@graph\":[{\"@type\":\"Article\",\"@id\":\"https:\\\/\\\/raed.academy\\\/ca\\\/mario-molina-premi-nobel-quimica-in-memoriam\\\/#article\",\"isPartOf\":{\"@id\":\"https:\\\/\\\/raed.academy\\\/ca\\\/mario-molina-premi-nobel-quimica-in-memoriam\\\/\"},\"author\":{\"name\":\"RAED\",\"@id\":\"https:\\\/\\\/raed.academy\\\/ca\\\/#\\\/schema\\\/person\\\/5a755da80d1d979fd66ba745c8702927\"},\"headline\":\"Mario Molina, in memoriam\",\"datePublished\":\"2020-10-14T17:18:56+00:00\",\"dateModified\":\"2020-10-15T08:12:03+00:00\",\"mainEntityOfPage\":{\"@id\":\"https:\\\/\\\/raed.academy\\\/ca\\\/mario-molina-premi-nobel-quimica-in-memoriam\\\/\"},\"wordCount\":733,\"publisher\":{\"@id\":\"https:\\\/\\\/raed.academy\\\/ca\\\/#organization\"},\"image\":{\"@id\":\"https:\\\/\\\/raed.academy\\\/ca\\\/mario-molina-premi-nobel-quimica-in-memoriam\\\/#primaryimage\"},\"thumbnailUrl\":\"https:\\\/\\\/raed.academy\\\/wp-content\\\/uploads\\\/2020\\\/10\\\/capa-ozono-dst.jpg\",\"articleSection\":[\"Acad\u00e8mics a la societat\",\"Medi ambient\"],\"inLanguage\":\"ca-ES\"},{\"@type\":\"WebPage\",\"@id\":\"https:\\\/\\\/raed.academy\\\/ca\\\/mario-molina-premi-nobel-quimica-in-memoriam\\\/\",\"url\":\"https:\\\/\\\/raed.academy\\\/ca\\\/mario-molina-premi-nobel-quimica-in-memoriam\\\/\",\"name\":\"Mario Molina, in memoriam - Reial Acad\u00e8mia Europea de Doctors\",\"isPartOf\":{\"@id\":\"https:\\\/\\\/raed.academy\\\/ca\\\/#website\"},\"primaryImageOfPage\":{\"@id\":\"https:\\\/\\\/raed.academy\\\/ca\\\/mario-molina-premi-nobel-quimica-in-memoriam\\\/#primaryimage\"},\"image\":{\"@id\":\"https:\\\/\\\/raed.academy\\\/ca\\\/mario-molina-premi-nobel-quimica-in-memoriam\\\/#primaryimage\"},\"thumbnailUrl\":\"https:\\\/\\\/raed.academy\\\/wp-content\\\/uploads\\\/2020\\\/10\\\/capa-ozono-dst.jpg\",\"datePublished\":\"2020-10-14T17:18:56+00:00\",\"dateModified\":\"2020-10-15T08:12:03+00:00\",\"description\":\"Ad\u00e9u a Mario Molina, Premi Nobel de Qu\u00edmica l'any 1995 pels seus descobriments sobre la p\u00e8rdua de la capa d'oz\u00f3 en els pols terrestres\",\"breadcrumb\":{\"@id\":\"https:\\\/\\\/raed.academy\\\/ca\\\/mario-molina-premi-nobel-quimica-in-memoriam\\\/#breadcrumb\"},\"inLanguage\":\"ca-ES\",\"potentialAction\":[{\"@type\":\"ReadAction\",\"target\":[\"https:\\\/\\\/raed.academy\\\/ca\\\/mario-molina-premi-nobel-quimica-in-memoriam\\\/\"]}]},{\"@type\":\"ImageObject\",\"inLanguage\":\"ca-ES\",\"@id\":\"https:\\\/\\\/raed.academy\\\/ca\\\/mario-molina-premi-nobel-quimica-in-memoriam\\\/#primaryimage\",\"url\":\"https:\\\/\\\/raed.academy\\\/wp-content\\\/uploads\\\/2020\\\/10\\\/capa-ozono-dst.jpg\",\"contentUrl\":\"https:\\\/\\\/raed.academy\\\/wp-content\\\/uploads\\\/2020\\\/10\\\/capa-ozono-dst.jpg\",\"width\":750,\"height\":450},{\"@type\":\"BreadcrumbList\",\"@id\":\"https:\\\/\\\/raed.academy\\\/ca\\\/mario-molina-premi-nobel-quimica-in-memoriam\\\/#breadcrumb\",\"itemListElement\":[{\"@type\":\"ListItem\",\"position\":1,\"name\":\"Inicio\",\"item\":\"https:\\\/\\\/raed.academy\\\/ca\\\/\"},{\"@type\":\"ListItem\",\"position\":2,\"name\":\"Mario Molina, in memoriam\"}]},{\"@type\":\"WebSite\",\"@id\":\"https:\\\/\\\/raed.academy\\\/ca\\\/#website\",\"url\":\"https:\\\/\\\/raed.academy\\\/ca\\\/\",\"name\":\"Reial Acad\u00e8mia Europea de Doctors\",\"description\":\"Corporaci\u00f3n de derecho p\u00fablico de car\u00e1cter cient\u00edfico, t\u00e9cnico y art\u00edstico, que tiene por objeto la investigaci\u00f3n, el estudio, el fomento y la extensi\u00f3n del conocimiento en su sentido m\u00e1s amplio\",\"publisher\":{\"@id\":\"https:\\\/\\\/raed.academy\\\/ca\\\/#organization\"},\"potentialAction\":[{\"@type\":\"SearchAction\",\"target\":{\"@type\":\"EntryPoint\",\"urlTemplate\":\"https:\\\/\\\/raed.academy\\\/ca\\\/?s={search_term_string}\"},\"query-input\":{\"@type\":\"PropertyValueSpecification\",\"valueRequired\":true,\"valueName\":\"search_term_string\"}}],\"inLanguage\":\"ca-ES\"},{\"@type\":\"Organization\",\"@id\":\"https:\\\/\\\/raed.academy\\\/ca\\\/#organization\",\"name\":\"Real Academia Europea de Doctores\",\"url\":\"https:\\\/\\\/raed.academy\\\/ca\\\/\",\"logo\":{\"@type\":\"ImageObject\",\"inLanguage\":\"ca-ES\",\"@id\":\"https:\\\/\\\/raed.academy\\\/ca\\\/#\\\/schema\\\/logo\\\/image\\\/\",\"url\":\"https:\\\/\\\/raed.academy\\\/wp-content\\\/uploads\\\/2017\\\/01\\\/cropped-logo_raed.png\",\"contentUrl\":\"https:\\\/\\\/raed.academy\\\/wp-content\\\/uploads\\\/2017\\\/01\\\/cropped-logo_raed.png\",\"width\":512,\"height\":512,\"caption\":\"Real Academia Europea de Doctores\"},\"image\":{\"@id\":\"https:\\\/\\\/raed.academy\\\/ca\\\/#\\\/schema\\\/logo\\\/image\\\/\"},\"sameAs\":[\"http:\\\/\\\/fb.me\\\/raed.academy\",\"https:\\\/\\\/x.com\\\/raedacademy\",\"https:\\\/\\\/www.instagram.com\\\/raed.academy\\\/\",\"https:\\\/\\\/www.youtube.com\\\/channel\\\/UCUYQwW2KrdirNWihxMDObwg\"]},{\"@type\":\"Person\",\"@id\":\"https:\\\/\\\/raed.academy\\\/ca\\\/#\\\/schema\\\/person\\\/5a755da80d1d979fd66ba745c8702927\",\"name\":\"RAED\",\"image\":{\"@type\":\"ImageObject\",\"inLanguage\":\"ca-ES\",\"@id\":\"https:\\\/\\\/secure.gravatar.com\\\/avatar\\\/19fdfdc0d67fb9c45714b703a2ac82251c4fcea3637f002ac3c9b74c0183583c?s=96&d=mm&r=g\",\"url\":\"https:\\\/\\\/secure.gravatar.com\\\/avatar\\\/19fdfdc0d67fb9c45714b703a2ac82251c4fcea3637f002ac3c9b74c0183583c?s=96&d=mm&r=g\",\"contentUrl\":\"https:\\\/\\\/secure.gravatar.com\\\/avatar\\\/19fdfdc0d67fb9c45714b703a2ac82251c4fcea3637f002ac3c9b74c0183583c?s=96&d=mm&r=g\",\"caption\":\"RAED\"}}]}<\/script>\n<!-- \/ Yoast SEO plugin. -->","yoast_head_json":{"title":"Mario Molina, in memoriam - Reial Acad\u00e8mia Europea de Doctors","description":"Ad\u00e9u a Mario Molina, Premi Nobel de Qu\u00edmica l'any 1995 pels seus descobriments sobre la p\u00e8rdua de la capa d'oz\u00f3 en els pols terrestres","robots":{"index":"index","follow":"follow","max-snippet":"max-snippet:-1","max-image-preview":"max-image-preview:large","max-video-preview":"max-video-preview:-1"},"canonical":"https:\/\/raed.academy\/ca\/mario-molina-premi-nobel-quimica-in-memoriam\/","og_locale":"ca_ES","og_type":"article","og_title":"Mario Molina, in memoriam - Reial Acad\u00e8mia Europea de Doctors","og_description":"Ad\u00e9u a Mario Molina, Premi Nobel de Qu\u00edmica l'any 1995 pels seus descobriments sobre la p\u00e8rdua de la capa d'oz\u00f3 en els pols terrestres","og_url":"https:\/\/raed.academy\/ca\/mario-molina-premi-nobel-quimica-in-memoriam\/","og_site_name":"Reial Acad\u00e8mia Europea de Doctors","article_publisher":"http:\/\/fb.me\/raed.academy","article_published_time":"2020-10-14T17:18:56+00:00","article_modified_time":"2020-10-15T08:12:03+00:00","og_image":[{"width":750,"height":450,"url":"https:\/\/raed.academy\/wp-content\/uploads\/2020\/10\/capa-ozono-dst.jpg","type":"image\/jpeg"}],"author":"RAED","twitter_card":"summary_large_image","twitter_creator":"@raedacademy","twitter_site":"@raedacademy","twitter_misc":{"Written by":"RAED","Est. reading time":"3 minutes"},"schema":{"@context":"https:\/\/schema.org","@graph":[{"@type":"Article","@id":"https:\/\/raed.academy\/ca\/mario-molina-premi-nobel-quimica-in-memoriam\/#article","isPartOf":{"@id":"https:\/\/raed.academy\/ca\/mario-molina-premi-nobel-quimica-in-memoriam\/"},"author":{"name":"RAED","@id":"https:\/\/raed.academy\/ca\/#\/schema\/person\/5a755da80d1d979fd66ba745c8702927"},"headline":"Mario Molina, in memoriam","datePublished":"2020-10-14T17:18:56+00:00","dateModified":"2020-10-15T08:12:03+00:00","mainEntityOfPage":{"@id":"https:\/\/raed.academy\/ca\/mario-molina-premi-nobel-quimica-in-memoriam\/"},"wordCount":733,"publisher":{"@id":"https:\/\/raed.academy\/ca\/#organization"},"image":{"@id":"https:\/\/raed.academy\/ca\/mario-molina-premi-nobel-quimica-in-memoriam\/#primaryimage"},"thumbnailUrl":"https:\/\/raed.academy\/wp-content\/uploads\/2020\/10\/capa-ozono-dst.jpg","articleSection":["Acad\u00e8mics a la societat","Medi ambient"],"inLanguage":"ca-ES"},{"@type":"WebPage","@id":"https:\/\/raed.academy\/ca\/mario-molina-premi-nobel-quimica-in-memoriam\/","url":"https:\/\/raed.academy\/ca\/mario-molina-premi-nobel-quimica-in-memoriam\/","name":"Mario Molina, in memoriam - Reial Acad\u00e8mia Europea de Doctors","isPartOf":{"@id":"https:\/\/raed.academy\/ca\/#website"},"primaryImageOfPage":{"@id":"https:\/\/raed.academy\/ca\/mario-molina-premi-nobel-quimica-in-memoriam\/#primaryimage"},"image":{"@id":"https:\/\/raed.academy\/ca\/mario-molina-premi-nobel-quimica-in-memoriam\/#primaryimage"},"thumbnailUrl":"https:\/\/raed.academy\/wp-content\/uploads\/2020\/10\/capa-ozono-dst.jpg","datePublished":"2020-10-14T17:18:56+00:00","dateModified":"2020-10-15T08:12:03+00:00","description":"Ad\u00e9u a Mario Molina, Premi Nobel de Qu\u00edmica l'any 1995 pels seus descobriments sobre la p\u00e8rdua de la capa d'oz\u00f3 en els pols terrestres","breadcrumb":{"@id":"https:\/\/raed.academy\/ca\/mario-molina-premi-nobel-quimica-in-memoriam\/#breadcrumb"},"inLanguage":"ca-ES","potentialAction":[{"@type":"ReadAction","target":["https:\/\/raed.academy\/ca\/mario-molina-premi-nobel-quimica-in-memoriam\/"]}]},{"@type":"ImageObject","inLanguage":"ca-ES","@id":"https:\/\/raed.academy\/ca\/mario-molina-premi-nobel-quimica-in-memoriam\/#primaryimage","url":"https:\/\/raed.academy\/wp-content\/uploads\/2020\/10\/capa-ozono-dst.jpg","contentUrl":"https:\/\/raed.academy\/wp-content\/uploads\/2020\/10\/capa-ozono-dst.jpg","width":750,"height":450},{"@type":"BreadcrumbList","@id":"https:\/\/raed.academy\/ca\/mario-molina-premi-nobel-quimica-in-memoriam\/#breadcrumb","itemListElement":[{"@type":"ListItem","position":1,"name":"Inicio","item":"https:\/\/raed.academy\/ca\/"},{"@type":"ListItem","position":2,"name":"Mario Molina, in memoriam"}]},{"@type":"WebSite","@id":"https:\/\/raed.academy\/ca\/#website","url":"https:\/\/raed.academy\/ca\/","name":"Reial Acad\u00e8mia Europea de Doctors","description":"Corporaci\u00f3n de derecho p\u00fablico de car\u00e1cter cient\u00edfico, t\u00e9cnico y art\u00edstico, que tiene por objeto la investigaci\u00f3n, el estudio, el fomento y la extensi\u00f3n del conocimiento en su sentido m\u00e1s amplio","publisher":{"@id":"https:\/\/raed.academy\/ca\/#organization"},"potentialAction":[{"@type":"SearchAction","target":{"@type":"EntryPoint","urlTemplate":"https:\/\/raed.academy\/ca\/?s={search_term_string}"},"query-input":{"@type":"PropertyValueSpecification","valueRequired":true,"valueName":"search_term_string"}}],"inLanguage":"ca-ES"},{"@type":"Organization","@id":"https:\/\/raed.academy\/ca\/#organization","name":"Real Academia Europea de Doctores","url":"https:\/\/raed.academy\/ca\/","logo":{"@type":"ImageObject","inLanguage":"ca-ES","@id":"https:\/\/raed.academy\/ca\/#\/schema\/logo\/image\/","url":"https:\/\/raed.academy\/wp-content\/uploads\/2017\/01\/cropped-logo_raed.png","contentUrl":"https:\/\/raed.academy\/wp-content\/uploads\/2017\/01\/cropped-logo_raed.png","width":512,"height":512,"caption":"Real Academia Europea de Doctores"},"image":{"@id":"https:\/\/raed.academy\/ca\/#\/schema\/logo\/image\/"},"sameAs":["http:\/\/fb.me\/raed.academy","https:\/\/x.com\/raedacademy","https:\/\/www.instagram.com\/raed.academy\/","https:\/\/www.youtube.com\/channel\/UCUYQwW2KrdirNWihxMDObwg"]},{"@type":"Person","@id":"https:\/\/raed.academy\/ca\/#\/schema\/person\/5a755da80d1d979fd66ba745c8702927","name":"RAED","image":{"@type":"ImageObject","inLanguage":"ca-ES","@id":"https:\/\/secure.gravatar.com\/avatar\/19fdfdc0d67fb9c45714b703a2ac82251c4fcea3637f002ac3c9b74c0183583c?s=96&d=mm&r=g","url":"https:\/\/secure.gravatar.com\/avatar\/19fdfdc0d67fb9c45714b703a2ac82251c4fcea3637f002ac3c9b74c0183583c?s=96&d=mm&r=g","contentUrl":"https:\/\/secure.gravatar.com\/avatar\/19fdfdc0d67fb9c45714b703a2ac82251c4fcea3637f002ac3c9b74c0183583c?s=96&d=mm&r=g","caption":"RAED"}}]}},"_links":{"self":[{"href":"https:\/\/raed.academy\/ca\/wp-json\/wp\/v2\/posts\/94383","targetHints":{"allow":["GET"]}}],"collection":[{"href":"https:\/\/raed.academy\/ca\/wp-json\/wp\/v2\/posts"}],"about":[{"href":"https:\/\/raed.academy\/ca\/wp-json\/wp\/v2\/types\/post"}],"author":[{"embeddable":true,"href":"https:\/\/raed.academy\/ca\/wp-json\/wp\/v2\/users\/12"}],"replies":[{"embeddable":true,"href":"https:\/\/raed.academy\/ca\/wp-json\/wp\/v2\/comments?post=94383"}],"version-history":[{"count":0,"href":"https:\/\/raed.academy\/ca\/wp-json\/wp\/v2\/posts\/94383\/revisions"}],"wp:featuredmedia":[{"embeddable":true,"href":"https:\/\/raed.academy\/ca\/wp-json\/wp\/v2\/media\/94329"}],"wp:attachment":[{"href":"https:\/\/raed.academy\/ca\/wp-json\/wp\/v2\/media?parent=94383"}],"wp:term":[{"taxonomy":"category","embeddable":true,"href":"https:\/\/raed.academy\/ca\/wp-json\/wp\/v2\/categories?post=94383"},{"taxonomy":"post_tag","embeddable":true,"href":"https:\/\/raed.academy\/ca\/wp-json\/wp\/v2\/tags?post=94383"}],"curies":[{"name":"wp","href":"https:\/\/api.w.org\/{rel}","templated":true}]}}