{"id":94183,"date":"2020-10-07T12:06:34","date_gmt":"2020-10-07T12:06:34","guid":{"rendered":"https:\/\/raed.academy\/?p=94183"},"modified":"2020-10-08T09:12:05","modified_gmt":"2020-10-08T09:12:05","slug":"historia-de-la-teologia-cristiana-josep-ignasi-saranyana","status":"publish","type":"post","link":"https:\/\/raed.academy\/ca\/historia-de-la-teologia-cristiana-josep-ignasi-saranyana\/","title":{"rendered":"M\u00e9s de mil anys de teologia"},"content":{"rendered":"<p><a href=\"https:\/\/raed.academy\/ca\/academics\/dr-josep-ignasi-saranyana-closa\/\" target=\"_blank\" rel=\"noopener noreferrer\"><em><strong>Josep Ignasi Saranyana<\/strong><\/em><\/a><br \/>\n<em>Pr<\/em><em>ofessor em\u00e8rit de la Universitat de Navarra, acad\u00e8mic corresponent de la Reial Acad\u00e8mia d&#8217;Hist\u00f2ria, membre &#8220;in carica&#8221; \u200b\u200bdel Pontifici Comit\u00e8 de Ci\u00e8ncies Hist\u00f2riques del Vatic\u00e0 i acad\u00e8mic de n\u00famero de la Reial Acad\u00e8mia Europea de Doctors-Barcelona 1914<\/em><\/p>\n<p><strong><img loading=\"lazy\" decoding=\"async\" class=\"alignleft size-full wp-image-94144\" src=\"https:\/\/raed.academy\/wp-content\/uploads\/2020\/10\/Historia-de-la-teologia-cristiana-750-2000.jpg\" alt=\"Historia de la teolog\u00eda cristiana (750-2000). Libro de Josep Ignasi Saranyana\" width=\"386\" height=\"559\" data-attachment-id=\"94144\" data-permalink=\"https:\/\/raed.academy\/historia-de-la-teologia-cristiana-josep-ignasi-saranyana\/historia-de-la-teologia-cristiana-750-2000\/\" data-orig-file=\"https:\/\/raed.academy\/wp-content\/uploads\/2020\/10\/Historia-de-la-teologia-cristiana-750-2000.jpg\" data-orig-size=\"386,559\" data-comments-opened=\"0\" data-image-meta=\"{&quot;aperture&quot;:&quot;0&quot;,&quot;credit&quot;:&quot;&quot;,&quot;camera&quot;:&quot;&quot;,&quot;caption&quot;:&quot;&quot;,&quot;created_timestamp&quot;:&quot;0&quot;,&quot;copyright&quot;:&quot;&quot;,&quot;focal_length&quot;:&quot;0&quot;,&quot;iso&quot;:&quot;0&quot;,&quot;shutter_speed&quot;:&quot;0&quot;,&quot;title&quot;:&quot;&quot;,&quot;orientation&quot;:&quot;0&quot;}\" data-image-title=\"Historia de la teolog\u00eda cristiana (750-2000). Libro de Josep Ignasi Saranyana\" data-image-description=\"&lt;p&gt;Historia de la teolog\u00eda cristiana (750-2000). Libro de Josep Ignasi Saranyana&lt;\/p&gt;\n\" data-medium-file=\"https:\/\/raed.academy\/wp-content\/uploads\/2020\/10\/Historia-de-la-teologia-cristiana-750-2000.jpg\" data-large-file=\"https:\/\/raed.academy\/wp-content\/uploads\/2020\/10\/Historia-de-la-teologia-cristiana-750-2000.jpg\" \/><\/strong><a href=\"https:\/\/raed.academy\/ca\/academics\/dr-josep-ignasi-saranyana-closa\/\" target=\"_blank\" rel=\"noopener noreferrer\"><em><strong>Josep Ignasi Saranyana<\/strong><\/em><\/a>, professor em\u00e8rit de la<strong> Universitat de Navarra<\/strong>, membre &#8220;in carica&#8221; \u200b\u200bdel <strong>Pontifici Comit\u00e8 de Ci\u00e8ncies Hist\u00f2riques<\/strong> i acad\u00e8mic numerari de la <strong>Reial Acad\u00e8mia Europea de Doctors<\/strong>, ha publicat l&#8217;obra <b>&#8220;Historia de la teolog\u00eda cristiana (750-2000 )&#8221;<\/b> (Eunsa), una magna obra que pr\u00e0cticament arriba al miler de p\u00e0gines on l&#8217;estudi\u00f3s aborda la hist\u00f2ria i l&#8217;evoluci\u00f3 del Cristianisme des d&#8217;una vessant teol\u00f2gica des del seu desenvolupament i implantaci\u00f3 a tot Europa.<\/p>\n<p>Es tracta d&#8217;un text sorgit de les lli\u00e7ons que el propi Saranyana ha impartit a la Universitat de Navarra des del 1985, reposades i treballades al llarg dels anys. Est\u00e0 dividit en dues parts: la primera que abasta des de l&#8217;any 750, amb el profund canvi que va suposar l&#8217;inici del regnat de la dinastia carol\u00edngia, fins a la fi del Gran Segle Franc\u00e8s. La segona part, la m\u00e9s extensa, comen\u00e7a amb el pietisme luter\u00e0, centrant-se en el deisme angl\u00e8s amb la figura cabdal que va ser <strong>David Hume<\/strong>, fins arribar a les acaballes de segle XX.<\/p>\n<div id=\"attachment_69451\" style=\"width: 230px\" class=\"wp-caption alignright\"><img loading=\"lazy\" decoding=\"async\" aria-describedby=\"caption-attachment-69451\" class=\"wp-image-69451 size-full\" src=\"https:\/\/raed.academy\/wp-content\/uploads\/2019\/03\/Josep-ignasi-Saranyana.jpg\" alt=\"Dr. Josep ignasi Saranyana\" width=\"220\" height=\"178\" aria-describedby=\"caption-attachment-69451\" data-attachment-id=\"69451\" data-permalink=\"https:\/\/raed.academy\/el-cristianismo-en-la-modernidad\/josep-ignasi-saranyana\/\" data-orig-file=\"https:\/\/raed.academy\/wp-content\/uploads\/2019\/03\/Josep-ignasi-Saranyana.jpg\" data-orig-size=\"220,178\" data-comments-opened=\"0\" data-image-meta=\"{&quot;aperture&quot;:&quot;0&quot;,&quot;credit&quot;:&quot;&quot;,&quot;camera&quot;:&quot;&quot;,&quot;caption&quot;:&quot;&quot;,&quot;created_timestamp&quot;:&quot;0&quot;,&quot;copyright&quot;:&quot;&quot;,&quot;focal_length&quot;:&quot;0&quot;,&quot;iso&quot;:&quot;0&quot;,&quot;shutter_speed&quot;:&quot;0&quot;,&quot;title&quot;:&quot;&quot;,&quot;orientation&quot;:&quot;0&quot;}\" data-image-title=\"Dr. Josep ignasi Saranyana\" data-image-description=\"\" data-medium-file=\"https:\/\/raed.academy\/wp-content\/uploads\/2019\/03\/Josep-ignasi-Saranyana.jpg\" data-large-file=\"https:\/\/raed.academy\/wp-content\/uploads\/2019\/03\/Josep-ignasi-Saranyana.jpg\" \/><p id=\"caption-attachment-69451\" class=\"wp-caption-text\">Dr. Josep ignasi Saranyana<\/p><\/div>\n<p><strong>Saranyana<\/strong> revela una gran continu\u00eftat en el transcurs hist\u00f2ric de la teologia, amb tres hiats importants: el descobriment de la transcendentalitat de l&#8217;\u00e9sser per part de Sant <strong>Tom\u00e0s d&#8217;Aquino<\/strong> en la segona meitat del segle XIII, la consolidaci\u00f3 de l&#8217;empirisme arran de les reflexions de David Hume un cop despertat del seu somni dogm\u00e0tic i l&#8217;obra d&#8217;<strong>Immanuel Kant<\/strong>, i, finalment, l&#8217;aparici\u00f3 de la cr\u00edtica de la ra\u00f3 hist\u00f2rica, per obra de <strong>Friedrich Schleiermacher<\/strong>, al comen\u00e7ament del segle XIX.<\/p>\n<p>Es tracta, doncs, d&#8217;un llibre de text, pensat com a obra de consulta per als estudiants universitaris, i com a text per als professors per aprofundir en alguns cap\u00edtols importants de pensament cristi\u00e0 (cat\u00f2lic, luter\u00e0 i reformat, aix\u00ed com la tradici\u00f3 ortodoxa).<\/p>\n","protected":false},"excerpt":{"rendered":"<p>Josep Ignasi Saranyana aborda l&#8217;evoluci\u00f3 del Cristianisme a la seva nova obra: &#8220;Historia de la teolog\u00eda cristiana (750-2000)&#8221;, des d&#8217;una vessant teol\u00f2gica des del seu desenvolupament i implantaci\u00f3 a tot Europa.<\/p>\n","protected":false},"author":12,"featured_media":94148,"comment_status":"closed","ping_status":"closed","sticky":false,"template":"","format":"standard","meta":{"_et_pb_use_builder":"","_et_pb_old_content":"","_et_gb_content_width":"","footnotes":""},"categories":[242,252],"tags":[],"class_list":["post-94183","post","type-post","status-publish","format-standard","has-post-thumbnail","hentry","category-categ-historia","category-teologia-ca","et-has-post-format-content","et_post_format-et-post-format-standard"],"yoast_head":"<!-- This site is optimized with the Yoast SEO plugin v27.4 - https:\/\/yoast.com\/product\/yoast-seo-wordpress\/ -->\n<title>M\u00e9s de mil anys de teologia - Reial Acad\u00e8mia Europea de Doctors<\/title>\n<meta name=\"description\" content=\"Josep Ignasi Saranyana aborda l&#039;evoluci\u00f3 del Cristianisme a la seva nova obra: &quot;Historia de la teolog\u00eda cristiana (750-2000)&quot;\" \/>\n<meta name=\"robots\" content=\"index, follow, max-snippet:-1, max-image-preview:large, max-video-preview:-1\" \/>\n<link rel=\"canonical\" href=\"https:\/\/raed.academy\/ca\/historia-de-la-teologia-cristiana-josep-ignasi-saranyana\/\" \/>\n<meta property=\"og:locale\" content=\"ca_ES\" \/>\n<meta property=\"og:type\" content=\"article\" \/>\n<meta property=\"og:title\" content=\"M\u00e9s de mil anys de teologia - Reial Acad\u00e8mia Europea de Doctors\" \/>\n<meta property=\"og:description\" content=\"Josep Ignasi Saranyana aborda l&#039;evoluci\u00f3 del Cristianisme a la seva nova obra: &quot;Historia de la teolog\u00eda cristiana (750-2000)&quot;\" \/>\n<meta property=\"og:url\" content=\"https:\/\/raed.academy\/ca\/historia-de-la-teologia-cristiana-josep-ignasi-saranyana\/\" \/>\n<meta property=\"og:site_name\" content=\"Reial Acad\u00e8mia Europea de Doctors\" \/>\n<meta property=\"article:publisher\" content=\"http:\/\/fb.me\/raed.academy\" \/>\n<meta property=\"article:published_time\" content=\"2020-10-07T12:06:34+00:00\" \/>\n<meta property=\"article:modified_time\" content=\"2020-10-08T09:12:05+00:00\" \/>\n<meta property=\"og:image\" content=\"https:\/\/raed.academy\/wp-content\/uploads\/2020\/10\/Baldaquino-de-Tost-dst.jpg\" \/>\n\t<meta property=\"og:image:width\" content=\"750\" \/>\n\t<meta property=\"og:image:height\" content=\"450\" \/>\n\t<meta property=\"og:image:type\" content=\"image\/jpeg\" \/>\n<meta name=\"author\" content=\"RAED\" \/>\n<meta name=\"twitter:card\" content=\"summary_large_image\" \/>\n<meta name=\"twitter:creator\" content=\"@raedacademy\" \/>\n<meta name=\"twitter:site\" content=\"@raedacademy\" \/>\n<meta name=\"twitter:label1\" content=\"Written by\" \/>\n\t<meta name=\"twitter:data1\" content=\"RAED\" \/>\n\t<meta name=\"twitter:label2\" content=\"Est. reading time\" \/>\n\t<meta name=\"twitter:data2\" content=\"2 minutes\" \/>\n<script type=\"application\/ld+json\" class=\"yoast-schema-graph\">{\"@context\":\"https:\\\/\\\/schema.org\",\"@graph\":[{\"@type\":\"Article\",\"@id\":\"https:\\\/\\\/raed.academy\\\/ca\\\/historia-de-la-teologia-cristiana-josep-ignasi-saranyana\\\/#article\",\"isPartOf\":{\"@id\":\"https:\\\/\\\/raed.academy\\\/ca\\\/historia-de-la-teologia-cristiana-josep-ignasi-saranyana\\\/\"},\"author\":{\"name\":\"RAED\",\"@id\":\"https:\\\/\\\/raed.academy\\\/ca\\\/#\\\/schema\\\/person\\\/5a755da80d1d979fd66ba745c8702927\"},\"headline\":\"M\u00e9s de mil anys de teologia\",\"datePublished\":\"2020-10-07T12:06:34+00:00\",\"dateModified\":\"2020-10-08T09:12:05+00:00\",\"mainEntityOfPage\":{\"@id\":\"https:\\\/\\\/raed.academy\\\/ca\\\/historia-de-la-teologia-cristiana-josep-ignasi-saranyana\\\/\"},\"wordCount\":394,\"publisher\":{\"@id\":\"https:\\\/\\\/raed.academy\\\/ca\\\/#organization\"},\"image\":{\"@id\":\"https:\\\/\\\/raed.academy\\\/ca\\\/historia-de-la-teologia-cristiana-josep-ignasi-saranyana\\\/#primaryimage\"},\"thumbnailUrl\":\"https:\\\/\\\/raed.academy\\\/wp-content\\\/uploads\\\/2020\\\/10\\\/Baldaquino-de-Tost-dst.jpg\",\"articleSection\":[\"Hist\u00f2ria\",\"Teologia\"],\"inLanguage\":\"ca-ES\"},{\"@type\":\"WebPage\",\"@id\":\"https:\\\/\\\/raed.academy\\\/ca\\\/historia-de-la-teologia-cristiana-josep-ignasi-saranyana\\\/\",\"url\":\"https:\\\/\\\/raed.academy\\\/ca\\\/historia-de-la-teologia-cristiana-josep-ignasi-saranyana\\\/\",\"name\":\"M\u00e9s de mil anys de teologia - Reial Acad\u00e8mia Europea de Doctors\",\"isPartOf\":{\"@id\":\"https:\\\/\\\/raed.academy\\\/ca\\\/#website\"},\"primaryImageOfPage\":{\"@id\":\"https:\\\/\\\/raed.academy\\\/ca\\\/historia-de-la-teologia-cristiana-josep-ignasi-saranyana\\\/#primaryimage\"},\"image\":{\"@id\":\"https:\\\/\\\/raed.academy\\\/ca\\\/historia-de-la-teologia-cristiana-josep-ignasi-saranyana\\\/#primaryimage\"},\"thumbnailUrl\":\"https:\\\/\\\/raed.academy\\\/wp-content\\\/uploads\\\/2020\\\/10\\\/Baldaquino-de-Tost-dst.jpg\",\"datePublished\":\"2020-10-07T12:06:34+00:00\",\"dateModified\":\"2020-10-08T09:12:05+00:00\",\"description\":\"Josep Ignasi Saranyana aborda l'evoluci\u00f3 del Cristianisme a la seva nova obra: \\\"Historia de la teolog\u00eda cristiana (750-2000)\\\"\",\"breadcrumb\":{\"@id\":\"https:\\\/\\\/raed.academy\\\/ca\\\/historia-de-la-teologia-cristiana-josep-ignasi-saranyana\\\/#breadcrumb\"},\"inLanguage\":\"ca-ES\",\"potentialAction\":[{\"@type\":\"ReadAction\",\"target\":[\"https:\\\/\\\/raed.academy\\\/ca\\\/historia-de-la-teologia-cristiana-josep-ignasi-saranyana\\\/\"]}]},{\"@type\":\"ImageObject\",\"inLanguage\":\"ca-ES\",\"@id\":\"https:\\\/\\\/raed.academy\\\/ca\\\/historia-de-la-teologia-cristiana-josep-ignasi-saranyana\\\/#primaryimage\",\"url\":\"https:\\\/\\\/raed.academy\\\/wp-content\\\/uploads\\\/2020\\\/10\\\/Baldaquino-de-Tost-dst.jpg\",\"contentUrl\":\"https:\\\/\\\/raed.academy\\\/wp-content\\\/uploads\\\/2020\\\/10\\\/Baldaquino-de-Tost-dst.jpg\",\"width\":750,\"height\":450},{\"@type\":\"BreadcrumbList\",\"@id\":\"https:\\\/\\\/raed.academy\\\/ca\\\/historia-de-la-teologia-cristiana-josep-ignasi-saranyana\\\/#breadcrumb\",\"itemListElement\":[{\"@type\":\"ListItem\",\"position\":1,\"name\":\"Inicio\",\"item\":\"https:\\\/\\\/raed.academy\\\/ca\\\/\"},{\"@type\":\"ListItem\",\"position\":2,\"name\":\"M\u00e9s de mil anys de teologia\"}]},{\"@type\":\"WebSite\",\"@id\":\"https:\\\/\\\/raed.academy\\\/ca\\\/#website\",\"url\":\"https:\\\/\\\/raed.academy\\\/ca\\\/\",\"name\":\"Reial Acad\u00e8mia Europea de Doctors\",\"description\":\"Corporaci\u00f3n de derecho p\u00fablico de car\u00e1cter cient\u00edfico, t\u00e9cnico y art\u00edstico, que tiene por objeto la investigaci\u00f3n, el estudio, el fomento y la extensi\u00f3n del conocimiento en su sentido m\u00e1s amplio\",\"publisher\":{\"@id\":\"https:\\\/\\\/raed.academy\\\/ca\\\/#organization\"},\"potentialAction\":[{\"@type\":\"SearchAction\",\"target\":{\"@type\":\"EntryPoint\",\"urlTemplate\":\"https:\\\/\\\/raed.academy\\\/ca\\\/?s={search_term_string}\"},\"query-input\":{\"@type\":\"PropertyValueSpecification\",\"valueRequired\":true,\"valueName\":\"search_term_string\"}}],\"inLanguage\":\"ca-ES\"},{\"@type\":\"Organization\",\"@id\":\"https:\\\/\\\/raed.academy\\\/ca\\\/#organization\",\"name\":\"Real Academia Europea de Doctores\",\"url\":\"https:\\\/\\\/raed.academy\\\/ca\\\/\",\"logo\":{\"@type\":\"ImageObject\",\"inLanguage\":\"ca-ES\",\"@id\":\"https:\\\/\\\/raed.academy\\\/ca\\\/#\\\/schema\\\/logo\\\/image\\\/\",\"url\":\"https:\\\/\\\/raed.academy\\\/wp-content\\\/uploads\\\/2017\\\/01\\\/cropped-logo_raed.png\",\"contentUrl\":\"https:\\\/\\\/raed.academy\\\/wp-content\\\/uploads\\\/2017\\\/01\\\/cropped-logo_raed.png\",\"width\":512,\"height\":512,\"caption\":\"Real Academia Europea de Doctores\"},\"image\":{\"@id\":\"https:\\\/\\\/raed.academy\\\/ca\\\/#\\\/schema\\\/logo\\\/image\\\/\"},\"sameAs\":[\"http:\\\/\\\/fb.me\\\/raed.academy\",\"https:\\\/\\\/x.com\\\/raedacademy\",\"https:\\\/\\\/www.instagram.com\\\/raed.academy\\\/\",\"https:\\\/\\\/www.youtube.com\\\/channel\\\/UCUYQwW2KrdirNWihxMDObwg\"]},{\"@type\":\"Person\",\"@id\":\"https:\\\/\\\/raed.academy\\\/ca\\\/#\\\/schema\\\/person\\\/5a755da80d1d979fd66ba745c8702927\",\"name\":\"RAED\",\"image\":{\"@type\":\"ImageObject\",\"inLanguage\":\"ca-ES\",\"@id\":\"https:\\\/\\\/secure.gravatar.com\\\/avatar\\\/19fdfdc0d67fb9c45714b703a2ac82251c4fcea3637f002ac3c9b74c0183583c?s=96&d=mm&r=g\",\"url\":\"https:\\\/\\\/secure.gravatar.com\\\/avatar\\\/19fdfdc0d67fb9c45714b703a2ac82251c4fcea3637f002ac3c9b74c0183583c?s=96&d=mm&r=g\",\"contentUrl\":\"https:\\\/\\\/secure.gravatar.com\\\/avatar\\\/19fdfdc0d67fb9c45714b703a2ac82251c4fcea3637f002ac3c9b74c0183583c?s=96&d=mm&r=g\",\"caption\":\"RAED\"}}]}<\/script>\n<!-- \/ Yoast SEO plugin. -->","yoast_head_json":{"title":"M\u00e9s de mil anys de teologia - Reial Acad\u00e8mia Europea de Doctors","description":"Josep Ignasi Saranyana aborda l'evoluci\u00f3 del Cristianisme a la seva nova obra: \"Historia de la teolog\u00eda cristiana (750-2000)\"","robots":{"index":"index","follow":"follow","max-snippet":"max-snippet:-1","max-image-preview":"max-image-preview:large","max-video-preview":"max-video-preview:-1"},"canonical":"https:\/\/raed.academy\/ca\/historia-de-la-teologia-cristiana-josep-ignasi-saranyana\/","og_locale":"ca_ES","og_type":"article","og_title":"M\u00e9s de mil anys de teologia - Reial Acad\u00e8mia Europea de Doctors","og_description":"Josep Ignasi Saranyana aborda l'evoluci\u00f3 del Cristianisme a la seva nova obra: \"Historia de la teolog\u00eda cristiana (750-2000)\"","og_url":"https:\/\/raed.academy\/ca\/historia-de-la-teologia-cristiana-josep-ignasi-saranyana\/","og_site_name":"Reial Acad\u00e8mia Europea de Doctors","article_publisher":"http:\/\/fb.me\/raed.academy","article_published_time":"2020-10-07T12:06:34+00:00","article_modified_time":"2020-10-08T09:12:05+00:00","og_image":[{"width":750,"height":450,"url":"https:\/\/raed.academy\/wp-content\/uploads\/2020\/10\/Baldaquino-de-Tost-dst.jpg","type":"image\/jpeg"}],"author":"RAED","twitter_card":"summary_large_image","twitter_creator":"@raedacademy","twitter_site":"@raedacademy","twitter_misc":{"Written by":"RAED","Est. reading time":"2 minutes"},"schema":{"@context":"https:\/\/schema.org","@graph":[{"@type":"Article","@id":"https:\/\/raed.academy\/ca\/historia-de-la-teologia-cristiana-josep-ignasi-saranyana\/#article","isPartOf":{"@id":"https:\/\/raed.academy\/ca\/historia-de-la-teologia-cristiana-josep-ignasi-saranyana\/"},"author":{"name":"RAED","@id":"https:\/\/raed.academy\/ca\/#\/schema\/person\/5a755da80d1d979fd66ba745c8702927"},"headline":"M\u00e9s de mil anys de teologia","datePublished":"2020-10-07T12:06:34+00:00","dateModified":"2020-10-08T09:12:05+00:00","mainEntityOfPage":{"@id":"https:\/\/raed.academy\/ca\/historia-de-la-teologia-cristiana-josep-ignasi-saranyana\/"},"wordCount":394,"publisher":{"@id":"https:\/\/raed.academy\/ca\/#organization"},"image":{"@id":"https:\/\/raed.academy\/ca\/historia-de-la-teologia-cristiana-josep-ignasi-saranyana\/#primaryimage"},"thumbnailUrl":"https:\/\/raed.academy\/wp-content\/uploads\/2020\/10\/Baldaquino-de-Tost-dst.jpg","articleSection":["Hist\u00f2ria","Teologia"],"inLanguage":"ca-ES"},{"@type":"WebPage","@id":"https:\/\/raed.academy\/ca\/historia-de-la-teologia-cristiana-josep-ignasi-saranyana\/","url":"https:\/\/raed.academy\/ca\/historia-de-la-teologia-cristiana-josep-ignasi-saranyana\/","name":"M\u00e9s de mil anys de teologia - Reial Acad\u00e8mia Europea de Doctors","isPartOf":{"@id":"https:\/\/raed.academy\/ca\/#website"},"primaryImageOfPage":{"@id":"https:\/\/raed.academy\/ca\/historia-de-la-teologia-cristiana-josep-ignasi-saranyana\/#primaryimage"},"image":{"@id":"https:\/\/raed.academy\/ca\/historia-de-la-teologia-cristiana-josep-ignasi-saranyana\/#primaryimage"},"thumbnailUrl":"https:\/\/raed.academy\/wp-content\/uploads\/2020\/10\/Baldaquino-de-Tost-dst.jpg","datePublished":"2020-10-07T12:06:34+00:00","dateModified":"2020-10-08T09:12:05+00:00","description":"Josep Ignasi Saranyana aborda l'evoluci\u00f3 del Cristianisme a la seva nova obra: \"Historia de la teolog\u00eda cristiana (750-2000)\"","breadcrumb":{"@id":"https:\/\/raed.academy\/ca\/historia-de-la-teologia-cristiana-josep-ignasi-saranyana\/#breadcrumb"},"inLanguage":"ca-ES","potentialAction":[{"@type":"ReadAction","target":["https:\/\/raed.academy\/ca\/historia-de-la-teologia-cristiana-josep-ignasi-saranyana\/"]}]},{"@type":"ImageObject","inLanguage":"ca-ES","@id":"https:\/\/raed.academy\/ca\/historia-de-la-teologia-cristiana-josep-ignasi-saranyana\/#primaryimage","url":"https:\/\/raed.academy\/wp-content\/uploads\/2020\/10\/Baldaquino-de-Tost-dst.jpg","contentUrl":"https:\/\/raed.academy\/wp-content\/uploads\/2020\/10\/Baldaquino-de-Tost-dst.jpg","width":750,"height":450},{"@type":"BreadcrumbList","@id":"https:\/\/raed.academy\/ca\/historia-de-la-teologia-cristiana-josep-ignasi-saranyana\/#breadcrumb","itemListElement":[{"@type":"ListItem","position":1,"name":"Inicio","item":"https:\/\/raed.academy\/ca\/"},{"@type":"ListItem","position":2,"name":"M\u00e9s de mil anys de teologia"}]},{"@type":"WebSite","@id":"https:\/\/raed.academy\/ca\/#website","url":"https:\/\/raed.academy\/ca\/","name":"Reial Acad\u00e8mia Europea de Doctors","description":"Corporaci\u00f3n de derecho p\u00fablico de car\u00e1cter cient\u00edfico, t\u00e9cnico y art\u00edstico, que tiene por objeto la investigaci\u00f3n, el estudio, el fomento y la extensi\u00f3n del conocimiento en su sentido m\u00e1s amplio","publisher":{"@id":"https:\/\/raed.academy\/ca\/#organization"},"potentialAction":[{"@type":"SearchAction","target":{"@type":"EntryPoint","urlTemplate":"https:\/\/raed.academy\/ca\/?s={search_term_string}"},"query-input":{"@type":"PropertyValueSpecification","valueRequired":true,"valueName":"search_term_string"}}],"inLanguage":"ca-ES"},{"@type":"Organization","@id":"https:\/\/raed.academy\/ca\/#organization","name":"Real Academia Europea de Doctores","url":"https:\/\/raed.academy\/ca\/","logo":{"@type":"ImageObject","inLanguage":"ca-ES","@id":"https:\/\/raed.academy\/ca\/#\/schema\/logo\/image\/","url":"https:\/\/raed.academy\/wp-content\/uploads\/2017\/01\/cropped-logo_raed.png","contentUrl":"https:\/\/raed.academy\/wp-content\/uploads\/2017\/01\/cropped-logo_raed.png","width":512,"height":512,"caption":"Real Academia Europea de Doctores"},"image":{"@id":"https:\/\/raed.academy\/ca\/#\/schema\/logo\/image\/"},"sameAs":["http:\/\/fb.me\/raed.academy","https:\/\/x.com\/raedacademy","https:\/\/www.instagram.com\/raed.academy\/","https:\/\/www.youtube.com\/channel\/UCUYQwW2KrdirNWihxMDObwg"]},{"@type":"Person","@id":"https:\/\/raed.academy\/ca\/#\/schema\/person\/5a755da80d1d979fd66ba745c8702927","name":"RAED","image":{"@type":"ImageObject","inLanguage":"ca-ES","@id":"https:\/\/secure.gravatar.com\/avatar\/19fdfdc0d67fb9c45714b703a2ac82251c4fcea3637f002ac3c9b74c0183583c?s=96&d=mm&r=g","url":"https:\/\/secure.gravatar.com\/avatar\/19fdfdc0d67fb9c45714b703a2ac82251c4fcea3637f002ac3c9b74c0183583c?s=96&d=mm&r=g","contentUrl":"https:\/\/secure.gravatar.com\/avatar\/19fdfdc0d67fb9c45714b703a2ac82251c4fcea3637f002ac3c9b74c0183583c?s=96&d=mm&r=g","caption":"RAED"}}]}},"_links":{"self":[{"href":"https:\/\/raed.academy\/ca\/wp-json\/wp\/v2\/posts\/94183","targetHints":{"allow":["GET"]}}],"collection":[{"href":"https:\/\/raed.academy\/ca\/wp-json\/wp\/v2\/posts"}],"about":[{"href":"https:\/\/raed.academy\/ca\/wp-json\/wp\/v2\/types\/post"}],"author":[{"embeddable":true,"href":"https:\/\/raed.academy\/ca\/wp-json\/wp\/v2\/users\/12"}],"replies":[{"embeddable":true,"href":"https:\/\/raed.academy\/ca\/wp-json\/wp\/v2\/comments?post=94183"}],"version-history":[{"count":0,"href":"https:\/\/raed.academy\/ca\/wp-json\/wp\/v2\/posts\/94183\/revisions"}],"wp:featuredmedia":[{"embeddable":true,"href":"https:\/\/raed.academy\/ca\/wp-json\/wp\/v2\/media\/94148"}],"wp:attachment":[{"href":"https:\/\/raed.academy\/ca\/wp-json\/wp\/v2\/media?parent=94183"}],"wp:term":[{"taxonomy":"category","embeddable":true,"href":"https:\/\/raed.academy\/ca\/wp-json\/wp\/v2\/categories?post=94183"},{"taxonomy":"post_tag","embeddable":true,"href":"https:\/\/raed.academy\/ca\/wp-json\/wp\/v2\/tags?post=94183"}],"curies":[{"name":"wp","href":"https:\/\/api.w.org\/{rel}","templated":true}]}}