{"id":93467,"date":"2020-09-10T08:18:57","date_gmt":"2020-09-10T08:18:57","guid":{"rendered":"https:\/\/raed.academy\/?p=93467"},"modified":"2020-09-10T10:01:21","modified_gmt":"2020-09-10T10:01:21","slug":"el-paper-despanya-a-la-vacuna-contra-el-coronavirus","status":"publish","type":"post","link":"https:\/\/raed.academy\/ca\/el-paper-despanya-a-la-vacuna-contra-el-coronavirus\/","title":{"rendered":"El paper d&#8217;Espanya a la vacuna contra el coronavirus"},"content":{"rendered":"<p><a href=\"https:\/\/raed.academy\/ca\/academics\/dr-francisco-lopez-munoz\/\" target=\"_blank\" rel=\"noopener noreferrer\"><em><strong>Francisco L\u00f3pez Mu\u00f1oz<\/strong><\/em><\/a><br \/>\n<em>Professor de Farmacologia i vicerector de Recerca i Ci\u00e8ncia i director de l&#8217;Escola Internacional de Doctorat de la Universitat Camilo Jos\u00e9 Cela. <\/em><em>Acad\u00e8mic de n\u00famero de la Reial Acad\u00e8mia Europea de Doctors-Barcelona 1914 (RAED)<\/em><\/p>\n<p><em>Article<\/em><em> publicat al diari digital &#8220;El Espa\u00f1ol&#8221;<\/em><em> el 8 de setembre del 2020<\/em><\/p>\n<div id=\"attachment_93428\" style=\"width: 593px\" class=\"wp-caption alignleft\"><img loading=\"lazy\" decoding=\"async\" aria-describedby=\"caption-attachment-93428\" class=\"wp-image-93428 size-full\" src=\"https:\/\/raed.academy\/wp-content\/uploads\/2020\/09\/Juan-Lopez-Belmonte-Cesar-Hernandez-y-Francisco-Lopez-Munoz.jpg\" sizes=\"(max-width: 583px) 100vw, 583px\" srcset=\"https:\/\/raed.academy\/wp-content\/uploads\/2020\/09\/Juan-Lopez-Belmonte-Cesar-Hernandez-y-Francisco-Lopez-Munoz.jpg 583w, https:\/\/raed.academy\/wp-content\/uploads\/2020\/09\/Juan-Lopez-Belmonte-Cesar-Hernandez-y-Francisco-Lopez-Munoz-440x264.jpg 440w\" alt=\"Juan L\u00f3pez Belmonte, C\u00e9sar Hern\u00e1ndez i Francisco L\u00f3pez Mu\u00f1oz\" width=\"583\" height=\"350\" aria-describedby=\"caption-attachment-93428\" data-attachment-id=\"93428\" data-permalink=\"https:\/\/raed.academy\/el-papel-de-espana-en-la-vacuna-contra-el-coronavirus\/juan-lopez-belmonte-cesar-hernandez-y-francisco-lopez-munoz\/\" data-orig-file=\"https:\/\/raed.academy\/wp-content\/uploads\/2020\/09\/Juan-Lopez-Belmonte-Cesar-Hernandez-y-Francisco-Lopez-Munoz.jpg\" data-orig-size=\"583,350\" data-comments-opened=\"0\" data-image-meta=\"{&quot;aperture&quot;:&quot;0&quot;,&quot;credit&quot;:&quot;&quot;,&quot;camera&quot;:&quot;&quot;,&quot;caption&quot;:&quot;&quot;,&quot;created_timestamp&quot;:&quot;0&quot;,&quot;copyright&quot;:&quot;&quot;,&quot;focal_length&quot;:&quot;0&quot;,&quot;iso&quot;:&quot;0&quot;,&quot;shutter_speed&quot;:&quot;0&quot;,&quot;title&quot;:&quot;&quot;,&quot;orientation&quot;:&quot;0&quot;}\" data-image-title=\"Juan Lopez Belmonte, Cesar Hernandez y Francisco Lopez Mu\u00f1oz\" data-image-description=\"\" data-medium-file=\"https:\/\/raed.academy\/wp-content\/uploads\/2020\/09\/Juan-Lopez-Belmonte-Cesar-Hernandez-y-Francisco-Lopez-Munoz.jpg\" data-large-file=\"https:\/\/raed.academy\/wp-content\/uploads\/2020\/09\/Juan-Lopez-Belmonte-Cesar-Hernandez-y-Francisco-Lopez-Munoz.jpg\" \/><p id=\"caption-attachment-93428\" class=\"wp-caption-text\">Juan L\u00f3pez Belmonte, C\u00e9sar Hern\u00e1ndez i Francisco L\u00f3pez Mu\u00f1oz<\/p><\/div>\n<p><strong>Francisco L\u00f3pez Mu\u00f1oz<\/strong>, professor de Farmacologia de la <strong>Universitat Camilo Jos\u00e9 Cela<\/strong> i acad\u00e8mic de n\u00famero de la <strong>Reial Acad\u00e8mia Europea de Doctors-Barcelona 1914<\/strong> (RAED), va liderar i va moderar el passat 8 de setembre el debat <strong>&#8220;La carrera hacia la vacuna&#8221;<\/strong>, que va comptar amb la participaci\u00f3 de <strong>Juan L\u00f3pez-Belmonte<\/strong>, conseller delegat de la farmac\u00e8utica <strong>Rovi<\/strong>;<strong> Enric Jo<\/strong>, director general industrial i de qualitat de la tamb\u00e9 farmac\u00e8utica <strong>Reig Jofre<\/strong>, i <strong>C\u00e9sar Hern\u00e1ndez<\/strong>, cap de Medicaments d&#8217;\u00das Hum\u00e0 de l&#8217;<strong>Ag\u00e8ncia Espanyola de Medicaments i Productes Sanitaris<\/strong>, en un acte cobert \u00e0mpliament pel diari digital <strong>&#8220;El Espa\u00f1ol&#8221;<\/strong>. Tots ells van reflexionar sobre el paper que jugar\u00e0 la ind\u00fastria espanyola del sector en la producci\u00f3 i comercialitzaci\u00f3 de les futures vacunes del coronavirus SARS-CoV-2, causant de la Covid-19.<\/p>\n<p>Segons recull &#8220;El Espa\u00f1ol&#8221;, la madrilenya Rovi ser\u00e0 la responsable de l&#8217;ompliment i segellat de vials per a <strong>Moderna<\/strong> (s&#8217;ocupar\u00e0 de tota la producci\u00f3 de la companyia americana que es destini a territoris aliens als Estats Units) i la catalana Reig Jofre est\u00e0 pensant fer el mateix per altres prove\u00efdors de l&#8217;antigen. Tot i aix\u00ed, com van declarar els responsables d&#8217;ambdues companyies, la participaci\u00f3 espanyola en la producci\u00f3 de les vacunes de la Covid-19 podria ampliar-se. Totes dues companyies van apel\u00b7lar a el suport de Govern, tant pol\u00edtic com financer. El representant de l&#8217;ag\u00e8ncia administrativa, per la seva banda, va defensar la capacitat d&#8217;Espanya a l&#8217;hora de participar en la producci\u00f3 de l&#8217;antigen contra el coronavirus i va destacar la tasca de recerca cl\u00ednica que s&#8217;hi desenvolupa.<\/p>\n<p>Tant L\u00f3pez Mu\u00f1oz com els tres participants en aquest f\u00f2rum van apel\u00b7lar a la prud\u00e8ncia, tenint en compte que el desenvolupament de qualsevol f\u00e0rmac o vacuna ha de respondre a un procediment rigor\u00f3s en el qual no hi caben ni les presses ni les dreceres. De la mateixa manera que van demanar a el sector, les administracions i l&#8217;opini\u00f3 p\u00fablica no exercir cap tipus de pressi\u00f3 per abaratir costos i fer arribar la vacuna a tots els pa\u00efsos i estrats socials.<\/p>\n<p>&nbsp;<\/p>\n<h3><a href=\"https:\/\/www.elespanol.com\/eventos\/observatorio-de-la-sanidad\/20200908\/laboratorios-espanoles-negocian-ampliar-produccion-vacuna-covid-19\/519199488_0.html\" target=\"_blank\" rel=\"noopener noreferrer\">Llegiu l&#8217;article<\/a><\/h3>\n","protected":false},"excerpt":{"rendered":"<p>Reflexi\u00f3 al debat &#8220;La carrera cap a la vacuna&#8221;, sobre el paper d&#8217;Espanya en les futures vacunes contra el coronavirus SARS-CoV-2<\/p>\n","protected":false},"author":12,"featured_media":93666,"comment_status":"closed","ping_status":"closed","sticky":false,"template":"","format":"standard","meta":{"_et_pb_use_builder":"","_et_pb_old_content":"","_et_gb_content_width":"","footnotes":""},"categories":[268,274,273],"tags":[],"class_list":["post-93467","post","type-post","status-publish","format-standard","has-post-thumbnail","hentry","category-coronavirus-des-del-coneixement","category-economia-i-politica","category-salut","et-has-post-format-content","et_post_format-et-post-format-standard"],"yoast_head":"<!-- This site is optimized with the Yoast SEO plugin v27.4 - https:\/\/yoast.com\/product\/yoast-seo-wordpress\/ -->\n<title>El paper d&#039;Espanya a la vacuna contra el coronavirus - Reial Acad\u00e8mia Europea de Doctors<\/title>\n<meta name=\"description\" content=\"Reflexi\u00f3 al debat &quot;La carrera cap a la vacuna&quot;, sobre el paper d&#039;Espanya en les futures vacunes contra el coronavirus SARS-CoV-2\" \/>\n<meta name=\"robots\" content=\"index, follow, max-snippet:-1, max-image-preview:large, max-video-preview:-1\" \/>\n<link rel=\"canonical\" href=\"https:\/\/raed.academy\/ca\/el-paper-despanya-a-la-vacuna-contra-el-coronavirus\/\" \/>\n<meta property=\"og:locale\" content=\"ca_ES\" \/>\n<meta property=\"og:type\" content=\"article\" \/>\n<meta property=\"og:title\" content=\"El paper d&#039;Espanya a la vacuna contra el coronavirus - Reial Acad\u00e8mia Europea de Doctors\" \/>\n<meta property=\"og:description\" content=\"Reflexi\u00f3 al debat &quot;La carrera cap a la vacuna&quot;, sobre el paper d&#039;Espanya en les futures vacunes contra el coronavirus SARS-CoV-2\" \/>\n<meta property=\"og:url\" content=\"https:\/\/raed.academy\/ca\/el-paper-despanya-a-la-vacuna-contra-el-coronavirus\/\" \/>\n<meta property=\"og:site_name\" content=\"Reial Acad\u00e8mia Europea de Doctors\" \/>\n<meta property=\"article:publisher\" content=\"http:\/\/fb.me\/raed.academy\" \/>\n<meta property=\"article:published_time\" content=\"2020-09-10T08:18:57+00:00\" \/>\n<meta property=\"article:modified_time\" content=\"2020-09-10T10:01:21+00:00\" \/>\n<meta property=\"og:image\" content=\"https:\/\/raed.academy\/wp-content\/uploads\/2020\/09\/Vacuna-Covid-19-dstNtc.jpg\" \/>\n\t<meta property=\"og:image:width\" content=\"500\" \/>\n\t<meta property=\"og:image:height\" content=\"300\" \/>\n\t<meta property=\"og:image:type\" content=\"image\/jpeg\" \/>\n<meta name=\"author\" content=\"RAED\" \/>\n<meta name=\"twitter:card\" content=\"summary_large_image\" \/>\n<meta name=\"twitter:creator\" content=\"@raedacademy\" \/>\n<meta name=\"twitter:site\" content=\"@raedacademy\" \/>\n<meta name=\"twitter:label1\" content=\"Written by\" \/>\n\t<meta name=\"twitter:data1\" content=\"RAED\" \/>\n\t<meta name=\"twitter:label2\" content=\"Est. reading time\" \/>\n\t<meta name=\"twitter:data2\" content=\"2 minutes\" \/>\n<script type=\"application\/ld+json\" class=\"yoast-schema-graph\">{\"@context\":\"https:\\\/\\\/schema.org\",\"@graph\":[{\"@type\":\"Article\",\"@id\":\"https:\\\/\\\/raed.academy\\\/ca\\\/el-paper-despanya-a-la-vacuna-contra-el-coronavirus\\\/#article\",\"isPartOf\":{\"@id\":\"https:\\\/\\\/raed.academy\\\/ca\\\/el-paper-despanya-a-la-vacuna-contra-el-coronavirus\\\/\"},\"author\":{\"name\":\"RAED\",\"@id\":\"https:\\\/\\\/raed.academy\\\/ca\\\/#\\\/schema\\\/person\\\/5a755da80d1d979fd66ba745c8702927\"},\"headline\":\"El paper d&#8217;Espanya a la vacuna contra el coronavirus\",\"datePublished\":\"2020-09-10T08:18:57+00:00\",\"dateModified\":\"2020-09-10T10:01:21+00:00\",\"mainEntityOfPage\":{\"@id\":\"https:\\\/\\\/raed.academy\\\/ca\\\/el-paper-despanya-a-la-vacuna-contra-el-coronavirus\\\/\"},\"wordCount\":463,\"publisher\":{\"@id\":\"https:\\\/\\\/raed.academy\\\/ca\\\/#organization\"},\"image\":{\"@id\":\"https:\\\/\\\/raed.academy\\\/ca\\\/el-paper-despanya-a-la-vacuna-contra-el-coronavirus\\\/#primaryimage\"},\"thumbnailUrl\":\"https:\\\/\\\/raed.academy\\\/wp-content\\\/uploads\\\/2020\\\/09\\\/Vacuna-Covid-19-dstNtc.jpg\",\"articleSection\":[\"Coronavirus des del coneixement\",\"Economia i pol\u00edtica\",\"Salut\"],\"inLanguage\":\"ca-ES\"},{\"@type\":\"WebPage\",\"@id\":\"https:\\\/\\\/raed.academy\\\/ca\\\/el-paper-despanya-a-la-vacuna-contra-el-coronavirus\\\/\",\"url\":\"https:\\\/\\\/raed.academy\\\/ca\\\/el-paper-despanya-a-la-vacuna-contra-el-coronavirus\\\/\",\"name\":\"El paper d'Espanya a la vacuna contra el coronavirus - Reial Acad\u00e8mia Europea de Doctors\",\"isPartOf\":{\"@id\":\"https:\\\/\\\/raed.academy\\\/ca\\\/#website\"},\"primaryImageOfPage\":{\"@id\":\"https:\\\/\\\/raed.academy\\\/ca\\\/el-paper-despanya-a-la-vacuna-contra-el-coronavirus\\\/#primaryimage\"},\"image\":{\"@id\":\"https:\\\/\\\/raed.academy\\\/ca\\\/el-paper-despanya-a-la-vacuna-contra-el-coronavirus\\\/#primaryimage\"},\"thumbnailUrl\":\"https:\\\/\\\/raed.academy\\\/wp-content\\\/uploads\\\/2020\\\/09\\\/Vacuna-Covid-19-dstNtc.jpg\",\"datePublished\":\"2020-09-10T08:18:57+00:00\",\"dateModified\":\"2020-09-10T10:01:21+00:00\",\"description\":\"Reflexi\u00f3 al debat \\\"La carrera cap a la vacuna\\\", sobre el paper d'Espanya en les futures vacunes contra el coronavirus SARS-CoV-2\",\"breadcrumb\":{\"@id\":\"https:\\\/\\\/raed.academy\\\/ca\\\/el-paper-despanya-a-la-vacuna-contra-el-coronavirus\\\/#breadcrumb\"},\"inLanguage\":\"ca-ES\",\"potentialAction\":[{\"@type\":\"ReadAction\",\"target\":[\"https:\\\/\\\/raed.academy\\\/ca\\\/el-paper-despanya-a-la-vacuna-contra-el-coronavirus\\\/\"]}]},{\"@type\":\"ImageObject\",\"inLanguage\":\"ca-ES\",\"@id\":\"https:\\\/\\\/raed.academy\\\/ca\\\/el-paper-despanya-a-la-vacuna-contra-el-coronavirus\\\/#primaryimage\",\"url\":\"https:\\\/\\\/raed.academy\\\/wp-content\\\/uploads\\\/2020\\\/09\\\/Vacuna-Covid-19-dstNtc.jpg\",\"contentUrl\":\"https:\\\/\\\/raed.academy\\\/wp-content\\\/uploads\\\/2020\\\/09\\\/Vacuna-Covid-19-dstNtc.jpg\",\"width\":500,\"height\":300},{\"@type\":\"BreadcrumbList\",\"@id\":\"https:\\\/\\\/raed.academy\\\/ca\\\/el-paper-despanya-a-la-vacuna-contra-el-coronavirus\\\/#breadcrumb\",\"itemListElement\":[{\"@type\":\"ListItem\",\"position\":1,\"name\":\"Inicio\",\"item\":\"https:\\\/\\\/raed.academy\\\/ca\\\/\"},{\"@type\":\"ListItem\",\"position\":2,\"name\":\"El paper d&#8217;Espanya a la vacuna contra el coronavirus\"}]},{\"@type\":\"WebSite\",\"@id\":\"https:\\\/\\\/raed.academy\\\/ca\\\/#website\",\"url\":\"https:\\\/\\\/raed.academy\\\/ca\\\/\",\"name\":\"Reial Acad\u00e8mia Europea de Doctors\",\"description\":\"Corporaci\u00f3n de derecho p\u00fablico de car\u00e1cter cient\u00edfico, t\u00e9cnico y art\u00edstico, que tiene por objeto la investigaci\u00f3n, el estudio, el fomento y la extensi\u00f3n del conocimiento en su sentido m\u00e1s amplio\",\"publisher\":{\"@id\":\"https:\\\/\\\/raed.academy\\\/ca\\\/#organization\"},\"potentialAction\":[{\"@type\":\"SearchAction\",\"target\":{\"@type\":\"EntryPoint\",\"urlTemplate\":\"https:\\\/\\\/raed.academy\\\/ca\\\/?s={search_term_string}\"},\"query-input\":{\"@type\":\"PropertyValueSpecification\",\"valueRequired\":true,\"valueName\":\"search_term_string\"}}],\"inLanguage\":\"ca-ES\"},{\"@type\":\"Organization\",\"@id\":\"https:\\\/\\\/raed.academy\\\/ca\\\/#organization\",\"name\":\"Real Academia Europea de Doctores\",\"url\":\"https:\\\/\\\/raed.academy\\\/ca\\\/\",\"logo\":{\"@type\":\"ImageObject\",\"inLanguage\":\"ca-ES\",\"@id\":\"https:\\\/\\\/raed.academy\\\/ca\\\/#\\\/schema\\\/logo\\\/image\\\/\",\"url\":\"https:\\\/\\\/raed.academy\\\/wp-content\\\/uploads\\\/2017\\\/01\\\/cropped-logo_raed.png\",\"contentUrl\":\"https:\\\/\\\/raed.academy\\\/wp-content\\\/uploads\\\/2017\\\/01\\\/cropped-logo_raed.png\",\"width\":512,\"height\":512,\"caption\":\"Real Academia Europea de Doctores\"},\"image\":{\"@id\":\"https:\\\/\\\/raed.academy\\\/ca\\\/#\\\/schema\\\/logo\\\/image\\\/\"},\"sameAs\":[\"http:\\\/\\\/fb.me\\\/raed.academy\",\"https:\\\/\\\/x.com\\\/raedacademy\",\"https:\\\/\\\/www.instagram.com\\\/raed.academy\\\/\",\"https:\\\/\\\/www.youtube.com\\\/channel\\\/UCUYQwW2KrdirNWihxMDObwg\"]},{\"@type\":\"Person\",\"@id\":\"https:\\\/\\\/raed.academy\\\/ca\\\/#\\\/schema\\\/person\\\/5a755da80d1d979fd66ba745c8702927\",\"name\":\"RAED\",\"image\":{\"@type\":\"ImageObject\",\"inLanguage\":\"ca-ES\",\"@id\":\"https:\\\/\\\/secure.gravatar.com\\\/avatar\\\/19fdfdc0d67fb9c45714b703a2ac82251c4fcea3637f002ac3c9b74c0183583c?s=96&d=mm&r=g\",\"url\":\"https:\\\/\\\/secure.gravatar.com\\\/avatar\\\/19fdfdc0d67fb9c45714b703a2ac82251c4fcea3637f002ac3c9b74c0183583c?s=96&d=mm&r=g\",\"contentUrl\":\"https:\\\/\\\/secure.gravatar.com\\\/avatar\\\/19fdfdc0d67fb9c45714b703a2ac82251c4fcea3637f002ac3c9b74c0183583c?s=96&d=mm&r=g\",\"caption\":\"RAED\"}}]}<\/script>\n<!-- \/ Yoast SEO plugin. -->","yoast_head_json":{"title":"El paper d'Espanya a la vacuna contra el coronavirus - Reial Acad\u00e8mia Europea de Doctors","description":"Reflexi\u00f3 al debat \"La carrera cap a la vacuna\", sobre el paper d'Espanya en les futures vacunes contra el coronavirus SARS-CoV-2","robots":{"index":"index","follow":"follow","max-snippet":"max-snippet:-1","max-image-preview":"max-image-preview:large","max-video-preview":"max-video-preview:-1"},"canonical":"https:\/\/raed.academy\/ca\/el-paper-despanya-a-la-vacuna-contra-el-coronavirus\/","og_locale":"ca_ES","og_type":"article","og_title":"El paper d'Espanya a la vacuna contra el coronavirus - Reial Acad\u00e8mia Europea de Doctors","og_description":"Reflexi\u00f3 al debat \"La carrera cap a la vacuna\", sobre el paper d'Espanya en les futures vacunes contra el coronavirus SARS-CoV-2","og_url":"https:\/\/raed.academy\/ca\/el-paper-despanya-a-la-vacuna-contra-el-coronavirus\/","og_site_name":"Reial Acad\u00e8mia Europea de Doctors","article_publisher":"http:\/\/fb.me\/raed.academy","article_published_time":"2020-09-10T08:18:57+00:00","article_modified_time":"2020-09-10T10:01:21+00:00","og_image":[{"width":500,"height":300,"url":"https:\/\/raed.academy\/wp-content\/uploads\/2020\/09\/Vacuna-Covid-19-dstNtc.jpg","type":"image\/jpeg"}],"author":"RAED","twitter_card":"summary_large_image","twitter_creator":"@raedacademy","twitter_site":"@raedacademy","twitter_misc":{"Written by":"RAED","Est. reading time":"2 minutes"},"schema":{"@context":"https:\/\/schema.org","@graph":[{"@type":"Article","@id":"https:\/\/raed.academy\/ca\/el-paper-despanya-a-la-vacuna-contra-el-coronavirus\/#article","isPartOf":{"@id":"https:\/\/raed.academy\/ca\/el-paper-despanya-a-la-vacuna-contra-el-coronavirus\/"},"author":{"name":"RAED","@id":"https:\/\/raed.academy\/ca\/#\/schema\/person\/5a755da80d1d979fd66ba745c8702927"},"headline":"El paper d&#8217;Espanya a la vacuna contra el coronavirus","datePublished":"2020-09-10T08:18:57+00:00","dateModified":"2020-09-10T10:01:21+00:00","mainEntityOfPage":{"@id":"https:\/\/raed.academy\/ca\/el-paper-despanya-a-la-vacuna-contra-el-coronavirus\/"},"wordCount":463,"publisher":{"@id":"https:\/\/raed.academy\/ca\/#organization"},"image":{"@id":"https:\/\/raed.academy\/ca\/el-paper-despanya-a-la-vacuna-contra-el-coronavirus\/#primaryimage"},"thumbnailUrl":"https:\/\/raed.academy\/wp-content\/uploads\/2020\/09\/Vacuna-Covid-19-dstNtc.jpg","articleSection":["Coronavirus des del coneixement","Economia i pol\u00edtica","Salut"],"inLanguage":"ca-ES"},{"@type":"WebPage","@id":"https:\/\/raed.academy\/ca\/el-paper-despanya-a-la-vacuna-contra-el-coronavirus\/","url":"https:\/\/raed.academy\/ca\/el-paper-despanya-a-la-vacuna-contra-el-coronavirus\/","name":"El paper d'Espanya a la vacuna contra el coronavirus - Reial Acad\u00e8mia Europea de Doctors","isPartOf":{"@id":"https:\/\/raed.academy\/ca\/#website"},"primaryImageOfPage":{"@id":"https:\/\/raed.academy\/ca\/el-paper-despanya-a-la-vacuna-contra-el-coronavirus\/#primaryimage"},"image":{"@id":"https:\/\/raed.academy\/ca\/el-paper-despanya-a-la-vacuna-contra-el-coronavirus\/#primaryimage"},"thumbnailUrl":"https:\/\/raed.academy\/wp-content\/uploads\/2020\/09\/Vacuna-Covid-19-dstNtc.jpg","datePublished":"2020-09-10T08:18:57+00:00","dateModified":"2020-09-10T10:01:21+00:00","description":"Reflexi\u00f3 al debat \"La carrera cap a la vacuna\", sobre el paper d'Espanya en les futures vacunes contra el coronavirus SARS-CoV-2","breadcrumb":{"@id":"https:\/\/raed.academy\/ca\/el-paper-despanya-a-la-vacuna-contra-el-coronavirus\/#breadcrumb"},"inLanguage":"ca-ES","potentialAction":[{"@type":"ReadAction","target":["https:\/\/raed.academy\/ca\/el-paper-despanya-a-la-vacuna-contra-el-coronavirus\/"]}]},{"@type":"ImageObject","inLanguage":"ca-ES","@id":"https:\/\/raed.academy\/ca\/el-paper-despanya-a-la-vacuna-contra-el-coronavirus\/#primaryimage","url":"https:\/\/raed.academy\/wp-content\/uploads\/2020\/09\/Vacuna-Covid-19-dstNtc.jpg","contentUrl":"https:\/\/raed.academy\/wp-content\/uploads\/2020\/09\/Vacuna-Covid-19-dstNtc.jpg","width":500,"height":300},{"@type":"BreadcrumbList","@id":"https:\/\/raed.academy\/ca\/el-paper-despanya-a-la-vacuna-contra-el-coronavirus\/#breadcrumb","itemListElement":[{"@type":"ListItem","position":1,"name":"Inicio","item":"https:\/\/raed.academy\/ca\/"},{"@type":"ListItem","position":2,"name":"El paper d&#8217;Espanya a la vacuna contra el coronavirus"}]},{"@type":"WebSite","@id":"https:\/\/raed.academy\/ca\/#website","url":"https:\/\/raed.academy\/ca\/","name":"Reial Acad\u00e8mia Europea de Doctors","description":"Corporaci\u00f3n de derecho p\u00fablico de car\u00e1cter cient\u00edfico, t\u00e9cnico y art\u00edstico, que tiene por objeto la investigaci\u00f3n, el estudio, el fomento y la extensi\u00f3n del conocimiento en su sentido m\u00e1s amplio","publisher":{"@id":"https:\/\/raed.academy\/ca\/#organization"},"potentialAction":[{"@type":"SearchAction","target":{"@type":"EntryPoint","urlTemplate":"https:\/\/raed.academy\/ca\/?s={search_term_string}"},"query-input":{"@type":"PropertyValueSpecification","valueRequired":true,"valueName":"search_term_string"}}],"inLanguage":"ca-ES"},{"@type":"Organization","@id":"https:\/\/raed.academy\/ca\/#organization","name":"Real Academia Europea de Doctores","url":"https:\/\/raed.academy\/ca\/","logo":{"@type":"ImageObject","inLanguage":"ca-ES","@id":"https:\/\/raed.academy\/ca\/#\/schema\/logo\/image\/","url":"https:\/\/raed.academy\/wp-content\/uploads\/2017\/01\/cropped-logo_raed.png","contentUrl":"https:\/\/raed.academy\/wp-content\/uploads\/2017\/01\/cropped-logo_raed.png","width":512,"height":512,"caption":"Real Academia Europea de Doctores"},"image":{"@id":"https:\/\/raed.academy\/ca\/#\/schema\/logo\/image\/"},"sameAs":["http:\/\/fb.me\/raed.academy","https:\/\/x.com\/raedacademy","https:\/\/www.instagram.com\/raed.academy\/","https:\/\/www.youtube.com\/channel\/UCUYQwW2KrdirNWihxMDObwg"]},{"@type":"Person","@id":"https:\/\/raed.academy\/ca\/#\/schema\/person\/5a755da80d1d979fd66ba745c8702927","name":"RAED","image":{"@type":"ImageObject","inLanguage":"ca-ES","@id":"https:\/\/secure.gravatar.com\/avatar\/19fdfdc0d67fb9c45714b703a2ac82251c4fcea3637f002ac3c9b74c0183583c?s=96&d=mm&r=g","url":"https:\/\/secure.gravatar.com\/avatar\/19fdfdc0d67fb9c45714b703a2ac82251c4fcea3637f002ac3c9b74c0183583c?s=96&d=mm&r=g","contentUrl":"https:\/\/secure.gravatar.com\/avatar\/19fdfdc0d67fb9c45714b703a2ac82251c4fcea3637f002ac3c9b74c0183583c?s=96&d=mm&r=g","caption":"RAED"}}]}},"_links":{"self":[{"href":"https:\/\/raed.academy\/ca\/wp-json\/wp\/v2\/posts\/93467","targetHints":{"allow":["GET"]}}],"collection":[{"href":"https:\/\/raed.academy\/ca\/wp-json\/wp\/v2\/posts"}],"about":[{"href":"https:\/\/raed.academy\/ca\/wp-json\/wp\/v2\/types\/post"}],"author":[{"embeddable":true,"href":"https:\/\/raed.academy\/ca\/wp-json\/wp\/v2\/users\/12"}],"replies":[{"embeddable":true,"href":"https:\/\/raed.academy\/ca\/wp-json\/wp\/v2\/comments?post=93467"}],"version-history":[{"count":0,"href":"https:\/\/raed.academy\/ca\/wp-json\/wp\/v2\/posts\/93467\/revisions"}],"wp:featuredmedia":[{"embeddable":true,"href":"https:\/\/raed.academy\/ca\/wp-json\/wp\/v2\/media\/93666"}],"wp:attachment":[{"href":"https:\/\/raed.academy\/ca\/wp-json\/wp\/v2\/media?parent=93467"}],"wp:term":[{"taxonomy":"category","embeddable":true,"href":"https:\/\/raed.academy\/ca\/wp-json\/wp\/v2\/categories?post=93467"},{"taxonomy":"post_tag","embeddable":true,"href":"https:\/\/raed.academy\/ca\/wp-json\/wp\/v2\/tags?post=93467"}],"curies":[{"name":"wp","href":"https:\/\/api.w.org\/{rel}","templated":true}]}}