{"id":92879,"date":"2020-08-05T20:34:35","date_gmt":"2020-08-05T20:34:35","guid":{"rendered":"https:\/\/raed.academy\/?p=92879"},"modified":"2020-08-06T10:36:42","modified_gmt":"2020-08-06T10:36:42","slug":"laposta-pel-turisme-de-qualitat-i-la-internacionalitzacio-de-les-nostres-institucions","status":"publish","type":"post","link":"https:\/\/raed.academy\/ca\/laposta-pel-turisme-de-qualitat-i-la-internacionalitzacio-de-les-nostres-institucions\/","title":{"rendered":"L&#8217;aposta pel turisme de qualitat i la internacionalitzaci\u00f3 de les nostres institucions"},"content":{"rendered":"<p><a href=\"https:\/\/raed.academy\/ca\/academics\/dr-pedro-nueno-iniesta\/\" target=\"_blank\" rel=\"noopener noreferrer\"><em><strong>Pedro Nueno<\/strong><\/em><\/a><br \/>\n<em>Titular de la C\u00e0tedra Fundaci\u00f3 Bertran d&#8217;Iniciativa Empresarial de l&#8217;Escola de Negocis IESE, p<\/em><em>resident de l&#8217;Escola de Negocis Internacional Xina-Europa i a<\/em><em>cad\u00e8mic de n\u00famero de la Reial Acad\u00e8mia Europea de Doctors-Barcelona 1914 (RAED)<\/em><\/p>\n<p><em>Article publicat al diari &#8220;La Vanguardia&#8221; el 2 d&#8217;agost del2020<\/em><\/p>\n<p><strong>Pedro Nueno<\/strong>, professor d&#8217;<strong>IESE Business School<\/strong>, president de l&#8217;<strong>Escola de Negocis Internacional Xina-Europa<\/strong> i acad\u00e8mic de n\u00famero de la <strong>Reial Acad\u00e8mia Europea de Doctors-Barcelona 1914<\/strong> (RAED), resumeix a l&#8217;article <strong>&#8220;Entusiasmant&#8221;<\/strong>, publicat a l&#8217;edici\u00f3 del 2 d&#8217;agost del diari <strong>&#8220;La Vanguardia&#8221;<\/strong>, les conclusions de la trobada del <strong>Grup de Harvard<\/strong> que ell mateix impulsa i que en aquesta ocasi\u00f3 es va reunir a Barcelona el passat 10 de juliol per analitzar el futur de la ciutat i l&#8217;oportunitat que suposa l&#8217;actual pand\u00e8mia per recuperar un lideratge perdut.<\/p>\n<div id=\"attachment_89908\" style=\"width: 510px\" class=\"wp-caption alignleft\"><img loading=\"lazy\" decoding=\"async\" aria-describedby=\"caption-attachment-89908\" class=\"wp-image-89908 size-full\" src=\"https:\/\/raed.academy\/wp-content\/uploads\/2020\/04\/Pedro-Nueno-Iniesta.jpg\" alt=\"Dr. Pedro Nueno\" width=\"500\" height=\"333\" aria-describedby=\"caption-attachment-89908\" data-attachment-id=\"89908\" data-permalink=\"https:\/\/raed.academy\/china-y-la-economia-global-frente-al-coronavirus\/pedro-nueno-iniesta\/\" data-orig-file=\"https:\/\/raed.academy\/wp-content\/uploads\/2020\/04\/Pedro-Nueno-Iniesta.jpg\" data-orig-size=\"500,333\" data-comments-opened=\"1\" data-image-meta=\"{&quot;aperture&quot;:&quot;0&quot;,&quot;credit&quot;:&quot;&quot;,&quot;camera&quot;:&quot;&quot;,&quot;caption&quot;:&quot;&quot;,&quot;created_timestamp&quot;:&quot;0&quot;,&quot;copyright&quot;:&quot;&quot;,&quot;focal_length&quot;:&quot;0&quot;,&quot;iso&quot;:&quot;0&quot;,&quot;shutter_speed&quot;:&quot;0&quot;,&quot;title&quot;:&quot;&quot;,&quot;orientation&quot;:&quot;0&quot;}\" data-image-title=\"Dr. Pedro Nueno Iniesta\" data-image-description=\"\" data-medium-file=\"https:\/\/raed.academy\/wp-content\/uploads\/2020\/04\/Pedro-Nueno-Iniesta.jpg\" data-large-file=\"https:\/\/raed.academy\/wp-content\/uploads\/2020\/04\/Pedro-Nueno-Iniesta.jpg\" \/><p id=\"caption-attachment-89908\" class=\"wp-caption-text\">Dr. Pedro Nueno<\/p><\/div>\n<p>&#8220;Els nostres pol\u00edtics, funcionaris, l\u00edders sindicals, per\u00f2 tamb\u00e9 els nostres ciutadans i molt especialment la gent gran estan comen\u00e7ant a entendre que perdre el turisme no \u00e9s bo per a nosaltres. Hi ha experts dient que hem de portar turisme de qualitat. Barcelona ja portava des de fa molts anys visitants (no hem d&#8217;anomenar-los turistes) de qualitat. Tenim bones institucions educatives que atrauen alumnes estrangers. Tenim un sector de sanitat d&#8217;alta qualitat internacional que atrau metges, empresaris i directius relacionats amb temes farmac\u00e8utics, hospitalaris, tecnologies i equips sanitaris. I el mateix podr\u00edem dir del sector de l&#8217;autom\u00f2bil o de l&#8217;alimentaci\u00f3. En educaci\u00f3, sanitat, automoci\u00f3, alimentaci\u00f3, atraiem un bon nombre de visitants i alguns han de passar anys aqu\u00ed (fent una carrera, un m\u00e0ster o un doctorat)&#8221;, reflexiona.<\/p>\n<p><strong>Nueno<\/strong> considera que si hi ha el consens pol\u00edtic necessari i l&#8217;aposta decidida per aquest turisme de qualitat que demanaven els experts de Grup de Harvard &#8220;el m\u00e9s probable \u00e9s que aquests visitants segueixin venint i contribuint a internacionalitzar les nostres institucions i a estimular-les a millorar cada dia i conquerir llocs d&#8217;alt nivell en r\u00e0nquings, estudis sectorials i aparicions a la premsa internacional&#8221;. &#8220;Se&#8217;ns poden passar moltes coses, per\u00f2 el gran problema \u00e9s passar de les idees a l&#8217;acci\u00f3. Per atraure turistes amb idees que poden funcionar haurien de ser els principals beneficiaris els que s&#8217;organitzessin i creessin una petita organitzaci\u00f3 per llan\u00e7ar projectes que arribessin a tots els possibles candidats i els deixessin conven\u00e7uts que tot estava b\u00e9 per aqu\u00ed&#8221;, conclou.<\/p>\n<p>&nbsp;<\/p>\n<h3><a href=\"https:\/\/www.lavanguardia.com\/economia\/20200802\/482631442534\/entusiasmant.html\" target=\"_blank\" rel=\"noopener noreferrer\">Llegiu l&#8217;article<\/a><\/h3>\n","protected":false},"excerpt":{"rendered":"<p>Pedro Nueno: l&#8217;aposta pel turisme de qualitat per estimular la internacionalitzaci\u00f3 de les nostres institucions, la millora, &#8230;<\/p>\n","protected":false},"author":12,"featured_media":92868,"comment_status":"open","ping_status":"closed","sticky":false,"template":"","format":"standard","meta":{"_et_pb_use_builder":"","_et_pb_old_content":"","_et_gb_content_width":"","footnotes":""},"categories":[268,274],"tags":[],"class_list":["post-92879","post","type-post","status-publish","format-standard","has-post-thumbnail","hentry","category-coronavirus-des-del-coneixement","category-economia-i-politica","et-has-post-format-content","et_post_format-et-post-format-standard"],"yoast_head":"<!-- This site is optimized with the Yoast SEO plugin v27.4 - https:\/\/yoast.com\/product\/yoast-seo-wordpress\/ -->\n<title>L&#039;aposta pel turisme de qualitat i la internacionalitzaci\u00f3 de les nostres institucions - Reial Acad\u00e8mia Europea de Doctors<\/title>\n<meta name=\"description\" content=\"Pedro Nueno: l&#039;aposta pel turisme de qualitat per estimular la internacionalitzaci\u00f3 de les nostres institucions, la millora, ...\" \/>\n<meta name=\"robots\" content=\"index, follow, max-snippet:-1, max-image-preview:large, max-video-preview:-1\" \/>\n<link rel=\"canonical\" href=\"https:\/\/raed.academy\/ca\/laposta-pel-turisme-de-qualitat-i-la-internacionalitzacio-de-les-nostres-institucions\/\" \/>\n<meta property=\"og:locale\" content=\"ca_ES\" \/>\n<meta property=\"og:type\" content=\"article\" \/>\n<meta property=\"og:title\" content=\"L&#039;aposta pel turisme de qualitat i la internacionalitzaci\u00f3 de les nostres institucions - Reial Acad\u00e8mia Europea de Doctors\" \/>\n<meta property=\"og:description\" content=\"Pedro Nueno: l&#039;aposta pel turisme de qualitat per estimular la internacionalitzaci\u00f3 de les nostres institucions, la millora, ...\" \/>\n<meta property=\"og:url\" content=\"https:\/\/raed.academy\/ca\/laposta-pel-turisme-de-qualitat-i-la-internacionalitzacio-de-les-nostres-institucions\/\" \/>\n<meta property=\"og:site_name\" content=\"Reial Acad\u00e8mia Europea de Doctors\" \/>\n<meta property=\"article:publisher\" content=\"http:\/\/fb.me\/raed.academy\" \/>\n<meta property=\"article:published_time\" content=\"2020-08-05T20:34:35+00:00\" \/>\n<meta property=\"article:modified_time\" content=\"2020-08-06T10:36:42+00:00\" \/>\n<meta property=\"og:image\" content=\"https:\/\/raed.academy\/wp-content\/uploads\/2020\/08\/turismo-de-calidad-Barcelona-dstNtc.jpg\" \/>\n\t<meta property=\"og:image:width\" content=\"500\" \/>\n\t<meta property=\"og:image:height\" content=\"300\" \/>\n\t<meta property=\"og:image:type\" content=\"image\/jpeg\" \/>\n<meta name=\"author\" content=\"RAED\" \/>\n<meta name=\"twitter:card\" content=\"summary_large_image\" \/>\n<meta name=\"twitter:creator\" content=\"@raedacademy\" \/>\n<meta name=\"twitter:site\" content=\"@raedacademy\" \/>\n<meta name=\"twitter:label1\" content=\"Written by\" \/>\n\t<meta name=\"twitter:data1\" content=\"RAED\" \/>\n\t<meta name=\"twitter:label2\" content=\"Est. reading time\" \/>\n\t<meta name=\"twitter:data2\" content=\"2 minutes\" \/>\n<script type=\"application\/ld+json\" class=\"yoast-schema-graph\">{\"@context\":\"https:\\\/\\\/schema.org\",\"@graph\":[{\"@type\":\"Article\",\"@id\":\"https:\\\/\\\/raed.academy\\\/ca\\\/laposta-pel-turisme-de-qualitat-i-la-internacionalitzacio-de-les-nostres-institucions\\\/#article\",\"isPartOf\":{\"@id\":\"https:\\\/\\\/raed.academy\\\/ca\\\/laposta-pel-turisme-de-qualitat-i-la-internacionalitzacio-de-les-nostres-institucions\\\/\"},\"author\":{\"name\":\"RAED\",\"@id\":\"https:\\\/\\\/raed.academy\\\/ca\\\/#\\\/schema\\\/person\\\/5a755da80d1d979fd66ba745c8702927\"},\"headline\":\"L&#8217;aposta pel turisme de qualitat i la internacionalitzaci\u00f3 de les nostres institucions\",\"datePublished\":\"2020-08-05T20:34:35+00:00\",\"dateModified\":\"2020-08-06T10:36:42+00:00\",\"mainEntityOfPage\":{\"@id\":\"https:\\\/\\\/raed.academy\\\/ca\\\/laposta-pel-turisme-de-qualitat-i-la-internacionalitzacio-de-les-nostres-institucions\\\/\"},\"wordCount\":445,\"commentCount\":0,\"publisher\":{\"@id\":\"https:\\\/\\\/raed.academy\\\/ca\\\/#organization\"},\"image\":{\"@id\":\"https:\\\/\\\/raed.academy\\\/ca\\\/laposta-pel-turisme-de-qualitat-i-la-internacionalitzacio-de-les-nostres-institucions\\\/#primaryimage\"},\"thumbnailUrl\":\"https:\\\/\\\/raed.academy\\\/wp-content\\\/uploads\\\/2020\\\/08\\\/turismo-de-calidad-Barcelona-dstNtc.jpg\",\"articleSection\":[\"Coronavirus des del coneixement\",\"Economia i pol\u00edtica\"],\"inLanguage\":\"ca-ES\",\"potentialAction\":[{\"@type\":\"CommentAction\",\"name\":\"Comment\",\"target\":[\"https:\\\/\\\/raed.academy\\\/ca\\\/laposta-pel-turisme-de-qualitat-i-la-internacionalitzacio-de-les-nostres-institucions\\\/#respond\"]}]},{\"@type\":\"WebPage\",\"@id\":\"https:\\\/\\\/raed.academy\\\/ca\\\/laposta-pel-turisme-de-qualitat-i-la-internacionalitzacio-de-les-nostres-institucions\\\/\",\"url\":\"https:\\\/\\\/raed.academy\\\/ca\\\/laposta-pel-turisme-de-qualitat-i-la-internacionalitzacio-de-les-nostres-institucions\\\/\",\"name\":\"L'aposta pel turisme de qualitat i la internacionalitzaci\u00f3 de les nostres institucions - Reial Acad\u00e8mia Europea de Doctors\",\"isPartOf\":{\"@id\":\"https:\\\/\\\/raed.academy\\\/ca\\\/#website\"},\"primaryImageOfPage\":{\"@id\":\"https:\\\/\\\/raed.academy\\\/ca\\\/laposta-pel-turisme-de-qualitat-i-la-internacionalitzacio-de-les-nostres-institucions\\\/#primaryimage\"},\"image\":{\"@id\":\"https:\\\/\\\/raed.academy\\\/ca\\\/laposta-pel-turisme-de-qualitat-i-la-internacionalitzacio-de-les-nostres-institucions\\\/#primaryimage\"},\"thumbnailUrl\":\"https:\\\/\\\/raed.academy\\\/wp-content\\\/uploads\\\/2020\\\/08\\\/turismo-de-calidad-Barcelona-dstNtc.jpg\",\"datePublished\":\"2020-08-05T20:34:35+00:00\",\"dateModified\":\"2020-08-06T10:36:42+00:00\",\"description\":\"Pedro Nueno: l'aposta pel turisme de qualitat per estimular la internacionalitzaci\u00f3 de les nostres institucions, la millora, ...\",\"breadcrumb\":{\"@id\":\"https:\\\/\\\/raed.academy\\\/ca\\\/laposta-pel-turisme-de-qualitat-i-la-internacionalitzacio-de-les-nostres-institucions\\\/#breadcrumb\"},\"inLanguage\":\"ca-ES\",\"potentialAction\":[{\"@type\":\"ReadAction\",\"target\":[\"https:\\\/\\\/raed.academy\\\/ca\\\/laposta-pel-turisme-de-qualitat-i-la-internacionalitzacio-de-les-nostres-institucions\\\/\"]}]},{\"@type\":\"ImageObject\",\"inLanguage\":\"ca-ES\",\"@id\":\"https:\\\/\\\/raed.academy\\\/ca\\\/laposta-pel-turisme-de-qualitat-i-la-internacionalitzacio-de-les-nostres-institucions\\\/#primaryimage\",\"url\":\"https:\\\/\\\/raed.academy\\\/wp-content\\\/uploads\\\/2020\\\/08\\\/turismo-de-calidad-Barcelona-dstNtc.jpg\",\"contentUrl\":\"https:\\\/\\\/raed.academy\\\/wp-content\\\/uploads\\\/2020\\\/08\\\/turismo-de-calidad-Barcelona-dstNtc.jpg\",\"width\":500,\"height\":300},{\"@type\":\"BreadcrumbList\",\"@id\":\"https:\\\/\\\/raed.academy\\\/ca\\\/laposta-pel-turisme-de-qualitat-i-la-internacionalitzacio-de-les-nostres-institucions\\\/#breadcrumb\",\"itemListElement\":[{\"@type\":\"ListItem\",\"position\":1,\"name\":\"Inicio\",\"item\":\"https:\\\/\\\/raed.academy\\\/ca\\\/\"},{\"@type\":\"ListItem\",\"position\":2,\"name\":\"L&#8217;aposta pel turisme de qualitat i la internacionalitzaci\u00f3 de les nostres institucions\"}]},{\"@type\":\"WebSite\",\"@id\":\"https:\\\/\\\/raed.academy\\\/ca\\\/#website\",\"url\":\"https:\\\/\\\/raed.academy\\\/ca\\\/\",\"name\":\"Reial Acad\u00e8mia Europea de Doctors\",\"description\":\"Corporaci\u00f3n de derecho p\u00fablico de car\u00e1cter cient\u00edfico, t\u00e9cnico y art\u00edstico, que tiene por objeto la investigaci\u00f3n, el estudio, el fomento y la extensi\u00f3n del conocimiento en su sentido m\u00e1s amplio\",\"publisher\":{\"@id\":\"https:\\\/\\\/raed.academy\\\/ca\\\/#organization\"},\"potentialAction\":[{\"@type\":\"SearchAction\",\"target\":{\"@type\":\"EntryPoint\",\"urlTemplate\":\"https:\\\/\\\/raed.academy\\\/ca\\\/?s={search_term_string}\"},\"query-input\":{\"@type\":\"PropertyValueSpecification\",\"valueRequired\":true,\"valueName\":\"search_term_string\"}}],\"inLanguage\":\"ca-ES\"},{\"@type\":\"Organization\",\"@id\":\"https:\\\/\\\/raed.academy\\\/ca\\\/#organization\",\"name\":\"Real Academia Europea de Doctores\",\"url\":\"https:\\\/\\\/raed.academy\\\/ca\\\/\",\"logo\":{\"@type\":\"ImageObject\",\"inLanguage\":\"ca-ES\",\"@id\":\"https:\\\/\\\/raed.academy\\\/ca\\\/#\\\/schema\\\/logo\\\/image\\\/\",\"url\":\"https:\\\/\\\/raed.academy\\\/wp-content\\\/uploads\\\/2017\\\/01\\\/cropped-logo_raed.png\",\"contentUrl\":\"https:\\\/\\\/raed.academy\\\/wp-content\\\/uploads\\\/2017\\\/01\\\/cropped-logo_raed.png\",\"width\":512,\"height\":512,\"caption\":\"Real Academia Europea de Doctores\"},\"image\":{\"@id\":\"https:\\\/\\\/raed.academy\\\/ca\\\/#\\\/schema\\\/logo\\\/image\\\/\"},\"sameAs\":[\"http:\\\/\\\/fb.me\\\/raed.academy\",\"https:\\\/\\\/x.com\\\/raedacademy\",\"https:\\\/\\\/www.instagram.com\\\/raed.academy\\\/\",\"https:\\\/\\\/www.youtube.com\\\/channel\\\/UCUYQwW2KrdirNWihxMDObwg\"]},{\"@type\":\"Person\",\"@id\":\"https:\\\/\\\/raed.academy\\\/ca\\\/#\\\/schema\\\/person\\\/5a755da80d1d979fd66ba745c8702927\",\"name\":\"RAED\",\"image\":{\"@type\":\"ImageObject\",\"inLanguage\":\"ca-ES\",\"@id\":\"https:\\\/\\\/secure.gravatar.com\\\/avatar\\\/19fdfdc0d67fb9c45714b703a2ac82251c4fcea3637f002ac3c9b74c0183583c?s=96&d=mm&r=g\",\"url\":\"https:\\\/\\\/secure.gravatar.com\\\/avatar\\\/19fdfdc0d67fb9c45714b703a2ac82251c4fcea3637f002ac3c9b74c0183583c?s=96&d=mm&r=g\",\"contentUrl\":\"https:\\\/\\\/secure.gravatar.com\\\/avatar\\\/19fdfdc0d67fb9c45714b703a2ac82251c4fcea3637f002ac3c9b74c0183583c?s=96&d=mm&r=g\",\"caption\":\"RAED\"}}]}<\/script>\n<!-- \/ Yoast SEO plugin. -->","yoast_head_json":{"title":"L'aposta pel turisme de qualitat i la internacionalitzaci\u00f3 de les nostres institucions - Reial Acad\u00e8mia Europea de Doctors","description":"Pedro Nueno: l'aposta pel turisme de qualitat per estimular la internacionalitzaci\u00f3 de les nostres institucions, la millora, ...","robots":{"index":"index","follow":"follow","max-snippet":"max-snippet:-1","max-image-preview":"max-image-preview:large","max-video-preview":"max-video-preview:-1"},"canonical":"https:\/\/raed.academy\/ca\/laposta-pel-turisme-de-qualitat-i-la-internacionalitzacio-de-les-nostres-institucions\/","og_locale":"ca_ES","og_type":"article","og_title":"L'aposta pel turisme de qualitat i la internacionalitzaci\u00f3 de les nostres institucions - Reial Acad\u00e8mia Europea de Doctors","og_description":"Pedro Nueno: l'aposta pel turisme de qualitat per estimular la internacionalitzaci\u00f3 de les nostres institucions, la millora, ...","og_url":"https:\/\/raed.academy\/ca\/laposta-pel-turisme-de-qualitat-i-la-internacionalitzacio-de-les-nostres-institucions\/","og_site_name":"Reial Acad\u00e8mia Europea de Doctors","article_publisher":"http:\/\/fb.me\/raed.academy","article_published_time":"2020-08-05T20:34:35+00:00","article_modified_time":"2020-08-06T10:36:42+00:00","og_image":[{"width":500,"height":300,"url":"https:\/\/raed.academy\/wp-content\/uploads\/2020\/08\/turismo-de-calidad-Barcelona-dstNtc.jpg","type":"image\/jpeg"}],"author":"RAED","twitter_card":"summary_large_image","twitter_creator":"@raedacademy","twitter_site":"@raedacademy","twitter_misc":{"Written by":"RAED","Est. reading time":"2 minutes"},"schema":{"@context":"https:\/\/schema.org","@graph":[{"@type":"Article","@id":"https:\/\/raed.academy\/ca\/laposta-pel-turisme-de-qualitat-i-la-internacionalitzacio-de-les-nostres-institucions\/#article","isPartOf":{"@id":"https:\/\/raed.academy\/ca\/laposta-pel-turisme-de-qualitat-i-la-internacionalitzacio-de-les-nostres-institucions\/"},"author":{"name":"RAED","@id":"https:\/\/raed.academy\/ca\/#\/schema\/person\/5a755da80d1d979fd66ba745c8702927"},"headline":"L&#8217;aposta pel turisme de qualitat i la internacionalitzaci\u00f3 de les nostres institucions","datePublished":"2020-08-05T20:34:35+00:00","dateModified":"2020-08-06T10:36:42+00:00","mainEntityOfPage":{"@id":"https:\/\/raed.academy\/ca\/laposta-pel-turisme-de-qualitat-i-la-internacionalitzacio-de-les-nostres-institucions\/"},"wordCount":445,"commentCount":0,"publisher":{"@id":"https:\/\/raed.academy\/ca\/#organization"},"image":{"@id":"https:\/\/raed.academy\/ca\/laposta-pel-turisme-de-qualitat-i-la-internacionalitzacio-de-les-nostres-institucions\/#primaryimage"},"thumbnailUrl":"https:\/\/raed.academy\/wp-content\/uploads\/2020\/08\/turismo-de-calidad-Barcelona-dstNtc.jpg","articleSection":["Coronavirus des del coneixement","Economia i pol\u00edtica"],"inLanguage":"ca-ES","potentialAction":[{"@type":"CommentAction","name":"Comment","target":["https:\/\/raed.academy\/ca\/laposta-pel-turisme-de-qualitat-i-la-internacionalitzacio-de-les-nostres-institucions\/#respond"]}]},{"@type":"WebPage","@id":"https:\/\/raed.academy\/ca\/laposta-pel-turisme-de-qualitat-i-la-internacionalitzacio-de-les-nostres-institucions\/","url":"https:\/\/raed.academy\/ca\/laposta-pel-turisme-de-qualitat-i-la-internacionalitzacio-de-les-nostres-institucions\/","name":"L'aposta pel turisme de qualitat i la internacionalitzaci\u00f3 de les nostres institucions - Reial Acad\u00e8mia Europea de Doctors","isPartOf":{"@id":"https:\/\/raed.academy\/ca\/#website"},"primaryImageOfPage":{"@id":"https:\/\/raed.academy\/ca\/laposta-pel-turisme-de-qualitat-i-la-internacionalitzacio-de-les-nostres-institucions\/#primaryimage"},"image":{"@id":"https:\/\/raed.academy\/ca\/laposta-pel-turisme-de-qualitat-i-la-internacionalitzacio-de-les-nostres-institucions\/#primaryimage"},"thumbnailUrl":"https:\/\/raed.academy\/wp-content\/uploads\/2020\/08\/turismo-de-calidad-Barcelona-dstNtc.jpg","datePublished":"2020-08-05T20:34:35+00:00","dateModified":"2020-08-06T10:36:42+00:00","description":"Pedro Nueno: l'aposta pel turisme de qualitat per estimular la internacionalitzaci\u00f3 de les nostres institucions, la millora, ...","breadcrumb":{"@id":"https:\/\/raed.academy\/ca\/laposta-pel-turisme-de-qualitat-i-la-internacionalitzacio-de-les-nostres-institucions\/#breadcrumb"},"inLanguage":"ca-ES","potentialAction":[{"@type":"ReadAction","target":["https:\/\/raed.academy\/ca\/laposta-pel-turisme-de-qualitat-i-la-internacionalitzacio-de-les-nostres-institucions\/"]}]},{"@type":"ImageObject","inLanguage":"ca-ES","@id":"https:\/\/raed.academy\/ca\/laposta-pel-turisme-de-qualitat-i-la-internacionalitzacio-de-les-nostres-institucions\/#primaryimage","url":"https:\/\/raed.academy\/wp-content\/uploads\/2020\/08\/turismo-de-calidad-Barcelona-dstNtc.jpg","contentUrl":"https:\/\/raed.academy\/wp-content\/uploads\/2020\/08\/turismo-de-calidad-Barcelona-dstNtc.jpg","width":500,"height":300},{"@type":"BreadcrumbList","@id":"https:\/\/raed.academy\/ca\/laposta-pel-turisme-de-qualitat-i-la-internacionalitzacio-de-les-nostres-institucions\/#breadcrumb","itemListElement":[{"@type":"ListItem","position":1,"name":"Inicio","item":"https:\/\/raed.academy\/ca\/"},{"@type":"ListItem","position":2,"name":"L&#8217;aposta pel turisme de qualitat i la internacionalitzaci\u00f3 de les nostres institucions"}]},{"@type":"WebSite","@id":"https:\/\/raed.academy\/ca\/#website","url":"https:\/\/raed.academy\/ca\/","name":"Reial Acad\u00e8mia Europea de Doctors","description":"Corporaci\u00f3n de derecho p\u00fablico de car\u00e1cter cient\u00edfico, t\u00e9cnico y art\u00edstico, que tiene por objeto la investigaci\u00f3n, el estudio, el fomento y la extensi\u00f3n del conocimiento en su sentido m\u00e1s amplio","publisher":{"@id":"https:\/\/raed.academy\/ca\/#organization"},"potentialAction":[{"@type":"SearchAction","target":{"@type":"EntryPoint","urlTemplate":"https:\/\/raed.academy\/ca\/?s={search_term_string}"},"query-input":{"@type":"PropertyValueSpecification","valueRequired":true,"valueName":"search_term_string"}}],"inLanguage":"ca-ES"},{"@type":"Organization","@id":"https:\/\/raed.academy\/ca\/#organization","name":"Real Academia Europea de Doctores","url":"https:\/\/raed.academy\/ca\/","logo":{"@type":"ImageObject","inLanguage":"ca-ES","@id":"https:\/\/raed.academy\/ca\/#\/schema\/logo\/image\/","url":"https:\/\/raed.academy\/wp-content\/uploads\/2017\/01\/cropped-logo_raed.png","contentUrl":"https:\/\/raed.academy\/wp-content\/uploads\/2017\/01\/cropped-logo_raed.png","width":512,"height":512,"caption":"Real Academia Europea de Doctores"},"image":{"@id":"https:\/\/raed.academy\/ca\/#\/schema\/logo\/image\/"},"sameAs":["http:\/\/fb.me\/raed.academy","https:\/\/x.com\/raedacademy","https:\/\/www.instagram.com\/raed.academy\/","https:\/\/www.youtube.com\/channel\/UCUYQwW2KrdirNWihxMDObwg"]},{"@type":"Person","@id":"https:\/\/raed.academy\/ca\/#\/schema\/person\/5a755da80d1d979fd66ba745c8702927","name":"RAED","image":{"@type":"ImageObject","inLanguage":"ca-ES","@id":"https:\/\/secure.gravatar.com\/avatar\/19fdfdc0d67fb9c45714b703a2ac82251c4fcea3637f002ac3c9b74c0183583c?s=96&d=mm&r=g","url":"https:\/\/secure.gravatar.com\/avatar\/19fdfdc0d67fb9c45714b703a2ac82251c4fcea3637f002ac3c9b74c0183583c?s=96&d=mm&r=g","contentUrl":"https:\/\/secure.gravatar.com\/avatar\/19fdfdc0d67fb9c45714b703a2ac82251c4fcea3637f002ac3c9b74c0183583c?s=96&d=mm&r=g","caption":"RAED"}}]}},"_links":{"self":[{"href":"https:\/\/raed.academy\/ca\/wp-json\/wp\/v2\/posts\/92879","targetHints":{"allow":["GET"]}}],"collection":[{"href":"https:\/\/raed.academy\/ca\/wp-json\/wp\/v2\/posts"}],"about":[{"href":"https:\/\/raed.academy\/ca\/wp-json\/wp\/v2\/types\/post"}],"author":[{"embeddable":true,"href":"https:\/\/raed.academy\/ca\/wp-json\/wp\/v2\/users\/12"}],"replies":[{"embeddable":true,"href":"https:\/\/raed.academy\/ca\/wp-json\/wp\/v2\/comments?post=92879"}],"version-history":[{"count":0,"href":"https:\/\/raed.academy\/ca\/wp-json\/wp\/v2\/posts\/92879\/revisions"}],"wp:featuredmedia":[{"embeddable":true,"href":"https:\/\/raed.academy\/ca\/wp-json\/wp\/v2\/media\/92868"}],"wp:attachment":[{"href":"https:\/\/raed.academy\/ca\/wp-json\/wp\/v2\/media?parent=92879"}],"wp:term":[{"taxonomy":"category","embeddable":true,"href":"https:\/\/raed.academy\/ca\/wp-json\/wp\/v2\/categories?post=92879"},{"taxonomy":"post_tag","embeddable":true,"href":"https:\/\/raed.academy\/ca\/wp-json\/wp\/v2\/tags?post=92879"}],"curies":[{"name":"wp","href":"https:\/\/api.w.org\/{rel}","templated":true}]}}