{"id":92420,"date":"2020-07-17T06:47:51","date_gmt":"2020-07-17T06:47:51","guid":{"rendered":"https:\/\/raed.academy\/?p=92420"},"modified":"2020-07-17T17:30:11","modified_gmt":"2020-07-17T17:30:11","slug":"una-nova-vida-mitjancant-lalimentacio","status":"publish","type":"post","link":"https:\/\/raed.academy\/ca\/una-nova-vida-mitjancant-lalimentacio\/","title":{"rendered":"Una nova vida mitjan\u00e7ant l&#8217;alimentaci\u00f3"},"content":{"rendered":"<p><em><a href=\"https:\/\/raed.academy\/ca\/academics\/dr-javier-aranceta-bartrina\/\" target=\"_blank\" rel=\"noopener noreferrer\"><strong>Javier Aranceta<\/strong><\/a><br \/>\nPresident del Comit\u00e8 Cient\u00edfic de la Societat Espanyola de Nutrici\u00f3 Comunit\u00e0ria, president de la Reial Acad\u00e8mia de Medicina del Pa\u00eds Basc-Euskal Herriko Medikuntzaren Errege Akademia i acad\u00e8mic de n\u00famero de la Reial Acad\u00e8mia Europea de Doctors-Barcelona 1914 (RAED)<\/em><\/p>\n<p><span class=\"tlid-translation translation\" lang=\"ca\"><em>Projecte impulsat per la Societat Espanyola de Nutrici\u00f3 Comunit\u00e0ria, la Fundaci\u00f3 Espanyola de la Nutrici\u00f3, la Fundaci\u00f3 Espanyola del Cor i el portal especialitzat &#8220;Qcom.es&#8221;<\/em><\/span><\/p>\n<p><strong>Javier Aranceta<\/strong>, president de la <strong>Reial Acad\u00e8mia de Medicina del Pa\u00eds Basc-Euskal Herriko Medikuntzaren Errege Akademia<\/strong> i acad\u00e8mic de n\u00famero de la <strong>Reial Acad\u00e8mia Europea de Doctors-Barcelona 1914<\/strong> (RAED), lidera el projecte <strong>&#8220;Nova Vida&#8221;<\/strong>, desenvolupat per la <strong>Societat Espanyola de Nutrici\u00f3 Comunit\u00e0ria<\/strong> (SENC) en col\u00b7laboraci\u00f3 amb la <strong>Fundaci\u00f3 Espanyola del Cor<\/strong> (FEC), la <strong>Fundaci\u00f3 Espanyola de la Nutrici\u00f3<\/strong> (FEN) i el portal especialitzat <strong>&#8220;Qcom.es&#8221;<\/strong> juntament amb d&#8217;altres associacions i entitats per millorar la vida de les persones, partint d&#8217;una millor alimentaci\u00f3 i la pr\u00e0ctica habitual d&#8217;activitat f\u00edsica, entre d&#8217;altres accions vitals positives.<\/p>\n<div id=\"attachment_83592\" style=\"width: 460px\" class=\"wp-caption alignright\"><img loading=\"lazy\" decoding=\"async\" aria-describedby=\"caption-attachment-83592\" class=\"wp-image-83592\" src=\"https:\/\/raed.academy\/wp-content\/uploads\/2019\/11\/Javier-Aranceta-Bartrina.jpg\" alt=\"Javier Aranceta Bartrina\" width=\"450\" height=\"300\" aria-describedby=\"caption-attachment-83592\" data-attachment-id=\"83592\" data-permalink=\"https:\/\/raed.academy\/nueva-vida-a-traves-de-la-alimentacion\/javier-aranceta-bartrina-2-2\/\" data-orig-file=\"https:\/\/raed.academy\/wp-content\/uploads\/2019\/11\/Javier-Aranceta-Bartrina.jpg\" data-orig-size=\"600,400\" data-comments-opened=\"0\" data-image-meta=\"{&quot;aperture&quot;:&quot;0&quot;,&quot;credit&quot;:&quot;&quot;,&quot;camera&quot;:&quot;&quot;,&quot;caption&quot;:&quot;&quot;,&quot;created_timestamp&quot;:&quot;0&quot;,&quot;copyright&quot;:&quot;&quot;,&quot;focal_length&quot;:&quot;0&quot;,&quot;iso&quot;:&quot;0&quot;,&quot;shutter_speed&quot;:&quot;0&quot;,&quot;title&quot;:&quot;&quot;,&quot;orientation&quot;:&quot;0&quot;}\" data-image-title=\"Javier-Aranceta-Bartrina\" data-image-description=\"\" data-medium-file=\"https:\/\/raed.academy\/wp-content\/uploads\/2019\/11\/Javier-Aranceta-Bartrina.jpg\" data-large-file=\"https:\/\/raed.academy\/wp-content\/uploads\/2019\/11\/Javier-Aranceta-Bartrina.jpg\" \/><p id=\"caption-attachment-83592\" class=\"wp-caption-text\">Dr. Javier Aranceta<\/p><\/div>\n<p>President del Comit\u00e8 Cient\u00edfic de la SENC, l&#8217;acad\u00e8mic ha coordinat els continguts d&#8217;una iniciativa que t\u00e9 com a grans objectius mantenir un bon perfil alimentari de la poblaci\u00f3 basat en la salut, el benestar i la satisfacci\u00f3; recuperar i promocionar l&#8217;activitat f\u00edsica habitual; potenciar el nostre sistema immunol\u00f2gic, emocional i els processos de resili\u00e8ncia; continuar amb les normes de seguretat i prevenci\u00f3 de contagis despr\u00e9s de l&#8217;experi\u00e8ncia de la Covid-19; refor\u00e7ar les bones pr\u00e0ctiques d&#8217;higiene dels aliments i tra\u00e7abilitat en el sector de restauraci\u00f3 i a les llars; recuperar les cures de les patologies que ven\u00edem patint, i donar suport als processos de sostenibilitat i les necessitats aliment\u00e0ries dels m\u00e9s vulnerables.<\/p>\n<p><span class=\"tlid-translation translation\" lang=\"ca\">El projecte &#8220;Nova Vida&#8221; t\u00e9 tant recomanacions pr\u00e0ctiques per a poblaci\u00f3 general com recomanacions espec\u00edfiques per a persones amb pocs recursos i necessitats especials. Els seus impulsors intentaran recollir suports i integrar els diferents agents vinculats al proc\u00e9s alimentari i nutricional juntament amb les institucions i societats relacionades amb la nutrici\u00f3 i salut p\u00fablica per a confluir amb efici\u00e8ncia i transpar\u00e8ncia en accions encaminades a promocionar i mantenir un millor panorama nutricional, social i de salut per a la poblaci\u00f3, en base als principis d&#8217;equitat, seguretat, evid\u00e8ncia cient\u00edfica i alfabetitzaci\u00f3 aliment\u00e0ria en els quals es basa la nutrici\u00f3 comunit\u00e0ria.<\/span><\/p>\n<p><span class=\"tlid-translation translation\" lang=\"ca\">Per a cada col\u00b7lectiu objectiu es desenvoluparan diferents accions, com recomanacions escrites via online, d\u00edptics en paper i articles breus; esdeveniments en l\u00ednia i presencials; infografies de suport de tots els blocs de continguts; elaboraci\u00f3 de materials audiovisuals de suport did\u00e0ctic i capacitaci\u00f3 pr\u00e0ctica; notes de premsa; atenci\u00f3 als mitjans de comunicaci\u00f3 en tots els seus formats i aplicacions m\u00f2bils. D&#8217;entrada, el projecte ja compta amb el <strong>&#8220;Dec\u00e0leg per a la millora i manteniment de l&#8217;estat nutricional, f\u00edsic i emocional de la poblaci\u00f3 espanyola&#8221;<\/strong>.<\/span><\/p>\n","protected":false},"excerpt":{"rendered":"<p>Javier Aranceta lidera el projecte &#8220;Nova Vida&#8221;, desenvolupat per millorar la vida de les persones partint d&#8217;una millor alimentaci\u00f3<\/p>\n","protected":false},"author":12,"featured_media":89402,"comment_status":"closed","ping_status":"closed","sticky":false,"template":"","format":"standard","meta":{"_et_pb_use_builder":"","_et_pb_old_content":"","_et_gb_content_width":"","footnotes":""},"categories":[268,273],"tags":[],"class_list":["post-92420","post","type-post","status-publish","format-standard","has-post-thumbnail","hentry","category-coronavirus-des-del-coneixement","category-salut","et-has-post-format-content","et_post_format-et-post-format-standard"],"yoast_head":"<!-- This site is optimized with the Yoast SEO plugin v27.4 - https:\/\/yoast.com\/product\/yoast-seo-wordpress\/ -->\n<title>Una nova vida mitjan\u00e7ant l&#039;alimentaci\u00f3 - Reial Acad\u00e8mia Europea de Doctors<\/title>\n<meta name=\"description\" content=\"Javier Aranceta lidera el projecte &quot;Nova Vida&quot;, desenvolupat per millorar la vida de les persones partint d&#039;una millor alimentaci\u00f3\" \/>\n<meta name=\"robots\" content=\"index, follow, max-snippet:-1, max-image-preview:large, max-video-preview:-1\" \/>\n<link rel=\"canonical\" href=\"https:\/\/raed.academy\/ca\/una-nova-vida-mitjancant-lalimentacio\/\" \/>\n<meta property=\"og:locale\" content=\"ca_ES\" \/>\n<meta property=\"og:type\" content=\"article\" \/>\n<meta property=\"og:title\" content=\"Una nova vida mitjan\u00e7ant l&#039;alimentaci\u00f3 - Reial Acad\u00e8mia Europea de Doctors\" \/>\n<meta property=\"og:description\" content=\"Javier Aranceta lidera el projecte &quot;Nova Vida&quot;, desenvolupat per millorar la vida de les persones partint d&#039;una millor alimentaci\u00f3\" \/>\n<meta property=\"og:url\" content=\"https:\/\/raed.academy\/ca\/una-nova-vida-mitjancant-lalimentacio\/\" \/>\n<meta property=\"og:site_name\" content=\"Reial Acad\u00e8mia Europea de Doctors\" \/>\n<meta property=\"article:publisher\" content=\"http:\/\/fb.me\/raed.academy\" \/>\n<meta property=\"article:published_time\" content=\"2020-07-17T06:47:51+00:00\" \/>\n<meta property=\"article:modified_time\" content=\"2020-07-17T17:30:11+00:00\" \/>\n<meta property=\"og:image\" content=\"https:\/\/raed.academy\/wp-content\/uploads\/2020\/04\/shutt_alimentacion-saludable-dst.jpg\" \/>\n\t<meta property=\"og:image:width\" content=\"1000\" \/>\n\t<meta property=\"og:image:height\" content=\"420\" \/>\n\t<meta property=\"og:image:type\" content=\"image\/jpeg\" \/>\n<meta name=\"author\" content=\"RAED\" \/>\n<meta name=\"twitter:card\" content=\"summary_large_image\" \/>\n<meta name=\"twitter:creator\" content=\"@raedacademy\" \/>\n<meta name=\"twitter:site\" content=\"@raedacademy\" \/>\n<meta name=\"twitter:label1\" content=\"Written by\" \/>\n\t<meta name=\"twitter:data1\" content=\"RAED\" \/>\n\t<meta name=\"twitter:label2\" content=\"Est. reading time\" \/>\n\t<meta name=\"twitter:data2\" content=\"3 minutes\" \/>\n<script type=\"application\/ld+json\" class=\"yoast-schema-graph\">{\"@context\":\"https:\\\/\\\/schema.org\",\"@graph\":[{\"@type\":\"Article\",\"@id\":\"https:\\\/\\\/raed.academy\\\/ca\\\/una-nova-vida-mitjancant-lalimentacio\\\/#article\",\"isPartOf\":{\"@id\":\"https:\\\/\\\/raed.academy\\\/ca\\\/una-nova-vida-mitjancant-lalimentacio\\\/\"},\"author\":{\"name\":\"RAED\",\"@id\":\"https:\\\/\\\/raed.academy\\\/ca\\\/#\\\/schema\\\/person\\\/5a755da80d1d979fd66ba745c8702927\"},\"headline\":\"Una nova vida mitjan\u00e7ant l&#8217;alimentaci\u00f3\",\"datePublished\":\"2020-07-17T06:47:51+00:00\",\"dateModified\":\"2020-07-17T17:30:11+00:00\",\"mainEntityOfPage\":{\"@id\":\"https:\\\/\\\/raed.academy\\\/ca\\\/una-nova-vida-mitjancant-lalimentacio\\\/\"},\"wordCount\":528,\"publisher\":{\"@id\":\"https:\\\/\\\/raed.academy\\\/ca\\\/#organization\"},\"image\":{\"@id\":\"https:\\\/\\\/raed.academy\\\/ca\\\/una-nova-vida-mitjancant-lalimentacio\\\/#primaryimage\"},\"thumbnailUrl\":\"https:\\\/\\\/raed.academy\\\/wp-content\\\/uploads\\\/2020\\\/04\\\/shutt_alimentacion-saludable-dst.jpg\",\"articleSection\":[\"Coronavirus des del coneixement\",\"Salut\"],\"inLanguage\":\"ca-ES\"},{\"@type\":\"WebPage\",\"@id\":\"https:\\\/\\\/raed.academy\\\/ca\\\/una-nova-vida-mitjancant-lalimentacio\\\/\",\"url\":\"https:\\\/\\\/raed.academy\\\/ca\\\/una-nova-vida-mitjancant-lalimentacio\\\/\",\"name\":\"Una nova vida mitjan\u00e7ant l'alimentaci\u00f3 - Reial Acad\u00e8mia Europea de Doctors\",\"isPartOf\":{\"@id\":\"https:\\\/\\\/raed.academy\\\/ca\\\/#website\"},\"primaryImageOfPage\":{\"@id\":\"https:\\\/\\\/raed.academy\\\/ca\\\/una-nova-vida-mitjancant-lalimentacio\\\/#primaryimage\"},\"image\":{\"@id\":\"https:\\\/\\\/raed.academy\\\/ca\\\/una-nova-vida-mitjancant-lalimentacio\\\/#primaryimage\"},\"thumbnailUrl\":\"https:\\\/\\\/raed.academy\\\/wp-content\\\/uploads\\\/2020\\\/04\\\/shutt_alimentacion-saludable-dst.jpg\",\"datePublished\":\"2020-07-17T06:47:51+00:00\",\"dateModified\":\"2020-07-17T17:30:11+00:00\",\"description\":\"Javier Aranceta lidera el projecte \\\"Nova Vida\\\", desenvolupat per millorar la vida de les persones partint d'una millor alimentaci\u00f3\",\"breadcrumb\":{\"@id\":\"https:\\\/\\\/raed.academy\\\/ca\\\/una-nova-vida-mitjancant-lalimentacio\\\/#breadcrumb\"},\"inLanguage\":\"ca-ES\",\"potentialAction\":[{\"@type\":\"ReadAction\",\"target\":[\"https:\\\/\\\/raed.academy\\\/ca\\\/una-nova-vida-mitjancant-lalimentacio\\\/\"]}]},{\"@type\":\"ImageObject\",\"inLanguage\":\"ca-ES\",\"@id\":\"https:\\\/\\\/raed.academy\\\/ca\\\/una-nova-vida-mitjancant-lalimentacio\\\/#primaryimage\",\"url\":\"https:\\\/\\\/raed.academy\\\/wp-content\\\/uploads\\\/2020\\\/04\\\/shutt_alimentacion-saludable-dst.jpg\",\"contentUrl\":\"https:\\\/\\\/raed.academy\\\/wp-content\\\/uploads\\\/2020\\\/04\\\/shutt_alimentacion-saludable-dst.jpg\",\"width\":1000,\"height\":420},{\"@type\":\"BreadcrumbList\",\"@id\":\"https:\\\/\\\/raed.academy\\\/ca\\\/una-nova-vida-mitjancant-lalimentacio\\\/#breadcrumb\",\"itemListElement\":[{\"@type\":\"ListItem\",\"position\":1,\"name\":\"Inicio\",\"item\":\"https:\\\/\\\/raed.academy\\\/ca\\\/\"},{\"@type\":\"ListItem\",\"position\":2,\"name\":\"Una nova vida mitjan\u00e7ant l&#8217;alimentaci\u00f3\"}]},{\"@type\":\"WebSite\",\"@id\":\"https:\\\/\\\/raed.academy\\\/ca\\\/#website\",\"url\":\"https:\\\/\\\/raed.academy\\\/ca\\\/\",\"name\":\"Reial Acad\u00e8mia Europea de Doctors\",\"description\":\"Corporaci\u00f3n de derecho p\u00fablico de car\u00e1cter cient\u00edfico, t\u00e9cnico y art\u00edstico, que tiene por objeto la investigaci\u00f3n, el estudio, el fomento y la extensi\u00f3n del conocimiento en su sentido m\u00e1s amplio\",\"publisher\":{\"@id\":\"https:\\\/\\\/raed.academy\\\/ca\\\/#organization\"},\"potentialAction\":[{\"@type\":\"SearchAction\",\"target\":{\"@type\":\"EntryPoint\",\"urlTemplate\":\"https:\\\/\\\/raed.academy\\\/ca\\\/?s={search_term_string}\"},\"query-input\":{\"@type\":\"PropertyValueSpecification\",\"valueRequired\":true,\"valueName\":\"search_term_string\"}}],\"inLanguage\":\"ca-ES\"},{\"@type\":\"Organization\",\"@id\":\"https:\\\/\\\/raed.academy\\\/ca\\\/#organization\",\"name\":\"Real Academia Europea de Doctores\",\"url\":\"https:\\\/\\\/raed.academy\\\/ca\\\/\",\"logo\":{\"@type\":\"ImageObject\",\"inLanguage\":\"ca-ES\",\"@id\":\"https:\\\/\\\/raed.academy\\\/ca\\\/#\\\/schema\\\/logo\\\/image\\\/\",\"url\":\"https:\\\/\\\/raed.academy\\\/wp-content\\\/uploads\\\/2017\\\/01\\\/cropped-logo_raed.png\",\"contentUrl\":\"https:\\\/\\\/raed.academy\\\/wp-content\\\/uploads\\\/2017\\\/01\\\/cropped-logo_raed.png\",\"width\":512,\"height\":512,\"caption\":\"Real Academia Europea de Doctores\"},\"image\":{\"@id\":\"https:\\\/\\\/raed.academy\\\/ca\\\/#\\\/schema\\\/logo\\\/image\\\/\"},\"sameAs\":[\"http:\\\/\\\/fb.me\\\/raed.academy\",\"https:\\\/\\\/x.com\\\/raedacademy\",\"https:\\\/\\\/www.instagram.com\\\/raed.academy\\\/\",\"https:\\\/\\\/www.youtube.com\\\/channel\\\/UCUYQwW2KrdirNWihxMDObwg\"]},{\"@type\":\"Person\",\"@id\":\"https:\\\/\\\/raed.academy\\\/ca\\\/#\\\/schema\\\/person\\\/5a755da80d1d979fd66ba745c8702927\",\"name\":\"RAED\",\"image\":{\"@type\":\"ImageObject\",\"inLanguage\":\"ca-ES\",\"@id\":\"https:\\\/\\\/secure.gravatar.com\\\/avatar\\\/19fdfdc0d67fb9c45714b703a2ac82251c4fcea3637f002ac3c9b74c0183583c?s=96&d=mm&r=g\",\"url\":\"https:\\\/\\\/secure.gravatar.com\\\/avatar\\\/19fdfdc0d67fb9c45714b703a2ac82251c4fcea3637f002ac3c9b74c0183583c?s=96&d=mm&r=g\",\"contentUrl\":\"https:\\\/\\\/secure.gravatar.com\\\/avatar\\\/19fdfdc0d67fb9c45714b703a2ac82251c4fcea3637f002ac3c9b74c0183583c?s=96&d=mm&r=g\",\"caption\":\"RAED\"}}]}<\/script>\n<!-- \/ Yoast SEO plugin. -->","yoast_head_json":{"title":"Una nova vida mitjan\u00e7ant l'alimentaci\u00f3 - Reial Acad\u00e8mia Europea de Doctors","description":"Javier Aranceta lidera el projecte \"Nova Vida\", desenvolupat per millorar la vida de les persones partint d'una millor alimentaci\u00f3","robots":{"index":"index","follow":"follow","max-snippet":"max-snippet:-1","max-image-preview":"max-image-preview:large","max-video-preview":"max-video-preview:-1"},"canonical":"https:\/\/raed.academy\/ca\/una-nova-vida-mitjancant-lalimentacio\/","og_locale":"ca_ES","og_type":"article","og_title":"Una nova vida mitjan\u00e7ant l'alimentaci\u00f3 - Reial Acad\u00e8mia Europea de Doctors","og_description":"Javier Aranceta lidera el projecte \"Nova Vida\", desenvolupat per millorar la vida de les persones partint d'una millor alimentaci\u00f3","og_url":"https:\/\/raed.academy\/ca\/una-nova-vida-mitjancant-lalimentacio\/","og_site_name":"Reial Acad\u00e8mia Europea de Doctors","article_publisher":"http:\/\/fb.me\/raed.academy","article_published_time":"2020-07-17T06:47:51+00:00","article_modified_time":"2020-07-17T17:30:11+00:00","og_image":[{"width":1000,"height":420,"url":"https:\/\/raed.academy\/wp-content\/uploads\/2020\/04\/shutt_alimentacion-saludable-dst.jpg","type":"image\/jpeg"}],"author":"RAED","twitter_card":"summary_large_image","twitter_creator":"@raedacademy","twitter_site":"@raedacademy","twitter_misc":{"Written by":"RAED","Est. reading time":"3 minutes"},"schema":{"@context":"https:\/\/schema.org","@graph":[{"@type":"Article","@id":"https:\/\/raed.academy\/ca\/una-nova-vida-mitjancant-lalimentacio\/#article","isPartOf":{"@id":"https:\/\/raed.academy\/ca\/una-nova-vida-mitjancant-lalimentacio\/"},"author":{"name":"RAED","@id":"https:\/\/raed.academy\/ca\/#\/schema\/person\/5a755da80d1d979fd66ba745c8702927"},"headline":"Una nova vida mitjan\u00e7ant l&#8217;alimentaci\u00f3","datePublished":"2020-07-17T06:47:51+00:00","dateModified":"2020-07-17T17:30:11+00:00","mainEntityOfPage":{"@id":"https:\/\/raed.academy\/ca\/una-nova-vida-mitjancant-lalimentacio\/"},"wordCount":528,"publisher":{"@id":"https:\/\/raed.academy\/ca\/#organization"},"image":{"@id":"https:\/\/raed.academy\/ca\/una-nova-vida-mitjancant-lalimentacio\/#primaryimage"},"thumbnailUrl":"https:\/\/raed.academy\/wp-content\/uploads\/2020\/04\/shutt_alimentacion-saludable-dst.jpg","articleSection":["Coronavirus des del coneixement","Salut"],"inLanguage":"ca-ES"},{"@type":"WebPage","@id":"https:\/\/raed.academy\/ca\/una-nova-vida-mitjancant-lalimentacio\/","url":"https:\/\/raed.academy\/ca\/una-nova-vida-mitjancant-lalimentacio\/","name":"Una nova vida mitjan\u00e7ant l'alimentaci\u00f3 - Reial Acad\u00e8mia Europea de Doctors","isPartOf":{"@id":"https:\/\/raed.academy\/ca\/#website"},"primaryImageOfPage":{"@id":"https:\/\/raed.academy\/ca\/una-nova-vida-mitjancant-lalimentacio\/#primaryimage"},"image":{"@id":"https:\/\/raed.academy\/ca\/una-nova-vida-mitjancant-lalimentacio\/#primaryimage"},"thumbnailUrl":"https:\/\/raed.academy\/wp-content\/uploads\/2020\/04\/shutt_alimentacion-saludable-dst.jpg","datePublished":"2020-07-17T06:47:51+00:00","dateModified":"2020-07-17T17:30:11+00:00","description":"Javier Aranceta lidera el projecte \"Nova Vida\", desenvolupat per millorar la vida de les persones partint d'una millor alimentaci\u00f3","breadcrumb":{"@id":"https:\/\/raed.academy\/ca\/una-nova-vida-mitjancant-lalimentacio\/#breadcrumb"},"inLanguage":"ca-ES","potentialAction":[{"@type":"ReadAction","target":["https:\/\/raed.academy\/ca\/una-nova-vida-mitjancant-lalimentacio\/"]}]},{"@type":"ImageObject","inLanguage":"ca-ES","@id":"https:\/\/raed.academy\/ca\/una-nova-vida-mitjancant-lalimentacio\/#primaryimage","url":"https:\/\/raed.academy\/wp-content\/uploads\/2020\/04\/shutt_alimentacion-saludable-dst.jpg","contentUrl":"https:\/\/raed.academy\/wp-content\/uploads\/2020\/04\/shutt_alimentacion-saludable-dst.jpg","width":1000,"height":420},{"@type":"BreadcrumbList","@id":"https:\/\/raed.academy\/ca\/una-nova-vida-mitjancant-lalimentacio\/#breadcrumb","itemListElement":[{"@type":"ListItem","position":1,"name":"Inicio","item":"https:\/\/raed.academy\/ca\/"},{"@type":"ListItem","position":2,"name":"Una nova vida mitjan\u00e7ant l&#8217;alimentaci\u00f3"}]},{"@type":"WebSite","@id":"https:\/\/raed.academy\/ca\/#website","url":"https:\/\/raed.academy\/ca\/","name":"Reial Acad\u00e8mia Europea de Doctors","description":"Corporaci\u00f3n de derecho p\u00fablico de car\u00e1cter cient\u00edfico, t\u00e9cnico y art\u00edstico, que tiene por objeto la investigaci\u00f3n, el estudio, el fomento y la extensi\u00f3n del conocimiento en su sentido m\u00e1s amplio","publisher":{"@id":"https:\/\/raed.academy\/ca\/#organization"},"potentialAction":[{"@type":"SearchAction","target":{"@type":"EntryPoint","urlTemplate":"https:\/\/raed.academy\/ca\/?s={search_term_string}"},"query-input":{"@type":"PropertyValueSpecification","valueRequired":true,"valueName":"search_term_string"}}],"inLanguage":"ca-ES"},{"@type":"Organization","@id":"https:\/\/raed.academy\/ca\/#organization","name":"Real Academia Europea de Doctores","url":"https:\/\/raed.academy\/ca\/","logo":{"@type":"ImageObject","inLanguage":"ca-ES","@id":"https:\/\/raed.academy\/ca\/#\/schema\/logo\/image\/","url":"https:\/\/raed.academy\/wp-content\/uploads\/2017\/01\/cropped-logo_raed.png","contentUrl":"https:\/\/raed.academy\/wp-content\/uploads\/2017\/01\/cropped-logo_raed.png","width":512,"height":512,"caption":"Real Academia Europea de Doctores"},"image":{"@id":"https:\/\/raed.academy\/ca\/#\/schema\/logo\/image\/"},"sameAs":["http:\/\/fb.me\/raed.academy","https:\/\/x.com\/raedacademy","https:\/\/www.instagram.com\/raed.academy\/","https:\/\/www.youtube.com\/channel\/UCUYQwW2KrdirNWihxMDObwg"]},{"@type":"Person","@id":"https:\/\/raed.academy\/ca\/#\/schema\/person\/5a755da80d1d979fd66ba745c8702927","name":"RAED","image":{"@type":"ImageObject","inLanguage":"ca-ES","@id":"https:\/\/secure.gravatar.com\/avatar\/19fdfdc0d67fb9c45714b703a2ac82251c4fcea3637f002ac3c9b74c0183583c?s=96&d=mm&r=g","url":"https:\/\/secure.gravatar.com\/avatar\/19fdfdc0d67fb9c45714b703a2ac82251c4fcea3637f002ac3c9b74c0183583c?s=96&d=mm&r=g","contentUrl":"https:\/\/secure.gravatar.com\/avatar\/19fdfdc0d67fb9c45714b703a2ac82251c4fcea3637f002ac3c9b74c0183583c?s=96&d=mm&r=g","caption":"RAED"}}]}},"_links":{"self":[{"href":"https:\/\/raed.academy\/ca\/wp-json\/wp\/v2\/posts\/92420","targetHints":{"allow":["GET"]}}],"collection":[{"href":"https:\/\/raed.academy\/ca\/wp-json\/wp\/v2\/posts"}],"about":[{"href":"https:\/\/raed.academy\/ca\/wp-json\/wp\/v2\/types\/post"}],"author":[{"embeddable":true,"href":"https:\/\/raed.academy\/ca\/wp-json\/wp\/v2\/users\/12"}],"replies":[{"embeddable":true,"href":"https:\/\/raed.academy\/ca\/wp-json\/wp\/v2\/comments?post=92420"}],"version-history":[{"count":0,"href":"https:\/\/raed.academy\/ca\/wp-json\/wp\/v2\/posts\/92420\/revisions"}],"wp:featuredmedia":[{"embeddable":true,"href":"https:\/\/raed.academy\/ca\/wp-json\/wp\/v2\/media\/89402"}],"wp:attachment":[{"href":"https:\/\/raed.academy\/ca\/wp-json\/wp\/v2\/media?parent=92420"}],"wp:term":[{"taxonomy":"category","embeddable":true,"href":"https:\/\/raed.academy\/ca\/wp-json\/wp\/v2\/categories?post=92420"},{"taxonomy":"post_tag","embeddable":true,"href":"https:\/\/raed.academy\/ca\/wp-json\/wp\/v2\/tags?post=92420"}],"curies":[{"name":"wp","href":"https:\/\/api.w.org\/{rel}","templated":true}]}}