{"id":91719,"date":"2020-06-17T15:18:08","date_gmt":"2020-06-17T15:18:08","guid":{"rendered":"https:\/\/raed.academy\/?p=91719"},"modified":"2020-06-18T09:06:22","modified_gmt":"2020-06-18T09:06:22","slug":"les-millores-alimentaries-del-confinament","status":"publish","type":"post","link":"https:\/\/raed.academy\/ca\/les-millores-alimentaries-del-confinament\/","title":{"rendered":"Les millores aliment\u00e0ries del confinament"},"content":{"rendered":"<p><em><a href=\"https:\/\/raed.academy\/ca\/academics\/dr-javier-aranceta-bartrina\/\" target=\"_blank\" rel=\"noopener noreferrer\"><strong>Javier Aranceta<\/strong><\/a><br \/>\nPresident del Comit\u00e8 Cient\u00edfic de la Societat Espanyola de Nutrici\u00f3 Comunit\u00e0ria, president de la Reial Acad\u00e8mia de Medicina del Pa\u00eds Basc-Euskal Herriko Medikuntzaren Errege Akademia i acad\u00e8mic de n\u00famero de la Reial Acad\u00e8mia Europea de Doctors-Barcelona 1914 (RAED)<\/em><\/p>\n<p><a href=\"https:\/\/raed.academy\/ca\/academics\/dr-gregorio-varela-moreiras\/\" target=\"_blank\" rel=\"noopener noreferrer\"><strong><em>Gregorio Varela<\/em><\/strong><\/a><br \/>\n<em>Catedr\u00e0tic de Nutrici\u00f3 i Bromatologia de la Facultat de Farm\u00e0cia de la Universitat CEU-Sant Pau, president de la Fundaci\u00f3 Espanyola de la Nutrici\u00f3 i acad\u00e8mico de n\u00famero de la Reial Acad\u00e8mia Europea de Doctors-Barcelona 1914 (RAED)<\/em><\/p>\n<p><em><a href=\"https:\/\/raed.academy\/ca\/academics\/dr-lluis-serra-majem\/\" target=\"_blank\" rel=\"noopener noreferrer\"><strong>Llu\u00eds Serra Majem<\/strong><\/a><br \/>\nEpidemi\u00f2leg, catedr\u00e0tic de Medicina Preventiva i Salut P\u00fablica de la Universitat de Las Palmas de Gran Can\u00e0ria i acad\u00e8mic de n\u00famero de la Reial Acad\u00e8mia Europea de Doctors-Barcelona 1914 (RAED). Portaveu del Comit\u00e8 Cient\u00edfic per a l&#8217;Emerg\u00e8ncia Sanit\u00e0ria de la Covid-19 a Can\u00e0ries<br \/>\n<\/em><\/p>\n<p><strong><img loading=\"lazy\" decoding=\"async\" class=\"alignleft wp-image-91768\" src=\"https:\/\/raed.academy\/wp-content\/uploads\/2020\/06\/shutt_alimentacion-saludable-dstNtc.jpg\" alt=\"\" width=\"550\" height=\"330\" srcset=\"https:\/\/raed.academy\/wp-content\/uploads\/2020\/06\/shutt_alimentacion-saludable-dstNtc.jpg 1000w, https:\/\/raed.academy\/wp-content\/uploads\/2020\/06\/shutt_alimentacion-saludable-dstNtc-768x461.jpg 768w, https:\/\/raed.academy\/wp-content\/uploads\/2020\/06\/shutt_alimentacion-saludable-dstNtc-627x376.jpg 627w, https:\/\/raed.academy\/wp-content\/uploads\/2020\/06\/shutt_alimentacion-saludable-dstNtc-440x264.jpg 440w\" sizes=\"(max-width: 550px) 100vw, 550px\" \/>Javier Aranceta<\/strong>, acad\u00e8mic de n\u00famero de la <strong>Reial Acad\u00e8mia Europea de Doctors-Barcelona 1914<\/strong> (RAED), analitza a l&#8217;estudi <strong>&#8220;Cambios en los h\u00e1bitos alimentarios durante el periodo de confinamiento por la pandemia COVID-19 en Espa\u00f1a&#8221;<\/strong> les alteracions que ha suposat per la societat espanyola a les seves rutines aliment\u00e0ries el confinament que al llarg de 50 dies va imposar l&#8217;Administraci\u00f3 en aplicaci\u00f3 de l&#8217;estat d&#8217;alarma decretat a causa de la pand\u00e8mia de la Covid-19. Al complet informe tamb\u00e9 participen els especialistes <strong>Carmen P\u00e9rez<\/strong>, <strong>Marta Gianzo<\/strong>, <strong>Gotzone Herv\u00e1s<\/strong>, <strong>F\u00e1tima Ruiz<\/strong>, <strong>Luis Casis<\/strong> i els integrants del <strong>Grup Col\u00b7laboratiu<\/strong> de la <strong>Societat Espanyola de Nutrici\u00f3 Comunit\u00e0ria<\/strong> (<strong>SENC<\/strong>), entre ells els tamb\u00e9 acad\u00e8mics de n\u00famero de la RAED <strong>Gregorio Varela<\/strong> i <strong>Llu\u00eds Serra Majem<\/strong>.<\/p>\n<p>L&#8217;estudi determina que el tancament de fronteres, el confinament de la poblaci\u00f3 i el distanciament f\u00edsic, mesures instaurades en molts pa\u00efsos per contenir l&#8217;abast i gravetat de la pand\u00e8mia, han comportat canvis en els h\u00e0bits alimentaris i en altres estils de vida durant el per\u00edode de confinament entre la poblaci\u00f3 espanyola. Per analitzar-ho, els autors van portar a terme un estudi transversal sobre una mostra de conveni\u00e8ncia de persones majors de 18 anys d&#8217;edat reclutada de forma electr\u00f2nica entre el 21 d&#8217;abril i 8 de maig de 2020, setmanes de la sisena a la vuitena de confinament a Espanya. El protocol de la feina contemplava dades sociodemogr\u00e0fiques, caracter\u00edstiques del confinament, h\u00e0bits de consum alimentari i activitat f\u00edsica usuals, aix\u00ed com les modificacions observades i explicades pels propis ciutadans que es van sotmetre a l&#8217;estudi durant el per\u00edode de confinament.<\/p>\n<p>Els resultats destaquen que els canvis m\u00e9s freq\u00fcents es refereixen a major consum de fruita (27%), ous (25,4%), llegums (22,5%), verdures (21%) i peix (20%) i reducci\u00f3 en el consum de carns processades (35,5%), xai o conill (32%), pizza (32,6%), begudes alcoh\u00f2liques destil\u00b7lades (44,2%), begudes ensucrades (32,8%) o xocolata (25,8%), amb algunes difer\u00e8ncies sobretot en funci\u00f3 de l&#8217;edat i el grau d&#8217;adequaci\u00f3 de la dieta usual. Un 14,1% dels ciutadans sotmesos a l&#8217;estudi, que habitualment no cuinava, s\u00ed que ho va fer al llarg d&#8217;aquest per\u00edode. El 15% no va practicar cap exercici f\u00edsic, el 24,6% es va passar assegut m\u00e9s de nou hores di\u00e0ries i el 30,7% dels fumadors (14,7%) va fumar m\u00e9s. Aix\u00ed mateix, un 37% dels estudiats va referir no dormir b\u00e9.<\/p>\n<p>Com a conclusions m\u00e9s destacades, els autors de l&#8217;estudi destaquen que els participants en la mostra van referir destacats canvis alimentaris en el per\u00edode de confinament, amb una tend\u00e8ncia cap a un major consum d&#8217;aliments saludables, menor consum d&#8217;aliments de menor inter\u00e8s nutricional i un augment de la pr\u00e0ctica de cuinar a casa. En definitiva, una millora dels h\u00e0bits saludables que ara s&#8217;haur\u00e0 de determinar si es mantenen en el progressiu retorn a la normalitat i especialment un cop superada la pand\u00e8mia.<\/p>\n<h3><a href=\"https:\/\/raed.academy\/wp-content\/uploads\/2020\/06\/RENC-2020_2_0X_Cambios-habitos-alimentarios-estilos-vida-confinamiento-Covid-19-1_cmpr.pdf\" target=\"_blank\" rel=\"noopener noreferrer\">Llegiu l&#8217;estudi complet<\/a><\/h3>\n","protected":false},"excerpt":{"rendered":"<p>Javier Aranceta President del Comit\u00e8 Cient\u00edfic de la Societat Espanyola de Nutrici\u00f3 Comunit\u00e0ria, president de la Reial Acad\u00e8mia de Medicina del Pa\u00eds Basc-Euskal Herriko Medikuntzaren Errege Akademia i acad\u00e8mic de n\u00famero de la Reial Acad\u00e8mia Europea de Doctors-Barcelona 1914 (RAED) Gregorio Varela Catedr\u00e0tic de Nutrici\u00f3 i Bromatologia de la Facultat de Farm\u00e0cia de la Universitat [&hellip;]<\/p>\n","protected":false},"author":12,"featured_media":91769,"comment_status":"open","ping_status":"closed","sticky":false,"template":"","format":"standard","meta":{"_et_pb_use_builder":"","_et_pb_old_content":"","_et_gb_content_width":"","footnotes":""},"categories":[268,273],"tags":[],"class_list":["post-91719","post","type-post","status-publish","format-standard","has-post-thumbnail","hentry","category-coronavirus-des-del-coneixement","category-salut","et-has-post-format-content","et_post_format-et-post-format-standard"],"yoast_head":"<!-- This site is optimized with the Yoast SEO plugin v27.4 - https:\/\/yoast.com\/product\/yoast-seo-wordpress\/ -->\n<title>Les millores aliment\u00e0ries del confinament - Reial Acad\u00e8mia Europea de Doctors<\/title>\n<meta name=\"description\" content=\"Javier Aranceta analitza en aquest estudi els canvis en els h\u00e0bits alimentaris durant el per\u00edode de confinament per la pand\u00e8mia COVID-19 a Espanya\" \/>\n<meta name=\"robots\" content=\"index, follow, max-snippet:-1, max-image-preview:large, max-video-preview:-1\" \/>\n<link rel=\"canonical\" href=\"https:\/\/raed.academy\/ca\/les-millores-alimentaries-del-confinament\/\" \/>\n<meta property=\"og:locale\" content=\"ca_ES\" \/>\n<meta property=\"og:type\" content=\"article\" \/>\n<meta property=\"og:title\" content=\"Les millores aliment\u00e0ries del confinament - Reial Acad\u00e8mia Europea de Doctors\" \/>\n<meta property=\"og:description\" content=\"Javier Aranceta analitza en aquest estudi els canvis en els h\u00e0bits alimentaris durant el per\u00edode de confinament per la pand\u00e8mia COVID-19 a Espanya\" \/>\n<meta property=\"og:url\" content=\"https:\/\/raed.academy\/ca\/les-millores-alimentaries-del-confinament\/\" \/>\n<meta property=\"og:site_name\" content=\"Reial Acad\u00e8mia Europea de Doctors\" \/>\n<meta property=\"article:publisher\" content=\"http:\/\/fb.me\/raed.academy\" \/>\n<meta property=\"article:published_time\" content=\"2020-06-17T15:18:08+00:00\" \/>\n<meta property=\"article:modified_time\" content=\"2020-06-18T09:06:22+00:00\" \/>\n<meta property=\"og:image\" content=\"https:\/\/raed.academy\/wp-content\/uploads\/2020\/06\/shutt_alimentacion-saludable-dstNtc.jpg\" \/>\n\t<meta property=\"og:image:width\" content=\"1000\" \/>\n\t<meta property=\"og:image:height\" content=\"600\" \/>\n\t<meta property=\"og:image:type\" content=\"image\/jpeg\" \/>\n<meta name=\"author\" content=\"RAED\" \/>\n<meta name=\"twitter:card\" content=\"summary_large_image\" \/>\n<meta name=\"twitter:creator\" content=\"@raedacademy\" \/>\n<meta name=\"twitter:site\" content=\"@raedacademy\" \/>\n<meta name=\"twitter:label1\" content=\"Written by\" \/>\n\t<meta name=\"twitter:data1\" content=\"RAED\" \/>\n\t<meta name=\"twitter:label2\" content=\"Est. reading time\" \/>\n\t<meta name=\"twitter:data2\" content=\"3 minutes\" \/>\n<script type=\"application\/ld+json\" class=\"yoast-schema-graph\">{\"@context\":\"https:\\\/\\\/schema.org\",\"@graph\":[{\"@type\":\"Article\",\"@id\":\"https:\\\/\\\/raed.academy\\\/ca\\\/les-millores-alimentaries-del-confinament\\\/#article\",\"isPartOf\":{\"@id\":\"https:\\\/\\\/raed.academy\\\/ca\\\/les-millores-alimentaries-del-confinament\\\/\"},\"author\":{\"name\":\"RAED\",\"@id\":\"https:\\\/\\\/raed.academy\\\/ca\\\/#\\\/schema\\\/person\\\/5a755da80d1d979fd66ba745c8702927\"},\"headline\":\"Les millores aliment\u00e0ries del confinament\",\"datePublished\":\"2020-06-17T15:18:08+00:00\",\"dateModified\":\"2020-06-18T09:06:22+00:00\",\"mainEntityOfPage\":{\"@id\":\"https:\\\/\\\/raed.academy\\\/ca\\\/les-millores-alimentaries-del-confinament\\\/\"},\"wordCount\":659,\"commentCount\":0,\"publisher\":{\"@id\":\"https:\\\/\\\/raed.academy\\\/ca\\\/#organization\"},\"image\":{\"@id\":\"https:\\\/\\\/raed.academy\\\/ca\\\/les-millores-alimentaries-del-confinament\\\/#primaryimage\"},\"thumbnailUrl\":\"https:\\\/\\\/raed.academy\\\/wp-content\\\/uploads\\\/2020\\\/06\\\/shutt_alimentacion-saludable-dstNtc.jpg\",\"articleSection\":[\"Coronavirus des del coneixement\",\"Salut\"],\"inLanguage\":\"ca-ES\",\"potentialAction\":[{\"@type\":\"CommentAction\",\"name\":\"Comment\",\"target\":[\"https:\\\/\\\/raed.academy\\\/ca\\\/les-millores-alimentaries-del-confinament\\\/#respond\"]}]},{\"@type\":\"WebPage\",\"@id\":\"https:\\\/\\\/raed.academy\\\/ca\\\/les-millores-alimentaries-del-confinament\\\/\",\"url\":\"https:\\\/\\\/raed.academy\\\/ca\\\/les-millores-alimentaries-del-confinament\\\/\",\"name\":\"Les millores aliment\u00e0ries del confinament - Reial Acad\u00e8mia Europea de Doctors\",\"isPartOf\":{\"@id\":\"https:\\\/\\\/raed.academy\\\/ca\\\/#website\"},\"primaryImageOfPage\":{\"@id\":\"https:\\\/\\\/raed.academy\\\/ca\\\/les-millores-alimentaries-del-confinament\\\/#primaryimage\"},\"image\":{\"@id\":\"https:\\\/\\\/raed.academy\\\/ca\\\/les-millores-alimentaries-del-confinament\\\/#primaryimage\"},\"thumbnailUrl\":\"https:\\\/\\\/raed.academy\\\/wp-content\\\/uploads\\\/2020\\\/06\\\/shutt_alimentacion-saludable-dstNtc.jpg\",\"datePublished\":\"2020-06-17T15:18:08+00:00\",\"dateModified\":\"2020-06-18T09:06:22+00:00\",\"description\":\"Javier Aranceta analitza en aquest estudi els canvis en els h\u00e0bits alimentaris durant el per\u00edode de confinament per la pand\u00e8mia COVID-19 a Espanya\",\"breadcrumb\":{\"@id\":\"https:\\\/\\\/raed.academy\\\/ca\\\/les-millores-alimentaries-del-confinament\\\/#breadcrumb\"},\"inLanguage\":\"ca-ES\",\"potentialAction\":[{\"@type\":\"ReadAction\",\"target\":[\"https:\\\/\\\/raed.academy\\\/ca\\\/les-millores-alimentaries-del-confinament\\\/\"]}]},{\"@type\":\"ImageObject\",\"inLanguage\":\"ca-ES\",\"@id\":\"https:\\\/\\\/raed.academy\\\/ca\\\/les-millores-alimentaries-del-confinament\\\/#primaryimage\",\"url\":\"https:\\\/\\\/raed.academy\\\/wp-content\\\/uploads\\\/2020\\\/06\\\/shutt_alimentacion-saludable-dstNtc.jpg\",\"contentUrl\":\"https:\\\/\\\/raed.academy\\\/wp-content\\\/uploads\\\/2020\\\/06\\\/shutt_alimentacion-saludable-dstNtc.jpg\",\"width\":1000,\"height\":600,\"caption\":\"alimentaci\u00f3n\"},{\"@type\":\"BreadcrumbList\",\"@id\":\"https:\\\/\\\/raed.academy\\\/ca\\\/les-millores-alimentaries-del-confinament\\\/#breadcrumb\",\"itemListElement\":[{\"@type\":\"ListItem\",\"position\":1,\"name\":\"Inicio\",\"item\":\"https:\\\/\\\/raed.academy\\\/ca\\\/\"},{\"@type\":\"ListItem\",\"position\":2,\"name\":\"Les millores aliment\u00e0ries del confinament\"}]},{\"@type\":\"WebSite\",\"@id\":\"https:\\\/\\\/raed.academy\\\/ca\\\/#website\",\"url\":\"https:\\\/\\\/raed.academy\\\/ca\\\/\",\"name\":\"Reial Acad\u00e8mia Europea de Doctors\",\"description\":\"Corporaci\u00f3n de derecho p\u00fablico de car\u00e1cter cient\u00edfico, t\u00e9cnico y art\u00edstico, que tiene por objeto la investigaci\u00f3n, el estudio, el fomento y la extensi\u00f3n del conocimiento en su sentido m\u00e1s amplio\",\"publisher\":{\"@id\":\"https:\\\/\\\/raed.academy\\\/ca\\\/#organization\"},\"potentialAction\":[{\"@type\":\"SearchAction\",\"target\":{\"@type\":\"EntryPoint\",\"urlTemplate\":\"https:\\\/\\\/raed.academy\\\/ca\\\/?s={search_term_string}\"},\"query-input\":{\"@type\":\"PropertyValueSpecification\",\"valueRequired\":true,\"valueName\":\"search_term_string\"}}],\"inLanguage\":\"ca-ES\"},{\"@type\":\"Organization\",\"@id\":\"https:\\\/\\\/raed.academy\\\/ca\\\/#organization\",\"name\":\"Real Academia Europea de Doctores\",\"url\":\"https:\\\/\\\/raed.academy\\\/ca\\\/\",\"logo\":{\"@type\":\"ImageObject\",\"inLanguage\":\"ca-ES\",\"@id\":\"https:\\\/\\\/raed.academy\\\/ca\\\/#\\\/schema\\\/logo\\\/image\\\/\",\"url\":\"https:\\\/\\\/raed.academy\\\/wp-content\\\/uploads\\\/2017\\\/01\\\/cropped-logo_raed.png\",\"contentUrl\":\"https:\\\/\\\/raed.academy\\\/wp-content\\\/uploads\\\/2017\\\/01\\\/cropped-logo_raed.png\",\"width\":512,\"height\":512,\"caption\":\"Real Academia Europea de Doctores\"},\"image\":{\"@id\":\"https:\\\/\\\/raed.academy\\\/ca\\\/#\\\/schema\\\/logo\\\/image\\\/\"},\"sameAs\":[\"http:\\\/\\\/fb.me\\\/raed.academy\",\"https:\\\/\\\/x.com\\\/raedacademy\",\"https:\\\/\\\/www.instagram.com\\\/raed.academy\\\/\",\"https:\\\/\\\/www.youtube.com\\\/channel\\\/UCUYQwW2KrdirNWihxMDObwg\"]},{\"@type\":\"Person\",\"@id\":\"https:\\\/\\\/raed.academy\\\/ca\\\/#\\\/schema\\\/person\\\/5a755da80d1d979fd66ba745c8702927\",\"name\":\"RAED\",\"image\":{\"@type\":\"ImageObject\",\"inLanguage\":\"ca-ES\",\"@id\":\"https:\\\/\\\/secure.gravatar.com\\\/avatar\\\/19fdfdc0d67fb9c45714b703a2ac82251c4fcea3637f002ac3c9b74c0183583c?s=96&d=mm&r=g\",\"url\":\"https:\\\/\\\/secure.gravatar.com\\\/avatar\\\/19fdfdc0d67fb9c45714b703a2ac82251c4fcea3637f002ac3c9b74c0183583c?s=96&d=mm&r=g\",\"contentUrl\":\"https:\\\/\\\/secure.gravatar.com\\\/avatar\\\/19fdfdc0d67fb9c45714b703a2ac82251c4fcea3637f002ac3c9b74c0183583c?s=96&d=mm&r=g\",\"caption\":\"RAED\"}}]}<\/script>\n<!-- \/ Yoast SEO plugin. -->","yoast_head_json":{"title":"Les millores aliment\u00e0ries del confinament - Reial Acad\u00e8mia Europea de Doctors","description":"Javier Aranceta analitza en aquest estudi els canvis en els h\u00e0bits alimentaris durant el per\u00edode de confinament per la pand\u00e8mia COVID-19 a Espanya","robots":{"index":"index","follow":"follow","max-snippet":"max-snippet:-1","max-image-preview":"max-image-preview:large","max-video-preview":"max-video-preview:-1"},"canonical":"https:\/\/raed.academy\/ca\/les-millores-alimentaries-del-confinament\/","og_locale":"ca_ES","og_type":"article","og_title":"Les millores aliment\u00e0ries del confinament - Reial Acad\u00e8mia Europea de Doctors","og_description":"Javier Aranceta analitza en aquest estudi els canvis en els h\u00e0bits alimentaris durant el per\u00edode de confinament per la pand\u00e8mia COVID-19 a Espanya","og_url":"https:\/\/raed.academy\/ca\/les-millores-alimentaries-del-confinament\/","og_site_name":"Reial Acad\u00e8mia Europea de Doctors","article_publisher":"http:\/\/fb.me\/raed.academy","article_published_time":"2020-06-17T15:18:08+00:00","article_modified_time":"2020-06-18T09:06:22+00:00","og_image":[{"width":1000,"height":600,"url":"https:\/\/raed.academy\/wp-content\/uploads\/2020\/06\/shutt_alimentacion-saludable-dstNtc.jpg","type":"image\/jpeg"}],"author":"RAED","twitter_card":"summary_large_image","twitter_creator":"@raedacademy","twitter_site":"@raedacademy","twitter_misc":{"Written by":"RAED","Est. reading time":"3 minutes"},"schema":{"@context":"https:\/\/schema.org","@graph":[{"@type":"Article","@id":"https:\/\/raed.academy\/ca\/les-millores-alimentaries-del-confinament\/#article","isPartOf":{"@id":"https:\/\/raed.academy\/ca\/les-millores-alimentaries-del-confinament\/"},"author":{"name":"RAED","@id":"https:\/\/raed.academy\/ca\/#\/schema\/person\/5a755da80d1d979fd66ba745c8702927"},"headline":"Les millores aliment\u00e0ries del confinament","datePublished":"2020-06-17T15:18:08+00:00","dateModified":"2020-06-18T09:06:22+00:00","mainEntityOfPage":{"@id":"https:\/\/raed.academy\/ca\/les-millores-alimentaries-del-confinament\/"},"wordCount":659,"commentCount":0,"publisher":{"@id":"https:\/\/raed.academy\/ca\/#organization"},"image":{"@id":"https:\/\/raed.academy\/ca\/les-millores-alimentaries-del-confinament\/#primaryimage"},"thumbnailUrl":"https:\/\/raed.academy\/wp-content\/uploads\/2020\/06\/shutt_alimentacion-saludable-dstNtc.jpg","articleSection":["Coronavirus des del coneixement","Salut"],"inLanguage":"ca-ES","potentialAction":[{"@type":"CommentAction","name":"Comment","target":["https:\/\/raed.academy\/ca\/les-millores-alimentaries-del-confinament\/#respond"]}]},{"@type":"WebPage","@id":"https:\/\/raed.academy\/ca\/les-millores-alimentaries-del-confinament\/","url":"https:\/\/raed.academy\/ca\/les-millores-alimentaries-del-confinament\/","name":"Les millores aliment\u00e0ries del confinament - Reial Acad\u00e8mia Europea de Doctors","isPartOf":{"@id":"https:\/\/raed.academy\/ca\/#website"},"primaryImageOfPage":{"@id":"https:\/\/raed.academy\/ca\/les-millores-alimentaries-del-confinament\/#primaryimage"},"image":{"@id":"https:\/\/raed.academy\/ca\/les-millores-alimentaries-del-confinament\/#primaryimage"},"thumbnailUrl":"https:\/\/raed.academy\/wp-content\/uploads\/2020\/06\/shutt_alimentacion-saludable-dstNtc.jpg","datePublished":"2020-06-17T15:18:08+00:00","dateModified":"2020-06-18T09:06:22+00:00","description":"Javier Aranceta analitza en aquest estudi els canvis en els h\u00e0bits alimentaris durant el per\u00edode de confinament per la pand\u00e8mia COVID-19 a Espanya","breadcrumb":{"@id":"https:\/\/raed.academy\/ca\/les-millores-alimentaries-del-confinament\/#breadcrumb"},"inLanguage":"ca-ES","potentialAction":[{"@type":"ReadAction","target":["https:\/\/raed.academy\/ca\/les-millores-alimentaries-del-confinament\/"]}]},{"@type":"ImageObject","inLanguage":"ca-ES","@id":"https:\/\/raed.academy\/ca\/les-millores-alimentaries-del-confinament\/#primaryimage","url":"https:\/\/raed.academy\/wp-content\/uploads\/2020\/06\/shutt_alimentacion-saludable-dstNtc.jpg","contentUrl":"https:\/\/raed.academy\/wp-content\/uploads\/2020\/06\/shutt_alimentacion-saludable-dstNtc.jpg","width":1000,"height":600,"caption":"alimentaci\u00f3n"},{"@type":"BreadcrumbList","@id":"https:\/\/raed.academy\/ca\/les-millores-alimentaries-del-confinament\/#breadcrumb","itemListElement":[{"@type":"ListItem","position":1,"name":"Inicio","item":"https:\/\/raed.academy\/ca\/"},{"@type":"ListItem","position":2,"name":"Les millores aliment\u00e0ries del confinament"}]},{"@type":"WebSite","@id":"https:\/\/raed.academy\/ca\/#website","url":"https:\/\/raed.academy\/ca\/","name":"Reial Acad\u00e8mia Europea de Doctors","description":"Corporaci\u00f3n de derecho p\u00fablico de car\u00e1cter cient\u00edfico, t\u00e9cnico y art\u00edstico, que tiene por objeto la investigaci\u00f3n, el estudio, el fomento y la extensi\u00f3n del conocimiento en su sentido m\u00e1s amplio","publisher":{"@id":"https:\/\/raed.academy\/ca\/#organization"},"potentialAction":[{"@type":"SearchAction","target":{"@type":"EntryPoint","urlTemplate":"https:\/\/raed.academy\/ca\/?s={search_term_string}"},"query-input":{"@type":"PropertyValueSpecification","valueRequired":true,"valueName":"search_term_string"}}],"inLanguage":"ca-ES"},{"@type":"Organization","@id":"https:\/\/raed.academy\/ca\/#organization","name":"Real Academia Europea de Doctores","url":"https:\/\/raed.academy\/ca\/","logo":{"@type":"ImageObject","inLanguage":"ca-ES","@id":"https:\/\/raed.academy\/ca\/#\/schema\/logo\/image\/","url":"https:\/\/raed.academy\/wp-content\/uploads\/2017\/01\/cropped-logo_raed.png","contentUrl":"https:\/\/raed.academy\/wp-content\/uploads\/2017\/01\/cropped-logo_raed.png","width":512,"height":512,"caption":"Real Academia Europea de Doctores"},"image":{"@id":"https:\/\/raed.academy\/ca\/#\/schema\/logo\/image\/"},"sameAs":["http:\/\/fb.me\/raed.academy","https:\/\/x.com\/raedacademy","https:\/\/www.instagram.com\/raed.academy\/","https:\/\/www.youtube.com\/channel\/UCUYQwW2KrdirNWihxMDObwg"]},{"@type":"Person","@id":"https:\/\/raed.academy\/ca\/#\/schema\/person\/5a755da80d1d979fd66ba745c8702927","name":"RAED","image":{"@type":"ImageObject","inLanguage":"ca-ES","@id":"https:\/\/secure.gravatar.com\/avatar\/19fdfdc0d67fb9c45714b703a2ac82251c4fcea3637f002ac3c9b74c0183583c?s=96&d=mm&r=g","url":"https:\/\/secure.gravatar.com\/avatar\/19fdfdc0d67fb9c45714b703a2ac82251c4fcea3637f002ac3c9b74c0183583c?s=96&d=mm&r=g","contentUrl":"https:\/\/secure.gravatar.com\/avatar\/19fdfdc0d67fb9c45714b703a2ac82251c4fcea3637f002ac3c9b74c0183583c?s=96&d=mm&r=g","caption":"RAED"}}]}},"_links":{"self":[{"href":"https:\/\/raed.academy\/ca\/wp-json\/wp\/v2\/posts\/91719","targetHints":{"allow":["GET"]}}],"collection":[{"href":"https:\/\/raed.academy\/ca\/wp-json\/wp\/v2\/posts"}],"about":[{"href":"https:\/\/raed.academy\/ca\/wp-json\/wp\/v2\/types\/post"}],"author":[{"embeddable":true,"href":"https:\/\/raed.academy\/ca\/wp-json\/wp\/v2\/users\/12"}],"replies":[{"embeddable":true,"href":"https:\/\/raed.academy\/ca\/wp-json\/wp\/v2\/comments?post=91719"}],"version-history":[{"count":0,"href":"https:\/\/raed.academy\/ca\/wp-json\/wp\/v2\/posts\/91719\/revisions"}],"wp:featuredmedia":[{"embeddable":true,"href":"https:\/\/raed.academy\/ca\/wp-json\/wp\/v2\/media\/91769"}],"wp:attachment":[{"href":"https:\/\/raed.academy\/ca\/wp-json\/wp\/v2\/media?parent=91719"}],"wp:term":[{"taxonomy":"category","embeddable":true,"href":"https:\/\/raed.academy\/ca\/wp-json\/wp\/v2\/categories?post=91719"},{"taxonomy":"post_tag","embeddable":true,"href":"https:\/\/raed.academy\/ca\/wp-json\/wp\/v2\/tags?post=91719"}],"curies":[{"name":"wp","href":"https:\/\/api.w.org\/{rel}","templated":true}]}}