{"id":91716,"date":"2020-06-17T14:54:02","date_gmt":"2020-06-17T14:54:02","guid":{"rendered":"https:\/\/raed.academy\/?p=91716"},"modified":"2020-06-18T09:16:12","modified_gmt":"2020-06-18T09:16:12","slug":"una-societat-civil-reforcada-ignacio-buqueras","status":"publish","type":"post","link":"https:\/\/raed.academy\/ca\/una-societat-civil-reforcada-ignacio-buqueras\/","title":{"rendered":"Una societat civil refor\u00e7ada"},"content":{"rendered":"<p><a href=\"https:\/\/raed.academy\/ca\/academics\/dr-ignacio-buqueras-bach\/\" target=\"_blank\" rel=\"noopener noreferrer\"><em><strong>Ignacio Buqueras<\/strong><\/em><\/a><br \/>\n<em>Acad\u00e8mic de n\u00famero de la Reial Acad\u00e8mia de Doctors de Espa\u00f1a<\/em><br \/>\n<em>Acad\u00e8mic de n\u00famero de la Reial Acad\u00e8mia Europea de Doctors-Barcelona 1914 (RAED)<\/em><\/p>\n<p><em>Art\u00edcle publicat a la revista &#8220;Cambio16&#8221;<\/em><\/p>\n<p><span class=\"tlid-translation translation\" lang=\"ca\"><strong>Ignacio Buqueras<\/strong>, acad\u00e8mic de n\u00famero de la <strong>Reial Acad\u00e8mia de Doctors d&#8217;Espanya<\/strong>, president d&#8217;honor de la <strong>Fundaci\u00f3 Independent<\/strong> i acad\u00e8mic numerari de la <strong>Reial Acad\u00e8mia Europea de Doctors-Barcelona 1914<\/strong> (RAED), ha publicat a la revista <strong>&#8220;Cambio16&#8221;<\/strong> un ampli article amb el t\u00edtol <strong>&#8220;M\u00e1s sociedad, menos y mejor Estado&#8221;<\/strong>, en el qual destaca la import\u00e0ncia de la societat civil en una situaci\u00f3 de crisi social i econ\u00f2mica com l&#8217;actual. L&#8217;acad\u00e8mic \u00e9s un destacat impulsor d&#8217;iniciatives nascudes en el si de la societat civil, com ara la <strong>Confederaci\u00f3 Espanyola d&#8217;Organitzacions de Gent Gran<\/strong>, l&#8217;<strong>Associaci\u00f3 per a la Racionalitzaci\u00f3 dels Horaris Espanyols<\/strong> o l&#8217;<strong>Associaci\u00f3 Nacional Societat Civil Ara<\/strong>, que va celebrar el passat febrer el seu primer congr\u00e9s.<\/span><\/p>\n<p>Per a l&#8217;acad\u00e8mic, &#8220;estem vivint unes jornades molt greus, molt complexes, molt dif\u00edcils i molt preocupants. Amb el coronavirus ens llevem tots els dies amb dades dif\u00edcils de preveure, discorre la nostra vida marcada per una inc\u00f2gnita que no s&#8217;acaba d&#8217;aclarir i ens anem a dormir despr\u00e9s d&#8217;haver acumulat viv\u00e8ncies que mai hav\u00edem previst. Considero que tots els ciutadans hem d&#8217;assumir les nostres responsabilitats. Per a aix\u00f2 cal que reflexionem en profunditat sobre el moment que estem vivint, analitzem quines s\u00f3n les nostres prioritats, quin futur volem per a nosaltres, per als m\u00e9s pr\u00f2xims, per a Espanya&#8230; i qu\u00e8 podem i hem de fer i quin pla d&#8217;actuaci\u00f3 ens marquem&#8221;.<\/p>\n<div id=\"attachment_78772\" style=\"width: 460px\" class=\"wp-caption alignleft\"><img loading=\"lazy\" decoding=\"async\" aria-describedby=\"caption-attachment-78772\" class=\"wp-image-78772 size-full\" src=\"https:\/\/raed.academy\/wp-content\/uploads\/2019\/09\/Ignacio-Buqueras.jpg\" alt=\"Dr. Ignacio Buqueras\" width=\"450\" height=\"254\" \/><p id=\"caption-attachment-78772\" class=\"wp-caption-text\">Dr. Ignacio Buqueras<\/p><\/div>\n<p><strong>Buqueras<\/strong> considera que aquesta situaci\u00f3 pot esdevenir una oportunitat d&#8217;un canvi en positiu. &#8220;Podem i hem de redescobrir els nostres valors, els de la nostra fam\u00edlia, els nostres amics, la nostra societat i el nostre pa\u00eds. Espanya per a molts \u00e9s una desconeguda en les seves arrels, valors i possibilitats&#8221;, assenyala a l&#8217;article, on tamb\u00e9 aborda la desconfian\u00e7a de la societat en els partits pol\u00edtics i el paper articulador i cr\u00edtic que ha de tenir l&#8217;educaci\u00f3, ara tamb\u00e9 controlada per l&#8217;Administraci\u00f3.<\/p>\n<p>L&#8217;acad\u00e8mic destaca l&#8217;\u00e8xit del congr\u00e9s impulsat per l&#8217;Associaci\u00f3 Societat Civil Ara, que es va celebrar amb el lema <strong>&#8220;Repensar Espa\u00f1a&#8221;<\/strong>, com senyal inequ\u00edvoc de la vitalitat de la societat civil espanyola, sempre oculta darrere de l&#8217;Administraci\u00f3 i les organitzacions que tradicionalment han ocupat l&#8217;espai p\u00fablic. El congr\u00e9s va estar patrocinat per la RAED i la <strong>Fundaci\u00f3 Pro Reial Acad\u00e8mia Europea de Doctors<\/strong>, es va articular en diversos seminaris de debat i va comptar amb la participaci\u00f3 de personalitats de reconegut prestigi intel\u00b7lectual i professional, que van reflexionar sobre els diversos aspectes plantejats i van realitzar un diagn\u00f2stic sobre de la situaci\u00f3 en cada \u00e0mbit de reflexi\u00f3 proposant solucions de millora.<\/p>\n<h3><a href=\"http:\/\/fundacionindependiente.es\/wp-content\/uploads\/Art\u00edculo-Cambio-16-Ignacio-Buqueras-y-Bach.pdf\" target=\"_blank\" rel=\"noopener noreferrer\">Llegiu l&#8217;article<\/a><\/h3>\n","protected":false},"excerpt":{"rendered":"<p>Ignacio Buqueras Acad\u00e8mic de n\u00famero de la Reial Acad\u00e8mia de Doctors de Espa\u00f1a Acad\u00e8mic de n\u00famero de la Reial Acad\u00e8mia Europea de Doctors-Barcelona 1914 (RAED) Art\u00edcle publicat a la revista &#8220;Cambio16&#8221; Ignacio Buqueras, acad\u00e8mic de n\u00famero de la Reial Acad\u00e8mia de Doctors d&#8217;Espanya, president d&#8217;honor de la Fundaci\u00f3 Independent i acad\u00e8mic numerari de la Reial [&hellip;]<\/p>\n","protected":false},"author":12,"featured_media":78773,"comment_status":"open","ping_status":"closed","sticky":false,"template":"","format":"standard","meta":{"_et_pb_use_builder":"","_et_pb_old_content":"","_et_gb_content_width":"","footnotes":""},"categories":[268,274,275],"tags":[],"class_list":["post-91716","post","type-post","status-publish","format-standard","has-post-thumbnail","hentry","category-coronavirus-des-del-coneixement","category-economia-i-politica","category-educacio-etica-i-valors","et-has-post-format-content","et_post_format-et-post-format-standard"],"yoast_head":"<!-- This site is optimized with the Yoast SEO plugin v27.4 - https:\/\/yoast.com\/product\/yoast-seo-wordpress\/ -->\n<title>Una societat civil refor\u00e7ada - Reial Acad\u00e8mia Europea de Doctors<\/title>\n<meta name=\"description\" content=\"Ignacio Buqueras publica &quot;M\u00e9s societat, menys i millor Estat&quot;, en el qual destaca la import\u00e0ncia de la societat civil en una situaci\u00f3 de crisi social i econ\u00f2mica com l&#039;actual\" \/>\n<meta name=\"robots\" content=\"index, follow, max-snippet:-1, max-image-preview:large, max-video-preview:-1\" \/>\n<link rel=\"canonical\" href=\"https:\/\/raed.academy\/ca\/una-societat-civil-reforcada-ignacio-buqueras\/\" \/>\n<meta property=\"og:locale\" content=\"ca_ES\" \/>\n<meta property=\"og:type\" content=\"article\" \/>\n<meta property=\"og:title\" content=\"Una societat civil refor\u00e7ada - Reial Acad\u00e8mia Europea de Doctors\" \/>\n<meta property=\"og:description\" content=\"Ignacio Buqueras publica &quot;M\u00e9s societat, menys i millor Estat&quot;, en el qual destaca la import\u00e0ncia de la societat civil en una situaci\u00f3 de crisi social i econ\u00f2mica com l&#039;actual\" \/>\n<meta property=\"og:url\" content=\"https:\/\/raed.academy\/ca\/una-societat-civil-reforcada-ignacio-buqueras\/\" \/>\n<meta property=\"og:site_name\" content=\"Reial Acad\u00e8mia Europea de Doctors\" \/>\n<meta property=\"article:publisher\" content=\"http:\/\/fb.me\/raed.academy\" \/>\n<meta property=\"article:published_time\" content=\"2020-06-17T14:54:02+00:00\" \/>\n<meta property=\"article:modified_time\" content=\"2020-06-18T09:16:12+00:00\" \/>\n<meta property=\"og:image\" content=\"https:\/\/raed.academy\/wp-content\/uploads\/2019\/09\/Ignacio-Buqueras.jpg\" \/>\n\t<meta property=\"og:image:width\" content=\"450\" \/>\n\t<meta property=\"og:image:height\" content=\"254\" \/>\n\t<meta property=\"og:image:type\" content=\"image\/jpeg\" \/>\n<meta name=\"author\" content=\"RAED\" \/>\n<meta name=\"twitter:card\" content=\"summary_large_image\" \/>\n<meta name=\"twitter:creator\" content=\"@raedacademy\" \/>\n<meta name=\"twitter:site\" content=\"@raedacademy\" \/>\n<meta name=\"twitter:label1\" content=\"Written by\" \/>\n\t<meta name=\"twitter:data1\" content=\"RAED\" \/>\n\t<meta name=\"twitter:label2\" content=\"Est. reading time\" \/>\n\t<meta name=\"twitter:data2\" content=\"3 minutes\" \/>\n<script type=\"application\/ld+json\" class=\"yoast-schema-graph\">{\"@context\":\"https:\\\/\\\/schema.org\",\"@graph\":[{\"@type\":\"Article\",\"@id\":\"https:\\\/\\\/raed.academy\\\/ca\\\/una-societat-civil-reforcada-ignacio-buqueras\\\/#article\",\"isPartOf\":{\"@id\":\"https:\\\/\\\/raed.academy\\\/ca\\\/una-societat-civil-reforcada-ignacio-buqueras\\\/\"},\"author\":{\"name\":\"RAED\",\"@id\":\"https:\\\/\\\/raed.academy\\\/ca\\\/#\\\/schema\\\/person\\\/5a755da80d1d979fd66ba745c8702927\"},\"headline\":\"Una societat civil refor\u00e7ada\",\"datePublished\":\"2020-06-17T14:54:02+00:00\",\"dateModified\":\"2020-06-18T09:16:12+00:00\",\"mainEntityOfPage\":{\"@id\":\"https:\\\/\\\/raed.academy\\\/ca\\\/una-societat-civil-reforcada-ignacio-buqueras\\\/\"},\"wordCount\":529,\"commentCount\":0,\"publisher\":{\"@id\":\"https:\\\/\\\/raed.academy\\\/ca\\\/#organization\"},\"image\":{\"@id\":\"https:\\\/\\\/raed.academy\\\/ca\\\/una-societat-civil-reforcada-ignacio-buqueras\\\/#primaryimage\"},\"thumbnailUrl\":\"https:\\\/\\\/raed.academy\\\/wp-content\\\/uploads\\\/2019\\\/09\\\/Ignacio-Buqueras.jpg\",\"articleSection\":[\"Coronavirus des del coneixement\",\"Economia i pol\u00edtica\",\"Educaci\u00f3, \u00e8tica i valors\"],\"inLanguage\":\"ca-ES\",\"potentialAction\":[{\"@type\":\"CommentAction\",\"name\":\"Comment\",\"target\":[\"https:\\\/\\\/raed.academy\\\/ca\\\/una-societat-civil-reforcada-ignacio-buqueras\\\/#respond\"]}]},{\"@type\":\"WebPage\",\"@id\":\"https:\\\/\\\/raed.academy\\\/ca\\\/una-societat-civil-reforcada-ignacio-buqueras\\\/\",\"url\":\"https:\\\/\\\/raed.academy\\\/ca\\\/una-societat-civil-reforcada-ignacio-buqueras\\\/\",\"name\":\"Una societat civil refor\u00e7ada - Reial Acad\u00e8mia Europea de Doctors\",\"isPartOf\":{\"@id\":\"https:\\\/\\\/raed.academy\\\/ca\\\/#website\"},\"primaryImageOfPage\":{\"@id\":\"https:\\\/\\\/raed.academy\\\/ca\\\/una-societat-civil-reforcada-ignacio-buqueras\\\/#primaryimage\"},\"image\":{\"@id\":\"https:\\\/\\\/raed.academy\\\/ca\\\/una-societat-civil-reforcada-ignacio-buqueras\\\/#primaryimage\"},\"thumbnailUrl\":\"https:\\\/\\\/raed.academy\\\/wp-content\\\/uploads\\\/2019\\\/09\\\/Ignacio-Buqueras.jpg\",\"datePublished\":\"2020-06-17T14:54:02+00:00\",\"dateModified\":\"2020-06-18T09:16:12+00:00\",\"description\":\"Ignacio Buqueras publica \\\"M\u00e9s societat, menys i millor Estat\\\", en el qual destaca la import\u00e0ncia de la societat civil en una situaci\u00f3 de crisi social i econ\u00f2mica com l'actual\",\"breadcrumb\":{\"@id\":\"https:\\\/\\\/raed.academy\\\/ca\\\/una-societat-civil-reforcada-ignacio-buqueras\\\/#breadcrumb\"},\"inLanguage\":\"ca-ES\",\"potentialAction\":[{\"@type\":\"ReadAction\",\"target\":[\"https:\\\/\\\/raed.academy\\\/ca\\\/una-societat-civil-reforcada-ignacio-buqueras\\\/\"]}]},{\"@type\":\"ImageObject\",\"inLanguage\":\"ca-ES\",\"@id\":\"https:\\\/\\\/raed.academy\\\/ca\\\/una-societat-civil-reforcada-ignacio-buqueras\\\/#primaryimage\",\"url\":\"https:\\\/\\\/raed.academy\\\/wp-content\\\/uploads\\\/2019\\\/09\\\/Ignacio-Buqueras.jpg\",\"contentUrl\":\"https:\\\/\\\/raed.academy\\\/wp-content\\\/uploads\\\/2019\\\/09\\\/Ignacio-Buqueras.jpg\",\"width\":450,\"height\":254,\"caption\":\"Dr. Ignacio Buqueras\"},{\"@type\":\"BreadcrumbList\",\"@id\":\"https:\\\/\\\/raed.academy\\\/ca\\\/una-societat-civil-reforcada-ignacio-buqueras\\\/#breadcrumb\",\"itemListElement\":[{\"@type\":\"ListItem\",\"position\":1,\"name\":\"Inicio\",\"item\":\"https:\\\/\\\/raed.academy\\\/ca\\\/\"},{\"@type\":\"ListItem\",\"position\":2,\"name\":\"Una societat civil refor\u00e7ada\"}]},{\"@type\":\"WebSite\",\"@id\":\"https:\\\/\\\/raed.academy\\\/ca\\\/#website\",\"url\":\"https:\\\/\\\/raed.academy\\\/ca\\\/\",\"name\":\"Reial Acad\u00e8mia Europea de Doctors\",\"description\":\"Corporaci\u00f3n de derecho p\u00fablico de car\u00e1cter cient\u00edfico, t\u00e9cnico y art\u00edstico, que tiene por objeto la investigaci\u00f3n, el estudio, el fomento y la extensi\u00f3n del conocimiento en su sentido m\u00e1s amplio\",\"publisher\":{\"@id\":\"https:\\\/\\\/raed.academy\\\/ca\\\/#organization\"},\"potentialAction\":[{\"@type\":\"SearchAction\",\"target\":{\"@type\":\"EntryPoint\",\"urlTemplate\":\"https:\\\/\\\/raed.academy\\\/ca\\\/?s={search_term_string}\"},\"query-input\":{\"@type\":\"PropertyValueSpecification\",\"valueRequired\":true,\"valueName\":\"search_term_string\"}}],\"inLanguage\":\"ca-ES\"},{\"@type\":\"Organization\",\"@id\":\"https:\\\/\\\/raed.academy\\\/ca\\\/#organization\",\"name\":\"Real Academia Europea de Doctores\",\"url\":\"https:\\\/\\\/raed.academy\\\/ca\\\/\",\"logo\":{\"@type\":\"ImageObject\",\"inLanguage\":\"ca-ES\",\"@id\":\"https:\\\/\\\/raed.academy\\\/ca\\\/#\\\/schema\\\/logo\\\/image\\\/\",\"url\":\"https:\\\/\\\/raed.academy\\\/wp-content\\\/uploads\\\/2017\\\/01\\\/cropped-logo_raed.png\",\"contentUrl\":\"https:\\\/\\\/raed.academy\\\/wp-content\\\/uploads\\\/2017\\\/01\\\/cropped-logo_raed.png\",\"width\":512,\"height\":512,\"caption\":\"Real Academia Europea de Doctores\"},\"image\":{\"@id\":\"https:\\\/\\\/raed.academy\\\/ca\\\/#\\\/schema\\\/logo\\\/image\\\/\"},\"sameAs\":[\"http:\\\/\\\/fb.me\\\/raed.academy\",\"https:\\\/\\\/x.com\\\/raedacademy\",\"https:\\\/\\\/www.instagram.com\\\/raed.academy\\\/\",\"https:\\\/\\\/www.youtube.com\\\/channel\\\/UCUYQwW2KrdirNWihxMDObwg\"]},{\"@type\":\"Person\",\"@id\":\"https:\\\/\\\/raed.academy\\\/ca\\\/#\\\/schema\\\/person\\\/5a755da80d1d979fd66ba745c8702927\",\"name\":\"RAED\",\"image\":{\"@type\":\"ImageObject\",\"inLanguage\":\"ca-ES\",\"@id\":\"https:\\\/\\\/secure.gravatar.com\\\/avatar\\\/19fdfdc0d67fb9c45714b703a2ac82251c4fcea3637f002ac3c9b74c0183583c?s=96&d=mm&r=g\",\"url\":\"https:\\\/\\\/secure.gravatar.com\\\/avatar\\\/19fdfdc0d67fb9c45714b703a2ac82251c4fcea3637f002ac3c9b74c0183583c?s=96&d=mm&r=g\",\"contentUrl\":\"https:\\\/\\\/secure.gravatar.com\\\/avatar\\\/19fdfdc0d67fb9c45714b703a2ac82251c4fcea3637f002ac3c9b74c0183583c?s=96&d=mm&r=g\",\"caption\":\"RAED\"}}]}<\/script>\n<!-- \/ Yoast SEO plugin. -->","yoast_head_json":{"title":"Una societat civil refor\u00e7ada - Reial Acad\u00e8mia Europea de Doctors","description":"Ignacio Buqueras publica \"M\u00e9s societat, menys i millor Estat\", en el qual destaca la import\u00e0ncia de la societat civil en una situaci\u00f3 de crisi social i econ\u00f2mica com l'actual","robots":{"index":"index","follow":"follow","max-snippet":"max-snippet:-1","max-image-preview":"max-image-preview:large","max-video-preview":"max-video-preview:-1"},"canonical":"https:\/\/raed.academy\/ca\/una-societat-civil-reforcada-ignacio-buqueras\/","og_locale":"ca_ES","og_type":"article","og_title":"Una societat civil refor\u00e7ada - Reial Acad\u00e8mia Europea de Doctors","og_description":"Ignacio Buqueras publica \"M\u00e9s societat, menys i millor Estat\", en el qual destaca la import\u00e0ncia de la societat civil en una situaci\u00f3 de crisi social i econ\u00f2mica com l'actual","og_url":"https:\/\/raed.academy\/ca\/una-societat-civil-reforcada-ignacio-buqueras\/","og_site_name":"Reial Acad\u00e8mia Europea de Doctors","article_publisher":"http:\/\/fb.me\/raed.academy","article_published_time":"2020-06-17T14:54:02+00:00","article_modified_time":"2020-06-18T09:16:12+00:00","og_image":[{"width":450,"height":254,"url":"https:\/\/raed.academy\/wp-content\/uploads\/2019\/09\/Ignacio-Buqueras.jpg","type":"image\/jpeg"}],"author":"RAED","twitter_card":"summary_large_image","twitter_creator":"@raedacademy","twitter_site":"@raedacademy","twitter_misc":{"Written by":"RAED","Est. reading time":"3 minutes"},"schema":{"@context":"https:\/\/schema.org","@graph":[{"@type":"Article","@id":"https:\/\/raed.academy\/ca\/una-societat-civil-reforcada-ignacio-buqueras\/#article","isPartOf":{"@id":"https:\/\/raed.academy\/ca\/una-societat-civil-reforcada-ignacio-buqueras\/"},"author":{"name":"RAED","@id":"https:\/\/raed.academy\/ca\/#\/schema\/person\/5a755da80d1d979fd66ba745c8702927"},"headline":"Una societat civil refor\u00e7ada","datePublished":"2020-06-17T14:54:02+00:00","dateModified":"2020-06-18T09:16:12+00:00","mainEntityOfPage":{"@id":"https:\/\/raed.academy\/ca\/una-societat-civil-reforcada-ignacio-buqueras\/"},"wordCount":529,"commentCount":0,"publisher":{"@id":"https:\/\/raed.academy\/ca\/#organization"},"image":{"@id":"https:\/\/raed.academy\/ca\/una-societat-civil-reforcada-ignacio-buqueras\/#primaryimage"},"thumbnailUrl":"https:\/\/raed.academy\/wp-content\/uploads\/2019\/09\/Ignacio-Buqueras.jpg","articleSection":["Coronavirus des del coneixement","Economia i pol\u00edtica","Educaci\u00f3, \u00e8tica i valors"],"inLanguage":"ca-ES","potentialAction":[{"@type":"CommentAction","name":"Comment","target":["https:\/\/raed.academy\/ca\/una-societat-civil-reforcada-ignacio-buqueras\/#respond"]}]},{"@type":"WebPage","@id":"https:\/\/raed.academy\/ca\/una-societat-civil-reforcada-ignacio-buqueras\/","url":"https:\/\/raed.academy\/ca\/una-societat-civil-reforcada-ignacio-buqueras\/","name":"Una societat civil refor\u00e7ada - Reial Acad\u00e8mia Europea de Doctors","isPartOf":{"@id":"https:\/\/raed.academy\/ca\/#website"},"primaryImageOfPage":{"@id":"https:\/\/raed.academy\/ca\/una-societat-civil-reforcada-ignacio-buqueras\/#primaryimage"},"image":{"@id":"https:\/\/raed.academy\/ca\/una-societat-civil-reforcada-ignacio-buqueras\/#primaryimage"},"thumbnailUrl":"https:\/\/raed.academy\/wp-content\/uploads\/2019\/09\/Ignacio-Buqueras.jpg","datePublished":"2020-06-17T14:54:02+00:00","dateModified":"2020-06-18T09:16:12+00:00","description":"Ignacio Buqueras publica \"M\u00e9s societat, menys i millor Estat\", en el qual destaca la import\u00e0ncia de la societat civil en una situaci\u00f3 de crisi social i econ\u00f2mica com l'actual","breadcrumb":{"@id":"https:\/\/raed.academy\/ca\/una-societat-civil-reforcada-ignacio-buqueras\/#breadcrumb"},"inLanguage":"ca-ES","potentialAction":[{"@type":"ReadAction","target":["https:\/\/raed.academy\/ca\/una-societat-civil-reforcada-ignacio-buqueras\/"]}]},{"@type":"ImageObject","inLanguage":"ca-ES","@id":"https:\/\/raed.academy\/ca\/una-societat-civil-reforcada-ignacio-buqueras\/#primaryimage","url":"https:\/\/raed.academy\/wp-content\/uploads\/2019\/09\/Ignacio-Buqueras.jpg","contentUrl":"https:\/\/raed.academy\/wp-content\/uploads\/2019\/09\/Ignacio-Buqueras.jpg","width":450,"height":254,"caption":"Dr. Ignacio Buqueras"},{"@type":"BreadcrumbList","@id":"https:\/\/raed.academy\/ca\/una-societat-civil-reforcada-ignacio-buqueras\/#breadcrumb","itemListElement":[{"@type":"ListItem","position":1,"name":"Inicio","item":"https:\/\/raed.academy\/ca\/"},{"@type":"ListItem","position":2,"name":"Una societat civil refor\u00e7ada"}]},{"@type":"WebSite","@id":"https:\/\/raed.academy\/ca\/#website","url":"https:\/\/raed.academy\/ca\/","name":"Reial Acad\u00e8mia Europea de Doctors","description":"Corporaci\u00f3n de derecho p\u00fablico de car\u00e1cter cient\u00edfico, t\u00e9cnico y art\u00edstico, que tiene por objeto la investigaci\u00f3n, el estudio, el fomento y la extensi\u00f3n del conocimiento en su sentido m\u00e1s amplio","publisher":{"@id":"https:\/\/raed.academy\/ca\/#organization"},"potentialAction":[{"@type":"SearchAction","target":{"@type":"EntryPoint","urlTemplate":"https:\/\/raed.academy\/ca\/?s={search_term_string}"},"query-input":{"@type":"PropertyValueSpecification","valueRequired":true,"valueName":"search_term_string"}}],"inLanguage":"ca-ES"},{"@type":"Organization","@id":"https:\/\/raed.academy\/ca\/#organization","name":"Real Academia Europea de Doctores","url":"https:\/\/raed.academy\/ca\/","logo":{"@type":"ImageObject","inLanguage":"ca-ES","@id":"https:\/\/raed.academy\/ca\/#\/schema\/logo\/image\/","url":"https:\/\/raed.academy\/wp-content\/uploads\/2017\/01\/cropped-logo_raed.png","contentUrl":"https:\/\/raed.academy\/wp-content\/uploads\/2017\/01\/cropped-logo_raed.png","width":512,"height":512,"caption":"Real Academia Europea de Doctores"},"image":{"@id":"https:\/\/raed.academy\/ca\/#\/schema\/logo\/image\/"},"sameAs":["http:\/\/fb.me\/raed.academy","https:\/\/x.com\/raedacademy","https:\/\/www.instagram.com\/raed.academy\/","https:\/\/www.youtube.com\/channel\/UCUYQwW2KrdirNWihxMDObwg"]},{"@type":"Person","@id":"https:\/\/raed.academy\/ca\/#\/schema\/person\/5a755da80d1d979fd66ba745c8702927","name":"RAED","image":{"@type":"ImageObject","inLanguage":"ca-ES","@id":"https:\/\/secure.gravatar.com\/avatar\/19fdfdc0d67fb9c45714b703a2ac82251c4fcea3637f002ac3c9b74c0183583c?s=96&d=mm&r=g","url":"https:\/\/secure.gravatar.com\/avatar\/19fdfdc0d67fb9c45714b703a2ac82251c4fcea3637f002ac3c9b74c0183583c?s=96&d=mm&r=g","contentUrl":"https:\/\/secure.gravatar.com\/avatar\/19fdfdc0d67fb9c45714b703a2ac82251c4fcea3637f002ac3c9b74c0183583c?s=96&d=mm&r=g","caption":"RAED"}}]}},"_links":{"self":[{"href":"https:\/\/raed.academy\/ca\/wp-json\/wp\/v2\/posts\/91716","targetHints":{"allow":["GET"]}}],"collection":[{"href":"https:\/\/raed.academy\/ca\/wp-json\/wp\/v2\/posts"}],"about":[{"href":"https:\/\/raed.academy\/ca\/wp-json\/wp\/v2\/types\/post"}],"author":[{"embeddable":true,"href":"https:\/\/raed.academy\/ca\/wp-json\/wp\/v2\/users\/12"}],"replies":[{"embeddable":true,"href":"https:\/\/raed.academy\/ca\/wp-json\/wp\/v2\/comments?post=91716"}],"version-history":[{"count":0,"href":"https:\/\/raed.academy\/ca\/wp-json\/wp\/v2\/posts\/91716\/revisions"}],"wp:featuredmedia":[{"embeddable":true,"href":"https:\/\/raed.academy\/ca\/wp-json\/wp\/v2\/media\/78773"}],"wp:attachment":[{"href":"https:\/\/raed.academy\/ca\/wp-json\/wp\/v2\/media?parent=91716"}],"wp:term":[{"taxonomy":"category","embeddable":true,"href":"https:\/\/raed.academy\/ca\/wp-json\/wp\/v2\/categories?post=91716"},{"taxonomy":"post_tag","embeddable":true,"href":"https:\/\/raed.academy\/ca\/wp-json\/wp\/v2\/tags?post=91716"}],"curies":[{"name":"wp","href":"https:\/\/api.w.org\/{rel}","templated":true}]}}