{"id":91443,"date":"2020-06-12T23:12:29","date_gmt":"2020-06-12T23:12:29","guid":{"rendered":"https:\/\/raed.academy\/?p=91443"},"modified":"2020-06-17T16:14:44","modified_gmt":"2020-06-17T16:14:44","slug":"ciencia-i-deontologia","status":"publish","type":"post","link":"https:\/\/raed.academy\/ca\/ciencia-i-deontologia\/","title":{"rendered":"Deontologia en temps de Covid-19. La responsabilitat moral del cient\u00edfic"},"content":{"rendered":"<p><a href=\"https:\/\/raed.academy\/academicos\/dr-ramon-ricardo-vidal-plana\/\" target=\"_blank\" rel=\"noopener noreferrer\"><em><strong>Ram\u00f3n Ricardo Vidal y Plana<\/strong><\/em><\/a><br \/>\n<em>Doctor en Ci\u00e8ncias Biol\u00f2giques i Farmacologia Aplicada, especialista en Biologia Molecular (Organitzaci\u00f3 Europea de Biologia Molecular-Universitat de Troms\u00f6) i a<\/em><em>cad\u00e8mic corresponent de la Reial Acad\u00e8mia Europea de Doctors-Barcelona 1914 (RAED)<\/em><\/p>\n<p><span class=\"tlid-translation translation\" lang=\"ca\"><strong>Ram\u00f3n Ricardo Vidal y Plana<\/strong>, acad\u00e8mic corresponent de la <strong>Reial Acad\u00e8mia Europea de Doctors-Barcelona 1914<\/strong> (RAED), reflexiona en aquest article sobre l&#8217;obligat rigor de les comunicacions cient\u00edfiques arran de la pol\u00e8mica desfermada al voltant de l&#8217;informe sobre la hidroxicloroquina en el tractament de la Covid-19 avalat per l&#8217;<strong>Organitzaci\u00f3 Mundial de la Salut<\/strong> (<strong>OMS<\/strong>).<\/span><\/p>\n<h3><span class=\"tlid-translation translation\" lang=\"ca\">Deontologia en la comunicaci\u00f3 cient\u00edfica en temps de Covid-19.<br \/>\nLa responsabilitat moral del cient\u00edfic<\/span><\/h3>\n<p><span class=\"tlid-translation translation\" lang=\"ca\">Els cient\u00edfics som responsables, davant de la nostra pr\u00f2pia consci\u00e8ncia i davant la societat, no solament de la nostra tasca, sin\u00f3 tamb\u00e9 de com els nostres resultats, observacions i consideracions s\u00f3n transmesos de manera vera\u00e7 i comprensible a la resta de la humanitat. En dos recents aportacions, publicades el passat mes d&#8217;abril de 2020 al f\u00f2rum de la RAED (<a href=\"https:\/\/raed.academy\/ca\/de-la-desinformacio-sobre-el-coronavirus-a-levolucio-del-nostre-comportament-social\/\" target=\"_blank\" rel=\"noopener noreferrer\"><strong>&#8220;De la desinformaci\u00f3 sobre el coronavirus a l&#8217;evoluci\u00f3 del nostre comportament social&#8221;<\/strong><\/a> i <a href=\"https:\/\/raed.academy\/ca\/cloroquina-i-coronavirus-esperanca-o-miratge\/\" target=\"_blank\" rel=\"noopener noreferrer\"><strong>&#8220;Cloroquina i coronavirus: Esperan\u00e7a o miratge?&#8221;<\/strong><\/a>) vam analitzar l&#8217;estat dels coneixements cient\u00edfics sobre l&#8217;origen de la Covid-19 i sobre l&#8217;eventual efic\u00e0cia de la cloroquina en la seva prevenci\u00f3 i tractament i vam esmentar el llan\u00e7ament d&#8217;un vast assaig cl\u00ednic europeu sota el nom de <strong>Discovery<\/strong>.<\/span><\/p>\n<p><span class=\"tlid-translation translation\" lang=\"ca\"><img loading=\"lazy\" decoding=\"async\" class=\"alignleft size-full wp-image-91389\" src=\"https:\/\/raed.academy\/wp-content\/uploads\/2020\/06\/hidroxicloroquina-dstNtc.jpeg\" sizes=\"(max-width: 500px) 100vw, 500px\" srcset=\"https:\/\/raed.academy\/wp-content\/uploads\/2020\/06\/hidroxicloroquina-dstNtc.jpeg 500w, https:\/\/raed.academy\/wp-content\/uploads\/2020\/06\/hidroxicloroquina-dstNtc-440x264.jpeg 440w\" alt=\"\" width=\"500\" height=\"300\" data-attachment-id=\"91389\" data-permalink=\"https:\/\/raed.academy\/ciencia-y-deontologia\/hidroxicloroquina-dstntc-2\/\" data-orig-file=\"https:\/\/raed.academy\/wp-content\/uploads\/2020\/06\/hidroxicloroquina-dstNtc.jpeg\" data-orig-size=\"500,300\" data-comments-opened=\"1\" data-image-meta=\"{&quot;aperture&quot;:&quot;0&quot;,&quot;credit&quot;:&quot;&quot;,&quot;camera&quot;:&quot;&quot;,&quot;caption&quot;:&quot;&quot;,&quot;created_timestamp&quot;:&quot;0&quot;,&quot;copyright&quot;:&quot;&quot;,&quot;focal_length&quot;:&quot;0&quot;,&quot;iso&quot;:&quot;0&quot;,&quot;shutter_speed&quot;:&quot;0&quot;,&quot;title&quot;:&quot;&quot;,&quot;orientation&quot;:&quot;0&quot;}\" data-image-title=\"hidroxicloroquina-dstNtc\" data-image-description=\"\" data-medium-file=\"https:\/\/raed.academy\/wp-content\/uploads\/2020\/06\/hidroxicloroquina-dstNtc.jpeg\" data-large-file=\"https:\/\/raed.academy\/wp-content\/uploads\/2020\/06\/hidroxicloroquina-dstNtc.jpeg\" \/>A principis d&#8217;aquest mes de juny ens trobem amb un nou fet que commou els fonaments de la comunitat cient\u00edfica, descrit per<strong> Gilbert Deray<\/strong>, de l&#8217;<strong>Hospital de la Pietat-Salp\u00eatri\u00e8re<\/strong> de Par\u00eds com &#8220;un gran esc\u00e0ndol, molt nociu per a la comunitat cient\u00edfica&#8221;. Un estudi publicat el passat 22 de maig a la reconeguda revista internacional de medicina <strong>&#8220;The Lancet&#8221;<\/strong> amb el t\u00edtol <strong>&#8220;Hydroxychloroquine or chloroquine with or without a macrolide for a treatment of COVID-19: a multinational registry analysis&#8221;<\/strong>, signat per <strong>Mandeep R. Mehra<\/strong>, <strong>Sapan S. Desai<\/strong>, <strong>Franck Ruschitzka<\/strong> i <strong>Amit N. Patel<\/strong>, declarava en les seves conclusions que la hidroxicloroquina no \u00e9s beneficiosa per als malalts de Covid-19 hospitalitzats i que fins i tot pot ser nefasta.<\/span><\/p>\n<p><span class=\"tlid-translation translation\" lang=\"ca\">Tal declaraci\u00f3 va tenir una espectacular resson\u00e0ncia planet\u00e0ria, al punt que l&#8217;OMS (Organitzaci\u00f3 Mundial de la Salut) va suspendre tots els assaigs cl\u00ednics en curs relatius als efectes de la hidroxicloroquina sobre la Covid-19. La mateixa revista &#8220;The Lancet&#8221; ha publicat pocs dies m\u00e9s tard, el dijous 5 de juny del 2020, amb el t\u00edtol <strong>&#8220;Retraction-Hydroxychloroquine or chloroquine with or without a macrolide for a treatment of COVID-19: a multinational registry analysis&#8221;<\/strong>, una rectificaci\u00f3 signada per tres dels quatre autors de l&#8217;article publicat el passat 22 de maig a la mateixa revista. S\u00f3n Mehra, del <strong>Brigham and Women&#8217;s Hospital<\/strong> de Boston, Ruschitzka i Patel. El quart autor, Desai, \u00e9s director de <strong>Surgisphere<\/strong>, jove empresa amb seu a Chicago que es presenta com una organitzaci\u00f3 de servei p\u00fablic i que fa servir una plataforma intel\u00b7ligent d&#8217;an\u00e0lisi de dades anomenada <strong>Quartz Clinica<\/strong>.<\/span><\/p>\n<p><span class=\"tlid-translation translation\" lang=\"ca\">La ra\u00f3 oficialment declarada pels tres autors de la retractaci\u00f3 \u00e9s la impossibilitat de garantir la veracitat de l&#8217;origen de les dades, a causa del rebuig per la cambra autor de permetre l&#8217;acc\u00e9s a les bases de dades en qu\u00e8 es basava l&#8217;estudi. El pretext declarat per Surgisphere per no revelar l&#8217;origen de les dades de 96.000 pacients de 671 hospitals, ingressats en el per\u00edode entre desembre i abril, sobre els quals es fundava l&#8217;assaig cl\u00ednic, invoca els acords de confidencialitat establerts.<\/span><\/p>\n<p><span class=\"tlid-translation translation\" lang=\"ca\">Aquest episodi ha motivat que l&#8217;OMS hagi decidit oferir immediatament el seu acord per a la represa dels assaigs cl\u00ednics que havien estat suspesos per efecte de la primera publicaci\u00f3; en particular el vast assaig europeu Discovery, coordinat per <strong>Yazdan Yazdanpanah<\/strong>, director del servei de malalties infeccioses de l&#8217;<strong>Hospital AP-HP Bichat<\/strong> de Par\u00eds. En aquest assaig participen m\u00e9s de 3.200 pacients de Covid-19 amb s\u00edmptomes greus de set pa\u00efsos: Fran\u00e7a, B\u00e8lgica, Pa\u00efsos Baixos, Luxemburg, Gran Bretanya, Alemanya i Espanya.<\/span><\/p>\n<p><span class=\"tlid-translation translation\" lang=\"ca\">La revista &#8220;The Lancet&#8221; ha presentat p\u00fablicament les seves excuses, afirma prendre molt seriosament els aspectes d&#8217;integritat cient\u00edfica i considera urgent una avaluaci\u00f3 d&#8217;eventuals ulteriors col\u00b7laboracions amb l&#8217;empresa Surgisphere. Una altra reconeguda revista, <strong>&#8220;The New England Journal of Medicine&#8221;<\/strong>, ha anunciat tamb\u00e9 la rectificaci\u00f3 d&#8217;altres treballs publicats. <strong>Stephen Evans<\/strong>, de la <strong>London School of Hygiene and Tropical Medicine<\/strong> de Londres ha declarat la seva esperan\u00e7a que &#8220;nous resultats d&#8217;assajos cre\u00efbles estiguin aviat disponibles&#8221;, i Deray ha declarat que aquest assumpte constitueix &#8220;un gran esc\u00e0ndol, molt nociu per a la comunitat cient\u00edfica &#8220;.<br \/>\n<\/span><\/p>\n<p><span class=\"tlid-translation translation\" lang=\"ca\">En aquesta situaci\u00f3, mentre a Fran\u00e7a <strong>Didier Raoult<\/strong>, director de l&#8217;<strong>Institut Hospitalo-Universitaire M\u00e9dit\u00e9rran\u00e9e<\/strong> (<strong>IHU<\/strong>) de Marsella, defensa amb els seus resultats l&#8217;efic\u00e0cia de la poc costosa cloroquina en el tractament de la primera fase de la infecci\u00f3 per Covid-19, a la Gran Bretanya, <strong>Martin Landray<\/strong>, de la<strong> Universitat d&#8217;Oxford<\/strong>, declara que la cloroquina &#8220;no \u00e9s un tractament contra la Covid&#8221;. &#8220;No funciona, podem interrompre aquest tractament, perqu\u00e8 \u00e9s in\u00fatil&#8221;, insisteix. I explica que ha decidit fer p\u00fablics &#8220;aquests resultats preliminars perqu\u00e8 impliquen conseq\u00fc\u00e8ncies importants per al tractament dels pacients i per a la sanitat p\u00fablica&#8221;.<\/span><\/p>\n<p><span class=\"tlid-translation translation\" lang=\"ca\">Cal recordar que l&#8217;assaig cl\u00ednic <strong>Recovery<\/strong> \u00e9s un estudi cl\u00ednic controlat i sobre m\u00e9s de 11.000 pacients escollits per sorteig, de 175 hospitals, per valorar l&#8217;efic\u00e0cia de diferents tractaments contra la Covid. Dels 11.000 pacients, 1.542 pacients han rebut hidroxicloroquina i han estat comparats amb 3.132 pacients tractats de manera tradicional.<\/span><\/p>\n<p><span class=\"tlid-translation translation\" lang=\"ca\">El rerefons que pot contribuir a comprendre aquestes grans maniobres de manipulaci\u00f3 i fins i tot de falsejament d&#8217;informaci\u00f3 cient\u00edfica poden ser els enormes interessos i especulacions financeres i bors\u00e0ries, aix\u00ed com les maniobres d&#8217;hegemonia pol\u00edtica i de poder a escala internacional, sota pretext de la Covid-19. Entre les noves ter\u00e0pies en curs d&#8217;assaig hi ha el <strong>Remdesivir<\/strong> de l&#8217;empresa californiana <strong>Gilead Sciences<\/strong> i la vacuna en curs d&#8217;assaig per una altra empresa nord-americana: <strong>Moderna Therapeutics<\/strong>. Despr\u00e9s de l&#8217;anunci de &#8220;resultats prometedors&#8221; de la seva vacuna en curs d&#8217;estudi, el seu valor de mercat es va disparar un 30% a l&#8217;inici de juny de 2020 i va augmentar en els dies successius a 29.000 milions de d\u00f2lars.<\/span><\/p>\n<p><span class=\"tlid-translation translation\" lang=\"ca\">Segons els registres de la <strong>Comissi\u00f3 de Borsa i Valors<\/strong> (<strong>SEC<\/strong>, per les sigles en angl\u00e8s) que van ser revisats per<strong> CNN Business<\/strong>, a principis de juny de 2020 el president financer i el director m\u00e8dic de Moderna van executar opcions i van vendre accions bors\u00e0ries combinades per gaireb\u00e9 30 milions de d\u00f2lars. <strong>Lorence Kim<\/strong>, president financer, va exercir 241.000 opcions per tres milions de d\u00f2lars. Despr\u00e9s, les va vendre immediatament per 19,8 milions, amb un guany de 16,8 milions. A l&#8217;endem\u00e0, <strong>Tal Zaks<\/strong>, director m\u00e8dic, va gastar 1,5 milions de d\u00f2lars per posar en efecte les seves opcions. Immediatament va vendre les accions per 9.770.000 de d\u00f2lars, generant un guany de 8,2 milions de d\u00f2lars.<\/span><\/p>\n<div id=\"attachment_88947\" style=\"width: 360px\" class=\"wp-caption alignright\"><img loading=\"lazy\" decoding=\"async\" aria-describedby=\"caption-attachment-88947\" class=\"wp-image-88947 size-full\" src=\"https:\/\/raed.academy\/wp-content\/uploads\/2020\/03\/Ramon-Ricardo-Vidal-Plana-dstPortada.jpg\" alt=\"Ram\u00f3n Ricardo Vidal y Plana\" width=\"350\" height=\"210\" aria-describedby=\"caption-attachment-88947\" data-attachment-id=\"88947\" data-permalink=\"https:\/\/raed.academy\/ciencia-y-deontologia\/ramon-ricardo-vidal-plana-dstportada\/\" data-orig-file=\"https:\/\/raed.academy\/wp-content\/uploads\/2020\/03\/Ramon-Ricardo-Vidal-Plana-dstPortada.jpg\" data-orig-size=\"350,210\" data-comments-opened=\"1\" data-image-meta=\"{&quot;aperture&quot;:&quot;0&quot;,&quot;credit&quot;:&quot;&quot;,&quot;camera&quot;:&quot;&quot;,&quot;caption&quot;:&quot;&quot;,&quot;created_timestamp&quot;:&quot;0&quot;,&quot;copyright&quot;:&quot;&quot;,&quot;focal_length&quot;:&quot;0&quot;,&quot;iso&quot;:&quot;0&quot;,&quot;shutter_speed&quot;:&quot;0&quot;,&quot;title&quot;:&quot;&quot;,&quot;orientation&quot;:&quot;0&quot;}\" data-image-title=\"Ramon-Ricardo-Vidal-Plana-dstPortada\" data-image-description=\"\" data-medium-file=\"https:\/\/raed.academy\/wp-content\/uploads\/2020\/03\/Ramon-Ricardo-Vidal-Plana-dstPortada.jpg\" data-large-file=\"https:\/\/raed.academy\/wp-content\/uploads\/2020\/03\/Ramon-Ricardo-Vidal-Plana-dstPortada.jpg\" \/><p id=\"caption-attachment-88947\" class=\"wp-caption-text\">Dr. Ram\u00f3n Ricardo Vidal y Plana<\/p><\/div>\n<p><span class=\"tlid-translation translation\" lang=\"ca\">Les vendes es van fer despr\u00e9s que Moderna Therapeutics entusiasm\u00e9s a <strong>Wall Street<\/strong> abans que obrissin els mercats en anunciar resultats prometedors als assajos de la vacuna que desenvolupa contra la Covid-19. Despr\u00e9s de disparar-se als 87 d\u00f2lars, el preu de l&#8217;acci\u00f3 de Moderna va disminuir a menys de 70 d\u00f2lars a mesura que experts metges van debatre la import\u00e0ncia real de les primeres troballes. Tenallada per grans maniobres per la conquesta de poder pol\u00edtic i econ\u00f2mic, la recerca de la veritat, que ha de ser l&#8217;objectiu i el deure de tot cient\u00edfic, apareix avui greument compromesa.<\/span><\/p>\n<p><span class=\"tlid-translation translation\" lang=\"ca\">L&#8217;acad\u00e8mic angl\u00e8s cofundador de l&#8217;<strong>University College<\/strong> de Londres J<strong>eremy Bentham<\/strong> (1748-1832), al seu llibre <strong>&#8220;Deontology or the Science of Morality&#8221;<\/strong> (Deontologia o ci\u00e8ncia de la moralitat), publicat el 1834, va definir l&#8217;\u00e8tica professional o deontologia professional com la branca de l&#8217;\u00e8tica aplicada que t\u00e9 el prop\u00f2sit d&#8217;establir els deures dels qui exerceixen una professi\u00f3. L&#8217;\u00e8tica o deontologia no imposa sancions legals o normatives. Tot i aix\u00ed, l&#8217;\u00e8tica professional pot estar, en certa mesura, en els codis legals que regulen una activitat professional. La deontologia tamb\u00e9 forma part del que es coneix com a \u00e8tica normativa i presenta una s\u00e8rie de principis i regles de compliment obligatori.<\/span><\/p>\n<p><span class=\"tlid-translation translation\" lang=\"ca\">Avui, m\u00e9s que mai, en aquests temps turbulents, la consideraci\u00f3 i aplicaci\u00f3 del concepte de deontologia definit fa gaireb\u00e9 dos segles per Bentham apareix com a criteri imprescindible per a la investigaci\u00f3 cient\u00edfica i la publicaci\u00f3 dels resultats obtinguts, i una exig\u00e8ncia fonamental per al futur de la nostra societat.<\/span><\/p>\n","protected":false},"excerpt":{"rendered":"<p>Ram\u00f3n Ricardo Vidal y Plana Doctor en Ci\u00e8ncias Biol\u00f2giques i Farmacologia Aplicada, especialista en Biologia Molecular (Organitzaci\u00f3 Europea de Biologia Molecular-Universitat de Troms\u00f6) i acad\u00e8mic corresponent de la Reial Acad\u00e8mia Europea de Doctors-Barcelona 1914 (RAED) Ram\u00f3n Ricardo Vidal y Plana, acad\u00e8mic corresponent de la Reial Acad\u00e8mia Europea de Doctors-Barcelona 1914 (RAED), reflexiona en aquest article [&hellip;]<\/p>\n","protected":false},"author":12,"featured_media":91390,"comment_status":"open","ping_status":"closed","sticky":false,"template":"","format":"standard","meta":{"_et_pb_use_builder":"","_et_pb_old_content":"","_et_gb_content_width":"","footnotes":""},"categories":[268,275,273],"tags":[],"class_list":["post-91443","post","type-post","status-publish","format-standard","has-post-thumbnail","hentry","category-coronavirus-des-del-coneixement","category-educacio-etica-i-valors","category-salut","et-has-post-format-content","et_post_format-et-post-format-standard"],"yoast_head":"<!-- This site is optimized with the Yoast SEO plugin v27.4 - https:\/\/yoast.com\/product\/yoast-seo-wordpress\/ -->\n<title>Deontologia en temps de Covid-19. La responsabilitat moral del cient\u00edfic , la responsabilitat moral del cient\u00edfic - Reial Acad\u00e8mia Europea de Doctors<\/title>\n<meta name=\"description\" content=\"Tenallada per maniobres per la conquesta de poder pol\u00edtic i econ\u00f2mic, la recerca de la veritat, objectiu i deure de tot cient\u00edfic, apareix avui greument compromesa\" \/>\n<meta name=\"robots\" content=\"index, follow, max-snippet:-1, max-image-preview:large, max-video-preview:-1\" \/>\n<link rel=\"canonical\" href=\"https:\/\/raed.academy\/ca\/ciencia-i-deontologia\/\" \/>\n<meta property=\"og:locale\" content=\"ca_ES\" \/>\n<meta property=\"og:type\" content=\"article\" \/>\n<meta property=\"og:title\" content=\"Deontologia en temps de Covid-19. La responsabilitat moral del cient\u00edfic , la responsabilitat moral del cient\u00edfic - Reial Acad\u00e8mia Europea de Doctors\" \/>\n<meta property=\"og:description\" content=\"Tenallada per maniobres per la conquesta de poder pol\u00edtic i econ\u00f2mic, la recerca de la veritat, objectiu i deure de tot cient\u00edfic, apareix avui greument compromesa\" \/>\n<meta property=\"og:url\" content=\"https:\/\/raed.academy\/ca\/ciencia-i-deontologia\/\" \/>\n<meta property=\"og:site_name\" content=\"Reial Acad\u00e8mia Europea de Doctors\" \/>\n<meta property=\"article:publisher\" content=\"http:\/\/fb.me\/raed.academy\" \/>\n<meta property=\"article:published_time\" content=\"2020-06-12T23:12:29+00:00\" \/>\n<meta property=\"article:modified_time\" content=\"2020-06-17T16:14:44+00:00\" \/>\n<meta property=\"og:image\" content=\"https:\/\/raed.academy\/wp-content\/uploads\/2020\/06\/hidroxicloroquina-dstNtc.jpeg\" \/>\n\t<meta property=\"og:image:width\" content=\"500\" \/>\n\t<meta property=\"og:image:height\" content=\"300\" \/>\n\t<meta property=\"og:image:type\" content=\"image\/jpeg\" \/>\n<meta name=\"author\" content=\"RAED\" \/>\n<meta name=\"twitter:card\" content=\"summary_large_image\" \/>\n<meta name=\"twitter:creator\" content=\"@raedacademy\" \/>\n<meta name=\"twitter:site\" content=\"@raedacademy\" \/>\n<meta name=\"twitter:label1\" content=\"Written by\" \/>\n\t<meta name=\"twitter:data1\" content=\"RAED\" \/>\n\t<meta name=\"twitter:label2\" content=\"Est. reading time\" \/>\n\t<meta name=\"twitter:data2\" content=\"7 minutes\" \/>\n<script type=\"application\/ld+json\" class=\"yoast-schema-graph\">{\"@context\":\"https:\\\/\\\/schema.org\",\"@graph\":[{\"@type\":\"Article\",\"@id\":\"https:\\\/\\\/raed.academy\\\/ca\\\/ciencia-i-deontologia\\\/#article\",\"isPartOf\":{\"@id\":\"https:\\\/\\\/raed.academy\\\/ca\\\/ciencia-i-deontologia\\\/\"},\"author\":{\"name\":\"RAED\",\"@id\":\"https:\\\/\\\/raed.academy\\\/ca\\\/#\\\/schema\\\/person\\\/5a755da80d1d979fd66ba745c8702927\"},\"headline\":\"Deontologia en temps de Covid-19. La responsabilitat moral del cient\u00edfic\",\"datePublished\":\"2020-06-12T23:12:29+00:00\",\"dateModified\":\"2020-06-17T16:14:44+00:00\",\"mainEntityOfPage\":{\"@id\":\"https:\\\/\\\/raed.academy\\\/ca\\\/ciencia-i-deontologia\\\/\"},\"wordCount\":1510,\"commentCount\":0,\"publisher\":{\"@id\":\"https:\\\/\\\/raed.academy\\\/ca\\\/#organization\"},\"image\":{\"@id\":\"https:\\\/\\\/raed.academy\\\/ca\\\/ciencia-i-deontologia\\\/#primaryimage\"},\"thumbnailUrl\":\"https:\\\/\\\/raed.academy\\\/wp-content\\\/uploads\\\/2020\\\/06\\\/hidroxicloroquina-dstNtc.jpeg\",\"articleSection\":[\"Coronavirus des del coneixement\",\"Educaci\u00f3, \u00e8tica i valors\",\"Salut\"],\"inLanguage\":\"ca-ES\",\"potentialAction\":[{\"@type\":\"CommentAction\",\"name\":\"Comment\",\"target\":[\"https:\\\/\\\/raed.academy\\\/ca\\\/ciencia-i-deontologia\\\/#respond\"]}]},{\"@type\":\"WebPage\",\"@id\":\"https:\\\/\\\/raed.academy\\\/ca\\\/ciencia-i-deontologia\\\/\",\"url\":\"https:\\\/\\\/raed.academy\\\/ca\\\/ciencia-i-deontologia\\\/\",\"name\":\"Deontologia en temps de Covid-19. La responsabilitat moral del cient\u00edfic , la responsabilitat moral del cient\u00edfic - Reial Acad\u00e8mia Europea de Doctors\",\"isPartOf\":{\"@id\":\"https:\\\/\\\/raed.academy\\\/ca\\\/#website\"},\"primaryImageOfPage\":{\"@id\":\"https:\\\/\\\/raed.academy\\\/ca\\\/ciencia-i-deontologia\\\/#primaryimage\"},\"image\":{\"@id\":\"https:\\\/\\\/raed.academy\\\/ca\\\/ciencia-i-deontologia\\\/#primaryimage\"},\"thumbnailUrl\":\"https:\\\/\\\/raed.academy\\\/wp-content\\\/uploads\\\/2020\\\/06\\\/hidroxicloroquina-dstNtc.jpeg\",\"datePublished\":\"2020-06-12T23:12:29+00:00\",\"dateModified\":\"2020-06-17T16:14:44+00:00\",\"description\":\"Tenallada per maniobres per la conquesta de poder pol\u00edtic i econ\u00f2mic, la recerca de la veritat, objectiu i deure de tot cient\u00edfic, apareix avui greument compromesa\",\"breadcrumb\":{\"@id\":\"https:\\\/\\\/raed.academy\\\/ca\\\/ciencia-i-deontologia\\\/#breadcrumb\"},\"inLanguage\":\"ca-ES\",\"potentialAction\":[{\"@type\":\"ReadAction\",\"target\":[\"https:\\\/\\\/raed.academy\\\/ca\\\/ciencia-i-deontologia\\\/\"]}]},{\"@type\":\"ImageObject\",\"inLanguage\":\"ca-ES\",\"@id\":\"https:\\\/\\\/raed.academy\\\/ca\\\/ciencia-i-deontologia\\\/#primaryimage\",\"url\":\"https:\\\/\\\/raed.academy\\\/wp-content\\\/uploads\\\/2020\\\/06\\\/hidroxicloroquina-dstNtc.jpeg\",\"contentUrl\":\"https:\\\/\\\/raed.academy\\\/wp-content\\\/uploads\\\/2020\\\/06\\\/hidroxicloroquina-dstNtc.jpeg\",\"width\":500,\"height\":300},{\"@type\":\"BreadcrumbList\",\"@id\":\"https:\\\/\\\/raed.academy\\\/ca\\\/ciencia-i-deontologia\\\/#breadcrumb\",\"itemListElement\":[{\"@type\":\"ListItem\",\"position\":1,\"name\":\"Inicio\",\"item\":\"https:\\\/\\\/raed.academy\\\/ca\\\/\"},{\"@type\":\"ListItem\",\"position\":2,\"name\":\"Deontologia en temps de Covid-19. La responsabilitat moral del cient\u00edfic\"}]},{\"@type\":\"WebSite\",\"@id\":\"https:\\\/\\\/raed.academy\\\/ca\\\/#website\",\"url\":\"https:\\\/\\\/raed.academy\\\/ca\\\/\",\"name\":\"Reial Acad\u00e8mia Europea de Doctors\",\"description\":\"Corporaci\u00f3n de derecho p\u00fablico de car\u00e1cter cient\u00edfico, t\u00e9cnico y art\u00edstico, que tiene por objeto la investigaci\u00f3n, el estudio, el fomento y la extensi\u00f3n del conocimiento en su sentido m\u00e1s amplio\",\"publisher\":{\"@id\":\"https:\\\/\\\/raed.academy\\\/ca\\\/#organization\"},\"potentialAction\":[{\"@type\":\"SearchAction\",\"target\":{\"@type\":\"EntryPoint\",\"urlTemplate\":\"https:\\\/\\\/raed.academy\\\/ca\\\/?s={search_term_string}\"},\"query-input\":{\"@type\":\"PropertyValueSpecification\",\"valueRequired\":true,\"valueName\":\"search_term_string\"}}],\"inLanguage\":\"ca-ES\"},{\"@type\":\"Organization\",\"@id\":\"https:\\\/\\\/raed.academy\\\/ca\\\/#organization\",\"name\":\"Real Academia Europea de Doctores\",\"url\":\"https:\\\/\\\/raed.academy\\\/ca\\\/\",\"logo\":{\"@type\":\"ImageObject\",\"inLanguage\":\"ca-ES\",\"@id\":\"https:\\\/\\\/raed.academy\\\/ca\\\/#\\\/schema\\\/logo\\\/image\\\/\",\"url\":\"https:\\\/\\\/raed.academy\\\/wp-content\\\/uploads\\\/2017\\\/01\\\/cropped-logo_raed.png\",\"contentUrl\":\"https:\\\/\\\/raed.academy\\\/wp-content\\\/uploads\\\/2017\\\/01\\\/cropped-logo_raed.png\",\"width\":512,\"height\":512,\"caption\":\"Real Academia Europea de Doctores\"},\"image\":{\"@id\":\"https:\\\/\\\/raed.academy\\\/ca\\\/#\\\/schema\\\/logo\\\/image\\\/\"},\"sameAs\":[\"http:\\\/\\\/fb.me\\\/raed.academy\",\"https:\\\/\\\/x.com\\\/raedacademy\",\"https:\\\/\\\/www.instagram.com\\\/raed.academy\\\/\",\"https:\\\/\\\/www.youtube.com\\\/channel\\\/UCUYQwW2KrdirNWihxMDObwg\"]},{\"@type\":\"Person\",\"@id\":\"https:\\\/\\\/raed.academy\\\/ca\\\/#\\\/schema\\\/person\\\/5a755da80d1d979fd66ba745c8702927\",\"name\":\"RAED\",\"image\":{\"@type\":\"ImageObject\",\"inLanguage\":\"ca-ES\",\"@id\":\"https:\\\/\\\/secure.gravatar.com\\\/avatar\\\/19fdfdc0d67fb9c45714b703a2ac82251c4fcea3637f002ac3c9b74c0183583c?s=96&d=mm&r=g\",\"url\":\"https:\\\/\\\/secure.gravatar.com\\\/avatar\\\/19fdfdc0d67fb9c45714b703a2ac82251c4fcea3637f002ac3c9b74c0183583c?s=96&d=mm&r=g\",\"contentUrl\":\"https:\\\/\\\/secure.gravatar.com\\\/avatar\\\/19fdfdc0d67fb9c45714b703a2ac82251c4fcea3637f002ac3c9b74c0183583c?s=96&d=mm&r=g\",\"caption\":\"RAED\"}}]}<\/script>\n<!-- \/ Yoast SEO plugin. -->","yoast_head_json":{"title":"Deontologia en temps de Covid-19. La responsabilitat moral del cient\u00edfic , la responsabilitat moral del cient\u00edfic - Reial Acad\u00e8mia Europea de Doctors","description":"Tenallada per maniobres per la conquesta de poder pol\u00edtic i econ\u00f2mic, la recerca de la veritat, objectiu i deure de tot cient\u00edfic, apareix avui greument compromesa","robots":{"index":"index","follow":"follow","max-snippet":"max-snippet:-1","max-image-preview":"max-image-preview:large","max-video-preview":"max-video-preview:-1"},"canonical":"https:\/\/raed.academy\/ca\/ciencia-i-deontologia\/","og_locale":"ca_ES","og_type":"article","og_title":"Deontologia en temps de Covid-19. La responsabilitat moral del cient\u00edfic , la responsabilitat moral del cient\u00edfic - Reial Acad\u00e8mia Europea de Doctors","og_description":"Tenallada per maniobres per la conquesta de poder pol\u00edtic i econ\u00f2mic, la recerca de la veritat, objectiu i deure de tot cient\u00edfic, apareix avui greument compromesa","og_url":"https:\/\/raed.academy\/ca\/ciencia-i-deontologia\/","og_site_name":"Reial Acad\u00e8mia Europea de Doctors","article_publisher":"http:\/\/fb.me\/raed.academy","article_published_time":"2020-06-12T23:12:29+00:00","article_modified_time":"2020-06-17T16:14:44+00:00","og_image":[{"width":500,"height":300,"url":"https:\/\/raed.academy\/wp-content\/uploads\/2020\/06\/hidroxicloroquina-dstNtc.jpeg","type":"image\/jpeg"}],"author":"RAED","twitter_card":"summary_large_image","twitter_creator":"@raedacademy","twitter_site":"@raedacademy","twitter_misc":{"Written by":"RAED","Est. reading time":"7 minutes"},"schema":{"@context":"https:\/\/schema.org","@graph":[{"@type":"Article","@id":"https:\/\/raed.academy\/ca\/ciencia-i-deontologia\/#article","isPartOf":{"@id":"https:\/\/raed.academy\/ca\/ciencia-i-deontologia\/"},"author":{"name":"RAED","@id":"https:\/\/raed.academy\/ca\/#\/schema\/person\/5a755da80d1d979fd66ba745c8702927"},"headline":"Deontologia en temps de Covid-19. La responsabilitat moral del cient\u00edfic","datePublished":"2020-06-12T23:12:29+00:00","dateModified":"2020-06-17T16:14:44+00:00","mainEntityOfPage":{"@id":"https:\/\/raed.academy\/ca\/ciencia-i-deontologia\/"},"wordCount":1510,"commentCount":0,"publisher":{"@id":"https:\/\/raed.academy\/ca\/#organization"},"image":{"@id":"https:\/\/raed.academy\/ca\/ciencia-i-deontologia\/#primaryimage"},"thumbnailUrl":"https:\/\/raed.academy\/wp-content\/uploads\/2020\/06\/hidroxicloroquina-dstNtc.jpeg","articleSection":["Coronavirus des del coneixement","Educaci\u00f3, \u00e8tica i valors","Salut"],"inLanguage":"ca-ES","potentialAction":[{"@type":"CommentAction","name":"Comment","target":["https:\/\/raed.academy\/ca\/ciencia-i-deontologia\/#respond"]}]},{"@type":"WebPage","@id":"https:\/\/raed.academy\/ca\/ciencia-i-deontologia\/","url":"https:\/\/raed.academy\/ca\/ciencia-i-deontologia\/","name":"Deontologia en temps de Covid-19. La responsabilitat moral del cient\u00edfic , la responsabilitat moral del cient\u00edfic - Reial Acad\u00e8mia Europea de Doctors","isPartOf":{"@id":"https:\/\/raed.academy\/ca\/#website"},"primaryImageOfPage":{"@id":"https:\/\/raed.academy\/ca\/ciencia-i-deontologia\/#primaryimage"},"image":{"@id":"https:\/\/raed.academy\/ca\/ciencia-i-deontologia\/#primaryimage"},"thumbnailUrl":"https:\/\/raed.academy\/wp-content\/uploads\/2020\/06\/hidroxicloroquina-dstNtc.jpeg","datePublished":"2020-06-12T23:12:29+00:00","dateModified":"2020-06-17T16:14:44+00:00","description":"Tenallada per maniobres per la conquesta de poder pol\u00edtic i econ\u00f2mic, la recerca de la veritat, objectiu i deure de tot cient\u00edfic, apareix avui greument compromesa","breadcrumb":{"@id":"https:\/\/raed.academy\/ca\/ciencia-i-deontologia\/#breadcrumb"},"inLanguage":"ca-ES","potentialAction":[{"@type":"ReadAction","target":["https:\/\/raed.academy\/ca\/ciencia-i-deontologia\/"]}]},{"@type":"ImageObject","inLanguage":"ca-ES","@id":"https:\/\/raed.academy\/ca\/ciencia-i-deontologia\/#primaryimage","url":"https:\/\/raed.academy\/wp-content\/uploads\/2020\/06\/hidroxicloroquina-dstNtc.jpeg","contentUrl":"https:\/\/raed.academy\/wp-content\/uploads\/2020\/06\/hidroxicloroquina-dstNtc.jpeg","width":500,"height":300},{"@type":"BreadcrumbList","@id":"https:\/\/raed.academy\/ca\/ciencia-i-deontologia\/#breadcrumb","itemListElement":[{"@type":"ListItem","position":1,"name":"Inicio","item":"https:\/\/raed.academy\/ca\/"},{"@type":"ListItem","position":2,"name":"Deontologia en temps de Covid-19. La responsabilitat moral del cient\u00edfic"}]},{"@type":"WebSite","@id":"https:\/\/raed.academy\/ca\/#website","url":"https:\/\/raed.academy\/ca\/","name":"Reial Acad\u00e8mia Europea de Doctors","description":"Corporaci\u00f3n de derecho p\u00fablico de car\u00e1cter cient\u00edfico, t\u00e9cnico y art\u00edstico, que tiene por objeto la investigaci\u00f3n, el estudio, el fomento y la extensi\u00f3n del conocimiento en su sentido m\u00e1s amplio","publisher":{"@id":"https:\/\/raed.academy\/ca\/#organization"},"potentialAction":[{"@type":"SearchAction","target":{"@type":"EntryPoint","urlTemplate":"https:\/\/raed.academy\/ca\/?s={search_term_string}"},"query-input":{"@type":"PropertyValueSpecification","valueRequired":true,"valueName":"search_term_string"}}],"inLanguage":"ca-ES"},{"@type":"Organization","@id":"https:\/\/raed.academy\/ca\/#organization","name":"Real Academia Europea de Doctores","url":"https:\/\/raed.academy\/ca\/","logo":{"@type":"ImageObject","inLanguage":"ca-ES","@id":"https:\/\/raed.academy\/ca\/#\/schema\/logo\/image\/","url":"https:\/\/raed.academy\/wp-content\/uploads\/2017\/01\/cropped-logo_raed.png","contentUrl":"https:\/\/raed.academy\/wp-content\/uploads\/2017\/01\/cropped-logo_raed.png","width":512,"height":512,"caption":"Real Academia Europea de Doctores"},"image":{"@id":"https:\/\/raed.academy\/ca\/#\/schema\/logo\/image\/"},"sameAs":["http:\/\/fb.me\/raed.academy","https:\/\/x.com\/raedacademy","https:\/\/www.instagram.com\/raed.academy\/","https:\/\/www.youtube.com\/channel\/UCUYQwW2KrdirNWihxMDObwg"]},{"@type":"Person","@id":"https:\/\/raed.academy\/ca\/#\/schema\/person\/5a755da80d1d979fd66ba745c8702927","name":"RAED","image":{"@type":"ImageObject","inLanguage":"ca-ES","@id":"https:\/\/secure.gravatar.com\/avatar\/19fdfdc0d67fb9c45714b703a2ac82251c4fcea3637f002ac3c9b74c0183583c?s=96&d=mm&r=g","url":"https:\/\/secure.gravatar.com\/avatar\/19fdfdc0d67fb9c45714b703a2ac82251c4fcea3637f002ac3c9b74c0183583c?s=96&d=mm&r=g","contentUrl":"https:\/\/secure.gravatar.com\/avatar\/19fdfdc0d67fb9c45714b703a2ac82251c4fcea3637f002ac3c9b74c0183583c?s=96&d=mm&r=g","caption":"RAED"}}]}},"_links":{"self":[{"href":"https:\/\/raed.academy\/ca\/wp-json\/wp\/v2\/posts\/91443","targetHints":{"allow":["GET"]}}],"collection":[{"href":"https:\/\/raed.academy\/ca\/wp-json\/wp\/v2\/posts"}],"about":[{"href":"https:\/\/raed.academy\/ca\/wp-json\/wp\/v2\/types\/post"}],"author":[{"embeddable":true,"href":"https:\/\/raed.academy\/ca\/wp-json\/wp\/v2\/users\/12"}],"replies":[{"embeddable":true,"href":"https:\/\/raed.academy\/ca\/wp-json\/wp\/v2\/comments?post=91443"}],"version-history":[{"count":0,"href":"https:\/\/raed.academy\/ca\/wp-json\/wp\/v2\/posts\/91443\/revisions"}],"wp:featuredmedia":[{"embeddable":true,"href":"https:\/\/raed.academy\/ca\/wp-json\/wp\/v2\/media\/91390"}],"wp:attachment":[{"href":"https:\/\/raed.academy\/ca\/wp-json\/wp\/v2\/media?parent=91443"}],"wp:term":[{"taxonomy":"category","embeddable":true,"href":"https:\/\/raed.academy\/ca\/wp-json\/wp\/v2\/categories?post=91443"},{"taxonomy":"post_tag","embeddable":true,"href":"https:\/\/raed.academy\/ca\/wp-json\/wp\/v2\/tags?post=91443"}],"curies":[{"name":"wp","href":"https:\/\/api.w.org\/{rel}","templated":true}]}}