{"id":91440,"date":"2020-06-12T22:52:13","date_gmt":"2020-06-12T22:52:13","guid":{"rendered":"https:\/\/raed.academy\/?p=91440"},"modified":"2020-06-15T18:41:36","modified_gmt":"2020-06-15T18:41:36","slug":"pandemia-i-obesitat-infantil-webinar","status":"publish","type":"post","link":"https:\/\/raed.academy\/ca\/pandemia-i-obesitat-infantil-webinar\/","title":{"rendered":"L&#8217;obesitat infantil, la nutrici\u00f3 i l&#8217;activitat f\u00edsica en temps de pand\u00e8mia"},"content":{"rendered":"<p><a href=\"https:\/\/raed.academy\/ca\/academics\/dr-gregorio-varela-moreiras\/\" target=\"_blank\" rel=\"noopener noreferrer\"><strong><em> Gregorio Varela<\/em><\/strong><\/a><br \/>\n<em>Catedr\u00e0tic de Nutrici\u00f3 i Bromatologia de la Facultat de Farm\u00e0cia de la Universitat CEU-Sant Pau, president de la Fundaci\u00f3 Espanyola de la Nutrici\u00f3 i acad\u00e8mico de n\u00famero de la Reial Acad\u00e8mia Europea de Doctors-Barcelona 1914 (RAED)<\/em><\/p>\n<p><em><a href=\"https:\/\/raed.academy\/ca\/academics\/dr-javier-aranceta-bartrina\/\" target=\"_blank\" rel=\"noopener noreferrer\"><strong>Javier Aranceta<\/strong><\/a><br \/>\nPresident del Comit\u00e8 Cient\u00edfic de la Societat Espanyola de Nutrici\u00f3 Comunit\u00e0ria, president de la Reial Acad\u00e8mia de Medicina del Pa\u00eds Basc-Euskal Herriko Medikuntzaren Errege Akademia i acad\u00e8mic de n\u00famero de la Reial Acad\u00e8mia Europea de Doctors-Barcelona 1914 (RAED)<\/em><\/p>\n<p><span class=\"tlid-translation translation\" lang=\"ca\"><strong>Gregorio Varela<\/strong>, president de la <strong>Fundaci\u00f3 Espanyola de la Nutrici\u00f3<\/strong> i acad\u00e8mic de n\u00famero de la <strong>Reial Acad\u00e8mia Europea de Doctors-Barcelona 1914<\/strong> (RAED), i <strong>Javier Aranceta<\/strong>, president de la <strong>Reial Acad\u00e8mia de Medicina del Pa\u00eds Basc-Euskal Herriko Medikuntzaren Errege Akademia<\/strong> i tamb\u00e9 acad\u00e8mic de n\u00famero de la RAED, protagonitzaran el proper dimarts, 16 de juny, el seminari virtual <strong>&#8220;La obesidad infantil, nutrici\u00f3n y actividad f\u00edsica en tiempos de pandemia&#8221;<\/strong>, organitzat per la <strong>Fundaci\u00f3 de les Caixes d&#8217;Estalvis<\/strong> (<strong>Funcas<\/strong>), la <strong>Universitat Carles III de Madrid<\/strong> i la <strong>Fundaci\u00f3 Ernest Lluch<\/strong>. L&#8217;esdeveniment se celebrar\u00e0 entre les 18.00 h i les 20.00 h (hora catalana) i es podr\u00e0 seguir en format de webinar a trav\u00e9s del <a href=\"https:\/\/www.youtube.com\/channel\/UCxF6eYjLhx-vmeyPUB-GqIg\" target=\"_blank\" rel=\"noopener noreferrer\"><strong>canal de YouTube de Funcas<\/strong><\/a>.<\/span><\/p>\n<p><span class=\"tlid-translation translation\" lang=\"ca\"><img loading=\"lazy\" decoding=\"async\" class=\"alignright size-full wp-image-91399\" src=\"https:\/\/raed.academy\/wp-content\/uploads\/2020\/06\/nutricion-y-actividad-fisica-dstNtc.jpg\" sizes=\"(max-width: 500px) 100vw, 500px\" srcset=\"https:\/\/raed.academy\/wp-content\/uploads\/2020\/06\/nutricion-y-actividad-fisica-dstNtc.jpg 500w, https:\/\/raed.academy\/wp-content\/uploads\/2020\/06\/nutricion-y-actividad-fisica-dstNtc-440x264.jpg 440w\" alt=\"\" width=\"500\" height=\"300\" data-attachment-id=\"91399\" data-permalink=\"https:\/\/raed.academy\/pandemia-y-obesidad-infantil-webinar\/nutricion-y-actividad-fisica-dstntc\/\" data-orig-file=\"https:\/\/raed.academy\/wp-content\/uploads\/2020\/06\/nutricion-y-actividad-fisica-dstNtc.jpg\" data-orig-size=\"500,300\" data-comments-opened=\"1\" data-image-meta=\"{&quot;aperture&quot;:&quot;0&quot;,&quot;credit&quot;:&quot;&quot;,&quot;camera&quot;:&quot;&quot;,&quot;caption&quot;:&quot;&quot;,&quot;created_timestamp&quot;:&quot;0&quot;,&quot;copyright&quot;:&quot;&quot;,&quot;focal_length&quot;:&quot;0&quot;,&quot;iso&quot;:&quot;0&quot;,&quot;shutter_speed&quot;:&quot;0&quot;,&quot;title&quot;:&quot;&quot;,&quot;orientation&quot;:&quot;0&quot;}\" data-image-title=\"nutricion-y-actividad-fisica-dstNtc\" data-image-description=\"\" data-medium-file=\"https:\/\/raed.academy\/wp-content\/uploads\/2020\/06\/nutricion-y-actividad-fisica-dstNtc.jpg\" data-large-file=\"https:\/\/raed.academy\/wp-content\/uploads\/2020\/06\/nutricion-y-actividad-fisica-dstNtc.jpg\" \/>Aquest seminari s&#8217;emmarca dins del programa <strong>&#8220;Di\u00e1logos sobre pol\u00edticas de salud y buen gobierno&#8221;<\/strong>, que enguany arriba a la seva segona edici\u00f3. El di\u00e0leg serveix de base per a una discussi\u00f3 amb els assistents. L&#8217;audi\u00e8ncia \u00e9s oberta tot i que es convoca especialment a responsables de sector, professionals sanitaris, acad\u00e8mics, associacions d&#8217;usuaris i estudiants universitaris. El di\u00e0leg no t\u00e9 moderador i els dialoguistes tracten els diferents temes de forma auto-gestionada, a partir d&#8217;un gui\u00f3 previ treballat amb anterioritat amb ajuda de responsables de les dues fundacions organitzadores.<\/span><\/p>\n<p><span class=\"tlid-translation translation\" lang=\"ca\">Segons destaquen els organitzadors de l&#8217;acte, la pand\u00e8mia de coronavirus SARS-CoV-2 ha fet que problemes recurrents en la nostra societat com ara el de l&#8217;obesitat infantil siguin ara m\u00e9s urgents. Les quarantenes al propi domicili alteren el prove\u00efment i els h\u00e0bits alimentaris i restringeixen l&#8217;activitat f\u00edsica. A m\u00e9s, la depressi\u00f3 econ\u00f2mica associada a la pand\u00e8mia colpeja intensament els estrats socials menys afavorits que s\u00f3n els m\u00e9s sensibles a obesitat i sobrep\u00e8s.<\/span><\/p>\n<p><span class=\"tlid-translation translation\" lang=\"ca\">L&#8217;obesitat dep\u00e8n no nom\u00e9s de la nutrici\u00f3, sin\u00f3 tamb\u00e9 de l&#8217;exercici i l&#8217;activitat f\u00edsica. A causa del progr\u00e9s t\u00e8cnic i del canvi de les condicions socioecon\u00f2miques, ha disminu\u00eft el preu relatiu dels aliments i les calories consumides per una menor activitat f\u00edsica a la feina, a la llar i al transport s&#8217;han redu\u00eft extraordin\u00e0riament. A Espanya, la prevalen\u00e7a de l&#8217;obesitat infantil supera el 10% i \u00e9s de les m\u00e9s altes d&#8217;Europa.<\/span><\/p>\n","protected":false},"excerpt":{"rendered":"<p>Gregorio Varela Catedr\u00e0tic de Nutrici\u00f3 i Bromatologia de la Facultat de Farm\u00e0cia de la Universitat CEU-Sant Pau, president de la Fundaci\u00f3 Espanyola de la Nutrici\u00f3 i acad\u00e8mico de n\u00famero de la Reial Acad\u00e8mia Europea de Doctors-Barcelona 1914 (RAED) Javier Aranceta President del Comit\u00e8 Cient\u00edfic de la Societat Espanyola de Nutrici\u00f3 Comunit\u00e0ria, president de la Reial [&hellip;]<\/p>\n","protected":false},"author":12,"featured_media":91400,"comment_status":"open","ping_status":"closed","sticky":false,"template":"","format":"standard","meta":{"_et_pb_use_builder":"","_et_pb_old_content":"","_et_gb_content_width":"","footnotes":""},"categories":[268,273],"tags":[],"class_list":["post-91440","post","type-post","status-publish","format-standard","has-post-thumbnail","hentry","category-coronavirus-des-del-coneixement","category-salut","et-has-post-format-content","et_post_format-et-post-format-standard"],"yoast_head":"<!-- This site is optimized with the Yoast SEO plugin v27.4 - https:\/\/yoast.com\/product\/yoast-seo-wordpress\/ -->\n<title>Webinar &quot;Pand\u00e8mia i obesitat infantil&quot; - Reial Acad\u00e8mia Europea de Doctors<\/title>\n<meta name=\"description\" content=\"Gregorio Varela i Javier Aranceta protagonitzen el dimarts, 16\/juny, el seminari webinar &quot;L&#039;obesitat infantil, nutrici\u00f3 i activitat f\u00edsica en temps de pand\u00e8mia&quot;\" \/>\n<meta name=\"robots\" content=\"index, follow, max-snippet:-1, max-image-preview:large, max-video-preview:-1\" \/>\n<link rel=\"canonical\" href=\"https:\/\/raed.academy\/ca\/pandemia-i-obesitat-infantil-webinar\/\" \/>\n<meta property=\"og:locale\" content=\"ca_ES\" \/>\n<meta property=\"og:type\" content=\"article\" \/>\n<meta property=\"og:title\" content=\"Webinar &quot;Pand\u00e8mia i obesitat infantil&quot; - Reial Acad\u00e8mia Europea de Doctors\" \/>\n<meta property=\"og:description\" content=\"Gregorio Varela i Javier Aranceta protagonitzen el dimarts, 16\/juny, el seminari webinar &quot;L&#039;obesitat infantil, nutrici\u00f3 i activitat f\u00edsica en temps de pand\u00e8mia&quot;\" \/>\n<meta property=\"og:url\" content=\"https:\/\/raed.academy\/ca\/pandemia-i-obesitat-infantil-webinar\/\" \/>\n<meta property=\"og:site_name\" content=\"Reial Acad\u00e8mia Europea de Doctors\" \/>\n<meta property=\"article:publisher\" content=\"http:\/\/fb.me\/raed.academy\" \/>\n<meta property=\"article:published_time\" content=\"2020-06-12T22:52:13+00:00\" \/>\n<meta property=\"article:modified_time\" content=\"2020-06-15T18:41:36+00:00\" \/>\n<meta property=\"og:image\" content=\"https:\/\/raed.academy\/wp-content\/uploads\/2020\/06\/nutricion-y-actividad-fisica-dstNtc.jpg\" \/>\n\t<meta property=\"og:image:width\" content=\"500\" \/>\n\t<meta property=\"og:image:height\" content=\"300\" \/>\n\t<meta property=\"og:image:type\" content=\"image\/jpeg\" \/>\n<meta name=\"author\" content=\"RAED\" \/>\n<meta name=\"twitter:card\" content=\"summary_large_image\" \/>\n<meta name=\"twitter:creator\" content=\"@raedacademy\" \/>\n<meta name=\"twitter:site\" content=\"@raedacademy\" \/>\n<meta name=\"twitter:label1\" content=\"Written by\" \/>\n\t<meta name=\"twitter:data1\" content=\"RAED\" \/>\n\t<meta name=\"twitter:label2\" content=\"Est. reading time\" \/>\n\t<meta name=\"twitter:data2\" content=\"2 minutes\" \/>\n<script type=\"application\/ld+json\" class=\"yoast-schema-graph\">{\"@context\":\"https:\\\/\\\/schema.org\",\"@graph\":[{\"@type\":\"Article\",\"@id\":\"https:\\\/\\\/raed.academy\\\/ca\\\/pandemia-i-obesitat-infantil-webinar\\\/#article\",\"isPartOf\":{\"@id\":\"https:\\\/\\\/raed.academy\\\/ca\\\/pandemia-i-obesitat-infantil-webinar\\\/\"},\"author\":{\"name\":\"RAED\",\"@id\":\"https:\\\/\\\/raed.academy\\\/ca\\\/#\\\/schema\\\/person\\\/5a755da80d1d979fd66ba745c8702927\"},\"headline\":\"L&#8217;obesitat infantil, la nutrici\u00f3 i l&#8217;activitat f\u00edsica en temps de pand\u00e8mia\",\"datePublished\":\"2020-06-12T22:52:13+00:00\",\"dateModified\":\"2020-06-15T18:41:36+00:00\",\"mainEntityOfPage\":{\"@id\":\"https:\\\/\\\/raed.academy\\\/ca\\\/pandemia-i-obesitat-infantil-webinar\\\/\"},\"wordCount\":499,\"commentCount\":0,\"publisher\":{\"@id\":\"https:\\\/\\\/raed.academy\\\/ca\\\/#organization\"},\"image\":{\"@id\":\"https:\\\/\\\/raed.academy\\\/ca\\\/pandemia-i-obesitat-infantil-webinar\\\/#primaryimage\"},\"thumbnailUrl\":\"https:\\\/\\\/raed.academy\\\/wp-content\\\/uploads\\\/2020\\\/06\\\/nutricion-y-actividad-fisica-dstNtc.jpg\",\"articleSection\":[\"Coronavirus des del coneixement\",\"Salut\"],\"inLanguage\":\"ca-ES\",\"potentialAction\":[{\"@type\":\"CommentAction\",\"name\":\"Comment\",\"target\":[\"https:\\\/\\\/raed.academy\\\/ca\\\/pandemia-i-obesitat-infantil-webinar\\\/#respond\"]}]},{\"@type\":\"WebPage\",\"@id\":\"https:\\\/\\\/raed.academy\\\/ca\\\/pandemia-i-obesitat-infantil-webinar\\\/\",\"url\":\"https:\\\/\\\/raed.academy\\\/ca\\\/pandemia-i-obesitat-infantil-webinar\\\/\",\"name\":\"Webinar \\\"Pand\u00e8mia i obesitat infantil\\\" - Reial Acad\u00e8mia Europea de Doctors\",\"isPartOf\":{\"@id\":\"https:\\\/\\\/raed.academy\\\/ca\\\/#website\"},\"primaryImageOfPage\":{\"@id\":\"https:\\\/\\\/raed.academy\\\/ca\\\/pandemia-i-obesitat-infantil-webinar\\\/#primaryimage\"},\"image\":{\"@id\":\"https:\\\/\\\/raed.academy\\\/ca\\\/pandemia-i-obesitat-infantil-webinar\\\/#primaryimage\"},\"thumbnailUrl\":\"https:\\\/\\\/raed.academy\\\/wp-content\\\/uploads\\\/2020\\\/06\\\/nutricion-y-actividad-fisica-dstNtc.jpg\",\"datePublished\":\"2020-06-12T22:52:13+00:00\",\"dateModified\":\"2020-06-15T18:41:36+00:00\",\"description\":\"Gregorio Varela i Javier Aranceta protagonitzen el dimarts, 16\\\/juny, el seminari webinar \\\"L'obesitat infantil, nutrici\u00f3 i activitat f\u00edsica en temps de pand\u00e8mia\\\"\",\"breadcrumb\":{\"@id\":\"https:\\\/\\\/raed.academy\\\/ca\\\/pandemia-i-obesitat-infantil-webinar\\\/#breadcrumb\"},\"inLanguage\":\"ca-ES\",\"potentialAction\":[{\"@type\":\"ReadAction\",\"target\":[\"https:\\\/\\\/raed.academy\\\/ca\\\/pandemia-i-obesitat-infantil-webinar\\\/\"]}]},{\"@type\":\"ImageObject\",\"inLanguage\":\"ca-ES\",\"@id\":\"https:\\\/\\\/raed.academy\\\/ca\\\/pandemia-i-obesitat-infantil-webinar\\\/#primaryimage\",\"url\":\"https:\\\/\\\/raed.academy\\\/wp-content\\\/uploads\\\/2020\\\/06\\\/nutricion-y-actividad-fisica-dstNtc.jpg\",\"contentUrl\":\"https:\\\/\\\/raed.academy\\\/wp-content\\\/uploads\\\/2020\\\/06\\\/nutricion-y-actividad-fisica-dstNtc.jpg\",\"width\":500,\"height\":300},{\"@type\":\"BreadcrumbList\",\"@id\":\"https:\\\/\\\/raed.academy\\\/ca\\\/pandemia-i-obesitat-infantil-webinar\\\/#breadcrumb\",\"itemListElement\":[{\"@type\":\"ListItem\",\"position\":1,\"name\":\"Inicio\",\"item\":\"https:\\\/\\\/raed.academy\\\/ca\\\/\"},{\"@type\":\"ListItem\",\"position\":2,\"name\":\"L&#8217;obesitat infantil, la nutrici\u00f3 i l&#8217;activitat f\u00edsica en temps de pand\u00e8mia\"}]},{\"@type\":\"WebSite\",\"@id\":\"https:\\\/\\\/raed.academy\\\/ca\\\/#website\",\"url\":\"https:\\\/\\\/raed.academy\\\/ca\\\/\",\"name\":\"Reial Acad\u00e8mia Europea de Doctors\",\"description\":\"Corporaci\u00f3n de derecho p\u00fablico de car\u00e1cter cient\u00edfico, t\u00e9cnico y art\u00edstico, que tiene por objeto la investigaci\u00f3n, el estudio, el fomento y la extensi\u00f3n del conocimiento en su sentido m\u00e1s amplio\",\"publisher\":{\"@id\":\"https:\\\/\\\/raed.academy\\\/ca\\\/#organization\"},\"potentialAction\":[{\"@type\":\"SearchAction\",\"target\":{\"@type\":\"EntryPoint\",\"urlTemplate\":\"https:\\\/\\\/raed.academy\\\/ca\\\/?s={search_term_string}\"},\"query-input\":{\"@type\":\"PropertyValueSpecification\",\"valueRequired\":true,\"valueName\":\"search_term_string\"}}],\"inLanguage\":\"ca-ES\"},{\"@type\":\"Organization\",\"@id\":\"https:\\\/\\\/raed.academy\\\/ca\\\/#organization\",\"name\":\"Real Academia Europea de Doctores\",\"url\":\"https:\\\/\\\/raed.academy\\\/ca\\\/\",\"logo\":{\"@type\":\"ImageObject\",\"inLanguage\":\"ca-ES\",\"@id\":\"https:\\\/\\\/raed.academy\\\/ca\\\/#\\\/schema\\\/logo\\\/image\\\/\",\"url\":\"https:\\\/\\\/raed.academy\\\/wp-content\\\/uploads\\\/2017\\\/01\\\/cropped-logo_raed.png\",\"contentUrl\":\"https:\\\/\\\/raed.academy\\\/wp-content\\\/uploads\\\/2017\\\/01\\\/cropped-logo_raed.png\",\"width\":512,\"height\":512,\"caption\":\"Real Academia Europea de Doctores\"},\"image\":{\"@id\":\"https:\\\/\\\/raed.academy\\\/ca\\\/#\\\/schema\\\/logo\\\/image\\\/\"},\"sameAs\":[\"http:\\\/\\\/fb.me\\\/raed.academy\",\"https:\\\/\\\/x.com\\\/raedacademy\",\"https:\\\/\\\/www.instagram.com\\\/raed.academy\\\/\",\"https:\\\/\\\/www.youtube.com\\\/channel\\\/UCUYQwW2KrdirNWihxMDObwg\"]},{\"@type\":\"Person\",\"@id\":\"https:\\\/\\\/raed.academy\\\/ca\\\/#\\\/schema\\\/person\\\/5a755da80d1d979fd66ba745c8702927\",\"name\":\"RAED\",\"image\":{\"@type\":\"ImageObject\",\"inLanguage\":\"ca-ES\",\"@id\":\"https:\\\/\\\/secure.gravatar.com\\\/avatar\\\/19fdfdc0d67fb9c45714b703a2ac82251c4fcea3637f002ac3c9b74c0183583c?s=96&d=mm&r=g\",\"url\":\"https:\\\/\\\/secure.gravatar.com\\\/avatar\\\/19fdfdc0d67fb9c45714b703a2ac82251c4fcea3637f002ac3c9b74c0183583c?s=96&d=mm&r=g\",\"contentUrl\":\"https:\\\/\\\/secure.gravatar.com\\\/avatar\\\/19fdfdc0d67fb9c45714b703a2ac82251c4fcea3637f002ac3c9b74c0183583c?s=96&d=mm&r=g\",\"caption\":\"RAED\"}}]}<\/script>\n<!-- \/ Yoast SEO plugin. -->","yoast_head_json":{"title":"Webinar \"Pand\u00e8mia i obesitat infantil\" - Reial Acad\u00e8mia Europea de Doctors","description":"Gregorio Varela i Javier Aranceta protagonitzen el dimarts, 16\/juny, el seminari webinar \"L'obesitat infantil, nutrici\u00f3 i activitat f\u00edsica en temps de pand\u00e8mia\"","robots":{"index":"index","follow":"follow","max-snippet":"max-snippet:-1","max-image-preview":"max-image-preview:large","max-video-preview":"max-video-preview:-1"},"canonical":"https:\/\/raed.academy\/ca\/pandemia-i-obesitat-infantil-webinar\/","og_locale":"ca_ES","og_type":"article","og_title":"Webinar \"Pand\u00e8mia i obesitat infantil\" - Reial Acad\u00e8mia Europea de Doctors","og_description":"Gregorio Varela i Javier Aranceta protagonitzen el dimarts, 16\/juny, el seminari webinar \"L'obesitat infantil, nutrici\u00f3 i activitat f\u00edsica en temps de pand\u00e8mia\"","og_url":"https:\/\/raed.academy\/ca\/pandemia-i-obesitat-infantil-webinar\/","og_site_name":"Reial Acad\u00e8mia Europea de Doctors","article_publisher":"http:\/\/fb.me\/raed.academy","article_published_time":"2020-06-12T22:52:13+00:00","article_modified_time":"2020-06-15T18:41:36+00:00","og_image":[{"width":500,"height":300,"url":"https:\/\/raed.academy\/wp-content\/uploads\/2020\/06\/nutricion-y-actividad-fisica-dstNtc.jpg","type":"image\/jpeg"}],"author":"RAED","twitter_card":"summary_large_image","twitter_creator":"@raedacademy","twitter_site":"@raedacademy","twitter_misc":{"Written by":"RAED","Est. reading time":"2 minutes"},"schema":{"@context":"https:\/\/schema.org","@graph":[{"@type":"Article","@id":"https:\/\/raed.academy\/ca\/pandemia-i-obesitat-infantil-webinar\/#article","isPartOf":{"@id":"https:\/\/raed.academy\/ca\/pandemia-i-obesitat-infantil-webinar\/"},"author":{"name":"RAED","@id":"https:\/\/raed.academy\/ca\/#\/schema\/person\/5a755da80d1d979fd66ba745c8702927"},"headline":"L&#8217;obesitat infantil, la nutrici\u00f3 i l&#8217;activitat f\u00edsica en temps de pand\u00e8mia","datePublished":"2020-06-12T22:52:13+00:00","dateModified":"2020-06-15T18:41:36+00:00","mainEntityOfPage":{"@id":"https:\/\/raed.academy\/ca\/pandemia-i-obesitat-infantil-webinar\/"},"wordCount":499,"commentCount":0,"publisher":{"@id":"https:\/\/raed.academy\/ca\/#organization"},"image":{"@id":"https:\/\/raed.academy\/ca\/pandemia-i-obesitat-infantil-webinar\/#primaryimage"},"thumbnailUrl":"https:\/\/raed.academy\/wp-content\/uploads\/2020\/06\/nutricion-y-actividad-fisica-dstNtc.jpg","articleSection":["Coronavirus des del coneixement","Salut"],"inLanguage":"ca-ES","potentialAction":[{"@type":"CommentAction","name":"Comment","target":["https:\/\/raed.academy\/ca\/pandemia-i-obesitat-infantil-webinar\/#respond"]}]},{"@type":"WebPage","@id":"https:\/\/raed.academy\/ca\/pandemia-i-obesitat-infantil-webinar\/","url":"https:\/\/raed.academy\/ca\/pandemia-i-obesitat-infantil-webinar\/","name":"Webinar \"Pand\u00e8mia i obesitat infantil\" - Reial Acad\u00e8mia Europea de Doctors","isPartOf":{"@id":"https:\/\/raed.academy\/ca\/#website"},"primaryImageOfPage":{"@id":"https:\/\/raed.academy\/ca\/pandemia-i-obesitat-infantil-webinar\/#primaryimage"},"image":{"@id":"https:\/\/raed.academy\/ca\/pandemia-i-obesitat-infantil-webinar\/#primaryimage"},"thumbnailUrl":"https:\/\/raed.academy\/wp-content\/uploads\/2020\/06\/nutricion-y-actividad-fisica-dstNtc.jpg","datePublished":"2020-06-12T22:52:13+00:00","dateModified":"2020-06-15T18:41:36+00:00","description":"Gregorio Varela i Javier Aranceta protagonitzen el dimarts, 16\/juny, el seminari webinar \"L'obesitat infantil, nutrici\u00f3 i activitat f\u00edsica en temps de pand\u00e8mia\"","breadcrumb":{"@id":"https:\/\/raed.academy\/ca\/pandemia-i-obesitat-infantil-webinar\/#breadcrumb"},"inLanguage":"ca-ES","potentialAction":[{"@type":"ReadAction","target":["https:\/\/raed.academy\/ca\/pandemia-i-obesitat-infantil-webinar\/"]}]},{"@type":"ImageObject","inLanguage":"ca-ES","@id":"https:\/\/raed.academy\/ca\/pandemia-i-obesitat-infantil-webinar\/#primaryimage","url":"https:\/\/raed.academy\/wp-content\/uploads\/2020\/06\/nutricion-y-actividad-fisica-dstNtc.jpg","contentUrl":"https:\/\/raed.academy\/wp-content\/uploads\/2020\/06\/nutricion-y-actividad-fisica-dstNtc.jpg","width":500,"height":300},{"@type":"BreadcrumbList","@id":"https:\/\/raed.academy\/ca\/pandemia-i-obesitat-infantil-webinar\/#breadcrumb","itemListElement":[{"@type":"ListItem","position":1,"name":"Inicio","item":"https:\/\/raed.academy\/ca\/"},{"@type":"ListItem","position":2,"name":"L&#8217;obesitat infantil, la nutrici\u00f3 i l&#8217;activitat f\u00edsica en temps de pand\u00e8mia"}]},{"@type":"WebSite","@id":"https:\/\/raed.academy\/ca\/#website","url":"https:\/\/raed.academy\/ca\/","name":"Reial Acad\u00e8mia Europea de Doctors","description":"Corporaci\u00f3n de derecho p\u00fablico de car\u00e1cter cient\u00edfico, t\u00e9cnico y art\u00edstico, que tiene por objeto la investigaci\u00f3n, el estudio, el fomento y la extensi\u00f3n del conocimiento en su sentido m\u00e1s amplio","publisher":{"@id":"https:\/\/raed.academy\/ca\/#organization"},"potentialAction":[{"@type":"SearchAction","target":{"@type":"EntryPoint","urlTemplate":"https:\/\/raed.academy\/ca\/?s={search_term_string}"},"query-input":{"@type":"PropertyValueSpecification","valueRequired":true,"valueName":"search_term_string"}}],"inLanguage":"ca-ES"},{"@type":"Organization","@id":"https:\/\/raed.academy\/ca\/#organization","name":"Real Academia Europea de Doctores","url":"https:\/\/raed.academy\/ca\/","logo":{"@type":"ImageObject","inLanguage":"ca-ES","@id":"https:\/\/raed.academy\/ca\/#\/schema\/logo\/image\/","url":"https:\/\/raed.academy\/wp-content\/uploads\/2017\/01\/cropped-logo_raed.png","contentUrl":"https:\/\/raed.academy\/wp-content\/uploads\/2017\/01\/cropped-logo_raed.png","width":512,"height":512,"caption":"Real Academia Europea de Doctores"},"image":{"@id":"https:\/\/raed.academy\/ca\/#\/schema\/logo\/image\/"},"sameAs":["http:\/\/fb.me\/raed.academy","https:\/\/x.com\/raedacademy","https:\/\/www.instagram.com\/raed.academy\/","https:\/\/www.youtube.com\/channel\/UCUYQwW2KrdirNWihxMDObwg"]},{"@type":"Person","@id":"https:\/\/raed.academy\/ca\/#\/schema\/person\/5a755da80d1d979fd66ba745c8702927","name":"RAED","image":{"@type":"ImageObject","inLanguage":"ca-ES","@id":"https:\/\/secure.gravatar.com\/avatar\/19fdfdc0d67fb9c45714b703a2ac82251c4fcea3637f002ac3c9b74c0183583c?s=96&d=mm&r=g","url":"https:\/\/secure.gravatar.com\/avatar\/19fdfdc0d67fb9c45714b703a2ac82251c4fcea3637f002ac3c9b74c0183583c?s=96&d=mm&r=g","contentUrl":"https:\/\/secure.gravatar.com\/avatar\/19fdfdc0d67fb9c45714b703a2ac82251c4fcea3637f002ac3c9b74c0183583c?s=96&d=mm&r=g","caption":"RAED"}}]}},"_links":{"self":[{"href":"https:\/\/raed.academy\/ca\/wp-json\/wp\/v2\/posts\/91440","targetHints":{"allow":["GET"]}}],"collection":[{"href":"https:\/\/raed.academy\/ca\/wp-json\/wp\/v2\/posts"}],"about":[{"href":"https:\/\/raed.academy\/ca\/wp-json\/wp\/v2\/types\/post"}],"author":[{"embeddable":true,"href":"https:\/\/raed.academy\/ca\/wp-json\/wp\/v2\/users\/12"}],"replies":[{"embeddable":true,"href":"https:\/\/raed.academy\/ca\/wp-json\/wp\/v2\/comments?post=91440"}],"version-history":[{"count":0,"href":"https:\/\/raed.academy\/ca\/wp-json\/wp\/v2\/posts\/91440\/revisions"}],"wp:featuredmedia":[{"embeddable":true,"href":"https:\/\/raed.academy\/ca\/wp-json\/wp\/v2\/media\/91400"}],"wp:attachment":[{"href":"https:\/\/raed.academy\/ca\/wp-json\/wp\/v2\/media?parent=91440"}],"wp:term":[{"taxonomy":"category","embeddable":true,"href":"https:\/\/raed.academy\/ca\/wp-json\/wp\/v2\/categories?post=91440"},{"taxonomy":"post_tag","embeddable":true,"href":"https:\/\/raed.academy\/ca\/wp-json\/wp\/v2\/tags?post=91440"}],"curies":[{"name":"wp","href":"https:\/\/api.w.org\/{rel}","templated":true}]}}