{"id":90332,"date":"2020-05-09T10:55:12","date_gmt":"2020-05-09T10:55:12","guid":{"rendered":"https:\/\/raed.academy\/?p=90332"},"modified":"2020-05-15T14:35:30","modified_gmt":"2020-05-15T14:35:30","slug":"economia-i-coronavirus-5","status":"publish","type":"post","link":"https:\/\/raed.academy\/ca\/economia-i-coronavirus-5\/","title":{"rendered":"Economia i coronavirus (5)"},"content":{"rendered":"<p><a href=\"https:\/\/raed.academy\/ca\/academics\/dr-jose-maria-gay-de-liebana-saludas\/\" target=\"_blank\" rel=\"noopener noreferrer\"><em><strong>Jos\u00e9 Mar\u00eda Gay de Li\u00e9bana<\/strong><\/em><\/a><br \/>\n<em>Professor de la Facultat d&#8217;Economia i Empresa de la Universitat de Barcelona<\/em><br \/>\n<em>Acad\u00e8mic de n\u00famero de la Reial Acad\u00e8mia Europea de Doctors-Barcelona 1914 (RAED)<\/em><\/p>\n<h3>Que pagui Europa! I com?<\/h3>\n<p>D\u00f3na la impressi\u00f3 escoltant alguns representants governamentals, que el missatge que es llan\u00e7a cap a Europa, en l&#8217;actual situaci\u00f3 econ\u00f2mica per la qual travessa Espanya i davant la magnitud del desastre que s&#8217;albira, \u00e9s que \u00e9s Europa qui ha de pagar tot el disbarat financer del nostre pa\u00eds i que la consigna \u00e9s aquella de la dita popular que aqu\u00ed pau i despr\u00e9s gl\u00f2ria.<\/p>\n<p>Fins i tot sembla que sigui una not\u00edcia falsa, de les tantes que corren per aqu\u00ed, que si Europa haur\u00e0 de rescatar Espanya i altres advert\u00e8ncies per l&#8217;estil. De vegades, es parteix d&#8217;una premissa desenfadada: Europa, la generosa i despresa Europa, amb els pa\u00efsos de nord tan modosos ells, estalviadors recalcitrants, respectuosos amb els seus comptes, disciplinats amb els seus pressupostos, comportant-se financerament amb prud\u00e8ncia i que quan els vents econ\u00f2mics bufen a favor van guardant i rebaixant el seu endeutament; els pa\u00efsos de nord d&#8217;Europa, deia, estan encantats de pagar els excessos de sud i el guirigall gastador de l&#8217;Espanya governamental que, per m\u00e9s xoc econ\u00f2mic de virus, viu aliena a les vicissituds financeres.<\/p>\n<p><img loading=\"lazy\" decoding=\"async\" class=\"alignright size-full wp-image-90404\" src=\"https:\/\/raed.academy\/wp-content\/uploads\/2020\/05\/economia-y-coronavirus-dstNtc.jpg\" alt=\"\" width=\"600\" height=\"341\" \/>Es pugen les pensions, es crea una renda b\u00e0sica universal -amb un cost anual que el Govern ja xifra en 3.000 milions d&#8217;euros, i pagadora a partir de juny-, &#8220;es mobilitzen recursos&#8221; -que un ja imagina que sortiran de la noqueada economia productiva-, es fa cr\u00e9ixer la despesa p\u00fablica, es dispara encara m\u00e9s el d\u00e8ficit p\u00fablic, que si ja flirteja amb el diable s&#8217;enfonsar\u00e0 fins a avencs endimoniats, i s&#8217;agita l&#8217;onada del deute p\u00fablic salvatgement.<\/p>\n<p>Per\u00f2 aqu\u00ed no passa res, perqu\u00e8 Europa ha de mostrar el seu esperit solidari subvencionant a Espanya sense l\u00edmit ni garanties ni condicionalitats ni res semblant! Volem deute perpetu, d&#8217;aquest que no es paga mai, i a m\u00e9s que tots els diners que des del nord ens envi\u00efn siguin a fons perdut, \u00e9s a dir, com subvencions i ajudes no reintegrables, perqu\u00e8 els necessitem per seguir ballant a ritme de la revetlla del sant dispendi! Que Europa demostri la seva solidaritat i si no, fem un quitament del nostre deute i no es paga a ning\u00fa! S&#8217;apel\u00b7la, en suma, molt a la lleugera i sense cap sentit de la responsabilitat a qu\u00e8 Europa sigui la que pagui els nostres excessos.<\/p>\n<p>Dit aix\u00f2, un, per\u00f2, no acaba d&#8217;entendre la parsim\u00f2nia, lentitud i, m&#8217;atreviria a dir que poca tra\u00e7a de la Uni\u00f3 Europea a concretar solucions urgents i eficaces davant el que \u00e9s pura devastaci\u00f3 econ\u00f2mica a Europa i, sobretot, en l&#8217;Europa de sud. L&#8217;anomenat <strong>Pla Marshall<\/strong>, fons de reestructuraci\u00f3 o com sigui que se li bategi, ha de implementar-se sense demores perqu\u00e8 en cas contrari la nau europea no nom\u00e9s s&#8217;encalla, sin\u00f3 que corre perill de enfonsar-se per culpa de les fissures i escletxes que s&#8217;hi produiran.<\/p>\n<p>Ara b\u00e9, aquesta suma bilion\u00e0ria que podria ser d&#8217;1,5 bilions d&#8217;euros o que hauria de ser potser de m\u00e9s quantia, topa amb serioses dificultats per a la seva part. D&#8217;una banda, l&#8217;Europa de sud, \u00e9s a dir, nosaltres, It\u00e0lia i Portugal -i suposo que algun altre pa\u00eds es pujar\u00e0 al carro- vol que els diners arribin en forma de subvencions no reemborsables, mentre que el recte nord d&#8217;Europa exigeix \u200b\u200bque els diners que vagin als Estats siguin en forma de pr\u00e9stec i amb condicions financeres, faltaria m\u00e9s! Res de fons perdut i de subvencionar a pa\u00efsos que no han fet els deures i han gestionat malament els seus comptes.<\/p>\n<div id=\"attachment_88944\" style=\"width: 360px\" class=\"wp-caption alignleft\"><img loading=\"lazy\" decoding=\"async\" aria-describedby=\"caption-attachment-88944\" class=\"wp-image-88944 size-full\" src=\"https:\/\/raed.academy\/wp-content\/uploads\/2020\/03\/Dr-Jose-Maria-Gay-de-Liebana-dstPortada.jpg\" alt=\"Dr. Jos\u00e9 Mar\u00eda Gay de Li\u00e9bana\" width=\"350\" height=\"210\" aria-describedby=\"caption-attachment-88944\" data-attachment-id=\"88944\" data-permalink=\"https:\/\/raed.academy\/economia-y-coronavirus-5\/dr-jose-maria-gay-de-liebana-dstportada\/\" data-orig-file=\"https:\/\/raed.academy\/wp-content\/uploads\/2020\/03\/Dr-Jose-Maria-Gay-de-Liebana-dstPortada.jpg\" data-orig-size=\"350,210\" data-comments-opened=\"1\" data-image-meta=\"{&quot;aperture&quot;:&quot;0&quot;,&quot;credit&quot;:&quot;&quot;,&quot;camera&quot;:&quot;&quot;,&quot;caption&quot;:&quot;&quot;,&quot;created_timestamp&quot;:&quot;0&quot;,&quot;copyright&quot;:&quot;&quot;,&quot;focal_length&quot;:&quot;0&quot;,&quot;iso&quot;:&quot;0&quot;,&quot;shutter_speed&quot;:&quot;0&quot;,&quot;title&quot;:&quot;&quot;,&quot;orientation&quot;:&quot;0&quot;}\" data-image-title=\"Dr-Jose-Maria-Gay-de-Liebana-dstPortada\" data-image-description=\"\" data-medium-file=\"https:\/\/raed.academy\/wp-content\/uploads\/2020\/03\/Dr-Jose-Maria-Gay-de-Liebana-dstPortada.jpg\" data-large-file=\"https:\/\/raed.academy\/wp-content\/uploads\/2020\/03\/Dr-Jose-Maria-Gay-de-Liebana-dstPortada.jpg\" \/><p id=\"caption-attachment-88944\" class=\"wp-caption-text\">Dr. Jos\u00e9 Mar\u00eda Gay de Li\u00e9bana<\/p><\/div>\n<p>El quid de la q\u00fcesti\u00f3, com no!, radica a ser deficitari o tenir super\u00e0vit i ser responsable amb l&#8217;\u00fas del deute p\u00fablic. Alemanya va tancar el 2019 amb super\u00e0vit del 0,7% i rebaixant el seu deute p\u00fablic al 59,8%; Pa\u00efsos Baixos, amb super\u00e0vit de l&#8217;1,7% i minorant el deute al 48,6% del PIB. Espanya va tancar el 2019 amb d\u00e8ficit del 2,82% i deute al 95,5%; It\u00e0lia amb d\u00e8ficit de l&#8217;1,6% i deute p\u00fablic al 134,8%&#8230; El sud vol que li regalin els diners i el nord sap que li tocar\u00e0 a ell posar els diners i no est\u00e0 disposat a que sigui a fons perdut. No cala a l&#8217;Europa seriosa, la delectaci\u00f3 que l&#8217;Europa lleugera de cascos visqui subvencionada.<\/p>\n<h3>Pluja d&#8217;estrelles<\/h3>\n<p><strong>Tim Cook<\/strong>, <strong>Apple<\/strong>; <strong>Sundar<\/strong> <strong>Pichai<\/strong>, <strong>Google<\/strong>; <strong>Satya<\/strong> <strong>Nadella<\/strong>, <strong>Microsoft<\/strong>; <strong>Larry<\/strong> <strong>Ellison<\/strong>, <strong>Oracle<\/strong>; <strong>Mark Zuckerberg<\/strong>, <strong>Facebook<\/strong>&#8230; els CEO d&#8217;<strong>IBM<\/strong>, <strong>Intel<\/strong>, <strong>Qualcomm<\/strong>, <strong>Cisco<\/strong>&#8230; Els presidents d&#8217;<strong>Exxon Mobil<\/strong>, <strong>Continental<\/strong>, <strong>Chevron<\/strong>, <strong>Lockheed Martin<\/strong>, <strong>Honeywell<\/strong>, <strong>General Dynamics<\/strong>&#8230; Els m\u00e0xims responsables de <strong>JP Morgan<\/strong>, <strong>Bank of America<\/strong>, <strong>Goldman Sachs<\/strong>, <strong>Wells Fargo<\/strong>, <strong>Citigroup<\/strong>, <strong>Morgan Stanley<\/strong>&#8230; l&#8217;allargada ombra de <strong>Warren Buffet<\/strong>&#8230; Els presidents de <strong>Blackstone<\/strong>, <strong>Paulson &amp; Company<\/strong>,<strong> Elliott Management<\/strong>, <strong>Vista Equity Partners<\/strong>, <strong>Charles Schwab<\/strong>&#8230; <strong>Jim Hoffa<\/strong>, president de la omnipotent <strong>Germanor Internacional de Camioners<\/strong>;<strong> Terry O&#8217;Sullivan<\/strong>, fact\u00f2tum de la <strong>Uni\u00f3 Internacional de Treballadors d&#8217;Am\u00e8rica de Nord<\/strong>; <strong>Richard Trumka<\/strong>, l\u00edder del gran sindicat dels Estats Units&#8230; I els m\u00e0xims exponents de la ind\u00fastria de l&#8217;esport, tamb\u00e9.<\/p>\n<p>Tots els homes de president, de <strong>Donald Trump<\/strong>, que ja s&#8217;han posat a treballar perqu\u00e8 Am\u00e8rica, Am\u00e8rica dels somnis que batalla davant el virus, es posi en marxa amb la gran reactivaci\u00f3 econ\u00f2mica que permeti reconstruir en poc temps el cataclisme causat per la Covid-19 per ressorgir de l&#8217;envit amb la seva for\u00e7a econ\u00f2mica i empresarial. Tots junts, sense difer\u00e8ncies, sense retrets, sense personalismes, sumant per la seva p\u00e0tria.<\/p>\n<p>Sense necessitat d&#8217;anar als Estats Units, ens quedem a It\u00e0lia, on el seu primer ministre, <strong>Giuseppe Conte<\/strong>, ha designat un equip d&#8217;experts encarregats de reconstruir el pa\u00eds quan torni la normalitat, liderat per l&#8217;ex-CEO de <strong>Vodafone<\/strong>, <strong>Vittorio Colao<\/strong>, amb 16 savis disposats a dissenyar el full de ruta italiana. I per aqu\u00ed, a la nostra estimada Espanya, a m\u00e9s de raons, de bronques intra i extra parlament\u00e0ries, de disbarats i desprop\u00f2sits, alg\u00fa pensa en qu\u00e8 fer el dia despr\u00e9s?<\/p>\n<h3>Vocables i flegma<\/h3>\n<p>Cada crisi encunya els seus propis vocables. Els compromisos econ\u00f2mics de la Covid-19 deparen sengles veus en voga: desescalada i asimetria. Desescalada sona a muntanyisme, amb influ\u00e8ncia anglesa i la nostra<strong> Reial Acad\u00e8mia Espanyola de la Llengua<\/strong> desaconsella el seu \u00fas. I fem servir el de desescalada empresarial per destacar un retorn a la normalitat progressiva, amb tota mena de test i revisions m\u00e8diques que de moment costegen les pr\u00f2pies empreses, \u00e0vides de que la maquin\u00e0ria econ\u00f2mica funcioni, encara que sigui a mig gas. Perqu\u00e8, aix\u00f2 o morir. El terme asimetria, de tall geom\u00e8tric i est\u00e8tica ling\u00fc\u00edstica, simbolitza que no tot \u00e9s igual, de la mateixa manera. Empresaris, aut\u00f2noms, professionals demanen que l&#8217;activitat econ\u00f2mica es recuperi. Ells s\u00f3n conscients de l&#8217;esvoranc econ\u00f2mic que s&#8217;est\u00e0 obrint i aix\u00f2 significa caiguda.<\/p>\n<p>I caiguda \u00e9s el que esdev\u00e9 en els mercats financers, amb inversors espantats precipitant les vendes d&#8217;accions, fent baixar les borses. El m\u00edtic <strong>Warren Buffet<\/strong> i el seu veter\u00e0 soci <strong>Charlie Munger<\/strong>, que disposen a la caixa de <strong>Berkshire<\/strong> de 128.000 milions de d\u00f2lars en &#8220;cash&#8221; i en &#8220;stand by&#8221;, comencen a moure fitxes, \u00e9s a dir, diners i entenen que ara \u00e9s el moment propici per prendre posicions i invertir, quan la borsa es posa a tir. Perqu\u00e8 la tempesta de la Covid-19, tard o d&#8217;hora, passar\u00e0. Els uns, amb els seus nervis i espants, hauran perdut part del seu patrimoni. D&#8217;altres, m\u00e9s flegm\u00e0tics, aguanten o fins i tot compren avui a preu de saldo. Despr\u00e9s de la tempesta, el paisatge es calmar\u00e0 i les ments fredes guanyaran. En economia i finances, la gesti\u00f3 dels tempos \u00e9s crucial, com saber invertir ara en deute corporatiu de quirats. O sigui, que no tot \u00e9s renda variable, sin\u00f3 que la renda fixa tamb\u00e9 juga en aquesta conjuntura.<\/p>\n<h3>Cap a la nova Edat Mitjana?<\/h3>\n<p>Vagi per endavant que la inspiraci\u00f3 d&#8217;aquestes l\u00ednies, a m\u00e9s de la for\u00e7a dels esdeveniments, beu en les fonts del discurs d&#8217;ingr\u00e9s a la nostra Reial Acad\u00e8mia del Doctor <strong>Ferm\u00edn Morales<\/strong>, catedr\u00e0tic de Dret Penal, que vaig tenir el singular honor de contestar en nom de la nostra instituci\u00f3. Casen, en aquell temps, les dues refer\u00e8ncies.<\/p>\n<p>Quin ser\u00e0 el paper de l&#8217;Estat en l&#8217;era postCovid-19? El protagonisme de l&#8217;Estat pot ser aclaparadora, nacionalitzant empreses estrat\u00e8giques o exercint el domini sobre les mateixes, amb els ciutadans cibercontrolats, amb reconeixement facial, amb part de la poblaci\u00f3 subsidiada per les arques de l&#8217;Estat, potser duent a governs m\u00e9s autoritaris que ens sotmetin a constant vigil\u00e0ncia i potestat sobre tots nosaltres. Un Estat omnipresent intervenint i accionant l&#8217;economia. Ens precipitem cap a una nova Edat Mitjana, d&#8217;acord amb la proposta de doctor Ferm\u00edn Morales? Qui ser\u00e0 al capdavant d&#8217;aquest nou Estat que s&#8217;erigir\u00e0 en gran sacerdot en tots els ordres de la nostra vida?<\/p>\n<p>L&#8217;Estat anir\u00e0 assumint cada vegada m\u00e9s responsabilitats i tuteles, \u00e9s a dir, major totalitarisme, amb un creixement imparable de la despesa p\u00fablica. Amb els n\u00fameros descosits caldr\u00e0 espr\u00e9mer fins a l&#8217;\u00faltim c\u00e8ntim a les empreses i ciutadans que sobrevisquin. El major percentatge de despesa p\u00fablica sobre el producte interior brut no \u00e9s m\u00e9s que major intervencionisme econ\u00f2mic, amb el sector p\u00fablic despla\u00e7ant a el sector privat com a motor de l&#8217;economia. Qu\u00e8 es pret\u00e9n realment amb tantes pol\u00edtiques socials i el tot subsidiat a la recerca de la igualtat? Coartar la llibertat? Conrear vots a c\u00e0rrec dels que, en el marc de l&#8217;economia productiva, sobrevisquin a la pand\u00e8mia de virus i a l&#8217;epid\u00e8mia econ\u00f2mica? Com es costejar\u00e0 tot plegat si anem escassos de diners p\u00fablics? Deia <strong>Ortega i Gasset<\/strong>: &#8220;Espanya \u00e9s el problema, Europa la soluci\u00f3&#8221;. Reflexions quan el temps primaveral arriba als nostres dies de confinament i seguim intentant desxifrar els enigmes de les fases de la desescalada, que requereixen d&#8217;un manual interpretatiu, simplement, per trepitjar el carrer.<\/p>\n<h3>Condemnats a l&#8217;abisme?<\/h3>\n<p>Els fonaments de la nostra economia cruixen i el bombardeig \u00e9s intens per tots els fronts. L&#8217;aniquilaci\u00f3 just comen\u00e7a. La contracci\u00f3 de l&#8217;activitat econ\u00f2mica d&#8217;un 33% al mar\u00e7, en nom\u00e9s dues setmanes, \u00e9s l&#8217;entrada d&#8217;un abril espin\u00f3s caient al 45%. Si al primer trimestre del 2020 la nostra economia cau un 5,2%, els negres auguris apunten a un ensorrament de l&#8217;11% o del 12% per a aquest any. I, confiem, en que el declivi no empitjori si el male\u00eft virus rebrota. Les empreses, les nostres pimes, estan agonitzant.<\/p>\n<p>El Govern segueix trepitjant el cam\u00ed que no s&#8217;ha de trepitjar i estimbant als nostres aut\u00f2noms i petites i mitjanes empreses, sense escr\u00fapols. Milers de bars i d&#8217;establiments d&#8217;hostaleria baixaran definitivament la persiana. Els hotelers no conceben com dimonis es pot regular la seva activitat amb tant detriment per al sector. No s\u00f3n els \u00fanics. El clam empresarial per la falta de liquiditat \u00e9s estrepit\u00f3s. El Govern, a difer\u00e8ncia d&#8217;altres pa\u00efsos que s\u00ed estan fent les coses com s&#8217;escau, ofega el nostre teixit empresarial, que s&#8217;est\u00e0 ensorrant i amb ell la nostra economia entra en coma.<\/p>\n<p>No \u00e9s que la banca no estigui injectant liquiditat, com sembla retreure-li el mateix Govern, \u00e9s que l&#8217;Estat no deixa anar ni un duro, potser perqu\u00e8 no en t\u00e9. Ja s&#8217;especula que la suma del d\u00e8ficit p\u00fablic aquest any pot arribar als 137.000 milions d&#8217;euros, que ens empenyeria a l&#8217;abisme. I, a manera de remei digne de la m\u00e9s supina indig\u00e8ncia intel\u00b7lectual econ\u00f2mica, algun membre governamental deixa anar all\u00f2 de pujar impostos, a manera d&#8217;estocada de mort per a la nostra economia. Sense pal\u00b7liatius, estem abocant-nos a l&#8217;abisme.<\/p>\n","protected":false},"excerpt":{"rendered":"<p>Jos\u00e9 Mar\u00eda Gay de Li\u00e9bana Professor de la Facultat d&#8217;Economia i Empresa de la Universitat de Barcelona Acad\u00e8mic de n\u00famero de la Reial Acad\u00e8mia Europea de Doctors-Barcelona 1914 (RAED) Que pagui Europa! I com? D\u00f3na la impressi\u00f3 escoltant alguns representants governamentals, que el missatge que es llan\u00e7a cap a Europa, en l&#8217;actual situaci\u00f3 econ\u00f2mica per [&hellip;]<\/p>\n","protected":false},"author":12,"featured_media":90405,"comment_status":"open","ping_status":"closed","sticky":false,"template":"","format":"standard","meta":{"_et_pb_use_builder":"","_et_pb_old_content":"","_et_gb_content_width":"","footnotes":""},"categories":[268,274],"tags":[],"class_list":["post-90332","post","type-post","status-publish","format-standard","has-post-thumbnail","hentry","category-coronavirus-des-del-coneixement","category-economia-i-politica","et-has-post-format-content","et_post_format-et-post-format-standard"],"yoast_head":"<!-- This site is optimized with the Yoast SEO plugin v27.4 - https:\/\/yoast.com\/product\/yoast-seo-wordpress\/ -->\n<title>Economia i coronavirus (5) - Reial Acad\u00e8mia Europea de Doctors<\/title>\n<meta name=\"description\" content=\"Conseq\u00fc\u00e8ncies econ\u00f2miques de la crisi del coronavirus a Espanya, el paper d&#039;Europa i el possible rescat.\" \/>\n<meta name=\"robots\" content=\"index, follow, max-snippet:-1, max-image-preview:large, max-video-preview:-1\" \/>\n<link rel=\"canonical\" href=\"https:\/\/raed.academy\/ca\/economia-i-coronavirus-5\/\" \/>\n<meta property=\"og:locale\" content=\"ca_ES\" \/>\n<meta property=\"og:type\" content=\"article\" \/>\n<meta property=\"og:title\" content=\"Economia i coronavirus (5) - Reial Acad\u00e8mia Europea de Doctors\" \/>\n<meta property=\"og:description\" content=\"Conseq\u00fc\u00e8ncies econ\u00f2miques de la crisi del coronavirus a Espanya, el paper d&#039;Europa i el possible rescat.\" \/>\n<meta property=\"og:url\" content=\"https:\/\/raed.academy\/ca\/economia-i-coronavirus-5\/\" \/>\n<meta property=\"og:site_name\" content=\"Reial Acad\u00e8mia Europea de Doctors\" \/>\n<meta property=\"article:publisher\" content=\"http:\/\/fb.me\/raed.academy\" \/>\n<meta property=\"article:published_time\" content=\"2020-05-09T10:55:12+00:00\" \/>\n<meta property=\"article:modified_time\" content=\"2020-05-15T14:35:30+00:00\" \/>\n<meta property=\"og:image\" content=\"https:\/\/raed.academy\/wp-content\/uploads\/2020\/05\/economia-y-coronavirus-dstNtc.jpg\" \/>\n\t<meta property=\"og:image:width\" content=\"600\" \/>\n\t<meta property=\"og:image:height\" content=\"341\" \/>\n\t<meta property=\"og:image:type\" content=\"image\/jpeg\" \/>\n<meta name=\"author\" content=\"RAED\" \/>\n<meta name=\"twitter:card\" content=\"summary_large_image\" \/>\n<meta name=\"twitter:creator\" content=\"@raedacademy\" \/>\n<meta name=\"twitter:site\" content=\"@raedacademy\" \/>\n<meta name=\"twitter:label1\" content=\"Written by\" \/>\n\t<meta name=\"twitter:data1\" content=\"RAED\" \/>\n\t<meta name=\"twitter:label2\" content=\"Est. reading time\" \/>\n\t<meta name=\"twitter:data2\" content=\"10 minutes\" \/>\n<script type=\"application\/ld+json\" class=\"yoast-schema-graph\">{\"@context\":\"https:\\\/\\\/schema.org\",\"@graph\":[{\"@type\":\"Article\",\"@id\":\"https:\\\/\\\/raed.academy\\\/ca\\\/economia-i-coronavirus-5\\\/#article\",\"isPartOf\":{\"@id\":\"https:\\\/\\\/raed.academy\\\/ca\\\/economia-i-coronavirus-5\\\/\"},\"author\":{\"name\":\"RAED\",\"@id\":\"https:\\\/\\\/raed.academy\\\/ca\\\/#\\\/schema\\\/person\\\/5a755da80d1d979fd66ba745c8702927\"},\"headline\":\"Economia i coronavirus (5)\",\"datePublished\":\"2020-05-09T10:55:12+00:00\",\"dateModified\":\"2020-05-15T14:35:30+00:00\",\"mainEntityOfPage\":{\"@id\":\"https:\\\/\\\/raed.academy\\\/ca\\\/economia-i-coronavirus-5\\\/\"},\"wordCount\":2104,\"commentCount\":0,\"publisher\":{\"@id\":\"https:\\\/\\\/raed.academy\\\/ca\\\/#organization\"},\"image\":{\"@id\":\"https:\\\/\\\/raed.academy\\\/ca\\\/economia-i-coronavirus-5\\\/#primaryimage\"},\"thumbnailUrl\":\"https:\\\/\\\/raed.academy\\\/wp-content\\\/uploads\\\/2020\\\/05\\\/economia-y-coronavirus-dstNtc.jpg\",\"articleSection\":[\"Coronavirus des del coneixement\",\"Economia i pol\u00edtica\"],\"inLanguage\":\"ca-ES\",\"potentialAction\":[{\"@type\":\"CommentAction\",\"name\":\"Comment\",\"target\":[\"https:\\\/\\\/raed.academy\\\/ca\\\/economia-i-coronavirus-5\\\/#respond\"]}]},{\"@type\":\"WebPage\",\"@id\":\"https:\\\/\\\/raed.academy\\\/ca\\\/economia-i-coronavirus-5\\\/\",\"url\":\"https:\\\/\\\/raed.academy\\\/ca\\\/economia-i-coronavirus-5\\\/\",\"name\":\"Economia i coronavirus (5) - Reial Acad\u00e8mia Europea de Doctors\",\"isPartOf\":{\"@id\":\"https:\\\/\\\/raed.academy\\\/ca\\\/#website\"},\"primaryImageOfPage\":{\"@id\":\"https:\\\/\\\/raed.academy\\\/ca\\\/economia-i-coronavirus-5\\\/#primaryimage\"},\"image\":{\"@id\":\"https:\\\/\\\/raed.academy\\\/ca\\\/economia-i-coronavirus-5\\\/#primaryimage\"},\"thumbnailUrl\":\"https:\\\/\\\/raed.academy\\\/wp-content\\\/uploads\\\/2020\\\/05\\\/economia-y-coronavirus-dstNtc.jpg\",\"datePublished\":\"2020-05-09T10:55:12+00:00\",\"dateModified\":\"2020-05-15T14:35:30+00:00\",\"description\":\"Conseq\u00fc\u00e8ncies econ\u00f2miques de la crisi del coronavirus a Espanya, el paper d'Europa i el possible rescat.\",\"breadcrumb\":{\"@id\":\"https:\\\/\\\/raed.academy\\\/ca\\\/economia-i-coronavirus-5\\\/#breadcrumb\"},\"inLanguage\":\"ca-ES\",\"potentialAction\":[{\"@type\":\"ReadAction\",\"target\":[\"https:\\\/\\\/raed.academy\\\/ca\\\/economia-i-coronavirus-5\\\/\"]}]},{\"@type\":\"ImageObject\",\"inLanguage\":\"ca-ES\",\"@id\":\"https:\\\/\\\/raed.academy\\\/ca\\\/economia-i-coronavirus-5\\\/#primaryimage\",\"url\":\"https:\\\/\\\/raed.academy\\\/wp-content\\\/uploads\\\/2020\\\/05\\\/economia-y-coronavirus-dstNtc.jpg\",\"contentUrl\":\"https:\\\/\\\/raed.academy\\\/wp-content\\\/uploads\\\/2020\\\/05\\\/economia-y-coronavirus-dstNtc.jpg\",\"width\":600,\"height\":341},{\"@type\":\"BreadcrumbList\",\"@id\":\"https:\\\/\\\/raed.academy\\\/ca\\\/economia-i-coronavirus-5\\\/#breadcrumb\",\"itemListElement\":[{\"@type\":\"ListItem\",\"position\":1,\"name\":\"Inicio\",\"item\":\"https:\\\/\\\/raed.academy\\\/ca\\\/\"},{\"@type\":\"ListItem\",\"position\":2,\"name\":\"Economia i coronavirus (5)\"}]},{\"@type\":\"WebSite\",\"@id\":\"https:\\\/\\\/raed.academy\\\/ca\\\/#website\",\"url\":\"https:\\\/\\\/raed.academy\\\/ca\\\/\",\"name\":\"Reial Acad\u00e8mia Europea de Doctors\",\"description\":\"Corporaci\u00f3n de derecho p\u00fablico de car\u00e1cter cient\u00edfico, t\u00e9cnico y art\u00edstico, que tiene por objeto la investigaci\u00f3n, el estudio, el fomento y la extensi\u00f3n del conocimiento en su sentido m\u00e1s amplio\",\"publisher\":{\"@id\":\"https:\\\/\\\/raed.academy\\\/ca\\\/#organization\"},\"potentialAction\":[{\"@type\":\"SearchAction\",\"target\":{\"@type\":\"EntryPoint\",\"urlTemplate\":\"https:\\\/\\\/raed.academy\\\/ca\\\/?s={search_term_string}\"},\"query-input\":{\"@type\":\"PropertyValueSpecification\",\"valueRequired\":true,\"valueName\":\"search_term_string\"}}],\"inLanguage\":\"ca-ES\"},{\"@type\":\"Organization\",\"@id\":\"https:\\\/\\\/raed.academy\\\/ca\\\/#organization\",\"name\":\"Real Academia Europea de Doctores\",\"url\":\"https:\\\/\\\/raed.academy\\\/ca\\\/\",\"logo\":{\"@type\":\"ImageObject\",\"inLanguage\":\"ca-ES\",\"@id\":\"https:\\\/\\\/raed.academy\\\/ca\\\/#\\\/schema\\\/logo\\\/image\\\/\",\"url\":\"https:\\\/\\\/raed.academy\\\/wp-content\\\/uploads\\\/2017\\\/01\\\/cropped-logo_raed.png\",\"contentUrl\":\"https:\\\/\\\/raed.academy\\\/wp-content\\\/uploads\\\/2017\\\/01\\\/cropped-logo_raed.png\",\"width\":512,\"height\":512,\"caption\":\"Real Academia Europea de Doctores\"},\"image\":{\"@id\":\"https:\\\/\\\/raed.academy\\\/ca\\\/#\\\/schema\\\/logo\\\/image\\\/\"},\"sameAs\":[\"http:\\\/\\\/fb.me\\\/raed.academy\",\"https:\\\/\\\/x.com\\\/raedacademy\",\"https:\\\/\\\/www.instagram.com\\\/raed.academy\\\/\",\"https:\\\/\\\/www.youtube.com\\\/channel\\\/UCUYQwW2KrdirNWihxMDObwg\"]},{\"@type\":\"Person\",\"@id\":\"https:\\\/\\\/raed.academy\\\/ca\\\/#\\\/schema\\\/person\\\/5a755da80d1d979fd66ba745c8702927\",\"name\":\"RAED\",\"image\":{\"@type\":\"ImageObject\",\"inLanguage\":\"ca-ES\",\"@id\":\"https:\\\/\\\/secure.gravatar.com\\\/avatar\\\/19fdfdc0d67fb9c45714b703a2ac82251c4fcea3637f002ac3c9b74c0183583c?s=96&d=mm&r=g\",\"url\":\"https:\\\/\\\/secure.gravatar.com\\\/avatar\\\/19fdfdc0d67fb9c45714b703a2ac82251c4fcea3637f002ac3c9b74c0183583c?s=96&d=mm&r=g\",\"contentUrl\":\"https:\\\/\\\/secure.gravatar.com\\\/avatar\\\/19fdfdc0d67fb9c45714b703a2ac82251c4fcea3637f002ac3c9b74c0183583c?s=96&d=mm&r=g\",\"caption\":\"RAED\"}}]}<\/script>\n<!-- \/ Yoast SEO plugin. -->","yoast_head_json":{"title":"Economia i coronavirus (5) - Reial Acad\u00e8mia Europea de Doctors","description":"Conseq\u00fc\u00e8ncies econ\u00f2miques de la crisi del coronavirus a Espanya, el paper d'Europa i el possible rescat.","robots":{"index":"index","follow":"follow","max-snippet":"max-snippet:-1","max-image-preview":"max-image-preview:large","max-video-preview":"max-video-preview:-1"},"canonical":"https:\/\/raed.academy\/ca\/economia-i-coronavirus-5\/","og_locale":"ca_ES","og_type":"article","og_title":"Economia i coronavirus (5) - Reial Acad\u00e8mia Europea de Doctors","og_description":"Conseq\u00fc\u00e8ncies econ\u00f2miques de la crisi del coronavirus a Espanya, el paper d'Europa i el possible rescat.","og_url":"https:\/\/raed.academy\/ca\/economia-i-coronavirus-5\/","og_site_name":"Reial Acad\u00e8mia Europea de Doctors","article_publisher":"http:\/\/fb.me\/raed.academy","article_published_time":"2020-05-09T10:55:12+00:00","article_modified_time":"2020-05-15T14:35:30+00:00","og_image":[{"width":600,"height":341,"url":"https:\/\/raed.academy\/wp-content\/uploads\/2020\/05\/economia-y-coronavirus-dstNtc.jpg","type":"image\/jpeg"}],"author":"RAED","twitter_card":"summary_large_image","twitter_creator":"@raedacademy","twitter_site":"@raedacademy","twitter_misc":{"Written by":"RAED","Est. reading time":"10 minutes"},"schema":{"@context":"https:\/\/schema.org","@graph":[{"@type":"Article","@id":"https:\/\/raed.academy\/ca\/economia-i-coronavirus-5\/#article","isPartOf":{"@id":"https:\/\/raed.academy\/ca\/economia-i-coronavirus-5\/"},"author":{"name":"RAED","@id":"https:\/\/raed.academy\/ca\/#\/schema\/person\/5a755da80d1d979fd66ba745c8702927"},"headline":"Economia i coronavirus (5)","datePublished":"2020-05-09T10:55:12+00:00","dateModified":"2020-05-15T14:35:30+00:00","mainEntityOfPage":{"@id":"https:\/\/raed.academy\/ca\/economia-i-coronavirus-5\/"},"wordCount":2104,"commentCount":0,"publisher":{"@id":"https:\/\/raed.academy\/ca\/#organization"},"image":{"@id":"https:\/\/raed.academy\/ca\/economia-i-coronavirus-5\/#primaryimage"},"thumbnailUrl":"https:\/\/raed.academy\/wp-content\/uploads\/2020\/05\/economia-y-coronavirus-dstNtc.jpg","articleSection":["Coronavirus des del coneixement","Economia i pol\u00edtica"],"inLanguage":"ca-ES","potentialAction":[{"@type":"CommentAction","name":"Comment","target":["https:\/\/raed.academy\/ca\/economia-i-coronavirus-5\/#respond"]}]},{"@type":"WebPage","@id":"https:\/\/raed.academy\/ca\/economia-i-coronavirus-5\/","url":"https:\/\/raed.academy\/ca\/economia-i-coronavirus-5\/","name":"Economia i coronavirus (5) - Reial Acad\u00e8mia Europea de Doctors","isPartOf":{"@id":"https:\/\/raed.academy\/ca\/#website"},"primaryImageOfPage":{"@id":"https:\/\/raed.academy\/ca\/economia-i-coronavirus-5\/#primaryimage"},"image":{"@id":"https:\/\/raed.academy\/ca\/economia-i-coronavirus-5\/#primaryimage"},"thumbnailUrl":"https:\/\/raed.academy\/wp-content\/uploads\/2020\/05\/economia-y-coronavirus-dstNtc.jpg","datePublished":"2020-05-09T10:55:12+00:00","dateModified":"2020-05-15T14:35:30+00:00","description":"Conseq\u00fc\u00e8ncies econ\u00f2miques de la crisi del coronavirus a Espanya, el paper d'Europa i el possible rescat.","breadcrumb":{"@id":"https:\/\/raed.academy\/ca\/economia-i-coronavirus-5\/#breadcrumb"},"inLanguage":"ca-ES","potentialAction":[{"@type":"ReadAction","target":["https:\/\/raed.academy\/ca\/economia-i-coronavirus-5\/"]}]},{"@type":"ImageObject","inLanguage":"ca-ES","@id":"https:\/\/raed.academy\/ca\/economia-i-coronavirus-5\/#primaryimage","url":"https:\/\/raed.academy\/wp-content\/uploads\/2020\/05\/economia-y-coronavirus-dstNtc.jpg","contentUrl":"https:\/\/raed.academy\/wp-content\/uploads\/2020\/05\/economia-y-coronavirus-dstNtc.jpg","width":600,"height":341},{"@type":"BreadcrumbList","@id":"https:\/\/raed.academy\/ca\/economia-i-coronavirus-5\/#breadcrumb","itemListElement":[{"@type":"ListItem","position":1,"name":"Inicio","item":"https:\/\/raed.academy\/ca\/"},{"@type":"ListItem","position":2,"name":"Economia i coronavirus (5)"}]},{"@type":"WebSite","@id":"https:\/\/raed.academy\/ca\/#website","url":"https:\/\/raed.academy\/ca\/","name":"Reial Acad\u00e8mia Europea de Doctors","description":"Corporaci\u00f3n de derecho p\u00fablico de car\u00e1cter cient\u00edfico, t\u00e9cnico y art\u00edstico, que tiene por objeto la investigaci\u00f3n, el estudio, el fomento y la extensi\u00f3n del conocimiento en su sentido m\u00e1s amplio","publisher":{"@id":"https:\/\/raed.academy\/ca\/#organization"},"potentialAction":[{"@type":"SearchAction","target":{"@type":"EntryPoint","urlTemplate":"https:\/\/raed.academy\/ca\/?s={search_term_string}"},"query-input":{"@type":"PropertyValueSpecification","valueRequired":true,"valueName":"search_term_string"}}],"inLanguage":"ca-ES"},{"@type":"Organization","@id":"https:\/\/raed.academy\/ca\/#organization","name":"Real Academia Europea de Doctores","url":"https:\/\/raed.academy\/ca\/","logo":{"@type":"ImageObject","inLanguage":"ca-ES","@id":"https:\/\/raed.academy\/ca\/#\/schema\/logo\/image\/","url":"https:\/\/raed.academy\/wp-content\/uploads\/2017\/01\/cropped-logo_raed.png","contentUrl":"https:\/\/raed.academy\/wp-content\/uploads\/2017\/01\/cropped-logo_raed.png","width":512,"height":512,"caption":"Real Academia Europea de Doctores"},"image":{"@id":"https:\/\/raed.academy\/ca\/#\/schema\/logo\/image\/"},"sameAs":["http:\/\/fb.me\/raed.academy","https:\/\/x.com\/raedacademy","https:\/\/www.instagram.com\/raed.academy\/","https:\/\/www.youtube.com\/channel\/UCUYQwW2KrdirNWihxMDObwg"]},{"@type":"Person","@id":"https:\/\/raed.academy\/ca\/#\/schema\/person\/5a755da80d1d979fd66ba745c8702927","name":"RAED","image":{"@type":"ImageObject","inLanguage":"ca-ES","@id":"https:\/\/secure.gravatar.com\/avatar\/19fdfdc0d67fb9c45714b703a2ac82251c4fcea3637f002ac3c9b74c0183583c?s=96&d=mm&r=g","url":"https:\/\/secure.gravatar.com\/avatar\/19fdfdc0d67fb9c45714b703a2ac82251c4fcea3637f002ac3c9b74c0183583c?s=96&d=mm&r=g","contentUrl":"https:\/\/secure.gravatar.com\/avatar\/19fdfdc0d67fb9c45714b703a2ac82251c4fcea3637f002ac3c9b74c0183583c?s=96&d=mm&r=g","caption":"RAED"}}]}},"_links":{"self":[{"href":"https:\/\/raed.academy\/ca\/wp-json\/wp\/v2\/posts\/90332","targetHints":{"allow":["GET"]}}],"collection":[{"href":"https:\/\/raed.academy\/ca\/wp-json\/wp\/v2\/posts"}],"about":[{"href":"https:\/\/raed.academy\/ca\/wp-json\/wp\/v2\/types\/post"}],"author":[{"embeddable":true,"href":"https:\/\/raed.academy\/ca\/wp-json\/wp\/v2\/users\/12"}],"replies":[{"embeddable":true,"href":"https:\/\/raed.academy\/ca\/wp-json\/wp\/v2\/comments?post=90332"}],"version-history":[{"count":0,"href":"https:\/\/raed.academy\/ca\/wp-json\/wp\/v2\/posts\/90332\/revisions"}],"wp:featuredmedia":[{"embeddable":true,"href":"https:\/\/raed.academy\/ca\/wp-json\/wp\/v2\/media\/90405"}],"wp:attachment":[{"href":"https:\/\/raed.academy\/ca\/wp-json\/wp\/v2\/media?parent=90332"}],"wp:term":[{"taxonomy":"category","embeddable":true,"href":"https:\/\/raed.academy\/ca\/wp-json\/wp\/v2\/categories?post=90332"},{"taxonomy":"post_tag","embeddable":true,"href":"https:\/\/raed.academy\/ca\/wp-json\/wp\/v2\/tags?post=90332"}],"curies":[{"name":"wp","href":"https:\/\/api.w.org\/{rel}","templated":true}]}}