{"id":90107,"date":"2020-04-30T06:38:49","date_gmt":"2020-04-30T06:38:49","guid":{"rendered":"https:\/\/raed.academy\/?p=90107"},"modified":"2020-05-01T19:10:20","modified_gmt":"2020-05-01T19:10:20","slug":"cancer-i-covid-laureano-molins","status":"publish","type":"post","link":"https:\/\/raed.academy\/ca\/cancer-i-covid-laureano-molins\/","title":{"rendered":"C\u00e0ncer i Covid"},"content":{"rendered":"<p><em><strong><a href=\"https:\/\/raed.academy\/ca\/academics\/dr-laureano-molins-lopez-rodo\/\" target=\"_blank\" rel=\"noopener noreferrer\">Laureano Molins<\/a><\/strong><\/em><br \/>\n<em>Cap de Cirurgia Tor\u00e0cica de l&#8217;Hospital Cl\u00ednic de Barcelona, president de l&#8217;Associaci\u00f3 Espanyola Contra el C\u00e0ncer (AECC)-Catalunya Contra el C\u00e0ncer i acad\u00e8mic de n\u00famero de la Reial Acad\u00e8mia Europea de Doctors-Barcelona 1914<\/em><\/p>\n<p><em>Article publicat al diari &#8220;La Vanguardia&#8221; el passat 22 d&#8217;abril del 2020<\/em><\/p>\n<h3>Covid-19: c\u00e0ncer i crisi socio-econ\u00f2mica<\/h3>\n<div id=\"attachment_56295\" style=\"width: 328px\" class=\"wp-caption alignright\"><img loading=\"lazy\" decoding=\"async\" aria-describedby=\"caption-attachment-56295\" class=\"wp-image-56295 size-full\" src=\"https:\/\/raed.academy\/wp-content\/uploads\/2018\/09\/Laureano-Molins.jpg\" alt=\"Laureano Molins L\u00f3pez-Rod\u00f3\" width=\"318\" height=\"221\" aria-describedby=\"caption-attachment-56295\" data-attachment-id=\"56295\" data-permalink=\"https:\/\/raed.academy\/laureano-molins-nuevo-presidente-de-la-aecc\/rey-intervencion\/\" data-orig-file=\"https:\/\/raed.academy\/wp-content\/uploads\/2018\/09\/Laureano-Molins.jpg\" data-orig-size=\"318,221\" data-comments-opened=\"0\" data-image-meta=\"{&quot;aperture&quot;:&quot;0&quot;,&quot;credit&quot;:&quot;Albert Oliv\\u00e9&quot;,&quot;camera&quot;:&quot;&quot;,&quot;caption&quot;:&quot;B05. BARCELONA, 08\\\/05\\\/2010.- El doctor Laureano Molins L\\u00f3pez-Rod\\u00f3, director del equipo m\\u00e9dico que oper\\u00f3 hoy al Rey en el Hospital Cl\\u00ednico de Barcelona para extirparle un n\\u00f3dulo en el pulm\\u00f3n derecho, durante la rueda de prensa que ofreci\\u00f3 para informar sobre el resultado de la intervenci\\u00f3n. EFE\\\/Albert Oliv\\u00e9 \\r\\r ESPA\\u00d1A-REY-INTERVENCI\\u00d3N&quot;,&quot;created_timestamp&quot;:&quot;0&quot;,&quot;copyright&quot;:&quot;&quot;,&quot;focal_length&quot;:&quot;0&quot;,&quot;iso&quot;:&quot;0&quot;,&quot;shutter_speed&quot;:&quot;0&quot;,&quot;title&quot;:&quot;REY-INTERVENCI\\u00d3N&quot;,&quot;orientation&quot;:&quot;0&quot;}\" data-image-title=\"Dr. Laureano Molins L\u00f3pez-Rod\u00f3\" data-image-description=\"\" data-medium-file=\"https:\/\/raed.academy\/wp-content\/uploads\/2018\/09\/Laureano-Molins.jpg\" data-large-file=\"https:\/\/raed.academy\/wp-content\/uploads\/2018\/09\/Laureano-Molins.jpg\" \/><p id=\"caption-attachment-56295\" class=\"wp-caption-text\">Dr. Laureano Molins<\/p><\/div>\n<p><strong>Laureano Molins<\/strong> alerta que l&#8217;actual crisi provocada per la Covid-19 dificulta encara m\u00e9s el tractament del c\u00e0ncer en persones que passen per dificultats econ\u00f2miques. &#8220;Una fam\u00edlia pot arribar a augmentar les seves despeses destinats a la salut entre un 4% i un 15% despr\u00e9s d&#8217;un diagn\u00f2stic de c\u00e0ncer, \u00e9s a dir, una despesa mitjana entre 100 i 300 euros mensuals&#8221;. Aquesta situaci\u00f3 acostuma a generar un desajust a l&#8217;economia familiar que porta a molts a reduir a la for\u00e7a les despeses de primera necessitat com l&#8217;alimentaci\u00f3 o l&#8217;habitatge. &#8220;Aquestes fam\u00edlies entren en extrema vulnerabilitat a causa del c\u00e0ncer i aquestes xifres es veuen augmentades a causa dels efectes socials de la Covid-19&#8221;, adverteix l&#8217;acad\u00e8mic.<\/p>\n<p>Per aquest motiu l&#8217;<strong>Associaci\u00f3 Espanyola Contra el C\u00e0ncer (AECC)-Catalunya Contra el C\u00e0ncer<\/strong> ha posat en marxa la creaci\u00f3 d&#8217;un fons d&#8217;ajuda econ\u00f2mica d&#8217;emerg\u00e8ncia per a les necessitats socials de malalts de c\u00e0ncer i les seves fam\u00edlies, dotant-lo inicialment amb tres milions d&#8217;euros &#8220;Aquest fons d&#8217;emerg\u00e8ncia es posa a disposici\u00f3 dels que m\u00e9s ho necessiten amb l&#8217;objectiu d&#8217;estar, m\u00e9s a prop que mai i d&#8217;una manera concreta, amb aquells que passaran per una situaci\u00f3 de major vulnerabilitat arran de la pand\u00e8mia de la Covid-19&#8221;. Molins convida a qui pugui fer-ho a contribuir amb aquest fons solidari en un moment d&#8217;extrema necessitat.<\/p>\n<h3><a href=\"https:\/\/www.lavanguardia.com\/vida\/20200422\/48675030837\/covid-19-cancer-crisis-socioeconomica.html\" target=\"_blank\" rel=\"noopener noreferrer\">Llegir l&#8217;article<\/a><\/h3>\n","protected":false},"excerpt":{"rendered":"<p>Laureano Molins Cap de Cirurgia Tor\u00e0cica de l&#8217;Hospital Cl\u00ednic de Barcelona, president de l&#8217;Associaci\u00f3 Espanyola Contra el C\u00e0ncer (AECC)-Catalunya Contra el C\u00e0ncer i acad\u00e8mic de n\u00famero de la Reial Acad\u00e8mia Europea de Doctors-Barcelona 1914 Article publicat al diari &#8220;La Vanguardia&#8221; el passat 22 d&#8217;abril del 2020 Covid-19: c\u00e0ncer i crisi socio-econ\u00f2mica Laureano Molins alerta que [&hellip;]<\/p>\n","protected":false},"author":12,"featured_media":90057,"comment_status":"closed","ping_status":"closed","sticky":false,"template":"","format":"standard","meta":{"_et_pb_use_builder":"","_et_pb_old_content":"","_et_gb_content_width":"","footnotes":""},"categories":[268,273],"tags":[],"class_list":["post-90107","post","type-post","status-publish","format-standard","has-post-thumbnail","hentry","category-coronavirus-des-del-coneixement","category-salut","et-has-post-format-content","et_post_format-et-post-format-standard"],"yoast_head":"<!-- This site is optimized with the Yoast SEO plugin v27.5 - https:\/\/yoast.com\/product\/yoast-seo-wordpress\/ -->\n<title>C\u00e0ncer i Covid - Reial Acad\u00e8mia Europea de Doctors<\/title>\n<meta name=\"description\" content=\"L&#039;actual crisi provocada per la Covid-19 dificulta encara m\u00e9s el tractament del c\u00e0ncer en persones que passen per dificultats econ\u00f2miques\" \/>\n<meta name=\"robots\" content=\"index, follow, max-snippet:-1, max-image-preview:large, max-video-preview:-1\" \/>\n<link rel=\"canonical\" href=\"https:\/\/raed.academy\/ca\/cancer-i-covid-laureano-molins\/\" \/>\n<meta property=\"og:locale\" content=\"ca_ES\" \/>\n<meta property=\"og:type\" content=\"article\" \/>\n<meta property=\"og:title\" content=\"C\u00e0ncer i Covid - Reial Acad\u00e8mia Europea de Doctors\" \/>\n<meta property=\"og:description\" content=\"L&#039;actual crisi provocada per la Covid-19 dificulta encara m\u00e9s el tractament del c\u00e0ncer en persones que passen per dificultats econ\u00f2miques\" \/>\n<meta property=\"og:url\" content=\"https:\/\/raed.academy\/ca\/cancer-i-covid-laureano-molins\/\" \/>\n<meta property=\"og:site_name\" content=\"Reial Acad\u00e8mia Europea de Doctors\" \/>\n<meta property=\"article:publisher\" content=\"http:\/\/fb.me\/raed.academy\" \/>\n<meta property=\"article:published_time\" content=\"2020-04-30T06:38:49+00:00\" \/>\n<meta property=\"article:modified_time\" content=\"2020-05-01T19:10:20+00:00\" \/>\n<meta property=\"og:image\" content=\"https:\/\/raed.academy\/wp-content\/uploads\/2020\/04\/Cancer-y-Covid-19-dstNItc.jpg\" \/>\n\t<meta property=\"og:image:width\" content=\"1000\" \/>\n\t<meta property=\"og:image:height\" content=\"420\" \/>\n\t<meta property=\"og:image:type\" content=\"image\/jpeg\" \/>\n<meta name=\"author\" content=\"RAED\" \/>\n<meta name=\"twitter:card\" content=\"summary_large_image\" \/>\n<meta name=\"twitter:creator\" content=\"@raedacademy\" \/>\n<meta name=\"twitter:site\" content=\"@raedacademy\" \/>\n<meta name=\"twitter:label1\" content=\"Written by\" \/>\n\t<meta name=\"twitter:data1\" content=\"RAED\" \/>\n\t<meta name=\"twitter:label2\" content=\"Est. reading time\" \/>\n\t<meta name=\"twitter:data2\" content=\"2 minutes\" \/>\n<script type=\"application\/ld+json\" class=\"yoast-schema-graph\">{\"@context\":\"https:\\\/\\\/schema.org\",\"@graph\":[{\"@type\":\"Article\",\"@id\":\"https:\\\/\\\/raed.academy\\\/ca\\\/cancer-i-covid-laureano-molins\\\/#article\",\"isPartOf\":{\"@id\":\"https:\\\/\\\/raed.academy\\\/ca\\\/cancer-i-covid-laureano-molins\\\/\"},\"author\":{\"name\":\"RAED\",\"@id\":\"https:\\\/\\\/raed.academy\\\/ca\\\/#\\\/schema\\\/person\\\/5a755da80d1d979fd66ba745c8702927\"},\"headline\":\"C\u00e0ncer i Covid\",\"datePublished\":\"2020-04-30T06:38:49+00:00\",\"dateModified\":\"2020-05-01T19:10:20+00:00\",\"mainEntityOfPage\":{\"@id\":\"https:\\\/\\\/raed.academy\\\/ca\\\/cancer-i-covid-laureano-molins\\\/\"},\"wordCount\":326,\"publisher\":{\"@id\":\"https:\\\/\\\/raed.academy\\\/ca\\\/#organization\"},\"image\":{\"@id\":\"https:\\\/\\\/raed.academy\\\/ca\\\/cancer-i-covid-laureano-molins\\\/#primaryimage\"},\"thumbnailUrl\":\"https:\\\/\\\/raed.academy\\\/wp-content\\\/uploads\\\/2020\\\/04\\\/Cancer-y-Covid-19-dstNItc.jpg\",\"articleSection\":[\"Coronavirus des del coneixement\",\"Salut\"],\"inLanguage\":\"ca-ES\"},{\"@type\":\"WebPage\",\"@id\":\"https:\\\/\\\/raed.academy\\\/ca\\\/cancer-i-covid-laureano-molins\\\/\",\"url\":\"https:\\\/\\\/raed.academy\\\/ca\\\/cancer-i-covid-laureano-molins\\\/\",\"name\":\"C\u00e0ncer i Covid - Reial Acad\u00e8mia Europea de Doctors\",\"isPartOf\":{\"@id\":\"https:\\\/\\\/raed.academy\\\/ca\\\/#website\"},\"primaryImageOfPage\":{\"@id\":\"https:\\\/\\\/raed.academy\\\/ca\\\/cancer-i-covid-laureano-molins\\\/#primaryimage\"},\"image\":{\"@id\":\"https:\\\/\\\/raed.academy\\\/ca\\\/cancer-i-covid-laureano-molins\\\/#primaryimage\"},\"thumbnailUrl\":\"https:\\\/\\\/raed.academy\\\/wp-content\\\/uploads\\\/2020\\\/04\\\/Cancer-y-Covid-19-dstNItc.jpg\",\"datePublished\":\"2020-04-30T06:38:49+00:00\",\"dateModified\":\"2020-05-01T19:10:20+00:00\",\"description\":\"L'actual crisi provocada per la Covid-19 dificulta encara m\u00e9s el tractament del c\u00e0ncer en persones que passen per dificultats econ\u00f2miques\",\"breadcrumb\":{\"@id\":\"https:\\\/\\\/raed.academy\\\/ca\\\/cancer-i-covid-laureano-molins\\\/#breadcrumb\"},\"inLanguage\":\"ca-ES\",\"potentialAction\":[{\"@type\":\"ReadAction\",\"target\":[\"https:\\\/\\\/raed.academy\\\/ca\\\/cancer-i-covid-laureano-molins\\\/\"]}]},{\"@type\":\"ImageObject\",\"inLanguage\":\"ca-ES\",\"@id\":\"https:\\\/\\\/raed.academy\\\/ca\\\/cancer-i-covid-laureano-molins\\\/#primaryimage\",\"url\":\"https:\\\/\\\/raed.academy\\\/wp-content\\\/uploads\\\/2020\\\/04\\\/Cancer-y-Covid-19-dstNItc.jpg\",\"contentUrl\":\"https:\\\/\\\/raed.academy\\\/wp-content\\\/uploads\\\/2020\\\/04\\\/Cancer-y-Covid-19-dstNItc.jpg\",\"width\":1000,\"height\":420},{\"@type\":\"BreadcrumbList\",\"@id\":\"https:\\\/\\\/raed.academy\\\/ca\\\/cancer-i-covid-laureano-molins\\\/#breadcrumb\",\"itemListElement\":[{\"@type\":\"ListItem\",\"position\":1,\"name\":\"Inicio\",\"item\":\"https:\\\/\\\/raed.academy\\\/ca\\\/\"},{\"@type\":\"ListItem\",\"position\":2,\"name\":\"C\u00e0ncer i Covid\"}]},{\"@type\":\"WebSite\",\"@id\":\"https:\\\/\\\/raed.academy\\\/ca\\\/#website\",\"url\":\"https:\\\/\\\/raed.academy\\\/ca\\\/\",\"name\":\"Reial Acad\u00e8mia Europea de Doctors\",\"description\":\"Corporaci\u00f3n de derecho p\u00fablico de car\u00e1cter cient\u00edfico, t\u00e9cnico y art\u00edstico, que tiene por objeto la investigaci\u00f3n, el estudio, el fomento y la extensi\u00f3n del conocimiento en su sentido m\u00e1s amplio\",\"publisher\":{\"@id\":\"https:\\\/\\\/raed.academy\\\/ca\\\/#organization\"},\"potentialAction\":[{\"@type\":\"SearchAction\",\"target\":{\"@type\":\"EntryPoint\",\"urlTemplate\":\"https:\\\/\\\/raed.academy\\\/ca\\\/?s={search_term_string}\"},\"query-input\":{\"@type\":\"PropertyValueSpecification\",\"valueRequired\":true,\"valueName\":\"search_term_string\"}}],\"inLanguage\":\"ca-ES\"},{\"@type\":\"Organization\",\"@id\":\"https:\\\/\\\/raed.academy\\\/ca\\\/#organization\",\"name\":\"Real Academia Europea de Doctores\",\"url\":\"https:\\\/\\\/raed.academy\\\/ca\\\/\",\"logo\":{\"@type\":\"ImageObject\",\"inLanguage\":\"ca-ES\",\"@id\":\"https:\\\/\\\/raed.academy\\\/ca\\\/#\\\/schema\\\/logo\\\/image\\\/\",\"url\":\"https:\\\/\\\/raed.academy\\\/wp-content\\\/uploads\\\/2017\\\/01\\\/cropped-logo_raed.png\",\"contentUrl\":\"https:\\\/\\\/raed.academy\\\/wp-content\\\/uploads\\\/2017\\\/01\\\/cropped-logo_raed.png\",\"width\":512,\"height\":512,\"caption\":\"Real Academia Europea de Doctores\"},\"image\":{\"@id\":\"https:\\\/\\\/raed.academy\\\/ca\\\/#\\\/schema\\\/logo\\\/image\\\/\"},\"sameAs\":[\"http:\\\/\\\/fb.me\\\/raed.academy\",\"https:\\\/\\\/x.com\\\/raedacademy\",\"https:\\\/\\\/www.instagram.com\\\/raed.academy\\\/\",\"https:\\\/\\\/www.youtube.com\\\/channel\\\/UCUYQwW2KrdirNWihxMDObwg\"]},{\"@type\":\"Person\",\"@id\":\"https:\\\/\\\/raed.academy\\\/ca\\\/#\\\/schema\\\/person\\\/5a755da80d1d979fd66ba745c8702927\",\"name\":\"RAED\",\"image\":{\"@type\":\"ImageObject\",\"inLanguage\":\"ca-ES\",\"@id\":\"https:\\\/\\\/secure.gravatar.com\\\/avatar\\\/19fdfdc0d67fb9c45714b703a2ac82251c4fcea3637f002ac3c9b74c0183583c?s=96&d=mm&r=g\",\"url\":\"https:\\\/\\\/secure.gravatar.com\\\/avatar\\\/19fdfdc0d67fb9c45714b703a2ac82251c4fcea3637f002ac3c9b74c0183583c?s=96&d=mm&r=g\",\"contentUrl\":\"https:\\\/\\\/secure.gravatar.com\\\/avatar\\\/19fdfdc0d67fb9c45714b703a2ac82251c4fcea3637f002ac3c9b74c0183583c?s=96&d=mm&r=g\",\"caption\":\"RAED\"}}]}<\/script>\n<!-- \/ Yoast SEO plugin. -->","yoast_head_json":{"title":"C\u00e0ncer i Covid - Reial Acad\u00e8mia Europea de Doctors","description":"L'actual crisi provocada per la Covid-19 dificulta encara m\u00e9s el tractament del c\u00e0ncer en persones que passen per dificultats econ\u00f2miques","robots":{"index":"index","follow":"follow","max-snippet":"max-snippet:-1","max-image-preview":"max-image-preview:large","max-video-preview":"max-video-preview:-1"},"canonical":"https:\/\/raed.academy\/ca\/cancer-i-covid-laureano-molins\/","og_locale":"ca_ES","og_type":"article","og_title":"C\u00e0ncer i Covid - Reial Acad\u00e8mia Europea de Doctors","og_description":"L'actual crisi provocada per la Covid-19 dificulta encara m\u00e9s el tractament del c\u00e0ncer en persones que passen per dificultats econ\u00f2miques","og_url":"https:\/\/raed.academy\/ca\/cancer-i-covid-laureano-molins\/","og_site_name":"Reial Acad\u00e8mia Europea de Doctors","article_publisher":"http:\/\/fb.me\/raed.academy","article_published_time":"2020-04-30T06:38:49+00:00","article_modified_time":"2020-05-01T19:10:20+00:00","og_image":[{"width":1000,"height":420,"url":"https:\/\/raed.academy\/wp-content\/uploads\/2020\/04\/Cancer-y-Covid-19-dstNItc.jpg","type":"image\/jpeg"}],"author":"RAED","twitter_card":"summary_large_image","twitter_creator":"@raedacademy","twitter_site":"@raedacademy","twitter_misc":{"Written by":"RAED","Est. reading time":"2 minutes"},"schema":{"@context":"https:\/\/schema.org","@graph":[{"@type":"Article","@id":"https:\/\/raed.academy\/ca\/cancer-i-covid-laureano-molins\/#article","isPartOf":{"@id":"https:\/\/raed.academy\/ca\/cancer-i-covid-laureano-molins\/"},"author":{"name":"RAED","@id":"https:\/\/raed.academy\/ca\/#\/schema\/person\/5a755da80d1d979fd66ba745c8702927"},"headline":"C\u00e0ncer i Covid","datePublished":"2020-04-30T06:38:49+00:00","dateModified":"2020-05-01T19:10:20+00:00","mainEntityOfPage":{"@id":"https:\/\/raed.academy\/ca\/cancer-i-covid-laureano-molins\/"},"wordCount":326,"publisher":{"@id":"https:\/\/raed.academy\/ca\/#organization"},"image":{"@id":"https:\/\/raed.academy\/ca\/cancer-i-covid-laureano-molins\/#primaryimage"},"thumbnailUrl":"https:\/\/raed.academy\/wp-content\/uploads\/2020\/04\/Cancer-y-Covid-19-dstNItc.jpg","articleSection":["Coronavirus des del coneixement","Salut"],"inLanguage":"ca-ES"},{"@type":"WebPage","@id":"https:\/\/raed.academy\/ca\/cancer-i-covid-laureano-molins\/","url":"https:\/\/raed.academy\/ca\/cancer-i-covid-laureano-molins\/","name":"C\u00e0ncer i Covid - Reial Acad\u00e8mia Europea de Doctors","isPartOf":{"@id":"https:\/\/raed.academy\/ca\/#website"},"primaryImageOfPage":{"@id":"https:\/\/raed.academy\/ca\/cancer-i-covid-laureano-molins\/#primaryimage"},"image":{"@id":"https:\/\/raed.academy\/ca\/cancer-i-covid-laureano-molins\/#primaryimage"},"thumbnailUrl":"https:\/\/raed.academy\/wp-content\/uploads\/2020\/04\/Cancer-y-Covid-19-dstNItc.jpg","datePublished":"2020-04-30T06:38:49+00:00","dateModified":"2020-05-01T19:10:20+00:00","description":"L'actual crisi provocada per la Covid-19 dificulta encara m\u00e9s el tractament del c\u00e0ncer en persones que passen per dificultats econ\u00f2miques","breadcrumb":{"@id":"https:\/\/raed.academy\/ca\/cancer-i-covid-laureano-molins\/#breadcrumb"},"inLanguage":"ca-ES","potentialAction":[{"@type":"ReadAction","target":["https:\/\/raed.academy\/ca\/cancer-i-covid-laureano-molins\/"]}]},{"@type":"ImageObject","inLanguage":"ca-ES","@id":"https:\/\/raed.academy\/ca\/cancer-i-covid-laureano-molins\/#primaryimage","url":"https:\/\/raed.academy\/wp-content\/uploads\/2020\/04\/Cancer-y-Covid-19-dstNItc.jpg","contentUrl":"https:\/\/raed.academy\/wp-content\/uploads\/2020\/04\/Cancer-y-Covid-19-dstNItc.jpg","width":1000,"height":420},{"@type":"BreadcrumbList","@id":"https:\/\/raed.academy\/ca\/cancer-i-covid-laureano-molins\/#breadcrumb","itemListElement":[{"@type":"ListItem","position":1,"name":"Inicio","item":"https:\/\/raed.academy\/ca\/"},{"@type":"ListItem","position":2,"name":"C\u00e0ncer i Covid"}]},{"@type":"WebSite","@id":"https:\/\/raed.academy\/ca\/#website","url":"https:\/\/raed.academy\/ca\/","name":"Reial Acad\u00e8mia Europea de Doctors","description":"Corporaci\u00f3n de derecho p\u00fablico de car\u00e1cter cient\u00edfico, t\u00e9cnico y art\u00edstico, que tiene por objeto la investigaci\u00f3n, el estudio, el fomento y la extensi\u00f3n del conocimiento en su sentido m\u00e1s amplio","publisher":{"@id":"https:\/\/raed.academy\/ca\/#organization"},"potentialAction":[{"@type":"SearchAction","target":{"@type":"EntryPoint","urlTemplate":"https:\/\/raed.academy\/ca\/?s={search_term_string}"},"query-input":{"@type":"PropertyValueSpecification","valueRequired":true,"valueName":"search_term_string"}}],"inLanguage":"ca-ES"},{"@type":"Organization","@id":"https:\/\/raed.academy\/ca\/#organization","name":"Real Academia Europea de Doctores","url":"https:\/\/raed.academy\/ca\/","logo":{"@type":"ImageObject","inLanguage":"ca-ES","@id":"https:\/\/raed.academy\/ca\/#\/schema\/logo\/image\/","url":"https:\/\/raed.academy\/wp-content\/uploads\/2017\/01\/cropped-logo_raed.png","contentUrl":"https:\/\/raed.academy\/wp-content\/uploads\/2017\/01\/cropped-logo_raed.png","width":512,"height":512,"caption":"Real Academia Europea de Doctores"},"image":{"@id":"https:\/\/raed.academy\/ca\/#\/schema\/logo\/image\/"},"sameAs":["http:\/\/fb.me\/raed.academy","https:\/\/x.com\/raedacademy","https:\/\/www.instagram.com\/raed.academy\/","https:\/\/www.youtube.com\/channel\/UCUYQwW2KrdirNWihxMDObwg"]},{"@type":"Person","@id":"https:\/\/raed.academy\/ca\/#\/schema\/person\/5a755da80d1d979fd66ba745c8702927","name":"RAED","image":{"@type":"ImageObject","inLanguage":"ca-ES","@id":"https:\/\/secure.gravatar.com\/avatar\/19fdfdc0d67fb9c45714b703a2ac82251c4fcea3637f002ac3c9b74c0183583c?s=96&d=mm&r=g","url":"https:\/\/secure.gravatar.com\/avatar\/19fdfdc0d67fb9c45714b703a2ac82251c4fcea3637f002ac3c9b74c0183583c?s=96&d=mm&r=g","contentUrl":"https:\/\/secure.gravatar.com\/avatar\/19fdfdc0d67fb9c45714b703a2ac82251c4fcea3637f002ac3c9b74c0183583c?s=96&d=mm&r=g","caption":"RAED"}}]}},"_links":{"self":[{"href":"https:\/\/raed.academy\/ca\/wp-json\/wp\/v2\/posts\/90107","targetHints":{"allow":["GET"]}}],"collection":[{"href":"https:\/\/raed.academy\/ca\/wp-json\/wp\/v2\/posts"}],"about":[{"href":"https:\/\/raed.academy\/ca\/wp-json\/wp\/v2\/types\/post"}],"author":[{"embeddable":true,"href":"https:\/\/raed.academy\/ca\/wp-json\/wp\/v2\/users\/12"}],"replies":[{"embeddable":true,"href":"https:\/\/raed.academy\/ca\/wp-json\/wp\/v2\/comments?post=90107"}],"version-history":[{"count":0,"href":"https:\/\/raed.academy\/ca\/wp-json\/wp\/v2\/posts\/90107\/revisions"}],"wp:featuredmedia":[{"embeddable":true,"href":"https:\/\/raed.academy\/ca\/wp-json\/wp\/v2\/media\/90057"}],"wp:attachment":[{"href":"https:\/\/raed.academy\/ca\/wp-json\/wp\/v2\/media?parent=90107"}],"wp:term":[{"taxonomy":"category","embeddable":true,"href":"https:\/\/raed.academy\/ca\/wp-json\/wp\/v2\/categories?post=90107"},{"taxonomy":"post_tag","embeddable":true,"href":"https:\/\/raed.academy\/ca\/wp-json\/wp\/v2\/tags?post=90107"}],"curies":[{"name":"wp","href":"https:\/\/api.w.org\/{rel}","templated":true}]}}