{"id":89886,"date":"2020-04-22T19:39:44","date_gmt":"2020-04-22T19:39:44","guid":{"rendered":"https:\/\/raed.academy\/?p=89886"},"modified":"2020-04-24T16:36:56","modified_gmt":"2020-04-24T16:36:56","slug":"xina-i-leconomia-global-davant-el-coronavirus","status":"publish","type":"post","link":"https:\/\/raed.academy\/ca\/xina-i-leconomia-global-davant-el-coronavirus\/","title":{"rendered":"Xina i l&#8217;economia global"},"content":{"rendered":"<p><a href=\"https:\/\/raed.academy\/ca\/academics\/dr-pedro-nueno-iniesta\/\" target=\"_blank\" rel=\"noopener noreferrer\"><em><strong>Pedro Nueno<\/strong><\/em><\/a><br \/>\n<em>Titular de la C\u00e0tedra Fundaci\u00f3 Bertran d&#8217;Iniciativa Empresarial de l&#8217;Escola de Negocis IESE, p<\/em><em>resident de l&#8217;Escola de Negocis Internacional Xina-Europa i a<\/em><em>cad\u00e8mic de n\u00famero de la Reial Acad\u00e8mia Europea de Doctors-Barcelona 1914 (RAED)<\/em><\/p>\n<p>Sumits en l&#8217;atac del coronavirus veiem que el seu impacte en l&#8217;economia espanyola (i en l&#8217;economia mundial) ser\u00e0 rellevant. Ens van dient quant caur\u00e0 el PIB i quant pujar\u00e0 el deute. La crisi que patim fa deu anys ens l&#8217;hav\u00edem buscat endeutant-nos molt m\u00e9s enll\u00e0 del que \u00e9s raonable. Per\u00f2 hem treballat b\u00e9 tota la d\u00e8cada i tot i que l&#8217;economia sempre t\u00e9 pujades i baixades, esper\u00e0vem un 2020 raonable i un 2021 bastant bo. Per\u00f2 el virus ens ha portat tota la incertesa imaginable. Als \u00faltims anys els empresaris passaven bastant de la pol\u00edtica. Per\u00f2 el virus est\u00e0 posant als governants i pol\u00edtics en els mitjans. Van sortint idees: que no hi hagi atur, que tothom tingui salaris raonables, que l&#8217;acc\u00e9s a la sanitat sigui possible per a tothom, per\u00f2 no ha sortit encara una forma de que tot aix\u00f2 quadri amb possibles ingressos per poder-lo pagar.<\/p>\n<p>L&#8217;\u00fanica soluci\u00f3 \u00e9s posar en marxa les empreses, per\u00f2 aix\u00f2 no \u00e9s f\u00e0cil perqu\u00e8 els mercats estan bastant parats a Europa i els Estats Units. Seguint unes quantes empreses sembla que les que estan internacionalitzades i s\u00f3n m\u00e9s innovadores resisteixen molt millor la situaci\u00f3. Afortunadament, si hi ha projecte (vendes) hi ha finan\u00e7ament. L&#8217;\u00fanica economia rellevant que sembla estar ja funcionant un altre cop \u00e9s la de la Xina, per\u00f2 les empreses d&#8217;all\u00e0 exportaven molt i ara aix\u00f2 s&#8217;ha frenat. Hi ha empreses xineses establertes a Europa, com <strong>Huawei<\/strong>, que amb la seva tecnologia avan\u00e7ada i la seva bona gesti\u00f3 contribueixen a facilitar la digitalitzaci\u00f3 de l&#8217;activitat de les empreses i les persones. Gr\u00e0cies a empreses com Huawei tenim una de les millors infraestructures per telecomunicarnos i teletreballar.<\/p>\n<p>L&#8217;economia xinesa seguir\u00e0 creixent i en els propers anys ser\u00e0 la primera economia del m\u00f3n. Aix\u00f2 no cau b\u00e9 als Estats Units i seria horrible per al seu president, <strong>Donald Trump<\/strong>, llegir a la premsa nord-americana el titular: &#8220;L&#8217;economia xinesa supera l&#8217;economia nord-americana&#8221;. Aix\u00f2 porta als Estats Units a buscar i de vegades a inventar o aplicar a totes les empreses xineses algun problema de mala gesti\u00f3 o de gesti\u00f3 fraudulenta. A la companyia Huawei, un dels l\u00edders mundials en digitalitzaci\u00f3, se la va acusar d&#8217;apropiar-se de forma indeguda d&#8217;informaci\u00f3 tecnol\u00f2gica d&#8217;empreses americanes i se li va impedir desenvolupar-se al mercat nord-americ\u00e0. No va ser el primer cas doncs fa ja m\u00e9s d&#8217;una d\u00e8cada a l&#8217;empresa xinesa <strong>Mindray<\/strong>, fabricant d&#8217;equips d&#8217;an\u00e0lisi m\u00e8dic, tamb\u00e9 se li va tancar la porta, tot i que Mindray va tenir l&#8217;habilitat de, amb gran discreci\u00f3, sortir a la borsa al <strong>Nasdaq<\/strong> , a Nova York. Aconseguit aix\u00f2 va ser molt dif\u00edcil seguir posant-li traves.<\/p>\n<p>La realitat \u00e9s que gaireb\u00e9 tots els pa\u00efsos del m\u00f3n han posat dificultats a la seva internacionalitzaci\u00f3, particularment a l&#8217;entrada d&#8217;empreses d&#8217;altres pa\u00efsos. No va ser tampoc f\u00e0cil per a algunes empreses pioneres aconseguir entrar al mercat xin\u00e8s. Per\u00f2 molts pa\u00efsos, sobretot els europeus, han superat el problema i reben b\u00e9 a les empreses xineses i les seves empreses s\u00f3n tamb\u00e9 ben rebudes all\u00e0. Huawei \u00e9s una empresa molt ben establerta a Espanya, hi ha inversi\u00f3 xinesa al port de Barcelona, \u200b\u200bi tenim establertes a Espanya empreses xineses en tots els sectors. Tamb\u00e9 tenim empreses espanyoles ben posicionades a la Xina. En un bon centre comercial a la Xina veurem una botiga de <strong>Zara<\/strong> (una marca de prestigi a la Xina), per\u00f2 el fabricant espanyol de components per al sector de l&#8217;autom\u00f2bil <strong>Gestamp<\/strong> ha establert 11 plantes a la Xina, un 10% de les seves plantes al m\u00f3n.<\/p>\n<p>Per sobreviure a llarg termini les empreses han de tenir pres\u00e8ncia rellevant en els grans mercats del m\u00f3n i aix\u00f2 implica el seu desenvolupament a Europa, a la Xina i als Estats Units, per\u00f2 a m\u00e9s, a mesura que avancem, Llatinoam\u00e8rica, \u00cdndia, \u00c0frica, guanyen import\u00e0ncia. La globalitzaci\u00f3 \u00e9s necess\u00e0ria. Per\u00f2 estudiant el problema durant anys arribes a la conclusi\u00f3 que &#8220;un bon model de negoci \u00e9s global&#8221;. A un alt directiu europeu, xin\u00e8s, afric\u00e0, nord-americ\u00e0 o brasiler li pot resultar atractiu conduir un <strong>Audi<\/strong> o un <strong>BMW<\/strong>. I no cal adaptar el cotxe a cada zona. El mateix passar\u00e0 amb un producte farmac\u00e8utic o amb una marca de prestigi com <strong>Chanel<\/strong>, per exemple.<\/p>\n<p>La tecnologia digital ha incrementat la velocitat de l&#8217;activitat empresarial. La informaci\u00f3 flueix amb m\u00e9s rapidesa, m\u00e9s qualitat i m\u00e9s quantitat. \u00c9s m\u00e9s f\u00e0cil con\u00e8ixer millor el mercat, en el qual estem o en els quals no hi som, el comportament dels clients, dels possibles prove\u00efdors, dels competidors. Una empresa que hagi assolit una dimensi\u00f3 global t\u00e9 m\u00e9s possibilitats de creixement i de lideratge competidor superiors a les d&#8217;altres empreses del seu sector que tenen la seva pres\u00e8ncia limitada geogr\u00e0fica i culturalment. Per\u00f2 com he esmentat, l&#8217;important \u00e9s el model de negoci, no el profund coneixement de la cultura d&#8217;un pa\u00eds.<\/p>\n<div id=\"attachment_89908\" style=\"width: 469px\" class=\"wp-caption alignleft\"><img loading=\"lazy\" decoding=\"async\" aria-describedby=\"caption-attachment-89908\" class=\"wp-image-89908\" src=\"https:\/\/raed.academy\/wp-content\/uploads\/2020\/04\/Pedro-Nueno-Iniesta.jpg\" alt=\"Dr. Pedro Nueno\" width=\"459\" height=\"306\" aria-describedby=\"caption-attachment-89908\" data-attachment-id=\"89908\" data-permalink=\"https:\/\/raed.academy\/china-y-la-economia-global-frente-al-coronavirus\/pedro-nueno-iniesta\/\" data-orig-file=\"https:\/\/raed.academy\/wp-content\/uploads\/2020\/04\/Pedro-Nueno-Iniesta.jpg\" data-orig-size=\"500,333\" data-comments-opened=\"1\" data-image-meta=\"{&quot;aperture&quot;:&quot;0&quot;,&quot;credit&quot;:&quot;&quot;,&quot;camera&quot;:&quot;&quot;,&quot;caption&quot;:&quot;&quot;,&quot;created_timestamp&quot;:&quot;0&quot;,&quot;copyright&quot;:&quot;&quot;,&quot;focal_length&quot;:&quot;0&quot;,&quot;iso&quot;:&quot;0&quot;,&quot;shutter_speed&quot;:&quot;0&quot;,&quot;title&quot;:&quot;&quot;,&quot;orientation&quot;:&quot;0&quot;}\" data-image-title=\"Dr. Pedro Nueno Iniesta\" data-image-description=\"\" data-medium-file=\"https:\/\/raed.academy\/wp-content\/uploads\/2020\/04\/Pedro-Nueno-Iniesta.jpg\" data-large-file=\"https:\/\/raed.academy\/wp-content\/uploads\/2020\/04\/Pedro-Nueno-Iniesta.jpg\" \/><p id=\"caption-attachment-89908\" class=\"wp-caption-text\">Dr. Pedro Nueno<\/p><\/div>\n<p>En el meu m\u00f3n de l&#8217;ensenyament en el camp de la direcci\u00f3 d&#8217;empreses he tingut l&#8217;honor d&#8217;haver estudiat a <strong>Harvard<\/strong> i despr\u00e9s haver treballat amb ells a tot el m\u00f3n, d&#8217;haver estat acceptat com a professor a l&#8217;<strong>IESE<\/strong> i d&#8217;haver col\u00b7laborat en el llan\u00e7ament d&#8217;escoles de direcci\u00f3 d&#8217;empreses a l&#8217;Argentina, Col\u00f2mbia, M\u00e8xic, Portugal, Europa de l&#8217;Est i sobretot a la Xina. El model que jo vaig aprendre a la <strong>Harvard Business School<\/strong> \u00e9s el mateix que he aplicat en el llan\u00e7ament i desenvolupament d&#8217;altres escoles al m\u00f3n i ha funcionat correctament. A m\u00e9s, alg\u00fa que sigui un professor excel\u00b7lent a l&#8217;<strong>IAE<\/strong> a Argentina, a<strong> IPADE<\/strong> a M\u00e8xic, ho ser\u00e0 tamb\u00e9 al <strong>CEIBS<\/strong> a la Xina (si parla b\u00e9 angl\u00e8s o millor encara si parla angl\u00e8s i xin\u00e8s). Per\u00f2 no ser\u00e0 necessari per a aconseguir aquest \u00e8xit con\u00e8ixer la hist\u00f2ria o la cultura xinesa. L&#8217;\u00e8xit empresarial dep\u00e8n del futur, no del passat, i d&#8217;encertar amb el que voldran aquests clients cada vegada m\u00e9s semblants a tot el m\u00f3n.<\/p>\n<p>Un company del meu doctorat a Harvard que despr\u00e9s seria un prestigi\u00f3s professor al INSEAD a Europa, <strong>Charles Waldman<\/strong>, tenia una classe en la qual explicava que la millor manera d&#8217;entendre el mercat d&#8217;un pa\u00eds era visitar en ell un centre comercial. I explicava en quines coses calia fixar-se. Naturalment, fa 20 anys un centre comercial no era el mateix a Europa que als Estats Units, i a la Xina, per exemple, hi havia pocs centres comercials i eren molt diferents als que veiem avui. Actualment, el que ens demostraria el model de Charles Waldman seria la gran semblan\u00e7a entre un centre comercial a Boston, a Barcelona i a Xangai. Hi ha moltes botigues i, sobretot, molt\u00edssimes marques que les trobar\u00edem en tots els centres comercials, per\u00f2, a m\u00e9s, si anem passant per all\u00e0 durant anys, veurem com algunes botigues locals van desapareixent. Pensem en un bon model de negoci global i sobretot en augmentar la nostra velocitat. Innovar cont\u00ednuament, facilitant als nostres clients millorar els seus productes o els seus serveis i buscant m\u00e9s efici\u00e8ncia i bons costos. Recordem que les persones s\u00f3n la clau i que amb formaci\u00f3 i escoltant podem entusiasmar-les.<\/p>\n","protected":false},"excerpt":{"rendered":"<p>Pedro Nueno Titular de la C\u00e0tedra Fundaci\u00f3 Bertran d&#8217;Iniciativa Empresarial de l&#8217;Escola de Negocis IESE, president de l&#8217;Escola de Negocis Internacional Xina-Europa i acad\u00e8mic de n\u00famero de la Reial Acad\u00e8mia Europea de Doctors-Barcelona 1914 (RAED) Sumits en l&#8217;atac del coronavirus veiem que el seu impacte en l&#8217;economia espanyola (i en l&#8217;economia mundial) ser\u00e0 rellevant. Ens [&hellip;]<\/p>\n","protected":false},"author":12,"featured_media":89906,"comment_status":"open","ping_status":"closed","sticky":false,"template":"","format":"standard","meta":{"_et_pb_use_builder":"","_et_pb_old_content":"","_et_gb_content_width":"","footnotes":""},"categories":[268,274],"tags":[],"class_list":["post-89886","post","type-post","status-publish","format-standard","has-post-thumbnail","hentry","category-coronavirus-des-del-coneixement","category-economia-i-politica","et-has-post-format-content","et_post_format-et-post-format-standard"],"yoast_head":"<!-- This site is optimized with the Yoast SEO plugin v27.4 - https:\/\/yoast.com\/product\/yoast-seo-wordpress\/ -->\n<title>Xina i l&#039;economia global davant el coronavirus - Reial Acad\u00e8mia Europea de Doctors<\/title>\n<meta name=\"description\" content=\"&quot;Un bon model de negoci \u00e9s global&quot;. Les empreses internacionalitzades i m\u00e9s innovadores resistiran molt millor la situaci\u00f3.\" \/>\n<meta name=\"robots\" content=\"index, follow, max-snippet:-1, max-image-preview:large, max-video-preview:-1\" \/>\n<link rel=\"canonical\" href=\"https:\/\/raed.academy\/ca\/xina-i-leconomia-global-davant-el-coronavirus\/\" \/>\n<meta property=\"og:locale\" content=\"ca_ES\" \/>\n<meta property=\"og:type\" content=\"article\" \/>\n<meta property=\"og:title\" content=\"Xina i l&#039;economia global davant el coronavirus - Reial Acad\u00e8mia Europea de Doctors\" \/>\n<meta property=\"og:description\" content=\"&quot;Un bon model de negoci \u00e9s global&quot;. Les empreses internacionalitzades i m\u00e9s innovadores resistiran molt millor la situaci\u00f3.\" \/>\n<meta property=\"og:url\" content=\"https:\/\/raed.academy\/ca\/xina-i-leconomia-global-davant-el-coronavirus\/\" \/>\n<meta property=\"og:site_name\" content=\"Reial Acad\u00e8mia Europea de Doctors\" \/>\n<meta property=\"article:publisher\" content=\"http:\/\/fb.me\/raed.academy\" \/>\n<meta property=\"article:published_time\" content=\"2020-04-22T19:39:44+00:00\" \/>\n<meta property=\"article:modified_time\" content=\"2020-04-24T16:36:56+00:00\" \/>\n<meta property=\"og:image\" content=\"https:\/\/raed.academy\/wp-content\/uploads\/2020\/04\/China-dstNtc.jpg\" \/>\n\t<meta property=\"og:image:width\" content=\"1000\" \/>\n\t<meta property=\"og:image:height\" content=\"420\" \/>\n\t<meta property=\"og:image:type\" content=\"image\/jpeg\" \/>\n<meta name=\"author\" content=\"RAED\" \/>\n<meta name=\"twitter:card\" content=\"summary_large_image\" \/>\n<meta name=\"twitter:creator\" content=\"@raedacademy\" \/>\n<meta name=\"twitter:site\" content=\"@raedacademy\" \/>\n<meta name=\"twitter:label1\" content=\"Written by\" \/>\n\t<meta name=\"twitter:data1\" content=\"RAED\" \/>\n\t<meta name=\"twitter:label2\" content=\"Est. reading time\" \/>\n\t<meta name=\"twitter:data2\" content=\"6 minutes\" \/>\n<script type=\"application\/ld+json\" class=\"yoast-schema-graph\">{\"@context\":\"https:\\\/\\\/schema.org\",\"@graph\":[{\"@type\":\"Article\",\"@id\":\"https:\\\/\\\/raed.academy\\\/ca\\\/xina-i-leconomia-global-davant-el-coronavirus\\\/#article\",\"isPartOf\":{\"@id\":\"https:\\\/\\\/raed.academy\\\/ca\\\/xina-i-leconomia-global-davant-el-coronavirus\\\/\"},\"author\":{\"name\":\"RAED\",\"@id\":\"https:\\\/\\\/raed.academy\\\/ca\\\/#\\\/schema\\\/person\\\/5a755da80d1d979fd66ba745c8702927\"},\"headline\":\"Xina i l&#8217;economia global\",\"datePublished\":\"2020-04-22T19:39:44+00:00\",\"dateModified\":\"2020-04-24T16:36:56+00:00\",\"mainEntityOfPage\":{\"@id\":\"https:\\\/\\\/raed.academy\\\/ca\\\/xina-i-leconomia-global-davant-el-coronavirus\\\/\"},\"wordCount\":1337,\"commentCount\":0,\"publisher\":{\"@id\":\"https:\\\/\\\/raed.academy\\\/ca\\\/#organization\"},\"image\":{\"@id\":\"https:\\\/\\\/raed.academy\\\/ca\\\/xina-i-leconomia-global-davant-el-coronavirus\\\/#primaryimage\"},\"thumbnailUrl\":\"https:\\\/\\\/raed.academy\\\/wp-content\\\/uploads\\\/2020\\\/04\\\/China-dstNtc.jpg\",\"articleSection\":[\"Coronavirus des del coneixement\",\"Economia i pol\u00edtica\"],\"inLanguage\":\"ca-ES\",\"potentialAction\":[{\"@type\":\"CommentAction\",\"name\":\"Comment\",\"target\":[\"https:\\\/\\\/raed.academy\\\/ca\\\/xina-i-leconomia-global-davant-el-coronavirus\\\/#respond\"]}]},{\"@type\":\"WebPage\",\"@id\":\"https:\\\/\\\/raed.academy\\\/ca\\\/xina-i-leconomia-global-davant-el-coronavirus\\\/\",\"url\":\"https:\\\/\\\/raed.academy\\\/ca\\\/xina-i-leconomia-global-davant-el-coronavirus\\\/\",\"name\":\"Xina i l'economia global davant el coronavirus - Reial Acad\u00e8mia Europea de Doctors\",\"isPartOf\":{\"@id\":\"https:\\\/\\\/raed.academy\\\/ca\\\/#website\"},\"primaryImageOfPage\":{\"@id\":\"https:\\\/\\\/raed.academy\\\/ca\\\/xina-i-leconomia-global-davant-el-coronavirus\\\/#primaryimage\"},\"image\":{\"@id\":\"https:\\\/\\\/raed.academy\\\/ca\\\/xina-i-leconomia-global-davant-el-coronavirus\\\/#primaryimage\"},\"thumbnailUrl\":\"https:\\\/\\\/raed.academy\\\/wp-content\\\/uploads\\\/2020\\\/04\\\/China-dstNtc.jpg\",\"datePublished\":\"2020-04-22T19:39:44+00:00\",\"dateModified\":\"2020-04-24T16:36:56+00:00\",\"description\":\"\\\"Un bon model de negoci \u00e9s global\\\". Les empreses internacionalitzades i m\u00e9s innovadores resistiran molt millor la situaci\u00f3.\",\"breadcrumb\":{\"@id\":\"https:\\\/\\\/raed.academy\\\/ca\\\/xina-i-leconomia-global-davant-el-coronavirus\\\/#breadcrumb\"},\"inLanguage\":\"ca-ES\",\"potentialAction\":[{\"@type\":\"ReadAction\",\"target\":[\"https:\\\/\\\/raed.academy\\\/ca\\\/xina-i-leconomia-global-davant-el-coronavirus\\\/\"]}]},{\"@type\":\"ImageObject\",\"inLanguage\":\"ca-ES\",\"@id\":\"https:\\\/\\\/raed.academy\\\/ca\\\/xina-i-leconomia-global-davant-el-coronavirus\\\/#primaryimage\",\"url\":\"https:\\\/\\\/raed.academy\\\/wp-content\\\/uploads\\\/2020\\\/04\\\/China-dstNtc.jpg\",\"contentUrl\":\"https:\\\/\\\/raed.academy\\\/wp-content\\\/uploads\\\/2020\\\/04\\\/China-dstNtc.jpg\",\"width\":1000,\"height\":420},{\"@type\":\"BreadcrumbList\",\"@id\":\"https:\\\/\\\/raed.academy\\\/ca\\\/xina-i-leconomia-global-davant-el-coronavirus\\\/#breadcrumb\",\"itemListElement\":[{\"@type\":\"ListItem\",\"position\":1,\"name\":\"Inicio\",\"item\":\"https:\\\/\\\/raed.academy\\\/ca\\\/\"},{\"@type\":\"ListItem\",\"position\":2,\"name\":\"Xina i l&#8217;economia global\"}]},{\"@type\":\"WebSite\",\"@id\":\"https:\\\/\\\/raed.academy\\\/ca\\\/#website\",\"url\":\"https:\\\/\\\/raed.academy\\\/ca\\\/\",\"name\":\"Reial Acad\u00e8mia Europea de Doctors\",\"description\":\"Corporaci\u00f3n de derecho p\u00fablico de car\u00e1cter cient\u00edfico, t\u00e9cnico y art\u00edstico, que tiene por objeto la investigaci\u00f3n, el estudio, el fomento y la extensi\u00f3n del conocimiento en su sentido m\u00e1s amplio\",\"publisher\":{\"@id\":\"https:\\\/\\\/raed.academy\\\/ca\\\/#organization\"},\"potentialAction\":[{\"@type\":\"SearchAction\",\"target\":{\"@type\":\"EntryPoint\",\"urlTemplate\":\"https:\\\/\\\/raed.academy\\\/ca\\\/?s={search_term_string}\"},\"query-input\":{\"@type\":\"PropertyValueSpecification\",\"valueRequired\":true,\"valueName\":\"search_term_string\"}}],\"inLanguage\":\"ca-ES\"},{\"@type\":\"Organization\",\"@id\":\"https:\\\/\\\/raed.academy\\\/ca\\\/#organization\",\"name\":\"Real Academia Europea de Doctores\",\"url\":\"https:\\\/\\\/raed.academy\\\/ca\\\/\",\"logo\":{\"@type\":\"ImageObject\",\"inLanguage\":\"ca-ES\",\"@id\":\"https:\\\/\\\/raed.academy\\\/ca\\\/#\\\/schema\\\/logo\\\/image\\\/\",\"url\":\"https:\\\/\\\/raed.academy\\\/wp-content\\\/uploads\\\/2017\\\/01\\\/cropped-logo_raed.png\",\"contentUrl\":\"https:\\\/\\\/raed.academy\\\/wp-content\\\/uploads\\\/2017\\\/01\\\/cropped-logo_raed.png\",\"width\":512,\"height\":512,\"caption\":\"Real Academia Europea de Doctores\"},\"image\":{\"@id\":\"https:\\\/\\\/raed.academy\\\/ca\\\/#\\\/schema\\\/logo\\\/image\\\/\"},\"sameAs\":[\"http:\\\/\\\/fb.me\\\/raed.academy\",\"https:\\\/\\\/x.com\\\/raedacademy\",\"https:\\\/\\\/www.instagram.com\\\/raed.academy\\\/\",\"https:\\\/\\\/www.youtube.com\\\/channel\\\/UCUYQwW2KrdirNWihxMDObwg\"]},{\"@type\":\"Person\",\"@id\":\"https:\\\/\\\/raed.academy\\\/ca\\\/#\\\/schema\\\/person\\\/5a755da80d1d979fd66ba745c8702927\",\"name\":\"RAED\",\"image\":{\"@type\":\"ImageObject\",\"inLanguage\":\"ca-ES\",\"@id\":\"https:\\\/\\\/secure.gravatar.com\\\/avatar\\\/19fdfdc0d67fb9c45714b703a2ac82251c4fcea3637f002ac3c9b74c0183583c?s=96&d=mm&r=g\",\"url\":\"https:\\\/\\\/secure.gravatar.com\\\/avatar\\\/19fdfdc0d67fb9c45714b703a2ac82251c4fcea3637f002ac3c9b74c0183583c?s=96&d=mm&r=g\",\"contentUrl\":\"https:\\\/\\\/secure.gravatar.com\\\/avatar\\\/19fdfdc0d67fb9c45714b703a2ac82251c4fcea3637f002ac3c9b74c0183583c?s=96&d=mm&r=g\",\"caption\":\"RAED\"}}]}<\/script>\n<!-- \/ Yoast SEO plugin. -->","yoast_head_json":{"title":"Xina i l'economia global davant el coronavirus - Reial Acad\u00e8mia Europea de Doctors","description":"\"Un bon model de negoci \u00e9s global\". Les empreses internacionalitzades i m\u00e9s innovadores resistiran molt millor la situaci\u00f3.","robots":{"index":"index","follow":"follow","max-snippet":"max-snippet:-1","max-image-preview":"max-image-preview:large","max-video-preview":"max-video-preview:-1"},"canonical":"https:\/\/raed.academy\/ca\/xina-i-leconomia-global-davant-el-coronavirus\/","og_locale":"ca_ES","og_type":"article","og_title":"Xina i l'economia global davant el coronavirus - Reial Acad\u00e8mia Europea de Doctors","og_description":"\"Un bon model de negoci \u00e9s global\". Les empreses internacionalitzades i m\u00e9s innovadores resistiran molt millor la situaci\u00f3.","og_url":"https:\/\/raed.academy\/ca\/xina-i-leconomia-global-davant-el-coronavirus\/","og_site_name":"Reial Acad\u00e8mia Europea de Doctors","article_publisher":"http:\/\/fb.me\/raed.academy","article_published_time":"2020-04-22T19:39:44+00:00","article_modified_time":"2020-04-24T16:36:56+00:00","og_image":[{"width":1000,"height":420,"url":"https:\/\/raed.academy\/wp-content\/uploads\/2020\/04\/China-dstNtc.jpg","type":"image\/jpeg"}],"author":"RAED","twitter_card":"summary_large_image","twitter_creator":"@raedacademy","twitter_site":"@raedacademy","twitter_misc":{"Written by":"RAED","Est. reading time":"6 minutes"},"schema":{"@context":"https:\/\/schema.org","@graph":[{"@type":"Article","@id":"https:\/\/raed.academy\/ca\/xina-i-leconomia-global-davant-el-coronavirus\/#article","isPartOf":{"@id":"https:\/\/raed.academy\/ca\/xina-i-leconomia-global-davant-el-coronavirus\/"},"author":{"name":"RAED","@id":"https:\/\/raed.academy\/ca\/#\/schema\/person\/5a755da80d1d979fd66ba745c8702927"},"headline":"Xina i l&#8217;economia global","datePublished":"2020-04-22T19:39:44+00:00","dateModified":"2020-04-24T16:36:56+00:00","mainEntityOfPage":{"@id":"https:\/\/raed.academy\/ca\/xina-i-leconomia-global-davant-el-coronavirus\/"},"wordCount":1337,"commentCount":0,"publisher":{"@id":"https:\/\/raed.academy\/ca\/#organization"},"image":{"@id":"https:\/\/raed.academy\/ca\/xina-i-leconomia-global-davant-el-coronavirus\/#primaryimage"},"thumbnailUrl":"https:\/\/raed.academy\/wp-content\/uploads\/2020\/04\/China-dstNtc.jpg","articleSection":["Coronavirus des del coneixement","Economia i pol\u00edtica"],"inLanguage":"ca-ES","potentialAction":[{"@type":"CommentAction","name":"Comment","target":["https:\/\/raed.academy\/ca\/xina-i-leconomia-global-davant-el-coronavirus\/#respond"]}]},{"@type":"WebPage","@id":"https:\/\/raed.academy\/ca\/xina-i-leconomia-global-davant-el-coronavirus\/","url":"https:\/\/raed.academy\/ca\/xina-i-leconomia-global-davant-el-coronavirus\/","name":"Xina i l'economia global davant el coronavirus - Reial Acad\u00e8mia Europea de Doctors","isPartOf":{"@id":"https:\/\/raed.academy\/ca\/#website"},"primaryImageOfPage":{"@id":"https:\/\/raed.academy\/ca\/xina-i-leconomia-global-davant-el-coronavirus\/#primaryimage"},"image":{"@id":"https:\/\/raed.academy\/ca\/xina-i-leconomia-global-davant-el-coronavirus\/#primaryimage"},"thumbnailUrl":"https:\/\/raed.academy\/wp-content\/uploads\/2020\/04\/China-dstNtc.jpg","datePublished":"2020-04-22T19:39:44+00:00","dateModified":"2020-04-24T16:36:56+00:00","description":"\"Un bon model de negoci \u00e9s global\". Les empreses internacionalitzades i m\u00e9s innovadores resistiran molt millor la situaci\u00f3.","breadcrumb":{"@id":"https:\/\/raed.academy\/ca\/xina-i-leconomia-global-davant-el-coronavirus\/#breadcrumb"},"inLanguage":"ca-ES","potentialAction":[{"@type":"ReadAction","target":["https:\/\/raed.academy\/ca\/xina-i-leconomia-global-davant-el-coronavirus\/"]}]},{"@type":"ImageObject","inLanguage":"ca-ES","@id":"https:\/\/raed.academy\/ca\/xina-i-leconomia-global-davant-el-coronavirus\/#primaryimage","url":"https:\/\/raed.academy\/wp-content\/uploads\/2020\/04\/China-dstNtc.jpg","contentUrl":"https:\/\/raed.academy\/wp-content\/uploads\/2020\/04\/China-dstNtc.jpg","width":1000,"height":420},{"@type":"BreadcrumbList","@id":"https:\/\/raed.academy\/ca\/xina-i-leconomia-global-davant-el-coronavirus\/#breadcrumb","itemListElement":[{"@type":"ListItem","position":1,"name":"Inicio","item":"https:\/\/raed.academy\/ca\/"},{"@type":"ListItem","position":2,"name":"Xina i l&#8217;economia global"}]},{"@type":"WebSite","@id":"https:\/\/raed.academy\/ca\/#website","url":"https:\/\/raed.academy\/ca\/","name":"Reial Acad\u00e8mia Europea de Doctors","description":"Corporaci\u00f3n de derecho p\u00fablico de car\u00e1cter cient\u00edfico, t\u00e9cnico y art\u00edstico, que tiene por objeto la investigaci\u00f3n, el estudio, el fomento y la extensi\u00f3n del conocimiento en su sentido m\u00e1s amplio","publisher":{"@id":"https:\/\/raed.academy\/ca\/#organization"},"potentialAction":[{"@type":"SearchAction","target":{"@type":"EntryPoint","urlTemplate":"https:\/\/raed.academy\/ca\/?s={search_term_string}"},"query-input":{"@type":"PropertyValueSpecification","valueRequired":true,"valueName":"search_term_string"}}],"inLanguage":"ca-ES"},{"@type":"Organization","@id":"https:\/\/raed.academy\/ca\/#organization","name":"Real Academia Europea de Doctores","url":"https:\/\/raed.academy\/ca\/","logo":{"@type":"ImageObject","inLanguage":"ca-ES","@id":"https:\/\/raed.academy\/ca\/#\/schema\/logo\/image\/","url":"https:\/\/raed.academy\/wp-content\/uploads\/2017\/01\/cropped-logo_raed.png","contentUrl":"https:\/\/raed.academy\/wp-content\/uploads\/2017\/01\/cropped-logo_raed.png","width":512,"height":512,"caption":"Real Academia Europea de Doctores"},"image":{"@id":"https:\/\/raed.academy\/ca\/#\/schema\/logo\/image\/"},"sameAs":["http:\/\/fb.me\/raed.academy","https:\/\/x.com\/raedacademy","https:\/\/www.instagram.com\/raed.academy\/","https:\/\/www.youtube.com\/channel\/UCUYQwW2KrdirNWihxMDObwg"]},{"@type":"Person","@id":"https:\/\/raed.academy\/ca\/#\/schema\/person\/5a755da80d1d979fd66ba745c8702927","name":"RAED","image":{"@type":"ImageObject","inLanguage":"ca-ES","@id":"https:\/\/secure.gravatar.com\/avatar\/19fdfdc0d67fb9c45714b703a2ac82251c4fcea3637f002ac3c9b74c0183583c?s=96&d=mm&r=g","url":"https:\/\/secure.gravatar.com\/avatar\/19fdfdc0d67fb9c45714b703a2ac82251c4fcea3637f002ac3c9b74c0183583c?s=96&d=mm&r=g","contentUrl":"https:\/\/secure.gravatar.com\/avatar\/19fdfdc0d67fb9c45714b703a2ac82251c4fcea3637f002ac3c9b74c0183583c?s=96&d=mm&r=g","caption":"RAED"}}]}},"_links":{"self":[{"href":"https:\/\/raed.academy\/ca\/wp-json\/wp\/v2\/posts\/89886","targetHints":{"allow":["GET"]}}],"collection":[{"href":"https:\/\/raed.academy\/ca\/wp-json\/wp\/v2\/posts"}],"about":[{"href":"https:\/\/raed.academy\/ca\/wp-json\/wp\/v2\/types\/post"}],"author":[{"embeddable":true,"href":"https:\/\/raed.academy\/ca\/wp-json\/wp\/v2\/users\/12"}],"replies":[{"embeddable":true,"href":"https:\/\/raed.academy\/ca\/wp-json\/wp\/v2\/comments?post=89886"}],"version-history":[{"count":0,"href":"https:\/\/raed.academy\/ca\/wp-json\/wp\/v2\/posts\/89886\/revisions"}],"wp:featuredmedia":[{"embeddable":true,"href":"https:\/\/raed.academy\/ca\/wp-json\/wp\/v2\/media\/89906"}],"wp:attachment":[{"href":"https:\/\/raed.academy\/ca\/wp-json\/wp\/v2\/media?parent=89886"}],"wp:term":[{"taxonomy":"category","embeddable":true,"href":"https:\/\/raed.academy\/ca\/wp-json\/wp\/v2\/categories?post=89886"},{"taxonomy":"post_tag","embeddable":true,"href":"https:\/\/raed.academy\/ca\/wp-json\/wp\/v2\/tags?post=89886"}],"curies":[{"name":"wp","href":"https:\/\/api.w.org\/{rel}","templated":true}]}}