{"id":89449,"date":"2020-04-07T22:55:21","date_gmt":"2020-04-07T22:55:21","guid":{"rendered":"https:\/\/raed.academy\/?p=89449"},"modified":"2020-04-09T18:48:14","modified_gmt":"2020-04-09T18:48:14","slug":"economia-i-coronavirus-jose-maria-gay-de-liebana","status":"publish","type":"post","link":"https:\/\/raed.academy\/ca\/economia-i-coronavirus-jose-maria-gay-de-liebana\/","title":{"rendered":"Economia i coronavirus"},"content":{"rendered":"<p><a href=\"https:\/\/raed.academy\/academicos\/dr-jose-maria-gay-de-liebana-saludas\/\" target=\"_blank\" rel=\"noopener noreferrer\"><em><strong>Jos\u00e9 M\u00aa Gay de Li\u00e9bana<\/strong><\/em><\/a><br \/>\n<em>Professor de la Facultat d&#8217;Economia i Empresa de la Universitat de Barcelona<\/em><br \/>\n<em>Acad\u00e8mic de n\u00famero de la Reial Acad\u00e8mia Europea de Doctors-Barcelona 1914 (RAED)<\/em><\/p>\n<h3>Condemnats per deficitaris<\/h3>\n<p>Que Europa no es fia de nosaltres est\u00e0 m\u00e9s clar que l&#8217;aigua. El primer ministre holand\u00e8s, <strong>Mark Rutte<\/strong>, al cas del pla <strong>&#8220;Sure&#8221;<\/strong> d&#8217;<strong>Ursula von der Leyen<\/strong>, aquest que ajuda a l&#8217;ocupaci\u00f3 a Espanya i It\u00e0lia, proposa fer un regal, sota el t\u00edtol de <strong>&#8220;Fons de Coronavirus&#8221;<\/strong>, a Espanya i It\u00e0lia, de 10.000 a 20.000 milions d&#8217;euros i prou, sense devoluci\u00f3, per\u00f2 de mutualitzar deute amb espanyols i italians, res.<\/p>\n<p>El dubte \u00e9s qu\u00e8 pot fer Europa per ajudar Espanya i It\u00e0lia que no sigui en forma de rescat. La dimensi\u00f3 del d\u00e8ficit p\u00fablic d&#8217;Espanya el 2019, 32.905.000 d&#8217;euros, uns 3.000 milions m\u00e9s que el 2018, \u00e9s de traca.<\/p>\n<p>Amb aquesta credencial, poc recorregut fiable tenim davant Brussel\u00b7les. Els nostres ajuntaments han complert, com cada any, amb el comprom\u00eds pressupostari, amb un super\u00e0vit de 3.839.000 d&#8217;euros. Les comunitats aut\u00f2nomes doblen el d\u00e8ficit de 2018 fins a 6.795 milions. L&#8217;Administraci\u00f3 central salda els seus comptes amb d\u00e8ficit en 13.896.000. I la Seguretat Social -clot de les nostres comptes- va perdre el 2019 ni m\u00e9s ni menys que 16.052.000 d&#8217;euros.<\/p>\n<p>Europa veu com des del 2008 fins avui, ininterrompudament, Espanya ha vomitat d\u00e8ficit p\u00fablic fins a totalitzar m\u00e9s de 820.933.000 d&#8217;euros, com el seu deute p\u00fablic a l&#8217;efecte del protocol de d\u00e8ficit excessiu ha crescut en m\u00e9s de 804.000 milions i com els passius en circulaci\u00f3 de les Administracions P\u00fabliques s&#8217;han disparat del 2008 fins avui ni m\u00e9s ni menys que 1.276.700 milions d&#8217;euros, m\u00e9s que el producte interior brut d&#8217;Espanya al 2019 que va ascendir a 1.245.331 milions. Amb aquesta carta de presentaci\u00f3, quina solv\u00e8ncia, fiabilitat i garanties ofereix Espanya a ulls d&#8217;Europa per mutualitzar deute? Els falcons del nord d&#8217;Europa, guardians del sacrosant super\u00e0vit pressupostari, veuen que deixar diners a Espanya seria deute perpetu i sense capacitat de devoluci\u00f3, \u00e9s a dir diners a fons perdut.<\/p>\n<h3>Recessi\u00f3 o depressi\u00f3?<\/h3>\n<p>Sense respostes solvents per part de les nostres autoritats, l&#8217;economia espanyola es debat davant un dilema: recessi\u00f3, m\u00e9s o menys profunda, o depressi\u00f3, amb la qual cosa la cosa seria molt m\u00e9s seriosa. La recessi\u00f3 es concreta en la disminuci\u00f3 de l&#8217;activitat econ\u00f2mica, per tant, comercial i industrial i comporta un descens de salaris, d&#8217;ocupaci\u00f3 i de beneficis. El quid \u00e9s quant de temps durar\u00e0 la recessi\u00f3 econ\u00f2mica a Espanya, en la qual ja estem ficats. El primer trimestre del 2020 el donem per perdut i el segon trimestre, fins al juny, es planteja molt conf\u00fas, el que significaria perdre econ\u00f2micament el primer semestre d&#8217;aquest any 2020. La caiguda del turisme i de la nostra ind\u00fastria, per la hibernaci\u00f3 econ\u00f2mica, ser\u00e0 un cop per a les nostres exportacions i un buit que altres pa\u00efsos ocuparan, deixant fora de joc a empreses espanyoles.<\/p>\n<p>Aix\u00f2 ens portaria a una recessi\u00f3 profunda que derivaria en una depressi\u00f3. I la depressi\u00f3 econ\u00f2mica \u00e9s el realment preocupant perqu\u00e8 equival a una crisi en tota regla, no transit\u00f2ria, amb unes seq\u00fceles que duren anys. \u00c9s el que t\u00e9 deixar a la nostra economia i les nostres empreses i aut\u00f2noms tirats a la nostra sort, sense l&#8217;empara del Govern, com passa. Entrar a depressi\u00f3 implica reduir la producci\u00f3 (xoc d&#8217;oferta), retreure el consum (xoc de demanda), destruir ocupaci\u00f3, ERO que no ERTO, enquistar i fins i tot disparar l&#8217;atur, restricci\u00f3 del cr\u00e8dit davant la p\u00e8rdua de solv\u00e8ncia generalitzada, avortar qualsevol indici d&#8217;inversi\u00f3, cascada de fallides i molta desigualtat. A tot aix\u00f2, sense mutualitzacions de deute ni injeccions de diners procedents d&#8217;Europa, em temo que Espanya s&#8217;encamina cap al rescat i intervenci\u00f3, i no de manera m\u00e9s o menys &#8220;light&#8221;. Pura sospita.<\/p>\n<h3>Cop a l&#8217;economia de mercat?<\/h3>\n<p><img loading=\"lazy\" decoding=\"async\" class=\"alignleft wp-image-89413\" src=\"https:\/\/raed.academy\/wp-content\/uploads\/2020\/04\/grafico-recesion-uso-libre-dst.jpg\" sizes=\"(max-width: 700px) 100vw, 700px\" srcset=\"https:\/\/raed.academy\/wp-content\/uploads\/2020\/04\/grafico-recesion-uso-libre-dst.jpg 1000w, https:\/\/raed.academy\/wp-content\/uploads\/2020\/04\/grafico-recesion-uso-libre-dst-768x323.jpg 768w\" alt=\"\" width=\"700\" height=\"294\" data-attachment-id=\"89413\" data-permalink=\"https:\/\/raed.academy\/economia-y-coronavirus-jose-maria-gay-de-liebana\/grafico-recesion-uso-libre-dst\/\" data-orig-file=\"https:\/\/raed.academy\/wp-content\/uploads\/2020\/04\/grafico-recesion-uso-libre-dst.jpg\" data-orig-size=\"1000,420\" data-comments-opened=\"1\" data-image-meta=\"{&quot;aperture&quot;:&quot;0&quot;,&quot;credit&quot;:&quot;&quot;,&quot;camera&quot;:&quot;&quot;,&quot;caption&quot;:&quot;&quot;,&quot;created_timestamp&quot;:&quot;0&quot;,&quot;copyright&quot;:&quot;&quot;,&quot;focal_length&quot;:&quot;0&quot;,&quot;iso&quot;:&quot;0&quot;,&quot;shutter_speed&quot;:&quot;0&quot;,&quot;title&quot;:&quot;&quot;,&quot;orientation&quot;:&quot;0&quot;}\" data-image-title=\"grafico-recesion-uso-libre-dst\" data-image-description=\"\" data-medium-file=\"https:\/\/raed.academy\/wp-content\/uploads\/2020\/04\/grafico-recesion-uso-libre-dst.jpg\" data-large-file=\"https:\/\/raed.academy\/wp-content\/uploads\/2020\/04\/grafico-recesion-uso-libre-dst.jpg\" \/>32.905.000 d&#8217;euros de d\u00e8ficit el 2019. M\u00e9s ingressos per a l&#8217;Estat, 489.044.000 d&#8217;euros, i la despesa p\u00fablica disparada a 521.949.000. Del 2008 al 2019, Espanya acumula un d\u00e8ficit p\u00fablic de 820.933.000 d&#8217;euros, que s\u00f3n 820.933.000 de raons perqu\u00e8 els falcons de el nord d&#8217;Europa desconfi\u00efn d&#8217;Espanya. Per ventura, al cap i a la fi, el millor sigui una intervenci\u00f3 d&#8217;Espanya, previ rescat. Per\u00f2 compte, que hi ha alguna cosa a t\u00e9mer.<\/p>\n<p>A Espanya funciona l&#8217;economia de mercat, basada en els mercats que decideixen qu\u00e8, com i per a qui es produeix, i en ells connecten les decisions de consum i producci\u00f3, fixant els preus.<\/p>\n<p>En l&#8217;economia planificada, l&#8217;Estat marca el full de ruta econ\u00f2mic funcionant al so de dictats pol\u00edtics i \u00e9s un model centralitzat en qu\u00e8 l&#8217;Estat decideix quins b\u00e9ns i serveis es produeixen i als que van dirigits, assignant els recursos productius i fixant objectius de producci\u00f3 i creixement econ\u00f2mic.<\/p>\n<p>El tercer sistema \u00e9s l&#8217;economia mixta: el mercat assigna recursos, per\u00f2 l&#8217;Estat en regula el funcionament. Els passos que d\u00f3na el Govern sota pretext de l&#8217;estat d&#8217;alarma, amb decrets i compareixences, sonen a tr\u00e0nsit cap a una economia en pot\u00e8ncia de ser planificada a l&#8217;estil sovi\u00e8tic o, en el millor dels casos, cap a una economia mixta. Intervencionisme exacerbat, suspensi\u00f3 de la llibertat empresarial, sospites que tot ERTO fa olor de frau i falsedat amb les conseg\u00fcents amenaces, satanitzant a les nostres empreses i imposant unes c\u00e0rregues insuportables i impagables. Si hi afegim el confinament a qu\u00e8 estem sotmesos, tant exc\u00e9s intervencionista est\u00e0 bombardejant els pilars de l&#8217;economia espanyola i igual batia el cam\u00ed cap a una onada de nacionalitzacions&#8230; Pensa malament i encertar\u00e0s.<\/p>\n<h3>Hibernaci\u00f3 i indignaci\u00f3<\/h3>\n<p>Volem a Copenhaguen, capital de Dinamarca, Uni\u00f3 Europea, tot i que fora de la zona euro, considerat el pa\u00eds menys corrupte del m\u00f3n, amb creixement econ\u00f2mic sostingut en els \u00faltims anys per sobre del 2% i gent feli\u00e7. PIB el 2019: 310.576.000 d&#8217;euros; PIB per c\u00e0pita: 53.370 euros; deute p\u00fablic nom\u00e9s del 34% sobre PIB, tancant el 2019 amb super\u00e0vit del 0,60%. Dinamarca actua assenyadament per ajudar els seus pimes davant el cop cr\u00edtic. All\u00e0 ni ERTO, ni burocr\u00e0cies, ni mobilitzaci\u00f3 de recursos sense posar diners com aqu\u00ed. Acord de el govern dan\u00e8s amb patronals i sindicats: l&#8217;Estat cobreix el 75% de el sou dels treballadors (fins 3.080 euros) amb els seus llocs en risc a canvi que no hi hagi acomiadaments. Els diners els lliura l&#8217;Estat directament a les empreses i aquestes pagaran \u00edntegrament els sous.<\/p>\n<p>La nostra economia, segons el Govern, entra en hibernaci\u00f3 mentre la indignaci\u00f3 empresarial i d&#8217;aut\u00f2noms es dispara: s\u00f3n empresaris i aut\u00f2noms, fins i tot treballadors, els que paguen i paguen aquesta crisi. El Govern es desent\u00e9n&#8230; La banca es converteix en l&#8217;\u00e0ngel de la guarda de l&#8217;economia espanyola i d&#8217;ella dep\u00e8n el nostre sosteniment. \u00c9s innegable que, a causa d&#8217;uns comptes p\u00fablics regirats, Espanya est\u00e0 en tr\u00e0nsit d&#8217;insolv\u00e8ncia. D&#8217;aqu\u00ed el SOS de Govern a Europa exigint mutualitzar deute p\u00fablic o bons coronavirus. No hi ha diners p\u00fablics per pagar el cost d&#8217;aquesta crisi. El rescat de l&#8217;economia espanyola, sense embuts, es mastega&#8230; Els desprop\u00f2sits ens porten, al costat d&#8217;It\u00e0lia, a dependre de Washington (<strong>Fons Monetari Internacional<\/strong>), Berl\u00edn (<strong>Angela Merkel<\/strong>), Frankfurt (<strong>Banc Central Europeu<\/strong>) i Brussel\u00b7les (<strong>Comissi\u00f3 Europea<\/strong>). Espanya est\u00e0 a la vora de l&#8217;abisme per culpa de la dolent\u00edssima gesti\u00f3 que s&#8217;ha fet i es fa dels diners p\u00fablics. Portem 10 anys clamant al desert!<\/p>\n<h3>Va per elles! Va per ells!<\/h3>\n<div id=\"attachment_34702\" style=\"width: 610px\" class=\"wp-caption alignright\"><img loading=\"lazy\" decoding=\"async\" aria-describedby=\"caption-attachment-34702\" class=\"wp-image-34702 size-full\" src=\"https:\/\/raed.academy\/wp-content\/uploads\/2017\/09\/jose-maria-gay-de-liebana-ligas-de-futbol-europeo-w.jpg\" sizes=\"(max-width: 600px) 100vw, 600px\" srcset=\"https:\/\/raed.academy\/wp-content\/uploads\/2017\/09\/jose-maria-gay-de-liebana-ligas-de-futbol-europeo-w.jpg 600w, https:\/\/raed.academy\/wp-content\/uploads\/2017\/09\/jose-maria-gay-de-liebana-ligas-de-futbol-europeo-w-300x201.jpg 300w\" alt=\"Jos\u00e9 Mar\u00eda Gay de Li\u00e9bana Saludas\" width=\"600\" height=\"401\" aria-describedby=\"caption-attachment-34702\" data-attachment-id=\"34702\" data-permalink=\"https:\/\/raed.academy\/insostenible-negocio-del-futbol\/jose-maria-gay-de-liebana-ligas-de-futbol-europeo-w\/\" data-orig-file=\"https:\/\/raed.academy\/wp-content\/uploads\/2017\/09\/jose-maria-gay-de-liebana-ligas-de-futbol-europeo-w.jpg\" data-orig-size=\"600,401\" data-comments-opened=\"0\" data-image-meta=\"{&quot;aperture&quot;:&quot;13&quot;,&quot;credit&quot;:&quot;FOTOS LORENZO CARNERO\\\/AGENCIAPUNTOPRESS&quot;,&quot;camera&quot;:&quot;Canon EOS 7D Mark II&quot;,&quot;caption&quot;:&quot;&quot;,&quot;created_timestamp&quot;:&quot;1492703975&quot;,&quot;copyright&quot;:&quot;&quot;,&quot;focal_length&quot;:&quot;95&quot;,&quot;iso&quot;:&quot;800&quot;,&quot;shutter_speed&quot;:&quot;0.004&quot;,&quot;title&quot;:&quot;&quot;,&quot;orientation&quot;:&quot;0&quot;}\" data-image-title=\"Jos\u00e9 Mar\u00eda Gay de Liebana \u2013 unsustainable business of football\" data-image-description=\"\" data-medium-file=\"https:\/\/raed.academy\/wp-content\/uploads\/2017\/09\/jose-maria-gay-de-liebana-ligas-de-futbol-europeo-w-300x201.jpg\" data-large-file=\"https:\/\/raed.academy\/wp-content\/uploads\/2017\/09\/jose-maria-gay-de-liebana-ligas-de-futbol-europeo-w.jpg\" \/><p id=\"caption-attachment-34702\" class=\"wp-caption-text\">Dr. Jos\u00e9 Mar\u00eda Gay de Li\u00e9bana<\/p><\/div>\n<p>No \u00e9s el mateix caure i quedar-se grogui, que caure i aixecar-se. Aquest asserci\u00f3 cal portar-la al terreny econ\u00f2mic. En aquest malson cal posar tot l&#8217;esfor\u00e7 en sostenir, encara que sigui a baixa intensitat, a causa de les vicissituds, el pols econ\u00f2mic i que els cors empresarials segueixin bategant al menys t\u00edmidament.<\/p>\n<p>Parlo cada dia amb empresaris extenuats, amb aut\u00f2noms abatuts, amb professionals angoixats, que porten m\u00e9s de dues setmanes sense ingressar res, sense fer caixa, sense cobrar i, en canvi, havent d&#8217;afrontar pagaments compromesos, suportant despeses, emulant aut\u00e8ntics funambulistes financers simplement per sobreviure-hi.<\/p>\n<p>\u00c9s l&#8217;hora de ser al costat de tots aquests herois que, contra i vent i marea, defensen estoicament les seves posicions empresarials i de posar en valor a totes les empreses i la gent que en aquest tr\u00e0ngol treballa perqu\u00e8 tots nosaltres resistim. Per aix\u00f2, el nostre Govern ha de reflexionar i entendre que tots aquests porcells empresarials, aut\u00f2noms i professionals, s\u00f3n protagonistes d&#8217;una pel\u00b7l\u00edcula b\u00e8l\u00b7lica. Cal donar suport al teixit empresarial, donant-li tota mena de facilitats perqu\u00e8 els nostres aut\u00f2noms, petites, mitjanes i grans empreses, segueixin bategant, sobrevisquin, s&#8217;asseuen amb forces per navegar per aquestes aig\u00fces procel\u00b7loses. No estrenyem les clavilles als nostres aut\u00f2noms i empreses, no els neguem salvavides com posposar les seves obligacions fiscals, els pagaments a <strong>Hisenda<\/strong> i <strong>Seguretat Social<\/strong>. Les empreses que morin en aquesta travessia seran destrucci\u00f3 econ\u00f2mica. En canvi, les que aguantin s\u00f3n el nostre salconduit per a la reconstrucci\u00f3 econ\u00f2mica, per al dia despr\u00e9s, per encarar el nou paradigma. No \u00e9s el mateix caure i quedar-se grogui, que caure i aixecar-se. Va per elles, les nostres empreses! Va per ells, els nostres treballadors!<\/p>\n","protected":false},"excerpt":{"rendered":"<p>Jos\u00e9 M\u00aa Gay de Li\u00e9bana Professor de la Facultat d&#8217;Economia i Empresa de la Universitat de Barcelona Acad\u00e8mic de n\u00famero de la Reial Acad\u00e8mia Europea de Doctors-Barcelona 1914 (RAED) Condemnats per deficitaris Que Europa no es fia de nosaltres est\u00e0 m\u00e9s clar que l&#8217;aigua. El primer ministre holand\u00e8s, Mark Rutte, al cas del pla &#8220;Sure&#8221; [&hellip;]<\/p>\n","protected":false},"author":12,"featured_media":89414,"comment_status":"open","ping_status":"closed","sticky":false,"template":"","format":"standard","meta":{"_et_pb_use_builder":"","_et_pb_old_content":"","_et_gb_content_width":"","footnotes":""},"categories":[268,274],"tags":[],"class_list":["post-89449","post","type-post","status-publish","format-standard","has-post-thumbnail","hentry","category-coronavirus-des-del-coneixement","category-economia-i-politica","et-has-post-format-content","et_post_format-et-post-format-standard"],"yoast_head":"<!-- This site is optimized with the Yoast SEO plugin v27.4 - https:\/\/yoast.com\/product\/yoast-seo-wordpress\/ -->\n<title>Economia i coronavirus - Reial Acad\u00e8mia Europea de Doctors<\/title>\n<meta name=\"description\" content=\"Jos\u00e9 Maria Gay de Li\u00e9bana: Espanya a la vora de l&#039;abisme per la gesti\u00f3 de govern: gesti\u00f3 de diners p\u00fablics, aband\u00f3 a la seva sort d&#039;aut\u00f2noms i empreses ...\" \/>\n<meta name=\"robots\" content=\"index, follow, max-snippet:-1, max-image-preview:large, max-video-preview:-1\" \/>\n<link rel=\"canonical\" href=\"https:\/\/raed.academy\/ca\/economia-i-coronavirus-jose-maria-gay-de-liebana\/\" \/>\n<meta property=\"og:locale\" content=\"ca_ES\" \/>\n<meta property=\"og:type\" content=\"article\" \/>\n<meta property=\"og:title\" content=\"Economia i coronavirus - Reial Acad\u00e8mia Europea de Doctors\" \/>\n<meta property=\"og:description\" content=\"Jos\u00e9 Maria Gay de Li\u00e9bana: Espanya a la vora de l&#039;abisme per la gesti\u00f3 de govern: gesti\u00f3 de diners p\u00fablics, aband\u00f3 a la seva sort d&#039;aut\u00f2noms i empreses ...\" \/>\n<meta property=\"og:url\" content=\"https:\/\/raed.academy\/ca\/economia-i-coronavirus-jose-maria-gay-de-liebana\/\" \/>\n<meta property=\"og:site_name\" content=\"Reial Acad\u00e8mia Europea de Doctors\" \/>\n<meta property=\"article:publisher\" content=\"http:\/\/fb.me\/raed.academy\" \/>\n<meta property=\"article:published_time\" content=\"2020-04-07T22:55:21+00:00\" \/>\n<meta property=\"article:modified_time\" content=\"2020-04-09T18:48:14+00:00\" \/>\n<meta property=\"og:image\" content=\"https:\/\/raed.academy\/wp-content\/uploads\/2020\/04\/grafico-recesion-uso-libre-dst.jpg\" \/>\n\t<meta property=\"og:image:width\" content=\"1000\" \/>\n\t<meta property=\"og:image:height\" content=\"420\" \/>\n\t<meta property=\"og:image:type\" content=\"image\/jpeg\" \/>\n<meta name=\"author\" content=\"RAED\" \/>\n<meta name=\"twitter:card\" content=\"summary_large_image\" \/>\n<meta name=\"twitter:creator\" content=\"@raedacademy\" \/>\n<meta name=\"twitter:site\" content=\"@raedacademy\" \/>\n<meta name=\"twitter:label1\" content=\"Written by\" \/>\n\t<meta name=\"twitter:data1\" content=\"RAED\" \/>\n\t<meta name=\"twitter:label2\" content=\"Est. reading time\" \/>\n\t<meta name=\"twitter:data2\" content=\"8 minutes\" \/>\n<script type=\"application\/ld+json\" class=\"yoast-schema-graph\">{\"@context\":\"https:\\\/\\\/schema.org\",\"@graph\":[{\"@type\":\"Article\",\"@id\":\"https:\\\/\\\/raed.academy\\\/ca\\\/economia-i-coronavirus-jose-maria-gay-de-liebana\\\/#article\",\"isPartOf\":{\"@id\":\"https:\\\/\\\/raed.academy\\\/ca\\\/economia-i-coronavirus-jose-maria-gay-de-liebana\\\/\"},\"author\":{\"name\":\"RAED\",\"@id\":\"https:\\\/\\\/raed.academy\\\/ca\\\/#\\\/schema\\\/person\\\/5a755da80d1d979fd66ba745c8702927\"},\"headline\":\"Economia i coronavirus\",\"datePublished\":\"2020-04-07T22:55:21+00:00\",\"dateModified\":\"2020-04-09T18:48:14+00:00\",\"mainEntityOfPage\":{\"@id\":\"https:\\\/\\\/raed.academy\\\/ca\\\/economia-i-coronavirus-jose-maria-gay-de-liebana\\\/\"},\"wordCount\":1640,\"commentCount\":0,\"publisher\":{\"@id\":\"https:\\\/\\\/raed.academy\\\/ca\\\/#organization\"},\"image\":{\"@id\":\"https:\\\/\\\/raed.academy\\\/ca\\\/economia-i-coronavirus-jose-maria-gay-de-liebana\\\/#primaryimage\"},\"thumbnailUrl\":\"https:\\\/\\\/raed.academy\\\/wp-content\\\/uploads\\\/2020\\\/04\\\/grafico-recesion-uso-libre-dst.jpg\",\"articleSection\":[\"Coronavirus des del coneixement\",\"Economia i pol\u00edtica\"],\"inLanguage\":\"ca-ES\",\"potentialAction\":[{\"@type\":\"CommentAction\",\"name\":\"Comment\",\"target\":[\"https:\\\/\\\/raed.academy\\\/ca\\\/economia-i-coronavirus-jose-maria-gay-de-liebana\\\/#respond\"]}]},{\"@type\":\"WebPage\",\"@id\":\"https:\\\/\\\/raed.academy\\\/ca\\\/economia-i-coronavirus-jose-maria-gay-de-liebana\\\/\",\"url\":\"https:\\\/\\\/raed.academy\\\/ca\\\/economia-i-coronavirus-jose-maria-gay-de-liebana\\\/\",\"name\":\"Economia i coronavirus - Reial Acad\u00e8mia Europea de Doctors\",\"isPartOf\":{\"@id\":\"https:\\\/\\\/raed.academy\\\/ca\\\/#website\"},\"primaryImageOfPage\":{\"@id\":\"https:\\\/\\\/raed.academy\\\/ca\\\/economia-i-coronavirus-jose-maria-gay-de-liebana\\\/#primaryimage\"},\"image\":{\"@id\":\"https:\\\/\\\/raed.academy\\\/ca\\\/economia-i-coronavirus-jose-maria-gay-de-liebana\\\/#primaryimage\"},\"thumbnailUrl\":\"https:\\\/\\\/raed.academy\\\/wp-content\\\/uploads\\\/2020\\\/04\\\/grafico-recesion-uso-libre-dst.jpg\",\"datePublished\":\"2020-04-07T22:55:21+00:00\",\"dateModified\":\"2020-04-09T18:48:14+00:00\",\"description\":\"Jos\u00e9 Maria Gay de Li\u00e9bana: Espanya a la vora de l'abisme per la gesti\u00f3 de govern: gesti\u00f3 de diners p\u00fablics, aband\u00f3 a la seva sort d'aut\u00f2noms i empreses ...\",\"breadcrumb\":{\"@id\":\"https:\\\/\\\/raed.academy\\\/ca\\\/economia-i-coronavirus-jose-maria-gay-de-liebana\\\/#breadcrumb\"},\"inLanguage\":\"ca-ES\",\"potentialAction\":[{\"@type\":\"ReadAction\",\"target\":[\"https:\\\/\\\/raed.academy\\\/ca\\\/economia-i-coronavirus-jose-maria-gay-de-liebana\\\/\"]}]},{\"@type\":\"ImageObject\",\"inLanguage\":\"ca-ES\",\"@id\":\"https:\\\/\\\/raed.academy\\\/ca\\\/economia-i-coronavirus-jose-maria-gay-de-liebana\\\/#primaryimage\",\"url\":\"https:\\\/\\\/raed.academy\\\/wp-content\\\/uploads\\\/2020\\\/04\\\/grafico-recesion-uso-libre-dst.jpg\",\"contentUrl\":\"https:\\\/\\\/raed.academy\\\/wp-content\\\/uploads\\\/2020\\\/04\\\/grafico-recesion-uso-libre-dst.jpg\",\"width\":1000,\"height\":420},{\"@type\":\"BreadcrumbList\",\"@id\":\"https:\\\/\\\/raed.academy\\\/ca\\\/economia-i-coronavirus-jose-maria-gay-de-liebana\\\/#breadcrumb\",\"itemListElement\":[{\"@type\":\"ListItem\",\"position\":1,\"name\":\"Inicio\",\"item\":\"https:\\\/\\\/raed.academy\\\/ca\\\/\"},{\"@type\":\"ListItem\",\"position\":2,\"name\":\"Economia i coronavirus\"}]},{\"@type\":\"WebSite\",\"@id\":\"https:\\\/\\\/raed.academy\\\/ca\\\/#website\",\"url\":\"https:\\\/\\\/raed.academy\\\/ca\\\/\",\"name\":\"Reial Acad\u00e8mia Europea de Doctors\",\"description\":\"Corporaci\u00f3n de derecho p\u00fablico de car\u00e1cter cient\u00edfico, t\u00e9cnico y art\u00edstico, que tiene por objeto la investigaci\u00f3n, el estudio, el fomento y la extensi\u00f3n del conocimiento en su sentido m\u00e1s amplio\",\"publisher\":{\"@id\":\"https:\\\/\\\/raed.academy\\\/ca\\\/#organization\"},\"potentialAction\":[{\"@type\":\"SearchAction\",\"target\":{\"@type\":\"EntryPoint\",\"urlTemplate\":\"https:\\\/\\\/raed.academy\\\/ca\\\/?s={search_term_string}\"},\"query-input\":{\"@type\":\"PropertyValueSpecification\",\"valueRequired\":true,\"valueName\":\"search_term_string\"}}],\"inLanguage\":\"ca-ES\"},{\"@type\":\"Organization\",\"@id\":\"https:\\\/\\\/raed.academy\\\/ca\\\/#organization\",\"name\":\"Real Academia Europea de Doctores\",\"url\":\"https:\\\/\\\/raed.academy\\\/ca\\\/\",\"logo\":{\"@type\":\"ImageObject\",\"inLanguage\":\"ca-ES\",\"@id\":\"https:\\\/\\\/raed.academy\\\/ca\\\/#\\\/schema\\\/logo\\\/image\\\/\",\"url\":\"https:\\\/\\\/raed.academy\\\/wp-content\\\/uploads\\\/2017\\\/01\\\/cropped-logo_raed.png\",\"contentUrl\":\"https:\\\/\\\/raed.academy\\\/wp-content\\\/uploads\\\/2017\\\/01\\\/cropped-logo_raed.png\",\"width\":512,\"height\":512,\"caption\":\"Real Academia Europea de Doctores\"},\"image\":{\"@id\":\"https:\\\/\\\/raed.academy\\\/ca\\\/#\\\/schema\\\/logo\\\/image\\\/\"},\"sameAs\":[\"http:\\\/\\\/fb.me\\\/raed.academy\",\"https:\\\/\\\/x.com\\\/raedacademy\",\"https:\\\/\\\/www.instagram.com\\\/raed.academy\\\/\",\"https:\\\/\\\/www.youtube.com\\\/channel\\\/UCUYQwW2KrdirNWihxMDObwg\"]},{\"@type\":\"Person\",\"@id\":\"https:\\\/\\\/raed.academy\\\/ca\\\/#\\\/schema\\\/person\\\/5a755da80d1d979fd66ba745c8702927\",\"name\":\"RAED\",\"image\":{\"@type\":\"ImageObject\",\"inLanguage\":\"ca-ES\",\"@id\":\"https:\\\/\\\/secure.gravatar.com\\\/avatar\\\/19fdfdc0d67fb9c45714b703a2ac82251c4fcea3637f002ac3c9b74c0183583c?s=96&d=mm&r=g\",\"url\":\"https:\\\/\\\/secure.gravatar.com\\\/avatar\\\/19fdfdc0d67fb9c45714b703a2ac82251c4fcea3637f002ac3c9b74c0183583c?s=96&d=mm&r=g\",\"contentUrl\":\"https:\\\/\\\/secure.gravatar.com\\\/avatar\\\/19fdfdc0d67fb9c45714b703a2ac82251c4fcea3637f002ac3c9b74c0183583c?s=96&d=mm&r=g\",\"caption\":\"RAED\"}}]}<\/script>\n<!-- \/ Yoast SEO plugin. -->","yoast_head_json":{"title":"Economia i coronavirus - Reial Acad\u00e8mia Europea de Doctors","description":"Jos\u00e9 Maria Gay de Li\u00e9bana: Espanya a la vora de l'abisme per la gesti\u00f3 de govern: gesti\u00f3 de diners p\u00fablics, aband\u00f3 a la seva sort d'aut\u00f2noms i empreses ...","robots":{"index":"index","follow":"follow","max-snippet":"max-snippet:-1","max-image-preview":"max-image-preview:large","max-video-preview":"max-video-preview:-1"},"canonical":"https:\/\/raed.academy\/ca\/economia-i-coronavirus-jose-maria-gay-de-liebana\/","og_locale":"ca_ES","og_type":"article","og_title":"Economia i coronavirus - Reial Acad\u00e8mia Europea de Doctors","og_description":"Jos\u00e9 Maria Gay de Li\u00e9bana: Espanya a la vora de l'abisme per la gesti\u00f3 de govern: gesti\u00f3 de diners p\u00fablics, aband\u00f3 a la seva sort d'aut\u00f2noms i empreses ...","og_url":"https:\/\/raed.academy\/ca\/economia-i-coronavirus-jose-maria-gay-de-liebana\/","og_site_name":"Reial Acad\u00e8mia Europea de Doctors","article_publisher":"http:\/\/fb.me\/raed.academy","article_published_time":"2020-04-07T22:55:21+00:00","article_modified_time":"2020-04-09T18:48:14+00:00","og_image":[{"width":1000,"height":420,"url":"https:\/\/raed.academy\/wp-content\/uploads\/2020\/04\/grafico-recesion-uso-libre-dst.jpg","type":"image\/jpeg"}],"author":"RAED","twitter_card":"summary_large_image","twitter_creator":"@raedacademy","twitter_site":"@raedacademy","twitter_misc":{"Written by":"RAED","Est. reading time":"8 minutes"},"schema":{"@context":"https:\/\/schema.org","@graph":[{"@type":"Article","@id":"https:\/\/raed.academy\/ca\/economia-i-coronavirus-jose-maria-gay-de-liebana\/#article","isPartOf":{"@id":"https:\/\/raed.academy\/ca\/economia-i-coronavirus-jose-maria-gay-de-liebana\/"},"author":{"name":"RAED","@id":"https:\/\/raed.academy\/ca\/#\/schema\/person\/5a755da80d1d979fd66ba745c8702927"},"headline":"Economia i coronavirus","datePublished":"2020-04-07T22:55:21+00:00","dateModified":"2020-04-09T18:48:14+00:00","mainEntityOfPage":{"@id":"https:\/\/raed.academy\/ca\/economia-i-coronavirus-jose-maria-gay-de-liebana\/"},"wordCount":1640,"commentCount":0,"publisher":{"@id":"https:\/\/raed.academy\/ca\/#organization"},"image":{"@id":"https:\/\/raed.academy\/ca\/economia-i-coronavirus-jose-maria-gay-de-liebana\/#primaryimage"},"thumbnailUrl":"https:\/\/raed.academy\/wp-content\/uploads\/2020\/04\/grafico-recesion-uso-libre-dst.jpg","articleSection":["Coronavirus des del coneixement","Economia i pol\u00edtica"],"inLanguage":"ca-ES","potentialAction":[{"@type":"CommentAction","name":"Comment","target":["https:\/\/raed.academy\/ca\/economia-i-coronavirus-jose-maria-gay-de-liebana\/#respond"]}]},{"@type":"WebPage","@id":"https:\/\/raed.academy\/ca\/economia-i-coronavirus-jose-maria-gay-de-liebana\/","url":"https:\/\/raed.academy\/ca\/economia-i-coronavirus-jose-maria-gay-de-liebana\/","name":"Economia i coronavirus - Reial Acad\u00e8mia Europea de Doctors","isPartOf":{"@id":"https:\/\/raed.academy\/ca\/#website"},"primaryImageOfPage":{"@id":"https:\/\/raed.academy\/ca\/economia-i-coronavirus-jose-maria-gay-de-liebana\/#primaryimage"},"image":{"@id":"https:\/\/raed.academy\/ca\/economia-i-coronavirus-jose-maria-gay-de-liebana\/#primaryimage"},"thumbnailUrl":"https:\/\/raed.academy\/wp-content\/uploads\/2020\/04\/grafico-recesion-uso-libre-dst.jpg","datePublished":"2020-04-07T22:55:21+00:00","dateModified":"2020-04-09T18:48:14+00:00","description":"Jos\u00e9 Maria Gay de Li\u00e9bana: Espanya a la vora de l'abisme per la gesti\u00f3 de govern: gesti\u00f3 de diners p\u00fablics, aband\u00f3 a la seva sort d'aut\u00f2noms i empreses ...","breadcrumb":{"@id":"https:\/\/raed.academy\/ca\/economia-i-coronavirus-jose-maria-gay-de-liebana\/#breadcrumb"},"inLanguage":"ca-ES","potentialAction":[{"@type":"ReadAction","target":["https:\/\/raed.academy\/ca\/economia-i-coronavirus-jose-maria-gay-de-liebana\/"]}]},{"@type":"ImageObject","inLanguage":"ca-ES","@id":"https:\/\/raed.academy\/ca\/economia-i-coronavirus-jose-maria-gay-de-liebana\/#primaryimage","url":"https:\/\/raed.academy\/wp-content\/uploads\/2020\/04\/grafico-recesion-uso-libre-dst.jpg","contentUrl":"https:\/\/raed.academy\/wp-content\/uploads\/2020\/04\/grafico-recesion-uso-libre-dst.jpg","width":1000,"height":420},{"@type":"BreadcrumbList","@id":"https:\/\/raed.academy\/ca\/economia-i-coronavirus-jose-maria-gay-de-liebana\/#breadcrumb","itemListElement":[{"@type":"ListItem","position":1,"name":"Inicio","item":"https:\/\/raed.academy\/ca\/"},{"@type":"ListItem","position":2,"name":"Economia i coronavirus"}]},{"@type":"WebSite","@id":"https:\/\/raed.academy\/ca\/#website","url":"https:\/\/raed.academy\/ca\/","name":"Reial Acad\u00e8mia Europea de Doctors","description":"Corporaci\u00f3n de derecho p\u00fablico de car\u00e1cter cient\u00edfico, t\u00e9cnico y art\u00edstico, que tiene por objeto la investigaci\u00f3n, el estudio, el fomento y la extensi\u00f3n del conocimiento en su sentido m\u00e1s amplio","publisher":{"@id":"https:\/\/raed.academy\/ca\/#organization"},"potentialAction":[{"@type":"SearchAction","target":{"@type":"EntryPoint","urlTemplate":"https:\/\/raed.academy\/ca\/?s={search_term_string}"},"query-input":{"@type":"PropertyValueSpecification","valueRequired":true,"valueName":"search_term_string"}}],"inLanguage":"ca-ES"},{"@type":"Organization","@id":"https:\/\/raed.academy\/ca\/#organization","name":"Real Academia Europea de Doctores","url":"https:\/\/raed.academy\/ca\/","logo":{"@type":"ImageObject","inLanguage":"ca-ES","@id":"https:\/\/raed.academy\/ca\/#\/schema\/logo\/image\/","url":"https:\/\/raed.academy\/wp-content\/uploads\/2017\/01\/cropped-logo_raed.png","contentUrl":"https:\/\/raed.academy\/wp-content\/uploads\/2017\/01\/cropped-logo_raed.png","width":512,"height":512,"caption":"Real Academia Europea de Doctores"},"image":{"@id":"https:\/\/raed.academy\/ca\/#\/schema\/logo\/image\/"},"sameAs":["http:\/\/fb.me\/raed.academy","https:\/\/x.com\/raedacademy","https:\/\/www.instagram.com\/raed.academy\/","https:\/\/www.youtube.com\/channel\/UCUYQwW2KrdirNWihxMDObwg"]},{"@type":"Person","@id":"https:\/\/raed.academy\/ca\/#\/schema\/person\/5a755da80d1d979fd66ba745c8702927","name":"RAED","image":{"@type":"ImageObject","inLanguage":"ca-ES","@id":"https:\/\/secure.gravatar.com\/avatar\/19fdfdc0d67fb9c45714b703a2ac82251c4fcea3637f002ac3c9b74c0183583c?s=96&d=mm&r=g","url":"https:\/\/secure.gravatar.com\/avatar\/19fdfdc0d67fb9c45714b703a2ac82251c4fcea3637f002ac3c9b74c0183583c?s=96&d=mm&r=g","contentUrl":"https:\/\/secure.gravatar.com\/avatar\/19fdfdc0d67fb9c45714b703a2ac82251c4fcea3637f002ac3c9b74c0183583c?s=96&d=mm&r=g","caption":"RAED"}}]}},"_links":{"self":[{"href":"https:\/\/raed.academy\/ca\/wp-json\/wp\/v2\/posts\/89449","targetHints":{"allow":["GET"]}}],"collection":[{"href":"https:\/\/raed.academy\/ca\/wp-json\/wp\/v2\/posts"}],"about":[{"href":"https:\/\/raed.academy\/ca\/wp-json\/wp\/v2\/types\/post"}],"author":[{"embeddable":true,"href":"https:\/\/raed.academy\/ca\/wp-json\/wp\/v2\/users\/12"}],"replies":[{"embeddable":true,"href":"https:\/\/raed.academy\/ca\/wp-json\/wp\/v2\/comments?post=89449"}],"version-history":[{"count":0,"href":"https:\/\/raed.academy\/ca\/wp-json\/wp\/v2\/posts\/89449\/revisions"}],"wp:featuredmedia":[{"embeddable":true,"href":"https:\/\/raed.academy\/ca\/wp-json\/wp\/v2\/media\/89414"}],"wp:attachment":[{"href":"https:\/\/raed.academy\/ca\/wp-json\/wp\/v2\/media?parent=89449"}],"wp:term":[{"taxonomy":"category","embeddable":true,"href":"https:\/\/raed.academy\/ca\/wp-json\/wp\/v2\/categories?post=89449"},{"taxonomy":"post_tag","embeddable":true,"href":"https:\/\/raed.academy\/ca\/wp-json\/wp\/v2\/tags?post=89449"}],"curies":[{"name":"wp","href":"https:\/\/api.w.org\/{rel}","templated":true}]}}