{"id":88541,"date":"2020-03-18T11:35:20","date_gmt":"2020-03-18T11:35:20","guid":{"rendered":"https:\/\/raed.academy\/?p=88541"},"modified":"2020-03-31T15:41:16","modified_gmt":"2020-03-31T15:41:16","slug":"crisi-disruptiva-i-presa-de-pel-jose-maria-gay-de-liebana","status":"publish","type":"post","link":"https:\/\/raed.academy\/ca\/crisi-disruptiva-i-presa-de-pel-jose-maria-gay-de-liebana\/","title":{"rendered":"Crisi disruptiva i presa de p\u00e8l"},"content":{"rendered":"<p><a href=\"https:\/\/raed.academy\/ca\/academics\/dr-jose-maria-gay-de-liebana-saludas\/\" target=\"_blank\" rel=\"noopener noreferrer\"><em><strong>Jos\u00e9 M\u00aa Gay de Li\u00e9bana<\/strong><\/em><\/a><br \/>\n<em>Professor de la Facultat d&#8217;Economia i Empresa de la Universitat de Barcelona<\/em><br \/>\n<em>Acad\u00e8mic de n\u00famero de la Reial Acad\u00e8mia Europea de Doctors-Barcelona 1914 (RAED)<\/em><\/p>\n<div id=\"attachment_60689\" style=\"width: 510px\" class=\"wp-caption alignright\"><img loading=\"lazy\" decoding=\"async\" aria-describedby=\"caption-attachment-60689\" class=\"wp-image-60689 size-full\" src=\"https:\/\/raed.academy\/wp-content\/uploads\/2018\/11\/Jose-Maria-Gay-de-Liebana-Saludas.jpg\" alt=\"Jos\u00e9 Mar\u00eda Gay de Li\u00e9bana Saludas\" width=\"500\" height=\"250\" \/><p id=\"caption-attachment-60689\" class=\"wp-caption-text\">Dr. Jos\u00e9 Mar\u00eda Gay de Li\u00e9bana<\/p><\/div>\n<p>Una cosa \u00e9s la m\u00fasica que un vulgui escoltar i una altra la lletra. Sincerament, la mobilitzaci\u00f3 m\u00e9s gran de recursos de la hist\u00f2ria anunciada en to contundent pel president de Govern em sona, amb el degut respecte, a presa de p\u00e8l.<\/p>\n<p>Anem per parts. El primer que es fa, i em sembla molt b\u00e9, \u00e9s posar fora de perill a les nostres grans companyies brandant un escut protector davant la opabilidad -o sigui, que es faci una OPA- d&#8217;algunes d&#8217;elles, i evitar aix\u00ed que empreses estrat\u00e8giques per a la nostra economia caiguin en mans estrangeres, de fora de la <strong>Uni\u00f3 Europea<\/strong>, \u00e9s a dir, xineses o nord-americanes primordialment.<\/p>\n<p>Anem breument al moll nuclear de l&#8217;anunci del president del dimarts 17 de mar\u00e7 a la tarda, a l&#8217;espera de llegir la lletra menuda de Reial Decret, que ofereix, aix\u00ed de cop, un apetit\u00f3s titular per\u00f2 que a l&#8217;hora de la veritat poc o molt poc o quasi res. \u00a1200.000 milions d&#8217;euros mobilitza el Govern!<\/p>\n<p>Aix\u00f2 de mobilitzar no \u00e9s el mateix que pagar&#8230; I com \u00e9s aquesta mobilitzaci\u00f3? Doncs dels 200.000 milions, 100.000 milions en avals p\u00fablics de pr\u00e9stecs que concedeixi la banca, que \u00e9s la primera que es grata la butxaca, aquesta a qui una facci\u00f3 governamental vol triturar a impostos.<\/p>\n<p>Despr\u00e9s, 83.000 milions d&#8217;euros, atents aqu\u00ed, ser\u00e0 una mobilitzaci\u00f3 de recursos del sector privat, \u00e9s a dir, que seran empreses privades i no p\u00fabliques, les que afrontaran la c\u00e0rrega de posar aquests diners a la nostra economia. Quines seran? Intu\u00efm que les que presten determinats serveis p\u00fablics o els preus de les quals estan regulats.<\/p>\n<p>La resta fins a completar els 200.000 milions d&#8217;euros, que s\u00f3n 17.000 milions, seran les ajudes directes de l&#8217;Estat cap a l&#8217;economia que, \u00f2bviament, constituiran m\u00e9s despesa p\u00fablica, que no esfor\u00e7. M\u00e9s deute p\u00fablic i, en conseq\u00fc\u00e8ncia, m\u00e9s endavant ho acabarem pagant a escot.<\/p>\n<p>Perqu\u00e8 despr\u00e9s vindr\u00e0 la recuperaci\u00f3 i aqu\u00ed \u00e9s, en tornar a la normalitat, quan arribi el moment del pal impositiu que, de fet, segueix vigent en aquesta emerg\u00e8ncia a l&#8217;igual que les cotitzacions socials. Sincerament, l&#8217;anunci amb \u00e8mfasi del nostre president \u00e9s bonic de sentir, tot i que en interpretar-lo es dedueix que l&#8217;ajust dr\u00e0stic que en les actuals condicions exigeix a \u200b\u200bla nostra bamboleada economia es troba molt lluny de les necessitats reals.<\/p>\n<p>Aquest era el moment de llan\u00e7ar un salvavides als milions d&#8217;empreses que de manera molt atomitzada conformen el nostre teixit empresarial, era l&#8217;oportunitat per anestesiar l&#8217;angoixa i l&#8217;estr\u00e8s econ\u00f2mic que pateix la nostra economia, colpejada fortament pel que constitueix sense cap mena de dubte una crisi disruptiva que sobtadament, en molt pocs dies, ha torpedinat l&#8217;economia empresarial i familiar i ha bombardejat el sector privat espanyol.<\/p>\n<p>Amb el paquet de mesures implementades, llevat que en estudiar el Reial Decret aparegui alguna reconfortant sorpresa, cosa que sembla rara, l&#8217;economia espanyola no surt del fons del pou al qual va caient. Ning\u00fa, al Govern, s&#8217;ha acordat de les empreses valentes que fan de la seva resist\u00e8ncia el m\u00e9s edificant exemple de lluita davant la crisi disruptiva. Ens esperen dies compromesos.<\/p>\n","protected":false},"excerpt":{"rendered":"<p>Jos\u00e9 M\u00aa Gay de Li\u00e9bana Professor de la Facultat d&#8217;Economia i Empresa de la Universitat de Barcelona Acad\u00e8mic de n\u00famero de la Reial Acad\u00e8mia Europea de Doctors-Barcelona 1914 (RAED) Una cosa \u00e9s la m\u00fasica que un vulgui escoltar i una altra la lletra. Sincerament, la mobilitzaci\u00f3 m\u00e9s gran de recursos de la hist\u00f2ria anunciada en [&hellip;]<\/p>\n","protected":false},"author":12,"featured_media":94746,"comment_status":"closed","ping_status":"closed","sticky":false,"template":"","format":"standard","meta":{"_et_pb_use_builder":"","_et_pb_old_content":"","_et_gb_content_width":"","footnotes":""},"categories":[268,274],"tags":[],"class_list":["post-88541","post","type-post","status-publish","format-standard","has-post-thumbnail","hentry","category-coronavirus-des-del-coneixement","category-economia-i-politica","et-has-post-format-content","et_post_format-et-post-format-standard"],"yoast_head":"<!-- This site is optimized with the Yoast SEO plugin v27.4 - https:\/\/yoast.com\/product\/yoast-seo-wordpress\/ -->\n<title>Crisi disruptiva i presa de p\u00e8l - Reial Acad\u00e8mia Europea de Doctors<\/title>\n<meta name=\"description\" content=\"El Dr. Jos\u00e9 Mar\u00eda Gay de Li\u00e9bana considera una &quot;presa de p\u00e8l&quot; l&#039;anunci sobre els 200.000 milions d&#039;euros mobilitza el Govern\" \/>\n<meta name=\"robots\" content=\"index, follow, max-snippet:-1, max-image-preview:large, max-video-preview:-1\" \/>\n<link rel=\"canonical\" href=\"https:\/\/raed.academy\/ca\/crisi-disruptiva-i-presa-de-pel-jose-maria-gay-de-liebana\/\" \/>\n<meta property=\"og:locale\" content=\"ca_ES\" \/>\n<meta property=\"og:type\" content=\"article\" \/>\n<meta property=\"og:title\" content=\"Crisi disruptiva i presa de p\u00e8l - Reial Acad\u00e8mia Europea de Doctors\" \/>\n<meta property=\"og:description\" content=\"El Dr. Jos\u00e9 Mar\u00eda Gay de Li\u00e9bana considera una &quot;presa de p\u00e8l&quot; l&#039;anunci sobre els 200.000 milions d&#039;euros mobilitza el Govern\" \/>\n<meta property=\"og:url\" content=\"https:\/\/raed.academy\/ca\/crisi-disruptiva-i-presa-de-pel-jose-maria-gay-de-liebana\/\" \/>\n<meta property=\"og:site_name\" content=\"Reial Acad\u00e8mia Europea de Doctors\" \/>\n<meta property=\"article:publisher\" content=\"http:\/\/fb.me\/raed.academy\" \/>\n<meta property=\"article:published_time\" content=\"2020-03-18T11:35:20+00:00\" \/>\n<meta property=\"article:modified_time\" content=\"2020-03-31T15:41:16+00:00\" \/>\n<meta property=\"og:image\" content=\"https:\/\/raed.academy\/wp-content\/uploads\/2020\/03\/Jose-Maria-Gay-de-Liebana-dstNtc-2.jpg\" \/>\n\t<meta property=\"og:image:width\" content=\"592\" \/>\n\t<meta property=\"og:image:height\" content=\"355\" \/>\n\t<meta property=\"og:image:type\" content=\"image\/jpeg\" \/>\n<meta name=\"author\" content=\"RAED\" \/>\n<meta name=\"twitter:card\" content=\"summary_large_image\" \/>\n<meta name=\"twitter:creator\" content=\"@raedacademy\" \/>\n<meta name=\"twitter:site\" content=\"@raedacademy\" \/>\n<meta name=\"twitter:label1\" content=\"Written by\" \/>\n\t<meta name=\"twitter:data1\" content=\"RAED\" \/>\n\t<meta name=\"twitter:label2\" content=\"Est. reading time\" \/>\n\t<meta name=\"twitter:data2\" content=\"3 minutes\" \/>\n<script type=\"application\/ld+json\" class=\"yoast-schema-graph\">{\"@context\":\"https:\\\/\\\/schema.org\",\"@graph\":[{\"@type\":\"Article\",\"@id\":\"https:\\\/\\\/raed.academy\\\/ca\\\/crisi-disruptiva-i-presa-de-pel-jose-maria-gay-de-liebana\\\/#article\",\"isPartOf\":{\"@id\":\"https:\\\/\\\/raed.academy\\\/ca\\\/crisi-disruptiva-i-presa-de-pel-jose-maria-gay-de-liebana\\\/\"},\"author\":{\"name\":\"RAED\",\"@id\":\"https:\\\/\\\/raed.academy\\\/ca\\\/#\\\/schema\\\/person\\\/5a755da80d1d979fd66ba745c8702927\"},\"headline\":\"Crisi disruptiva i presa de p\u00e8l\",\"datePublished\":\"2020-03-18T11:35:20+00:00\",\"dateModified\":\"2020-03-31T15:41:16+00:00\",\"mainEntityOfPage\":{\"@id\":\"https:\\\/\\\/raed.academy\\\/ca\\\/crisi-disruptiva-i-presa-de-pel-jose-maria-gay-de-liebana\\\/\"},\"wordCount\":609,\"publisher\":{\"@id\":\"https:\\\/\\\/raed.academy\\\/ca\\\/#organization\"},\"image\":{\"@id\":\"https:\\\/\\\/raed.academy\\\/ca\\\/crisi-disruptiva-i-presa-de-pel-jose-maria-gay-de-liebana\\\/#primaryimage\"},\"thumbnailUrl\":\"https:\\\/\\\/raed.academy\\\/wp-content\\\/uploads\\\/2020\\\/03\\\/Jose-Maria-Gay-de-Liebana-dstNtc-2.jpg\",\"articleSection\":[\"Coronavirus des del coneixement\",\"Economia i pol\u00edtica\"],\"inLanguage\":\"ca-ES\"},{\"@type\":\"WebPage\",\"@id\":\"https:\\\/\\\/raed.academy\\\/ca\\\/crisi-disruptiva-i-presa-de-pel-jose-maria-gay-de-liebana\\\/\",\"url\":\"https:\\\/\\\/raed.academy\\\/ca\\\/crisi-disruptiva-i-presa-de-pel-jose-maria-gay-de-liebana\\\/\",\"name\":\"Crisi disruptiva i presa de p\u00e8l - Reial Acad\u00e8mia Europea de Doctors\",\"isPartOf\":{\"@id\":\"https:\\\/\\\/raed.academy\\\/ca\\\/#website\"},\"primaryImageOfPage\":{\"@id\":\"https:\\\/\\\/raed.academy\\\/ca\\\/crisi-disruptiva-i-presa-de-pel-jose-maria-gay-de-liebana\\\/#primaryimage\"},\"image\":{\"@id\":\"https:\\\/\\\/raed.academy\\\/ca\\\/crisi-disruptiva-i-presa-de-pel-jose-maria-gay-de-liebana\\\/#primaryimage\"},\"thumbnailUrl\":\"https:\\\/\\\/raed.academy\\\/wp-content\\\/uploads\\\/2020\\\/03\\\/Jose-Maria-Gay-de-Liebana-dstNtc-2.jpg\",\"datePublished\":\"2020-03-18T11:35:20+00:00\",\"dateModified\":\"2020-03-31T15:41:16+00:00\",\"description\":\"El Dr. Jos\u00e9 Mar\u00eda Gay de Li\u00e9bana considera una \\\"presa de p\u00e8l\\\" l'anunci sobre els 200.000 milions d'euros mobilitza el Govern\",\"breadcrumb\":{\"@id\":\"https:\\\/\\\/raed.academy\\\/ca\\\/crisi-disruptiva-i-presa-de-pel-jose-maria-gay-de-liebana\\\/#breadcrumb\"},\"inLanguage\":\"ca-ES\",\"potentialAction\":[{\"@type\":\"ReadAction\",\"target\":[\"https:\\\/\\\/raed.academy\\\/ca\\\/crisi-disruptiva-i-presa-de-pel-jose-maria-gay-de-liebana\\\/\"]}]},{\"@type\":\"ImageObject\",\"inLanguage\":\"ca-ES\",\"@id\":\"https:\\\/\\\/raed.academy\\\/ca\\\/crisi-disruptiva-i-presa-de-pel-jose-maria-gay-de-liebana\\\/#primaryimage\",\"url\":\"https:\\\/\\\/raed.academy\\\/wp-content\\\/uploads\\\/2020\\\/03\\\/Jose-Maria-Gay-de-Liebana-dstNtc-2.jpg\",\"contentUrl\":\"https:\\\/\\\/raed.academy\\\/wp-content\\\/uploads\\\/2020\\\/03\\\/Jose-Maria-Gay-de-Liebana-dstNtc-2.jpg\",\"width\":592,\"height\":355,\"caption\":\"Dr. Jos\u00e9 Mar\u00eda Gay de Li\u00e9bana\"},{\"@type\":\"BreadcrumbList\",\"@id\":\"https:\\\/\\\/raed.academy\\\/ca\\\/crisi-disruptiva-i-presa-de-pel-jose-maria-gay-de-liebana\\\/#breadcrumb\",\"itemListElement\":[{\"@type\":\"ListItem\",\"position\":1,\"name\":\"Inicio\",\"item\":\"https:\\\/\\\/raed.academy\\\/ca\\\/\"},{\"@type\":\"ListItem\",\"position\":2,\"name\":\"Crisi disruptiva i presa de p\u00e8l\"}]},{\"@type\":\"WebSite\",\"@id\":\"https:\\\/\\\/raed.academy\\\/ca\\\/#website\",\"url\":\"https:\\\/\\\/raed.academy\\\/ca\\\/\",\"name\":\"Reial Acad\u00e8mia Europea de Doctors\",\"description\":\"Corporaci\u00f3n de derecho p\u00fablico de car\u00e1cter cient\u00edfico, t\u00e9cnico y art\u00edstico, que tiene por objeto la investigaci\u00f3n, el estudio, el fomento y la extensi\u00f3n del conocimiento en su sentido m\u00e1s amplio\",\"publisher\":{\"@id\":\"https:\\\/\\\/raed.academy\\\/ca\\\/#organization\"},\"potentialAction\":[{\"@type\":\"SearchAction\",\"target\":{\"@type\":\"EntryPoint\",\"urlTemplate\":\"https:\\\/\\\/raed.academy\\\/ca\\\/?s={search_term_string}\"},\"query-input\":{\"@type\":\"PropertyValueSpecification\",\"valueRequired\":true,\"valueName\":\"search_term_string\"}}],\"inLanguage\":\"ca-ES\"},{\"@type\":\"Organization\",\"@id\":\"https:\\\/\\\/raed.academy\\\/ca\\\/#organization\",\"name\":\"Real Academia Europea de Doctores\",\"url\":\"https:\\\/\\\/raed.academy\\\/ca\\\/\",\"logo\":{\"@type\":\"ImageObject\",\"inLanguage\":\"ca-ES\",\"@id\":\"https:\\\/\\\/raed.academy\\\/ca\\\/#\\\/schema\\\/logo\\\/image\\\/\",\"url\":\"https:\\\/\\\/raed.academy\\\/wp-content\\\/uploads\\\/2017\\\/01\\\/cropped-logo_raed.png\",\"contentUrl\":\"https:\\\/\\\/raed.academy\\\/wp-content\\\/uploads\\\/2017\\\/01\\\/cropped-logo_raed.png\",\"width\":512,\"height\":512,\"caption\":\"Real Academia Europea de Doctores\"},\"image\":{\"@id\":\"https:\\\/\\\/raed.academy\\\/ca\\\/#\\\/schema\\\/logo\\\/image\\\/\"},\"sameAs\":[\"http:\\\/\\\/fb.me\\\/raed.academy\",\"https:\\\/\\\/x.com\\\/raedacademy\",\"https:\\\/\\\/www.instagram.com\\\/raed.academy\\\/\",\"https:\\\/\\\/www.youtube.com\\\/channel\\\/UCUYQwW2KrdirNWihxMDObwg\"]},{\"@type\":\"Person\",\"@id\":\"https:\\\/\\\/raed.academy\\\/ca\\\/#\\\/schema\\\/person\\\/5a755da80d1d979fd66ba745c8702927\",\"name\":\"RAED\",\"image\":{\"@type\":\"ImageObject\",\"inLanguage\":\"ca-ES\",\"@id\":\"https:\\\/\\\/secure.gravatar.com\\\/avatar\\\/19fdfdc0d67fb9c45714b703a2ac82251c4fcea3637f002ac3c9b74c0183583c?s=96&d=mm&r=g\",\"url\":\"https:\\\/\\\/secure.gravatar.com\\\/avatar\\\/19fdfdc0d67fb9c45714b703a2ac82251c4fcea3637f002ac3c9b74c0183583c?s=96&d=mm&r=g\",\"contentUrl\":\"https:\\\/\\\/secure.gravatar.com\\\/avatar\\\/19fdfdc0d67fb9c45714b703a2ac82251c4fcea3637f002ac3c9b74c0183583c?s=96&d=mm&r=g\",\"caption\":\"RAED\"}}]}<\/script>\n<!-- \/ Yoast SEO plugin. -->","yoast_head_json":{"title":"Crisi disruptiva i presa de p\u00e8l - Reial Acad\u00e8mia Europea de Doctors","description":"El Dr. Jos\u00e9 Mar\u00eda Gay de Li\u00e9bana considera una \"presa de p\u00e8l\" l'anunci sobre els 200.000 milions d'euros mobilitza el Govern","robots":{"index":"index","follow":"follow","max-snippet":"max-snippet:-1","max-image-preview":"max-image-preview:large","max-video-preview":"max-video-preview:-1"},"canonical":"https:\/\/raed.academy\/ca\/crisi-disruptiva-i-presa-de-pel-jose-maria-gay-de-liebana\/","og_locale":"ca_ES","og_type":"article","og_title":"Crisi disruptiva i presa de p\u00e8l - Reial Acad\u00e8mia Europea de Doctors","og_description":"El Dr. Jos\u00e9 Mar\u00eda Gay de Li\u00e9bana considera una \"presa de p\u00e8l\" l'anunci sobre els 200.000 milions d'euros mobilitza el Govern","og_url":"https:\/\/raed.academy\/ca\/crisi-disruptiva-i-presa-de-pel-jose-maria-gay-de-liebana\/","og_site_name":"Reial Acad\u00e8mia Europea de Doctors","article_publisher":"http:\/\/fb.me\/raed.academy","article_published_time":"2020-03-18T11:35:20+00:00","article_modified_time":"2020-03-31T15:41:16+00:00","og_image":[{"width":592,"height":355,"url":"https:\/\/raed.academy\/wp-content\/uploads\/2020\/03\/Jose-Maria-Gay-de-Liebana-dstNtc-2.jpg","type":"image\/jpeg"}],"author":"RAED","twitter_card":"summary_large_image","twitter_creator":"@raedacademy","twitter_site":"@raedacademy","twitter_misc":{"Written by":"RAED","Est. reading time":"3 minutes"},"schema":{"@context":"https:\/\/schema.org","@graph":[{"@type":"Article","@id":"https:\/\/raed.academy\/ca\/crisi-disruptiva-i-presa-de-pel-jose-maria-gay-de-liebana\/#article","isPartOf":{"@id":"https:\/\/raed.academy\/ca\/crisi-disruptiva-i-presa-de-pel-jose-maria-gay-de-liebana\/"},"author":{"name":"RAED","@id":"https:\/\/raed.academy\/ca\/#\/schema\/person\/5a755da80d1d979fd66ba745c8702927"},"headline":"Crisi disruptiva i presa de p\u00e8l","datePublished":"2020-03-18T11:35:20+00:00","dateModified":"2020-03-31T15:41:16+00:00","mainEntityOfPage":{"@id":"https:\/\/raed.academy\/ca\/crisi-disruptiva-i-presa-de-pel-jose-maria-gay-de-liebana\/"},"wordCount":609,"publisher":{"@id":"https:\/\/raed.academy\/ca\/#organization"},"image":{"@id":"https:\/\/raed.academy\/ca\/crisi-disruptiva-i-presa-de-pel-jose-maria-gay-de-liebana\/#primaryimage"},"thumbnailUrl":"https:\/\/raed.academy\/wp-content\/uploads\/2020\/03\/Jose-Maria-Gay-de-Liebana-dstNtc-2.jpg","articleSection":["Coronavirus des del coneixement","Economia i pol\u00edtica"],"inLanguage":"ca-ES"},{"@type":"WebPage","@id":"https:\/\/raed.academy\/ca\/crisi-disruptiva-i-presa-de-pel-jose-maria-gay-de-liebana\/","url":"https:\/\/raed.academy\/ca\/crisi-disruptiva-i-presa-de-pel-jose-maria-gay-de-liebana\/","name":"Crisi disruptiva i presa de p\u00e8l - Reial Acad\u00e8mia Europea de Doctors","isPartOf":{"@id":"https:\/\/raed.academy\/ca\/#website"},"primaryImageOfPage":{"@id":"https:\/\/raed.academy\/ca\/crisi-disruptiva-i-presa-de-pel-jose-maria-gay-de-liebana\/#primaryimage"},"image":{"@id":"https:\/\/raed.academy\/ca\/crisi-disruptiva-i-presa-de-pel-jose-maria-gay-de-liebana\/#primaryimage"},"thumbnailUrl":"https:\/\/raed.academy\/wp-content\/uploads\/2020\/03\/Jose-Maria-Gay-de-Liebana-dstNtc-2.jpg","datePublished":"2020-03-18T11:35:20+00:00","dateModified":"2020-03-31T15:41:16+00:00","description":"El Dr. Jos\u00e9 Mar\u00eda Gay de Li\u00e9bana considera una \"presa de p\u00e8l\" l'anunci sobre els 200.000 milions d'euros mobilitza el Govern","breadcrumb":{"@id":"https:\/\/raed.academy\/ca\/crisi-disruptiva-i-presa-de-pel-jose-maria-gay-de-liebana\/#breadcrumb"},"inLanguage":"ca-ES","potentialAction":[{"@type":"ReadAction","target":["https:\/\/raed.academy\/ca\/crisi-disruptiva-i-presa-de-pel-jose-maria-gay-de-liebana\/"]}]},{"@type":"ImageObject","inLanguage":"ca-ES","@id":"https:\/\/raed.academy\/ca\/crisi-disruptiva-i-presa-de-pel-jose-maria-gay-de-liebana\/#primaryimage","url":"https:\/\/raed.academy\/wp-content\/uploads\/2020\/03\/Jose-Maria-Gay-de-Liebana-dstNtc-2.jpg","contentUrl":"https:\/\/raed.academy\/wp-content\/uploads\/2020\/03\/Jose-Maria-Gay-de-Liebana-dstNtc-2.jpg","width":592,"height":355,"caption":"Dr. Jos\u00e9 Mar\u00eda Gay de Li\u00e9bana"},{"@type":"BreadcrumbList","@id":"https:\/\/raed.academy\/ca\/crisi-disruptiva-i-presa-de-pel-jose-maria-gay-de-liebana\/#breadcrumb","itemListElement":[{"@type":"ListItem","position":1,"name":"Inicio","item":"https:\/\/raed.academy\/ca\/"},{"@type":"ListItem","position":2,"name":"Crisi disruptiva i presa de p\u00e8l"}]},{"@type":"WebSite","@id":"https:\/\/raed.academy\/ca\/#website","url":"https:\/\/raed.academy\/ca\/","name":"Reial Acad\u00e8mia Europea de Doctors","description":"Corporaci\u00f3n de derecho p\u00fablico de car\u00e1cter cient\u00edfico, t\u00e9cnico y art\u00edstico, que tiene por objeto la investigaci\u00f3n, el estudio, el fomento y la extensi\u00f3n del conocimiento en su sentido m\u00e1s amplio","publisher":{"@id":"https:\/\/raed.academy\/ca\/#organization"},"potentialAction":[{"@type":"SearchAction","target":{"@type":"EntryPoint","urlTemplate":"https:\/\/raed.academy\/ca\/?s={search_term_string}"},"query-input":{"@type":"PropertyValueSpecification","valueRequired":true,"valueName":"search_term_string"}}],"inLanguage":"ca-ES"},{"@type":"Organization","@id":"https:\/\/raed.academy\/ca\/#organization","name":"Real Academia Europea de Doctores","url":"https:\/\/raed.academy\/ca\/","logo":{"@type":"ImageObject","inLanguage":"ca-ES","@id":"https:\/\/raed.academy\/ca\/#\/schema\/logo\/image\/","url":"https:\/\/raed.academy\/wp-content\/uploads\/2017\/01\/cropped-logo_raed.png","contentUrl":"https:\/\/raed.academy\/wp-content\/uploads\/2017\/01\/cropped-logo_raed.png","width":512,"height":512,"caption":"Real Academia Europea de Doctores"},"image":{"@id":"https:\/\/raed.academy\/ca\/#\/schema\/logo\/image\/"},"sameAs":["http:\/\/fb.me\/raed.academy","https:\/\/x.com\/raedacademy","https:\/\/www.instagram.com\/raed.academy\/","https:\/\/www.youtube.com\/channel\/UCUYQwW2KrdirNWihxMDObwg"]},{"@type":"Person","@id":"https:\/\/raed.academy\/ca\/#\/schema\/person\/5a755da80d1d979fd66ba745c8702927","name":"RAED","image":{"@type":"ImageObject","inLanguage":"ca-ES","@id":"https:\/\/secure.gravatar.com\/avatar\/19fdfdc0d67fb9c45714b703a2ac82251c4fcea3637f002ac3c9b74c0183583c?s=96&d=mm&r=g","url":"https:\/\/secure.gravatar.com\/avatar\/19fdfdc0d67fb9c45714b703a2ac82251c4fcea3637f002ac3c9b74c0183583c?s=96&d=mm&r=g","contentUrl":"https:\/\/secure.gravatar.com\/avatar\/19fdfdc0d67fb9c45714b703a2ac82251c4fcea3637f002ac3c9b74c0183583c?s=96&d=mm&r=g","caption":"RAED"}}]}},"_links":{"self":[{"href":"https:\/\/raed.academy\/ca\/wp-json\/wp\/v2\/posts\/88541","targetHints":{"allow":["GET"]}}],"collection":[{"href":"https:\/\/raed.academy\/ca\/wp-json\/wp\/v2\/posts"}],"about":[{"href":"https:\/\/raed.academy\/ca\/wp-json\/wp\/v2\/types\/post"}],"author":[{"embeddable":true,"href":"https:\/\/raed.academy\/ca\/wp-json\/wp\/v2\/users\/12"}],"replies":[{"embeddable":true,"href":"https:\/\/raed.academy\/ca\/wp-json\/wp\/v2\/comments?post=88541"}],"version-history":[{"count":0,"href":"https:\/\/raed.academy\/ca\/wp-json\/wp\/v2\/posts\/88541\/revisions"}],"wp:featuredmedia":[{"embeddable":true,"href":"https:\/\/raed.academy\/ca\/wp-json\/wp\/v2\/media\/94746"}],"wp:attachment":[{"href":"https:\/\/raed.academy\/ca\/wp-json\/wp\/v2\/media?parent=88541"}],"wp:term":[{"taxonomy":"category","embeddable":true,"href":"https:\/\/raed.academy\/ca\/wp-json\/wp\/v2\/categories?post=88541"},{"taxonomy":"post_tag","embeddable":true,"href":"https:\/\/raed.academy\/ca\/wp-json\/wp\/v2\/tags?post=88541"}],"curies":[{"name":"wp","href":"https:\/\/api.w.org\/{rel}","templated":true}]}}