{"id":88134,"date":"2020-03-05T06:38:52","date_gmt":"2020-03-05T06:38:52","guid":{"rendered":"https:\/\/raed.academy\/?p=88134"},"modified":"2020-03-05T16:12:43","modified_gmt":"2020-03-05T16:12:43","slug":"esmorzar-com-un-rei","status":"publish","type":"post","link":"https:\/\/raed.academy\/ca\/esmorzar-com-un-rei\/","title":{"rendered":"Esmorzar com un rei"},"content":{"rendered":"<p><img loading=\"lazy\" decoding=\"async\" class=\"alignleft wp-image-88077 size-full\" src=\"https:\/\/raed.academy\/wp-content\/uploads\/2020\/03\/Gregorio-Varela.jpg\" alt=\"Dia Nacional de l'Esmorzar\" width=\"350\" height=\"250\" data-attachment-id=\"88077\" data-permalink=\"https:\/\/raed.academy\/desayunar-como-un-rey\/gregorio-varela-2\/\" data-orig-file=\"https:\/\/raed.academy\/wp-content\/uploads\/2020\/03\/Gregorio-Varela.jpg\" data-orig-size=\"350,250\" data-comments-opened=\"0\" data-image-meta=\"{&quot;aperture&quot;:&quot;0&quot;,&quot;credit&quot;:&quot;&quot;,&quot;camera&quot;:&quot;&quot;,&quot;caption&quot;:&quot;&quot;,&quot;created_timestamp&quot;:&quot;0&quot;,&quot;copyright&quot;:&quot;&quot;,&quot;focal_length&quot;:&quot;0&quot;,&quot;iso&quot;:&quot;0&quot;,&quot;shutter_speed&quot;:&quot;0&quot;,&quot;title&quot;:&quot;&quot;,&quot;orientation&quot;:&quot;0&quot;}\" data-image-title=\"Gregorio-Varela\" data-image-description=\"\" data-medium-file=\"https:\/\/raed.academy\/wp-content\/uploads\/2020\/03\/Gregorio-Varela.jpg\" data-large-file=\"https:\/\/raed.academy\/wp-content\/uploads\/2020\/03\/Gregorio-Varela.jpg\" \/>La <a href=\"http:\/\/www.fen.org.es\/\" target=\"_blank\" rel=\"noopener noreferrer\"><strong>Fundaci\u00f3 Espanyola de la Nutrici\u00f3<\/strong><\/a>, presidida per <a href=\"https:\/\/raed.academy\/ca\/academics\/dr-gregorio-varela-moreiras\/\" target=\"_blank\" rel=\"noopener noreferrer\"><strong>Gregorio Varela<\/strong><\/a>, acad\u00e8mic de n\u00famero de la <strong>Reial Acad\u00e8mia Europea de Doctors-Barcelona 1914<\/strong> (RAED), va celebrar el passat 13 de febrer en col\u00b7laboraci\u00f3 amb el <a href=\"http:\/\/www.mapa.gob.es\" target=\"_blank\" rel=\"noopener noreferrer\"><strong>Ministeri d&#8217;Agricultura, Pesca i Alimentaci\u00f3<\/strong><\/a> el <strong>Dia Nacional de l&#8217;Esmorzar<\/strong>, que pret\u00e9n incidir sobre la import\u00e0ncia d&#8217;aquesta ingesta per afrontar el dia i mantenir una dieta equilibrada. La jornada va estar acompanyada d&#8217;un acte p\u00fablic que es va realitzar a la seu ministerial en qu\u00e8 <strong>Jos\u00e9 Miguel Herrero<\/strong>, director general d&#8217;<strong>Ind\u00fastria Aliment\u00e0ria<\/strong>, el xef <strong>Joaqu\u00edn Felipe<\/strong> i el mateix Varela van alertar dels d\u00e8ficits que pateix la poblaci\u00f3 espanyola amb aquesta saludable rutina.<\/p>\n<p>A la jornada es va presentar una enquesta elaborada al llarg del 2019 per la pr\u00f2pia Fundaci\u00f3 Espanyola de la Nutrici\u00f3 que indica que un 55,3% de la poblaci\u00f3 espanyola li dedica menys de deu minuts a l&#8217;esmorzar. A m\u00e9s, tot i que el 86,7% dels enquestats declara que es tracta d&#8217;una rutina que sol fer a casa, tan sols el 29% ho fa asseguts i en companyia. Tot i que el 90,6% dels enquestats afirma esmorzar cada dia, tan sols el 13,5% d&#8217;aquests declara que el seu menjar matinal inclou una beguda (fonamentalment lactis o beguda combinada amb ells), aliments del grup dels cereals i derivats i fruita, com marquen les recomanacions dels experts en nutrici\u00f3.<\/p>\n<p>Addicionalment, el 29% dels enquestats que esmorzen afirma incorporar tamb\u00e9 d&#8217;altres aliments com oli d&#8217;oliva, tom\u00e0quet, pernil serr\u00e0 o gall dindi. D&#8217;altra banda, el 9,4% dels enquestats afirma que no esmorza mai, xifra que s&#8217;eleva fins al 20,6% entre els 18 i els 30 anys. I quan se&#8217;ls pregunta pels motius per no esmorzar, el 44,2% explica que \u00e9s per falta de gana quan es lleva, un 26,4% al\u00b7lega la manca de temps, i un 4% afirma que prefereix menjar m\u00e9s quantitat al dinar o al sopar.<\/p>\n<p>Davant aquesta \u00faltima premissa, des de la Fundaci\u00f3 Espanyola de la Nutrici\u00f3 afirmen que quan fem un esmorzar incomplet o l&#8217;ometem, arribem a la seg\u00fcent ingesta amb m\u00e9s gana i, per tant, es corre el risc d&#8217;ingerir m\u00e9s calories de les necess\u00e0ries i desembocar en una dieta hiperenerg\u00e8tica i pitjor densitat nutricional. &#8220;Els nous estils de vida, fonamentalment a les grans ciutats, han fet sacrificar en moltes ocasions un dels \u00e0pats m\u00e9s importants del dia, fent esmorzars cada vegada m\u00e9s lleugers, poc variats, escassament compartits, incompletes i, a vegades, arribem a ometre&#8217;ls&#8221;, va assenyalar Varela.<\/p>\n<p><img loading=\"lazy\" decoding=\"async\" class=\"alignright wp-image-88071\" src=\"https:\/\/raed.academy\/wp-content\/uploads\/2020\/03\/desayuno-saludable-dstNtc.jpg\" alt=\"\" width=\"400\" height=\"301\" data-attachment-id=\"88071\" data-permalink=\"https:\/\/raed.academy\/desayunar-como-un-rey\/desayuno-saludable-dstntc\/\" data-orig-file=\"https:\/\/raed.academy\/wp-content\/uploads\/2020\/03\/desayuno-saludable-dstNtc.jpg\" data-orig-size=\"600,451\" data-comments-opened=\"0\" data-image-meta=\"{&quot;aperture&quot;:&quot;0&quot;,&quot;credit&quot;:&quot;&quot;,&quot;camera&quot;:&quot;&quot;,&quot;caption&quot;:&quot;&quot;,&quot;created_timestamp&quot;:&quot;0&quot;,&quot;copyright&quot;:&quot;&quot;,&quot;focal_length&quot;:&quot;0&quot;,&quot;iso&quot;:&quot;0&quot;,&quot;shutter_speed&quot;:&quot;0&quot;,&quot;title&quot;:&quot;&quot;,&quot;orientation&quot;:&quot;0&quot;}\" data-image-title=\"desayuno-saludable-dstNtc\" data-image-description=\"\" data-medium-file=\"https:\/\/raed.academy\/wp-content\/uploads\/2020\/03\/desayuno-saludable-dstNtc.jpg\" data-large-file=\"https:\/\/raed.academy\/wp-content\/uploads\/2020\/03\/desayuno-saludable-dstNtc.jpg\" \/>Per a l&#8217;acad\u00e8mic, l&#8217;esmorzar saludable \u00e9s aquell que \u00e9s variat, complet, equilibrat, social, satisfactori i, en tot el possible, atenint-nos a criteris de sostenibilitat aliment\u00e0ria. &#8220;No podem dir que hi hagi un esmorzar ideal, sin\u00f3 que hi ha multitud de combinacions que s&#8217;han d&#8217;adequar a les necessitats i circumst\u00e0ncies de cada persona i el seu entorn. \u00c9s recomanable que es vari\u00efn tant els aliments com la seva presentaci\u00f3, igual que fem amb el dinar o amb el sopar. d&#8217;aquesta manera, trencarem amb la monotonia i gaudirem m\u00e9s dels nostres esmorzars&#8221;, va explicar.<\/p>\n<p>D&#8217;altra banda, segons l&#8217;<strong>Estudi Nutricional en Poblaci\u00f3 Infantil Espanyola<\/strong>, un projecte promogut per la <a href=\"http:\/\/www.finut.org\" target=\"_blank\" rel=\"noopener noreferrer\"><strong>Fundaci\u00f3 Iberoamericana de Nutrici\u00f3<\/strong><\/a> i la Fundaci\u00f3 Espanyola de la Nutrici\u00f3 que analitza els patrons d&#8217;alimentaci\u00f3, h\u00e0bits d&#8217;activitat f\u00edsica i sedentarisme, aix\u00ed com a determinants socioecon\u00f2mics en la poblaci\u00f3 infantil espanyola d&#8217;1 a 9 anys, la mitjana d&#8217;ingesta cal\u00f2rica dels nens \u00e9s de 267 kcal (18% de per a nens d&#8217;1 a 6 anys i 14% per a nens de 6 a 9 anys), la qual cosa suposa una contribuci\u00f3 menor a les recomanacions, que estableixen que l&#8217;aportaci\u00f3 cal\u00f2rica de l&#8217;esmorzar ha de suposar entre un 20 i un 25% del total d&#8217;energia del dia.<\/p>\n<p>&nbsp;<\/p>\n<h3><a href=\"https:\/\/raed.academy\/wp-content\/uploads\/2020\/03\/decalogo-infografia-compr.pdf\" target=\"_blank\" rel=\"noopener noreferrer\">H\u00e0bits en l&#8217;esmorzar a Espanya<\/a><\/h3>\n","protected":false},"excerpt":{"rendered":"<p>La Fundaci\u00f3 Espanyola de la Nutrici\u00f3, presidida per Gregorio Varela, acad\u00e8mic de n\u00famero de la Reial Acad\u00e8mia Europea de Doctors-Barcelona 1914 (RAED), va celebrar el passat 13 de febrer en col\u00b7laboraci\u00f3 amb el Ministeri d&#8217;Agricultura, Pesca i Alimentaci\u00f3 el Dia Nacional de l&#8217;Esmorzar, que pret\u00e9n incidir sobre la import\u00e0ncia d&#8217;aquesta ingesta per afrontar el dia [&hellip;]<\/p>\n","protected":false},"author":12,"featured_media":88072,"comment_status":"closed","ping_status":"closed","sticky":false,"template":"","format":"standard","meta":{"_et_pb_use_builder":"","_et_pb_old_content":"","_et_gb_content_width":"","footnotes":""},"categories":[237],"tags":[],"class_list":["post-88134","post","type-post","status-publish","format-standard","has-post-thumbnail","hentry","category-alimentacio-i-nutricio","et-has-post-format-content","et_post_format-et-post-format-standard"],"yoast_head":"<!-- This site is optimized with the Yoast SEO plugin v27.5 - https:\/\/yoast.com\/product\/yoast-seo-wordpress\/ -->\n<title>Esmorzar com un rei - Reial Acad\u00e8mia Europea de Doctors<\/title>\n<meta name=\"description\" content=\"La Fundaci\u00f3 Espanyola de la Nutrici\u00f3 celebra el Dia Nacional de l&#039;Esmorzar, que incideix sobre la import\u00e0ncia d&#039;aquesta ingesta.\" \/>\n<meta name=\"robots\" content=\"index, follow, max-snippet:-1, max-image-preview:large, max-video-preview:-1\" \/>\n<link rel=\"canonical\" href=\"https:\/\/raed.academy\/ca\/esmorzar-com-un-rei\/\" \/>\n<meta property=\"og:locale\" content=\"ca_ES\" \/>\n<meta property=\"og:type\" content=\"article\" \/>\n<meta property=\"og:title\" content=\"Esmorzar com un rei - Reial Acad\u00e8mia Europea de Doctors\" \/>\n<meta property=\"og:description\" content=\"La Fundaci\u00f3 Espanyola de la Nutrici\u00f3 celebra el Dia Nacional de l&#039;Esmorzar, que incideix sobre la import\u00e0ncia d&#039;aquesta ingesta.\" \/>\n<meta property=\"og:url\" content=\"https:\/\/raed.academy\/ca\/esmorzar-com-un-rei\/\" \/>\n<meta property=\"og:site_name\" content=\"Reial Acad\u00e8mia Europea de Doctors\" \/>\n<meta property=\"article:publisher\" content=\"http:\/\/fb.me\/raed.academy\" \/>\n<meta property=\"article:published_time\" content=\"2020-03-05T06:38:52+00:00\" \/>\n<meta property=\"article:modified_time\" content=\"2020-03-05T16:12:43+00:00\" \/>\n<meta property=\"og:image\" content=\"https:\/\/raed.academy\/wp-content\/uploads\/2020\/03\/desayuno-saludable-dstNtc.jpg\" \/>\n\t<meta property=\"og:image:width\" content=\"600\" \/>\n\t<meta property=\"og:image:height\" content=\"451\" \/>\n\t<meta property=\"og:image:type\" content=\"image\/jpeg\" \/>\n<meta name=\"author\" content=\"RAED\" \/>\n<meta name=\"twitter:card\" content=\"summary_large_image\" \/>\n<meta name=\"twitter:creator\" content=\"@raedacademy\" \/>\n<meta name=\"twitter:site\" content=\"@raedacademy\" \/>\n<meta name=\"twitter:label1\" content=\"Written by\" \/>\n\t<meta name=\"twitter:data1\" content=\"RAED\" \/>\n\t<meta name=\"twitter:label2\" content=\"Est. reading time\" \/>\n\t<meta name=\"twitter:data2\" content=\"3 minutes\" \/>\n<script type=\"application\/ld+json\" class=\"yoast-schema-graph\">{\"@context\":\"https:\\\/\\\/schema.org\",\"@graph\":[{\"@type\":\"Article\",\"@id\":\"https:\\\/\\\/raed.academy\\\/ca\\\/esmorzar-com-un-rei\\\/#article\",\"isPartOf\":{\"@id\":\"https:\\\/\\\/raed.academy\\\/ca\\\/esmorzar-com-un-rei\\\/\"},\"author\":{\"name\":\"RAED\",\"@id\":\"https:\\\/\\\/raed.academy\\\/ca\\\/#\\\/schema\\\/person\\\/5a755da80d1d979fd66ba745c8702927\"},\"headline\":\"Esmorzar com un rei\",\"datePublished\":\"2020-03-05T06:38:52+00:00\",\"dateModified\":\"2020-03-05T16:12:43+00:00\",\"mainEntityOfPage\":{\"@id\":\"https:\\\/\\\/raed.academy\\\/ca\\\/esmorzar-com-un-rei\\\/\"},\"wordCount\":655,\"publisher\":{\"@id\":\"https:\\\/\\\/raed.academy\\\/ca\\\/#organization\"},\"image\":{\"@id\":\"https:\\\/\\\/raed.academy\\\/ca\\\/esmorzar-com-un-rei\\\/#primaryimage\"},\"thumbnailUrl\":\"https:\\\/\\\/raed.academy\\\/wp-content\\\/uploads\\\/2020\\\/03\\\/desayuno-saludable-dstNtc.jpg\",\"articleSection\":[\"Alimentaci\u00f3 i nutrici\u00f3\"],\"inLanguage\":\"ca-ES\"},{\"@type\":\"WebPage\",\"@id\":\"https:\\\/\\\/raed.academy\\\/ca\\\/esmorzar-com-un-rei\\\/\",\"url\":\"https:\\\/\\\/raed.academy\\\/ca\\\/esmorzar-com-un-rei\\\/\",\"name\":\"Esmorzar com un rei - Reial Acad\u00e8mia Europea de Doctors\",\"isPartOf\":{\"@id\":\"https:\\\/\\\/raed.academy\\\/ca\\\/#website\"},\"primaryImageOfPage\":{\"@id\":\"https:\\\/\\\/raed.academy\\\/ca\\\/esmorzar-com-un-rei\\\/#primaryimage\"},\"image\":{\"@id\":\"https:\\\/\\\/raed.academy\\\/ca\\\/esmorzar-com-un-rei\\\/#primaryimage\"},\"thumbnailUrl\":\"https:\\\/\\\/raed.academy\\\/wp-content\\\/uploads\\\/2020\\\/03\\\/desayuno-saludable-dstNtc.jpg\",\"datePublished\":\"2020-03-05T06:38:52+00:00\",\"dateModified\":\"2020-03-05T16:12:43+00:00\",\"description\":\"La Fundaci\u00f3 Espanyola de la Nutrici\u00f3 celebra el Dia Nacional de l'Esmorzar, que incideix sobre la import\u00e0ncia d'aquesta ingesta.\",\"breadcrumb\":{\"@id\":\"https:\\\/\\\/raed.academy\\\/ca\\\/esmorzar-com-un-rei\\\/#breadcrumb\"},\"inLanguage\":\"ca-ES\",\"potentialAction\":[{\"@type\":\"ReadAction\",\"target\":[\"https:\\\/\\\/raed.academy\\\/ca\\\/esmorzar-com-un-rei\\\/\"]}]},{\"@type\":\"ImageObject\",\"inLanguage\":\"ca-ES\",\"@id\":\"https:\\\/\\\/raed.academy\\\/ca\\\/esmorzar-com-un-rei\\\/#primaryimage\",\"url\":\"https:\\\/\\\/raed.academy\\\/wp-content\\\/uploads\\\/2020\\\/03\\\/desayuno-saludable-dstNtc.jpg\",\"contentUrl\":\"https:\\\/\\\/raed.academy\\\/wp-content\\\/uploads\\\/2020\\\/03\\\/desayuno-saludable-dstNtc.jpg\",\"width\":600,\"height\":451},{\"@type\":\"BreadcrumbList\",\"@id\":\"https:\\\/\\\/raed.academy\\\/ca\\\/esmorzar-com-un-rei\\\/#breadcrumb\",\"itemListElement\":[{\"@type\":\"ListItem\",\"position\":1,\"name\":\"Inicio\",\"item\":\"https:\\\/\\\/raed.academy\\\/ca\\\/\"},{\"@type\":\"ListItem\",\"position\":2,\"name\":\"Esmorzar com un rei\"}]},{\"@type\":\"WebSite\",\"@id\":\"https:\\\/\\\/raed.academy\\\/ca\\\/#website\",\"url\":\"https:\\\/\\\/raed.academy\\\/ca\\\/\",\"name\":\"Reial Acad\u00e8mia Europea de Doctors\",\"description\":\"Corporaci\u00f3n de derecho p\u00fablico de car\u00e1cter cient\u00edfico, t\u00e9cnico y art\u00edstico, que tiene por objeto la investigaci\u00f3n, el estudio, el fomento y la extensi\u00f3n del conocimiento en su sentido m\u00e1s amplio\",\"publisher\":{\"@id\":\"https:\\\/\\\/raed.academy\\\/ca\\\/#organization\"},\"potentialAction\":[{\"@type\":\"SearchAction\",\"target\":{\"@type\":\"EntryPoint\",\"urlTemplate\":\"https:\\\/\\\/raed.academy\\\/ca\\\/?s={search_term_string}\"},\"query-input\":{\"@type\":\"PropertyValueSpecification\",\"valueRequired\":true,\"valueName\":\"search_term_string\"}}],\"inLanguage\":\"ca-ES\"},{\"@type\":\"Organization\",\"@id\":\"https:\\\/\\\/raed.academy\\\/ca\\\/#organization\",\"name\":\"Real Academia Europea de Doctores\",\"url\":\"https:\\\/\\\/raed.academy\\\/ca\\\/\",\"logo\":{\"@type\":\"ImageObject\",\"inLanguage\":\"ca-ES\",\"@id\":\"https:\\\/\\\/raed.academy\\\/ca\\\/#\\\/schema\\\/logo\\\/image\\\/\",\"url\":\"https:\\\/\\\/raed.academy\\\/wp-content\\\/uploads\\\/2017\\\/01\\\/cropped-logo_raed.png\",\"contentUrl\":\"https:\\\/\\\/raed.academy\\\/wp-content\\\/uploads\\\/2017\\\/01\\\/cropped-logo_raed.png\",\"width\":512,\"height\":512,\"caption\":\"Real Academia Europea de Doctores\"},\"image\":{\"@id\":\"https:\\\/\\\/raed.academy\\\/ca\\\/#\\\/schema\\\/logo\\\/image\\\/\"},\"sameAs\":[\"http:\\\/\\\/fb.me\\\/raed.academy\",\"https:\\\/\\\/x.com\\\/raedacademy\",\"https:\\\/\\\/www.instagram.com\\\/raed.academy\\\/\",\"https:\\\/\\\/www.youtube.com\\\/channel\\\/UCUYQwW2KrdirNWihxMDObwg\"]},{\"@type\":\"Person\",\"@id\":\"https:\\\/\\\/raed.academy\\\/ca\\\/#\\\/schema\\\/person\\\/5a755da80d1d979fd66ba745c8702927\",\"name\":\"RAED\",\"image\":{\"@type\":\"ImageObject\",\"inLanguage\":\"ca-ES\",\"@id\":\"https:\\\/\\\/secure.gravatar.com\\\/avatar\\\/19fdfdc0d67fb9c45714b703a2ac82251c4fcea3637f002ac3c9b74c0183583c?s=96&d=mm&r=g\",\"url\":\"https:\\\/\\\/secure.gravatar.com\\\/avatar\\\/19fdfdc0d67fb9c45714b703a2ac82251c4fcea3637f002ac3c9b74c0183583c?s=96&d=mm&r=g\",\"contentUrl\":\"https:\\\/\\\/secure.gravatar.com\\\/avatar\\\/19fdfdc0d67fb9c45714b703a2ac82251c4fcea3637f002ac3c9b74c0183583c?s=96&d=mm&r=g\",\"caption\":\"RAED\"}}]}<\/script>\n<!-- \/ Yoast SEO plugin. -->","yoast_head_json":{"title":"Esmorzar com un rei - Reial Acad\u00e8mia Europea de Doctors","description":"La Fundaci\u00f3 Espanyola de la Nutrici\u00f3 celebra el Dia Nacional de l'Esmorzar, que incideix sobre la import\u00e0ncia d'aquesta ingesta.","robots":{"index":"index","follow":"follow","max-snippet":"max-snippet:-1","max-image-preview":"max-image-preview:large","max-video-preview":"max-video-preview:-1"},"canonical":"https:\/\/raed.academy\/ca\/esmorzar-com-un-rei\/","og_locale":"ca_ES","og_type":"article","og_title":"Esmorzar com un rei - Reial Acad\u00e8mia Europea de Doctors","og_description":"La Fundaci\u00f3 Espanyola de la Nutrici\u00f3 celebra el Dia Nacional de l'Esmorzar, que incideix sobre la import\u00e0ncia d'aquesta ingesta.","og_url":"https:\/\/raed.academy\/ca\/esmorzar-com-un-rei\/","og_site_name":"Reial Acad\u00e8mia Europea de Doctors","article_publisher":"http:\/\/fb.me\/raed.academy","article_published_time":"2020-03-05T06:38:52+00:00","article_modified_time":"2020-03-05T16:12:43+00:00","og_image":[{"width":600,"height":451,"url":"https:\/\/raed.academy\/wp-content\/uploads\/2020\/03\/desayuno-saludable-dstNtc.jpg","type":"image\/jpeg"}],"author":"RAED","twitter_card":"summary_large_image","twitter_creator":"@raedacademy","twitter_site":"@raedacademy","twitter_misc":{"Written by":"RAED","Est. reading time":"3 minutes"},"schema":{"@context":"https:\/\/schema.org","@graph":[{"@type":"Article","@id":"https:\/\/raed.academy\/ca\/esmorzar-com-un-rei\/#article","isPartOf":{"@id":"https:\/\/raed.academy\/ca\/esmorzar-com-un-rei\/"},"author":{"name":"RAED","@id":"https:\/\/raed.academy\/ca\/#\/schema\/person\/5a755da80d1d979fd66ba745c8702927"},"headline":"Esmorzar com un rei","datePublished":"2020-03-05T06:38:52+00:00","dateModified":"2020-03-05T16:12:43+00:00","mainEntityOfPage":{"@id":"https:\/\/raed.academy\/ca\/esmorzar-com-un-rei\/"},"wordCount":655,"publisher":{"@id":"https:\/\/raed.academy\/ca\/#organization"},"image":{"@id":"https:\/\/raed.academy\/ca\/esmorzar-com-un-rei\/#primaryimage"},"thumbnailUrl":"https:\/\/raed.academy\/wp-content\/uploads\/2020\/03\/desayuno-saludable-dstNtc.jpg","articleSection":["Alimentaci\u00f3 i nutrici\u00f3"],"inLanguage":"ca-ES"},{"@type":"WebPage","@id":"https:\/\/raed.academy\/ca\/esmorzar-com-un-rei\/","url":"https:\/\/raed.academy\/ca\/esmorzar-com-un-rei\/","name":"Esmorzar com un rei - Reial Acad\u00e8mia Europea de Doctors","isPartOf":{"@id":"https:\/\/raed.academy\/ca\/#website"},"primaryImageOfPage":{"@id":"https:\/\/raed.academy\/ca\/esmorzar-com-un-rei\/#primaryimage"},"image":{"@id":"https:\/\/raed.academy\/ca\/esmorzar-com-un-rei\/#primaryimage"},"thumbnailUrl":"https:\/\/raed.academy\/wp-content\/uploads\/2020\/03\/desayuno-saludable-dstNtc.jpg","datePublished":"2020-03-05T06:38:52+00:00","dateModified":"2020-03-05T16:12:43+00:00","description":"La Fundaci\u00f3 Espanyola de la Nutrici\u00f3 celebra el Dia Nacional de l'Esmorzar, que incideix sobre la import\u00e0ncia d'aquesta ingesta.","breadcrumb":{"@id":"https:\/\/raed.academy\/ca\/esmorzar-com-un-rei\/#breadcrumb"},"inLanguage":"ca-ES","potentialAction":[{"@type":"ReadAction","target":["https:\/\/raed.academy\/ca\/esmorzar-com-un-rei\/"]}]},{"@type":"ImageObject","inLanguage":"ca-ES","@id":"https:\/\/raed.academy\/ca\/esmorzar-com-un-rei\/#primaryimage","url":"https:\/\/raed.academy\/wp-content\/uploads\/2020\/03\/desayuno-saludable-dstNtc.jpg","contentUrl":"https:\/\/raed.academy\/wp-content\/uploads\/2020\/03\/desayuno-saludable-dstNtc.jpg","width":600,"height":451},{"@type":"BreadcrumbList","@id":"https:\/\/raed.academy\/ca\/esmorzar-com-un-rei\/#breadcrumb","itemListElement":[{"@type":"ListItem","position":1,"name":"Inicio","item":"https:\/\/raed.academy\/ca\/"},{"@type":"ListItem","position":2,"name":"Esmorzar com un rei"}]},{"@type":"WebSite","@id":"https:\/\/raed.academy\/ca\/#website","url":"https:\/\/raed.academy\/ca\/","name":"Reial Acad\u00e8mia Europea de Doctors","description":"Corporaci\u00f3n de derecho p\u00fablico de car\u00e1cter cient\u00edfico, t\u00e9cnico y art\u00edstico, que tiene por objeto la investigaci\u00f3n, el estudio, el fomento y la extensi\u00f3n del conocimiento en su sentido m\u00e1s amplio","publisher":{"@id":"https:\/\/raed.academy\/ca\/#organization"},"potentialAction":[{"@type":"SearchAction","target":{"@type":"EntryPoint","urlTemplate":"https:\/\/raed.academy\/ca\/?s={search_term_string}"},"query-input":{"@type":"PropertyValueSpecification","valueRequired":true,"valueName":"search_term_string"}}],"inLanguage":"ca-ES"},{"@type":"Organization","@id":"https:\/\/raed.academy\/ca\/#organization","name":"Real Academia Europea de Doctores","url":"https:\/\/raed.academy\/ca\/","logo":{"@type":"ImageObject","inLanguage":"ca-ES","@id":"https:\/\/raed.academy\/ca\/#\/schema\/logo\/image\/","url":"https:\/\/raed.academy\/wp-content\/uploads\/2017\/01\/cropped-logo_raed.png","contentUrl":"https:\/\/raed.academy\/wp-content\/uploads\/2017\/01\/cropped-logo_raed.png","width":512,"height":512,"caption":"Real Academia Europea de Doctores"},"image":{"@id":"https:\/\/raed.academy\/ca\/#\/schema\/logo\/image\/"},"sameAs":["http:\/\/fb.me\/raed.academy","https:\/\/x.com\/raedacademy","https:\/\/www.instagram.com\/raed.academy\/","https:\/\/www.youtube.com\/channel\/UCUYQwW2KrdirNWihxMDObwg"]},{"@type":"Person","@id":"https:\/\/raed.academy\/ca\/#\/schema\/person\/5a755da80d1d979fd66ba745c8702927","name":"RAED","image":{"@type":"ImageObject","inLanguage":"ca-ES","@id":"https:\/\/secure.gravatar.com\/avatar\/19fdfdc0d67fb9c45714b703a2ac82251c4fcea3637f002ac3c9b74c0183583c?s=96&d=mm&r=g","url":"https:\/\/secure.gravatar.com\/avatar\/19fdfdc0d67fb9c45714b703a2ac82251c4fcea3637f002ac3c9b74c0183583c?s=96&d=mm&r=g","contentUrl":"https:\/\/secure.gravatar.com\/avatar\/19fdfdc0d67fb9c45714b703a2ac82251c4fcea3637f002ac3c9b74c0183583c?s=96&d=mm&r=g","caption":"RAED"}}]}},"_links":{"self":[{"href":"https:\/\/raed.academy\/ca\/wp-json\/wp\/v2\/posts\/88134","targetHints":{"allow":["GET"]}}],"collection":[{"href":"https:\/\/raed.academy\/ca\/wp-json\/wp\/v2\/posts"}],"about":[{"href":"https:\/\/raed.academy\/ca\/wp-json\/wp\/v2\/types\/post"}],"author":[{"embeddable":true,"href":"https:\/\/raed.academy\/ca\/wp-json\/wp\/v2\/users\/12"}],"replies":[{"embeddable":true,"href":"https:\/\/raed.academy\/ca\/wp-json\/wp\/v2\/comments?post=88134"}],"version-history":[{"count":0,"href":"https:\/\/raed.academy\/ca\/wp-json\/wp\/v2\/posts\/88134\/revisions"}],"wp:featuredmedia":[{"embeddable":true,"href":"https:\/\/raed.academy\/ca\/wp-json\/wp\/v2\/media\/88072"}],"wp:attachment":[{"href":"https:\/\/raed.academy\/ca\/wp-json\/wp\/v2\/media?parent=88134"}],"wp:term":[{"taxonomy":"category","embeddable":true,"href":"https:\/\/raed.academy\/ca\/wp-json\/wp\/v2\/categories?post=88134"},{"taxonomy":"post_tag","embeddable":true,"href":"https:\/\/raed.academy\/ca\/wp-json\/wp\/v2\/tags?post=88134"}],"curies":[{"name":"wp","href":"https:\/\/api.w.org\/{rel}","templated":true}]}}