{"id":87547,"date":"2020-02-21T06:42:14","date_gmt":"2020-02-21T06:42:14","guid":{"rendered":"https:\/\/raed.academy\/?p=87547"},"modified":"2020-02-21T09:55:50","modified_gmt":"2020-02-21T09:55:50","slug":"front-comu-contra-lemergencia-climatica","status":"publish","type":"post","link":"https:\/\/raed.academy\/ca\/front-comu-contra-lemergencia-climatica\/","title":{"rendered":"Front com\u00fa contra l&#8217;emerg\u00e8ncia clim\u00e0tica"},"content":{"rendered":"<h2>La RAED inaugura el curs del Consell Interacad\u00e8mic de Catalunya<\/h2>\n<p>La <strong>Reial Acad\u00e8mia Europea de Doctors-Barcelona 1914<\/strong> (RAED) va ser l&#8217;encarregada d&#8217;acollir el passat 17 de febrer la inauguraci\u00f3 del curs interacad\u00e8mic de les acad\u00e8mies agrupades al <strong>Consell Interacad\u00e8mic de Catalunya<\/strong>. La sessi\u00f3 es va celebrar al Sal\u00f3 d&#8217;Actes de <a href=\"http:\/\/www.foment.com\" target=\"_blank\" rel=\"noopener noreferrer\"><strong>Foment del Treball Nacional<\/strong><\/a>, seu de la Reial Corporaci\u00f3, i va estar encap\u00e7alat per <a href=\"https:\/\/raed.academy\/ca\/academics\/dr-alfredo-rocafort-nicolau\/\" target=\"_blank\" rel=\"noopener noreferrer\"><strong>Alfredo Rocafort<\/strong><\/a>, president de la Junta de Govern de la RAED. La secret\u00e0ria general de el Departament de Just\u00edcia de la <a href=\"http:\/\/www.gencat.cat\" target=\"_blank\" rel=\"noopener noreferrer\"><strong>Generalitat de Catalunya<\/strong><\/a>, <strong>Patr\u00edcia Gom\u00e0<\/strong>, va assistir en nom de la consellera, <strong>Ester Capella<\/strong>, presidenta del Consell Interacad\u00e8mic.<a href=\"https:\/\/raed.academy\/ca\/academics\/dra-maria-dels-angels-calvo-torras\/\" target=\"_blank\" rel=\"noopener noreferrer\"><strong> Maria \u00c0ngels Calvo<\/strong><\/a>, acad\u00e8mica de n\u00famero i vicepresidenta de la RAED, va pronunciar la lectura de la <strong>Mem\u00f2ria de les Activitats<\/strong> de la Reial Corporaci\u00f3, que tamb\u00e9 obria el seu curs acad\u00e8mic, en tant que el tamb\u00e9 acad\u00e8mic numerari <a href=\"https:\/\/raed.academy\/ca\/academics\/dr-jose-maria-baldasano-recio\/\" target=\"_blank\" rel=\"noopener noreferrer\"><strong>Josep Maria Baldasano<\/strong><\/a> va pronunciar el discurs inaugural del curs sota el t\u00edtol <strong>&#8220;\u00bfEs reversible la actual emergencia clim\u00e1tica?&#8221;<\/strong>. L&#8217;acte va ser seguit per unes 120 persones.<\/p>\n<p>Catedr\u00e0tic d&#8217;Enginyeria Ambiental de la <a href=\"http:\/\/www.upc.edu\" target=\"_blank\" rel=\"noopener noreferrer\"><strong>Universitat Polit\u00e8cnica de Catalunya<\/strong><\/a> i consultor del <strong>Programa de les Nacions Unides per al Medi Ambient<\/strong>, Baldasano va reflexionar sobre les mesures que urgeixen per atenuar en el possible els efectes ja visibles de la crisi clim\u00e0tica. &#8220;La q\u00fcesti\u00f3 ja no \u00e9s si hem de, \u00e9s que ja no podem deixar d&#8217;emprendre sense dilaci\u00f3 les transformacions radicals que necessitem avui o ens haurem d&#8217;enfrontar a les conseq\u00fc\u00e8ncies d&#8217;un planeta radicalment modificat per l&#8217;actual canvi clim\u00e0tic indu\u00eft de forma totalment accelerada per l&#8217;esp\u00e8cie humana&#8221;, va considerar amb rotunditat.<\/p>\n<div id=\"attachment_87270\" style=\"width: 310px\" class=\"wp-caption alignright\"><img loading=\"lazy\" decoding=\"async\" aria-describedby=\"caption-attachment-87270\" class=\"wp-image-87270\" src=\"https:\/\/raed.academy\/wp-content\/uploads\/2020\/02\/Inauguracion-curso-interacademico-y-curso-RAED-2020-22.jpg\" alt=\"Jos\u00e9 Mar\u00eda Baldasano\" width=\"300\" height=\"450\" \/><p id=\"caption-attachment-87270\" class=\"wp-caption-text\">Dr. Jos\u00e9 Mar\u00eda Baldasano<\/p><\/div>\n<p>Baldasano va denunciar la inacci\u00f3 de la comunitat internacional i els governs malgrat l&#8217;allau de documents, informes i acords que no deixen de ser paper mullat davant l&#8217;increment d&#8217;emissions de gasos d&#8217;efecte hivernacle. L&#8217;acad\u00e8mic va alertar que tot just tenim tres d\u00e8cades per canviar enterament els models de producci\u00f3, consum i transport. &#8220;No podem estar esperant a 2030 i a 2050, ni de bon tros a 2100 per actuar quan l&#8217;increment de temperatura seria entre 3\u00baC i 4\u00baC. Si no actuem avui no aconseguirem l&#8217;objectiu de temperar la din\u00e0mica de l&#8217;actual canvi clim\u00e0tic que estem for\u00e7ant pel nostre model de societat. La humanitat s&#8217;enfronta per primera vegada a un problema de creixement de complexitat global, que afecta directament a tot el planeta i molt especialment a la superviv\u00e8ncia de l&#8217;actual civilitzaci\u00f3 humana m\u00e9s que a la superviv\u00e8ncia pr\u00f2pia de la planeta&#8221;, va concloure.<\/p>\n<p>Baldasano ha estat director de Departament de Projectes d&#8217;Enginyeria de la Universitat Polit\u00e8cnica de Catalunya, director de l&#8217;<strong>Institut de Petroqu\u00edmica Aplicada<\/strong> i de l&#8217;<strong>Institut de Tecnologia i Modelitzaci\u00f3 Ambiental<\/strong>. Va fundar i dirigir el programa de doctorat en Enginyeria Ambiental, primer a Espanya. Va fundar i va codirigir el <strong>M\u00e0ster en Enginyeria Ambiental<\/strong> i el Departament de Ci\u00e8ncies de la Terra del <a href=\"http:\/\/www.bsc.es\" target=\"_blank\" rel=\"noopener noreferrer\"><strong>Barcelona Supercomputing Center-Centre Nacional de Supercomputaci\u00f3<\/strong><\/a>. Va ser responsable del desenvolupament legislatiu sobre residus industrials a la Generalitat de Catalunya i membre de Consell Assessor del <strong>Ministeri de Medi Ambient<\/strong>, avui <a href=\"https:\/\/www.miteco.gob.es\/es\/\" target=\"_blank\" rel=\"noopener noreferrer\"><strong>Ministeri per a la Transici\u00f3 Ecol\u00f2gica<\/strong><\/a>, entre altres c\u00e0rrecs vinculats a l&#8217;Administraci\u00f3. \u00c9s tamb\u00e9 assessor del <a href=\"https:\/\/www.worldbank.org\" target=\"_blank\" rel=\"noopener noreferrer\"><strong>Banc Mundial<\/strong><\/a>.<\/p>\n<p>Alfredo Rocafort, per la seva banda, es va comprometre al seu discurs d&#8217;obertura oficial del curs acad\u00e8mic a seguir la traject\u00f2ria establerta pels seus predecessors i a incrementar les relacions entre les acad\u00e8mies catalanes, organitzant sessions conjuntes en qu\u00e8 es tractin temes d&#8217;inter\u00e8s per al millor desenvolupament de la societat i per la consolidaci\u00f3 de les tasques encomanades pel Consell Interacad\u00e8mic, una instituci\u00f3 que va n\u00e9ixer el 1991 impulsada per la Generalitat de Catalunya com a \u00e0mbit de reflexi\u00f3 compartida, de participaci\u00f3 i de debat per consolidar-se com un model amb personalitat pr\u00f2pia i vocaci\u00f3 de servei, segons els seus principis fundacionals.<\/p>\n<p>En formen part activa i es van sumar a l&#8217;activitat de l&#8217;\u00faltim curs la <a href=\"http:\/\/www.boneslletres.cat\" target=\"_blank\" rel=\"noopener noreferrer\"><strong>Reial Acad\u00e8mia de Bones Lletres de Barcelona<\/strong><\/a>, \u200b\u200bl&#8217;<a href=\"http:\/\/www.acgn.cat\" target=\"_blank\" rel=\"noopener noreferrer\"><strong>Acad\u00e8mia Catalana de Gastronomia i Nutrici\u00f3<\/strong><\/a>, l&#8217;<a href=\"http:\/\/acca.iec.cat\" target=\"_blank\" rel=\"noopener noreferrer\"><strong>Associaci\u00f3 Catalana de Ci\u00e8ncies de l&#8217;Alimentaci\u00f3<\/strong><\/a>, la <a href=\"http:\/\/rafc.cat\" target=\"_blank\" rel=\"noopener noreferrer\"><strong>Reial Acad\u00e8mia de Farm\u00e0cia de Catalunya<\/strong><\/a>, l&#8217;<strong>Institut Catal\u00e0 d&#8217;Estudis Agraris<\/strong>, l&#8217;<a href=\"http:\/\/www.acvc.cat\" target=\"_blank\" rel=\"noopener noreferrer\"><strong>Acad\u00e8mia de Ci\u00e8ncies Veterin\u00e0ries de Catalunya<\/strong><\/a>, la <a href=\"http:\/\/www.racab.es\" target=\"_blank\" rel=\"noopener noreferrer\"><strong>Reial Acad\u00e8mia de Ci\u00e8ncies i Arts de Barcelona<\/strong><\/a>, \u200b\u200bla <a href=\"http:\/\/www.ramc.cat\" target=\"_blank\" rel=\"noopener noreferrer\"><strong>Reial Acad\u00e8mia de Medicina de Catalunya<\/strong><\/a>, el <a href=\"http:\/\/www.ccniec.cat\" target=\"_blank\" rel=\"noopener noreferrer\"><strong>Centre Catal\u00e0 de la Nutrici\u00f3<\/strong><\/a> i la pr\u00f2pia Reial Acad\u00e8mia Europea de Doctors.<\/p>\n<p>&nbsp;<\/p>\n\n\t\t<style type=\"text\/css\">\n\t\t\t#gallery-1 {\n\t\t\t\tmargin: auto;\n\t\t\t}\n\t\t\t#gallery-1 .gallery-item {\n\t\t\t\tfloat: left;\n\t\t\t\tmargin-top: 10px;\n\t\t\t\ttext-align: center;\n\t\t\t\twidth: 25%;\n\t\t\t}\n\t\t\t#gallery-1 img {\n\t\t\t\tborder: 2px solid #cfcfcf;\n\t\t\t}\n\t\t\t#gallery-1 .gallery-caption {\n\t\t\t\tmargin-left: 0;\n\t\t\t}\n\t\t\t\/* see gallery_shortcode() in wp-includes\/media.php *\/\n\t\t<\/style>\n\t\t<div id='gallery-1' class='gallery galleryid-87547 gallery-columns-4 gallery-size-full'><dl class='gallery-item'>\n\t\t\t<dt class='gallery-icon landscape'>\n\t\t\t\t<a href='https:\/\/raed.academy\/wp-content\/uploads\/2020\/02\/Inauguracion-curso-interacademico-y-curso-RAED-2020-2.jpg'><img loading=\"lazy\" decoding=\"async\" width=\"850\" height=\"567\" src=\"https:\/\/raed.academy\/wp-content\/uploads\/2020\/02\/Inauguracion-curso-interacademico-y-curso-RAED-2020-2.jpg\" class=\"attachment-full size-full\" alt=\"Inauguraci\u00f3n del curso interacad\u00e9mico y del curso de la RAED 2020\" srcset=\"https:\/\/raed.academy\/wp-content\/uploads\/2020\/02\/Inauguracion-curso-interacademico-y-curso-RAED-2020-2.jpg 850w, https:\/\/raed.academy\/wp-content\/uploads\/2020\/02\/Inauguracion-curso-interacademico-y-curso-RAED-2020-2-768x512.jpg 768w\" sizes=\"(max-width: 850px) 100vw, 850px\" \/><\/a>\n\t\t\t<\/dt><\/dl><dl class='gallery-item'>\n\t\t\t<dt class='gallery-icon landscape'>\n\t\t\t\t<a href='https:\/\/raed.academy\/wp-content\/uploads\/2020\/02\/Inauguracion-curso-interacademico-y-curso-RAED-2020-4.jpg'><img loading=\"lazy\" decoding=\"async\" width=\"850\" height=\"567\" src=\"https:\/\/raed.academy\/wp-content\/uploads\/2020\/02\/Inauguracion-curso-interacademico-y-curso-RAED-2020-4.jpg\" class=\"attachment-full size-full\" alt=\"Inauguraci\u00f3n del curso interacad\u00e9mico y del curso de la RAED 2020\" srcset=\"https:\/\/raed.academy\/wp-content\/uploads\/2020\/02\/Inauguracion-curso-interacademico-y-curso-RAED-2020-4.jpg 850w, https:\/\/raed.academy\/wp-content\/uploads\/2020\/02\/Inauguracion-curso-interacademico-y-curso-RAED-2020-4-768x512.jpg 768w\" sizes=\"(max-width: 850px) 100vw, 850px\" \/><\/a>\n\t\t\t<\/dt><\/dl><dl class='gallery-item'>\n\t\t\t<dt class='gallery-icon landscape'>\n\t\t\t\t<a href='https:\/\/raed.academy\/wp-content\/uploads\/2020\/02\/Inauguracion-curso-interacademico-y-curso-RAED-2020-5.jpg'><img loading=\"lazy\" decoding=\"async\" width=\"1000\" height=\"667\" src=\"https:\/\/raed.academy\/wp-content\/uploads\/2020\/02\/Inauguracion-curso-interacademico-y-curso-RAED-2020-5.jpg\" class=\"attachment-full size-full\" alt=\"Inauguraci\u00f3n del curso interacad\u00e9mico y del curso de la RAED 2020\" srcset=\"https:\/\/raed.academy\/wp-content\/uploads\/2020\/02\/Inauguracion-curso-interacademico-y-curso-RAED-2020-5.jpg 1000w, https:\/\/raed.academy\/wp-content\/uploads\/2020\/02\/Inauguracion-curso-interacademico-y-curso-RAED-2020-5-768x512.jpg 768w\" sizes=\"(max-width: 1000px) 100vw, 1000px\" \/><\/a>\n\t\t\t<\/dt><\/dl><dl class='gallery-item'>\n\t\t\t<dt class='gallery-icon landscape'>\n\t\t\t\t<a href='https:\/\/raed.academy\/wp-content\/uploads\/2020\/02\/Inauguracion-curso-interacademico-y-curso-RAED-2020-7.jpg'><img loading=\"lazy\" decoding=\"async\" width=\"800\" height=\"533\" src=\"https:\/\/raed.academy\/wp-content\/uploads\/2020\/02\/Inauguracion-curso-interacademico-y-curso-RAED-2020-7.jpg\" class=\"attachment-full size-full\" alt=\"Inauguraci\u00f3n del curso interacad\u00e9mico y del curso de la RAED 2020\" srcset=\"https:\/\/raed.academy\/wp-content\/uploads\/2020\/02\/Inauguracion-curso-interacademico-y-curso-RAED-2020-7.jpg 800w, https:\/\/raed.academy\/wp-content\/uploads\/2020\/02\/Inauguracion-curso-interacademico-y-curso-RAED-2020-7-768x512.jpg 768w\" sizes=\"(max-width: 800px) 100vw, 800px\" \/><\/a>\n\t\t\t<\/dt><\/dl><br style=\"clear: both\" \/><dl class='gallery-item'>\n\t\t\t<dt class='gallery-icon landscape'>\n\t\t\t\t<a href='https:\/\/raed.academy\/wp-content\/uploads\/2020\/02\/Inauguracion-curso-interacademico-y-curso-RAED-2020-14.jpg'><img loading=\"lazy\" decoding=\"async\" width=\"800\" height=\"533\" src=\"https:\/\/raed.academy\/wp-content\/uploads\/2020\/02\/Inauguracion-curso-interacademico-y-curso-RAED-2020-14.jpg\" class=\"attachment-full size-full\" alt=\"Maria \u00c0ngels Calvo\" srcset=\"https:\/\/raed.academy\/wp-content\/uploads\/2020\/02\/Inauguracion-curso-interacademico-y-curso-RAED-2020-14.jpg 800w, https:\/\/raed.academy\/wp-content\/uploads\/2020\/02\/Inauguracion-curso-interacademico-y-curso-RAED-2020-14-768x512.jpg 768w\" sizes=\"(max-width: 800px) 100vw, 800px\" \/><\/a>\n\t\t\t<\/dt><\/dl><dl class='gallery-item'>\n\t\t\t<dt class='gallery-icon landscape'>\n\t\t\t\t<a href='https:\/\/raed.academy\/wp-content\/uploads\/2020\/02\/Inauguracion-curso-interacademico-y-curso-RAED-2020-27.jpg'><img loading=\"lazy\" decoding=\"async\" width=\"900\" height=\"600\" src=\"https:\/\/raed.academy\/wp-content\/uploads\/2020\/02\/Inauguracion-curso-interacademico-y-curso-RAED-2020-27.jpg\" class=\"attachment-full size-full\" alt=\"\" srcset=\"https:\/\/raed.academy\/wp-content\/uploads\/2020\/02\/Inauguracion-curso-interacademico-y-curso-RAED-2020-27.jpg 900w, https:\/\/raed.academy\/wp-content\/uploads\/2020\/02\/Inauguracion-curso-interacademico-y-curso-RAED-2020-27-768x512.jpg 768w\" sizes=\"(max-width: 900px) 100vw, 900px\" \/><\/a>\n\t\t\t<\/dt><\/dl><dl class='gallery-item'>\n\t\t\t<dt class='gallery-icon landscape'>\n\t\t\t\t<a href='https:\/\/raed.academy\/wp-content\/uploads\/2020\/02\/Inauguracion-curso-interacademico-y-curso-RAED-2020-28.jpg'><img loading=\"lazy\" decoding=\"async\" width=\"800\" height=\"533\" src=\"https:\/\/raed.academy\/wp-content\/uploads\/2020\/02\/Inauguracion-curso-interacademico-y-curso-RAED-2020-28.jpg\" class=\"attachment-full size-full\" alt=\"\" srcset=\"https:\/\/raed.academy\/wp-content\/uploads\/2020\/02\/Inauguracion-curso-interacademico-y-curso-RAED-2020-28.jpg 800w, https:\/\/raed.academy\/wp-content\/uploads\/2020\/02\/Inauguracion-curso-interacademico-y-curso-RAED-2020-28-768x512.jpg 768w\" sizes=\"(max-width: 800px) 100vw, 800px\" \/><\/a>\n\t\t\t<\/dt><\/dl><dl class='gallery-item'>\n\t\t\t<dt class='gallery-icon landscape'>\n\t\t\t\t<a href='https:\/\/raed.academy\/wp-content\/uploads\/2020\/02\/Inauguracion-curso-interacademico-y-curso-RAED-2020-31.jpg'><img loading=\"lazy\" decoding=\"async\" width=\"1050\" height=\"700\" src=\"https:\/\/raed.academy\/wp-content\/uploads\/2020\/02\/Inauguracion-curso-interacademico-y-curso-RAED-2020-31.jpg\" class=\"attachment-full size-full\" alt=\"\" srcset=\"https:\/\/raed.academy\/wp-content\/uploads\/2020\/02\/Inauguracion-curso-interacademico-y-curso-RAED-2020-31.jpg 1050w, https:\/\/raed.academy\/wp-content\/uploads\/2020\/02\/Inauguracion-curso-interacademico-y-curso-RAED-2020-31-768x512.jpg 768w\" sizes=\"(max-width: 1050px) 100vw, 1050px\" \/><\/a>\n\t\t\t<\/dt><\/dl><br style=\"clear: both\" \/>\n\t\t<\/div>\n\n","protected":false},"excerpt":{"rendered":"<p>La RAED inaugura el curs del Consell Interacad\u00e8mic de Catalunya La Reial Acad\u00e8mia Europea de Doctors-Barcelona 1914 (RAED) va ser l&#8217;encarregada d&#8217;acollir el passat 17 de febrer la inauguraci\u00f3 del curs interacad\u00e8mic de les acad\u00e8mies agrupades al Consell Interacad\u00e8mic de Catalunya. La sessi\u00f3 es va celebrar al Sal\u00f3 d&#8217;Actes de Foment del Treball Nacional, seu [&hellip;]<\/p>\n","protected":false},"author":12,"featured_media":87253,"comment_status":"closed","ping_status":"closed","sticky":false,"template":"","format":"standard","meta":{"_et_pb_use_builder":"","_et_pb_old_content":"","_et_gb_content_width":"","footnotes":""},"categories":[72],"tags":[],"class_list":["post-87547","post","type-post","status-publish","format-standard","has-post-thumbnail","hentry","category-uncategorized-ca","et-has-post-format-content","et_post_format-et-post-format-standard"],"yoast_head":"<!-- This site is optimized with the Yoast SEO plugin v27.4 - https:\/\/yoast.com\/product\/yoast-seo-wordpress\/ -->\n<title>Front com\u00fa contra l&#039;emerg\u00e8ncia clim\u00e0tica - Reial Acad\u00e8mia Europea de Doctors<\/title>\n<meta name=\"description\" content=\"La RAED inaugura el curs de Consell Interacad\u00e8mic de Catalunya\" \/>\n<meta name=\"robots\" content=\"index, follow, max-snippet:-1, max-image-preview:large, max-video-preview:-1\" \/>\n<link rel=\"canonical\" href=\"https:\/\/raed.academy\/ca\/front-comu-contra-lemergencia-climatica\/\" \/>\n<meta property=\"og:locale\" content=\"ca_ES\" \/>\n<meta property=\"og:type\" content=\"article\" \/>\n<meta property=\"og:title\" content=\"Front com\u00fa contra l&#039;emerg\u00e8ncia clim\u00e0tica - Reial Acad\u00e8mia Europea de Doctors\" \/>\n<meta property=\"og:description\" content=\"La RAED inaugura el curs de Consell Interacad\u00e8mic de Catalunya\" \/>\n<meta property=\"og:url\" content=\"https:\/\/raed.academy\/ca\/front-comu-contra-lemergencia-climatica\/\" \/>\n<meta property=\"og:site_name\" content=\"Reial Acad\u00e8mia Europea de Doctors\" \/>\n<meta property=\"article:publisher\" content=\"http:\/\/fb.me\/raed.academy\" \/>\n<meta property=\"article:published_time\" content=\"2020-02-21T06:42:14+00:00\" \/>\n<meta property=\"article:modified_time\" content=\"2020-02-21T09:55:50+00:00\" \/>\n<meta property=\"og:image\" content=\"https:\/\/raed.academy\/wp-content\/uploads\/2020\/02\/shutt_emergencia-climatica-dst.jpg\" \/>\n\t<meta property=\"og:image:width\" content=\"1000\" \/>\n\t<meta property=\"og:image:height\" content=\"420\" \/>\n\t<meta property=\"og:image:type\" content=\"image\/jpeg\" \/>\n<meta name=\"author\" content=\"RAED\" \/>\n<meta name=\"twitter:card\" content=\"summary_large_image\" \/>\n<meta name=\"twitter:creator\" content=\"@raedacademy\" \/>\n<meta name=\"twitter:site\" content=\"@raedacademy\" \/>\n<meta name=\"twitter:label1\" content=\"Written by\" \/>\n\t<meta name=\"twitter:data1\" content=\"RAED\" \/>\n\t<meta name=\"twitter:label2\" content=\"Est. reading time\" \/>\n\t<meta name=\"twitter:data2\" content=\"4 minutes\" \/>\n<script type=\"application\/ld+json\" class=\"yoast-schema-graph\">{\"@context\":\"https:\\\/\\\/schema.org\",\"@graph\":[{\"@type\":\"Article\",\"@id\":\"https:\\\/\\\/raed.academy\\\/ca\\\/front-comu-contra-lemergencia-climatica\\\/#article\",\"isPartOf\":{\"@id\":\"https:\\\/\\\/raed.academy\\\/ca\\\/front-comu-contra-lemergencia-climatica\\\/\"},\"author\":{\"name\":\"RAED\",\"@id\":\"https:\\\/\\\/raed.academy\\\/ca\\\/#\\\/schema\\\/person\\\/5a755da80d1d979fd66ba745c8702927\"},\"headline\":\"Front com\u00fa contra l&#8217;emerg\u00e8ncia clim\u00e0tica\",\"datePublished\":\"2020-02-21T06:42:14+00:00\",\"dateModified\":\"2020-02-21T09:55:50+00:00\",\"mainEntityOfPage\":{\"@id\":\"https:\\\/\\\/raed.academy\\\/ca\\\/front-comu-contra-lemergencia-climatica\\\/\"},\"wordCount\":814,\"publisher\":{\"@id\":\"https:\\\/\\\/raed.academy\\\/ca\\\/#organization\"},\"image\":{\"@id\":\"https:\\\/\\\/raed.academy\\\/ca\\\/front-comu-contra-lemergencia-climatica\\\/#primaryimage\"},\"thumbnailUrl\":\"https:\\\/\\\/raed.academy\\\/wp-content\\\/uploads\\\/2020\\\/02\\\/shutt_emergencia-climatica-dst.jpg\",\"articleSection\":[\"Uncategorized @ca\"],\"inLanguage\":\"ca-ES\"},{\"@type\":\"WebPage\",\"@id\":\"https:\\\/\\\/raed.academy\\\/ca\\\/front-comu-contra-lemergencia-climatica\\\/\",\"url\":\"https:\\\/\\\/raed.academy\\\/ca\\\/front-comu-contra-lemergencia-climatica\\\/\",\"name\":\"Front com\u00fa contra l'emerg\u00e8ncia clim\u00e0tica - Reial Acad\u00e8mia Europea de Doctors\",\"isPartOf\":{\"@id\":\"https:\\\/\\\/raed.academy\\\/ca\\\/#website\"},\"primaryImageOfPage\":{\"@id\":\"https:\\\/\\\/raed.academy\\\/ca\\\/front-comu-contra-lemergencia-climatica\\\/#primaryimage\"},\"image\":{\"@id\":\"https:\\\/\\\/raed.academy\\\/ca\\\/front-comu-contra-lemergencia-climatica\\\/#primaryimage\"},\"thumbnailUrl\":\"https:\\\/\\\/raed.academy\\\/wp-content\\\/uploads\\\/2020\\\/02\\\/shutt_emergencia-climatica-dst.jpg\",\"datePublished\":\"2020-02-21T06:42:14+00:00\",\"dateModified\":\"2020-02-21T09:55:50+00:00\",\"description\":\"La RAED inaugura el curs de Consell Interacad\u00e8mic de Catalunya\",\"breadcrumb\":{\"@id\":\"https:\\\/\\\/raed.academy\\\/ca\\\/front-comu-contra-lemergencia-climatica\\\/#breadcrumb\"},\"inLanguage\":\"ca-ES\",\"potentialAction\":[{\"@type\":\"ReadAction\",\"target\":[\"https:\\\/\\\/raed.academy\\\/ca\\\/front-comu-contra-lemergencia-climatica\\\/\"]}]},{\"@type\":\"ImageObject\",\"inLanguage\":\"ca-ES\",\"@id\":\"https:\\\/\\\/raed.academy\\\/ca\\\/front-comu-contra-lemergencia-climatica\\\/#primaryimage\",\"url\":\"https:\\\/\\\/raed.academy\\\/wp-content\\\/uploads\\\/2020\\\/02\\\/shutt_emergencia-climatica-dst.jpg\",\"contentUrl\":\"https:\\\/\\\/raed.academy\\\/wp-content\\\/uploads\\\/2020\\\/02\\\/shutt_emergencia-climatica-dst.jpg\",\"width\":1000,\"height\":420},{\"@type\":\"BreadcrumbList\",\"@id\":\"https:\\\/\\\/raed.academy\\\/ca\\\/front-comu-contra-lemergencia-climatica\\\/#breadcrumb\",\"itemListElement\":[{\"@type\":\"ListItem\",\"position\":1,\"name\":\"Inicio\",\"item\":\"https:\\\/\\\/raed.academy\\\/ca\\\/\"},{\"@type\":\"ListItem\",\"position\":2,\"name\":\"Front com\u00fa contra l&#8217;emerg\u00e8ncia clim\u00e0tica\"}]},{\"@type\":\"WebSite\",\"@id\":\"https:\\\/\\\/raed.academy\\\/ca\\\/#website\",\"url\":\"https:\\\/\\\/raed.academy\\\/ca\\\/\",\"name\":\"Reial Acad\u00e8mia Europea de Doctors\",\"description\":\"Corporaci\u00f3n de derecho p\u00fablico de car\u00e1cter cient\u00edfico, t\u00e9cnico y art\u00edstico, que tiene por objeto la investigaci\u00f3n, el estudio, el fomento y la extensi\u00f3n del conocimiento en su sentido m\u00e1s amplio\",\"publisher\":{\"@id\":\"https:\\\/\\\/raed.academy\\\/ca\\\/#organization\"},\"potentialAction\":[{\"@type\":\"SearchAction\",\"target\":{\"@type\":\"EntryPoint\",\"urlTemplate\":\"https:\\\/\\\/raed.academy\\\/ca\\\/?s={search_term_string}\"},\"query-input\":{\"@type\":\"PropertyValueSpecification\",\"valueRequired\":true,\"valueName\":\"search_term_string\"}}],\"inLanguage\":\"ca-ES\"},{\"@type\":\"Organization\",\"@id\":\"https:\\\/\\\/raed.academy\\\/ca\\\/#organization\",\"name\":\"Real Academia Europea de Doctores\",\"url\":\"https:\\\/\\\/raed.academy\\\/ca\\\/\",\"logo\":{\"@type\":\"ImageObject\",\"inLanguage\":\"ca-ES\",\"@id\":\"https:\\\/\\\/raed.academy\\\/ca\\\/#\\\/schema\\\/logo\\\/image\\\/\",\"url\":\"https:\\\/\\\/raed.academy\\\/wp-content\\\/uploads\\\/2017\\\/01\\\/cropped-logo_raed.png\",\"contentUrl\":\"https:\\\/\\\/raed.academy\\\/wp-content\\\/uploads\\\/2017\\\/01\\\/cropped-logo_raed.png\",\"width\":512,\"height\":512,\"caption\":\"Real Academia Europea de Doctores\"},\"image\":{\"@id\":\"https:\\\/\\\/raed.academy\\\/ca\\\/#\\\/schema\\\/logo\\\/image\\\/\"},\"sameAs\":[\"http:\\\/\\\/fb.me\\\/raed.academy\",\"https:\\\/\\\/x.com\\\/raedacademy\",\"https:\\\/\\\/www.instagram.com\\\/raed.academy\\\/\",\"https:\\\/\\\/www.youtube.com\\\/channel\\\/UCUYQwW2KrdirNWihxMDObwg\"]},{\"@type\":\"Person\",\"@id\":\"https:\\\/\\\/raed.academy\\\/ca\\\/#\\\/schema\\\/person\\\/5a755da80d1d979fd66ba745c8702927\",\"name\":\"RAED\",\"image\":{\"@type\":\"ImageObject\",\"inLanguage\":\"ca-ES\",\"@id\":\"https:\\\/\\\/secure.gravatar.com\\\/avatar\\\/19fdfdc0d67fb9c45714b703a2ac82251c4fcea3637f002ac3c9b74c0183583c?s=96&d=mm&r=g\",\"url\":\"https:\\\/\\\/secure.gravatar.com\\\/avatar\\\/19fdfdc0d67fb9c45714b703a2ac82251c4fcea3637f002ac3c9b74c0183583c?s=96&d=mm&r=g\",\"contentUrl\":\"https:\\\/\\\/secure.gravatar.com\\\/avatar\\\/19fdfdc0d67fb9c45714b703a2ac82251c4fcea3637f002ac3c9b74c0183583c?s=96&d=mm&r=g\",\"caption\":\"RAED\"}}]}<\/script>\n<!-- \/ Yoast SEO plugin. -->","yoast_head_json":{"title":"Front com\u00fa contra l'emerg\u00e8ncia clim\u00e0tica - Reial Acad\u00e8mia Europea de Doctors","description":"La RAED inaugura el curs de Consell Interacad\u00e8mic de Catalunya","robots":{"index":"index","follow":"follow","max-snippet":"max-snippet:-1","max-image-preview":"max-image-preview:large","max-video-preview":"max-video-preview:-1"},"canonical":"https:\/\/raed.academy\/ca\/front-comu-contra-lemergencia-climatica\/","og_locale":"ca_ES","og_type":"article","og_title":"Front com\u00fa contra l'emerg\u00e8ncia clim\u00e0tica - Reial Acad\u00e8mia Europea de Doctors","og_description":"La RAED inaugura el curs de Consell Interacad\u00e8mic de Catalunya","og_url":"https:\/\/raed.academy\/ca\/front-comu-contra-lemergencia-climatica\/","og_site_name":"Reial Acad\u00e8mia Europea de Doctors","article_publisher":"http:\/\/fb.me\/raed.academy","article_published_time":"2020-02-21T06:42:14+00:00","article_modified_time":"2020-02-21T09:55:50+00:00","og_image":[{"width":1000,"height":420,"url":"https:\/\/raed.academy\/wp-content\/uploads\/2020\/02\/shutt_emergencia-climatica-dst.jpg","type":"image\/jpeg"}],"author":"RAED","twitter_card":"summary_large_image","twitter_creator":"@raedacademy","twitter_site":"@raedacademy","twitter_misc":{"Written by":"RAED","Est. reading time":"4 minutes"},"schema":{"@context":"https:\/\/schema.org","@graph":[{"@type":"Article","@id":"https:\/\/raed.academy\/ca\/front-comu-contra-lemergencia-climatica\/#article","isPartOf":{"@id":"https:\/\/raed.academy\/ca\/front-comu-contra-lemergencia-climatica\/"},"author":{"name":"RAED","@id":"https:\/\/raed.academy\/ca\/#\/schema\/person\/5a755da80d1d979fd66ba745c8702927"},"headline":"Front com\u00fa contra l&#8217;emerg\u00e8ncia clim\u00e0tica","datePublished":"2020-02-21T06:42:14+00:00","dateModified":"2020-02-21T09:55:50+00:00","mainEntityOfPage":{"@id":"https:\/\/raed.academy\/ca\/front-comu-contra-lemergencia-climatica\/"},"wordCount":814,"publisher":{"@id":"https:\/\/raed.academy\/ca\/#organization"},"image":{"@id":"https:\/\/raed.academy\/ca\/front-comu-contra-lemergencia-climatica\/#primaryimage"},"thumbnailUrl":"https:\/\/raed.academy\/wp-content\/uploads\/2020\/02\/shutt_emergencia-climatica-dst.jpg","articleSection":["Uncategorized @ca"],"inLanguage":"ca-ES"},{"@type":"WebPage","@id":"https:\/\/raed.academy\/ca\/front-comu-contra-lemergencia-climatica\/","url":"https:\/\/raed.academy\/ca\/front-comu-contra-lemergencia-climatica\/","name":"Front com\u00fa contra l'emerg\u00e8ncia clim\u00e0tica - Reial Acad\u00e8mia Europea de Doctors","isPartOf":{"@id":"https:\/\/raed.academy\/ca\/#website"},"primaryImageOfPage":{"@id":"https:\/\/raed.academy\/ca\/front-comu-contra-lemergencia-climatica\/#primaryimage"},"image":{"@id":"https:\/\/raed.academy\/ca\/front-comu-contra-lemergencia-climatica\/#primaryimage"},"thumbnailUrl":"https:\/\/raed.academy\/wp-content\/uploads\/2020\/02\/shutt_emergencia-climatica-dst.jpg","datePublished":"2020-02-21T06:42:14+00:00","dateModified":"2020-02-21T09:55:50+00:00","description":"La RAED inaugura el curs de Consell Interacad\u00e8mic de Catalunya","breadcrumb":{"@id":"https:\/\/raed.academy\/ca\/front-comu-contra-lemergencia-climatica\/#breadcrumb"},"inLanguage":"ca-ES","potentialAction":[{"@type":"ReadAction","target":["https:\/\/raed.academy\/ca\/front-comu-contra-lemergencia-climatica\/"]}]},{"@type":"ImageObject","inLanguage":"ca-ES","@id":"https:\/\/raed.academy\/ca\/front-comu-contra-lemergencia-climatica\/#primaryimage","url":"https:\/\/raed.academy\/wp-content\/uploads\/2020\/02\/shutt_emergencia-climatica-dst.jpg","contentUrl":"https:\/\/raed.academy\/wp-content\/uploads\/2020\/02\/shutt_emergencia-climatica-dst.jpg","width":1000,"height":420},{"@type":"BreadcrumbList","@id":"https:\/\/raed.academy\/ca\/front-comu-contra-lemergencia-climatica\/#breadcrumb","itemListElement":[{"@type":"ListItem","position":1,"name":"Inicio","item":"https:\/\/raed.academy\/ca\/"},{"@type":"ListItem","position":2,"name":"Front com\u00fa contra l&#8217;emerg\u00e8ncia clim\u00e0tica"}]},{"@type":"WebSite","@id":"https:\/\/raed.academy\/ca\/#website","url":"https:\/\/raed.academy\/ca\/","name":"Reial Acad\u00e8mia Europea de Doctors","description":"Corporaci\u00f3n de derecho p\u00fablico de car\u00e1cter cient\u00edfico, t\u00e9cnico y art\u00edstico, que tiene por objeto la investigaci\u00f3n, el estudio, el fomento y la extensi\u00f3n del conocimiento en su sentido m\u00e1s amplio","publisher":{"@id":"https:\/\/raed.academy\/ca\/#organization"},"potentialAction":[{"@type":"SearchAction","target":{"@type":"EntryPoint","urlTemplate":"https:\/\/raed.academy\/ca\/?s={search_term_string}"},"query-input":{"@type":"PropertyValueSpecification","valueRequired":true,"valueName":"search_term_string"}}],"inLanguage":"ca-ES"},{"@type":"Organization","@id":"https:\/\/raed.academy\/ca\/#organization","name":"Real Academia Europea de Doctores","url":"https:\/\/raed.academy\/ca\/","logo":{"@type":"ImageObject","inLanguage":"ca-ES","@id":"https:\/\/raed.academy\/ca\/#\/schema\/logo\/image\/","url":"https:\/\/raed.academy\/wp-content\/uploads\/2017\/01\/cropped-logo_raed.png","contentUrl":"https:\/\/raed.academy\/wp-content\/uploads\/2017\/01\/cropped-logo_raed.png","width":512,"height":512,"caption":"Real Academia Europea de Doctores"},"image":{"@id":"https:\/\/raed.academy\/ca\/#\/schema\/logo\/image\/"},"sameAs":["http:\/\/fb.me\/raed.academy","https:\/\/x.com\/raedacademy","https:\/\/www.instagram.com\/raed.academy\/","https:\/\/www.youtube.com\/channel\/UCUYQwW2KrdirNWihxMDObwg"]},{"@type":"Person","@id":"https:\/\/raed.academy\/ca\/#\/schema\/person\/5a755da80d1d979fd66ba745c8702927","name":"RAED","image":{"@type":"ImageObject","inLanguage":"ca-ES","@id":"https:\/\/secure.gravatar.com\/avatar\/19fdfdc0d67fb9c45714b703a2ac82251c4fcea3637f002ac3c9b74c0183583c?s=96&d=mm&r=g","url":"https:\/\/secure.gravatar.com\/avatar\/19fdfdc0d67fb9c45714b703a2ac82251c4fcea3637f002ac3c9b74c0183583c?s=96&d=mm&r=g","contentUrl":"https:\/\/secure.gravatar.com\/avatar\/19fdfdc0d67fb9c45714b703a2ac82251c4fcea3637f002ac3c9b74c0183583c?s=96&d=mm&r=g","caption":"RAED"}}]}},"_links":{"self":[{"href":"https:\/\/raed.academy\/ca\/wp-json\/wp\/v2\/posts\/87547","targetHints":{"allow":["GET"]}}],"collection":[{"href":"https:\/\/raed.academy\/ca\/wp-json\/wp\/v2\/posts"}],"about":[{"href":"https:\/\/raed.academy\/ca\/wp-json\/wp\/v2\/types\/post"}],"author":[{"embeddable":true,"href":"https:\/\/raed.academy\/ca\/wp-json\/wp\/v2\/users\/12"}],"replies":[{"embeddable":true,"href":"https:\/\/raed.academy\/ca\/wp-json\/wp\/v2\/comments?post=87547"}],"version-history":[{"count":0,"href":"https:\/\/raed.academy\/ca\/wp-json\/wp\/v2\/posts\/87547\/revisions"}],"wp:featuredmedia":[{"embeddable":true,"href":"https:\/\/raed.academy\/ca\/wp-json\/wp\/v2\/media\/87253"}],"wp:attachment":[{"href":"https:\/\/raed.academy\/ca\/wp-json\/wp\/v2\/media?parent=87547"}],"wp:term":[{"taxonomy":"category","embeddable":true,"href":"https:\/\/raed.academy\/ca\/wp-json\/wp\/v2\/categories?post=87547"},{"taxonomy":"post_tag","embeddable":true,"href":"https:\/\/raed.academy\/ca\/wp-json\/wp\/v2\/tags?post=87547"}],"curies":[{"name":"wp","href":"https:\/\/api.w.org\/{rel}","templated":true}]}}