{"id":87540,"date":"2020-02-21T07:05:04","date_gmt":"2020-02-21T07:05:04","guid":{"rendered":"https:\/\/raed.academy\/?p=87540"},"modified":"2020-02-21T09:07:23","modified_gmt":"2020-02-21T09:07:23","slug":"els-secrets-de-la-nova-economia-jose-maria-gay-de-liebana","status":"publish","type":"post","link":"https:\/\/raed.academy\/ca\/els-secrets-de-la-nova-economia-jose-maria-gay-de-liebana\/","title":{"rendered":"Els secrets de la nova economia"},"content":{"rendered":"<h2>Jos\u00e9 Maria Gay de Li\u00e9bana protagonitza una presentaci\u00f3 multitudin\u00e0ria del seu \u00faltim llibre a la Reial Acad\u00e8mia<\/h2>\n<p><a href=\"https:\/\/raed.academy\/ca\/academics\/dr-jose-maria-gay-de-liebana-saludas\/\" target=\"_blank\" rel=\"noopener noreferrer\"><strong>Jos\u00e9 Maria Gay de Li\u00e9bana<\/strong><\/a>, professor de la Facultat d&#8217;Economia i Empresa de la <a href=\"http:\/\/www.ub.edu\" target=\"_blank\" rel=\"noopener noreferrer\"><strong>Universitat de Barcelona<\/strong><\/a> i acad\u00e8mic de n\u00famero de la<strong> Reial Acad\u00e8mia Europea de Doctors-Barcelona 1914<\/strong> (RAED), va presentar el passat 13 de febrer el llibre <strong>&#8220;Revoluci\u00f3n tecnol\u00f3gica y nueva econom\u00eda. Todos los secretos contables de Apple, Google, Facebook y Amazon al descubierto&#8221; <\/strong>(Deusto) en un acte multitudinari que es va celebrar al Sal\u00f3 d&#8217;Actes de <a href=\"http:\/\/www.foment.com\" target=\"_blank\" rel=\"noopener noreferrer\"><strong>Foment de<\/strong><strong>l Treball Nacional<\/strong><\/a>, seu de la Reial Acad\u00e8mia. La sessi\u00f3 va estar encap\u00e7alada per <a href=\"https:\/\/raed.academy\/ca\/academics\/dr-alfredo-rocafort-nicolau\/\" target=\"_blank\" rel=\"noopener noreferrer\"><strong>Alfredo Rocafort<\/strong><\/a>, acad\u00e8mic de n\u00famero i president de la Junta de Govern de la RAED. La presentaci\u00f3 va estar acompanyada d&#8217;un debat en qu\u00e8 van participar<strong> Josep S\u00e1nchez Llibre<\/strong>, president de Foment; <strong>Daniel Lacalle<\/strong>, economista i prologuista de l&#8217;obra; <strong>Carlos Puig de Travy<\/strong>, president del <a href=\"http:\/\/www.economistas.es\" target=\"_blank\" rel=\"noopener noreferrer\"><strong>Consell General d&#8217;Economistes<\/strong><\/a>; <strong>Antonio G\u00f3mez Valverde<\/strong>, president de <a href=\"https:\/\/www.auditorscensors.com\" target=\"_blank\" rel=\"noopener noreferrer\"><strong>Col\u00b7legi de Censors Jurats de Comptes de Catalunya<\/strong><\/a>, i <a href=\"https:\/\/raed.academy\/ca\/academics\/dr-jordi-marti-pidelaserra\/\" target=\"_blank\" rel=\"noopener noreferrer\"><strong>Jordi Mart\u00ed<\/strong><\/a>, acad\u00e8mic de n\u00famero de la RAED i professor de la Universitat de Barcelona. <a href=\"https:\/\/raed.academy\/ca\/academics\/dra-maria-dels-angels-calvo-torras\/\" target=\"_blank\" rel=\"noopener noreferrer\"><strong>Maria \u00c0ngels Calvo<\/strong><\/a>, vicepresidenta de la Reial Acad\u00e8mia, va actuar de moderadora.<\/p>\n<p>Plantejada com una guia pr\u00e0ctica i amena, l&#8217;obra analitza i defineix els par\u00e0metres de l&#8217;anomenada &#8220;nova economia&#8221; i el seu impacte a les finances globals. Aix\u00ed mateix, defineix el concepte de disrupci\u00f3, aplicant-lo a la transformaci\u00f3 que sobre diversos aspectes de la vida han comportat les empreses tecnol\u00f2giques. En el pla estrictament econ\u00f2mic, aquesta economia disruptiva implica una categ\u00f2rica remodelaci\u00f3 de les velles categories financeres, els actius i els passius, la manera de concebre els ingressos, la idea del que s\u00f3n les despeses i la forma d&#8217;obtenir-ne excedents. &#8220;En resum: la nova economia transforma de dalt a baix els balan\u00e7os i els comptes de resultats, la qual cosa ens obliga a posar-nos al dia, a con\u00e8ixer els trets sectorials i els diferents estils de negoci i a ser conscients de totes les evolucions econ\u00f2miques&#8221;, va assenyalar l&#8217;autor.<\/p>\n<p>El llibre s&#8217;articula en cinc grans blocs que aborden els l\u00edders d&#8217;aquests nous mercats, l&#8217;origen dels seus negocis i els seus nous models, l&#8217;exemple d&#8217;<a href=\"http:\/\/apple.com\" target=\"_blank\" rel=\"noopener noreferrer\"><strong>Apple<\/strong><\/a> com a gran element disruptor, les firmes que van seguir el seu cam\u00ed i una completa an\u00e0lisi comparativa de les cinc grans tecnol\u00f2giques. Per al seu autor, resulta fonamental tant per a les empreses com per a les administracions entrar a la nova era de la tecnologia i la digitalitzaci\u00f3. Cr\u00edtic amb les pol\u00edtiques p\u00fabliques espanyoles, Gay de Li\u00e9bana va assenyalar que si Espanya ja no \u00e9s un pa\u00eds gens atractiu per als inversors, sobretot per al sector tecnol\u00f2gic, menys ho ser\u00e0 amb l&#8217;anomenada taxa <a href=\"http:\/\/www.google.es\" target=\"_blank\" rel=\"noopener noreferrer\"><strong>Google<\/strong><\/a> que acaba d&#8217;aprovar el <strong>Consell de Ministres<\/strong>. &#8220;El panorama pol\u00edtic est\u00e0 entelant i paralitzant el desenvolupament econ\u00f2mic d&#8217;Espanya&#8221;, va considerar.<\/p>\n<p>L&#8217;acad\u00e8mic de n\u00famero de la RAED ha cedit els drets d&#8217;autor del llibre \u00edntegrament a l&#8217;<a href=\"https:\/\/www.vhio.net\/es\/\" target=\"_blank\" rel=\"noopener noreferrer\"><strong>Institut d&#8217;Oncologia de l&#8217;Hospital Vall d&#8217;Hebron<\/strong><\/a> de Barcelona, \u200b\u200bcom va destacar Rocafort en la seva introducci\u00f3 de l&#8217;acte. &#8220;Recomano la lectura d&#8217;aquest llibre per l&#8217;inter\u00e8s, per la seva actualitat, per la seva profunditat i tamb\u00e9, com \u00e9s caracter\u00edstica habitual de Gay de Li\u00e9bana, per la seva capacitat de transmetre de forma clara i precisa, fins i tot all\u00f2 que \u00e9s dif\u00edcil d&#8217;entendre. Per\u00f2 vull assenyalar especialment el car\u00e0cter altruista de professor Gay de Li\u00e9bana per haver cedit els drets d&#8217;autor a un centre pioner d&#8217;investigaci\u00f3 de el c\u00e0ncer&#8221;, va concloure el president de la Reial Acad\u00e8mia.<\/p>\n<h3><a href=\"https:\/\/photos.app.goo.gl\/bv6JTUZuzEwKjceH7\" target=\"_blank\" rel=\"noopener noreferrer\">Veure totes les fotografies<\/a><\/h3>\n<p>&nbsp;<\/p>\n\n\t\t<style type=\"text\/css\">\n\t\t\t#gallery-1 {\n\t\t\t\tmargin: auto;\n\t\t\t}\n\t\t\t#gallery-1 .gallery-item {\n\t\t\t\tfloat: left;\n\t\t\t\tmargin-top: 10px;\n\t\t\t\ttext-align: center;\n\t\t\t\twidth: 33%;\n\t\t\t}\n\t\t\t#gallery-1 img {\n\t\t\t\tborder: 2px solid #cfcfcf;\n\t\t\t}\n\t\t\t#gallery-1 .gallery-caption {\n\t\t\t\tmargin-left: 0;\n\t\t\t}\n\t\t\t\/* see gallery_shortcode() in wp-includes\/media.php *\/\n\t\t<\/style>\n\t\t<div id='gallery-1' class='gallery galleryid-87540 gallery-columns-3 gallery-size-full'><dl class='gallery-item'>\n\t\t\t<dt class='gallery-icon landscape'>\n\t\t\t\t<a href='https:\/\/raed.academy\/wp-content\/uploads\/2020\/02\/Presentacion-libro-Revolucion-tecnologica-y-nueva-economia-del-Dr-Jose-Maria-Gay-de-Liebana-17.jpg'><img loading=\"lazy\" decoding=\"async\" width=\"800\" height=\"533\" src=\"https:\/\/raed.academy\/wp-content\/uploads\/2020\/02\/Presentacion-libro-Revolucion-tecnologica-y-nueva-economia-del-Dr-Jose-Maria-Gay-de-Liebana-17.jpg\" class=\"attachment-full size-full\" alt=\"Jos\u00e9 Maria Gay de Li\u00e9bana\" srcset=\"https:\/\/raed.academy\/wp-content\/uploads\/2020\/02\/Presentacion-libro-Revolucion-tecnologica-y-nueva-economia-del-Dr-Jose-Maria-Gay-de-Liebana-17.jpg 800w, https:\/\/raed.academy\/wp-content\/uploads\/2020\/02\/Presentacion-libro-Revolucion-tecnologica-y-nueva-economia-del-Dr-Jose-Maria-Gay-de-Liebana-17-768x512.jpg 768w\" sizes=\"(max-width: 800px) 100vw, 800px\" \/><\/a>\n\t\t\t<\/dt><\/dl><dl class='gallery-item'>\n\t\t\t<dt class='gallery-icon landscape'>\n\t\t\t\t<a href='https:\/\/raed.academy\/wp-content\/uploads\/2020\/02\/Presentacion-libro-Revolucion-tecnologica-y-nueva-economia-del-Dr-Jose-Maria-Gay-de-Liebana-29.jpg'><img loading=\"lazy\" decoding=\"async\" width=\"800\" height=\"533\" src=\"https:\/\/raed.academy\/wp-content\/uploads\/2020\/02\/Presentacion-libro-Revolucion-tecnologica-y-nueva-economia-del-Dr-Jose-Maria-Gay-de-Liebana-29.jpg\" class=\"attachment-full size-full\" alt=\"Alfredo Rocafort - Presentaci\u00f3n del libro &quot;Revolucion tecnologica y nueva economia&quot;\" srcset=\"https:\/\/raed.academy\/wp-content\/uploads\/2020\/02\/Presentacion-libro-Revolucion-tecnologica-y-nueva-economia-del-Dr-Jose-Maria-Gay-de-Liebana-29.jpg 800w, https:\/\/raed.academy\/wp-content\/uploads\/2020\/02\/Presentacion-libro-Revolucion-tecnologica-y-nueva-economia-del-Dr-Jose-Maria-Gay-de-Liebana-29-768x512.jpg 768w\" sizes=\"(max-width: 800px) 100vw, 800px\" \/><\/a>\n\t\t\t<\/dt><\/dl><dl class='gallery-item'>\n\t\t\t<dt class='gallery-icon landscape'>\n\t\t\t\t<a href='https:\/\/raed.academy\/wp-content\/uploads\/2020\/02\/Presentacion-libro-Revolucion-tecnologica-y-nueva-economia-del-Dr-Jose-Maria-Gay-de-Liebana-30.jpg'><img loading=\"lazy\" decoding=\"async\" width=\"900\" height=\"600\" src=\"https:\/\/raed.academy\/wp-content\/uploads\/2020\/02\/Presentacion-libro-Revolucion-tecnologica-y-nueva-economia-del-Dr-Jose-Maria-Gay-de-Liebana-30.jpg\" class=\"attachment-full size-full\" alt=\"Presentaci\u00f3n del libro &quot;Revolucion tecnologica y nueva economia&quot;\" srcset=\"https:\/\/raed.academy\/wp-content\/uploads\/2020\/02\/Presentacion-libro-Revolucion-tecnologica-y-nueva-economia-del-Dr-Jose-Maria-Gay-de-Liebana-30.jpg 900w, https:\/\/raed.academy\/wp-content\/uploads\/2020\/02\/Presentacion-libro-Revolucion-tecnologica-y-nueva-economia-del-Dr-Jose-Maria-Gay-de-Liebana-30-768x512.jpg 768w\" sizes=\"(max-width: 900px) 100vw, 900px\" \/><\/a>\n\t\t\t<\/dt><\/dl><br style=\"clear: both\" \/><dl class='gallery-item'>\n\t\t\t<dt class='gallery-icon landscape'>\n\t\t\t\t<a href='https:\/\/raed.academy\/wp-content\/uploads\/2020\/02\/Presentacion-libro-Revolucion-tecnologica-y-nueva-economia-del-Dr-Jose-Maria-Gay-de-Liebana-32.jpg'><img loading=\"lazy\" decoding=\"async\" width=\"1050\" height=\"700\" src=\"https:\/\/raed.academy\/wp-content\/uploads\/2020\/02\/Presentacion-libro-Revolucion-tecnologica-y-nueva-economia-del-Dr-Jose-Maria-Gay-de-Liebana-32.jpg\" class=\"attachment-full size-full\" alt=\"Presentaci\u00f3n del libro &quot;Revolucion tecnologica y nueva economia&quot;, del Dr. Jos\u00e9 Mar\u00eda Gay de Li\u00e9bana\" srcset=\"https:\/\/raed.academy\/wp-content\/uploads\/2020\/02\/Presentacion-libro-Revolucion-tecnologica-y-nueva-economia-del-Dr-Jose-Maria-Gay-de-Liebana-32.jpg 1050w, https:\/\/raed.academy\/wp-content\/uploads\/2020\/02\/Presentacion-libro-Revolucion-tecnologica-y-nueva-economia-del-Dr-Jose-Maria-Gay-de-Liebana-32-768x512.jpg 768w\" sizes=\"(max-width: 1050px) 100vw, 1050px\" \/><\/a>\n\t\t\t<\/dt><\/dl><dl class='gallery-item'>\n\t\t\t<dt class='gallery-icon landscape'>\n\t\t\t\t<a href='https:\/\/raed.academy\/wp-content\/uploads\/2020\/02\/Presentacion-libro-Revolucion-tecnologica-y-nueva-economia-del-Dr-Jose-Maria-Gay-de-Liebana-42.jpg'><img loading=\"lazy\" decoding=\"async\" width=\"850\" height=\"567\" src=\"https:\/\/raed.academy\/wp-content\/uploads\/2020\/02\/Presentacion-libro-Revolucion-tecnologica-y-nueva-economia-del-Dr-Jose-Maria-Gay-de-Liebana-42.jpg\" class=\"attachment-full size-full\" alt=\"Josep S\u00e1nchez Llibre, presidente de Foment\" srcset=\"https:\/\/raed.academy\/wp-content\/uploads\/2020\/02\/Presentacion-libro-Revolucion-tecnologica-y-nueva-economia-del-Dr-Jose-Maria-Gay-de-Liebana-42.jpg 850w, https:\/\/raed.academy\/wp-content\/uploads\/2020\/02\/Presentacion-libro-Revolucion-tecnologica-y-nueva-economia-del-Dr-Jose-Maria-Gay-de-Liebana-42-768x512.jpg 768w\" sizes=\"(max-width: 850px) 100vw, 850px\" \/><\/a>\n\t\t\t<\/dt><\/dl><dl class='gallery-item'>\n\t\t\t<dt class='gallery-icon landscape'>\n\t\t\t\t<a href='https:\/\/raed.academy\/wp-content\/uploads\/2020\/02\/Presentacion-libro-Revolucion-tecnologica-y-nueva-economia-del-Dr-Jose-Maria-Gay-de-Liebana-47.jpg'><img loading=\"lazy\" decoding=\"async\" width=\"950\" height=\"633\" src=\"https:\/\/raed.academy\/wp-content\/uploads\/2020\/02\/Presentacion-libro-Revolucion-tecnologica-y-nueva-economia-del-Dr-Jose-Maria-Gay-de-Liebana-47.jpg\" class=\"attachment-full size-full\" alt=\"Presentaci\u00f3n del libro &quot;Revolucion tecnologica y nueva economia&quot;\" srcset=\"https:\/\/raed.academy\/wp-content\/uploads\/2020\/02\/Presentacion-libro-Revolucion-tecnologica-y-nueva-economia-del-Dr-Jose-Maria-Gay-de-Liebana-47.jpg 950w, https:\/\/raed.academy\/wp-content\/uploads\/2020\/02\/Presentacion-libro-Revolucion-tecnologica-y-nueva-economia-del-Dr-Jose-Maria-Gay-de-Liebana-47-768x512.jpg 768w\" sizes=\"(max-width: 950px) 100vw, 950px\" \/><\/a>\n\t\t\t<\/dt><\/dl><br style=\"clear: both\" \/><dl class='gallery-item'>\n\t\t\t<dt class='gallery-icon landscape'>\n\t\t\t\t<a href='https:\/\/raed.academy\/wp-content\/uploads\/2020\/02\/Presentacion-del-libro-Revolucion-tecnologica-y-nueva-economia-del-Dr-Jose-Maria-Gay-de-Liebana-50.jpg'><img loading=\"lazy\" decoding=\"async\" width=\"880\" height=\"587\" src=\"https:\/\/raed.academy\/wp-content\/uploads\/2020\/02\/Presentacion-del-libro-Revolucion-tecnologica-y-nueva-economia-del-Dr-Jose-Maria-Gay-de-Liebana-50.jpg\" class=\"attachment-full size-full\" alt=\"Josep S\u00e1nchez Llibre - Jos\u00e9 Maria Gay de Li\u00e9bana\" srcset=\"https:\/\/raed.academy\/wp-content\/uploads\/2020\/02\/Presentacion-del-libro-Revolucion-tecnologica-y-nueva-economia-del-Dr-Jose-Maria-Gay-de-Liebana-50.jpg 880w, https:\/\/raed.academy\/wp-content\/uploads\/2020\/02\/Presentacion-del-libro-Revolucion-tecnologica-y-nueva-economia-del-Dr-Jose-Maria-Gay-de-Liebana-50-768x512.jpg 768w\" sizes=\"(max-width: 880px) 100vw, 880px\" \/><\/a>\n\t\t\t<\/dt><\/dl><dl class='gallery-item'>\n\t\t\t<dt class='gallery-icon landscape'>\n\t\t\t\t<a href='https:\/\/raed.academy\/wp-content\/uploads\/2020\/02\/Presentacion-libro-Revolucion-tecnologica-y-nueva-economia-del-Dr-Jose-Maria-Gay-de-Liebana-60.jpg'><img loading=\"lazy\" decoding=\"async\" width=\"800\" height=\"533\" src=\"https:\/\/raed.academy\/wp-content\/uploads\/2020\/02\/Presentacion-libro-Revolucion-tecnologica-y-nueva-economia-del-Dr-Jose-Maria-Gay-de-Liebana-60.jpg\" class=\"attachment-full size-full\" alt=\"Antonio G\u00f3mez Valverde\" srcset=\"https:\/\/raed.academy\/wp-content\/uploads\/2020\/02\/Presentacion-libro-Revolucion-tecnologica-y-nueva-economia-del-Dr-Jose-Maria-Gay-de-Liebana-60.jpg 800w, https:\/\/raed.academy\/wp-content\/uploads\/2020\/02\/Presentacion-libro-Revolucion-tecnologica-y-nueva-economia-del-Dr-Jose-Maria-Gay-de-Liebana-60-768x512.jpg 768w\" sizes=\"(max-width: 800px) 100vw, 800px\" \/><\/a>\n\t\t\t<\/dt><\/dl><dl class='gallery-item'>\n\t\t\t<dt class='gallery-icon landscape'>\n\t\t\t\t<a href='https:\/\/raed.academy\/wp-content\/uploads\/2020\/02\/Presentacion-libro-Revolucion-tecnologica-y-nueva-economia-del-Dr-Jose-Maria-Gay-de-Liebana-65.jpg'><img loading=\"lazy\" decoding=\"async\" width=\"800\" height=\"533\" src=\"https:\/\/raed.academy\/wp-content\/uploads\/2020\/02\/Presentacion-libro-Revolucion-tecnologica-y-nueva-economia-del-Dr-Jose-Maria-Gay-de-Liebana-65.jpg\" class=\"attachment-full size-full\" alt=\"Jordi Mart\u00ed Pidelaserra\" srcset=\"https:\/\/raed.academy\/wp-content\/uploads\/2020\/02\/Presentacion-libro-Revolucion-tecnologica-y-nueva-economia-del-Dr-Jose-Maria-Gay-de-Liebana-65.jpg 800w, https:\/\/raed.academy\/wp-content\/uploads\/2020\/02\/Presentacion-libro-Revolucion-tecnologica-y-nueva-economia-del-Dr-Jose-Maria-Gay-de-Liebana-65-768x512.jpg 768w\" sizes=\"(max-width: 800px) 100vw, 800px\" \/><\/a>\n\t\t\t<\/dt><\/dl><br style=\"clear: both\" \/><dl class='gallery-item'>\n\t\t\t<dt class='gallery-icon portrait'>\n\t\t\t\t<a href='https:\/\/raed.academy\/wp-content\/uploads\/2020\/02\/Presentacion-libro-Revolucion-tecnologica-y-nueva-economia-del-Dr-Jose-Maria-Gay-de-Liebana-48.jpg'><img loading=\"lazy\" decoding=\"async\" width=\"500\" height=\"750\" src=\"https:\/\/raed.academy\/wp-content\/uploads\/2020\/02\/Presentacion-libro-Revolucion-tecnologica-y-nueva-economia-del-Dr-Jose-Maria-Gay-de-Liebana-48.jpg\" class=\"attachment-full size-full\" alt=\"Daniel Lacalle\" \/><\/a>\n\t\t\t<\/dt><\/dl><dl class='gallery-item'>\n\t\t\t<dt class='gallery-icon portrait'>\n\t\t\t\t<a href='https:\/\/raed.academy\/wp-content\/uploads\/2020\/02\/Presentacion-del-libro-Revolucion-tecnologica-y-nueva-economia-del-Dr-Jose-Maria-Gay-de-Liebana-51.jpg'><img loading=\"lazy\" decoding=\"async\" width=\"450\" height=\"675\" src=\"https:\/\/raed.academy\/wp-content\/uploads\/2020\/02\/Presentacion-del-libro-Revolucion-tecnologica-y-nueva-economia-del-Dr-Jose-Maria-Gay-de-Liebana-51.jpg\" class=\"attachment-full size-full\" alt=\"Jos\u00e9 Maria Gay de Li\u00e9bana\" \/><\/a>\n\t\t\t<\/dt><\/dl><dl class='gallery-item'>\n\t\t\t<dt class='gallery-icon portrait'>\n\t\t\t\t<a href='https:\/\/raed.academy\/wp-content\/uploads\/2020\/02\/Presentacion-libro-Revolucion-tecnologica-y-nueva-economia-del-Dr-Jose-Maria-Gay-de-Liebana-58.jpg'><img loading=\"lazy\" decoding=\"async\" width=\"500\" height=\"750\" src=\"https:\/\/raed.academy\/wp-content\/uploads\/2020\/02\/Presentacion-libro-Revolucion-tecnologica-y-nueva-economia-del-Dr-Jose-Maria-Gay-de-Liebana-58.jpg\" class=\"attachment-full size-full\" alt=\"Carlos Puig de Travy\" \/><\/a>\n\t\t\t<\/dt><\/dl><br style=\"clear: both\" \/>\n\t\t<\/div>\n\n","protected":false},"excerpt":{"rendered":"<p>Jos\u00e9 Maria Gay de Li\u00e9bana protagonitza una presentaci\u00f3 multitudin\u00e0ria del seu \u00faltim llibre a la Reial Acad\u00e8mia Jos\u00e9 Maria Gay de Li\u00e9bana, professor de la Facultat d&#8217;Economia i Empresa de la Universitat de Barcelona i acad\u00e8mic de n\u00famero de la Reial Acad\u00e8mia Europea de Doctors-Barcelona 1914 (RAED), va presentar el passat 13 de febrer el [&hellip;]<\/p>\n","protected":false},"author":12,"featured_media":87214,"comment_status":"closed","ping_status":"closed","sticky":false,"template":"","format":"standard","meta":{"_et_pb_use_builder":"","_et_pb_old_content":"","_et_gb_content_width":"","footnotes":""},"categories":[233],"tags":[],"class_list":["post-87540","post","type-post","status-publish","format-standard","has-post-thumbnail","hentry","category-economiques-i-empresarials","et-has-post-format-content","et_post_format-et-post-format-standard"],"yoast_head":"<!-- This site is optimized with the Yoast SEO plugin v27.4 - https:\/\/yoast.com\/product\/yoast-seo-wordpress\/ -->\n<title>Els secrets de la nova economia - Reial Acad\u00e8mia Europea de Doctors<\/title>\n<meta name=\"description\" content=\"Jos\u00e9 Maria Gay de Li\u00e9bana protagonitza una presentaci\u00f3 multitudin\u00e0ria del seu \u00faltim llibre a la Reial Acad\u00e8mia\" \/>\n<meta name=\"robots\" content=\"index, follow, max-snippet:-1, max-image-preview:large, max-video-preview:-1\" \/>\n<link rel=\"canonical\" href=\"https:\/\/raed.academy\/ca\/els-secrets-de-la-nova-economia-jose-maria-gay-de-liebana\/\" \/>\n<meta property=\"og:locale\" content=\"ca_ES\" \/>\n<meta property=\"og:type\" content=\"article\" \/>\n<meta property=\"og:title\" content=\"Els secrets de la nova economia - Reial Acad\u00e8mia Europea de Doctors\" \/>\n<meta property=\"og:description\" content=\"Jos\u00e9 Maria Gay de Li\u00e9bana protagonitza una presentaci\u00f3 multitudin\u00e0ria del seu \u00faltim llibre a la Reial Acad\u00e8mia\" \/>\n<meta property=\"og:url\" content=\"https:\/\/raed.academy\/ca\/els-secrets-de-la-nova-economia-jose-maria-gay-de-liebana\/\" \/>\n<meta property=\"og:site_name\" content=\"Reial Acad\u00e8mia Europea de Doctors\" \/>\n<meta property=\"article:publisher\" content=\"http:\/\/fb.me\/raed.academy\" \/>\n<meta property=\"article:published_time\" content=\"2020-02-21T07:05:04+00:00\" \/>\n<meta property=\"article:modified_time\" content=\"2020-02-21T09:07:23+00:00\" \/>\n<meta property=\"og:image\" content=\"https:\/\/raed.academy\/wp-content\/uploads\/2020\/02\/shutt-nueva-economia-dst.jpg\" \/>\n\t<meta property=\"og:image:width\" content=\"1000\" \/>\n\t<meta property=\"og:image:height\" content=\"420\" \/>\n\t<meta property=\"og:image:type\" content=\"image\/jpeg\" \/>\n<meta name=\"author\" content=\"RAED\" \/>\n<meta name=\"twitter:card\" content=\"summary_large_image\" \/>\n<meta name=\"twitter:creator\" content=\"@raedacademy\" \/>\n<meta name=\"twitter:site\" content=\"@raedacademy\" \/>\n<meta name=\"twitter:label1\" content=\"Written by\" \/>\n\t<meta name=\"twitter:data1\" content=\"RAED\" \/>\n\t<meta name=\"twitter:label2\" content=\"Est. reading time\" \/>\n\t<meta name=\"twitter:data2\" content=\"3 minutes\" \/>\n<script type=\"application\/ld+json\" class=\"yoast-schema-graph\">{\"@context\":\"https:\\\/\\\/schema.org\",\"@graph\":[{\"@type\":\"Article\",\"@id\":\"https:\\\/\\\/raed.academy\\\/ca\\\/els-secrets-de-la-nova-economia-jose-maria-gay-de-liebana\\\/#article\",\"isPartOf\":{\"@id\":\"https:\\\/\\\/raed.academy\\\/ca\\\/els-secrets-de-la-nova-economia-jose-maria-gay-de-liebana\\\/\"},\"author\":{\"name\":\"RAED\",\"@id\":\"https:\\\/\\\/raed.academy\\\/ca\\\/#\\\/schema\\\/person\\\/5a755da80d1d979fd66ba745c8702927\"},\"headline\":\"Els secrets de la nova economia\",\"datePublished\":\"2020-02-21T07:05:04+00:00\",\"dateModified\":\"2020-02-21T09:07:23+00:00\",\"mainEntityOfPage\":{\"@id\":\"https:\\\/\\\/raed.academy\\\/ca\\\/els-secrets-de-la-nova-economia-jose-maria-gay-de-liebana\\\/\"},\"wordCount\":666,\"publisher\":{\"@id\":\"https:\\\/\\\/raed.academy\\\/ca\\\/#organization\"},\"image\":{\"@id\":\"https:\\\/\\\/raed.academy\\\/ca\\\/els-secrets-de-la-nova-economia-jose-maria-gay-de-liebana\\\/#primaryimage\"},\"thumbnailUrl\":\"https:\\\/\\\/raed.academy\\\/wp-content\\\/uploads\\\/2020\\\/02\\\/shutt-nueva-economia-dst.jpg\",\"articleSection\":[\"Econ\u00f2miques i Empresarials\"],\"inLanguage\":\"ca-ES\"},{\"@type\":\"WebPage\",\"@id\":\"https:\\\/\\\/raed.academy\\\/ca\\\/els-secrets-de-la-nova-economia-jose-maria-gay-de-liebana\\\/\",\"url\":\"https:\\\/\\\/raed.academy\\\/ca\\\/els-secrets-de-la-nova-economia-jose-maria-gay-de-liebana\\\/\",\"name\":\"Els secrets de la nova economia - Reial Acad\u00e8mia Europea de Doctors\",\"isPartOf\":{\"@id\":\"https:\\\/\\\/raed.academy\\\/ca\\\/#website\"},\"primaryImageOfPage\":{\"@id\":\"https:\\\/\\\/raed.academy\\\/ca\\\/els-secrets-de-la-nova-economia-jose-maria-gay-de-liebana\\\/#primaryimage\"},\"image\":{\"@id\":\"https:\\\/\\\/raed.academy\\\/ca\\\/els-secrets-de-la-nova-economia-jose-maria-gay-de-liebana\\\/#primaryimage\"},\"thumbnailUrl\":\"https:\\\/\\\/raed.academy\\\/wp-content\\\/uploads\\\/2020\\\/02\\\/shutt-nueva-economia-dst.jpg\",\"datePublished\":\"2020-02-21T07:05:04+00:00\",\"dateModified\":\"2020-02-21T09:07:23+00:00\",\"description\":\"Jos\u00e9 Maria Gay de Li\u00e9bana protagonitza una presentaci\u00f3 multitudin\u00e0ria del seu \u00faltim llibre a la Reial Acad\u00e8mia\",\"breadcrumb\":{\"@id\":\"https:\\\/\\\/raed.academy\\\/ca\\\/els-secrets-de-la-nova-economia-jose-maria-gay-de-liebana\\\/#breadcrumb\"},\"inLanguage\":\"ca-ES\",\"potentialAction\":[{\"@type\":\"ReadAction\",\"target\":[\"https:\\\/\\\/raed.academy\\\/ca\\\/els-secrets-de-la-nova-economia-jose-maria-gay-de-liebana\\\/\"]}]},{\"@type\":\"ImageObject\",\"inLanguage\":\"ca-ES\",\"@id\":\"https:\\\/\\\/raed.academy\\\/ca\\\/els-secrets-de-la-nova-economia-jose-maria-gay-de-liebana\\\/#primaryimage\",\"url\":\"https:\\\/\\\/raed.academy\\\/wp-content\\\/uploads\\\/2020\\\/02\\\/shutt-nueva-economia-dst.jpg\",\"contentUrl\":\"https:\\\/\\\/raed.academy\\\/wp-content\\\/uploads\\\/2020\\\/02\\\/shutt-nueva-economia-dst.jpg\",\"width\":1000,\"height\":420},{\"@type\":\"BreadcrumbList\",\"@id\":\"https:\\\/\\\/raed.academy\\\/ca\\\/els-secrets-de-la-nova-economia-jose-maria-gay-de-liebana\\\/#breadcrumb\",\"itemListElement\":[{\"@type\":\"ListItem\",\"position\":1,\"name\":\"Inicio\",\"item\":\"https:\\\/\\\/raed.academy\\\/ca\\\/\"},{\"@type\":\"ListItem\",\"position\":2,\"name\":\"Els secrets de la nova economia\"}]},{\"@type\":\"WebSite\",\"@id\":\"https:\\\/\\\/raed.academy\\\/ca\\\/#website\",\"url\":\"https:\\\/\\\/raed.academy\\\/ca\\\/\",\"name\":\"Reial Acad\u00e8mia Europea de Doctors\",\"description\":\"Corporaci\u00f3n de derecho p\u00fablico de car\u00e1cter cient\u00edfico, t\u00e9cnico y art\u00edstico, que tiene por objeto la investigaci\u00f3n, el estudio, el fomento y la extensi\u00f3n del conocimiento en su sentido m\u00e1s amplio\",\"publisher\":{\"@id\":\"https:\\\/\\\/raed.academy\\\/ca\\\/#organization\"},\"potentialAction\":[{\"@type\":\"SearchAction\",\"target\":{\"@type\":\"EntryPoint\",\"urlTemplate\":\"https:\\\/\\\/raed.academy\\\/ca\\\/?s={search_term_string}\"},\"query-input\":{\"@type\":\"PropertyValueSpecification\",\"valueRequired\":true,\"valueName\":\"search_term_string\"}}],\"inLanguage\":\"ca-ES\"},{\"@type\":\"Organization\",\"@id\":\"https:\\\/\\\/raed.academy\\\/ca\\\/#organization\",\"name\":\"Real Academia Europea de Doctores\",\"url\":\"https:\\\/\\\/raed.academy\\\/ca\\\/\",\"logo\":{\"@type\":\"ImageObject\",\"inLanguage\":\"ca-ES\",\"@id\":\"https:\\\/\\\/raed.academy\\\/ca\\\/#\\\/schema\\\/logo\\\/image\\\/\",\"url\":\"https:\\\/\\\/raed.academy\\\/wp-content\\\/uploads\\\/2017\\\/01\\\/cropped-logo_raed.png\",\"contentUrl\":\"https:\\\/\\\/raed.academy\\\/wp-content\\\/uploads\\\/2017\\\/01\\\/cropped-logo_raed.png\",\"width\":512,\"height\":512,\"caption\":\"Real Academia Europea de Doctores\"},\"image\":{\"@id\":\"https:\\\/\\\/raed.academy\\\/ca\\\/#\\\/schema\\\/logo\\\/image\\\/\"},\"sameAs\":[\"http:\\\/\\\/fb.me\\\/raed.academy\",\"https:\\\/\\\/x.com\\\/raedacademy\",\"https:\\\/\\\/www.instagram.com\\\/raed.academy\\\/\",\"https:\\\/\\\/www.youtube.com\\\/channel\\\/UCUYQwW2KrdirNWihxMDObwg\"]},{\"@type\":\"Person\",\"@id\":\"https:\\\/\\\/raed.academy\\\/ca\\\/#\\\/schema\\\/person\\\/5a755da80d1d979fd66ba745c8702927\",\"name\":\"RAED\",\"image\":{\"@type\":\"ImageObject\",\"inLanguage\":\"ca-ES\",\"@id\":\"https:\\\/\\\/secure.gravatar.com\\\/avatar\\\/19fdfdc0d67fb9c45714b703a2ac82251c4fcea3637f002ac3c9b74c0183583c?s=96&d=mm&r=g\",\"url\":\"https:\\\/\\\/secure.gravatar.com\\\/avatar\\\/19fdfdc0d67fb9c45714b703a2ac82251c4fcea3637f002ac3c9b74c0183583c?s=96&d=mm&r=g\",\"contentUrl\":\"https:\\\/\\\/secure.gravatar.com\\\/avatar\\\/19fdfdc0d67fb9c45714b703a2ac82251c4fcea3637f002ac3c9b74c0183583c?s=96&d=mm&r=g\",\"caption\":\"RAED\"}}]}<\/script>\n<!-- \/ Yoast SEO plugin. -->","yoast_head_json":{"title":"Els secrets de la nova economia - Reial Acad\u00e8mia Europea de Doctors","description":"Jos\u00e9 Maria Gay de Li\u00e9bana protagonitza una presentaci\u00f3 multitudin\u00e0ria del seu \u00faltim llibre a la Reial Acad\u00e8mia","robots":{"index":"index","follow":"follow","max-snippet":"max-snippet:-1","max-image-preview":"max-image-preview:large","max-video-preview":"max-video-preview:-1"},"canonical":"https:\/\/raed.academy\/ca\/els-secrets-de-la-nova-economia-jose-maria-gay-de-liebana\/","og_locale":"ca_ES","og_type":"article","og_title":"Els secrets de la nova economia - Reial Acad\u00e8mia Europea de Doctors","og_description":"Jos\u00e9 Maria Gay de Li\u00e9bana protagonitza una presentaci\u00f3 multitudin\u00e0ria del seu \u00faltim llibre a la Reial Acad\u00e8mia","og_url":"https:\/\/raed.academy\/ca\/els-secrets-de-la-nova-economia-jose-maria-gay-de-liebana\/","og_site_name":"Reial Acad\u00e8mia Europea de Doctors","article_publisher":"http:\/\/fb.me\/raed.academy","article_published_time":"2020-02-21T07:05:04+00:00","article_modified_time":"2020-02-21T09:07:23+00:00","og_image":[{"width":1000,"height":420,"url":"https:\/\/raed.academy\/wp-content\/uploads\/2020\/02\/shutt-nueva-economia-dst.jpg","type":"image\/jpeg"}],"author":"RAED","twitter_card":"summary_large_image","twitter_creator":"@raedacademy","twitter_site":"@raedacademy","twitter_misc":{"Written by":"RAED","Est. reading time":"3 minutes"},"schema":{"@context":"https:\/\/schema.org","@graph":[{"@type":"Article","@id":"https:\/\/raed.academy\/ca\/els-secrets-de-la-nova-economia-jose-maria-gay-de-liebana\/#article","isPartOf":{"@id":"https:\/\/raed.academy\/ca\/els-secrets-de-la-nova-economia-jose-maria-gay-de-liebana\/"},"author":{"name":"RAED","@id":"https:\/\/raed.academy\/ca\/#\/schema\/person\/5a755da80d1d979fd66ba745c8702927"},"headline":"Els secrets de la nova economia","datePublished":"2020-02-21T07:05:04+00:00","dateModified":"2020-02-21T09:07:23+00:00","mainEntityOfPage":{"@id":"https:\/\/raed.academy\/ca\/els-secrets-de-la-nova-economia-jose-maria-gay-de-liebana\/"},"wordCount":666,"publisher":{"@id":"https:\/\/raed.academy\/ca\/#organization"},"image":{"@id":"https:\/\/raed.academy\/ca\/els-secrets-de-la-nova-economia-jose-maria-gay-de-liebana\/#primaryimage"},"thumbnailUrl":"https:\/\/raed.academy\/wp-content\/uploads\/2020\/02\/shutt-nueva-economia-dst.jpg","articleSection":["Econ\u00f2miques i Empresarials"],"inLanguage":"ca-ES"},{"@type":"WebPage","@id":"https:\/\/raed.academy\/ca\/els-secrets-de-la-nova-economia-jose-maria-gay-de-liebana\/","url":"https:\/\/raed.academy\/ca\/els-secrets-de-la-nova-economia-jose-maria-gay-de-liebana\/","name":"Els secrets de la nova economia - Reial Acad\u00e8mia Europea de Doctors","isPartOf":{"@id":"https:\/\/raed.academy\/ca\/#website"},"primaryImageOfPage":{"@id":"https:\/\/raed.academy\/ca\/els-secrets-de-la-nova-economia-jose-maria-gay-de-liebana\/#primaryimage"},"image":{"@id":"https:\/\/raed.academy\/ca\/els-secrets-de-la-nova-economia-jose-maria-gay-de-liebana\/#primaryimage"},"thumbnailUrl":"https:\/\/raed.academy\/wp-content\/uploads\/2020\/02\/shutt-nueva-economia-dst.jpg","datePublished":"2020-02-21T07:05:04+00:00","dateModified":"2020-02-21T09:07:23+00:00","description":"Jos\u00e9 Maria Gay de Li\u00e9bana protagonitza una presentaci\u00f3 multitudin\u00e0ria del seu \u00faltim llibre a la Reial Acad\u00e8mia","breadcrumb":{"@id":"https:\/\/raed.academy\/ca\/els-secrets-de-la-nova-economia-jose-maria-gay-de-liebana\/#breadcrumb"},"inLanguage":"ca-ES","potentialAction":[{"@type":"ReadAction","target":["https:\/\/raed.academy\/ca\/els-secrets-de-la-nova-economia-jose-maria-gay-de-liebana\/"]}]},{"@type":"ImageObject","inLanguage":"ca-ES","@id":"https:\/\/raed.academy\/ca\/els-secrets-de-la-nova-economia-jose-maria-gay-de-liebana\/#primaryimage","url":"https:\/\/raed.academy\/wp-content\/uploads\/2020\/02\/shutt-nueva-economia-dst.jpg","contentUrl":"https:\/\/raed.academy\/wp-content\/uploads\/2020\/02\/shutt-nueva-economia-dst.jpg","width":1000,"height":420},{"@type":"BreadcrumbList","@id":"https:\/\/raed.academy\/ca\/els-secrets-de-la-nova-economia-jose-maria-gay-de-liebana\/#breadcrumb","itemListElement":[{"@type":"ListItem","position":1,"name":"Inicio","item":"https:\/\/raed.academy\/ca\/"},{"@type":"ListItem","position":2,"name":"Els secrets de la nova economia"}]},{"@type":"WebSite","@id":"https:\/\/raed.academy\/ca\/#website","url":"https:\/\/raed.academy\/ca\/","name":"Reial Acad\u00e8mia Europea de Doctors","description":"Corporaci\u00f3n de derecho p\u00fablico de car\u00e1cter cient\u00edfico, t\u00e9cnico y art\u00edstico, que tiene por objeto la investigaci\u00f3n, el estudio, el fomento y la extensi\u00f3n del conocimiento en su sentido m\u00e1s amplio","publisher":{"@id":"https:\/\/raed.academy\/ca\/#organization"},"potentialAction":[{"@type":"SearchAction","target":{"@type":"EntryPoint","urlTemplate":"https:\/\/raed.academy\/ca\/?s={search_term_string}"},"query-input":{"@type":"PropertyValueSpecification","valueRequired":true,"valueName":"search_term_string"}}],"inLanguage":"ca-ES"},{"@type":"Organization","@id":"https:\/\/raed.academy\/ca\/#organization","name":"Real Academia Europea de Doctores","url":"https:\/\/raed.academy\/ca\/","logo":{"@type":"ImageObject","inLanguage":"ca-ES","@id":"https:\/\/raed.academy\/ca\/#\/schema\/logo\/image\/","url":"https:\/\/raed.academy\/wp-content\/uploads\/2017\/01\/cropped-logo_raed.png","contentUrl":"https:\/\/raed.academy\/wp-content\/uploads\/2017\/01\/cropped-logo_raed.png","width":512,"height":512,"caption":"Real Academia Europea de Doctores"},"image":{"@id":"https:\/\/raed.academy\/ca\/#\/schema\/logo\/image\/"},"sameAs":["http:\/\/fb.me\/raed.academy","https:\/\/x.com\/raedacademy","https:\/\/www.instagram.com\/raed.academy\/","https:\/\/www.youtube.com\/channel\/UCUYQwW2KrdirNWihxMDObwg"]},{"@type":"Person","@id":"https:\/\/raed.academy\/ca\/#\/schema\/person\/5a755da80d1d979fd66ba745c8702927","name":"RAED","image":{"@type":"ImageObject","inLanguage":"ca-ES","@id":"https:\/\/secure.gravatar.com\/avatar\/19fdfdc0d67fb9c45714b703a2ac82251c4fcea3637f002ac3c9b74c0183583c?s=96&d=mm&r=g","url":"https:\/\/secure.gravatar.com\/avatar\/19fdfdc0d67fb9c45714b703a2ac82251c4fcea3637f002ac3c9b74c0183583c?s=96&d=mm&r=g","contentUrl":"https:\/\/secure.gravatar.com\/avatar\/19fdfdc0d67fb9c45714b703a2ac82251c4fcea3637f002ac3c9b74c0183583c?s=96&d=mm&r=g","caption":"RAED"}}]}},"_links":{"self":[{"href":"https:\/\/raed.academy\/ca\/wp-json\/wp\/v2\/posts\/87540","targetHints":{"allow":["GET"]}}],"collection":[{"href":"https:\/\/raed.academy\/ca\/wp-json\/wp\/v2\/posts"}],"about":[{"href":"https:\/\/raed.academy\/ca\/wp-json\/wp\/v2\/types\/post"}],"author":[{"embeddable":true,"href":"https:\/\/raed.academy\/ca\/wp-json\/wp\/v2\/users\/12"}],"replies":[{"embeddable":true,"href":"https:\/\/raed.academy\/ca\/wp-json\/wp\/v2\/comments?post=87540"}],"version-history":[{"count":0,"href":"https:\/\/raed.academy\/ca\/wp-json\/wp\/v2\/posts\/87540\/revisions"}],"wp:featuredmedia":[{"embeddable":true,"href":"https:\/\/raed.academy\/ca\/wp-json\/wp\/v2\/media\/87214"}],"wp:attachment":[{"href":"https:\/\/raed.academy\/ca\/wp-json\/wp\/v2\/media?parent=87540"}],"wp:term":[{"taxonomy":"category","embeddable":true,"href":"https:\/\/raed.academy\/ca\/wp-json\/wp\/v2\/categories?post=87540"},{"taxonomy":"post_tag","embeddable":true,"href":"https:\/\/raed.academy\/ca\/wp-json\/wp\/v2\/tags?post=87540"}],"curies":[{"name":"wp","href":"https:\/\/api.w.org\/{rel}","templated":true}]}}