{"id":87536,"date":"2020-02-21T06:43:14","date_gmt":"2020-02-21T06:43:14","guid":{"rendered":"https:\/\/raed.academy\/?p=87536"},"modified":"2020-02-21T09:51:32","modified_gmt":"2020-02-21T09:51:32","slug":"del-maltractament-a-la-gent-gran-al-paper-de-la-xina-diari-tribuna-plural","status":"publish","type":"post","link":"https:\/\/raed.academy\/ca\/del-maltractament-a-la-gent-gran-al-paper-de-la-xina-diari-tribuna-plural\/","title":{"rendered":"Del maltractament a la gent gran al paper de la Xina"},"content":{"rendered":"<h2>La Reial Acad\u00e8mia Europea de Doctors edita el tercer lliurament de &#8220;Peri\u00f3dico Tribuna Plural&#8221;<\/h2>\n<p>La <strong>Reial Acad\u00e8mia Europea de Doctors-Barcelona 1914<\/strong> (RAED) ha editat el tercer lliurament de <strong>&#8220;Peri\u00f3dico Tribuna Plural&#8221;<\/strong>, el seu nou mitj\u00e0 de comunicaci\u00f3 corporatiu que se suma al seu Butllet\u00ed setmanal, a la seva revista cient\u00edfica<strong> &#8220;Tribuna Plural&#8221;<\/strong> i a les publicacions peri\u00f2diques sobre congressos, esdeveniments i cites acad\u00e8miques puntuals. Editat en paper, en format diari i amb una periodicitat trimestral, &#8220;Peri\u00f3dico Tribuna Plural&#8221; torna a abordar des d&#8217;una \u00f2ptica profunda, amb entrevistes reportatges i articles d&#8217;opini\u00f3, l&#8217;activitat acad\u00e8mica.<\/p>\n<p><img loading=\"lazy\" decoding=\"async\" class=\"alignright size-full wp-image-87324\" src=\"https:\/\/raed.academy\/wp-content\/uploads\/2020\/02\/Tribuna-Plural-n3.jpg\" alt=\"\" width=\"600\" height=\"518\" data-attachment-id=\"87324\" data-permalink=\"https:\/\/raed.academy\/del-maltrato-a-los-mayores-al-papel-de-china-periodico-tribuna-plural\/tribuna-plural-n3\/\" data-orig-file=\"https:\/\/raed.academy\/wp-content\/uploads\/2020\/02\/Tribuna-Plural-n3.jpg\" data-orig-size=\"600,518\" data-comments-opened=\"0\" data-image-meta=\"{&quot;aperture&quot;:&quot;0&quot;,&quot;credit&quot;:&quot;&quot;,&quot;camera&quot;:&quot;&quot;,&quot;caption&quot;:&quot;&quot;,&quot;created_timestamp&quot;:&quot;0&quot;,&quot;copyright&quot;:&quot;&quot;,&quot;focal_length&quot;:&quot;0&quot;,&quot;iso&quot;:&quot;0&quot;,&quot;shutter_speed&quot;:&quot;0&quot;,&quot;title&quot;:&quot;&quot;,&quot;orientation&quot;:&quot;0&quot;}\" data-image-title=\"Tribuna-Plural-n3\" data-image-description=\"\" data-medium-file=\"https:\/\/raed.academy\/wp-content\/uploads\/2020\/02\/Tribuna-Plural-n3.jpg\" data-large-file=\"https:\/\/raed.academy\/wp-content\/uploads\/2020\/02\/Tribuna-Plural-n3.jpg\" \/>Aquest n\u00famero s&#8217;obre amb un ampli reportatge sobre la sessi\u00f3 acad\u00e8mica que la Reial Acad\u00e8mia i el <strong>Servei Especialitzat d&#8217;Atenci\u00f3 a les Persones<\/strong> del <a href=\"https:\/\/www.elbaixllobregat.cat\" target=\"_blank\" rel=\"noopener noreferrer\"><strong>Consell Comarcal del Baix Llobregat<\/strong><\/a> van celebrar el passat desembre al <a href=\"http:\/\/www.reialcercleartistic.cat\" target=\"_blank\" rel=\"noopener noreferrer\"><strong>Reial Cercle Art\u00edstic de Barcelona<\/strong><\/a> sota el t\u00edtol<strong> &#8220;Els riscos d&#8217;envellir aqu\u00ed i ara. Un di\u00e0leg cr\u00edtic sobre els maltractaments a la gent gra<\/strong><strong>n&#8221;<\/strong>, en la qual es va abordar un tema tan desconegut com est\u00e8s: el maltractament a la gent gran. La jornada va servir per presentar el treball pioner del Servei Especialitzat d&#8217;Atenci\u00f3 a les Persones, l&#8217;\u00fanic servei dedicat d&#8217;aquestes caracter\u00edstiques que existeix a Espanya, i els informes elaborats per aquest servei des de la seva implantaci\u00f3, que assenyalen com les dones s\u00f3n les que m\u00e9s pateixen el maltractament a les persones grans, superant el nombre de casos als homes en cadascuna de les franges d&#8217;edat estudiades.<\/p>\n<p>El diari fa una \u00e0mplia entrevista a <strong>Juan Ram\u00f3n Hidalgo<\/strong>, expert en Dret Alimentari, professor de l&#8217;<strong>Escola de Prevenci\u00f3 i Seguretat Integral<\/strong> de la <a href=\"http:\/\/www.uab.edu\" target=\"_blank\" rel=\"noopener noreferrer\"><strong>Universitat Aut\u00f2noma de Barcelona<\/strong><\/a> i coordinador del <strong>M\u00e0ster en Gesti\u00f3 de la Seguretat i la Qualitat Aliment\u00e0ria<\/strong> per abordar la list\u00e8ria i la salut p\u00fablica. L&#8217;especialista, col\u00b7laborador de la RAED, \u00e9s al seu torn president de la <strong>Societat Espanyola de Seguretat Aliment\u00e0ria<\/strong>. Aix\u00ed mateix, el director de comunicaci\u00f3 de la RAED, <strong>Manuel Murillo<\/strong>, mant\u00e9 una \u00e0mplia xerrada amb l&#8217;acad\u00e8mic de n\u00famero i professor de la Facultat d&#8217;Economia i Empresa de la <a href=\"http:\/\/www.ub.edu\" target=\"_blank\" rel=\"noopener noreferrer\"><strong>Universitat de Barcelona<\/strong><\/a> <a href=\"https:\/\/raed.academy\/ca\/academics\/dr-jose-maria-gay-de-liebana-saludas\/\" target=\"_blank\" rel=\"noopener noreferrer\"><strong>Jos\u00e9 Mar\u00eda Gay de Li\u00e9bana<\/strong><\/a>, qui reflexiona sobre el futur de l&#8217;economia espanyola.<\/p>\n<p>Aquest n\u00famero dedica un espai destacat a la vacunaci\u00f3, partint de les conclusions de l&#8217;acte acad\u00e8mic que la RAED va celebrar el passat novembre amb destacats experts per abordar el debat obert pels col\u00b7lectius antivacunes. La sessi\u00f3 va portar per t\u00edtol <strong>&#8220;Les vacunes al segle XXI: aspectes cient\u00edfics i socials&#8221;<\/strong>. Sense sortir d&#8217;aquest mateix \u00e0mbit sanitari, abordat amb l&#8217;obligat rigor cient\u00edfic, &#8220;Peri\u00f3dico Tribuna Plural&#8221; es dedica a analitzar un altre tema de m\u00e0xima actualitat que es va abordar amb el debat <strong>&#8220;L&#8217;oportunitat del <\/strong><strong>Big Data i la intel\u00b7lig\u00e8ncia artificial a la presa de decisions cl\u00edniques i d&#8217;avaluaci\u00f3 en Sanitat&#8221;<\/strong>. La jornada va ser organitzada per l&#8217;<a href=\"http:\/\/www.bioinformaticsbarcelona.eu\/\" target=\"_blank\" rel=\"noopener noreferrer\"><strong>Associaci\u00f3 Bioinform\u00e0tics Barcelona<\/strong><\/a>, \u200b\u200bla <a href=\"http:\/\/www.se-fc.org\/\" target=\"_blank\" rel=\"noopener noreferrer\"><strong>Societat Espanyola de Farmacologia Cl\u00ednica<\/strong><\/a> i la Universitat de Barcelona, \u200b\u200bi promoguda per <a href=\"https:\/\/www.leti.com\" target=\"_blank\" rel=\"noopener noreferrer\"><strong>Laboratorios LETI<\/strong><\/a> amb la col\u00b7laboraci\u00f3 de la <a href=\"https:\/\/www.institutoroche.es\/\" target=\"_blank\" rel=\"noopener noreferrer\"><strong>Fundaci\u00f3 Instituto Roche<\/strong><\/a>, la Reial Acad\u00e8mia i la <a href=\"https:\/\/espa\u00f1asalud.org\/\" target=\"_blank\" rel=\"noopener noreferrer\"><strong>Fundaci\u00f3 Espa\u00f1a Salud<\/strong><\/a> amb un gran seguiment per part dels professionals de sector.<\/p>\n<p>Aquest lliurament aprofundeix tamb\u00e9 en la confer\u00e8ncia que representava a Espanya al <strong>Projecte de Realitat Clim\u00e0tica<\/strong> que impulsa l&#8217;exvicepresident dels Estats Units i premi Nobel de la Pau<strong> Al Gore<\/strong>, que va anar a c\u00e0rrec de l&#8217;acad\u00e8mic de n\u00famero i president de l&#8217;<strong>Institut de Relacions Internacionals<\/strong> de la Reial Acad\u00e8mia <a href=\"https:\/\/raed.academy\/ca\/academics\/dr-jose-ramon-calvo-fernandez\/\" target=\"_blank\" rel=\"noopener noreferrer\"><strong>Jos\u00e9 Ram\u00f3n Calvo<\/strong><\/a>. L&#8217;acte va estar organitzat per la <strong>Fundaci\u00f3 de la Reial Acad\u00e8mia Europea de Doctors<\/strong>, amb la col\u00b7laboraci\u00f3 de Reial Cercle Art\u00edstic, la <a href=\"http:\/\/aefe.es\/\" target=\"_blank\" rel=\"noopener noreferrer\"><strong>Fundaci\u00f3 de Foment Europeu<\/strong><\/a> i la <a href=\"http:\/\/quoartis.org\" target=\"_blank\" rel=\"noopener noreferrer\"><strong>Fundaci\u00f3 Quo Artis<\/strong><\/a> i es va completar amb una taula de debat que va portar per t\u00edtol <strong>&#8220;Com afecta el canvi clim\u00e0tic a la salut, l&#8217;empresa o el m\u00f3n&#8221;<\/strong>. En aquest sentit, el president de la Reial Acad\u00e8mia, <a href=\"https:\/\/raed.academy\/ca\/academics\/dr-alfredo-rocafort-nicolau\/\" target=\"_blank\" rel=\"noopener noreferrer\"><strong>Alfredo Rocafort<\/strong><\/a>, analitza en un editorial les conclusions de la confer\u00e8ncia internacional COP-25 que aborda les mesures necess\u00e0ries per fer front al canvi clim\u00e0tic, concloent en la urg\u00e8ncia de prendre mesures efectives i rigoroses.<\/p>\n<p>&#8220;Peri\u00f3dico Tribuna Plural&#8221; inclou una \u00e0mplia an\u00e0lisi de <a href=\"https:\/\/raed.academy\/ca\/academics\/dr-pedro-nueno-iniesta\/\" target=\"_blank\" rel=\"noopener noreferrer\"><strong>Pedro Nueno<\/strong><\/a>, titular de la<strong> C\u00e0tedra Fundaci\u00f3 Bertr\u00e1n d&#8217;Iniciativa Empresarial<\/strong> de l&#8217;Escola de Negocis <a href=\"http:\/\/www.iese.edu\" target=\"_blank\" rel=\"noopener noreferrer\"><strong>IESE<\/strong><\/a>, president de l&#8217;<strong>Escola de Negocis Internacional Xina-Europa<\/strong> i acad\u00e8mic de n\u00famero de la Reial Acad\u00e8mia Europea de Doctors -Barcelona 1914 (RAED) sobre el present i el futur de la Xina en l&#8217;economia i el m\u00f3n del futur.<\/p>\n<h3><a href=\"https:\/\/raed.academy\/periodico-tribuna-plural\/\">Tots els n\u00fameros de Peri\u00f3dico Tribuna Plural<\/a><\/h3>\n","protected":false},"excerpt":{"rendered":"<p>La Reial Acad\u00e8mia Europea de Doctors edita el tercer lliurament de &#8220;Peri\u00f3dico Tribuna Plural&#8221; La Reial Acad\u00e8mia Europea de Doctors-Barcelona 1914 (RAED) ha editat el tercer lliurament de &#8220;Peri\u00f3dico Tribuna Plural&#8221;, el seu nou mitj\u00e0 de comunicaci\u00f3 corporatiu que se suma al seu Butllet\u00ed setmanal, a la seva revista cient\u00edfica &#8220;Tribuna Plural&#8221; i a les [&hellip;]<\/p>\n","protected":false},"author":12,"featured_media":87286,"comment_status":"closed","ping_status":"closed","sticky":false,"template":"","format":"standard","meta":{"_et_pb_use_builder":"","_et_pb_old_content":"","_et_gb_content_width":"","footnotes":""},"categories":[72],"tags":[],"class_list":["post-87536","post","type-post","status-publish","format-standard","has-post-thumbnail","hentry","category-uncategorized-ca","et-has-post-format-content","et_post_format-et-post-format-standard"],"yoast_head":"<!-- This site is optimized with the Yoast SEO plugin v27.4 - https:\/\/yoast.com\/product\/yoast-seo-wordpress\/ -->\n<title>Del maltractament a la gent gran al paper de la Xina - Reial Acad\u00e8mia Europea de Doctors<\/title>\n<meta name=\"description\" content=\"La Reial Acad\u00e8mia Europea de Doctors edita el tercer lliurament de &quot;Peri\u00f3dico Tribuna Plural&quot;\" \/>\n<meta name=\"robots\" content=\"index, follow, max-snippet:-1, max-image-preview:large, max-video-preview:-1\" \/>\n<link rel=\"canonical\" href=\"https:\/\/raed.academy\/ca\/del-maltractament-a-la-gent-gran-al-paper-de-la-xina-diari-tribuna-plural\/\" \/>\n<meta property=\"og:locale\" content=\"ca_ES\" \/>\n<meta property=\"og:type\" content=\"article\" \/>\n<meta property=\"og:title\" content=\"Del maltractament a la gent gran al paper de la Xina - Reial Acad\u00e8mia Europea de Doctors\" \/>\n<meta property=\"og:description\" content=\"La Reial Acad\u00e8mia Europea de Doctors edita el tercer lliurament de &quot;Peri\u00f3dico Tribuna Plural&quot;\" \/>\n<meta property=\"og:url\" content=\"https:\/\/raed.academy\/ca\/del-maltractament-a-la-gent-gran-al-paper-de-la-xina-diari-tribuna-plural\/\" \/>\n<meta property=\"og:site_name\" content=\"Reial Acad\u00e8mia Europea de Doctors\" \/>\n<meta property=\"article:publisher\" content=\"http:\/\/fb.me\/raed.academy\" \/>\n<meta property=\"article:published_time\" content=\"2020-02-21T06:43:14+00:00\" \/>\n<meta property=\"article:modified_time\" content=\"2020-02-21T09:51:32+00:00\" \/>\n<meta property=\"og:image\" content=\"https:\/\/raed.academy\/wp-content\/uploads\/2020\/02\/shutt-periodicos-dst.jpg\" \/>\n\t<meta property=\"og:image:width\" content=\"1000\" \/>\n\t<meta property=\"og:image:height\" content=\"420\" \/>\n\t<meta property=\"og:image:type\" content=\"image\/jpeg\" \/>\n<meta name=\"author\" content=\"RAED\" \/>\n<meta name=\"twitter:card\" content=\"summary_large_image\" \/>\n<meta name=\"twitter:creator\" content=\"@raedacademy\" \/>\n<meta name=\"twitter:site\" content=\"@raedacademy\" \/>\n<meta name=\"twitter:label1\" content=\"Written by\" \/>\n\t<meta name=\"twitter:data1\" content=\"RAED\" \/>\n\t<meta name=\"twitter:label2\" content=\"Est. reading time\" \/>\n\t<meta name=\"twitter:data2\" content=\"4 minutes\" \/>\n<script type=\"application\/ld+json\" class=\"yoast-schema-graph\">{\"@context\":\"https:\\\/\\\/schema.org\",\"@graph\":[{\"@type\":\"Article\",\"@id\":\"https:\\\/\\\/raed.academy\\\/ca\\\/del-maltractament-a-la-gent-gran-al-paper-de-la-xina-diari-tribuna-plural\\\/#article\",\"isPartOf\":{\"@id\":\"https:\\\/\\\/raed.academy\\\/ca\\\/del-maltractament-a-la-gent-gran-al-paper-de-la-xina-diari-tribuna-plural\\\/\"},\"author\":{\"name\":\"RAED\",\"@id\":\"https:\\\/\\\/raed.academy\\\/ca\\\/#\\\/schema\\\/person\\\/5a755da80d1d979fd66ba745c8702927\"},\"headline\":\"Del maltractament a la gent gran al paper de la Xina\",\"datePublished\":\"2020-02-21T06:43:14+00:00\",\"dateModified\":\"2020-02-21T09:51:32+00:00\",\"mainEntityOfPage\":{\"@id\":\"https:\\\/\\\/raed.academy\\\/ca\\\/del-maltractament-a-la-gent-gran-al-paper-de-la-xina-diari-tribuna-plural\\\/\"},\"wordCount\":834,\"publisher\":{\"@id\":\"https:\\\/\\\/raed.academy\\\/ca\\\/#organization\"},\"image\":{\"@id\":\"https:\\\/\\\/raed.academy\\\/ca\\\/del-maltractament-a-la-gent-gran-al-paper-de-la-xina-diari-tribuna-plural\\\/#primaryimage\"},\"thumbnailUrl\":\"https:\\\/\\\/raed.academy\\\/wp-content\\\/uploads\\\/2020\\\/02\\\/shutt-periodicos-dst.jpg\",\"articleSection\":[\"Uncategorized @ca\"],\"inLanguage\":\"ca-ES\"},{\"@type\":\"WebPage\",\"@id\":\"https:\\\/\\\/raed.academy\\\/ca\\\/del-maltractament-a-la-gent-gran-al-paper-de-la-xina-diari-tribuna-plural\\\/\",\"url\":\"https:\\\/\\\/raed.academy\\\/ca\\\/del-maltractament-a-la-gent-gran-al-paper-de-la-xina-diari-tribuna-plural\\\/\",\"name\":\"Del maltractament a la gent gran al paper de la Xina - Reial Acad\u00e8mia Europea de Doctors\",\"isPartOf\":{\"@id\":\"https:\\\/\\\/raed.academy\\\/ca\\\/#website\"},\"primaryImageOfPage\":{\"@id\":\"https:\\\/\\\/raed.academy\\\/ca\\\/del-maltractament-a-la-gent-gran-al-paper-de-la-xina-diari-tribuna-plural\\\/#primaryimage\"},\"image\":{\"@id\":\"https:\\\/\\\/raed.academy\\\/ca\\\/del-maltractament-a-la-gent-gran-al-paper-de-la-xina-diari-tribuna-plural\\\/#primaryimage\"},\"thumbnailUrl\":\"https:\\\/\\\/raed.academy\\\/wp-content\\\/uploads\\\/2020\\\/02\\\/shutt-periodicos-dst.jpg\",\"datePublished\":\"2020-02-21T06:43:14+00:00\",\"dateModified\":\"2020-02-21T09:51:32+00:00\",\"description\":\"La Reial Acad\u00e8mia Europea de Doctors edita el tercer lliurament de \\\"Peri\u00f3dico Tribuna Plural\\\"\",\"breadcrumb\":{\"@id\":\"https:\\\/\\\/raed.academy\\\/ca\\\/del-maltractament-a-la-gent-gran-al-paper-de-la-xina-diari-tribuna-plural\\\/#breadcrumb\"},\"inLanguage\":\"ca-ES\",\"potentialAction\":[{\"@type\":\"ReadAction\",\"target\":[\"https:\\\/\\\/raed.academy\\\/ca\\\/del-maltractament-a-la-gent-gran-al-paper-de-la-xina-diari-tribuna-plural\\\/\"]}]},{\"@type\":\"ImageObject\",\"inLanguage\":\"ca-ES\",\"@id\":\"https:\\\/\\\/raed.academy\\\/ca\\\/del-maltractament-a-la-gent-gran-al-paper-de-la-xina-diari-tribuna-plural\\\/#primaryimage\",\"url\":\"https:\\\/\\\/raed.academy\\\/wp-content\\\/uploads\\\/2020\\\/02\\\/shutt-periodicos-dst.jpg\",\"contentUrl\":\"https:\\\/\\\/raed.academy\\\/wp-content\\\/uploads\\\/2020\\\/02\\\/shutt-periodicos-dst.jpg\",\"width\":1000,\"height\":420},{\"@type\":\"BreadcrumbList\",\"@id\":\"https:\\\/\\\/raed.academy\\\/ca\\\/del-maltractament-a-la-gent-gran-al-paper-de-la-xina-diari-tribuna-plural\\\/#breadcrumb\",\"itemListElement\":[{\"@type\":\"ListItem\",\"position\":1,\"name\":\"Inicio\",\"item\":\"https:\\\/\\\/raed.academy\\\/ca\\\/\"},{\"@type\":\"ListItem\",\"position\":2,\"name\":\"Del maltractament a la gent gran al paper de la Xina\"}]},{\"@type\":\"WebSite\",\"@id\":\"https:\\\/\\\/raed.academy\\\/ca\\\/#website\",\"url\":\"https:\\\/\\\/raed.academy\\\/ca\\\/\",\"name\":\"Reial Acad\u00e8mia Europea de Doctors\",\"description\":\"Corporaci\u00f3n de derecho p\u00fablico de car\u00e1cter cient\u00edfico, t\u00e9cnico y art\u00edstico, que tiene por objeto la investigaci\u00f3n, el estudio, el fomento y la extensi\u00f3n del conocimiento en su sentido m\u00e1s amplio\",\"publisher\":{\"@id\":\"https:\\\/\\\/raed.academy\\\/ca\\\/#organization\"},\"potentialAction\":[{\"@type\":\"SearchAction\",\"target\":{\"@type\":\"EntryPoint\",\"urlTemplate\":\"https:\\\/\\\/raed.academy\\\/ca\\\/?s={search_term_string}\"},\"query-input\":{\"@type\":\"PropertyValueSpecification\",\"valueRequired\":true,\"valueName\":\"search_term_string\"}}],\"inLanguage\":\"ca-ES\"},{\"@type\":\"Organization\",\"@id\":\"https:\\\/\\\/raed.academy\\\/ca\\\/#organization\",\"name\":\"Real Academia Europea de Doctores\",\"url\":\"https:\\\/\\\/raed.academy\\\/ca\\\/\",\"logo\":{\"@type\":\"ImageObject\",\"inLanguage\":\"ca-ES\",\"@id\":\"https:\\\/\\\/raed.academy\\\/ca\\\/#\\\/schema\\\/logo\\\/image\\\/\",\"url\":\"https:\\\/\\\/raed.academy\\\/wp-content\\\/uploads\\\/2017\\\/01\\\/cropped-logo_raed.png\",\"contentUrl\":\"https:\\\/\\\/raed.academy\\\/wp-content\\\/uploads\\\/2017\\\/01\\\/cropped-logo_raed.png\",\"width\":512,\"height\":512,\"caption\":\"Real Academia Europea de Doctores\"},\"image\":{\"@id\":\"https:\\\/\\\/raed.academy\\\/ca\\\/#\\\/schema\\\/logo\\\/image\\\/\"},\"sameAs\":[\"http:\\\/\\\/fb.me\\\/raed.academy\",\"https:\\\/\\\/x.com\\\/raedacademy\",\"https:\\\/\\\/www.instagram.com\\\/raed.academy\\\/\",\"https:\\\/\\\/www.youtube.com\\\/channel\\\/UCUYQwW2KrdirNWihxMDObwg\"]},{\"@type\":\"Person\",\"@id\":\"https:\\\/\\\/raed.academy\\\/ca\\\/#\\\/schema\\\/person\\\/5a755da80d1d979fd66ba745c8702927\",\"name\":\"RAED\",\"image\":{\"@type\":\"ImageObject\",\"inLanguage\":\"ca-ES\",\"@id\":\"https:\\\/\\\/secure.gravatar.com\\\/avatar\\\/19fdfdc0d67fb9c45714b703a2ac82251c4fcea3637f002ac3c9b74c0183583c?s=96&d=mm&r=g\",\"url\":\"https:\\\/\\\/secure.gravatar.com\\\/avatar\\\/19fdfdc0d67fb9c45714b703a2ac82251c4fcea3637f002ac3c9b74c0183583c?s=96&d=mm&r=g\",\"contentUrl\":\"https:\\\/\\\/secure.gravatar.com\\\/avatar\\\/19fdfdc0d67fb9c45714b703a2ac82251c4fcea3637f002ac3c9b74c0183583c?s=96&d=mm&r=g\",\"caption\":\"RAED\"}}]}<\/script>\n<!-- \/ Yoast SEO plugin. -->","yoast_head_json":{"title":"Del maltractament a la gent gran al paper de la Xina - Reial Acad\u00e8mia Europea de Doctors","description":"La Reial Acad\u00e8mia Europea de Doctors edita el tercer lliurament de \"Peri\u00f3dico Tribuna Plural\"","robots":{"index":"index","follow":"follow","max-snippet":"max-snippet:-1","max-image-preview":"max-image-preview:large","max-video-preview":"max-video-preview:-1"},"canonical":"https:\/\/raed.academy\/ca\/del-maltractament-a-la-gent-gran-al-paper-de-la-xina-diari-tribuna-plural\/","og_locale":"ca_ES","og_type":"article","og_title":"Del maltractament a la gent gran al paper de la Xina - Reial Acad\u00e8mia Europea de Doctors","og_description":"La Reial Acad\u00e8mia Europea de Doctors edita el tercer lliurament de \"Peri\u00f3dico Tribuna Plural\"","og_url":"https:\/\/raed.academy\/ca\/del-maltractament-a-la-gent-gran-al-paper-de-la-xina-diari-tribuna-plural\/","og_site_name":"Reial Acad\u00e8mia Europea de Doctors","article_publisher":"http:\/\/fb.me\/raed.academy","article_published_time":"2020-02-21T06:43:14+00:00","article_modified_time":"2020-02-21T09:51:32+00:00","og_image":[{"width":1000,"height":420,"url":"https:\/\/raed.academy\/wp-content\/uploads\/2020\/02\/shutt-periodicos-dst.jpg","type":"image\/jpeg"}],"author":"RAED","twitter_card":"summary_large_image","twitter_creator":"@raedacademy","twitter_site":"@raedacademy","twitter_misc":{"Written by":"RAED","Est. reading time":"4 minutes"},"schema":{"@context":"https:\/\/schema.org","@graph":[{"@type":"Article","@id":"https:\/\/raed.academy\/ca\/del-maltractament-a-la-gent-gran-al-paper-de-la-xina-diari-tribuna-plural\/#article","isPartOf":{"@id":"https:\/\/raed.academy\/ca\/del-maltractament-a-la-gent-gran-al-paper-de-la-xina-diari-tribuna-plural\/"},"author":{"name":"RAED","@id":"https:\/\/raed.academy\/ca\/#\/schema\/person\/5a755da80d1d979fd66ba745c8702927"},"headline":"Del maltractament a la gent gran al paper de la Xina","datePublished":"2020-02-21T06:43:14+00:00","dateModified":"2020-02-21T09:51:32+00:00","mainEntityOfPage":{"@id":"https:\/\/raed.academy\/ca\/del-maltractament-a-la-gent-gran-al-paper-de-la-xina-diari-tribuna-plural\/"},"wordCount":834,"publisher":{"@id":"https:\/\/raed.academy\/ca\/#organization"},"image":{"@id":"https:\/\/raed.academy\/ca\/del-maltractament-a-la-gent-gran-al-paper-de-la-xina-diari-tribuna-plural\/#primaryimage"},"thumbnailUrl":"https:\/\/raed.academy\/wp-content\/uploads\/2020\/02\/shutt-periodicos-dst.jpg","articleSection":["Uncategorized @ca"],"inLanguage":"ca-ES"},{"@type":"WebPage","@id":"https:\/\/raed.academy\/ca\/del-maltractament-a-la-gent-gran-al-paper-de-la-xina-diari-tribuna-plural\/","url":"https:\/\/raed.academy\/ca\/del-maltractament-a-la-gent-gran-al-paper-de-la-xina-diari-tribuna-plural\/","name":"Del maltractament a la gent gran al paper de la Xina - Reial Acad\u00e8mia Europea de Doctors","isPartOf":{"@id":"https:\/\/raed.academy\/ca\/#website"},"primaryImageOfPage":{"@id":"https:\/\/raed.academy\/ca\/del-maltractament-a-la-gent-gran-al-paper-de-la-xina-diari-tribuna-plural\/#primaryimage"},"image":{"@id":"https:\/\/raed.academy\/ca\/del-maltractament-a-la-gent-gran-al-paper-de-la-xina-diari-tribuna-plural\/#primaryimage"},"thumbnailUrl":"https:\/\/raed.academy\/wp-content\/uploads\/2020\/02\/shutt-periodicos-dst.jpg","datePublished":"2020-02-21T06:43:14+00:00","dateModified":"2020-02-21T09:51:32+00:00","description":"La Reial Acad\u00e8mia Europea de Doctors edita el tercer lliurament de \"Peri\u00f3dico Tribuna Plural\"","breadcrumb":{"@id":"https:\/\/raed.academy\/ca\/del-maltractament-a-la-gent-gran-al-paper-de-la-xina-diari-tribuna-plural\/#breadcrumb"},"inLanguage":"ca-ES","potentialAction":[{"@type":"ReadAction","target":["https:\/\/raed.academy\/ca\/del-maltractament-a-la-gent-gran-al-paper-de-la-xina-diari-tribuna-plural\/"]}]},{"@type":"ImageObject","inLanguage":"ca-ES","@id":"https:\/\/raed.academy\/ca\/del-maltractament-a-la-gent-gran-al-paper-de-la-xina-diari-tribuna-plural\/#primaryimage","url":"https:\/\/raed.academy\/wp-content\/uploads\/2020\/02\/shutt-periodicos-dst.jpg","contentUrl":"https:\/\/raed.academy\/wp-content\/uploads\/2020\/02\/shutt-periodicos-dst.jpg","width":1000,"height":420},{"@type":"BreadcrumbList","@id":"https:\/\/raed.academy\/ca\/del-maltractament-a-la-gent-gran-al-paper-de-la-xina-diari-tribuna-plural\/#breadcrumb","itemListElement":[{"@type":"ListItem","position":1,"name":"Inicio","item":"https:\/\/raed.academy\/ca\/"},{"@type":"ListItem","position":2,"name":"Del maltractament a la gent gran al paper de la Xina"}]},{"@type":"WebSite","@id":"https:\/\/raed.academy\/ca\/#website","url":"https:\/\/raed.academy\/ca\/","name":"Reial Acad\u00e8mia Europea de Doctors","description":"Corporaci\u00f3n de derecho p\u00fablico de car\u00e1cter cient\u00edfico, t\u00e9cnico y art\u00edstico, que tiene por objeto la investigaci\u00f3n, el estudio, el fomento y la extensi\u00f3n del conocimiento en su sentido m\u00e1s amplio","publisher":{"@id":"https:\/\/raed.academy\/ca\/#organization"},"potentialAction":[{"@type":"SearchAction","target":{"@type":"EntryPoint","urlTemplate":"https:\/\/raed.academy\/ca\/?s={search_term_string}"},"query-input":{"@type":"PropertyValueSpecification","valueRequired":true,"valueName":"search_term_string"}}],"inLanguage":"ca-ES"},{"@type":"Organization","@id":"https:\/\/raed.academy\/ca\/#organization","name":"Real Academia Europea de Doctores","url":"https:\/\/raed.academy\/ca\/","logo":{"@type":"ImageObject","inLanguage":"ca-ES","@id":"https:\/\/raed.academy\/ca\/#\/schema\/logo\/image\/","url":"https:\/\/raed.academy\/wp-content\/uploads\/2017\/01\/cropped-logo_raed.png","contentUrl":"https:\/\/raed.academy\/wp-content\/uploads\/2017\/01\/cropped-logo_raed.png","width":512,"height":512,"caption":"Real Academia Europea de Doctores"},"image":{"@id":"https:\/\/raed.academy\/ca\/#\/schema\/logo\/image\/"},"sameAs":["http:\/\/fb.me\/raed.academy","https:\/\/x.com\/raedacademy","https:\/\/www.instagram.com\/raed.academy\/","https:\/\/www.youtube.com\/channel\/UCUYQwW2KrdirNWihxMDObwg"]},{"@type":"Person","@id":"https:\/\/raed.academy\/ca\/#\/schema\/person\/5a755da80d1d979fd66ba745c8702927","name":"RAED","image":{"@type":"ImageObject","inLanguage":"ca-ES","@id":"https:\/\/secure.gravatar.com\/avatar\/19fdfdc0d67fb9c45714b703a2ac82251c4fcea3637f002ac3c9b74c0183583c?s=96&d=mm&r=g","url":"https:\/\/secure.gravatar.com\/avatar\/19fdfdc0d67fb9c45714b703a2ac82251c4fcea3637f002ac3c9b74c0183583c?s=96&d=mm&r=g","contentUrl":"https:\/\/secure.gravatar.com\/avatar\/19fdfdc0d67fb9c45714b703a2ac82251c4fcea3637f002ac3c9b74c0183583c?s=96&d=mm&r=g","caption":"RAED"}}]}},"_links":{"self":[{"href":"https:\/\/raed.academy\/ca\/wp-json\/wp\/v2\/posts\/87536","targetHints":{"allow":["GET"]}}],"collection":[{"href":"https:\/\/raed.academy\/ca\/wp-json\/wp\/v2\/posts"}],"about":[{"href":"https:\/\/raed.academy\/ca\/wp-json\/wp\/v2\/types\/post"}],"author":[{"embeddable":true,"href":"https:\/\/raed.academy\/ca\/wp-json\/wp\/v2\/users\/12"}],"replies":[{"embeddable":true,"href":"https:\/\/raed.academy\/ca\/wp-json\/wp\/v2\/comments?post=87536"}],"version-history":[{"count":0,"href":"https:\/\/raed.academy\/ca\/wp-json\/wp\/v2\/posts\/87536\/revisions"}],"wp:featuredmedia":[{"embeddable":true,"href":"https:\/\/raed.academy\/ca\/wp-json\/wp\/v2\/media\/87286"}],"wp:attachment":[{"href":"https:\/\/raed.academy\/ca\/wp-json\/wp\/v2\/media?parent=87536"}],"wp:term":[{"taxonomy":"category","embeddable":true,"href":"https:\/\/raed.academy\/ca\/wp-json\/wp\/v2\/categories?post=87536"},{"taxonomy":"post_tag","embeddable":true,"href":"https:\/\/raed.academy\/ca\/wp-json\/wp\/v2\/tags?post=87536"}],"curies":[{"name":"wp","href":"https:\/\/api.w.org\/{rel}","templated":true}]}}